{"id":6117,"date":"2026-07-27T06:12:48","date_gmt":"2026-07-27T09:12:48","guid":{"rendered":"https:\/\/www.encontraminasgerais.com.br\/itabira\/fiat-palio-invade-farmacia-no-bairro-major-lage-em-itabira-mg\/"},"modified":"2026-07-27T06:12:48","modified_gmt":"2026-07-27T09:12:48","slug":"fiat-palio-invade-farmacia-no-bairro-major-lage-em-itabira-mg","status":"publish","type":"post","link":"https:\/\/www.encontraminasgerais.com.br\/itabira\/fiat-palio-invade-farmacia-no-bairro-major-lage-em-itabira-mg\/","title":{"rendered":"Fiat Palio invade farm\u00e1cia no bairro Major Lage, em Itabira (MG)"},"content":{"rendered":"<h2>Contexto do Acidente em Itabira<\/h2>\n<p>Na tarde do dia 25 de julho de 2026, um incidente inusitado ocorreu em Itabira, mais especificamente no bairro Major Lage. Um ve\u00edculo da marca Fiat, modelo Palio, colidiu de forma abrupta contra uma farm\u00e1cia local, situada na Avenida Os\u00f3rio Sampaio. O acontecimento deixou a comunidade local em estado de choque, dada a natureza inesperada do acidente.<\/p>\n<p>Infelizmente, at\u00e9 o fechamento desta reportagem, n\u00e3o havia informa\u00e7\u00f5es concretas sobre poss\u00edveis feridos. Equipes de emerg\u00eancia e autoridades locais foram acionadas para avaliar a situa\u00e7\u00e3o e determinar a extens\u00e3o dos danos causados pelo impacto do ve\u00edculo no estabelecimento e a implica\u00e7\u00e3o para a seguran\u00e7a dos transeuntes e dos funcion\u00e1rios da farm\u00e1cia.<\/p>\n<h2>Rea\u00e7\u00f5es da Comunidade Local<\/h2>\n<p>A comunidade em Itabira expressou preocupa\u00e7\u00e3o e surpresa com o acidente. Moradores e frequentadores da farm\u00e1cia relataram momentos de tens\u00e3o e confus\u00e3o imediatamente ap\u00f3s o impacto. &#8220;Foi tudo muito r\u00e1pido. Escutei um barulho imenso e me virei para ver o carro dentro da farm\u00e1cia&#8221;, disse uma testemunha local, que preferiu n\u00e3o ser identificada.<\/p>\n<p><img decoding=\"async\" src=\"https:\/\/www.encontraminasgerais.com.br\/itabira\/wp-content\/uploads\/2026\/07\/fiat-palio-invade-farmacia-no-bairro-major-lage-em-itabira-mg.webp\" alt=\"Fiat Palio\" loading=\"lazy\" \/><\/p>\n<p>A sensa\u00e7\u00e3o de inseguran\u00e7a permeia as conversas entre os habitantes da regi\u00e3o, que agora se perguntam sobre as medidas de seguran\u00e7a na \u00e1rea e o que poderia ter sido feito para evitar tal incidente.<\/p>\n<h2>Avalia\u00e7\u00e3o das Causas do Acidente<\/h2>\n<p>Um dos aspectos mais cruciais do acidente \u00e9 entender o que realmente levou o carro a invadir a farm\u00e1cia. At\u00e9 o momento, a investiga\u00e7\u00e3o ainda est\u00e1 em est\u00e1gio inicial. Autoridades locais informaram que estar\u00e3o analisando a din\u00e2mica do incidente, incluindo se houve problemas mec\u00e2nicos com o ve\u00edculo ou se o condutor sofreu alguma crise ou apatia que resultou na situa\u00e7\u00e3o. <\/p>\n<p>Elementos como a velocidade do carro e a presen\u00e7a de poss\u00edveis distra\u00e7\u00f5es ao volante ser\u00e3o considerados nas an\u00e1lises. Especialistas em seguran\u00e7a no tr\u00e2nsito destacam que acidentes como este, embora raros, podem acontecer devido a uma combina\u00e7\u00e3o de fatores que devem ser cuidadosamente examinados.<\/p>\n<h2>Seguran\u00e7a no Tr\u00e2nsito: O Que Precisamos Saber<\/h2>\n<p>Em situa\u00e7\u00f5es de acidentes automobil\u00edsticos, \u00e9 fundamental que a seguran\u00e7a no tr\u00e2nsito seja abordada de maneira abrangente. Para motoristas, entender as regras de dire\u00e7\u00e3o, manter a concentra\u00e7\u00e3o e evitar distra\u00e7\u00f5es s\u00e3o passos cruciais para prevenir incidentes semelhantes. Al\u00e9m disso, \u00e9 essencial que os ve\u00edculos passem por manuten\u00e7\u00e3o regular para garantir seu funcionamento adequado e seguro, o que pode prevenir potenciais falhas mec\u00e2nicas.<\/p>\n<p>Outro ponto vital a ser considerado \u00e9 a responsabilidade do munic\u00edpio em garantir que as vias p\u00fablicas estejam em boas condi\u00e7\u00f5es, o que inclui a sinaliza\u00e7\u00e3o adequada e a manuten\u00e7\u00e3o das infraestruturas. Campanhas de conscientiza\u00e7\u00e3o sobre seguran\u00e7a no tr\u00e2nsito tamb\u00e9m s\u00e3o essenciais para educar os cidad\u00e3os sobre os riscos e as responsabilidades ao conduzir um ve\u00edculo.<\/p>\n<h2>Investiga\u00e7\u00e3o das Autoridades Competentes<\/h2>\n<p>As autoridades respons\u00e1veis pela investiga\u00e7\u00e3o do acidente est\u00e3o em contato com os propriet\u00e1rios da farm\u00e1cia e demais testemunhas. O objetivo \u00e9 reunir o m\u00e1ximo de informa\u00e7\u00f5es poss\u00edveis para constituir um relat\u00f3rio preciso sobre o que ocorreu.  <\/p>\n<p>Al\u00e9m disso, imagens de c\u00e2meras de seguran\u00e7a da \u00e1rea devem ser analisadas, pois podem fornecer detalhes adicionais sobre a velocidade e o movimento do ve\u00edculo antes do impacto. Esse tipo de evid\u00eancia \u00e9 fundamental para determinar a causa exata do acidente e a responsabilidade, se houver.<\/p>\n<h2>Impactos na Farm\u00e1cia Atingida<\/h2>\n<p>Os danos causados \u00e0 farm\u00e1cia s\u00e3o uma preocupa\u00e7\u00e3o majorit\u00e1ria. O impacto do Fiat Palio danificou n\u00e3o apenas a estrutura f\u00edsica do local, mas tamb\u00e9m interrompeu o atendimento ao p\u00fablico. Os propriet\u00e1rios do estabelecimento enfrentaram a obriga\u00e7\u00e3o de fechar temporariamente suas portas para avaliar os danos e realizar reparos. Isso acarreta preju\u00edzos financeiros, al\u00e9m de impactar a confian\u00e7a dos clientes.<\/p>\n<p>A recupera\u00e7\u00e3o do espa\u00e7o afetado ser\u00e1 um processo que exigir\u00e1 n\u00e3o apenas a repara\u00e7\u00e3o f\u00edsica, mas tamb\u00e9m um esfor\u00e7o para reconquistar a clientela. Comunicar efetivamente a situa\u00e7\u00e3o e assegurar aos clientes a seguran\u00e7a do espa\u00e7o ser\u00e1 crucial para o retorno \u00e0s opera\u00e7\u00f5es normais.<\/p>\n<h2>Medidas de Seguran\u00e7a Propostas<\/h2>\n<p>Ap\u00f3s a ocorr\u00eancia do incidente, surge a necessidade de discutir medidas de seguran\u00e7a para evitar que novos acidentes ocorram. Entre as sugest\u00f5es est\u00e3o: a instala\u00e7\u00e3o de barreiras de seguran\u00e7a em \u00e1reas vulner\u00e1veis, campanhas informativas sobre dire\u00e7\u00e3o defensiva e um monitoramento mais rigoroso do tr\u00e1fego local para identificar padr\u00f5es de comportamento arriscados.<\/p>\n<p>Al\u00e9m disso, \u00e9 imperativo que haja uma coopera\u00e7\u00e3o entre comerciantes locais e autoridades de tr\u00e2nsito para desenvolver solu\u00e7\u00f5es eficazes que promovam seguran\u00e7a para motoristas e pedestres. Estabelecer tais parcerias contribuir\u00e1 para um ambiente vi\u00e1rio mais seguro.<\/p>\n<h2>Depoimentos de Testemunhas<\/h2>\n<p>Os relatos de testemunhas s\u00e3o valiosos para entender a situa\u00e7\u00e3o com clareza. Muitas pessoas que estavam na farm\u00e1cia na hora do incidente descreveram momentos de p\u00e2nico. Uma cliente presente no local descreveu: &#8220;Eu estava comprando um rem\u00e9dio quando ouvi um barulho ensurdecedor e vi o carro entrando. Foi um susto que n\u00e3o conseguirei esquecer nunca.&#8221; Outra testemunha relatou que o motorista parecia desorientado antes do acidente, o que levanta perguntas sobre a condi\u00e7\u00e3o de quem estava ao volante. <\/p>\n<h2>A Import\u00e2ncia da Conscientiza\u00e7\u00e3o no Tr\u00e2nsito<\/h2>\n<p>A conscientiza\u00e7\u00e3o no tr\u00e2nsito \u00e9 fundamental para garantir a seguran\u00e7a de todos. \u00c9 vital que motoristas, ciclistas e pedestres estejam cientes dos riscos e das responsabilidades que t\u00eam ao compartilhar o espa\u00e7o urbano. Campanhas que enfatizam a import\u00e2ncia do respeito \u00e0s regras de tr\u00e2nsito, limites de velocidade e aten\u00e7\u00e3o \u00e0s sinaliza\u00e7\u00f5es podem mudar atitudes e comportamentos, reduzindo assim a possibilidade de acidentes.<\/p>\n<p>Al\u00e9m disso, promover a educa\u00e7\u00e3o continuada sobre dire\u00e7\u00e3o respons\u00e1vel nas escolas e comunidades \u00e9 essencial para formar uma cultura de respeito e seguran\u00e7a em rela\u00e7\u00e3o \u00e0 mobilidade urbana.<\/p>\n<h2>O Futuro da Mobilidade Urbana em Itabira<\/h2>\n<p>Com o crescente aumento no n\u00famero de ve\u00edculos nas cidades, torna-se necess\u00e1rio repensar a mobilidade urbana. No caso de Itabira, projetos que ampliem a infraestrutura existente e melhorem o controle do tr\u00e1fego devem ser considerados como prioridade. Medidas como corredores exclusivos para \u00f4nibus, faixas de pedestre elevadas e \u00e1reas de desacelera\u00e7\u00e3o podem proporcionar maior seguran\u00e7a e fluidez nas vias. <\/p>\n<p>Um pensamento inovador pode incluir tamb\u00e9m a integra\u00e7\u00e3o de tecnologias, como aplicativos de monitoramento de tr\u00e1fego e sistemas de alerta para que os motoristas tenham informa\u00e7\u00f5es em tempo real sobre as condi\u00e7\u00f5es das vias. A promo\u00e7\u00e3o de uma mobilidade que priorize a seguran\u00e7a e efici\u00eancia deve ser a prioridade nas discuss\u00f5es sobre o futuro da cidade.<\/p>\n","protected":false},"excerpt":{"rendered":"<p>Fiat Palio causa confus\u00e3o ao invadir farm\u00e1cia em Itabira (MG).<\/p>\n","protected":false},"author":1,"featured_media":6116,"comment_status":"open","ping_status":"open","sticky":false,"template":"","format":"standard","meta":{"footnotes":""},"categories":[5],"tags":[],"class_list":["post-6117","post","type-post","status-publish","format-standard","has-post-thumbnail","hentry","category-noticias","has_thumb"],"yoast_head":"<!-- This site is optimized with the Yoast SEO plugin v28.1 - https:\/\/yoast.com\/product\/yoast-seo-wordpress\/ -->\n<title>Fiat Palio invade farm\u00e1cia no bairro Major Lage, em Itabira (MG) | Guia Comercial de Itabira MG<\/title>\n<meta name=\"robots\" content=\"index, follow, max-snippet:-1, max-image-preview:large, max-video-preview:-1\" \/>\n<link rel=\"canonical\" href=\"https:\/\/www.encontraminasgerais.com.br\/itabira\/fiat-palio-invade-farmacia-no-bairro-major-lage-em-itabira-mg\/\" \/>\n<meta property=\"og:locale\" content=\"pt_BR\" \/>\n<meta property=\"og:type\" content=\"article\" \/>\n<meta property=\"og:title\" content=\"Fiat Palio invade farm\u00e1cia no bairro Major Lage, em Itabira (MG) | Guia Comercial de Itabira MG\" \/>\n<meta property=\"og:description\" content=\"Fiat Palio causa confus\u00e3o ao invadir farm\u00e1cia em Itabira (MG).\" \/>\n<meta property=\"og:url\" content=\"https:\/\/www.encontraminasgerais.com.br\/itabira\/fiat-palio-invade-farmacia-no-bairro-major-lage-em-itabira-mg\/\" \/>\n<meta property=\"og:site_name\" content=\"Guia Comercial de Itabira MG\" \/>\n<meta property=\"article:published_time\" content=\"2026-07-27T09:12:48+00:00\" \/>\n<meta property=\"og:image\" content=\"https:\/\/www.encontraminasgerais.com.br\/itabira\/wp-content\/uploads\/2026\/07\/fiat-palio-invade-farmacia-no-bairro-major-lage-em-itabira-mg.webp\" \/>\n<meta name=\"author\" content=\"Encontra Itabira\" \/>\n<meta name=\"twitter:card\" content=\"summary_large_image\" \/>\n<meta name=\"twitter:label1\" content=\"Escrito por\" \/>\n\t<meta name=\"twitter:data1\" content=\"Encontra Itabira\" \/>\n\t<meta name=\"twitter:label2\" content=\"Est. tempo de leitura\" \/>\n\t<meta name=\"twitter:data2\" content=\"6 minutos\" \/>\n<script type=\"application\/ld+json\" class=\"yoast-schema-graph\">{\"@context\":\"https:\\\/\\\/schema.org\",\"@graph\":[{\"@type\":\"Article\",\"@id\":\"https:\\\/\\\/www.encontraminasgerais.com.br\\\/itabira\\\/fiat-palio-invade-farmacia-no-bairro-major-lage-em-itabira-mg\\\/#article\",\"isPartOf\":{\"@id\":\"https:\\\/\\\/www.encontraminasgerais.com.br\\\/itabira\\\/fiat-palio-invade-farmacia-no-bairro-major-lage-em-itabira-mg\\\/\"},\"author\":{\"name\":\"Encontra Itabira\",\"@id\":\"https:\\\/\\\/www.encontraminasgerais.com.br\\\/itabira\\\/#\\\/schema\\\/person\\\/9ae8a8f5ce59322c92e2499b550870b0\"},\"headline\":\"Fiat Palio invade farm\u00e1cia no bairro Major Lage, em Itabira (MG)\",\"datePublished\":\"2026-07-27T09:12:48+00:00\",\"mainEntityOfPage\":{\"@id\":\"https:\\\/\\\/www.encontraminasgerais.com.br\\\/itabira\\\/fiat-palio-invade-farmacia-no-bairro-major-lage-em-itabira-mg\\\/\"},\"wordCount\":1185,\"commentCount\":0,\"image\":{\"@id\":\"https:\\\/\\\/www.encontraminasgerais.com.br\\\/itabira\\\/fiat-palio-invade-farmacia-no-bairro-major-lage-em-itabira-mg\\\/#primaryimage\"},\"thumbnailUrl\":\"https:\\\/\\\/www.encontraminasgerais.com.br\\\/itabira\\\/wp-content\\\/uploads\\\/2026\\\/07\\\/fiat-palio-invade-farmacia-no-bairro-major-lage-em-itabira-mg.webp\",\"articleSection\":[\"Not\u00edcias Itabira\"],\"inLanguage\":\"pt-BR\",\"potentialAction\":[{\"@type\":\"CommentAction\",\"name\":\"Comment\",\"target\":[\"https:\\\/\\\/www.encontraminasgerais.com.br\\\/itabira\\\/fiat-palio-invade-farmacia-no-bairro-major-lage-em-itabira-mg\\\/#respond\"]}]},{\"@type\":\"WebPage\",\"@id\":\"https:\\\/\\\/www.encontraminasgerais.com.br\\\/itabira\\\/fiat-palio-invade-farmacia-no-bairro-major-lage-em-itabira-mg\\\/\",\"url\":\"https:\\\/\\\/www.encontraminasgerais.com.br\\\/itabira\\\/fiat-palio-invade-farmacia-no-bairro-major-lage-em-itabira-mg\\\/\",\"name\":\"Fiat Palio invade farm\u00e1cia no bairro Major Lage, em Itabira (MG) | Guia Comercial de Itabira MG\",\"isPartOf\":{\"@id\":\"https:\\\/\\\/www.encontraminasgerais.com.br\\\/itabira\\\/#website\"},\"primaryImageOfPage\":{\"@id\":\"https:\\\/\\\/www.encontraminasgerais.com.br\\\/itabira\\\/fiat-palio-invade-farmacia-no-bairro-major-lage-em-itabira-mg\\\/#primaryimage\"},\"image\":{\"@id\":\"https:\\\/\\\/www.encontraminasgerais.com.br\\\/itabira\\\/fiat-palio-invade-farmacia-no-bairro-major-lage-em-itabira-mg\\\/#primaryimage\"},\"thumbnailUrl\":\"https:\\\/\\\/www.encontraminasgerais.com.br\\\/itabira\\\/wp-content\\\/uploads\\\/2026\\\/07\\\/fiat-palio-invade-farmacia-no-bairro-major-lage-em-itabira-mg.webp\",\"datePublished\":\"2026-07-27T09:12:48+00:00\",\"author\":{\"@id\":\"https:\\\/\\\/www.encontraminasgerais.com.br\\\/itabira\\\/#\\\/schema\\\/person\\\/9ae8a8f5ce59322c92e2499b550870b0\"},\"inLanguage\":\"pt-BR\",\"potentialAction\":[{\"@type\":\"ReadAction\",\"target\":[\"https:\\\/\\\/www.encontraminasgerais.com.br\\\/itabira\\\/fiat-palio-invade-farmacia-no-bairro-major-lage-em-itabira-mg\\\/\"]}]},{\"@type\":\"ImageObject\",\"inLanguage\":\"pt-BR\",\"@id\":\"https:\\\/\\\/www.encontraminasgerais.com.br\\\/itabira\\\/fiat-palio-invade-farmacia-no-bairro-major-lage-em-itabira-mg\\\/#primaryimage\",\"url\":\"https:\\\/\\\/www.encontraminasgerais.com.br\\\/itabira\\\/wp-content\\\/uploads\\\/2026\\\/07\\\/fiat-palio-invade-farmacia-no-bairro-major-lage-em-itabira-mg.webp\",\"contentUrl\":\"https:\\\/\\\/www.encontraminasgerais.com.br\\\/itabira\\\/wp-content\\\/uploads\\\/2026\\\/07\\\/fiat-palio-invade-farmacia-no-bairro-major-lage-em-itabira-mg.webp\",\"width\":280,\"height\":280,\"caption\":\"Fiat Palio\"},{\"@type\":\"WebSite\",\"@id\":\"https:\\\/\\\/www.encontraminasgerais.com.br\\\/itabira\\\/#website\",\"url\":\"https:\\\/\\\/www.encontraminasgerais.com.br\\\/itabira\\\/\",\"name\":\"Guia Comercial de Itabira MG\",\"description\":\"ENCONTRA ITABIRA - O guia comercial de neg\u00f3cios e empresas, cultura e divers\u00e3o na cidade de Itabira. Feito 100% para voc\u00ea morador!\",\"potentialAction\":[{\"@type\":\"SearchAction\",\"target\":{\"@type\":\"EntryPoint\",\"urlTemplate\":\"https:\\\/\\\/www.encontraminasgerais.com.br\\\/itabira\\\/?s={search_term_string}\"},\"query-input\":{\"@type\":\"PropertyValueSpecification\",\"valueRequired\":true,\"valueName\":\"search_term_string\"}}],\"inLanguage\":\"pt-BR\"},{\"@type\":\"Person\",\"@id\":\"https:\\\/\\\/www.encontraminasgerais.com.br\\\/itabira\\\/#\\\/schema\\\/person\\\/9ae8a8f5ce59322c92e2499b550870b0\",\"name\":\"Encontra Itabira\",\"image\":{\"@type\":\"ImageObject\",\"inLanguage\":\"pt-BR\",\"@id\":\"https:\\\/\\\/secure.gravatar.com\\\/avatar\\\/c50c17820bcf322f0a8fd6b110b8c0918141409dc69076470f6fca5fee70a5d4?s=96&d=mm&r=g\",\"url\":\"https:\\\/\\\/secure.gravatar.com\\\/avatar\\\/c50c17820bcf322f0a8fd6b110b8c0918141409dc69076470f6fca5fee70a5d4?s=96&d=mm&r=g\",\"contentUrl\":\"https:\\\/\\\/secure.gravatar.com\\\/avatar\\\/c50c17820bcf322f0a8fd6b110b8c0918141409dc69076470f6fca5fee70a5d4?s=96&d=mm&r=g\",\"caption\":\"Encontra Itabira\"},\"url\":\"https:\\\/\\\/www.encontraminasgerais.com.br\\\/itabira\\\/author\\\/encontraitabira\\\/\"}]}<\/script>\n<!-- \/ Yoast SEO plugin. -->","yoast_head_json":{"title":"Fiat Palio invade farm\u00e1cia no bairro Major Lage, em Itabira (MG) | Guia Comercial de Itabira MG","robots":{"index":"index","follow":"follow","max-snippet":"max-snippet:-1","max-image-preview":"max-image-preview:large","max-video-preview":"max-video-preview:-1"},"canonical":"https:\/\/www.encontraminasgerais.com.br\/itabira\/fiat-palio-invade-farmacia-no-bairro-major-lage-em-itabira-mg\/","og_locale":"pt_BR","og_type":"article","og_title":"Fiat Palio invade farm\u00e1cia no bairro Major Lage, em Itabira (MG) | Guia Comercial de Itabira MG","og_description":"Fiat Palio causa confus\u00e3o ao invadir farm\u00e1cia em Itabira (MG).","og_url":"https:\/\/www.encontraminasgerais.com.br\/itabira\/fiat-palio-invade-farmacia-no-bairro-major-lage-em-itabira-mg\/","og_site_name":"Guia Comercial de Itabira MG","article_published_time":"2026-07-27T09:12:48+00:00","og_image":[{"url":"https:\/\/www.encontraminasgerais.com.br\/itabira\/wp-content\/uploads\/2026\/07\/fiat-palio-invade-farmacia-no-bairro-major-lage-em-itabira-mg.webp","type":"","width":"","height":""}],"author":"Encontra Itabira","twitter_card":"summary_large_image","twitter_misc":{"Escrito por":"Encontra Itabira","Est. tempo de leitura":"6 minutos"},"schema":{"@context":"https:\/\/schema.org","@graph":[{"@type":"Article","@id":"https:\/\/www.encontraminasgerais.com.br\/itabira\/fiat-palio-invade-farmacia-no-bairro-major-lage-em-itabira-mg\/#article","isPartOf":{"@id":"https:\/\/www.encontraminasgerais.com.br\/itabira\/fiat-palio-invade-farmacia-no-bairro-major-lage-em-itabira-mg\/"},"author":{"name":"Encontra Itabira","@id":"https:\/\/www.encontraminasgerais.com.br\/itabira\/#\/schema\/person\/9ae8a8f5ce59322c92e2499b550870b0"},"headline":"Fiat Palio invade farm\u00e1cia no bairro Major Lage, em Itabira (MG)","datePublished":"2026-07-27T09:12:48+00:00","mainEntityOfPage":{"@id":"https:\/\/www.encontraminasgerais.com.br\/itabira\/fiat-palio-invade-farmacia-no-bairro-major-lage-em-itabira-mg\/"},"wordCount":1185,"commentCount":0,"image":{"@id":"https:\/\/www.encontraminasgerais.com.br\/itabira\/fiat-palio-invade-farmacia-no-bairro-major-lage-em-itabira-mg\/#primaryimage"},"thumbnailUrl":"https:\/\/www.encontraminasgerais.com.br\/itabira\/wp-content\/uploads\/2026\/07\/fiat-palio-invade-farmacia-no-bairro-major-lage-em-itabira-mg.webp","articleSection":["Not\u00edcias Itabira"],"inLanguage":"pt-BR","potentialAction":[{"@type":"CommentAction","name":"Comment","target":["https:\/\/www.encontraminasgerais.com.br\/itabira\/fiat-palio-invade-farmacia-no-bairro-major-lage-em-itabira-mg\/#respond"]}]},{"@type":"WebPage","@id":"https:\/\/www.encontraminasgerais.com.br\/itabira\/fiat-palio-invade-farmacia-no-bairro-major-lage-em-itabira-mg\/","url":"https:\/\/www.encontraminasgerais.com.br\/itabira\/fiat-palio-invade-farmacia-no-bairro-major-lage-em-itabira-mg\/","name":"Fiat Palio invade farm\u00e1cia no bairro Major Lage, em Itabira (MG) | Guia Comercial de Itabira MG","isPartOf":{"@id":"https:\/\/www.encontraminasgerais.com.br\/itabira\/#website"},"primaryImageOfPage":{"@id":"https:\/\/www.encontraminasgerais.com.br\/itabira\/fiat-palio-invade-farmacia-no-bairro-major-lage-em-itabira-mg\/#primaryimage"},"image":{"@id":"https:\/\/www.encontraminasgerais.com.br\/itabira\/fiat-palio-invade-farmacia-no-bairro-major-lage-em-itabira-mg\/#primaryimage"},"thumbnailUrl":"https:\/\/www.encontraminasgerais.com.br\/itabira\/wp-content\/uploads\/2026\/07\/fiat-palio-invade-farmacia-no-bairro-major-lage-em-itabira-mg.webp","datePublished":"2026-07-27T09:12:48+00:00","author":{"@id":"https:\/\/www.encontraminasgerais.com.br\/itabira\/#\/schema\/person\/9ae8a8f5ce59322c92e2499b550870b0"},"inLanguage":"pt-BR","potentialAction":[{"@type":"ReadAction","target":["https:\/\/www.encontraminasgerais.com.br\/itabira\/fiat-palio-invade-farmacia-no-bairro-major-lage-em-itabira-mg\/"]}]},{"@type":"ImageObject","inLanguage":"pt-BR","@id":"https:\/\/www.encontraminasgerais.com.br\/itabira\/fiat-palio-invade-farmacia-no-bairro-major-lage-em-itabira-mg\/#primaryimage","url":"https:\/\/www.encontraminasgerais.com.br\/itabira\/wp-content\/uploads\/2026\/07\/fiat-palio-invade-farmacia-no-bairro-major-lage-em-itabira-mg.webp","contentUrl":"https:\/\/www.encontraminasgerais.com.br\/itabira\/wp-content\/uploads\/2026\/07\/fiat-palio-invade-farmacia-no-bairro-major-lage-em-itabira-mg.webp","width":280,"height":280,"caption":"Fiat Palio"},{"@type":"WebSite","@id":"https:\/\/www.encontraminasgerais.com.br\/itabira\/#website","url":"https:\/\/www.encontraminasgerais.com.br\/itabira\/","name":"Guia Comercial de Itabira MG","description":"ENCONTRA ITABIRA - O guia comercial de neg\u00f3cios e empresas, cultura e divers\u00e3o na cidade de Itabira. Feito 100% para voc\u00ea morador!","potentialAction":[{"@type":"SearchAction","target":{"@type":"EntryPoint","urlTemplate":"https:\/\/www.encontraminasgerais.com.br\/itabira\/?s={search_term_string}"},"query-input":{"@type":"PropertyValueSpecification","valueRequired":true,"valueName":"search_term_string"}}],"inLanguage":"pt-BR"},{"@type":"Person","@id":"https:\/\/www.encontraminasgerais.com.br\/itabira\/#\/schema\/person\/9ae8a8f5ce59322c92e2499b550870b0","name":"Encontra Itabira","image":{"@type":"ImageObject","inLanguage":"pt-BR","@id":"https:\/\/secure.gravatar.com\/avatar\/c50c17820bcf322f0a8fd6b110b8c0918141409dc69076470f6fca5fee70a5d4?s=96&d=mm&r=g","url":"https:\/\/secure.gravatar.com\/avatar\/c50c17820bcf322f0a8fd6b110b8c0918141409dc69076470f6fca5fee70a5d4?s=96&d=mm&r=g","contentUrl":"https:\/\/secure.gravatar.com\/avatar\/c50c17820bcf322f0a8fd6b110b8c0918141409dc69076470f6fca5fee70a5d4?s=96&d=mm&r=g","caption":"Encontra Itabira"},"url":"https:\/\/www.encontraminasgerais.com.br\/itabira\/author\/encontraitabira\/"}]}},"_links":{"self":[{"href":"https:\/\/www.encontraminasgerais.com.br\/itabira\/wp-json\/wp\/v2\/posts\/6117","targetHints":{"allow":["GET"]}}],"collection":[{"href":"https:\/\/www.encontraminasgerais.com.br\/itabira\/wp-json\/wp\/v2\/posts"}],"about":[{"href":"https:\/\/www.encontraminasgerais.com.br\/itabira\/wp-json\/wp\/v2\/types\/post"}],"author":[{"embeddable":true,"href":"https:\/\/www.encontraminasgerais.com.br\/itabira\/wp-json\/wp\/v2\/users\/1"}],"replies":[{"embeddable":true,"href":"https:\/\/www.encontraminasgerais.com.br\/itabira\/wp-json\/wp\/v2\/comments?post=6117"}],"version-history":[{"count":0,"href":"https:\/\/www.encontraminasgerais.com.br\/itabira\/wp-json\/wp\/v2\/posts\/6117\/revisions"}],"wp:featuredmedia":[{"embeddable":true,"href":"https:\/\/www.encontraminasgerais.com.br\/itabira\/wp-json\/wp\/v2\/media\/6116"}],"wp:attachment":[{"href":"https:\/\/www.encontraminasgerais.com.br\/itabira\/wp-json\/wp\/v2\/media?parent=6117"}],"wp:term":[{"taxonomy":"category","embeddable":true,"href":"https:\/\/www.encontraminasgerais.com.br\/itabira\/wp-json\/wp\/v2\/categories?post=6117"},{"taxonomy":"post_tag","embeddable":true,"href":"https:\/\/www.encontraminasgerais.com.br\/itabira\/wp-json\/wp\/v2\/tags?post=6117"}],"curies":[{"name":"wp","href":"https:\/\/api.w.org\/{rel}","templated":true}]}}