{"id":6119,"date":"2026-07-28T09:02:15","date_gmt":"2026-07-28T12:02:15","guid":{"rendered":"https:\/\/www.encontraminasgerais.com.br\/itabira\/26-de-julho-no-futebol\/"},"modified":"2026-07-28T09:02:15","modified_gmt":"2026-07-28T12:02:15","slug":"26-de-julho-no-futebol","status":"publish","type":"post","link":"https:\/\/www.encontraminasgerais.com.br\/itabira\/26-de-julho-no-futebol\/","title":{"rendered":"26 de Julho no Futebol"},"content":{"rendered":"<h2>O que ocorreu no dia 26 de julho no mundo do futebol?<\/h2>\n<p>O dia 26 de julho guarda momentos significativos na hist\u00f3ria do futebol. Esta data \u00e9 lembrada por marcar o nascimento e a partida de grandes nomes do esporte, bem como eventos que moldaram a trajet\u00f3ria do futebol brasileiro.<\/p>\n<h2>Um Olhar Sobre os Nascimentos de \u00cdcones<\/h2>\n<p>Em 1931, nasceu Tel\u00ea Santana, uma figura emblem\u00e1tica tanto como jogador quanto como treinador. Ele come\u00e7ou sua carreira no Fluminense na d\u00e9cada de 1950 e se destacou como atacante, conquistando o t\u00edtulo de campe\u00e3o carioca em 1951 e 1959. Sua trajet\u00f3ria continuou a brilhar como t\u00e9cnico, onde levou o S\u00e3o Paulo a conquistar a Libertadores e o Mundial Interclubes em 1992 e 1993.<\/p>\n<p>Outro \u00edcone que veio ao mundo neste dia foi Nelsinho, nascido em 1950. Ele foi parte fundamental da sele\u00e7\u00e3o brasileira, atuando como lateral na Copa do Mundo de 1978. Al\u00e9m disso, Nelsinho deixou sua marca em campeonatos estaduais ao ser campe\u00e3o mineiro por duas das maiores equipes do estado, Atl\u00e9tico-MG e Cruzeiro.<\/p>\n<p><img decoding=\"async\" src=\"https:\/\/www.encontraminasgerais.com.br\/itabira\/wp-content\/uploads\/2026\/07\/26-de-julho-no-futebol.webp\" alt=\"26 de Julho no Futebol\" loading=\"lazy\" \/><\/p>\n<h2>As Conquistas de Tel\u00ea Santana<\/h2>\n<p>Tel\u00ea Santana \u00e9 lembrado n\u00e3o apenas por suas conquistas em clubes, mas tamb\u00e9m pelo papel que desempenhou na sele\u00e7\u00e3o brasileira. Como treinador, Tel\u00ea deixou um legado que ainda \u00e9 reverenciado no pa\u00eds. Suas estrat\u00e9gias e estilo de jogo influenciaram gera\u00e7\u00f5es de jogadores e treinadores.<\/p>\n<p>Ele comandou a sele\u00e7\u00e3o em duas Copas do Mundo (1982 e 1986), trazendo um futebol arte ao cen\u00e1rio mundial, o que alimentou a paix\u00e3o dos torcedores e solidificou sua posi\u00e7\u00e3o como um dos grandes do futebol brasileiro.<\/p>\n<h2>Legado de Nelsinho na Sele\u00e7\u00e3o Brasileira<\/h2>\n<p>Nelsinho n\u00e3o era apenas um jogador talentoso, mas tamb\u00e9m um exemplo de dedica\u00e7\u00e3o. Sua experi\u00eancia na sele\u00e7\u00e3o \u00e9 inspira\u00e7\u00e3o para muitos jovens jogadores brasileiros que aspiram a representar seu pa\u00eds em competi\u00e7\u00f5es internacionais, destacando o valor do comprometimento e trabalho em equipe.<\/p>\n<h2>Despedida de Aymor\u00e9 Moreira: Um Grande T\u00e9cnico<\/h2>\n<p>Em 1998, o mundo do futebol lamentou a perda de Aymor\u00e9 Moreira, que faleceu aos 86 anos. Aymor\u00e9 \u00e9 lembrado como um dos grandes t\u00e9cnicos da sele\u00e7\u00e3o brasileira, tendo levado o Brasil \u00e0 conquista da Copa do Mundo em 1962. Sua vis\u00e3o e filosofia de jogo deixaram um legado que ainda \u00e9 estudado por treinadores e admiradores do esporte.<\/p>\n<p>Seu estilo de gest\u00e3o e a capacidade de instigar o melhor de seus jogadores s\u00e3o caracter\u00edsticas que marcaram sua carreira, e que continuam a inspirar muitos no cen\u00e1rio esportivo.<\/p>\n<h2>Datas Marcantes do Futebol Brasileiro<\/h2>\n<p>O dia 26 de julho \u00e9 recheado de mem\u00f3ria e hist\u00f3ria no futebol nacional. Al\u00e9m dos anivers\u00e1rios de grandes personagens e a despedida de Aymor\u00e9 Moreira, essa data simboliza a import\u00e2ncia da hist\u00f3ria no contexto do esporte. Cada bifurca\u00e7\u00e3o nessa trajet\u00f3ria molda a cultura e a identidade do futebol brasileiro.<\/p>\n<h2>Hist\u00f3rias que Inspiram Novas Gera\u00e7\u00f5es<\/h2>\n<p>As narrativas de Tel\u00ea, Nelsinho e Aymor\u00e9 s\u00e3o apenas algumas das muitas que moldaram o futebol brasileiro. Elas servem de incentivo para novos talentos e entrenadores, mostrando que o esporte \u00e9 muito mais do que um simples jogo; \u00e9 uma paix\u00e3o enraizada nas vidas de bilh\u00f5es de pessoas.<\/p>\n<h2>O Impacto dos Treinadores na Hist\u00f3ria<\/h2>\n<p>Sem d\u00favida, os treinadores desempenham um papel vital na forma\u00e7\u00e3o e condu\u00e7\u00e3o das equipes. A influ\u00eancia de figuras como Tel\u00ea e Aymor\u00e9 \u00e9 evidente em como as pr\u00f3ximas gera\u00e7\u00f5es de t\u00e9cnicos abordam o jogo, transmitindo conceitos e t\u00e1ticas que s\u00e3o a base do futebol moderno.<\/p>\n<h2>Futebol: Uma Parte da Cultura Brasileira<\/h2>\n<p>O futebol \u00e9 um retrato da sociedade brasileira, refletindo suas alegrias, desafios e triunfos. As datas hist\u00f3ricas, como 26 de julho, s\u00e3o comemoradas n\u00e3o apenas no campo, mas tamb\u00e9m nas mem\u00f3rias e conversas familiares, mantendo a chama da paix\u00e3o pelo esporte viva.<\/p>\n<h2>Celebra\u00e7\u00f5es e Comemora\u00e7\u00f5es do Dia 26 de Julho<\/h2>\n<p>O dia em que \u00edcones nasceram e partiram \u00e9 frequentemente lembrado em eventos especializados, nas redes sociais e nos meios de comunica\u00e7\u00e3o, onde os torcedores celebram o legado deixado por esses profissionais. Essa data se tornou uma ocasi\u00e3o para homenagear a contribui\u00e7\u00e3o dessas personalidades para o futebol e para a cultura brasileira.<\/p>\n<h2>A Import\u00e2ncia de Recordar o Passado do Futebol<\/h2>\n<p>Olhar para o passado \u00e9 fundamental para entender o presente e moldar o futuro do futebol. Cada hist\u00f3ria, aprendizado e conquista deve ser preservado e celebrado, garantindo que as novas gera\u00e7\u00f5es compreendam a riqueza da tradi\u00e7\u00e3o do futebol e se inspirem para criar suas pr\u00f3prias hist\u00f3rias.<\/p>\n","protected":false},"excerpt":{"rendered":"<p>26 de Julho no Futebol traz hist\u00f3rias inspiradoras de grandes \u00edcones do esporte.<\/p>\n","protected":false},"author":1,"featured_media":6118,"comment_status":"open","ping_status":"open","sticky":false,"template":"","format":"standard","meta":{"footnotes":""},"categories":[5],"tags":[],"class_list":["post-6119","post","type-post","status-publish","format-standard","has-post-thumbnail","hentry","category-noticias","has_thumb"],"yoast_head":"<!-- This site is optimized with the Yoast SEO plugin v28.1 - https:\/\/yoast.com\/product\/yoast-seo-wordpress\/ -->\n<title>26 de Julho no Futebol | Guia Comercial de Itabira MG<\/title>\n<meta name=\"robots\" content=\"index, follow, max-snippet:-1, max-image-preview:large, max-video-preview:-1\" \/>\n<link rel=\"canonical\" href=\"https:\/\/www.encontraminasgerais.com.br\/itabira\/26-de-julho-no-futebol\/\" \/>\n<meta property=\"og:locale\" content=\"pt_BR\" \/>\n<meta property=\"og:type\" content=\"article\" \/>\n<meta property=\"og:title\" content=\"26 de Julho no Futebol | Guia Comercial de Itabira MG\" \/>\n<meta property=\"og:description\" content=\"26 de Julho no Futebol traz hist\u00f3rias inspiradoras de grandes \u00edcones do esporte.\" \/>\n<meta property=\"og:url\" content=\"https:\/\/www.encontraminasgerais.com.br\/itabira\/26-de-julho-no-futebol\/\" \/>\n<meta property=\"og:site_name\" content=\"Guia Comercial de Itabira MG\" \/>\n<meta property=\"article:published_time\" content=\"2026-07-28T12:02:15+00:00\" \/>\n<meta property=\"og:image\" content=\"https:\/\/www.encontraminasgerais.com.br\/itabira\/wp-content\/uploads\/2026\/07\/26-de-julho-no-futebol.webp\" \/>\n<meta name=\"author\" content=\"Encontra Itabira\" \/>\n<meta name=\"twitter:card\" content=\"summary_large_image\" \/>\n<meta name=\"twitter:label1\" content=\"Escrito por\" \/>\n\t<meta name=\"twitter:data1\" content=\"Encontra Itabira\" \/>\n\t<meta name=\"twitter:label2\" content=\"Est. tempo de leitura\" \/>\n\t<meta name=\"twitter:data2\" content=\"4 minutos\" \/>\n<script type=\"application\/ld+json\" class=\"yoast-schema-graph\">{\"@context\":\"https:\\\/\\\/schema.org\",\"@graph\":[{\"@type\":\"Article\",\"@id\":\"https:\\\/\\\/www.encontraminasgerais.com.br\\\/itabira\\\/26-de-julho-no-futebol\\\/#article\",\"isPartOf\":{\"@id\":\"https:\\\/\\\/www.encontraminasgerais.com.br\\\/itabira\\\/26-de-julho-no-futebol\\\/\"},\"author\":{\"name\":\"Encontra Itabira\",\"@id\":\"https:\\\/\\\/www.encontraminasgerais.com.br\\\/itabira\\\/#\\\/schema\\\/person\\\/9ae8a8f5ce59322c92e2499b550870b0\"},\"headline\":\"26 de Julho no Futebol\",\"datePublished\":\"2026-07-28T12:02:15+00:00\",\"mainEntityOfPage\":{\"@id\":\"https:\\\/\\\/www.encontraminasgerais.com.br\\\/itabira\\\/26-de-julho-no-futebol\\\/\"},\"wordCount\":775,\"commentCount\":0,\"image\":{\"@id\":\"https:\\\/\\\/www.encontraminasgerais.com.br\\\/itabira\\\/26-de-julho-no-futebol\\\/#primaryimage\"},\"thumbnailUrl\":\"https:\\\/\\\/www.encontraminasgerais.com.br\\\/itabira\\\/wp-content\\\/uploads\\\/2026\\\/07\\\/26-de-julho-no-futebol.webp\",\"articleSection\":[\"Not\u00edcias Itabira\"],\"inLanguage\":\"pt-BR\",\"potentialAction\":[{\"@type\":\"CommentAction\",\"name\":\"Comment\",\"target\":[\"https:\\\/\\\/www.encontraminasgerais.com.br\\\/itabira\\\/26-de-julho-no-futebol\\\/#respond\"]}]},{\"@type\":\"WebPage\",\"@id\":\"https:\\\/\\\/www.encontraminasgerais.com.br\\\/itabira\\\/26-de-julho-no-futebol\\\/\",\"url\":\"https:\\\/\\\/www.encontraminasgerais.com.br\\\/itabira\\\/26-de-julho-no-futebol\\\/\",\"name\":\"26 de Julho no Futebol | Guia Comercial de Itabira MG\",\"isPartOf\":{\"@id\":\"https:\\\/\\\/www.encontraminasgerais.com.br\\\/itabira\\\/#website\"},\"primaryImageOfPage\":{\"@id\":\"https:\\\/\\\/www.encontraminasgerais.com.br\\\/itabira\\\/26-de-julho-no-futebol\\\/#primaryimage\"},\"image\":{\"@id\":\"https:\\\/\\\/www.encontraminasgerais.com.br\\\/itabira\\\/26-de-julho-no-futebol\\\/#primaryimage\"},\"thumbnailUrl\":\"https:\\\/\\\/www.encontraminasgerais.com.br\\\/itabira\\\/wp-content\\\/uploads\\\/2026\\\/07\\\/26-de-julho-no-futebol.webp\",\"datePublished\":\"2026-07-28T12:02:15+00:00\",\"author\":{\"@id\":\"https:\\\/\\\/www.encontraminasgerais.com.br\\\/itabira\\\/#\\\/schema\\\/person\\\/9ae8a8f5ce59322c92e2499b550870b0\"},\"inLanguage\":\"pt-BR\",\"potentialAction\":[{\"@type\":\"ReadAction\",\"target\":[\"https:\\\/\\\/www.encontraminasgerais.com.br\\\/itabira\\\/26-de-julho-no-futebol\\\/\"]}]},{\"@type\":\"ImageObject\",\"inLanguage\":\"pt-BR\",\"@id\":\"https:\\\/\\\/www.encontraminasgerais.com.br\\\/itabira\\\/26-de-julho-no-futebol\\\/#primaryimage\",\"url\":\"https:\\\/\\\/www.encontraminasgerais.com.br\\\/itabira\\\/wp-content\\\/uploads\\\/2026\\\/07\\\/26-de-julho-no-futebol.webp\",\"contentUrl\":\"https:\\\/\\\/www.encontraminasgerais.com.br\\\/itabira\\\/wp-content\\\/uploads\\\/2026\\\/07\\\/26-de-julho-no-futebol.webp\",\"width\":280,\"height\":280,\"caption\":\"26 de Julho no Futebol\"},{\"@type\":\"WebSite\",\"@id\":\"https:\\\/\\\/www.encontraminasgerais.com.br\\\/itabira\\\/#website\",\"url\":\"https:\\\/\\\/www.encontraminasgerais.com.br\\\/itabira\\\/\",\"name\":\"Guia Comercial de Itabira MG\",\"description\":\"ENCONTRA ITABIRA - O guia comercial de neg\u00f3cios e empresas, cultura e divers\u00e3o na cidade de Itabira. Feito 100% para voc\u00ea morador!\",\"potentialAction\":[{\"@type\":\"SearchAction\",\"target\":{\"@type\":\"EntryPoint\",\"urlTemplate\":\"https:\\\/\\\/www.encontraminasgerais.com.br\\\/itabira\\\/?s={search_term_string}\"},\"query-input\":{\"@type\":\"PropertyValueSpecification\",\"valueRequired\":true,\"valueName\":\"search_term_string\"}}],\"inLanguage\":\"pt-BR\"},{\"@type\":\"Person\",\"@id\":\"https:\\\/\\\/www.encontraminasgerais.com.br\\\/itabira\\\/#\\\/schema\\\/person\\\/9ae8a8f5ce59322c92e2499b550870b0\",\"name\":\"Encontra Itabira\",\"image\":{\"@type\":\"ImageObject\",\"inLanguage\":\"pt-BR\",\"@id\":\"https:\\\/\\\/secure.gravatar.com\\\/avatar\\\/c50c17820bcf322f0a8fd6b110b8c0918141409dc69076470f6fca5fee70a5d4?s=96&d=mm&r=g\",\"url\":\"https:\\\/\\\/secure.gravatar.com\\\/avatar\\\/c50c17820bcf322f0a8fd6b110b8c0918141409dc69076470f6fca5fee70a5d4?s=96&d=mm&r=g\",\"contentUrl\":\"https:\\\/\\\/secure.gravatar.com\\\/avatar\\\/c50c17820bcf322f0a8fd6b110b8c0918141409dc69076470f6fca5fee70a5d4?s=96&d=mm&r=g\",\"caption\":\"Encontra Itabira\"},\"url\":\"https:\\\/\\\/www.encontraminasgerais.com.br\\\/itabira\\\/author\\\/encontraitabira\\\/\"}]}<\/script>\n<!-- \/ Yoast SEO plugin. -->","yoast_head_json":{"title":"26 de Julho no Futebol | Guia Comercial de Itabira MG","robots":{"index":"index","follow":"follow","max-snippet":"max-snippet:-1","max-image-preview":"max-image-preview:large","max-video-preview":"max-video-preview:-1"},"canonical":"https:\/\/www.encontraminasgerais.com.br\/itabira\/26-de-julho-no-futebol\/","og_locale":"pt_BR","og_type":"article","og_title":"26 de Julho no Futebol | Guia Comercial de Itabira MG","og_description":"26 de Julho no Futebol traz hist\u00f3rias inspiradoras de grandes \u00edcones do esporte.","og_url":"https:\/\/www.encontraminasgerais.com.br\/itabira\/26-de-julho-no-futebol\/","og_site_name":"Guia Comercial de Itabira MG","article_published_time":"2026-07-28T12:02:15+00:00","og_image":[{"url":"https:\/\/www.encontraminasgerais.com.br\/itabira\/wp-content\/uploads\/2026\/07\/26-de-julho-no-futebol.webp","type":"","width":"","height":""}],"author":"Encontra Itabira","twitter_card":"summary_large_image","twitter_misc":{"Escrito por":"Encontra Itabira","Est. tempo de leitura":"4 minutos"},"schema":{"@context":"https:\/\/schema.org","@graph":[{"@type":"Article","@id":"https:\/\/www.encontraminasgerais.com.br\/itabira\/26-de-julho-no-futebol\/#article","isPartOf":{"@id":"https:\/\/www.encontraminasgerais.com.br\/itabira\/26-de-julho-no-futebol\/"},"author":{"name":"Encontra Itabira","@id":"https:\/\/www.encontraminasgerais.com.br\/itabira\/#\/schema\/person\/9ae8a8f5ce59322c92e2499b550870b0"},"headline":"26 de Julho no Futebol","datePublished":"2026-07-28T12:02:15+00:00","mainEntityOfPage":{"@id":"https:\/\/www.encontraminasgerais.com.br\/itabira\/26-de-julho-no-futebol\/"},"wordCount":775,"commentCount":0,"image":{"@id":"https:\/\/www.encontraminasgerais.com.br\/itabira\/26-de-julho-no-futebol\/#primaryimage"},"thumbnailUrl":"https:\/\/www.encontraminasgerais.com.br\/itabira\/wp-content\/uploads\/2026\/07\/26-de-julho-no-futebol.webp","articleSection":["Not\u00edcias Itabira"],"inLanguage":"pt-BR","potentialAction":[{"@type":"CommentAction","name":"Comment","target":["https:\/\/www.encontraminasgerais.com.br\/itabira\/26-de-julho-no-futebol\/#respond"]}]},{"@type":"WebPage","@id":"https:\/\/www.encontraminasgerais.com.br\/itabira\/26-de-julho-no-futebol\/","url":"https:\/\/www.encontraminasgerais.com.br\/itabira\/26-de-julho-no-futebol\/","name":"26 de Julho no Futebol | Guia Comercial de Itabira MG","isPartOf":{"@id":"https:\/\/www.encontraminasgerais.com.br\/itabira\/#website"},"primaryImageOfPage":{"@id":"https:\/\/www.encontraminasgerais.com.br\/itabira\/26-de-julho-no-futebol\/#primaryimage"},"image":{"@id":"https:\/\/www.encontraminasgerais.com.br\/itabira\/26-de-julho-no-futebol\/#primaryimage"},"thumbnailUrl":"https:\/\/www.encontraminasgerais.com.br\/itabira\/wp-content\/uploads\/2026\/07\/26-de-julho-no-futebol.webp","datePublished":"2026-07-28T12:02:15+00:00","author":{"@id":"https:\/\/www.encontraminasgerais.com.br\/itabira\/#\/schema\/person\/9ae8a8f5ce59322c92e2499b550870b0"},"inLanguage":"pt-BR","potentialAction":[{"@type":"ReadAction","target":["https:\/\/www.encontraminasgerais.com.br\/itabira\/26-de-julho-no-futebol\/"]}]},{"@type":"ImageObject","inLanguage":"pt-BR","@id":"https:\/\/www.encontraminasgerais.com.br\/itabira\/26-de-julho-no-futebol\/#primaryimage","url":"https:\/\/www.encontraminasgerais.com.br\/itabira\/wp-content\/uploads\/2026\/07\/26-de-julho-no-futebol.webp","contentUrl":"https:\/\/www.encontraminasgerais.com.br\/itabira\/wp-content\/uploads\/2026\/07\/26-de-julho-no-futebol.webp","width":280,"height":280,"caption":"26 de Julho no Futebol"},{"@type":"WebSite","@id":"https:\/\/www.encontraminasgerais.com.br\/itabira\/#website","url":"https:\/\/www.encontraminasgerais.com.br\/itabira\/","name":"Guia Comercial de Itabira MG","description":"ENCONTRA ITABIRA - O guia comercial de neg\u00f3cios e empresas, cultura e divers\u00e3o na cidade de Itabira. Feito 100% para voc\u00ea morador!","potentialAction":[{"@type":"SearchAction","target":{"@type":"EntryPoint","urlTemplate":"https:\/\/www.encontraminasgerais.com.br\/itabira\/?s={search_term_string}"},"query-input":{"@type":"PropertyValueSpecification","valueRequired":true,"valueName":"search_term_string"}}],"inLanguage":"pt-BR"},{"@type":"Person","@id":"https:\/\/www.encontraminasgerais.com.br\/itabira\/#\/schema\/person\/9ae8a8f5ce59322c92e2499b550870b0","name":"Encontra Itabira","image":{"@type":"ImageObject","inLanguage":"pt-BR","@id":"https:\/\/secure.gravatar.com\/avatar\/c50c17820bcf322f0a8fd6b110b8c0918141409dc69076470f6fca5fee70a5d4?s=96&d=mm&r=g","url":"https:\/\/secure.gravatar.com\/avatar\/c50c17820bcf322f0a8fd6b110b8c0918141409dc69076470f6fca5fee70a5d4?s=96&d=mm&r=g","contentUrl":"https:\/\/secure.gravatar.com\/avatar\/c50c17820bcf322f0a8fd6b110b8c0918141409dc69076470f6fca5fee70a5d4?s=96&d=mm&r=g","caption":"Encontra Itabira"},"url":"https:\/\/www.encontraminasgerais.com.br\/itabira\/author\/encontraitabira\/"}]}},"_links":{"self":[{"href":"https:\/\/www.encontraminasgerais.com.br\/itabira\/wp-json\/wp\/v2\/posts\/6119","targetHints":{"allow":["GET"]}}],"collection":[{"href":"https:\/\/www.encontraminasgerais.com.br\/itabira\/wp-json\/wp\/v2\/posts"}],"about":[{"href":"https:\/\/www.encontraminasgerais.com.br\/itabira\/wp-json\/wp\/v2\/types\/post"}],"author":[{"embeddable":true,"href":"https:\/\/www.encontraminasgerais.com.br\/itabira\/wp-json\/wp\/v2\/users\/1"}],"replies":[{"embeddable":true,"href":"https:\/\/www.encontraminasgerais.com.br\/itabira\/wp-json\/wp\/v2\/comments?post=6119"}],"version-history":[{"count":0,"href":"https:\/\/www.encontraminasgerais.com.br\/itabira\/wp-json\/wp\/v2\/posts\/6119\/revisions"}],"wp:featuredmedia":[{"embeddable":true,"href":"https:\/\/www.encontraminasgerais.com.br\/itabira\/wp-json\/wp\/v2\/media\/6118"}],"wp:attachment":[{"href":"https:\/\/www.encontraminasgerais.com.br\/itabira\/wp-json\/wp\/v2\/media?parent=6119"}],"wp:term":[{"taxonomy":"category","embeddable":true,"href":"https:\/\/www.encontraminasgerais.com.br\/itabira\/wp-json\/wp\/v2\/categories?post=6119"},{"taxonomy":"post_tag","embeddable":true,"href":"https:\/\/www.encontraminasgerais.com.br\/itabira\/wp-json\/wp\/v2\/tags?post=6119"}],"curies":[{"name":"wp","href":"https:\/\/api.w.org\/{rel}","templated":true}]}}