{"id":6125,"date":"2026-07-28T09:07:07","date_gmt":"2026-07-28T12:07:07","guid":{"rendered":"https:\/\/www.encontraminasgerais.com.br\/itabira\/praca-claudio-vieira-cacaio-e-inaugurada-e-revitalizacao-entrega-novo-espaco-de-lazer-a-populacao-de-santa-maria-de-itabira\/"},"modified":"2026-07-28T09:07:07","modified_gmt":"2026-07-28T12:07:07","slug":"praca-claudio-vieira-cacaio-e-inaugurada-e-revitalizacao-entrega-novo-espaco-de-lazer-a-populacao-de-santa-maria-de-itabira","status":"publish","type":"post","link":"https:\/\/www.encontraminasgerais.com.br\/itabira\/praca-claudio-vieira-cacaio-e-inaugurada-e-revitalizacao-entrega-novo-espaco-de-lazer-a-populacao-de-santa-maria-de-itabira\/","title":{"rendered":"Pra\u00e7a Cl\u00e1udio Vieira (Cacaio) \u00e9 inaugurada e revitaliza\u00e7\u00e3o entrega novo espa\u00e7o de lazer \u00e0 popula\u00e7\u00e3o de Santa Maria de Itabira"},"content":{"rendered":"<h2>Hist\u00f3ria da Antiga Pra\u00e7a da Vila Mar\u00edlia Costa<\/h2>\n<p>A antiga Pra\u00e7a da Vila Mar\u00edlia Costa, que agora ostenta o nome de Pra\u00e7a Cl\u00e1udio Vieira (Cacaio), sempre foi um local central na comunidade de Santa Maria de Itabira. Desde sua cria\u00e7\u00e3o, serviu como um espa\u00e7o onde os moradores podiam se reunir, socializar e participar de eventos. Ao longo dos anos, o lugar passou por diversas fases, refletindo as mudan\u00e7as na din\u00e2mica social e cultural da regi\u00e3o. Infelizmente, a pra\u00e7a havia sofrido com o desgaste do tempo e a falta de manuten\u00e7\u00e3o, o que chamou a aten\u00e7\u00e3o da administra\u00e7\u00e3o municipal para a necessidade de revitaliza\u00e7\u00e3o.<\/p>\n<h2>O Legado de Cl\u00e1udio Vieira, o Cacaio<\/h2>\n<p>Cl\u00e1udio Vieira, carinhosamente conhecido como Cacaio, foi uma figura emblem\u00e1tica da cidade. Ele se destacava por seu carisma e pela forma como alegrava o dia a dia das pessoas com sua m\u00fasica e presen\u00e7a encantadora. Cacaio percorria as ruas da cidade com sua caixa de som, proporcionando momentos de descontra\u00e7\u00e3o e felicidade para todos ao seu redor. Infelizmente, sua vida foi interrompida abruptamente em 2020, mas seu legado de amor e alegria permanece vivo na mem\u00f3ria dos santamarienses. A homenagem ao nome da pra\u00e7a \u00e9 um tributo apropriado a um homem que tanto deu \u00e0 sua comunidade.<\/p>\n<h2>Melhorias Estruturais Implementadas<\/h2>\n<p>A revitaliza\u00e7\u00e3o da Pra\u00e7a Cl\u00e1udio Vieira (Cacaio) trouxe uma s\u00e9rie de melhorias estruturais significativas. As obras inclu\u00edram:<\/p>\n<p><img decoding=\"async\" src=\"https:\/\/www.encontraminasgerais.com.br\/itabira\/wp-content\/uploads\/2026\/07\/praca-claudio-vieira-cacaio-e-inaugurada-e-revitalizacao-entrega-novo-espaco-de-lazer-a-populacao-de.webp\" alt=\"Pra\u00e7a Cl\u00e1udio Vieira\" loading=\"lazy\" \/><\/p>\n<ul>\n<li><strong>Playground Infantil:<\/strong> Um novo playground foi instalado para proporcionar divers\u00e3o e seguran\u00e7a para as crian\u00e7as.<\/li>\n<li><strong>Bancos Novos:<\/strong> Novos bancos foram colocados ao redor da pra\u00e7a, oferecendo mais conforto para os frequentadores.<\/li>\n<li><strong>Paisagismo:<\/strong> A pra\u00e7a foi embelezada com novas plantas e flores, criando um ambiente mais agrad\u00e1vel e acolhedor.<\/li>\n<li><strong>Ilumina\u00e7\u00e3o:<\/strong> Um sistema de ilumina\u00e7\u00e3o moderno foi instalado, aumentando a seguran\u00e7a e permitindo que a pra\u00e7a fosse usada durante a noite.<\/li>\n<li><strong>Acessibilidade:<\/strong> Melhorias na acessibilidade foram implementadas para garantir que todas as pessoas, independentemente de suas habilidades, possam desfrutar do espa\u00e7o.<\/li>\n<\/ul>\n<h2>Novos Equipamentos e Espa\u00e7os de Lazer<\/h2>\n<p>A revitaliza\u00e7\u00e3o n\u00e3o trouxe apenas melhorias est\u00e9ticas, mas tamb\u00e9m a cria\u00e7\u00e3o de novos espa\u00e7os dedicados ao lazer. Al\u00e9m do playground para as crian\u00e7as, a pra\u00e7a agora conta com \u00e1reas de conviv\u00eancia para todas as idades, como:<\/p>\n<ul>\n<li><strong>Espa\u00e7o para a terceira idade:<\/strong> Com mesas de jogos e bancos confort\u00e1veis.<\/li>\n<li><strong>\u00c1rea para eventos:<\/strong> Um espa\u00e7o aberto que pode ser utilizado para eventos comunit\u00e1rios, apresenta\u00e7\u00f5es musicais e festivais.<\/li>\n<li><strong>CAFE e Quiosque:<\/strong> Um pequeno caf\u00e9 foi incorporado, servindo lanches e bebidas, estimulando a socializa\u00e7\u00e3o.<\/li>\n<\/ul>\n<h2>Cerim\u00f4nia de Inaugura\u00e7\u00e3o do Novo Espa\u00e7o<\/h2>\n<p>A inaugura\u00e7\u00e3o oficial da Pra\u00e7a Cl\u00e1udio Vieira (Cacaio) ocorreu em uma emocionante cerim\u00f4nia, marcada pela presen\u00e7a de autoridades locais, familiares do homenageado e moradores da comunidade. O evento foi um momento de celebra\u00e7\u00e3o e alegria, refletindo o esp\u00edrito que Cacaio trazia \u00e0 cidade. O prefeito Andr\u00e9 L\u00facio Torres e outros membros da administra\u00e7\u00e3o municipal estavam presentes, refor\u00e7ando o compromisso com a melhoria das \u00e1reas p\u00fablicas e a valoriza\u00e7\u00e3o da comunidade.<\/p>\n<h2>Depoimentos de Moradores sobre a Revitaliza\u00e7\u00e3o<\/h2>\n<p>A revitaliza\u00e7\u00e3o da pra\u00e7a foi bem recebida pelos moradores locais, que expressaram sua satisfa\u00e7\u00e3o e esperan\u00e7a de que o novo espa\u00e7o se tornasse um ponto de encontro para todos. Lav\u00ednia, uma moradora da Vila Mar\u00edlia Costa, destacou a import\u00e2ncia da reforma, mencionando que era uma reivindica\u00e7\u00e3o antiga da popula\u00e7\u00e3o. &#8220;Agora temos um lugar onde podemos nos divertir e relaxar, um espa\u00e7o que realmente faz parte da nossa vida,&#8221; afirmou.<\/p>\n<h2>Import\u00e2ncia da Pra\u00e7a na Comunidade<\/h2>\n<p>A Pra\u00e7a Cl\u00e1udio Vieira (Cacaio) n\u00e3o \u00e9 apenas um local de lazer; ela \u00e9 um s\u00edmbolo da uni\u00e3o da comunidade e um espa\u00e7o onde rela\u00e7\u00f5es s\u00e3o constru\u00eddas. Pra\u00e7as urbanas t\u00eam um papel fundamental na vida social, proporcionando um local seguro onde as fam\u00edlias podem se reunir, as crian\u00e7as podem brincar e onde eventos comunit\u00e1rios podem ocorrer. O novo ambiente revitalizado promove a socializa\u00e7\u00e3o entre os diferentes grupos da comunidade, fortalecendo os la\u00e7os sociais e o senso de pertencimento.<\/p>\n<h2>Perspectivas para Outros Projetos de Revitaliza\u00e7\u00e3o<\/h2>\n<p>Com o sucesso da revitaliza\u00e7\u00e3o da Pra\u00e7a Cl\u00e1udio Vieira, a administra\u00e7\u00e3o municipal est\u00e1 considerando implementar projetos semelhantes em outras \u00e1reas da cidade. O sucesso dessa reforma demonstra como investimentos em espa\u00e7os p\u00fablicos podem beneficiar diretamente os moradores, melhorando sua qualidade de vida e proporcionando lugares essenciais para lazer e conviv\u00eancia.<\/p>\n<h2>Contribui\u00e7\u00f5es da Administra\u00e7\u00e3o Municipal<\/h2>\n<p>A administra\u00e7\u00e3o municipal est\u00e1 comprometida em continuar valorizando e revitalizando espa\u00e7os p\u00fablicos. O prefeito Andr\u00e9 L\u00facio Torres reitera que o investimento em \u00e1reas de lazer \u00e9 uma prioridade, assegurando que novos projetos estejam em andamento para atender \u00e0s necessidades da popula\u00e7\u00e3o. Essas a\u00e7\u00f5es refletem um vis\u00e3o mais ampla de inclus\u00e3o social e respeito pelo patrim\u00f4nio cultural da cidade.<\/p>\n<h2>A Celebra\u00e7\u00e3o da Cultura e Lazer na Pra\u00e7a<\/h2>\n<p>A nova Pra\u00e7a Cl\u00e1udio Vieira n\u00e3o apenas respeita a mem\u00f3ria de um grande servidor p\u00fablico, como tamb\u00e9m serve como um novo centro de cultura e lazer na cidade. Com eventos programados, como o 8\u00ba Festival de Inverno de Santa Maria de Itabira, o espa\u00e7o se torna um local vibrante onde a m\u00fasica e a arte podem prosperar, unindo a comunidade em momentos de celebra\u00e7\u00e3o e divers\u00e3o.<\/p>\n","protected":false},"excerpt":{"rendered":"<p>A Pra\u00e7a Cl\u00e1udio Vieira em Santa Maria de Itabira \u00e9 revitalizada, oferecendo um novo espa\u00e7o de lazer \u00e0 comunidade.<\/p>\n","protected":false},"author":1,"featured_media":6124,"comment_status":"open","ping_status":"open","sticky":false,"template":"","format":"standard","meta":{"footnotes":""},"categories":[5],"tags":[],"class_list":["post-6125","post","type-post","status-publish","format-standard","has-post-thumbnail","hentry","category-noticias","has_thumb"],"yoast_head":"<!-- This site is optimized with the Yoast SEO plugin v28.1 - https:\/\/yoast.com\/product\/yoast-seo-wordpress\/ -->\n<title>Pra\u00e7a Cl\u00e1udio Vieira (Cacaio) \u00e9 inaugurada e revitaliza\u00e7\u00e3o entrega novo espa\u00e7o de lazer \u00e0 popula\u00e7\u00e3o de Santa Maria de Itabira | Guia Comercial de Itabira MG<\/title>\n<meta name=\"robots\" content=\"index, follow, max-snippet:-1, max-image-preview:large, max-video-preview:-1\" \/>\n<link rel=\"canonical\" href=\"https:\/\/www.encontraminasgerais.com.br\/itabira\/praca-claudio-vieira-cacaio-e-inaugurada-e-revitalizacao-entrega-novo-espaco-de-lazer-a-populacao-de-santa-maria-de-itabira\/\" \/>\n<meta property=\"og:locale\" content=\"pt_BR\" \/>\n<meta property=\"og:type\" content=\"article\" \/>\n<meta property=\"og:title\" content=\"Pra\u00e7a Cl\u00e1udio Vieira (Cacaio) \u00e9 inaugurada e revitaliza\u00e7\u00e3o entrega novo espa\u00e7o de lazer \u00e0 popula\u00e7\u00e3o de Santa Maria de Itabira | Guia Comercial de Itabira MG\" \/>\n<meta property=\"og:description\" content=\"A Pra\u00e7a Cl\u00e1udio Vieira em Santa Maria de Itabira \u00e9 revitalizada, oferecendo um novo espa\u00e7o de lazer \u00e0 comunidade.\" \/>\n<meta property=\"og:url\" content=\"https:\/\/www.encontraminasgerais.com.br\/itabira\/praca-claudio-vieira-cacaio-e-inaugurada-e-revitalizacao-entrega-novo-espaco-de-lazer-a-populacao-de-santa-maria-de-itabira\/\" \/>\n<meta property=\"og:site_name\" content=\"Guia Comercial de Itabira MG\" \/>\n<meta property=\"article:published_time\" content=\"2026-07-28T12:07:07+00:00\" \/>\n<meta property=\"og:image\" content=\"https:\/\/www.encontraminasgerais.com.br\/itabira\/wp-content\/uploads\/2026\/07\/praca-claudio-vieira-cacaio-e-inaugurada-e-revitalizacao-entrega-novo-espaco-de-lazer-a-populacao-de.webp\" \/>\n<meta name=\"author\" content=\"Encontra Itabira\" \/>\n<meta name=\"twitter:card\" content=\"summary_large_image\" \/>\n<meta name=\"twitter:label1\" content=\"Escrito por\" \/>\n\t<meta name=\"twitter:data1\" content=\"Encontra Itabira\" \/>\n\t<meta name=\"twitter:label2\" content=\"Est. tempo de leitura\" \/>\n\t<meta name=\"twitter:data2\" content=\"5 minutos\" \/>\n<script type=\"application\/ld+json\" class=\"yoast-schema-graph\">{\"@context\":\"https:\\\/\\\/schema.org\",\"@graph\":[{\"@type\":\"Article\",\"@id\":\"https:\\\/\\\/www.encontraminasgerais.com.br\\\/itabira\\\/praca-claudio-vieira-cacaio-e-inaugurada-e-revitalizacao-entrega-novo-espaco-de-lazer-a-populacao-de-santa-maria-de-itabira\\\/#article\",\"isPartOf\":{\"@id\":\"https:\\\/\\\/www.encontraminasgerais.com.br\\\/itabira\\\/praca-claudio-vieira-cacaio-e-inaugurada-e-revitalizacao-entrega-novo-espaco-de-lazer-a-populacao-de-santa-maria-de-itabira\\\/\"},\"author\":{\"name\":\"Encontra Itabira\",\"@id\":\"https:\\\/\\\/www.encontraminasgerais.com.br\\\/itabira\\\/#\\\/schema\\\/person\\\/9ae8a8f5ce59322c92e2499b550870b0\"},\"headline\":\"Pra\u00e7a Cl\u00e1udio Vieira (Cacaio) \u00e9 inaugurada e revitaliza\u00e7\u00e3o entrega novo espa\u00e7o de lazer \u00e0 popula\u00e7\u00e3o de Santa Maria de Itabira\",\"datePublished\":\"2026-07-28T12:07:07+00:00\",\"mainEntityOfPage\":{\"@id\":\"https:\\\/\\\/www.encontraminasgerais.com.br\\\/itabira\\\/praca-claudio-vieira-cacaio-e-inaugurada-e-revitalizacao-entrega-novo-espaco-de-lazer-a-populacao-de-santa-maria-de-itabira\\\/\"},\"wordCount\":977,\"commentCount\":0,\"image\":{\"@id\":\"https:\\\/\\\/www.encontraminasgerais.com.br\\\/itabira\\\/praca-claudio-vieira-cacaio-e-inaugurada-e-revitalizacao-entrega-novo-espaco-de-lazer-a-populacao-de-santa-maria-de-itabira\\\/#primaryimage\"},\"thumbnailUrl\":\"https:\\\/\\\/www.encontraminasgerais.com.br\\\/itabira\\\/wp-content\\\/uploads\\\/2026\\\/07\\\/praca-claudio-vieira-cacaio-e-inaugurada-e-revitalizacao-entrega-novo-espaco-de-lazer-a-populacao-de.webp\",\"articleSection\":[\"Not\u00edcias Itabira\"],\"inLanguage\":\"pt-BR\",\"potentialAction\":[{\"@type\":\"CommentAction\",\"name\":\"Comment\",\"target\":[\"https:\\\/\\\/www.encontraminasgerais.com.br\\\/itabira\\\/praca-claudio-vieira-cacaio-e-inaugurada-e-revitalizacao-entrega-novo-espaco-de-lazer-a-populacao-de-santa-maria-de-itabira\\\/#respond\"]}]},{\"@type\":\"WebPage\",\"@id\":\"https:\\\/\\\/www.encontraminasgerais.com.br\\\/itabira\\\/praca-claudio-vieira-cacaio-e-inaugurada-e-revitalizacao-entrega-novo-espaco-de-lazer-a-populacao-de-santa-maria-de-itabira\\\/\",\"url\":\"https:\\\/\\\/www.encontraminasgerais.com.br\\\/itabira\\\/praca-claudio-vieira-cacaio-e-inaugurada-e-revitalizacao-entrega-novo-espaco-de-lazer-a-populacao-de-santa-maria-de-itabira\\\/\",\"name\":\"Pra\u00e7a Cl\u00e1udio Vieira (Cacaio) \u00e9 inaugurada e revitaliza\u00e7\u00e3o entrega novo espa\u00e7o de lazer \u00e0 popula\u00e7\u00e3o de Santa Maria de Itabira | Guia Comercial de Itabira MG\",\"isPartOf\":{\"@id\":\"https:\\\/\\\/www.encontraminasgerais.com.br\\\/itabira\\\/#website\"},\"primaryImageOfPage\":{\"@id\":\"https:\\\/\\\/www.encontraminasgerais.com.br\\\/itabira\\\/praca-claudio-vieira-cacaio-e-inaugurada-e-revitalizacao-entrega-novo-espaco-de-lazer-a-populacao-de-santa-maria-de-itabira\\\/#primaryimage\"},\"image\":{\"@id\":\"https:\\\/\\\/www.encontraminasgerais.com.br\\\/itabira\\\/praca-claudio-vieira-cacaio-e-inaugurada-e-revitalizacao-entrega-novo-espaco-de-lazer-a-populacao-de-santa-maria-de-itabira\\\/#primaryimage\"},\"thumbnailUrl\":\"https:\\\/\\\/www.encontraminasgerais.com.br\\\/itabira\\\/wp-content\\\/uploads\\\/2026\\\/07\\\/praca-claudio-vieira-cacaio-e-inaugurada-e-revitalizacao-entrega-novo-espaco-de-lazer-a-populacao-de.webp\",\"datePublished\":\"2026-07-28T12:07:07+00:00\",\"author\":{\"@id\":\"https:\\\/\\\/www.encontraminasgerais.com.br\\\/itabira\\\/#\\\/schema\\\/person\\\/9ae8a8f5ce59322c92e2499b550870b0\"},\"inLanguage\":\"pt-BR\",\"potentialAction\":[{\"@type\":\"ReadAction\",\"target\":[\"https:\\\/\\\/www.encontraminasgerais.com.br\\\/itabira\\\/praca-claudio-vieira-cacaio-e-inaugurada-e-revitalizacao-entrega-novo-espaco-de-lazer-a-populacao-de-santa-maria-de-itabira\\\/\"]}]},{\"@type\":\"ImageObject\",\"inLanguage\":\"pt-BR\",\"@id\":\"https:\\\/\\\/www.encontraminasgerais.com.br\\\/itabira\\\/praca-claudio-vieira-cacaio-e-inaugurada-e-revitalizacao-entrega-novo-espaco-de-lazer-a-populacao-de-santa-maria-de-itabira\\\/#primaryimage\",\"url\":\"https:\\\/\\\/www.encontraminasgerais.com.br\\\/itabira\\\/wp-content\\\/uploads\\\/2026\\\/07\\\/praca-claudio-vieira-cacaio-e-inaugurada-e-revitalizacao-entrega-novo-espaco-de-lazer-a-populacao-de.webp\",\"contentUrl\":\"https:\\\/\\\/www.encontraminasgerais.com.br\\\/itabira\\\/wp-content\\\/uploads\\\/2026\\\/07\\\/praca-claudio-vieira-cacaio-e-inaugurada-e-revitalizacao-entrega-novo-espaco-de-lazer-a-populacao-de.webp\",\"width\":280,\"height\":280,\"caption\":\"Pra\u00e7a Cl\u00e1udio Vieira\"},{\"@type\":\"WebSite\",\"@id\":\"https:\\\/\\\/www.encontraminasgerais.com.br\\\/itabira\\\/#website\",\"url\":\"https:\\\/\\\/www.encontraminasgerais.com.br\\\/itabira\\\/\",\"name\":\"Guia Comercial de Itabira MG\",\"description\":\"ENCONTRA ITABIRA - O guia comercial de neg\u00f3cios e empresas, cultura e divers\u00e3o na cidade de Itabira. Feito 100% para voc\u00ea morador!\",\"potentialAction\":[{\"@type\":\"SearchAction\",\"target\":{\"@type\":\"EntryPoint\",\"urlTemplate\":\"https:\\\/\\\/www.encontraminasgerais.com.br\\\/itabira\\\/?s={search_term_string}\"},\"query-input\":{\"@type\":\"PropertyValueSpecification\",\"valueRequired\":true,\"valueName\":\"search_term_string\"}}],\"inLanguage\":\"pt-BR\"},{\"@type\":\"Person\",\"@id\":\"https:\\\/\\\/www.encontraminasgerais.com.br\\\/itabira\\\/#\\\/schema\\\/person\\\/9ae8a8f5ce59322c92e2499b550870b0\",\"name\":\"Encontra Itabira\",\"image\":{\"@type\":\"ImageObject\",\"inLanguage\":\"pt-BR\",\"@id\":\"https:\\\/\\\/secure.gravatar.com\\\/avatar\\\/c50c17820bcf322f0a8fd6b110b8c0918141409dc69076470f6fca5fee70a5d4?s=96&d=mm&r=g\",\"url\":\"https:\\\/\\\/secure.gravatar.com\\\/avatar\\\/c50c17820bcf322f0a8fd6b110b8c0918141409dc69076470f6fca5fee70a5d4?s=96&d=mm&r=g\",\"contentUrl\":\"https:\\\/\\\/secure.gravatar.com\\\/avatar\\\/c50c17820bcf322f0a8fd6b110b8c0918141409dc69076470f6fca5fee70a5d4?s=96&d=mm&r=g\",\"caption\":\"Encontra Itabira\"},\"url\":\"https:\\\/\\\/www.encontraminasgerais.com.br\\\/itabira\\\/author\\\/encontraitabira\\\/\"}]}<\/script>\n<!-- \/ Yoast SEO plugin. -->","yoast_head_json":{"title":"Pra\u00e7a Cl\u00e1udio Vieira (Cacaio) \u00e9 inaugurada e revitaliza\u00e7\u00e3o entrega novo espa\u00e7o de lazer \u00e0 popula\u00e7\u00e3o de Santa Maria de Itabira | Guia Comercial de Itabira MG","robots":{"index":"index","follow":"follow","max-snippet":"max-snippet:-1","max-image-preview":"max-image-preview:large","max-video-preview":"max-video-preview:-1"},"canonical":"https:\/\/www.encontraminasgerais.com.br\/itabira\/praca-claudio-vieira-cacaio-e-inaugurada-e-revitalizacao-entrega-novo-espaco-de-lazer-a-populacao-de-santa-maria-de-itabira\/","og_locale":"pt_BR","og_type":"article","og_title":"Pra\u00e7a Cl\u00e1udio Vieira (Cacaio) \u00e9 inaugurada e revitaliza\u00e7\u00e3o entrega novo espa\u00e7o de lazer \u00e0 popula\u00e7\u00e3o de Santa Maria de Itabira | Guia Comercial de Itabira MG","og_description":"A Pra\u00e7a Cl\u00e1udio Vieira em Santa Maria de Itabira \u00e9 revitalizada, oferecendo um novo espa\u00e7o de lazer \u00e0 comunidade.","og_url":"https:\/\/www.encontraminasgerais.com.br\/itabira\/praca-claudio-vieira-cacaio-e-inaugurada-e-revitalizacao-entrega-novo-espaco-de-lazer-a-populacao-de-santa-maria-de-itabira\/","og_site_name":"Guia Comercial de Itabira MG","article_published_time":"2026-07-28T12:07:07+00:00","og_image":[{"url":"https:\/\/www.encontraminasgerais.com.br\/itabira\/wp-content\/uploads\/2026\/07\/praca-claudio-vieira-cacaio-e-inaugurada-e-revitalizacao-entrega-novo-espaco-de-lazer-a-populacao-de.webp","type":"","width":"","height":""}],"author":"Encontra Itabira","twitter_card":"summary_large_image","twitter_misc":{"Escrito por":"Encontra Itabira","Est. tempo de leitura":"5 minutos"},"schema":{"@context":"https:\/\/schema.org","@graph":[{"@type":"Article","@id":"https:\/\/www.encontraminasgerais.com.br\/itabira\/praca-claudio-vieira-cacaio-e-inaugurada-e-revitalizacao-entrega-novo-espaco-de-lazer-a-populacao-de-santa-maria-de-itabira\/#article","isPartOf":{"@id":"https:\/\/www.encontraminasgerais.com.br\/itabira\/praca-claudio-vieira-cacaio-e-inaugurada-e-revitalizacao-entrega-novo-espaco-de-lazer-a-populacao-de-santa-maria-de-itabira\/"},"author":{"name":"Encontra Itabira","@id":"https:\/\/www.encontraminasgerais.com.br\/itabira\/#\/schema\/person\/9ae8a8f5ce59322c92e2499b550870b0"},"headline":"Pra\u00e7a Cl\u00e1udio Vieira (Cacaio) \u00e9 inaugurada e revitaliza\u00e7\u00e3o entrega novo espa\u00e7o de lazer \u00e0 popula\u00e7\u00e3o de Santa Maria de Itabira","datePublished":"2026-07-28T12:07:07+00:00","mainEntityOfPage":{"@id":"https:\/\/www.encontraminasgerais.com.br\/itabira\/praca-claudio-vieira-cacaio-e-inaugurada-e-revitalizacao-entrega-novo-espaco-de-lazer-a-populacao-de-santa-maria-de-itabira\/"},"wordCount":977,"commentCount":0,"image":{"@id":"https:\/\/www.encontraminasgerais.com.br\/itabira\/praca-claudio-vieira-cacaio-e-inaugurada-e-revitalizacao-entrega-novo-espaco-de-lazer-a-populacao-de-santa-maria-de-itabira\/#primaryimage"},"thumbnailUrl":"https:\/\/www.encontraminasgerais.com.br\/itabira\/wp-content\/uploads\/2026\/07\/praca-claudio-vieira-cacaio-e-inaugurada-e-revitalizacao-entrega-novo-espaco-de-lazer-a-populacao-de.webp","articleSection":["Not\u00edcias Itabira"],"inLanguage":"pt-BR","potentialAction":[{"@type":"CommentAction","name":"Comment","target":["https:\/\/www.encontraminasgerais.com.br\/itabira\/praca-claudio-vieira-cacaio-e-inaugurada-e-revitalizacao-entrega-novo-espaco-de-lazer-a-populacao-de-santa-maria-de-itabira\/#respond"]}]},{"@type":"WebPage","@id":"https:\/\/www.encontraminasgerais.com.br\/itabira\/praca-claudio-vieira-cacaio-e-inaugurada-e-revitalizacao-entrega-novo-espaco-de-lazer-a-populacao-de-santa-maria-de-itabira\/","url":"https:\/\/www.encontraminasgerais.com.br\/itabira\/praca-claudio-vieira-cacaio-e-inaugurada-e-revitalizacao-entrega-novo-espaco-de-lazer-a-populacao-de-santa-maria-de-itabira\/","name":"Pra\u00e7a Cl\u00e1udio Vieira (Cacaio) \u00e9 inaugurada e revitaliza\u00e7\u00e3o entrega novo espa\u00e7o de lazer \u00e0 popula\u00e7\u00e3o de Santa Maria de Itabira | Guia Comercial de Itabira MG","isPartOf":{"@id":"https:\/\/www.encontraminasgerais.com.br\/itabira\/#website"},"primaryImageOfPage":{"@id":"https:\/\/www.encontraminasgerais.com.br\/itabira\/praca-claudio-vieira-cacaio-e-inaugurada-e-revitalizacao-entrega-novo-espaco-de-lazer-a-populacao-de-santa-maria-de-itabira\/#primaryimage"},"image":{"@id":"https:\/\/www.encontraminasgerais.com.br\/itabira\/praca-claudio-vieira-cacaio-e-inaugurada-e-revitalizacao-entrega-novo-espaco-de-lazer-a-populacao-de-santa-maria-de-itabira\/#primaryimage"},"thumbnailUrl":"https:\/\/www.encontraminasgerais.com.br\/itabira\/wp-content\/uploads\/2026\/07\/praca-claudio-vieira-cacaio-e-inaugurada-e-revitalizacao-entrega-novo-espaco-de-lazer-a-populacao-de.webp","datePublished":"2026-07-28T12:07:07+00:00","author":{"@id":"https:\/\/www.encontraminasgerais.com.br\/itabira\/#\/schema\/person\/9ae8a8f5ce59322c92e2499b550870b0"},"inLanguage":"pt-BR","potentialAction":[{"@type":"ReadAction","target":["https:\/\/www.encontraminasgerais.com.br\/itabira\/praca-claudio-vieira-cacaio-e-inaugurada-e-revitalizacao-entrega-novo-espaco-de-lazer-a-populacao-de-santa-maria-de-itabira\/"]}]},{"@type":"ImageObject","inLanguage":"pt-BR","@id":"https:\/\/www.encontraminasgerais.com.br\/itabira\/praca-claudio-vieira-cacaio-e-inaugurada-e-revitalizacao-entrega-novo-espaco-de-lazer-a-populacao-de-santa-maria-de-itabira\/#primaryimage","url":"https:\/\/www.encontraminasgerais.com.br\/itabira\/wp-content\/uploads\/2026\/07\/praca-claudio-vieira-cacaio-e-inaugurada-e-revitalizacao-entrega-novo-espaco-de-lazer-a-populacao-de.webp","contentUrl":"https:\/\/www.encontraminasgerais.com.br\/itabira\/wp-content\/uploads\/2026\/07\/praca-claudio-vieira-cacaio-e-inaugurada-e-revitalizacao-entrega-novo-espaco-de-lazer-a-populacao-de.webp","width":280,"height":280,"caption":"Pra\u00e7a Cl\u00e1udio Vieira"},{"@type":"WebSite","@id":"https:\/\/www.encontraminasgerais.com.br\/itabira\/#website","url":"https:\/\/www.encontraminasgerais.com.br\/itabira\/","name":"Guia Comercial de Itabira MG","description":"ENCONTRA ITABIRA - O guia comercial de neg\u00f3cios e empresas, cultura e divers\u00e3o na cidade de Itabira. Feito 100% para voc\u00ea morador!","potentialAction":[{"@type":"SearchAction","target":{"@type":"EntryPoint","urlTemplate":"https:\/\/www.encontraminasgerais.com.br\/itabira\/?s={search_term_string}"},"query-input":{"@type":"PropertyValueSpecification","valueRequired":true,"valueName":"search_term_string"}}],"inLanguage":"pt-BR"},{"@type":"Person","@id":"https:\/\/www.encontraminasgerais.com.br\/itabira\/#\/schema\/person\/9ae8a8f5ce59322c92e2499b550870b0","name":"Encontra Itabira","image":{"@type":"ImageObject","inLanguage":"pt-BR","@id":"https:\/\/secure.gravatar.com\/avatar\/c50c17820bcf322f0a8fd6b110b8c0918141409dc69076470f6fca5fee70a5d4?s=96&d=mm&r=g","url":"https:\/\/secure.gravatar.com\/avatar\/c50c17820bcf322f0a8fd6b110b8c0918141409dc69076470f6fca5fee70a5d4?s=96&d=mm&r=g","contentUrl":"https:\/\/secure.gravatar.com\/avatar\/c50c17820bcf322f0a8fd6b110b8c0918141409dc69076470f6fca5fee70a5d4?s=96&d=mm&r=g","caption":"Encontra Itabira"},"url":"https:\/\/www.encontraminasgerais.com.br\/itabira\/author\/encontraitabira\/"}]}},"_links":{"self":[{"href":"https:\/\/www.encontraminasgerais.com.br\/itabira\/wp-json\/wp\/v2\/posts\/6125","targetHints":{"allow":["GET"]}}],"collection":[{"href":"https:\/\/www.encontraminasgerais.com.br\/itabira\/wp-json\/wp\/v2\/posts"}],"about":[{"href":"https:\/\/www.encontraminasgerais.com.br\/itabira\/wp-json\/wp\/v2\/types\/post"}],"author":[{"embeddable":true,"href":"https:\/\/www.encontraminasgerais.com.br\/itabira\/wp-json\/wp\/v2\/users\/1"}],"replies":[{"embeddable":true,"href":"https:\/\/www.encontraminasgerais.com.br\/itabira\/wp-json\/wp\/v2\/comments?post=6125"}],"version-history":[{"count":0,"href":"https:\/\/www.encontraminasgerais.com.br\/itabira\/wp-json\/wp\/v2\/posts\/6125\/revisions"}],"wp:featuredmedia":[{"embeddable":true,"href":"https:\/\/www.encontraminasgerais.com.br\/itabira\/wp-json\/wp\/v2\/media\/6124"}],"wp:attachment":[{"href":"https:\/\/www.encontraminasgerais.com.br\/itabira\/wp-json\/wp\/v2\/media?parent=6125"}],"wp:term":[{"taxonomy":"category","embeddable":true,"href":"https:\/\/www.encontraminasgerais.com.br\/itabira\/wp-json\/wp\/v2\/categories?post=6125"},{"taxonomy":"post_tag","embeddable":true,"href":"https:\/\/www.encontraminasgerais.com.br\/itabira\/wp-json\/wp\/v2\/tags?post=6125"}],"curies":[{"name":"wp","href":"https:\/\/api.w.org\/{rel}","templated":true}]}}