{"id":6127,"date":"2026-07-29T11:20:32","date_gmt":"2026-07-29T14:20:32","guid":{"rendered":"https:\/\/www.encontraminasgerais.com.br\/itabira\/primeiro-fim-de-semana-do-8o-festival-de-inverno-reune-grande-publico-e-valoriza-artistas-locais-em-santa-maria-de-itabira\/"},"modified":"2026-07-29T11:20:32","modified_gmt":"2026-07-29T14:20:32","slug":"primeiro-fim-de-semana-do-8o-festival-de-inverno-reune-grande-publico-e-valoriza-artistas-locais-em-santa-maria-de-itabira","status":"publish","type":"post","link":"https:\/\/www.encontraminasgerais.com.br\/itabira\/primeiro-fim-de-semana-do-8o-festival-de-inverno-reune-grande-publico-e-valoriza-artistas-locais-em-santa-maria-de-itabira\/","title":{"rendered":"Primeiro fim de semana do 8\u00ba Festival de Inverno re\u00fane grande p\u00fablico e valoriza artistas locais em Santa Maria de Itabira"},"content":{"rendered":"<h2>Programa\u00e7\u00e3o Itinerante do Festival<\/h2>\n<p>O <strong>8\u00ba Festival de Inverno de Santa Maria de Itabira<\/strong> teve como grande destaque a sua programa\u00e7\u00e3o itinerante, que levou v\u00e1rias atra\u00e7\u00f5es para diferentes localidades dentro da cidade. O evento come\u00e7ou no <strong>Beco do Funil<\/strong>, oferecendo um espa\u00e7o acolhedor para que muitas fam\u00edlias pudessem aproveitar performances art\u00edsticas e se divertir em um ambiente cultural vibrante. No segundo dia, o palco foi montado no ic\u00f4nico <strong>Mirante do Cruzeiro<\/strong>, um dos pontos tur\u00edsticos mais famosos da regi\u00e3o, que proporcionou uma vista espetacular enquanto o p\u00fablico desfrutava das apresenta\u00e7\u00f5es. O final de semana foi encerrado com grandes atra\u00e7\u00f5es na <strong>Vila Mar\u00edlia Costa<\/strong>, onde a comunidade pode vivenciar a riqueza da cultura local atrav\u00e9s da m\u00fasica ao vivo.<\/p>\n<h2>Impacto Econ\u00f4mico na Comunidade<\/h2>\n<p>Al\u00e9m do espet\u00e1culo cultural, o festival trouxe um impacto significativo \u00e0 economia local. Comerciantes da regi\u00e3o relataram um aumento no fluxo de clientes durante os dias do evento. Entre os empreendedores, a cantora e empres\u00e1ria <strong>Jhessy Mizera<\/strong> comentou sobre a import\u00e2ncia do festival para incentivar as vendas e ajudar a movimentar o com\u00e9rcio local, destacando a uni\u00e3o de empres\u00e1rios em momentos como esse, eternizando a conex\u00e3o entre cultura e gera\u00e7\u00e3o de renda.<\/p>\n<h2>A Valoriza\u00e7\u00e3o dos Artistas Locais<\/h2>\n<p>Um dos principais objetivos do evento foi proporcionar um espa\u00e7o para os artistas locais, o que foi amplamente alcan\u00e7ado. Diversas performances realizadas por m\u00fasicos e grupos da cidade foram promovidas ao longo do festival. A artista <strong>Lara Drummond<\/strong>, por exemplo, se apresentou com a banda <strong>C\u00ea Acredita<\/strong>, trazendo um mix de emo\u00e7\u00f5es ao palco. Al\u00e9m disso, o cantor <strong>Theu<\/strong> teve um momento especial ao se apresentar em sua comunidade de origem, a <strong>Vila Mar\u00edlia Costa<\/strong>, atraindo um p\u00fablico engajado que vibrava a cada can\u00e7\u00e3o.<\/p>\n<p><img decoding=\"async\" src=\"https:\/\/www.encontraminasgerais.com.br\/itabira\/wp-content\/uploads\/2026\/07\/primeiro-fim-de-semana-do-8-festival-de-inverno-reune-grande-publico-e-valoriza-artistas-locais-em-s.webp\" alt=\"Festival de Inverno Santa Maria de Itabira\" loading=\"lazy\" \/><\/p>\n<h2>Depoimentos do Prefeito Andr\u00e9 L\u00facio Torres<\/h2>\n<p>Em entrevista com o <strong>Plant\u00e3o Santamariense<\/strong>, o prefeito <strong>Andr\u00e9 L\u00facio Torres<\/strong> destacou como o festival foi cuidadosamente planejado para permitir que a cultura fosse descentralizada, alcan\u00e7ando diversos bairros e conectando a popula\u00e7\u00e3o a eventos culturais diversificados. Ele mencionou que essa abordagem n\u00e3o apenas promove a cultura local, mas tamb\u00e9m fortalece a economia, ao incentivar o turismo e integrar a comunidade. Para ele, a realiza\u00e7\u00e3o do festival \u00e9 fundamental para reafirmar a identidade cultural do munic\u00edpio.<\/p>\n<h2>Diversidade Cultural nas Atra\u00e7\u00f5es<\/h2>\n<p>A pluralidade das atra\u00e7\u00f5es foi um dos pontos altos do festival. O evento n\u00e3o se limitou a um \u00fanico estilo musical, mas incluiu uma variedade que abrangeu diferentes g\u00eaneros e express\u00f5es. Esse aspecto n\u00e3o apenas enriqueceu a experi\u00eancia dos espectadores, mas tamb\u00e9m proporcionou visibilidade a grupos e artistas que, muitas vezes, n\u00e3o t\u00eam espa\u00e7o em eventos maiores. A diversidade cultural foi celebrada em cada apresenta\u00e7\u00e3o, refletindo a riqueza do talento local.<\/p>\n<h2>O Papel do Com\u00e9rcio no Evento<\/h2>\n<p>O com\u00e9rcio local desempenhou um papel crucial durante o <strong>Festival de Inverno<\/strong>. N\u00e3o apenas os artistas tiveram a oportunidade de se apresentar e mostrar seu trabalho, mas tamb\u00e9m os empres\u00e1rios locais foram beneficiados com um aumento na movimenta\u00e7\u00e3o financeira. O festival se tornou um ponto de encontro para a comunidade e visitantes, estimulando vendas e gerando renda para restaurantes, lojas e servi\u00e7os. Essa sinergia entre cultura e com\u00e9rcio demonstrou ser uma f\u00f3rmula eficaz para promover a economia municipal.<\/p>\n<h2>Expectativas para as Pr\u00f3ximas Atra\u00e7\u00f5es<\/h2>\n<p>O festival promete continuar com atra\u00e7\u00f5es diversificadas durante a sua segunda semana. Com a programa\u00e7\u00e3o agora centrada na <strong>Pra\u00e7a Adem Pires<\/strong>, os organizadores e os artistas locais se preparam para mais dias de celebra\u00e7\u00e3o, m\u00fasica e cultura. Existe uma grande expectativa para que a continua\u00e7\u00e3o do festival traga ainda mais visitantes e continue a transformar Santa Maria de Itabira em um polo de cultura e entretenimento. <\/p>\n<h2>Apoio do Plant\u00e3o Santamariense<\/h2>\n<p>O <strong>Plant\u00e3o Santamariense<\/strong> teve uma cobertura especial do evento, mostrando n\u00e3o apenas as apresenta\u00e7\u00f5es, mas tamb\u00e9m os bastidores do festival. A equipe acompanhou a dedica\u00e7\u00e3o de comerciantes, volunt\u00e1rios e organizadores, revelando o compromisso de todos em proporcionar uma experi\u00eancia rica e memor\u00e1vel ao p\u00fablico. A presen\u00e7a dos jornais locais nas coberturas tamb\u00e9m funcionou para engajar mais a popula\u00e7\u00e3o, que se mobilizou para comparecer e apoiar o que \u00e9 produzido na cidade.<\/p>\n<h2>Experi\u00eancia do P\u00fablico no Festival<\/h2>\n<p>O p\u00fablico expressou sua satisfa\u00e7\u00e3o com a organiza\u00e7\u00e3o e as atra\u00e7\u00f5es do festival. Muitas pessoas elogiaram a receptividade dos moradores e a proposta de levar cultura para diversas regi\u00f5es, reafirmando a import\u00e2ncia do evento como um momento de conviv\u00eancia familiar e comunit\u00e1ria. A energia vibrante que tomou conta das apresenta\u00e7\u00f5es fez com que os espectadores se sentissem parte de algo maior, tornando o festival uma experi\u00eancia memor\u00e1vel e que deve ser largamente repetida nos anos futuros.<\/p>\n<h2>Celebra\u00e7\u00e3o da Identidade Cultural<\/h2>\n<p>O 8\u00ba Festival de Inverno foi, sem d\u00favida, uma celebra\u00e7\u00e3o da identidade cultural de Santa Maria de Itabira. Ao proporcionar um espa\u00e7o para a express\u00e3o art\u00edstica, o festival se colocou n\u00e3o apenas como um evento de entretenimento, mas como uma reafirma\u00e7\u00e3o dos valores culturais e sociais da comunidade. Atrav\u00e9s da m\u00fasica, da dan\u00e7a e da gastronomia, ficou evidente o potencial que a cidade tem a oferecer, destacando sua riqueza cultural e a import\u00e2ncia de eventos que promovam e valorizem o que \u00e9 produzido localmente.<\/p>\n","protected":false},"excerpt":{"rendered":"<p>Festival de Inverno leva arte e cultura a Santa Maria com grande p\u00fablico.<\/p>\n","protected":false},"author":1,"featured_media":6126,"comment_status":"open","ping_status":"open","sticky":false,"template":"","format":"standard","meta":{"footnotes":""},"categories":[902],"tags":[],"class_list":["post-6127","post","type-post","status-publish","format-standard","has-post-thumbnail","hentry","category-shows","has_thumb"],"yoast_head":"<!-- This site is optimized with the Yoast SEO plugin v28.1 - https:\/\/yoast.com\/product\/yoast-seo-wordpress\/ -->\n<title>Primeiro fim de semana do 8\u00ba Festival de Inverno re\u00fane grande p\u00fablico e valoriza artistas locais em Santa Maria de Itabira | Guia Comercial de Itabira MG<\/title>\n<meta name=\"robots\" content=\"index, follow, max-snippet:-1, max-image-preview:large, max-video-preview:-1\" \/>\n<link rel=\"canonical\" href=\"https:\/\/www.encontraminasgerais.com.br\/itabira\/primeiro-fim-de-semana-do-8o-festival-de-inverno-reune-grande-publico-e-valoriza-artistas-locais-em-santa-maria-de-itabira\/\" \/>\n<meta property=\"og:locale\" content=\"pt_BR\" \/>\n<meta property=\"og:type\" content=\"article\" \/>\n<meta property=\"og:title\" content=\"Primeiro fim de semana do 8\u00ba Festival de Inverno re\u00fane grande p\u00fablico e valoriza artistas locais em Santa Maria de Itabira | Guia Comercial de Itabira MG\" \/>\n<meta property=\"og:description\" content=\"Festival de Inverno leva arte e cultura a Santa Maria com grande p\u00fablico.\" \/>\n<meta property=\"og:url\" content=\"https:\/\/www.encontraminasgerais.com.br\/itabira\/primeiro-fim-de-semana-do-8o-festival-de-inverno-reune-grande-publico-e-valoriza-artistas-locais-em-santa-maria-de-itabira\/\" \/>\n<meta property=\"og:site_name\" content=\"Guia Comercial de Itabira MG\" \/>\n<meta property=\"article:published_time\" content=\"2026-07-29T14:20:32+00:00\" \/>\n<meta property=\"og:image\" content=\"https:\/\/www.encontraminasgerais.com.br\/itabira\/wp-content\/uploads\/2026\/07\/primeiro-fim-de-semana-do-8-festival-de-inverno-reune-grande-publico-e-valoriza-artistas-locais-em-s.webp\" \/>\n<meta name=\"author\" content=\"Encontra Itabira\" \/>\n<meta name=\"twitter:card\" content=\"summary_large_image\" \/>\n<meta name=\"twitter:label1\" content=\"Escrito por\" \/>\n\t<meta name=\"twitter:data1\" content=\"Encontra Itabira\" \/>\n\t<meta name=\"twitter:label2\" content=\"Est. tempo de leitura\" \/>\n\t<meta name=\"twitter:data2\" content=\"5 minutos\" \/>\n<script type=\"application\/ld+json\" class=\"yoast-schema-graph\">{\"@context\":\"https:\\\/\\\/schema.org\",\"@graph\":[{\"@type\":\"Article\",\"@id\":\"https:\\\/\\\/www.encontraminasgerais.com.br\\\/itabira\\\/primeiro-fim-de-semana-do-8o-festival-de-inverno-reune-grande-publico-e-valoriza-artistas-locais-em-santa-maria-de-itabira\\\/#article\",\"isPartOf\":{\"@id\":\"https:\\\/\\\/www.encontraminasgerais.com.br\\\/itabira\\\/primeiro-fim-de-semana-do-8o-festival-de-inverno-reune-grande-publico-e-valoriza-artistas-locais-em-santa-maria-de-itabira\\\/\"},\"author\":{\"name\":\"Encontra Itabira\",\"@id\":\"https:\\\/\\\/www.encontraminasgerais.com.br\\\/itabira\\\/#\\\/schema\\\/person\\\/9ae8a8f5ce59322c92e2499b550870b0\"},\"headline\":\"Primeiro fim de semana do 8\u00ba Festival de Inverno re\u00fane grande p\u00fablico e valoriza artistas locais em Santa Maria de Itabira\",\"datePublished\":\"2026-07-29T14:20:32+00:00\",\"mainEntityOfPage\":{\"@id\":\"https:\\\/\\\/www.encontraminasgerais.com.br\\\/itabira\\\/primeiro-fim-de-semana-do-8o-festival-de-inverno-reune-grande-publico-e-valoriza-artistas-locais-em-santa-maria-de-itabira\\\/\"},\"wordCount\":967,\"commentCount\":0,\"image\":{\"@id\":\"https:\\\/\\\/www.encontraminasgerais.com.br\\\/itabira\\\/primeiro-fim-de-semana-do-8o-festival-de-inverno-reune-grande-publico-e-valoriza-artistas-locais-em-santa-maria-de-itabira\\\/#primaryimage\"},\"thumbnailUrl\":\"https:\\\/\\\/www.encontraminasgerais.com.br\\\/itabira\\\/wp-content\\\/uploads\\\/2026\\\/07\\\/primeiro-fim-de-semana-do-8-festival-de-inverno-reune-grande-publico-e-valoriza-artistas-locais-em-s.webp\",\"articleSection\":[\"Shows Itabira\"],\"inLanguage\":\"pt-BR\",\"potentialAction\":[{\"@type\":\"CommentAction\",\"name\":\"Comment\",\"target\":[\"https:\\\/\\\/www.encontraminasgerais.com.br\\\/itabira\\\/primeiro-fim-de-semana-do-8o-festival-de-inverno-reune-grande-publico-e-valoriza-artistas-locais-em-santa-maria-de-itabira\\\/#respond\"]}]},{\"@type\":\"WebPage\",\"@id\":\"https:\\\/\\\/www.encontraminasgerais.com.br\\\/itabira\\\/primeiro-fim-de-semana-do-8o-festival-de-inverno-reune-grande-publico-e-valoriza-artistas-locais-em-santa-maria-de-itabira\\\/\",\"url\":\"https:\\\/\\\/www.encontraminasgerais.com.br\\\/itabira\\\/primeiro-fim-de-semana-do-8o-festival-de-inverno-reune-grande-publico-e-valoriza-artistas-locais-em-santa-maria-de-itabira\\\/\",\"name\":\"Primeiro fim de semana do 8\u00ba Festival de Inverno re\u00fane grande p\u00fablico e valoriza artistas locais em Santa Maria de Itabira | Guia Comercial de Itabira MG\",\"isPartOf\":{\"@id\":\"https:\\\/\\\/www.encontraminasgerais.com.br\\\/itabira\\\/#website\"},\"primaryImageOfPage\":{\"@id\":\"https:\\\/\\\/www.encontraminasgerais.com.br\\\/itabira\\\/primeiro-fim-de-semana-do-8o-festival-de-inverno-reune-grande-publico-e-valoriza-artistas-locais-em-santa-maria-de-itabira\\\/#primaryimage\"},\"image\":{\"@id\":\"https:\\\/\\\/www.encontraminasgerais.com.br\\\/itabira\\\/primeiro-fim-de-semana-do-8o-festival-de-inverno-reune-grande-publico-e-valoriza-artistas-locais-em-santa-maria-de-itabira\\\/#primaryimage\"},\"thumbnailUrl\":\"https:\\\/\\\/www.encontraminasgerais.com.br\\\/itabira\\\/wp-content\\\/uploads\\\/2026\\\/07\\\/primeiro-fim-de-semana-do-8-festival-de-inverno-reune-grande-publico-e-valoriza-artistas-locais-em-s.webp\",\"datePublished\":\"2026-07-29T14:20:32+00:00\",\"author\":{\"@id\":\"https:\\\/\\\/www.encontraminasgerais.com.br\\\/itabira\\\/#\\\/schema\\\/person\\\/9ae8a8f5ce59322c92e2499b550870b0\"},\"inLanguage\":\"pt-BR\",\"potentialAction\":[{\"@type\":\"ReadAction\",\"target\":[\"https:\\\/\\\/www.encontraminasgerais.com.br\\\/itabira\\\/primeiro-fim-de-semana-do-8o-festival-de-inverno-reune-grande-publico-e-valoriza-artistas-locais-em-santa-maria-de-itabira\\\/\"]}]},{\"@type\":\"ImageObject\",\"inLanguage\":\"pt-BR\",\"@id\":\"https:\\\/\\\/www.encontraminasgerais.com.br\\\/itabira\\\/primeiro-fim-de-semana-do-8o-festival-de-inverno-reune-grande-publico-e-valoriza-artistas-locais-em-santa-maria-de-itabira\\\/#primaryimage\",\"url\":\"https:\\\/\\\/www.encontraminasgerais.com.br\\\/itabira\\\/wp-content\\\/uploads\\\/2026\\\/07\\\/primeiro-fim-de-semana-do-8-festival-de-inverno-reune-grande-publico-e-valoriza-artistas-locais-em-s.webp\",\"contentUrl\":\"https:\\\/\\\/www.encontraminasgerais.com.br\\\/itabira\\\/wp-content\\\/uploads\\\/2026\\\/07\\\/primeiro-fim-de-semana-do-8-festival-de-inverno-reune-grande-publico-e-valoriza-artistas-locais-em-s.webp\",\"width\":280,\"height\":280,\"caption\":\"Festival de Inverno Santa Maria de Itabira\"},{\"@type\":\"WebSite\",\"@id\":\"https:\\\/\\\/www.encontraminasgerais.com.br\\\/itabira\\\/#website\",\"url\":\"https:\\\/\\\/www.encontraminasgerais.com.br\\\/itabira\\\/\",\"name\":\"Guia Comercial de Itabira MG\",\"description\":\"ENCONTRA ITABIRA - O guia comercial de neg\u00f3cios e empresas, cultura e divers\u00e3o na cidade de Itabira. Feito 100% para voc\u00ea morador!\",\"potentialAction\":[{\"@type\":\"SearchAction\",\"target\":{\"@type\":\"EntryPoint\",\"urlTemplate\":\"https:\\\/\\\/www.encontraminasgerais.com.br\\\/itabira\\\/?s={search_term_string}\"},\"query-input\":{\"@type\":\"PropertyValueSpecification\",\"valueRequired\":true,\"valueName\":\"search_term_string\"}}],\"inLanguage\":\"pt-BR\"},{\"@type\":\"Person\",\"@id\":\"https:\\\/\\\/www.encontraminasgerais.com.br\\\/itabira\\\/#\\\/schema\\\/person\\\/9ae8a8f5ce59322c92e2499b550870b0\",\"name\":\"Encontra Itabira\",\"image\":{\"@type\":\"ImageObject\",\"inLanguage\":\"pt-BR\",\"@id\":\"https:\\\/\\\/secure.gravatar.com\\\/avatar\\\/c50c17820bcf322f0a8fd6b110b8c0918141409dc69076470f6fca5fee70a5d4?s=96&d=mm&r=g\",\"url\":\"https:\\\/\\\/secure.gravatar.com\\\/avatar\\\/c50c17820bcf322f0a8fd6b110b8c0918141409dc69076470f6fca5fee70a5d4?s=96&d=mm&r=g\",\"contentUrl\":\"https:\\\/\\\/secure.gravatar.com\\\/avatar\\\/c50c17820bcf322f0a8fd6b110b8c0918141409dc69076470f6fca5fee70a5d4?s=96&d=mm&r=g\",\"caption\":\"Encontra Itabira\"},\"url\":\"https:\\\/\\\/www.encontraminasgerais.com.br\\\/itabira\\\/author\\\/encontraitabira\\\/\"}]}<\/script>\n<!-- \/ Yoast SEO plugin. -->","yoast_head_json":{"title":"Primeiro fim de semana do 8\u00ba Festival de Inverno re\u00fane grande p\u00fablico e valoriza artistas locais em Santa Maria de Itabira | Guia Comercial de Itabira MG","robots":{"index":"index","follow":"follow","max-snippet":"max-snippet:-1","max-image-preview":"max-image-preview:large","max-video-preview":"max-video-preview:-1"},"canonical":"https:\/\/www.encontraminasgerais.com.br\/itabira\/primeiro-fim-de-semana-do-8o-festival-de-inverno-reune-grande-publico-e-valoriza-artistas-locais-em-santa-maria-de-itabira\/","og_locale":"pt_BR","og_type":"article","og_title":"Primeiro fim de semana do 8\u00ba Festival de Inverno re\u00fane grande p\u00fablico e valoriza artistas locais em Santa Maria de Itabira | Guia Comercial de Itabira MG","og_description":"Festival de Inverno leva arte e cultura a Santa Maria com grande p\u00fablico.","og_url":"https:\/\/www.encontraminasgerais.com.br\/itabira\/primeiro-fim-de-semana-do-8o-festival-de-inverno-reune-grande-publico-e-valoriza-artistas-locais-em-santa-maria-de-itabira\/","og_site_name":"Guia Comercial de Itabira MG","article_published_time":"2026-07-29T14:20:32+00:00","og_image":[{"url":"https:\/\/www.encontraminasgerais.com.br\/itabira\/wp-content\/uploads\/2026\/07\/primeiro-fim-de-semana-do-8-festival-de-inverno-reune-grande-publico-e-valoriza-artistas-locais-em-s.webp","type":"","width":"","height":""}],"author":"Encontra Itabira","twitter_card":"summary_large_image","twitter_misc":{"Escrito por":"Encontra Itabira","Est. tempo de leitura":"5 minutos"},"schema":{"@context":"https:\/\/schema.org","@graph":[{"@type":"Article","@id":"https:\/\/www.encontraminasgerais.com.br\/itabira\/primeiro-fim-de-semana-do-8o-festival-de-inverno-reune-grande-publico-e-valoriza-artistas-locais-em-santa-maria-de-itabira\/#article","isPartOf":{"@id":"https:\/\/www.encontraminasgerais.com.br\/itabira\/primeiro-fim-de-semana-do-8o-festival-de-inverno-reune-grande-publico-e-valoriza-artistas-locais-em-santa-maria-de-itabira\/"},"author":{"name":"Encontra Itabira","@id":"https:\/\/www.encontraminasgerais.com.br\/itabira\/#\/schema\/person\/9ae8a8f5ce59322c92e2499b550870b0"},"headline":"Primeiro fim de semana do 8\u00ba Festival de Inverno re\u00fane grande p\u00fablico e valoriza artistas locais em Santa Maria de Itabira","datePublished":"2026-07-29T14:20:32+00:00","mainEntityOfPage":{"@id":"https:\/\/www.encontraminasgerais.com.br\/itabira\/primeiro-fim-de-semana-do-8o-festival-de-inverno-reune-grande-publico-e-valoriza-artistas-locais-em-santa-maria-de-itabira\/"},"wordCount":967,"commentCount":0,"image":{"@id":"https:\/\/www.encontraminasgerais.com.br\/itabira\/primeiro-fim-de-semana-do-8o-festival-de-inverno-reune-grande-publico-e-valoriza-artistas-locais-em-santa-maria-de-itabira\/#primaryimage"},"thumbnailUrl":"https:\/\/www.encontraminasgerais.com.br\/itabira\/wp-content\/uploads\/2026\/07\/primeiro-fim-de-semana-do-8-festival-de-inverno-reune-grande-publico-e-valoriza-artistas-locais-em-s.webp","articleSection":["Shows Itabira"],"inLanguage":"pt-BR","potentialAction":[{"@type":"CommentAction","name":"Comment","target":["https:\/\/www.encontraminasgerais.com.br\/itabira\/primeiro-fim-de-semana-do-8o-festival-de-inverno-reune-grande-publico-e-valoriza-artistas-locais-em-santa-maria-de-itabira\/#respond"]}]},{"@type":"WebPage","@id":"https:\/\/www.encontraminasgerais.com.br\/itabira\/primeiro-fim-de-semana-do-8o-festival-de-inverno-reune-grande-publico-e-valoriza-artistas-locais-em-santa-maria-de-itabira\/","url":"https:\/\/www.encontraminasgerais.com.br\/itabira\/primeiro-fim-de-semana-do-8o-festival-de-inverno-reune-grande-publico-e-valoriza-artistas-locais-em-santa-maria-de-itabira\/","name":"Primeiro fim de semana do 8\u00ba Festival de Inverno re\u00fane grande p\u00fablico e valoriza artistas locais em Santa Maria de Itabira | Guia Comercial de Itabira MG","isPartOf":{"@id":"https:\/\/www.encontraminasgerais.com.br\/itabira\/#website"},"primaryImageOfPage":{"@id":"https:\/\/www.encontraminasgerais.com.br\/itabira\/primeiro-fim-de-semana-do-8o-festival-de-inverno-reune-grande-publico-e-valoriza-artistas-locais-em-santa-maria-de-itabira\/#primaryimage"},"image":{"@id":"https:\/\/www.encontraminasgerais.com.br\/itabira\/primeiro-fim-de-semana-do-8o-festival-de-inverno-reune-grande-publico-e-valoriza-artistas-locais-em-santa-maria-de-itabira\/#primaryimage"},"thumbnailUrl":"https:\/\/www.encontraminasgerais.com.br\/itabira\/wp-content\/uploads\/2026\/07\/primeiro-fim-de-semana-do-8-festival-de-inverno-reune-grande-publico-e-valoriza-artistas-locais-em-s.webp","datePublished":"2026-07-29T14:20:32+00:00","author":{"@id":"https:\/\/www.encontraminasgerais.com.br\/itabira\/#\/schema\/person\/9ae8a8f5ce59322c92e2499b550870b0"},"inLanguage":"pt-BR","potentialAction":[{"@type":"ReadAction","target":["https:\/\/www.encontraminasgerais.com.br\/itabira\/primeiro-fim-de-semana-do-8o-festival-de-inverno-reune-grande-publico-e-valoriza-artistas-locais-em-santa-maria-de-itabira\/"]}]},{"@type":"ImageObject","inLanguage":"pt-BR","@id":"https:\/\/www.encontraminasgerais.com.br\/itabira\/primeiro-fim-de-semana-do-8o-festival-de-inverno-reune-grande-publico-e-valoriza-artistas-locais-em-santa-maria-de-itabira\/#primaryimage","url":"https:\/\/www.encontraminasgerais.com.br\/itabira\/wp-content\/uploads\/2026\/07\/primeiro-fim-de-semana-do-8-festival-de-inverno-reune-grande-publico-e-valoriza-artistas-locais-em-s.webp","contentUrl":"https:\/\/www.encontraminasgerais.com.br\/itabira\/wp-content\/uploads\/2026\/07\/primeiro-fim-de-semana-do-8-festival-de-inverno-reune-grande-publico-e-valoriza-artistas-locais-em-s.webp","width":280,"height":280,"caption":"Festival de Inverno Santa Maria de Itabira"},{"@type":"WebSite","@id":"https:\/\/www.encontraminasgerais.com.br\/itabira\/#website","url":"https:\/\/www.encontraminasgerais.com.br\/itabira\/","name":"Guia Comercial de Itabira MG","description":"ENCONTRA ITABIRA - O guia comercial de neg\u00f3cios e empresas, cultura e divers\u00e3o na cidade de Itabira. Feito 100% para voc\u00ea morador!","potentialAction":[{"@type":"SearchAction","target":{"@type":"EntryPoint","urlTemplate":"https:\/\/www.encontraminasgerais.com.br\/itabira\/?s={search_term_string}"},"query-input":{"@type":"PropertyValueSpecification","valueRequired":true,"valueName":"search_term_string"}}],"inLanguage":"pt-BR"},{"@type":"Person","@id":"https:\/\/www.encontraminasgerais.com.br\/itabira\/#\/schema\/person\/9ae8a8f5ce59322c92e2499b550870b0","name":"Encontra Itabira","image":{"@type":"ImageObject","inLanguage":"pt-BR","@id":"https:\/\/secure.gravatar.com\/avatar\/c50c17820bcf322f0a8fd6b110b8c0918141409dc69076470f6fca5fee70a5d4?s=96&d=mm&r=g","url":"https:\/\/secure.gravatar.com\/avatar\/c50c17820bcf322f0a8fd6b110b8c0918141409dc69076470f6fca5fee70a5d4?s=96&d=mm&r=g","contentUrl":"https:\/\/secure.gravatar.com\/avatar\/c50c17820bcf322f0a8fd6b110b8c0918141409dc69076470f6fca5fee70a5d4?s=96&d=mm&r=g","caption":"Encontra Itabira"},"url":"https:\/\/www.encontraminasgerais.com.br\/itabira\/author\/encontraitabira\/"}]}},"_links":{"self":[{"href":"https:\/\/www.encontraminasgerais.com.br\/itabira\/wp-json\/wp\/v2\/posts\/6127","targetHints":{"allow":["GET"]}}],"collection":[{"href":"https:\/\/www.encontraminasgerais.com.br\/itabira\/wp-json\/wp\/v2\/posts"}],"about":[{"href":"https:\/\/www.encontraminasgerais.com.br\/itabira\/wp-json\/wp\/v2\/types\/post"}],"author":[{"embeddable":true,"href":"https:\/\/www.encontraminasgerais.com.br\/itabira\/wp-json\/wp\/v2\/users\/1"}],"replies":[{"embeddable":true,"href":"https:\/\/www.encontraminasgerais.com.br\/itabira\/wp-json\/wp\/v2\/comments?post=6127"}],"version-history":[{"count":0,"href":"https:\/\/www.encontraminasgerais.com.br\/itabira\/wp-json\/wp\/v2\/posts\/6127\/revisions"}],"wp:featuredmedia":[{"embeddable":true,"href":"https:\/\/www.encontraminasgerais.com.br\/itabira\/wp-json\/wp\/v2\/media\/6126"}],"wp:attachment":[{"href":"https:\/\/www.encontraminasgerais.com.br\/itabira\/wp-json\/wp\/v2\/media?parent=6127"}],"wp:term":[{"taxonomy":"category","embeddable":true,"href":"https:\/\/www.encontraminasgerais.com.br\/itabira\/wp-json\/wp\/v2\/categories?post=6127"},{"taxonomy":"post_tag","embeddable":true,"href":"https:\/\/www.encontraminasgerais.com.br\/itabira\/wp-json\/wp\/v2\/tags?post=6127"}],"curies":[{"name":"wp","href":"https:\/\/api.w.org\/{rel}","templated":true}]}}