{"id":6133,"date":"2026-07-30T13:56:14","date_gmt":"2026-07-30T16:56:14","guid":{"rendered":"https:\/\/www.encontraminasgerais.com.br\/itabira\/noticia-projeto-me-vejo-no-limoeiro-mobiliza-370-estudantes-em-visitas-ao-parque-do-limoeiro\/"},"modified":"2026-07-30T13:56:14","modified_gmt":"2026-07-30T16:56:14","slug":"noticia-projeto-me-vejo-no-limoeiro-mobiliza-370-estudantes-em-visitas-ao-parque-do-limoeiro","status":"publish","type":"post","link":"https:\/\/www.encontraminasgerais.com.br\/itabira\/noticia-projeto-me-vejo-no-limoeiro-mobiliza-370-estudantes-em-visitas-ao-parque-do-limoeiro\/","title":{"rendered":"Not\u00edcia: Projeto \u201cMe Vejo No Limoeiro\u201d Mobiliza 370 Estudantes Em Visitas Ao Parque Do Limoeiro"},"content":{"rendered":"<h2>Entendendo o Projeto Me Vejo No Limoeiro<\/h2>\n<p>O projeto &#8220;Me Vejo no Limoeiro&#8221; \u00e9 uma iniciativa da Move Cultura que visa promover a educa\u00e7\u00e3o ambiental, fortalecer la\u00e7os comunit\u00e1rios e incentivar a produ\u00e7\u00e3o art\u00edstica entre crian\u00e7as e adolescentes da cidade de Itabira, em Minas Gerais. Este programa \u00e9 testamentar do compromisso com a forma\u00e7\u00e3o de uma gera\u00e7\u00e3o mais consciente e engajada em cuidar do meio ambiente.<\/p>\n<h2>Import\u00e2ncia da Educa\u00e7\u00e3o Ambiental para Jovens<\/h2>\n<p>A educa\u00e7\u00e3o ambiental \u00e9 fundamental para desenvolver a consci\u00eancia ecol\u00f3gica naventura de vida dos jovens. Atrav\u00e9s de experi\u00eancias pr\u00e1ticas, como as oferecidas pelo projeto, os estudantes n\u00e3o apenas aprendem sobre a biodiversidade, mas tamb\u00e9m compreendem a import\u00e2ncia da preserva\u00e7\u00e3o dos recursos naturais e o papel que desempenham na prote\u00e7\u00e3o do seu entorno.<\/p>\n<h2>Visitas Pedag\u00f3gicas ao Parque Estadual Mata do Limoeiro<\/h2>\n<p>Durante os meses de maio e junho, aproximadamente 370 alunos de diversas escolas p\u00fablicas da regi\u00e3o participaram de visitas ao Parque Estadual Mata do Limoeiro. Essas atividades tiveram um car\u00e1ter pedag\u00f3gico, explorando trilhas e apresentando a rica biodiversidade da \u00e1rea. Alunos de escolas como Professor Alfredo Sampaio e Dona Maria Elias, entre outras, tiveram a oportunidade de se conectar com seu patrim\u00f4nio ambiental de uma forma interativa.<\/p>\n<p><img decoding=\"async\" src=\"https:\/\/www.encontraminasgerais.com.br\/itabira\/wp-content\/uploads\/2026\/07\/noticia-projeto-me-vejo-no-limoeiro-mobiliza-370-estudantes-em-visitas-ao-parque-do-limoeiro.webp\" alt=\"Me Vejo No Limoeiro\" loading=\"lazy\" \/><\/p>\n<h2>Atividades Promovidas Durante as Visitas<\/h2>\n<p>As visitas guiadas foram planejadas para que os participantes vivenciassem de perto a riqueza natural do parque. Durante os passeios, os alunos puderam observar diferentes esp\u00e9cies de plantas e animais, al\u00e9m de participar de oficinas que incentivaram a reflex\u00e3o sobre o meio ambiente, cultura e identidade local.<\/p>\n<h2>A Reflex\u00e3o sobre Preserva\u00e7\u00e3o e Cultura<\/h2>\n<p>Um dos objetivos centrais do projeto \u00e9 incentivar a reflex\u00e3o sobre como a preserva\u00e7\u00e3o ambiental se liga \u00e0 cultura e \u00e0 mem\u00f3ria coletiva da comunidade. Ao promover essas discuss\u00f5es, os jovens se tornam mais conscientes sobre sua identidade e seu papel na prote\u00e7\u00e3o do meio ambiente, aprendendo a valorizar a hist\u00f3ria e a cultura de sua regi\u00e3o.<\/p>\n<h2>Concursos Culturais e Cria\u00e7\u00e3o Art\u00edstica<\/h2>\n<p>Parte crucial do projeto inclui a realiza\u00e7\u00e3o do Concurso Cultural Me Vejo no Limoeiro, onde os alunos t\u00eam a chance de expressar suas experi\u00eancias e aprendizados atrav\u00e9s da arte. Recebendo kits de arte, os estudantes criam desenhos e composi\u00e7\u00f5es liter\u00e1rias que abordam o que aprenderam durante as visitas ao parque. Essas cria\u00e7\u00f5es ser\u00e3o expostas publicamente e far\u00e3o parte de uma publica\u00e7\u00e3o que re\u00fane os trabalhos desenvolvidos.<\/p>\n<h2>Parcerias e Apoios Institucionais<\/h2>\n<p>O sucesso do projeto &#8220;Me Vejo no Limoeiro&#8221; deve-se tamb\u00e9m \u00e0s corpora\u00e7\u00f5es que atuam em parceria, como a Prefeitura de Itabira e diversas institui\u00e7\u00f5es educacionais e profissionais. O apoio efetivo desses \u00f3rg\u00e3os foi fundamental para viabilizar as atividades e garantir que um maior n\u00famero de jovens pudesse participar e se beneficiar das experi\u00eancias oferecidas.<\/p>\n<h2>Benef\u00edcios do Projeto para as Escolas<\/h2>\n<p>A participa\u00e7\u00e3o no projeto trouxe uma s\u00e9rie de vantagens para as escolas envolvidas. Os alunos n\u00e3o s\u00f3 ganharam novos conhecimentos e habilidades, como tamb\u00e9m receberam materiais art\u00edsticos que podem ser utilizados em futuras atividades. Esse tipo de iniciativa enriquece a experi\u00eancia educacional, promovendo o aprendizado fora da sala de aula.<\/p>\n<h2>Desenvolvimento de Habilidades e V\u00ednculos<\/h2>\n<p>Ao longo do projeto, os alunos desenvolveram habilidades art\u00edsticas e refor\u00e7aram seus v\u00ednculos sociais e culturais. A intera\u00e7\u00e3o com colegas e educadores, bem como a experi\u00eancia pr\u00e1tica no parque, contribuiu para um ambiente de aprendizado colaborativo que valoriza aexpress\u00e3o criativa e o trabalho em equipe.<\/p>\n<h2>Acompanhamento e Futuros Passos do Projeto<\/h2>\n<p>Al\u00e9m das visitas e do Concurso Cultural, a equipe da Move Cultura continuar\u00e1 a acompanhar de perto o andamento das atividades nas escolas. Este acompanhamento inclui comunica\u00e7\u00e3o constante com educadores e a coleta das produ\u00e7\u00f5es dos alunos, o que refor\u00e7a a liga\u00e7\u00e3o entre escolas e a equipe do projeto. O fortalecimento desse v\u00ednculo \u00e9 essencial para o sucesso das iniciativas futuras.<\/p>\n<p>O projeto &#8220;Me Vejo no Limoeiro&#8221; disponibiliza uma plataforma para a constru\u00e7\u00e3o de uma narrativa comunit\u00e1ria em torno da educa\u00e7\u00e3o ambiental, unindo jovens em torno de valores essenciais para a preserva\u00e7\u00e3o e a identidade cultural.<\/p>\n<h2>Finalidade e Vis\u00e3o do Projeto<\/h2>\n<p>A proposta do &#8220;Me Vejo no Limoeiro&#8221; \u00e9 promover uma cartografia afetiva que represente a vis\u00e3o de mundo de crian\u00e7as e jovens, refletindo sobre suas mem\u00f3rias e a rela\u00e7\u00e3o com a natureza. As produ\u00e7\u00f5es art\u00edsticas resultantes da competi\u00e7\u00e3o ser\u00e3o n\u00e3o apenas uma forma de visibilizar o que foi aprendido, mas tamb\u00e9m servir\u00e3o para fomentar um discurso mais forte e consciente sobre a prote\u00e7\u00e3o ambiental.<\/p>\n","protected":false},"excerpt":{"rendered":"<p>O Projeto Me Vejo No Limoeiro mobiliza estudantes para um futuro sustent\u00e1vel.<\/p>\n","protected":false},"author":1,"featured_media":6132,"comment_status":"open","ping_status":"open","sticky":false,"template":"","format":"standard","meta":{"footnotes":""},"categories":[5],"tags":[],"class_list":["post-6133","post","type-post","status-publish","format-standard","has-post-thumbnail","hentry","category-noticias","has_thumb"],"yoast_head":"<!-- This site is optimized with the Yoast SEO plugin v28.1 - https:\/\/yoast.com\/product\/yoast-seo-wordpress\/ -->\n<title>Not\u00edcia: Projeto \u201cMe Vejo No Limoeiro\u201d Mobiliza 370 Estudantes Em Visitas Ao Parque Do Limoeiro | Guia Comercial de Itabira MG<\/title>\n<meta name=\"robots\" content=\"index, follow, max-snippet:-1, max-image-preview:large, max-video-preview:-1\" \/>\n<link rel=\"canonical\" href=\"https:\/\/www.encontraminasgerais.com.br\/itabira\/noticia-projeto-me-vejo-no-limoeiro-mobiliza-370-estudantes-em-visitas-ao-parque-do-limoeiro\/\" \/>\n<meta property=\"og:locale\" content=\"pt_BR\" \/>\n<meta property=\"og:type\" content=\"article\" \/>\n<meta property=\"og:title\" content=\"Not\u00edcia: Projeto \u201cMe Vejo No Limoeiro\u201d Mobiliza 370 Estudantes Em Visitas Ao Parque Do Limoeiro | Guia Comercial de Itabira MG\" \/>\n<meta property=\"og:description\" content=\"O Projeto Me Vejo No Limoeiro mobiliza estudantes para um futuro sustent\u00e1vel.\" \/>\n<meta property=\"og:url\" content=\"https:\/\/www.encontraminasgerais.com.br\/itabira\/noticia-projeto-me-vejo-no-limoeiro-mobiliza-370-estudantes-em-visitas-ao-parque-do-limoeiro\/\" \/>\n<meta property=\"og:site_name\" content=\"Guia Comercial de Itabira MG\" \/>\n<meta property=\"article:published_time\" content=\"2026-07-30T16:56:14+00:00\" \/>\n<meta property=\"og:image\" content=\"https:\/\/www.encontraminasgerais.com.br\/itabira\/wp-content\/uploads\/2026\/07\/noticia-projeto-me-vejo-no-limoeiro-mobiliza-370-estudantes-em-visitas-ao-parque-do-limoeiro.webp\" \/>\n<meta name=\"author\" content=\"Encontra Itabira\" \/>\n<meta name=\"twitter:card\" content=\"summary_large_image\" \/>\n<meta name=\"twitter:label1\" content=\"Escrito por\" \/>\n\t<meta name=\"twitter:data1\" content=\"Encontra Itabira\" \/>\n\t<meta name=\"twitter:label2\" content=\"Est. tempo de leitura\" \/>\n\t<meta name=\"twitter:data2\" content=\"4 minutos\" \/>\n<script type=\"application\/ld+json\" class=\"yoast-schema-graph\">{\"@context\":\"https:\\\/\\\/schema.org\",\"@graph\":[{\"@type\":\"Article\",\"@id\":\"https:\\\/\\\/www.encontraminasgerais.com.br\\\/itabira\\\/noticia-projeto-me-vejo-no-limoeiro-mobiliza-370-estudantes-em-visitas-ao-parque-do-limoeiro\\\/#article\",\"isPartOf\":{\"@id\":\"https:\\\/\\\/www.encontraminasgerais.com.br\\\/itabira\\\/noticia-projeto-me-vejo-no-limoeiro-mobiliza-370-estudantes-em-visitas-ao-parque-do-limoeiro\\\/\"},\"author\":{\"name\":\"Encontra Itabira\",\"@id\":\"https:\\\/\\\/www.encontraminasgerais.com.br\\\/itabira\\\/#\\\/schema\\\/person\\\/9ae8a8f5ce59322c92e2499b550870b0\"},\"headline\":\"Not\u00edcia: Projeto \u201cMe Vejo No Limoeiro\u201d Mobiliza 370 Estudantes Em Visitas Ao Parque Do Limoeiro\",\"datePublished\":\"2026-07-30T16:56:14+00:00\",\"mainEntityOfPage\":{\"@id\":\"https:\\\/\\\/www.encontraminasgerais.com.br\\\/itabira\\\/noticia-projeto-me-vejo-no-limoeiro-mobiliza-370-estudantes-em-visitas-ao-parque-do-limoeiro\\\/\"},\"wordCount\":821,\"commentCount\":0,\"image\":{\"@id\":\"https:\\\/\\\/www.encontraminasgerais.com.br\\\/itabira\\\/noticia-projeto-me-vejo-no-limoeiro-mobiliza-370-estudantes-em-visitas-ao-parque-do-limoeiro\\\/#primaryimage\"},\"thumbnailUrl\":\"https:\\\/\\\/www.encontraminasgerais.com.br\\\/itabira\\\/wp-content\\\/uploads\\\/2026\\\/07\\\/noticia-projeto-me-vejo-no-limoeiro-mobiliza-370-estudantes-em-visitas-ao-parque-do-limoeiro.webp\",\"articleSection\":[\"Not\u00edcias Itabira\"],\"inLanguage\":\"pt-BR\",\"potentialAction\":[{\"@type\":\"CommentAction\",\"name\":\"Comment\",\"target\":[\"https:\\\/\\\/www.encontraminasgerais.com.br\\\/itabira\\\/noticia-projeto-me-vejo-no-limoeiro-mobiliza-370-estudantes-em-visitas-ao-parque-do-limoeiro\\\/#respond\"]}]},{\"@type\":\"WebPage\",\"@id\":\"https:\\\/\\\/www.encontraminasgerais.com.br\\\/itabira\\\/noticia-projeto-me-vejo-no-limoeiro-mobiliza-370-estudantes-em-visitas-ao-parque-do-limoeiro\\\/\",\"url\":\"https:\\\/\\\/www.encontraminasgerais.com.br\\\/itabira\\\/noticia-projeto-me-vejo-no-limoeiro-mobiliza-370-estudantes-em-visitas-ao-parque-do-limoeiro\\\/\",\"name\":\"Not\u00edcia: Projeto \u201cMe Vejo No Limoeiro\u201d Mobiliza 370 Estudantes Em Visitas Ao Parque Do Limoeiro | Guia Comercial de Itabira MG\",\"isPartOf\":{\"@id\":\"https:\\\/\\\/www.encontraminasgerais.com.br\\\/itabira\\\/#website\"},\"primaryImageOfPage\":{\"@id\":\"https:\\\/\\\/www.encontraminasgerais.com.br\\\/itabira\\\/noticia-projeto-me-vejo-no-limoeiro-mobiliza-370-estudantes-em-visitas-ao-parque-do-limoeiro\\\/#primaryimage\"},\"image\":{\"@id\":\"https:\\\/\\\/www.encontraminasgerais.com.br\\\/itabira\\\/noticia-projeto-me-vejo-no-limoeiro-mobiliza-370-estudantes-em-visitas-ao-parque-do-limoeiro\\\/#primaryimage\"},\"thumbnailUrl\":\"https:\\\/\\\/www.encontraminasgerais.com.br\\\/itabira\\\/wp-content\\\/uploads\\\/2026\\\/07\\\/noticia-projeto-me-vejo-no-limoeiro-mobiliza-370-estudantes-em-visitas-ao-parque-do-limoeiro.webp\",\"datePublished\":\"2026-07-30T16:56:14+00:00\",\"author\":{\"@id\":\"https:\\\/\\\/www.encontraminasgerais.com.br\\\/itabira\\\/#\\\/schema\\\/person\\\/9ae8a8f5ce59322c92e2499b550870b0\"},\"inLanguage\":\"pt-BR\",\"potentialAction\":[{\"@type\":\"ReadAction\",\"target\":[\"https:\\\/\\\/www.encontraminasgerais.com.br\\\/itabira\\\/noticia-projeto-me-vejo-no-limoeiro-mobiliza-370-estudantes-em-visitas-ao-parque-do-limoeiro\\\/\"]}]},{\"@type\":\"ImageObject\",\"inLanguage\":\"pt-BR\",\"@id\":\"https:\\\/\\\/www.encontraminasgerais.com.br\\\/itabira\\\/noticia-projeto-me-vejo-no-limoeiro-mobiliza-370-estudantes-em-visitas-ao-parque-do-limoeiro\\\/#primaryimage\",\"url\":\"https:\\\/\\\/www.encontraminasgerais.com.br\\\/itabira\\\/wp-content\\\/uploads\\\/2026\\\/07\\\/noticia-projeto-me-vejo-no-limoeiro-mobiliza-370-estudantes-em-visitas-ao-parque-do-limoeiro.webp\",\"contentUrl\":\"https:\\\/\\\/www.encontraminasgerais.com.br\\\/itabira\\\/wp-content\\\/uploads\\\/2026\\\/07\\\/noticia-projeto-me-vejo-no-limoeiro-mobiliza-370-estudantes-em-visitas-ao-parque-do-limoeiro.webp\",\"width\":280,\"height\":280,\"caption\":\"Me Vejo No Limoeiro\"},{\"@type\":\"WebSite\",\"@id\":\"https:\\\/\\\/www.encontraminasgerais.com.br\\\/itabira\\\/#website\",\"url\":\"https:\\\/\\\/www.encontraminasgerais.com.br\\\/itabira\\\/\",\"name\":\"Guia Comercial de Itabira MG\",\"description\":\"ENCONTRA ITABIRA - O guia comercial de neg\u00f3cios e empresas, cultura e divers\u00e3o na cidade de Itabira. Feito 100% para voc\u00ea morador!\",\"potentialAction\":[{\"@type\":\"SearchAction\",\"target\":{\"@type\":\"EntryPoint\",\"urlTemplate\":\"https:\\\/\\\/www.encontraminasgerais.com.br\\\/itabira\\\/?s={search_term_string}\"},\"query-input\":{\"@type\":\"PropertyValueSpecification\",\"valueRequired\":true,\"valueName\":\"search_term_string\"}}],\"inLanguage\":\"pt-BR\"},{\"@type\":\"Person\",\"@id\":\"https:\\\/\\\/www.encontraminasgerais.com.br\\\/itabira\\\/#\\\/schema\\\/person\\\/9ae8a8f5ce59322c92e2499b550870b0\",\"name\":\"Encontra Itabira\",\"image\":{\"@type\":\"ImageObject\",\"inLanguage\":\"pt-BR\",\"@id\":\"https:\\\/\\\/secure.gravatar.com\\\/avatar\\\/c50c17820bcf322f0a8fd6b110b8c0918141409dc69076470f6fca5fee70a5d4?s=96&d=mm&r=g\",\"url\":\"https:\\\/\\\/secure.gravatar.com\\\/avatar\\\/c50c17820bcf322f0a8fd6b110b8c0918141409dc69076470f6fca5fee70a5d4?s=96&d=mm&r=g\",\"contentUrl\":\"https:\\\/\\\/secure.gravatar.com\\\/avatar\\\/c50c17820bcf322f0a8fd6b110b8c0918141409dc69076470f6fca5fee70a5d4?s=96&d=mm&r=g\",\"caption\":\"Encontra Itabira\"},\"url\":\"https:\\\/\\\/www.encontraminasgerais.com.br\\\/itabira\\\/author\\\/encontraitabira\\\/\"}]}<\/script>\n<!-- \/ Yoast SEO plugin. -->","yoast_head_json":{"title":"Not\u00edcia: Projeto \u201cMe Vejo No Limoeiro\u201d Mobiliza 370 Estudantes Em Visitas Ao Parque Do Limoeiro | Guia Comercial de Itabira MG","robots":{"index":"index","follow":"follow","max-snippet":"max-snippet:-1","max-image-preview":"max-image-preview:large","max-video-preview":"max-video-preview:-1"},"canonical":"https:\/\/www.encontraminasgerais.com.br\/itabira\/noticia-projeto-me-vejo-no-limoeiro-mobiliza-370-estudantes-em-visitas-ao-parque-do-limoeiro\/","og_locale":"pt_BR","og_type":"article","og_title":"Not\u00edcia: Projeto \u201cMe Vejo No Limoeiro\u201d Mobiliza 370 Estudantes Em Visitas Ao Parque Do Limoeiro | Guia Comercial de Itabira MG","og_description":"O Projeto Me Vejo No Limoeiro mobiliza estudantes para um futuro sustent\u00e1vel.","og_url":"https:\/\/www.encontraminasgerais.com.br\/itabira\/noticia-projeto-me-vejo-no-limoeiro-mobiliza-370-estudantes-em-visitas-ao-parque-do-limoeiro\/","og_site_name":"Guia Comercial de Itabira MG","article_published_time":"2026-07-30T16:56:14+00:00","og_image":[{"url":"https:\/\/www.encontraminasgerais.com.br\/itabira\/wp-content\/uploads\/2026\/07\/noticia-projeto-me-vejo-no-limoeiro-mobiliza-370-estudantes-em-visitas-ao-parque-do-limoeiro.webp","type":"","width":"","height":""}],"author":"Encontra Itabira","twitter_card":"summary_large_image","twitter_misc":{"Escrito por":"Encontra Itabira","Est. tempo de leitura":"4 minutos"},"schema":{"@context":"https:\/\/schema.org","@graph":[{"@type":"Article","@id":"https:\/\/www.encontraminasgerais.com.br\/itabira\/noticia-projeto-me-vejo-no-limoeiro-mobiliza-370-estudantes-em-visitas-ao-parque-do-limoeiro\/#article","isPartOf":{"@id":"https:\/\/www.encontraminasgerais.com.br\/itabira\/noticia-projeto-me-vejo-no-limoeiro-mobiliza-370-estudantes-em-visitas-ao-parque-do-limoeiro\/"},"author":{"name":"Encontra Itabira","@id":"https:\/\/www.encontraminasgerais.com.br\/itabira\/#\/schema\/person\/9ae8a8f5ce59322c92e2499b550870b0"},"headline":"Not\u00edcia: Projeto \u201cMe Vejo No Limoeiro\u201d Mobiliza 370 Estudantes Em Visitas Ao Parque Do Limoeiro","datePublished":"2026-07-30T16:56:14+00:00","mainEntityOfPage":{"@id":"https:\/\/www.encontraminasgerais.com.br\/itabira\/noticia-projeto-me-vejo-no-limoeiro-mobiliza-370-estudantes-em-visitas-ao-parque-do-limoeiro\/"},"wordCount":821,"commentCount":0,"image":{"@id":"https:\/\/www.encontraminasgerais.com.br\/itabira\/noticia-projeto-me-vejo-no-limoeiro-mobiliza-370-estudantes-em-visitas-ao-parque-do-limoeiro\/#primaryimage"},"thumbnailUrl":"https:\/\/www.encontraminasgerais.com.br\/itabira\/wp-content\/uploads\/2026\/07\/noticia-projeto-me-vejo-no-limoeiro-mobiliza-370-estudantes-em-visitas-ao-parque-do-limoeiro.webp","articleSection":["Not\u00edcias Itabira"],"inLanguage":"pt-BR","potentialAction":[{"@type":"CommentAction","name":"Comment","target":["https:\/\/www.encontraminasgerais.com.br\/itabira\/noticia-projeto-me-vejo-no-limoeiro-mobiliza-370-estudantes-em-visitas-ao-parque-do-limoeiro\/#respond"]}]},{"@type":"WebPage","@id":"https:\/\/www.encontraminasgerais.com.br\/itabira\/noticia-projeto-me-vejo-no-limoeiro-mobiliza-370-estudantes-em-visitas-ao-parque-do-limoeiro\/","url":"https:\/\/www.encontraminasgerais.com.br\/itabira\/noticia-projeto-me-vejo-no-limoeiro-mobiliza-370-estudantes-em-visitas-ao-parque-do-limoeiro\/","name":"Not\u00edcia: Projeto \u201cMe Vejo No Limoeiro\u201d Mobiliza 370 Estudantes Em Visitas Ao Parque Do Limoeiro | Guia Comercial de Itabira MG","isPartOf":{"@id":"https:\/\/www.encontraminasgerais.com.br\/itabira\/#website"},"primaryImageOfPage":{"@id":"https:\/\/www.encontraminasgerais.com.br\/itabira\/noticia-projeto-me-vejo-no-limoeiro-mobiliza-370-estudantes-em-visitas-ao-parque-do-limoeiro\/#primaryimage"},"image":{"@id":"https:\/\/www.encontraminasgerais.com.br\/itabira\/noticia-projeto-me-vejo-no-limoeiro-mobiliza-370-estudantes-em-visitas-ao-parque-do-limoeiro\/#primaryimage"},"thumbnailUrl":"https:\/\/www.encontraminasgerais.com.br\/itabira\/wp-content\/uploads\/2026\/07\/noticia-projeto-me-vejo-no-limoeiro-mobiliza-370-estudantes-em-visitas-ao-parque-do-limoeiro.webp","datePublished":"2026-07-30T16:56:14+00:00","author":{"@id":"https:\/\/www.encontraminasgerais.com.br\/itabira\/#\/schema\/person\/9ae8a8f5ce59322c92e2499b550870b0"},"inLanguage":"pt-BR","potentialAction":[{"@type":"ReadAction","target":["https:\/\/www.encontraminasgerais.com.br\/itabira\/noticia-projeto-me-vejo-no-limoeiro-mobiliza-370-estudantes-em-visitas-ao-parque-do-limoeiro\/"]}]},{"@type":"ImageObject","inLanguage":"pt-BR","@id":"https:\/\/www.encontraminasgerais.com.br\/itabira\/noticia-projeto-me-vejo-no-limoeiro-mobiliza-370-estudantes-em-visitas-ao-parque-do-limoeiro\/#primaryimage","url":"https:\/\/www.encontraminasgerais.com.br\/itabira\/wp-content\/uploads\/2026\/07\/noticia-projeto-me-vejo-no-limoeiro-mobiliza-370-estudantes-em-visitas-ao-parque-do-limoeiro.webp","contentUrl":"https:\/\/www.encontraminasgerais.com.br\/itabira\/wp-content\/uploads\/2026\/07\/noticia-projeto-me-vejo-no-limoeiro-mobiliza-370-estudantes-em-visitas-ao-parque-do-limoeiro.webp","width":280,"height":280,"caption":"Me Vejo No Limoeiro"},{"@type":"WebSite","@id":"https:\/\/www.encontraminasgerais.com.br\/itabira\/#website","url":"https:\/\/www.encontraminasgerais.com.br\/itabira\/","name":"Guia Comercial de Itabira MG","description":"ENCONTRA ITABIRA - O guia comercial de neg\u00f3cios e empresas, cultura e divers\u00e3o na cidade de Itabira. Feito 100% para voc\u00ea morador!","potentialAction":[{"@type":"SearchAction","target":{"@type":"EntryPoint","urlTemplate":"https:\/\/www.encontraminasgerais.com.br\/itabira\/?s={search_term_string}"},"query-input":{"@type":"PropertyValueSpecification","valueRequired":true,"valueName":"search_term_string"}}],"inLanguage":"pt-BR"},{"@type":"Person","@id":"https:\/\/www.encontraminasgerais.com.br\/itabira\/#\/schema\/person\/9ae8a8f5ce59322c92e2499b550870b0","name":"Encontra Itabira","image":{"@type":"ImageObject","inLanguage":"pt-BR","@id":"https:\/\/secure.gravatar.com\/avatar\/c50c17820bcf322f0a8fd6b110b8c0918141409dc69076470f6fca5fee70a5d4?s=96&d=mm&r=g","url":"https:\/\/secure.gravatar.com\/avatar\/c50c17820bcf322f0a8fd6b110b8c0918141409dc69076470f6fca5fee70a5d4?s=96&d=mm&r=g","contentUrl":"https:\/\/secure.gravatar.com\/avatar\/c50c17820bcf322f0a8fd6b110b8c0918141409dc69076470f6fca5fee70a5d4?s=96&d=mm&r=g","caption":"Encontra Itabira"},"url":"https:\/\/www.encontraminasgerais.com.br\/itabira\/author\/encontraitabira\/"}]}},"_links":{"self":[{"href":"https:\/\/www.encontraminasgerais.com.br\/itabira\/wp-json\/wp\/v2\/posts\/6133","targetHints":{"allow":["GET"]}}],"collection":[{"href":"https:\/\/www.encontraminasgerais.com.br\/itabira\/wp-json\/wp\/v2\/posts"}],"about":[{"href":"https:\/\/www.encontraminasgerais.com.br\/itabira\/wp-json\/wp\/v2\/types\/post"}],"author":[{"embeddable":true,"href":"https:\/\/www.encontraminasgerais.com.br\/itabira\/wp-json\/wp\/v2\/users\/1"}],"replies":[{"embeddable":true,"href":"https:\/\/www.encontraminasgerais.com.br\/itabira\/wp-json\/wp\/v2\/comments?post=6133"}],"version-history":[{"count":0,"href":"https:\/\/www.encontraminasgerais.com.br\/itabira\/wp-json\/wp\/v2\/posts\/6133\/revisions"}],"wp:featuredmedia":[{"embeddable":true,"href":"https:\/\/www.encontraminasgerais.com.br\/itabira\/wp-json\/wp\/v2\/media\/6132"}],"wp:attachment":[{"href":"https:\/\/www.encontraminasgerais.com.br\/itabira\/wp-json\/wp\/v2\/media?parent=6133"}],"wp:term":[{"taxonomy":"category","embeddable":true,"href":"https:\/\/www.encontraminasgerais.com.br\/itabira\/wp-json\/wp\/v2\/categories?post=6133"},{"taxonomy":"post_tag","embeddable":true,"href":"https:\/\/www.encontraminasgerais.com.br\/itabira\/wp-json\/wp\/v2\/tags?post=6133"}],"curies":[{"name":"wp","href":"https:\/\/api.w.org\/{rel}","templated":true}]}}