{"id":6135,"date":"2026-07-30T13:57:39","date_gmt":"2026-07-30T16:57:39","guid":{"rendered":"https:\/\/www.encontraminasgerais.com.br\/itabira\/prefeitura-de-itabira-inicia-revitalizacao-do-viaduto-entre-os-bairros-praia-e-colina-da-praia\/"},"modified":"2026-07-30T13:57:39","modified_gmt":"2026-07-30T16:57:39","slug":"prefeitura-de-itabira-inicia-revitalizacao-do-viaduto-entre-os-bairros-praia-e-colina-da-praia","status":"publish","type":"post","link":"https:\/\/www.encontraminasgerais.com.br\/itabira\/prefeitura-de-itabira-inicia-revitalizacao-do-viaduto-entre-os-bairros-praia-e-colina-da-praia\/","title":{"rendered":"Prefeitura de Itabira inicia revitaliza\u00e7\u00e3o do viaduto entre os bairros Praia e Colina da Praia"},"content":{"rendered":"<h2>O que inclui a revitaliza\u00e7\u00e3o do viaduto?<\/h2>\n<p>A revitaliza\u00e7\u00e3o do viaduto que conecta os bairros Praia e Colina da Praia em Itabira compreende diversas interven\u00e7\u00f5es fundamentais. O projeto prev\u00ea a substitui\u00e7\u00e3o do guarda-corpo, a recupera\u00e7\u00e3o das cal\u00e7adas para a circula\u00e7\u00e3o dos pedestres e a pintura completa da estrutura. Essas a\u00e7\u00f5es visam n\u00e3o apenas melhorar a apar\u00eancia est\u00e9tica do viaduto, mas, principalmente, aumentar a seguran\u00e7a e a acessibilidade tanto para pedestres quanto para motoristas.<\/p>\n<h2>Import\u00e2ncia do guarda-corpo na seguran\u00e7a vi\u00e1ria<\/h2>\n<p>Um guarda-corpo robusto cumpre um papel essencial na seguran\u00e7a vi\u00e1ria, evitando quedas acidentais de pedestres e fornecendo suporte para aqueles que circulam pela estrutura. Ao longo do tempo, muitos viadutos, como o de Itabira, sofreram desgaste. A nova instala\u00e7\u00e3o de grades de prote\u00e7\u00e3o \u00e9 uma medida eficaz para minimizar riscos e garantir a integridade f\u00edsica dos usu\u00e1rios.<\/p>\n<h2>Impacto nas condi\u00e7\u00f5es de acessibilidade<\/h2>\n<p>A revitaliza\u00e7\u00e3o tamb\u00e9m foca na acessibilidade, facilitando a circula\u00e7\u00e3o para pessoas com mobilidade reduzida. Isso \u00e9 crucial em um espa\u00e7o que serve como um elo entre bairros, contribuindo para uma mobilidade urbana mais eficiente. A recomposi\u00e7\u00e3o das cal\u00e7adas melhora a navega\u00e7\u00e3o de pedestres e, junto com a revitaliza\u00e7\u00e3o do viaduto, representa um avan\u00e7o nas condi\u00e7\u00f5es de tr\u00e2nsito para todos.<\/p>\n<p><img decoding=\"async\" src=\"https:\/\/www.encontraminasgerais.com.br\/itabira\/wp-content\/uploads\/2026\/07\/prefeitura-de-itabira-inicia-revitalizacao-do-viaduto-entre-os-bairros-praia-e-colina-da-praia.webp\" alt=\"revitaliza\u00e7\u00e3o do viaduto\" loading=\"lazy\" \/><\/p>\n<h2>Vis\u00e3o da comunidade sobre o projeto<\/h2>\n<p>Os moradores da \u00e1rea expressaram suas preocupa\u00e7\u00f5es ao longo dos anos sobre a condi\u00e7\u00e3o do viaduto. Muitas reclama\u00e7\u00f5es eram direcionadas ao desgaste vis\u00edvel e \u00e0 falta de seguran\u00e7a. A administra\u00e7\u00e3o municipal, ao iniciar este projeto de revitaliza\u00e7\u00e3o, est\u00e1 n\u00e3o apenas respondendo \u00e0s solicita\u00e7\u00f5es da comunidade, mas tamb\u00e9m demonstrando um compromisso com a seguran\u00e7a e a infraestrutura urbana.<\/p>\n<h2>Expectativas para a finaliza\u00e7\u00e3o das obras<\/h2>\n<p>Com o t\u00e9rmino das obras de revitaliza\u00e7\u00e3o, espera-se que o viaduto proporcione uma experi\u00eancia mais segura e confort\u00e1vel para todos os seus usu\u00e1rios. Al\u00e9m disso, a revitaliza\u00e7\u00e3o deve consolidar a infraestrutura local, servindo como um modelo para futuras obras semelhantes na cidade.<\/p>\n<h2>Cita\u00e7\u00f5es de autoridades municipais<\/h2>\n<p>O secret\u00e1rio de Obras e Zeladoria Urbana, Anderson Alves, refor\u00e7ou a import\u00e2ncia desse projeto para a mobilidade urbana: &#8220;Essa \u00e9 uma obra importante que atende a uma solicita\u00e7\u00e3o da comunidade e, principalmente, garante mais seguran\u00e7a para quem utiliza diariamente o viaduto.&#8221; Tal afirma\u00e7\u00e3o evidencia o senso de responsabilidade das autoridades em melhorar as condi\u00e7\u00f5es de vida na cidade.<\/p>\n<h2>Hist\u00f3rico de reclama\u00e7\u00f5es sobre a estrutura<\/h2>\n<p>Com os anos passando, o viaduto foi alvo de v\u00e1rias reclama\u00e7\u00f5es por parte dos cidad\u00e3os. O desgaste da estrutura e a falta de manuten\u00e7\u00e3o adequada levantaram preocupa\u00e7\u00f5es constantes sobre a seguran\u00e7a no tr\u00e2nsito local. A nova reforma representa uma resposta direta a essas queixas, mostrando um novo compromisso da administra\u00e7\u00e3o com a infraestrutura vi\u00e1ria.<\/p>\n<h2>Como a revitaliza\u00e7\u00e3o afeta o tr\u00e2nsito local<\/h2>\n<p>As melhorias no viaduto visam n\u00e3o apenas a seguran\u00e7a, mas tamb\u00e9m podem impactar positivamente o fluxo de tr\u00e1fego na regi\u00e3o. Com a garantia de um ambiente mais seguro, espera-se uma diminui\u00e7\u00e3o nos acidentes e um aumento na confian\u00e7a dos motoristas e pedestres ao utilizarem a estrutura, promovendo um tr\u00e2nsito mais fluido nas vias adjacentes.<\/p>\n<h2>Rea\u00e7\u00f5es nas redes sociais sobre a interven\u00e7\u00e3o<\/h2>\n<p>A iniciativa gerou uma onda de rea\u00e7\u00f5es nas redes sociais, refletindo a satisfa\u00e7\u00e3o da comunidade com as obras em andamento. Muitas mensagens de apoio elogiam o compromisso do governo local em priorizar a seguran\u00e7a e infraestrutura. Essa participa\u00e7\u00e3o ativa da comunidade em discuss\u00f5es sobre melhorias \u00e9 indicativa de um engajamento c\u00edvico crescente, essencial para uma governan\u00e7a mais eficiente.<\/p>\n<h2>Pr\u00f3ximos passos ap\u00f3s a conclus\u00e3o da obra<\/h2>\n<p>Ap\u00f3s a finaliza\u00e7\u00e3o das obras de revitaliza\u00e7\u00e3o, o munic\u00edpio planeja realizar uma s\u00e9rie de inspe\u00e7\u00f5es regulares para garantir a manuten\u00e7\u00e3o da nova estrutura. Al\u00e9m disso, as autoridades pretendem continuar ouvindo a comunidade para identificar novas necessidades relacionadas \u00e0 infraestrutura e seguran\u00e7a vi\u00e1ria. A participa\u00e7\u00e3o ativa da popula\u00e7\u00e3o ser\u00e1 uma constante na gest\u00e3o do espa\u00e7o, visando assegurar que o viaduto continue a servir eficazmente a todos os usu\u00e1rios.<\/p>\n","protected":false},"excerpt":{"rendered":"<p>Revitaliza\u00e7\u00e3o do viaduto em Itabira promete seguran\u00e7a e melhorias para a comunidade local.<\/p>\n","protected":false},"author":1,"featured_media":6134,"comment_status":"open","ping_status":"open","sticky":false,"template":"","format":"standard","meta":{"footnotes":""},"categories":[904],"tags":[],"class_list":["post-6135","post","type-post","status-publish","format-standard","has-post-thumbnail","hentry","category-transito","has_thumb"],"yoast_head":"<!-- This site is optimized with the Yoast SEO plugin v28.1 - https:\/\/yoast.com\/product\/yoast-seo-wordpress\/ -->\n<title>Prefeitura de Itabira inicia revitaliza\u00e7\u00e3o do viaduto entre os bairros Praia e Colina da Praia | Guia Comercial de Itabira MG<\/title>\n<meta name=\"robots\" content=\"index, follow, max-snippet:-1, max-image-preview:large, max-video-preview:-1\" \/>\n<link rel=\"canonical\" href=\"https:\/\/www.encontraminasgerais.com.br\/itabira\/prefeitura-de-itabira-inicia-revitalizacao-do-viaduto-entre-os-bairros-praia-e-colina-da-praia\/\" \/>\n<meta property=\"og:locale\" content=\"pt_BR\" \/>\n<meta property=\"og:type\" content=\"article\" \/>\n<meta property=\"og:title\" content=\"Prefeitura de Itabira inicia revitaliza\u00e7\u00e3o do viaduto entre os bairros Praia e Colina da Praia | Guia Comercial de Itabira MG\" \/>\n<meta property=\"og:description\" content=\"Revitaliza\u00e7\u00e3o do viaduto em Itabira promete seguran\u00e7a e melhorias para a comunidade local.\" \/>\n<meta property=\"og:url\" content=\"https:\/\/www.encontraminasgerais.com.br\/itabira\/prefeitura-de-itabira-inicia-revitalizacao-do-viaduto-entre-os-bairros-praia-e-colina-da-praia\/\" \/>\n<meta property=\"og:site_name\" content=\"Guia Comercial de Itabira MG\" \/>\n<meta property=\"article:published_time\" content=\"2026-07-30T16:57:39+00:00\" \/>\n<meta property=\"og:image\" content=\"https:\/\/www.encontraminasgerais.com.br\/itabira\/wp-content\/uploads\/2026\/07\/prefeitura-de-itabira-inicia-revitalizacao-do-viaduto-entre-os-bairros-praia-e-colina-da-praia.webp\" \/>\n<meta name=\"author\" content=\"Encontra Itabira\" \/>\n<meta name=\"twitter:card\" content=\"summary_large_image\" \/>\n<meta name=\"twitter:label1\" content=\"Escrito por\" \/>\n\t<meta name=\"twitter:data1\" content=\"Encontra Itabira\" \/>\n\t<meta name=\"twitter:label2\" content=\"Est. tempo de leitura\" \/>\n\t<meta name=\"twitter:data2\" content=\"4 minutos\" \/>\n<script type=\"application\/ld+json\" class=\"yoast-schema-graph\">{\"@context\":\"https:\\\/\\\/schema.org\",\"@graph\":[{\"@type\":\"Article\",\"@id\":\"https:\\\/\\\/www.encontraminasgerais.com.br\\\/itabira\\\/prefeitura-de-itabira-inicia-revitalizacao-do-viaduto-entre-os-bairros-praia-e-colina-da-praia\\\/#article\",\"isPartOf\":{\"@id\":\"https:\\\/\\\/www.encontraminasgerais.com.br\\\/itabira\\\/prefeitura-de-itabira-inicia-revitalizacao-do-viaduto-entre-os-bairros-praia-e-colina-da-praia\\\/\"},\"author\":{\"name\":\"Encontra Itabira\",\"@id\":\"https:\\\/\\\/www.encontraminasgerais.com.br\\\/itabira\\\/#\\\/schema\\\/person\\\/9ae8a8f5ce59322c92e2499b550870b0\"},\"headline\":\"Prefeitura de Itabira inicia revitaliza\u00e7\u00e3o do viaduto entre os bairros Praia e Colina da Praia\",\"datePublished\":\"2026-07-30T16:57:39+00:00\",\"mainEntityOfPage\":{\"@id\":\"https:\\\/\\\/www.encontraminasgerais.com.br\\\/itabira\\\/prefeitura-de-itabira-inicia-revitalizacao-do-viaduto-entre-os-bairros-praia-e-colina-da-praia\\\/\"},\"wordCount\":752,\"commentCount\":0,\"image\":{\"@id\":\"https:\\\/\\\/www.encontraminasgerais.com.br\\\/itabira\\\/prefeitura-de-itabira-inicia-revitalizacao-do-viaduto-entre-os-bairros-praia-e-colina-da-praia\\\/#primaryimage\"},\"thumbnailUrl\":\"https:\\\/\\\/www.encontraminasgerais.com.br\\\/itabira\\\/wp-content\\\/uploads\\\/2026\\\/07\\\/prefeitura-de-itabira-inicia-revitalizacao-do-viaduto-entre-os-bairros-praia-e-colina-da-praia.webp\",\"articleSection\":[\"Tr\u00e2nsito Itabira\"],\"inLanguage\":\"pt-BR\",\"potentialAction\":[{\"@type\":\"CommentAction\",\"name\":\"Comment\",\"target\":[\"https:\\\/\\\/www.encontraminasgerais.com.br\\\/itabira\\\/prefeitura-de-itabira-inicia-revitalizacao-do-viaduto-entre-os-bairros-praia-e-colina-da-praia\\\/#respond\"]}]},{\"@type\":\"WebPage\",\"@id\":\"https:\\\/\\\/www.encontraminasgerais.com.br\\\/itabira\\\/prefeitura-de-itabira-inicia-revitalizacao-do-viaduto-entre-os-bairros-praia-e-colina-da-praia\\\/\",\"url\":\"https:\\\/\\\/www.encontraminasgerais.com.br\\\/itabira\\\/prefeitura-de-itabira-inicia-revitalizacao-do-viaduto-entre-os-bairros-praia-e-colina-da-praia\\\/\",\"name\":\"Prefeitura de Itabira inicia revitaliza\u00e7\u00e3o do viaduto entre os bairros Praia e Colina da Praia | Guia Comercial de Itabira MG\",\"isPartOf\":{\"@id\":\"https:\\\/\\\/www.encontraminasgerais.com.br\\\/itabira\\\/#website\"},\"primaryImageOfPage\":{\"@id\":\"https:\\\/\\\/www.encontraminasgerais.com.br\\\/itabira\\\/prefeitura-de-itabira-inicia-revitalizacao-do-viaduto-entre-os-bairros-praia-e-colina-da-praia\\\/#primaryimage\"},\"image\":{\"@id\":\"https:\\\/\\\/www.encontraminasgerais.com.br\\\/itabira\\\/prefeitura-de-itabira-inicia-revitalizacao-do-viaduto-entre-os-bairros-praia-e-colina-da-praia\\\/#primaryimage\"},\"thumbnailUrl\":\"https:\\\/\\\/www.encontraminasgerais.com.br\\\/itabira\\\/wp-content\\\/uploads\\\/2026\\\/07\\\/prefeitura-de-itabira-inicia-revitalizacao-do-viaduto-entre-os-bairros-praia-e-colina-da-praia.webp\",\"datePublished\":\"2026-07-30T16:57:39+00:00\",\"author\":{\"@id\":\"https:\\\/\\\/www.encontraminasgerais.com.br\\\/itabira\\\/#\\\/schema\\\/person\\\/9ae8a8f5ce59322c92e2499b550870b0\"},\"inLanguage\":\"pt-BR\",\"potentialAction\":[{\"@type\":\"ReadAction\",\"target\":[\"https:\\\/\\\/www.encontraminasgerais.com.br\\\/itabira\\\/prefeitura-de-itabira-inicia-revitalizacao-do-viaduto-entre-os-bairros-praia-e-colina-da-praia\\\/\"]}]},{\"@type\":\"ImageObject\",\"inLanguage\":\"pt-BR\",\"@id\":\"https:\\\/\\\/www.encontraminasgerais.com.br\\\/itabira\\\/prefeitura-de-itabira-inicia-revitalizacao-do-viaduto-entre-os-bairros-praia-e-colina-da-praia\\\/#primaryimage\",\"url\":\"https:\\\/\\\/www.encontraminasgerais.com.br\\\/itabira\\\/wp-content\\\/uploads\\\/2026\\\/07\\\/prefeitura-de-itabira-inicia-revitalizacao-do-viaduto-entre-os-bairros-praia-e-colina-da-praia.webp\",\"contentUrl\":\"https:\\\/\\\/www.encontraminasgerais.com.br\\\/itabira\\\/wp-content\\\/uploads\\\/2026\\\/07\\\/prefeitura-de-itabira-inicia-revitalizacao-do-viaduto-entre-os-bairros-praia-e-colina-da-praia.webp\",\"width\":280,\"height\":280,\"caption\":\"revitaliza\u00e7\u00e3o do viaduto\"},{\"@type\":\"WebSite\",\"@id\":\"https:\\\/\\\/www.encontraminasgerais.com.br\\\/itabira\\\/#website\",\"url\":\"https:\\\/\\\/www.encontraminasgerais.com.br\\\/itabira\\\/\",\"name\":\"Guia Comercial de Itabira MG\",\"description\":\"ENCONTRA ITABIRA - O guia comercial de neg\u00f3cios e empresas, cultura e divers\u00e3o na cidade de Itabira. Feito 100% para voc\u00ea morador!\",\"potentialAction\":[{\"@type\":\"SearchAction\",\"target\":{\"@type\":\"EntryPoint\",\"urlTemplate\":\"https:\\\/\\\/www.encontraminasgerais.com.br\\\/itabira\\\/?s={search_term_string}\"},\"query-input\":{\"@type\":\"PropertyValueSpecification\",\"valueRequired\":true,\"valueName\":\"search_term_string\"}}],\"inLanguage\":\"pt-BR\"},{\"@type\":\"Person\",\"@id\":\"https:\\\/\\\/www.encontraminasgerais.com.br\\\/itabira\\\/#\\\/schema\\\/person\\\/9ae8a8f5ce59322c92e2499b550870b0\",\"name\":\"Encontra Itabira\",\"image\":{\"@type\":\"ImageObject\",\"inLanguage\":\"pt-BR\",\"@id\":\"https:\\\/\\\/secure.gravatar.com\\\/avatar\\\/c50c17820bcf322f0a8fd6b110b8c0918141409dc69076470f6fca5fee70a5d4?s=96&d=mm&r=g\",\"url\":\"https:\\\/\\\/secure.gravatar.com\\\/avatar\\\/c50c17820bcf322f0a8fd6b110b8c0918141409dc69076470f6fca5fee70a5d4?s=96&d=mm&r=g\",\"contentUrl\":\"https:\\\/\\\/secure.gravatar.com\\\/avatar\\\/c50c17820bcf322f0a8fd6b110b8c0918141409dc69076470f6fca5fee70a5d4?s=96&d=mm&r=g\",\"caption\":\"Encontra Itabira\"},\"url\":\"https:\\\/\\\/www.encontraminasgerais.com.br\\\/itabira\\\/author\\\/encontraitabira\\\/\"}]}<\/script>\n<!-- \/ Yoast SEO plugin. -->","yoast_head_json":{"title":"Prefeitura de Itabira inicia revitaliza\u00e7\u00e3o do viaduto entre os bairros Praia e Colina da Praia | Guia Comercial de Itabira MG","robots":{"index":"index","follow":"follow","max-snippet":"max-snippet:-1","max-image-preview":"max-image-preview:large","max-video-preview":"max-video-preview:-1"},"canonical":"https:\/\/www.encontraminasgerais.com.br\/itabira\/prefeitura-de-itabira-inicia-revitalizacao-do-viaduto-entre-os-bairros-praia-e-colina-da-praia\/","og_locale":"pt_BR","og_type":"article","og_title":"Prefeitura de Itabira inicia revitaliza\u00e7\u00e3o do viaduto entre os bairros Praia e Colina da Praia | Guia Comercial de Itabira MG","og_description":"Revitaliza\u00e7\u00e3o do viaduto em Itabira promete seguran\u00e7a e melhorias para a comunidade local.","og_url":"https:\/\/www.encontraminasgerais.com.br\/itabira\/prefeitura-de-itabira-inicia-revitalizacao-do-viaduto-entre-os-bairros-praia-e-colina-da-praia\/","og_site_name":"Guia Comercial de Itabira MG","article_published_time":"2026-07-30T16:57:39+00:00","og_image":[{"url":"https:\/\/www.encontraminasgerais.com.br\/itabira\/wp-content\/uploads\/2026\/07\/prefeitura-de-itabira-inicia-revitalizacao-do-viaduto-entre-os-bairros-praia-e-colina-da-praia.webp","type":"","width":"","height":""}],"author":"Encontra Itabira","twitter_card":"summary_large_image","twitter_misc":{"Escrito por":"Encontra Itabira","Est. tempo de leitura":"4 minutos"},"schema":{"@context":"https:\/\/schema.org","@graph":[{"@type":"Article","@id":"https:\/\/www.encontraminasgerais.com.br\/itabira\/prefeitura-de-itabira-inicia-revitalizacao-do-viaduto-entre-os-bairros-praia-e-colina-da-praia\/#article","isPartOf":{"@id":"https:\/\/www.encontraminasgerais.com.br\/itabira\/prefeitura-de-itabira-inicia-revitalizacao-do-viaduto-entre-os-bairros-praia-e-colina-da-praia\/"},"author":{"name":"Encontra Itabira","@id":"https:\/\/www.encontraminasgerais.com.br\/itabira\/#\/schema\/person\/9ae8a8f5ce59322c92e2499b550870b0"},"headline":"Prefeitura de Itabira inicia revitaliza\u00e7\u00e3o do viaduto entre os bairros Praia e Colina da Praia","datePublished":"2026-07-30T16:57:39+00:00","mainEntityOfPage":{"@id":"https:\/\/www.encontraminasgerais.com.br\/itabira\/prefeitura-de-itabira-inicia-revitalizacao-do-viaduto-entre-os-bairros-praia-e-colina-da-praia\/"},"wordCount":752,"commentCount":0,"image":{"@id":"https:\/\/www.encontraminasgerais.com.br\/itabira\/prefeitura-de-itabira-inicia-revitalizacao-do-viaduto-entre-os-bairros-praia-e-colina-da-praia\/#primaryimage"},"thumbnailUrl":"https:\/\/www.encontraminasgerais.com.br\/itabira\/wp-content\/uploads\/2026\/07\/prefeitura-de-itabira-inicia-revitalizacao-do-viaduto-entre-os-bairros-praia-e-colina-da-praia.webp","articleSection":["Tr\u00e2nsito Itabira"],"inLanguage":"pt-BR","potentialAction":[{"@type":"CommentAction","name":"Comment","target":["https:\/\/www.encontraminasgerais.com.br\/itabira\/prefeitura-de-itabira-inicia-revitalizacao-do-viaduto-entre-os-bairros-praia-e-colina-da-praia\/#respond"]}]},{"@type":"WebPage","@id":"https:\/\/www.encontraminasgerais.com.br\/itabira\/prefeitura-de-itabira-inicia-revitalizacao-do-viaduto-entre-os-bairros-praia-e-colina-da-praia\/","url":"https:\/\/www.encontraminasgerais.com.br\/itabira\/prefeitura-de-itabira-inicia-revitalizacao-do-viaduto-entre-os-bairros-praia-e-colina-da-praia\/","name":"Prefeitura de Itabira inicia revitaliza\u00e7\u00e3o do viaduto entre os bairros Praia e Colina da Praia | Guia Comercial de Itabira MG","isPartOf":{"@id":"https:\/\/www.encontraminasgerais.com.br\/itabira\/#website"},"primaryImageOfPage":{"@id":"https:\/\/www.encontraminasgerais.com.br\/itabira\/prefeitura-de-itabira-inicia-revitalizacao-do-viaduto-entre-os-bairros-praia-e-colina-da-praia\/#primaryimage"},"image":{"@id":"https:\/\/www.encontraminasgerais.com.br\/itabira\/prefeitura-de-itabira-inicia-revitalizacao-do-viaduto-entre-os-bairros-praia-e-colina-da-praia\/#primaryimage"},"thumbnailUrl":"https:\/\/www.encontraminasgerais.com.br\/itabira\/wp-content\/uploads\/2026\/07\/prefeitura-de-itabira-inicia-revitalizacao-do-viaduto-entre-os-bairros-praia-e-colina-da-praia.webp","datePublished":"2026-07-30T16:57:39+00:00","author":{"@id":"https:\/\/www.encontraminasgerais.com.br\/itabira\/#\/schema\/person\/9ae8a8f5ce59322c92e2499b550870b0"},"inLanguage":"pt-BR","potentialAction":[{"@type":"ReadAction","target":["https:\/\/www.encontraminasgerais.com.br\/itabira\/prefeitura-de-itabira-inicia-revitalizacao-do-viaduto-entre-os-bairros-praia-e-colina-da-praia\/"]}]},{"@type":"ImageObject","inLanguage":"pt-BR","@id":"https:\/\/www.encontraminasgerais.com.br\/itabira\/prefeitura-de-itabira-inicia-revitalizacao-do-viaduto-entre-os-bairros-praia-e-colina-da-praia\/#primaryimage","url":"https:\/\/www.encontraminasgerais.com.br\/itabira\/wp-content\/uploads\/2026\/07\/prefeitura-de-itabira-inicia-revitalizacao-do-viaduto-entre-os-bairros-praia-e-colina-da-praia.webp","contentUrl":"https:\/\/www.encontraminasgerais.com.br\/itabira\/wp-content\/uploads\/2026\/07\/prefeitura-de-itabira-inicia-revitalizacao-do-viaduto-entre-os-bairros-praia-e-colina-da-praia.webp","width":280,"height":280,"caption":"revitaliza\u00e7\u00e3o do viaduto"},{"@type":"WebSite","@id":"https:\/\/www.encontraminasgerais.com.br\/itabira\/#website","url":"https:\/\/www.encontraminasgerais.com.br\/itabira\/","name":"Guia Comercial de Itabira MG","description":"ENCONTRA ITABIRA - O guia comercial de neg\u00f3cios e empresas, cultura e divers\u00e3o na cidade de Itabira. Feito 100% para voc\u00ea morador!","potentialAction":[{"@type":"SearchAction","target":{"@type":"EntryPoint","urlTemplate":"https:\/\/www.encontraminasgerais.com.br\/itabira\/?s={search_term_string}"},"query-input":{"@type":"PropertyValueSpecification","valueRequired":true,"valueName":"search_term_string"}}],"inLanguage":"pt-BR"},{"@type":"Person","@id":"https:\/\/www.encontraminasgerais.com.br\/itabira\/#\/schema\/person\/9ae8a8f5ce59322c92e2499b550870b0","name":"Encontra Itabira","image":{"@type":"ImageObject","inLanguage":"pt-BR","@id":"https:\/\/secure.gravatar.com\/avatar\/c50c17820bcf322f0a8fd6b110b8c0918141409dc69076470f6fca5fee70a5d4?s=96&d=mm&r=g","url":"https:\/\/secure.gravatar.com\/avatar\/c50c17820bcf322f0a8fd6b110b8c0918141409dc69076470f6fca5fee70a5d4?s=96&d=mm&r=g","contentUrl":"https:\/\/secure.gravatar.com\/avatar\/c50c17820bcf322f0a8fd6b110b8c0918141409dc69076470f6fca5fee70a5d4?s=96&d=mm&r=g","caption":"Encontra Itabira"},"url":"https:\/\/www.encontraminasgerais.com.br\/itabira\/author\/encontraitabira\/"}]}},"_links":{"self":[{"href":"https:\/\/www.encontraminasgerais.com.br\/itabira\/wp-json\/wp\/v2\/posts\/6135","targetHints":{"allow":["GET"]}}],"collection":[{"href":"https:\/\/www.encontraminasgerais.com.br\/itabira\/wp-json\/wp\/v2\/posts"}],"about":[{"href":"https:\/\/www.encontraminasgerais.com.br\/itabira\/wp-json\/wp\/v2\/types\/post"}],"author":[{"embeddable":true,"href":"https:\/\/www.encontraminasgerais.com.br\/itabira\/wp-json\/wp\/v2\/users\/1"}],"replies":[{"embeddable":true,"href":"https:\/\/www.encontraminasgerais.com.br\/itabira\/wp-json\/wp\/v2\/comments?post=6135"}],"version-history":[{"count":0,"href":"https:\/\/www.encontraminasgerais.com.br\/itabira\/wp-json\/wp\/v2\/posts\/6135\/revisions"}],"wp:featuredmedia":[{"embeddable":true,"href":"https:\/\/www.encontraminasgerais.com.br\/itabira\/wp-json\/wp\/v2\/media\/6134"}],"wp:attachment":[{"href":"https:\/\/www.encontraminasgerais.com.br\/itabira\/wp-json\/wp\/v2\/media?parent=6135"}],"wp:term":[{"taxonomy":"category","embeddable":true,"href":"https:\/\/www.encontraminasgerais.com.br\/itabira\/wp-json\/wp\/v2\/categories?post=6135"},{"taxonomy":"post_tag","embeddable":true,"href":"https:\/\/www.encontraminasgerais.com.br\/itabira\/wp-json\/wp\/v2\/tags?post=6135"}],"curies":[{"name":"wp","href":"https:\/\/api.w.org\/{rel}","templated":true}]}}