{"id":6141,"date":"2026-07-31T15:31:08","date_gmt":"2026-07-31T18:31:08","guid":{"rendered":"https:\/\/www.encontraminasgerais.com.br\/itabira\/municipio-mineiro-onde-uma-montanha-inteira-de-1-385-metros-sumiu-e-nasceu-carlos-drummond-de-andrade\/"},"modified":"2026-07-31T15:31:08","modified_gmt":"2026-07-31T18:31:08","slug":"municipio-mineiro-onde-uma-montanha-inteira-de-1-385-metros-sumiu-e-nasceu-carlos-drummond-de-andrade","status":"publish","type":"post","link":"https:\/\/www.encontraminasgerais.com.br\/itabira\/municipio-mineiro-onde-uma-montanha-inteira-de-1-385-metros-sumiu-e-nasceu-carlos-drummond-de-andrade\/","title":{"rendered":"Munic\u00edpio mineiro onde uma montanha inteira de 1.385 metros sumiu e nasceu Carlos Drummond de Andrade"},"content":{"rendered":"<h2>A hist\u00f3ria da montanha que sumiu<\/h2>\n<p>Em Minas Gerais, uma not\u00e1vel transforma\u00e7\u00e3o ocorreu na cidade de <strong>Itabira<\/strong>, localizada no famoso Quadril\u00e1tero Ferr\u00edfero. Uma montanha, que se erguia majestosa com seus <strong>1.385 metros<\/strong> de altura, desapareceu ao longo do tempo devido \u00e0 intensa explora\u00e7\u00e3o mineral. O <strong>Pico do Cau\u00ea<\/strong>, em sua beleza e grandeza, se tornou sin\u00f4nimo da cidade e, com sua aus\u00eancia, deixou uma marca indel\u00e9vel na mem\u00f3ria e na cultura local. Essa hist\u00f3ria ressoa na consci\u00eancia coletiva dos itabiranos, marcando o progresso e as perdas que o desenvolvimento e a extra\u00e7\u00e3o mineral podem causar.<\/p>\n<h2>O que foi o Pico do Cau\u00ea?<\/h2>\n<p>O Pico do Cau\u00ea era mais do que apenas um ponto alto na paisagem de Itabira; ele era um s\u00edmbolo de refer\u00eancia para viajantes e moradores, al\u00e9m de representar uma riqueza natural evidente. O pr\u00f3prio nome <strong>Itabira<\/strong>, que se origina do tupi e significa &#8220;pedra que brilha&#8221;, reflete essa conex\u00e3o. Durante a coloniza\u00e7\u00e3o, os primeiros exploradores foram atra\u00eddos por suas encostas ricas em min\u00e9rio de ferro, que refletiam a luz do sol. Assim, a captura da beleza natural da montanha se alternava com a viol\u00eancia da explora\u00e7\u00e3o que a transformou em uma cratera.<\/p>\n<h2>Impacto da minera\u00e7\u00e3o na paisagem<\/h2>\n<p>A hist\u00f3ria da minera\u00e7\u00e3o em Itabira come\u00e7ou com a funda\u00e7\u00e3o da <strong>Itabira Iron Ore Company<\/strong> em <strong>1911<\/strong>, e a crescente demanda por min\u00e9rio de ferro levou \u00e0 transforma\u00e7\u00e3o dr\u00e1stica do cen\u00e1rio natural. Com a nacionaliza\u00e7\u00e3o das minas pelo governo de Get\u00falio Vargas em <strong>1942<\/strong>, a <strong>Vale<\/strong> se tornou o s\u00edmbolo maior dessa extra\u00e7\u00e3o mineral. A paisagem marcada por crateras profundas e minas a c\u00e9u aberto reflete o custo do progresso. Cidades e vilarejos se desenvolveram em torno das ind\u00fastrias, mas as feridas na terra permanecem vis\u00edveis, criando cicatrizes na paisagem que delimitam a identidade cultural e hist\u00f3rica da regi\u00e3o.<\/p>\n<p><img decoding=\"async\" src=\"https:\/\/www.encontraminasgerais.com.br\/itabira\/wp-content\/uploads\/2026\/07\/municipio-mineiro-onde-uma-montanha-inteira-de-1-385-metros-sumiu-e-nasceu-carlos-drummond-de-andrad.webp\" alt=\"munic\u00edpio mineiro\" loading=\"lazy\" \/><\/p>\n<h2>Como a cidade de Itabira se desenvolveu?<\/h2>\n<p>O crescimento econ\u00f4mico que a minera\u00e7\u00e3o trouxe a Itabira foi significativo. O desenvolvimento da infraestrutura urbana levou \u00e0 cria\u00e7\u00e3o de la\u00e7os sociais e culturais, mas tamb\u00e9m trouxe desafios. O movimento migrat\u00f3rio de pessoas atra\u00eddas pelas oportunidades de emprego resultou em um crescimento populacional acelerado. Contudo, a depend\u00eancia da explora\u00e7\u00e3o mineral gerou uma s\u00e9rie de problemas ambientais e sociais, que se contrap\u00f5em ao influxo de riqueza. Com o passar dos anos, a cidade buscou diversificar sua economia, promovendo turismo cultural e iniciativas de preserva\u00e7\u00e3o ambiental.<\/p>\n<h2>Drummond e sua rela\u00e7\u00e3o com Itabira<\/h2>\n<p>O poeta <strong>Carlos Drummond de Andrade<\/strong>, nascido na cidade em <strong>1902<\/strong>, capturou a ess\u00eancia e as contradi\u00e7\u00f5es da sua terra natal em sua obra. O Pico do Cau\u00ea e a transforma\u00e7\u00e3o da paisagem foram temas recorrentes em seus poemas, especialmente em &#8220;A Montanha Pulverizada&#8221;, onde ele lamenta a perda da montanha. Drummond se tornou uma voz cr\u00edtica da explora\u00e7\u00e3o mineral, e suas reclama\u00e7\u00f5es ecoaram na sociedade itabirana. A cidade que ele criticou agora celebra seu legado, transformando-o em parte de sua identidade cultural.<\/p>\n<h2>A bandeira de Itabira e a cratera<\/h2>\n<p>Com o desaparecimento do Pico do Cau\u00ea, o que restou foi incorporado na pr\u00f3pria bandeira de Itabira. A cratera agora simboliza tanto orgulho pela riqueza gerada quanto luto por sua paisagem perdida. A bandeira reflete essa dualidade e captura a ess\u00eancia de uma cidade que, mesmo ap\u00f3s a devasta\u00e7\u00e3o, se esfor\u00e7a para relembrar e reconquistar o que foi perdido. A identidade visual da cidade \u00e9 um testemunho das mudan\u00e7as que ocorreram, representando a luta entre progresso e conserva\u00e7\u00e3o.<\/p>\n<h2>Cultura e atividades em Itabira hoje<\/h2>\n<p>A cultura de Itabira floresce em meio a sua hist\u00f3ria e desafios. A cidade agora se posiciona como um destino tur\u00edstico, oferecendo uma mistura de natureza e hist\u00f3ria. Os <strong>Caminhos Drummondianos<\/strong> s\u00e3o uma experi\u00eancia \u00fanica, onde turistas e locais caminham por um trajeto que destaca a hist\u00f3ria do poeta. Com isso, Itabira tenta restaurar o que foi perdido com a minera\u00e7\u00e3o, promovendo eventos culturais e educacionais que conectam os habitantes com seu patrim\u00f4nio.<\/p>\n<h2>Como a minera\u00e7\u00e3o deixou marcas na cidade<\/h2>\n<p>As marcas da minera\u00e7\u00e3o em Itabira s\u00e3o vis\u00edveis e profundas. Al\u00e9m das crateras e mudan\u00e7as f\u00edsicas na paisagem, as consequ\u00eancias sociais incluem o hist\u00f3rico de conflitos entre moradores e empresas mineradoras. A explora\u00e7\u00e3o intensiva gerou tens\u00f5es, enquanto a cidade lida com as dificuldades de um crescimento desigual. As comunidades se esfor\u00e7am para encontrar um equil\u00edbrio entre o desenvolvimento econ\u00f4mico e a necessidade de preservar o meio ambiente e a qualidade de vida.<\/p>\n<h2>Os caminhos drummondianos como atra\u00e7\u00e3o<\/h2>\n<p>O projeto dos Caminhos Drummondianos, criado em <strong>1997<\/strong>, busca conectar a literatura de Drummond com a geografia local. A atra\u00e7\u00e3o \u00e9 um percurso de aproximadamente <strong>7 km<\/strong>, repleto de placas que destacam versos do poeta, permitindo que visitantes e locais explorem a cidade atrav\u00e9s da poesia. Este museu a c\u00e9u aberto \u00e9 uma maneira criativa e envolvente de manter viva a mem\u00f3ria do maior poeta brasileiro, proporcionando uma experi\u00eancia \u00fanica que une literatura e turismo.<\/p>\n<h2>Conserva\u00e7\u00e3o e natureza em Itabira<\/h2>\n<p>Apesar da devasta\u00e7\u00e3o causada pela minera\u00e7\u00e3o, partes de Itabira permanecem protegidas. A cidade abriga a <strong>Reserva da Biosfera da Serra do Espinha\u00e7o<\/strong>, reconhecida pela UNESCO, que protege \u00e1reas valiosas de biodiversidade. O distrito de <strong>Ipoema<\/strong> \u00e9 um exemplo de conserva\u00e7\u00e3o e beleza natural, com cachoeiras e trilhas que atraem ecoturistas e amantes da natureza. O Parque Estadual Mata do Limoeiro, com sua vasta floresta preservada, \u00e9 um ref\u00fagio essencial que mostra que, mesmo em meio ao progresso, a natureza ainda tem espa\u00e7o para prosperar.<\/p>\n<h2>Clima e melhores \u00e9pocas para visita\u00e7\u00e3o<\/h2>\n<p>O clima em Itabira \u00e9 caracterizado como tropical de altitude. Durante o ver\u00e3o, que vai de dezembro a fevereiro, as temperaturas variam de <strong>18\u00b0C a 27\u00b0C<\/strong>, com chuvas intensas. O outono, entre mar\u00e7o e maio, apresenta temperaturas amenas de <strong>16\u00b0C a 26\u00b0C<\/strong>, o que proporciona conforto para caminhadas. No inverno, de junho a agosto, os dias s\u00e3o mais frios, com temperaturas variando de <strong>12\u00b0C a 25\u00b0C<\/strong> e baixa pluviosidade, ideal para turismo cultural. Por fim, a primavera, de setembro a novembro, traz temperaturas quentes de <strong>16\u00b0C a 28\u00b0C<\/strong>, com vegeta\u00e7\u00e3o abundante, proporcionando uma \u00f3tima esta\u00e7\u00e3o para trilhas e explora\u00e7\u00e3o.<\/p>\n","protected":false},"excerpt":{"rendered":"<p>Munic\u00edpio mineiro onde uma montanha inteira de 1.385 metros sumiu e nasceu Carlos Drummond de Andrade.<\/p>\n","protected":false},"author":1,"featured_media":6140,"comment_status":"open","ping_status":"open","sticky":false,"template":"","format":"standard","meta":{"footnotes":""},"categories":[5],"tags":[],"class_list":["post-6141","post","type-post","status-publish","format-standard","has-post-thumbnail","hentry","category-noticias","has_thumb"],"yoast_head":"<!-- This site is optimized with the Yoast SEO plugin v28.1 - https:\/\/yoast.com\/product\/yoast-seo-wordpress\/ -->\n<title>Munic\u00edpio mineiro onde uma montanha inteira de 1.385 metros sumiu e nasceu Carlos Drummond de Andrade | Guia Comercial de Itabira MG<\/title>\n<meta name=\"robots\" content=\"index, follow, max-snippet:-1, max-image-preview:large, max-video-preview:-1\" \/>\n<link rel=\"canonical\" href=\"https:\/\/www.encontraminasgerais.com.br\/itabira\/municipio-mineiro-onde-uma-montanha-inteira-de-1-385-metros-sumiu-e-nasceu-carlos-drummond-de-andrade\/\" \/>\n<meta property=\"og:locale\" content=\"pt_BR\" \/>\n<meta property=\"og:type\" content=\"article\" \/>\n<meta property=\"og:title\" content=\"Munic\u00edpio mineiro onde uma montanha inteira de 1.385 metros sumiu e nasceu Carlos Drummond de Andrade | Guia Comercial de Itabira MG\" \/>\n<meta property=\"og:description\" content=\"Munic\u00edpio mineiro onde uma montanha inteira de 1.385 metros sumiu e nasceu Carlos Drummond de Andrade.\" \/>\n<meta property=\"og:url\" content=\"https:\/\/www.encontraminasgerais.com.br\/itabira\/municipio-mineiro-onde-uma-montanha-inteira-de-1-385-metros-sumiu-e-nasceu-carlos-drummond-de-andrade\/\" \/>\n<meta property=\"og:site_name\" content=\"Guia Comercial de Itabira MG\" \/>\n<meta property=\"article:published_time\" content=\"2026-07-31T18:31:08+00:00\" \/>\n<meta property=\"og:image\" content=\"https:\/\/www.encontraminasgerais.com.br\/itabira\/wp-content\/uploads\/2026\/07\/municipio-mineiro-onde-uma-montanha-inteira-de-1-385-metros-sumiu-e-nasceu-carlos-drummond-de-andrad.webp\" \/>\n<meta name=\"author\" content=\"Encontra Itabira\" \/>\n<meta name=\"twitter:card\" content=\"summary_large_image\" \/>\n<meta name=\"twitter:label1\" content=\"Escrito por\" \/>\n\t<meta name=\"twitter:data1\" content=\"Encontra Itabira\" \/>\n\t<meta name=\"twitter:label2\" content=\"Est. tempo de leitura\" \/>\n\t<meta name=\"twitter:data2\" content=\"5 minutos\" \/>\n<script type=\"application\/ld+json\" class=\"yoast-schema-graph\">{\"@context\":\"https:\\\/\\\/schema.org\",\"@graph\":[{\"@type\":\"Article\",\"@id\":\"https:\\\/\\\/www.encontraminasgerais.com.br\\\/itabira\\\/municipio-mineiro-onde-uma-montanha-inteira-de-1-385-metros-sumiu-e-nasceu-carlos-drummond-de-andrade\\\/#article\",\"isPartOf\":{\"@id\":\"https:\\\/\\\/www.encontraminasgerais.com.br\\\/itabira\\\/municipio-mineiro-onde-uma-montanha-inteira-de-1-385-metros-sumiu-e-nasceu-carlos-drummond-de-andrade\\\/\"},\"author\":{\"name\":\"Encontra Itabira\",\"@id\":\"https:\\\/\\\/www.encontraminasgerais.com.br\\\/itabira\\\/#\\\/schema\\\/person\\\/9ae8a8f5ce59322c92e2499b550870b0\"},\"headline\":\"Munic\u00edpio mineiro onde uma montanha inteira de 1.385 metros sumiu e nasceu Carlos Drummond de Andrade\",\"datePublished\":\"2026-07-31T18:31:08+00:00\",\"mainEntityOfPage\":{\"@id\":\"https:\\\/\\\/www.encontraminasgerais.com.br\\\/itabira\\\/municipio-mineiro-onde-uma-montanha-inteira-de-1-385-metros-sumiu-e-nasceu-carlos-drummond-de-andrade\\\/\"},\"wordCount\":1106,\"commentCount\":0,\"image\":{\"@id\":\"https:\\\/\\\/www.encontraminasgerais.com.br\\\/itabira\\\/municipio-mineiro-onde-uma-montanha-inteira-de-1-385-metros-sumiu-e-nasceu-carlos-drummond-de-andrade\\\/#primaryimage\"},\"thumbnailUrl\":\"https:\\\/\\\/www.encontraminasgerais.com.br\\\/itabira\\\/wp-content\\\/uploads\\\/2026\\\/07\\\/municipio-mineiro-onde-uma-montanha-inteira-de-1-385-metros-sumiu-e-nasceu-carlos-drummond-de-andrad.webp\",\"articleSection\":[\"Not\u00edcias Itabira\"],\"inLanguage\":\"pt-BR\",\"potentialAction\":[{\"@type\":\"CommentAction\",\"name\":\"Comment\",\"target\":[\"https:\\\/\\\/www.encontraminasgerais.com.br\\\/itabira\\\/municipio-mineiro-onde-uma-montanha-inteira-de-1-385-metros-sumiu-e-nasceu-carlos-drummond-de-andrade\\\/#respond\"]}]},{\"@type\":\"WebPage\",\"@id\":\"https:\\\/\\\/www.encontraminasgerais.com.br\\\/itabira\\\/municipio-mineiro-onde-uma-montanha-inteira-de-1-385-metros-sumiu-e-nasceu-carlos-drummond-de-andrade\\\/\",\"url\":\"https:\\\/\\\/www.encontraminasgerais.com.br\\\/itabira\\\/municipio-mineiro-onde-uma-montanha-inteira-de-1-385-metros-sumiu-e-nasceu-carlos-drummond-de-andrade\\\/\",\"name\":\"Munic\u00edpio mineiro onde uma montanha inteira de 1.385 metros sumiu e nasceu Carlos Drummond de Andrade | Guia Comercial de Itabira MG\",\"isPartOf\":{\"@id\":\"https:\\\/\\\/www.encontraminasgerais.com.br\\\/itabira\\\/#website\"},\"primaryImageOfPage\":{\"@id\":\"https:\\\/\\\/www.encontraminasgerais.com.br\\\/itabira\\\/municipio-mineiro-onde-uma-montanha-inteira-de-1-385-metros-sumiu-e-nasceu-carlos-drummond-de-andrade\\\/#primaryimage\"},\"image\":{\"@id\":\"https:\\\/\\\/www.encontraminasgerais.com.br\\\/itabira\\\/municipio-mineiro-onde-uma-montanha-inteira-de-1-385-metros-sumiu-e-nasceu-carlos-drummond-de-andrade\\\/#primaryimage\"},\"thumbnailUrl\":\"https:\\\/\\\/www.encontraminasgerais.com.br\\\/itabira\\\/wp-content\\\/uploads\\\/2026\\\/07\\\/municipio-mineiro-onde-uma-montanha-inteira-de-1-385-metros-sumiu-e-nasceu-carlos-drummond-de-andrad.webp\",\"datePublished\":\"2026-07-31T18:31:08+00:00\",\"author\":{\"@id\":\"https:\\\/\\\/www.encontraminasgerais.com.br\\\/itabira\\\/#\\\/schema\\\/person\\\/9ae8a8f5ce59322c92e2499b550870b0\"},\"inLanguage\":\"pt-BR\",\"potentialAction\":[{\"@type\":\"ReadAction\",\"target\":[\"https:\\\/\\\/www.encontraminasgerais.com.br\\\/itabira\\\/municipio-mineiro-onde-uma-montanha-inteira-de-1-385-metros-sumiu-e-nasceu-carlos-drummond-de-andrade\\\/\"]}]},{\"@type\":\"ImageObject\",\"inLanguage\":\"pt-BR\",\"@id\":\"https:\\\/\\\/www.encontraminasgerais.com.br\\\/itabira\\\/municipio-mineiro-onde-uma-montanha-inteira-de-1-385-metros-sumiu-e-nasceu-carlos-drummond-de-andrade\\\/#primaryimage\",\"url\":\"https:\\\/\\\/www.encontraminasgerais.com.br\\\/itabira\\\/wp-content\\\/uploads\\\/2026\\\/07\\\/municipio-mineiro-onde-uma-montanha-inteira-de-1-385-metros-sumiu-e-nasceu-carlos-drummond-de-andrad.webp\",\"contentUrl\":\"https:\\\/\\\/www.encontraminasgerais.com.br\\\/itabira\\\/wp-content\\\/uploads\\\/2026\\\/07\\\/municipio-mineiro-onde-uma-montanha-inteira-de-1-385-metros-sumiu-e-nasceu-carlos-drummond-de-andrad.webp\",\"width\":280,\"height\":280,\"caption\":\"munic\u00edpio mineiro\"},{\"@type\":\"WebSite\",\"@id\":\"https:\\\/\\\/www.encontraminasgerais.com.br\\\/itabira\\\/#website\",\"url\":\"https:\\\/\\\/www.encontraminasgerais.com.br\\\/itabira\\\/\",\"name\":\"Guia Comercial de Itabira MG\",\"description\":\"ENCONTRA ITABIRA - O guia comercial de neg\u00f3cios e empresas, cultura e divers\u00e3o na cidade de Itabira. Feito 100% para voc\u00ea morador!\",\"potentialAction\":[{\"@type\":\"SearchAction\",\"target\":{\"@type\":\"EntryPoint\",\"urlTemplate\":\"https:\\\/\\\/www.encontraminasgerais.com.br\\\/itabira\\\/?s={search_term_string}\"},\"query-input\":{\"@type\":\"PropertyValueSpecification\",\"valueRequired\":true,\"valueName\":\"search_term_string\"}}],\"inLanguage\":\"pt-BR\"},{\"@type\":\"Person\",\"@id\":\"https:\\\/\\\/www.encontraminasgerais.com.br\\\/itabira\\\/#\\\/schema\\\/person\\\/9ae8a8f5ce59322c92e2499b550870b0\",\"name\":\"Encontra Itabira\",\"image\":{\"@type\":\"ImageObject\",\"inLanguage\":\"pt-BR\",\"@id\":\"https:\\\/\\\/secure.gravatar.com\\\/avatar\\\/c50c17820bcf322f0a8fd6b110b8c0918141409dc69076470f6fca5fee70a5d4?s=96&d=mm&r=g\",\"url\":\"https:\\\/\\\/secure.gravatar.com\\\/avatar\\\/c50c17820bcf322f0a8fd6b110b8c0918141409dc69076470f6fca5fee70a5d4?s=96&d=mm&r=g\",\"contentUrl\":\"https:\\\/\\\/secure.gravatar.com\\\/avatar\\\/c50c17820bcf322f0a8fd6b110b8c0918141409dc69076470f6fca5fee70a5d4?s=96&d=mm&r=g\",\"caption\":\"Encontra Itabira\"},\"url\":\"https:\\\/\\\/www.encontraminasgerais.com.br\\\/itabira\\\/author\\\/encontraitabira\\\/\"}]}<\/script>\n<!-- \/ Yoast SEO plugin. -->","yoast_head_json":{"title":"Munic\u00edpio mineiro onde uma montanha inteira de 1.385 metros sumiu e nasceu Carlos Drummond de Andrade | Guia Comercial de Itabira MG","robots":{"index":"index","follow":"follow","max-snippet":"max-snippet:-1","max-image-preview":"max-image-preview:large","max-video-preview":"max-video-preview:-1"},"canonical":"https:\/\/www.encontraminasgerais.com.br\/itabira\/municipio-mineiro-onde-uma-montanha-inteira-de-1-385-metros-sumiu-e-nasceu-carlos-drummond-de-andrade\/","og_locale":"pt_BR","og_type":"article","og_title":"Munic\u00edpio mineiro onde uma montanha inteira de 1.385 metros sumiu e nasceu Carlos Drummond de Andrade | Guia Comercial de Itabira MG","og_description":"Munic\u00edpio mineiro onde uma montanha inteira de 1.385 metros sumiu e nasceu Carlos Drummond de Andrade.","og_url":"https:\/\/www.encontraminasgerais.com.br\/itabira\/municipio-mineiro-onde-uma-montanha-inteira-de-1-385-metros-sumiu-e-nasceu-carlos-drummond-de-andrade\/","og_site_name":"Guia Comercial de Itabira MG","article_published_time":"2026-07-31T18:31:08+00:00","og_image":[{"url":"https:\/\/www.encontraminasgerais.com.br\/itabira\/wp-content\/uploads\/2026\/07\/municipio-mineiro-onde-uma-montanha-inteira-de-1-385-metros-sumiu-e-nasceu-carlos-drummond-de-andrad.webp","type":"","width":"","height":""}],"author":"Encontra Itabira","twitter_card":"summary_large_image","twitter_misc":{"Escrito por":"Encontra Itabira","Est. tempo de leitura":"5 minutos"},"schema":{"@context":"https:\/\/schema.org","@graph":[{"@type":"Article","@id":"https:\/\/www.encontraminasgerais.com.br\/itabira\/municipio-mineiro-onde-uma-montanha-inteira-de-1-385-metros-sumiu-e-nasceu-carlos-drummond-de-andrade\/#article","isPartOf":{"@id":"https:\/\/www.encontraminasgerais.com.br\/itabira\/municipio-mineiro-onde-uma-montanha-inteira-de-1-385-metros-sumiu-e-nasceu-carlos-drummond-de-andrade\/"},"author":{"name":"Encontra Itabira","@id":"https:\/\/www.encontraminasgerais.com.br\/itabira\/#\/schema\/person\/9ae8a8f5ce59322c92e2499b550870b0"},"headline":"Munic\u00edpio mineiro onde uma montanha inteira de 1.385 metros sumiu e nasceu Carlos Drummond de Andrade","datePublished":"2026-07-31T18:31:08+00:00","mainEntityOfPage":{"@id":"https:\/\/www.encontraminasgerais.com.br\/itabira\/municipio-mineiro-onde-uma-montanha-inteira-de-1-385-metros-sumiu-e-nasceu-carlos-drummond-de-andrade\/"},"wordCount":1106,"commentCount":0,"image":{"@id":"https:\/\/www.encontraminasgerais.com.br\/itabira\/municipio-mineiro-onde-uma-montanha-inteira-de-1-385-metros-sumiu-e-nasceu-carlos-drummond-de-andrade\/#primaryimage"},"thumbnailUrl":"https:\/\/www.encontraminasgerais.com.br\/itabira\/wp-content\/uploads\/2026\/07\/municipio-mineiro-onde-uma-montanha-inteira-de-1-385-metros-sumiu-e-nasceu-carlos-drummond-de-andrad.webp","articleSection":["Not\u00edcias Itabira"],"inLanguage":"pt-BR","potentialAction":[{"@type":"CommentAction","name":"Comment","target":["https:\/\/www.encontraminasgerais.com.br\/itabira\/municipio-mineiro-onde-uma-montanha-inteira-de-1-385-metros-sumiu-e-nasceu-carlos-drummond-de-andrade\/#respond"]}]},{"@type":"WebPage","@id":"https:\/\/www.encontraminasgerais.com.br\/itabira\/municipio-mineiro-onde-uma-montanha-inteira-de-1-385-metros-sumiu-e-nasceu-carlos-drummond-de-andrade\/","url":"https:\/\/www.encontraminasgerais.com.br\/itabira\/municipio-mineiro-onde-uma-montanha-inteira-de-1-385-metros-sumiu-e-nasceu-carlos-drummond-de-andrade\/","name":"Munic\u00edpio mineiro onde uma montanha inteira de 1.385 metros sumiu e nasceu Carlos Drummond de Andrade | Guia Comercial de Itabira MG","isPartOf":{"@id":"https:\/\/www.encontraminasgerais.com.br\/itabira\/#website"},"primaryImageOfPage":{"@id":"https:\/\/www.encontraminasgerais.com.br\/itabira\/municipio-mineiro-onde-uma-montanha-inteira-de-1-385-metros-sumiu-e-nasceu-carlos-drummond-de-andrade\/#primaryimage"},"image":{"@id":"https:\/\/www.encontraminasgerais.com.br\/itabira\/municipio-mineiro-onde-uma-montanha-inteira-de-1-385-metros-sumiu-e-nasceu-carlos-drummond-de-andrade\/#primaryimage"},"thumbnailUrl":"https:\/\/www.encontraminasgerais.com.br\/itabira\/wp-content\/uploads\/2026\/07\/municipio-mineiro-onde-uma-montanha-inteira-de-1-385-metros-sumiu-e-nasceu-carlos-drummond-de-andrad.webp","datePublished":"2026-07-31T18:31:08+00:00","author":{"@id":"https:\/\/www.encontraminasgerais.com.br\/itabira\/#\/schema\/person\/9ae8a8f5ce59322c92e2499b550870b0"},"inLanguage":"pt-BR","potentialAction":[{"@type":"ReadAction","target":["https:\/\/www.encontraminasgerais.com.br\/itabira\/municipio-mineiro-onde-uma-montanha-inteira-de-1-385-metros-sumiu-e-nasceu-carlos-drummond-de-andrade\/"]}]},{"@type":"ImageObject","inLanguage":"pt-BR","@id":"https:\/\/www.encontraminasgerais.com.br\/itabira\/municipio-mineiro-onde-uma-montanha-inteira-de-1-385-metros-sumiu-e-nasceu-carlos-drummond-de-andrade\/#primaryimage","url":"https:\/\/www.encontraminasgerais.com.br\/itabira\/wp-content\/uploads\/2026\/07\/municipio-mineiro-onde-uma-montanha-inteira-de-1-385-metros-sumiu-e-nasceu-carlos-drummond-de-andrad.webp","contentUrl":"https:\/\/www.encontraminasgerais.com.br\/itabira\/wp-content\/uploads\/2026\/07\/municipio-mineiro-onde-uma-montanha-inteira-de-1-385-metros-sumiu-e-nasceu-carlos-drummond-de-andrad.webp","width":280,"height":280,"caption":"munic\u00edpio mineiro"},{"@type":"WebSite","@id":"https:\/\/www.encontraminasgerais.com.br\/itabira\/#website","url":"https:\/\/www.encontraminasgerais.com.br\/itabira\/","name":"Guia Comercial de Itabira MG","description":"ENCONTRA ITABIRA - O guia comercial de neg\u00f3cios e empresas, cultura e divers\u00e3o na cidade de Itabira. Feito 100% para voc\u00ea morador!","potentialAction":[{"@type":"SearchAction","target":{"@type":"EntryPoint","urlTemplate":"https:\/\/www.encontraminasgerais.com.br\/itabira\/?s={search_term_string}"},"query-input":{"@type":"PropertyValueSpecification","valueRequired":true,"valueName":"search_term_string"}}],"inLanguage":"pt-BR"},{"@type":"Person","@id":"https:\/\/www.encontraminasgerais.com.br\/itabira\/#\/schema\/person\/9ae8a8f5ce59322c92e2499b550870b0","name":"Encontra Itabira","image":{"@type":"ImageObject","inLanguage":"pt-BR","@id":"https:\/\/secure.gravatar.com\/avatar\/c50c17820bcf322f0a8fd6b110b8c0918141409dc69076470f6fca5fee70a5d4?s=96&d=mm&r=g","url":"https:\/\/secure.gravatar.com\/avatar\/c50c17820bcf322f0a8fd6b110b8c0918141409dc69076470f6fca5fee70a5d4?s=96&d=mm&r=g","contentUrl":"https:\/\/secure.gravatar.com\/avatar\/c50c17820bcf322f0a8fd6b110b8c0918141409dc69076470f6fca5fee70a5d4?s=96&d=mm&r=g","caption":"Encontra Itabira"},"url":"https:\/\/www.encontraminasgerais.com.br\/itabira\/author\/encontraitabira\/"}]}},"_links":{"self":[{"href":"https:\/\/www.encontraminasgerais.com.br\/itabira\/wp-json\/wp\/v2\/posts\/6141","targetHints":{"allow":["GET"]}}],"collection":[{"href":"https:\/\/www.encontraminasgerais.com.br\/itabira\/wp-json\/wp\/v2\/posts"}],"about":[{"href":"https:\/\/www.encontraminasgerais.com.br\/itabira\/wp-json\/wp\/v2\/types\/post"}],"author":[{"embeddable":true,"href":"https:\/\/www.encontraminasgerais.com.br\/itabira\/wp-json\/wp\/v2\/users\/1"}],"replies":[{"embeddable":true,"href":"https:\/\/www.encontraminasgerais.com.br\/itabira\/wp-json\/wp\/v2\/comments?post=6141"}],"version-history":[{"count":0,"href":"https:\/\/www.encontraminasgerais.com.br\/itabira\/wp-json\/wp\/v2\/posts\/6141\/revisions"}],"wp:featuredmedia":[{"embeddable":true,"href":"https:\/\/www.encontraminasgerais.com.br\/itabira\/wp-json\/wp\/v2\/media\/6140"}],"wp:attachment":[{"href":"https:\/\/www.encontraminasgerais.com.br\/itabira\/wp-json\/wp\/v2\/media?parent=6141"}],"wp:term":[{"taxonomy":"category","embeddable":true,"href":"https:\/\/www.encontraminasgerais.com.br\/itabira\/wp-json\/wp\/v2\/categories?post=6141"},{"taxonomy":"post_tag","embeddable":true,"href":"https:\/\/www.encontraminasgerais.com.br\/itabira\/wp-json\/wp\/v2\/tags?post=6141"}],"curies":[{"name":"wp","href":"https:\/\/api.w.org\/{rel}","templated":true}]}}