{"id":6143,"date":"2026-07-31T15:32:14","date_gmt":"2026-07-31T18:32:14","guid":{"rendered":"https:\/\/www.encontraminasgerais.com.br\/itabira\/educacao-infantil-prefeitura-de-itabira-abre-cadastro-escolar-para-o-ano-letivo-de-2027\/"},"modified":"2026-07-31T15:32:14","modified_gmt":"2026-07-31T18:32:14","slug":"educacao-infantil-prefeitura-de-itabira-abre-cadastro-escolar-para-o-ano-letivo-de-2027","status":"publish","type":"post","link":"https:\/\/www.encontraminasgerais.com.br\/itabira\/educacao-infantil-prefeitura-de-itabira-abre-cadastro-escolar-para-o-ano-letivo-de-2027\/","title":{"rendered":"Educa\u00e7\u00e3o Infantil: Prefeitura de Itabira abre Cadastro Escolar para o ano letivo de 2027"},"content":{"rendered":"<h2>Per\u00edodo de Inscri\u00e7\u00e3o<\/h2>\n<p>As inscri\u00e7\u00f5es para o <strong>Cadastro Escolar da Educa\u00e7\u00e3o Infantil<\/strong> em Itabira ter\u00e3o in\u00edcio no s\u00e1bado, 1\u00ba de agosto, e estar\u00e3o abertas at\u00e9 o dia 31 de agosto de 2026. Os respons\u00e1veis poder\u00e3o realizar o cadastro atrav\u00e9s do site oficial do munic\u00edpio, www.itabira.mg.gov.br, ou em qualquer escola da rede municipal de forma presencial.<\/p>\n<h2>Como Proceder<\/h2>\n<p>O processo de inscri\u00e7\u00e3o pode ser efetuado de maneira digital ou presencial. Para a inscri\u00e7\u00e3o online, os respons\u00e1veis precisam acessar o site da Prefeitura e seguir as orienta\u00e7\u00f5es que ser\u00e3o disponibilizadas. Para aqueles que preferem fazer a inscri\u00e7\u00e3o pessoalmente, \u00e9 necess\u00e1rio ir a uma escola municipal durante o hor\u00e1rio de atendimento, que \u00e9 das 8h \u00e0s 16h, de segunda a sexta-feira.<\/p>\n<h2>Quem Pode se Inscrever?<\/h2>\n<p>O cadastro \u00e9 voltado para crian\u00e7as que residem em Itabira e que estejam na faixa et\u00e1ria de 4 ou 5 anos, ou que completar\u00e3o essa idade at\u00e9 31 de mar\u00e7o de 2027. As crian\u00e7as de 4 anos ser\u00e3o alocadas no 1\u00ba Per\u00edodo, enquanto aquelas com 5 anos ser\u00e3o direcionadas ao 2\u00ba Per\u00edodo.<\/p>\n<p><img decoding=\"async\" src=\"https:\/\/www.encontraminasgerais.com.br\/itabira\/wp-content\/uploads\/2026\/07\/educacao-infantil-prefeitura-de-itabira-abre-cadastro-escolar-para-o-ano-letivo-de-2027.webp\" alt=\"Educa\u00e7\u00e3o Infantil\" loading=\"lazy\" \/><\/p>\n<h2>Import\u00e2ncia do Cadastro Escolar<\/h2>\n<p>O cadastro escolar \u00e9 um passo fundamental para a organiza\u00e7\u00e3o e planejamento da rede de ensino municipal. De acordo com a secret\u00e1ria de Educa\u00e7\u00e3o, Rejane Penna, as informa\u00e7\u00f5es coletadas permitir\u00e3o organizar as turmas e direcionar as crian\u00e7as para escolas adequadas, considerando a proximidade de suas resid\u00eancias e a disponibilidade de vagas. <\/p>\n<h2>Documenta\u00e7\u00e3o Necess\u00e1ria<\/h2>\n<p>Os respons\u00e1veis devem apresentar documentos essenciais durante o cadastramento, que incluem:<\/p>\n<ul>\n<li>Certid\u00e3o de nascimento da crian\u00e7a;<\/li>\n<li>Documento de identidade do respons\u00e1vel;<\/li>\n<li>Comprovante de resid\u00eancia;<\/li>\n<li>Cart\u00e3o de vacina\u00e7\u00e3o da crian\u00e7a;<\/li>\n<li>CPF da crian\u00e7a (caso possua).<\/li>\n<\/ul>\n<h2>Atendimento Presencial para Inscri\u00e7\u00e3o<\/h2>\n<p>Crian\u00e7as cujos respons\u00e1veis n\u00e3o tiverem acesso \u00e0 internet poder\u00e3o contar com o atendimento presencial dispon\u00edvel nas escolas municipais. O atendimento ser\u00e1 realizado de segunda a sexta-feira, das 8h \u00e0s 16h, onde uma equipe est\u00e1 preparada para auxiliar no preenchimento do cadastro e esclarecer d\u00favidas.<\/p>\n<h2>Crit\u00e9rios para Direcionamento das Turmas<\/h2>\n<p>O cadastro escolar atuar\u00e1 como um direcionador para a aloca\u00e7\u00e3o das crian\u00e7as nas turmas. As crian\u00e7as que j\u00e1 est\u00e3o matriculadas em unidades da rede municipal n\u00e3o precisam realizar um novo registro. O remanejamento ser\u00e1 feito automaticamente, levando em conta os endere\u00e7os j\u00e1 cadastrados.<\/p>\n<h2>Renova\u00e7\u00e3o para Estudantes J\u00e1 Cadastrados<\/h2>\n<p>Para os alunos que j\u00e1 est\u00e3o registrados em escolas da rede municipal, ser\u00e1 desnecess\u00e1ria uma nova inscri\u00e7\u00e3o. O remanejamento para o pr\u00f3ximo ano letivo ocorrer\u00e1 de acordo com as informa\u00e7\u00f5es de cadastro existentes, garantindo que todos sejam direcionados corretamente para suas respectivas turmas.<\/p>\n<h2>Relev\u00e2ncia do Cadastro para as Fam\u00edlias<\/h2>\n<p>A realiza\u00e7\u00e3o do cadastro tem um papel crucial para as fam\u00edlias, uma vez que a correta aloca\u00e7\u00e3o das crian\u00e7as nas escolas facilitar\u00e1 o acesso \u00e0 educa\u00e7\u00e3o infantil na cidade. Al\u00e9m disso, o mapeamento escolar possibilita que a Secretaria de Educa\u00e7\u00e3o tenha uma vis\u00e3o mais clara da demanda e das necessidades das crian\u00e7as da regi\u00e3o.<\/p>\n<h2>Como Acompanhar o Resultado do Cadastro<\/h2>\n<p>Os resultados do cadastro, com as respectivas aloca\u00e7\u00f5es dos alunos, ser\u00e3o divulgados na primeira quinzena de novembro, permitindo que as fam\u00edlias se preparem para o per\u00edodo de matr\u00edcula nas unidades designadas. \u00c9 recomendado que os respons\u00e1veis fiquem atentos \u00e0s publica\u00e7\u00f5es oficiais da Prefeitura para as informa\u00e7\u00f5es mais atualizadas.<\/p>\n<h2>Contato e Suporte para Fam\u00edlias<\/h2>\n<p>Se voc\u00ea tiver d\u00favidas ou precisar de mais informa\u00e7\u00f5es, \u00e9 poss\u00edvel entrar em contato com a Secretaria Municipal de Educa\u00e7\u00e3o pelos seguintes n\u00fameros:<\/p>\n<ul>\n<li>(31) 3839-2681<\/li>\n<li>(31) 3839-2805<\/li>\n<li>(31) 3839-2804<\/li>\n<li>(31) 3839-2602<\/li>\n<\/ul>\n","protected":false},"excerpt":{"rendered":"<p>Educa\u00e7\u00e3o Infantil: cadastre seu filho para o ano letivo de 2027 em Itabira!<\/p>\n","protected":false},"author":1,"featured_media":6142,"comment_status":"open","ping_status":"open","sticky":false,"template":"","format":"standard","meta":{"footnotes":""},"categories":[896],"tags":[],"class_list":["post-6143","post","type-post","status-publish","format-standard","has-post-thumbnail","hentry","category-cursos","has_thumb"],"yoast_head":"<!-- This site is optimized with the Yoast SEO plugin v28.1 - https:\/\/yoast.com\/product\/yoast-seo-wordpress\/ -->\n<title>Educa\u00e7\u00e3o Infantil: Prefeitura de Itabira abre Cadastro Escolar para o ano letivo de 2027 | Guia Comercial de Itabira MG<\/title>\n<meta name=\"robots\" content=\"index, follow, max-snippet:-1, max-image-preview:large, max-video-preview:-1\" \/>\n<link rel=\"canonical\" href=\"https:\/\/www.encontraminasgerais.com.br\/itabira\/educacao-infantil-prefeitura-de-itabira-abre-cadastro-escolar-para-o-ano-letivo-de-2027\/\" \/>\n<meta property=\"og:locale\" content=\"pt_BR\" \/>\n<meta property=\"og:type\" content=\"article\" \/>\n<meta property=\"og:title\" content=\"Educa\u00e7\u00e3o Infantil: Prefeitura de Itabira abre Cadastro Escolar para o ano letivo de 2027 | Guia Comercial de Itabira MG\" \/>\n<meta property=\"og:description\" content=\"Educa\u00e7\u00e3o Infantil: cadastre seu filho para o ano letivo de 2027 em Itabira!\" \/>\n<meta property=\"og:url\" content=\"https:\/\/www.encontraminasgerais.com.br\/itabira\/educacao-infantil-prefeitura-de-itabira-abre-cadastro-escolar-para-o-ano-letivo-de-2027\/\" \/>\n<meta property=\"og:site_name\" content=\"Guia Comercial de Itabira MG\" \/>\n<meta property=\"article:published_time\" content=\"2026-07-31T18:32:14+00:00\" \/>\n<meta property=\"og:image\" content=\"https:\/\/www.encontraminasgerais.com.br\/itabira\/wp-content\/uploads\/2026\/07\/educacao-infantil-prefeitura-de-itabira-abre-cadastro-escolar-para-o-ano-letivo-de-2027.webp\" \/>\n<meta name=\"author\" content=\"Encontra Itabira\" \/>\n<meta name=\"twitter:card\" content=\"summary_large_image\" \/>\n<meta name=\"twitter:label1\" content=\"Escrito por\" \/>\n\t<meta name=\"twitter:data1\" content=\"Encontra Itabira\" \/>\n\t<meta name=\"twitter:label2\" content=\"Est. tempo de leitura\" \/>\n\t<meta name=\"twitter:data2\" content=\"3 minutos\" \/>\n<script type=\"application\/ld+json\" class=\"yoast-schema-graph\">{\"@context\":\"https:\\\/\\\/schema.org\",\"@graph\":[{\"@type\":\"Article\",\"@id\":\"https:\\\/\\\/www.encontraminasgerais.com.br\\\/itabira\\\/educacao-infantil-prefeitura-de-itabira-abre-cadastro-escolar-para-o-ano-letivo-de-2027\\\/#article\",\"isPartOf\":{\"@id\":\"https:\\\/\\\/www.encontraminasgerais.com.br\\\/itabira\\\/educacao-infantil-prefeitura-de-itabira-abre-cadastro-escolar-para-o-ano-letivo-de-2027\\\/\"},\"author\":{\"name\":\"Encontra Itabira\",\"@id\":\"https:\\\/\\\/www.encontraminasgerais.com.br\\\/itabira\\\/#\\\/schema\\\/person\\\/9ae8a8f5ce59322c92e2499b550870b0\"},\"headline\":\"Educa\u00e7\u00e3o Infantil: Prefeitura de Itabira abre Cadastro Escolar para o ano letivo de 2027\",\"datePublished\":\"2026-07-31T18:32:14+00:00\",\"mainEntityOfPage\":{\"@id\":\"https:\\\/\\\/www.encontraminasgerais.com.br\\\/itabira\\\/educacao-infantil-prefeitura-de-itabira-abre-cadastro-escolar-para-o-ano-letivo-de-2027\\\/\"},\"wordCount\":648,\"commentCount\":0,\"image\":{\"@id\":\"https:\\\/\\\/www.encontraminasgerais.com.br\\\/itabira\\\/educacao-infantil-prefeitura-de-itabira-abre-cadastro-escolar-para-o-ano-letivo-de-2027\\\/#primaryimage\"},\"thumbnailUrl\":\"https:\\\/\\\/www.encontraminasgerais.com.br\\\/itabira\\\/wp-content\\\/uploads\\\/2026\\\/07\\\/educacao-infantil-prefeitura-de-itabira-abre-cadastro-escolar-para-o-ano-letivo-de-2027.webp\",\"articleSection\":[\"Cursos Itabira\"],\"inLanguage\":\"pt-BR\",\"potentialAction\":[{\"@type\":\"CommentAction\",\"name\":\"Comment\",\"target\":[\"https:\\\/\\\/www.encontraminasgerais.com.br\\\/itabira\\\/educacao-infantil-prefeitura-de-itabira-abre-cadastro-escolar-para-o-ano-letivo-de-2027\\\/#respond\"]}]},{\"@type\":\"WebPage\",\"@id\":\"https:\\\/\\\/www.encontraminasgerais.com.br\\\/itabira\\\/educacao-infantil-prefeitura-de-itabira-abre-cadastro-escolar-para-o-ano-letivo-de-2027\\\/\",\"url\":\"https:\\\/\\\/www.encontraminasgerais.com.br\\\/itabira\\\/educacao-infantil-prefeitura-de-itabira-abre-cadastro-escolar-para-o-ano-letivo-de-2027\\\/\",\"name\":\"Educa\u00e7\u00e3o Infantil: Prefeitura de Itabira abre Cadastro Escolar para o ano letivo de 2027 | Guia Comercial de Itabira MG\",\"isPartOf\":{\"@id\":\"https:\\\/\\\/www.encontraminasgerais.com.br\\\/itabira\\\/#website\"},\"primaryImageOfPage\":{\"@id\":\"https:\\\/\\\/www.encontraminasgerais.com.br\\\/itabira\\\/educacao-infantil-prefeitura-de-itabira-abre-cadastro-escolar-para-o-ano-letivo-de-2027\\\/#primaryimage\"},\"image\":{\"@id\":\"https:\\\/\\\/www.encontraminasgerais.com.br\\\/itabira\\\/educacao-infantil-prefeitura-de-itabira-abre-cadastro-escolar-para-o-ano-letivo-de-2027\\\/#primaryimage\"},\"thumbnailUrl\":\"https:\\\/\\\/www.encontraminasgerais.com.br\\\/itabira\\\/wp-content\\\/uploads\\\/2026\\\/07\\\/educacao-infantil-prefeitura-de-itabira-abre-cadastro-escolar-para-o-ano-letivo-de-2027.webp\",\"datePublished\":\"2026-07-31T18:32:14+00:00\",\"author\":{\"@id\":\"https:\\\/\\\/www.encontraminasgerais.com.br\\\/itabira\\\/#\\\/schema\\\/person\\\/9ae8a8f5ce59322c92e2499b550870b0\"},\"inLanguage\":\"pt-BR\",\"potentialAction\":[{\"@type\":\"ReadAction\",\"target\":[\"https:\\\/\\\/www.encontraminasgerais.com.br\\\/itabira\\\/educacao-infantil-prefeitura-de-itabira-abre-cadastro-escolar-para-o-ano-letivo-de-2027\\\/\"]}]},{\"@type\":\"ImageObject\",\"inLanguage\":\"pt-BR\",\"@id\":\"https:\\\/\\\/www.encontraminasgerais.com.br\\\/itabira\\\/educacao-infantil-prefeitura-de-itabira-abre-cadastro-escolar-para-o-ano-letivo-de-2027\\\/#primaryimage\",\"url\":\"https:\\\/\\\/www.encontraminasgerais.com.br\\\/itabira\\\/wp-content\\\/uploads\\\/2026\\\/07\\\/educacao-infantil-prefeitura-de-itabira-abre-cadastro-escolar-para-o-ano-letivo-de-2027.webp\",\"contentUrl\":\"https:\\\/\\\/www.encontraminasgerais.com.br\\\/itabira\\\/wp-content\\\/uploads\\\/2026\\\/07\\\/educacao-infantil-prefeitura-de-itabira-abre-cadastro-escolar-para-o-ano-letivo-de-2027.webp\",\"width\":280,\"height\":280,\"caption\":\"Educa\u00e7\u00e3o Infantil\"},{\"@type\":\"WebSite\",\"@id\":\"https:\\\/\\\/www.encontraminasgerais.com.br\\\/itabira\\\/#website\",\"url\":\"https:\\\/\\\/www.encontraminasgerais.com.br\\\/itabira\\\/\",\"name\":\"Guia Comercial de Itabira MG\",\"description\":\"ENCONTRA ITABIRA - O guia comercial de neg\u00f3cios e empresas, cultura e divers\u00e3o na cidade de Itabira. Feito 100% para voc\u00ea morador!\",\"potentialAction\":[{\"@type\":\"SearchAction\",\"target\":{\"@type\":\"EntryPoint\",\"urlTemplate\":\"https:\\\/\\\/www.encontraminasgerais.com.br\\\/itabira\\\/?s={search_term_string}\"},\"query-input\":{\"@type\":\"PropertyValueSpecification\",\"valueRequired\":true,\"valueName\":\"search_term_string\"}}],\"inLanguage\":\"pt-BR\"},{\"@type\":\"Person\",\"@id\":\"https:\\\/\\\/www.encontraminasgerais.com.br\\\/itabira\\\/#\\\/schema\\\/person\\\/9ae8a8f5ce59322c92e2499b550870b0\",\"name\":\"Encontra Itabira\",\"image\":{\"@type\":\"ImageObject\",\"inLanguage\":\"pt-BR\",\"@id\":\"https:\\\/\\\/secure.gravatar.com\\\/avatar\\\/c50c17820bcf322f0a8fd6b110b8c0918141409dc69076470f6fca5fee70a5d4?s=96&d=mm&r=g\",\"url\":\"https:\\\/\\\/secure.gravatar.com\\\/avatar\\\/c50c17820bcf322f0a8fd6b110b8c0918141409dc69076470f6fca5fee70a5d4?s=96&d=mm&r=g\",\"contentUrl\":\"https:\\\/\\\/secure.gravatar.com\\\/avatar\\\/c50c17820bcf322f0a8fd6b110b8c0918141409dc69076470f6fca5fee70a5d4?s=96&d=mm&r=g\",\"caption\":\"Encontra Itabira\"},\"url\":\"https:\\\/\\\/www.encontraminasgerais.com.br\\\/itabira\\\/author\\\/encontraitabira\\\/\"}]}<\/script>\n<!-- \/ Yoast SEO plugin. -->","yoast_head_json":{"title":"Educa\u00e7\u00e3o Infantil: Prefeitura de Itabira abre Cadastro Escolar para o ano letivo de 2027 | Guia Comercial de Itabira MG","robots":{"index":"index","follow":"follow","max-snippet":"max-snippet:-1","max-image-preview":"max-image-preview:large","max-video-preview":"max-video-preview:-1"},"canonical":"https:\/\/www.encontraminasgerais.com.br\/itabira\/educacao-infantil-prefeitura-de-itabira-abre-cadastro-escolar-para-o-ano-letivo-de-2027\/","og_locale":"pt_BR","og_type":"article","og_title":"Educa\u00e7\u00e3o Infantil: Prefeitura de Itabira abre Cadastro Escolar para o ano letivo de 2027 | Guia Comercial de Itabira MG","og_description":"Educa\u00e7\u00e3o Infantil: cadastre seu filho para o ano letivo de 2027 em Itabira!","og_url":"https:\/\/www.encontraminasgerais.com.br\/itabira\/educacao-infantil-prefeitura-de-itabira-abre-cadastro-escolar-para-o-ano-letivo-de-2027\/","og_site_name":"Guia Comercial de Itabira MG","article_published_time":"2026-07-31T18:32:14+00:00","og_image":[{"url":"https:\/\/www.encontraminasgerais.com.br\/itabira\/wp-content\/uploads\/2026\/07\/educacao-infantil-prefeitura-de-itabira-abre-cadastro-escolar-para-o-ano-letivo-de-2027.webp","type":"","width":"","height":""}],"author":"Encontra Itabira","twitter_card":"summary_large_image","twitter_misc":{"Escrito por":"Encontra Itabira","Est. tempo de leitura":"3 minutos"},"schema":{"@context":"https:\/\/schema.org","@graph":[{"@type":"Article","@id":"https:\/\/www.encontraminasgerais.com.br\/itabira\/educacao-infantil-prefeitura-de-itabira-abre-cadastro-escolar-para-o-ano-letivo-de-2027\/#article","isPartOf":{"@id":"https:\/\/www.encontraminasgerais.com.br\/itabira\/educacao-infantil-prefeitura-de-itabira-abre-cadastro-escolar-para-o-ano-letivo-de-2027\/"},"author":{"name":"Encontra Itabira","@id":"https:\/\/www.encontraminasgerais.com.br\/itabira\/#\/schema\/person\/9ae8a8f5ce59322c92e2499b550870b0"},"headline":"Educa\u00e7\u00e3o Infantil: Prefeitura de Itabira abre Cadastro Escolar para o ano letivo de 2027","datePublished":"2026-07-31T18:32:14+00:00","mainEntityOfPage":{"@id":"https:\/\/www.encontraminasgerais.com.br\/itabira\/educacao-infantil-prefeitura-de-itabira-abre-cadastro-escolar-para-o-ano-letivo-de-2027\/"},"wordCount":648,"commentCount":0,"image":{"@id":"https:\/\/www.encontraminasgerais.com.br\/itabira\/educacao-infantil-prefeitura-de-itabira-abre-cadastro-escolar-para-o-ano-letivo-de-2027\/#primaryimage"},"thumbnailUrl":"https:\/\/www.encontraminasgerais.com.br\/itabira\/wp-content\/uploads\/2026\/07\/educacao-infantil-prefeitura-de-itabira-abre-cadastro-escolar-para-o-ano-letivo-de-2027.webp","articleSection":["Cursos Itabira"],"inLanguage":"pt-BR","potentialAction":[{"@type":"CommentAction","name":"Comment","target":["https:\/\/www.encontraminasgerais.com.br\/itabira\/educacao-infantil-prefeitura-de-itabira-abre-cadastro-escolar-para-o-ano-letivo-de-2027\/#respond"]}]},{"@type":"WebPage","@id":"https:\/\/www.encontraminasgerais.com.br\/itabira\/educacao-infantil-prefeitura-de-itabira-abre-cadastro-escolar-para-o-ano-letivo-de-2027\/","url":"https:\/\/www.encontraminasgerais.com.br\/itabira\/educacao-infantil-prefeitura-de-itabira-abre-cadastro-escolar-para-o-ano-letivo-de-2027\/","name":"Educa\u00e7\u00e3o Infantil: Prefeitura de Itabira abre Cadastro Escolar para o ano letivo de 2027 | Guia Comercial de Itabira MG","isPartOf":{"@id":"https:\/\/www.encontraminasgerais.com.br\/itabira\/#website"},"primaryImageOfPage":{"@id":"https:\/\/www.encontraminasgerais.com.br\/itabira\/educacao-infantil-prefeitura-de-itabira-abre-cadastro-escolar-para-o-ano-letivo-de-2027\/#primaryimage"},"image":{"@id":"https:\/\/www.encontraminasgerais.com.br\/itabira\/educacao-infantil-prefeitura-de-itabira-abre-cadastro-escolar-para-o-ano-letivo-de-2027\/#primaryimage"},"thumbnailUrl":"https:\/\/www.encontraminasgerais.com.br\/itabira\/wp-content\/uploads\/2026\/07\/educacao-infantil-prefeitura-de-itabira-abre-cadastro-escolar-para-o-ano-letivo-de-2027.webp","datePublished":"2026-07-31T18:32:14+00:00","author":{"@id":"https:\/\/www.encontraminasgerais.com.br\/itabira\/#\/schema\/person\/9ae8a8f5ce59322c92e2499b550870b0"},"inLanguage":"pt-BR","potentialAction":[{"@type":"ReadAction","target":["https:\/\/www.encontraminasgerais.com.br\/itabira\/educacao-infantil-prefeitura-de-itabira-abre-cadastro-escolar-para-o-ano-letivo-de-2027\/"]}]},{"@type":"ImageObject","inLanguage":"pt-BR","@id":"https:\/\/www.encontraminasgerais.com.br\/itabira\/educacao-infantil-prefeitura-de-itabira-abre-cadastro-escolar-para-o-ano-letivo-de-2027\/#primaryimage","url":"https:\/\/www.encontraminasgerais.com.br\/itabira\/wp-content\/uploads\/2026\/07\/educacao-infantil-prefeitura-de-itabira-abre-cadastro-escolar-para-o-ano-letivo-de-2027.webp","contentUrl":"https:\/\/www.encontraminasgerais.com.br\/itabira\/wp-content\/uploads\/2026\/07\/educacao-infantil-prefeitura-de-itabira-abre-cadastro-escolar-para-o-ano-letivo-de-2027.webp","width":280,"height":280,"caption":"Educa\u00e7\u00e3o Infantil"},{"@type":"WebSite","@id":"https:\/\/www.encontraminasgerais.com.br\/itabira\/#website","url":"https:\/\/www.encontraminasgerais.com.br\/itabira\/","name":"Guia Comercial de Itabira MG","description":"ENCONTRA ITABIRA - O guia comercial de neg\u00f3cios e empresas, cultura e divers\u00e3o na cidade de Itabira. Feito 100% para voc\u00ea morador!","potentialAction":[{"@type":"SearchAction","target":{"@type":"EntryPoint","urlTemplate":"https:\/\/www.encontraminasgerais.com.br\/itabira\/?s={search_term_string}"},"query-input":{"@type":"PropertyValueSpecification","valueRequired":true,"valueName":"search_term_string"}}],"inLanguage":"pt-BR"},{"@type":"Person","@id":"https:\/\/www.encontraminasgerais.com.br\/itabira\/#\/schema\/person\/9ae8a8f5ce59322c92e2499b550870b0","name":"Encontra Itabira","image":{"@type":"ImageObject","inLanguage":"pt-BR","@id":"https:\/\/secure.gravatar.com\/avatar\/c50c17820bcf322f0a8fd6b110b8c0918141409dc69076470f6fca5fee70a5d4?s=96&d=mm&r=g","url":"https:\/\/secure.gravatar.com\/avatar\/c50c17820bcf322f0a8fd6b110b8c0918141409dc69076470f6fca5fee70a5d4?s=96&d=mm&r=g","contentUrl":"https:\/\/secure.gravatar.com\/avatar\/c50c17820bcf322f0a8fd6b110b8c0918141409dc69076470f6fca5fee70a5d4?s=96&d=mm&r=g","caption":"Encontra Itabira"},"url":"https:\/\/www.encontraminasgerais.com.br\/itabira\/author\/encontraitabira\/"}]}},"_links":{"self":[{"href":"https:\/\/www.encontraminasgerais.com.br\/itabira\/wp-json\/wp\/v2\/posts\/6143","targetHints":{"allow":["GET"]}}],"collection":[{"href":"https:\/\/www.encontraminasgerais.com.br\/itabira\/wp-json\/wp\/v2\/posts"}],"about":[{"href":"https:\/\/www.encontraminasgerais.com.br\/itabira\/wp-json\/wp\/v2\/types\/post"}],"author":[{"embeddable":true,"href":"https:\/\/www.encontraminasgerais.com.br\/itabira\/wp-json\/wp\/v2\/users\/1"}],"replies":[{"embeddable":true,"href":"https:\/\/www.encontraminasgerais.com.br\/itabira\/wp-json\/wp\/v2\/comments?post=6143"}],"version-history":[{"count":0,"href":"https:\/\/www.encontraminasgerais.com.br\/itabira\/wp-json\/wp\/v2\/posts\/6143\/revisions"}],"wp:featuredmedia":[{"embeddable":true,"href":"https:\/\/www.encontraminasgerais.com.br\/itabira\/wp-json\/wp\/v2\/media\/6142"}],"wp:attachment":[{"href":"https:\/\/www.encontraminasgerais.com.br\/itabira\/wp-json\/wp\/v2\/media?parent=6143"}],"wp:term":[{"taxonomy":"category","embeddable":true,"href":"https:\/\/www.encontraminasgerais.com.br\/itabira\/wp-json\/wp\/v2\/categories?post=6143"},{"taxonomy":"post_tag","embeddable":true,"href":"https:\/\/www.encontraminasgerais.com.br\/itabira\/wp-json\/wp\/v2\/tags?post=6143"}],"curies":[{"name":"wp","href":"https:\/\/api.w.org\/{rel}","templated":true}]}}