{"id":6149,"date":"2026-08-01T19:22:06","date_gmt":"2026-08-01T22:22:06","guid":{"rendered":"https:\/\/www.encontraminasgerais.com.br\/itabira\/prefeitura-abre-cadastro-escolar-2027-para-criancas-de-4-e-5-anos\/"},"modified":"2026-08-01T19:22:06","modified_gmt":"2026-08-01T22:22:06","slug":"prefeitura-abre-cadastro-escolar-2027-para-criancas-de-4-e-5-anos","status":"publish","type":"post","link":"https:\/\/www.encontraminasgerais.com.br\/itabira\/prefeitura-abre-cadastro-escolar-2027-para-criancas-de-4-e-5-anos\/","title":{"rendered":"Prefeitura abre Cadastro Escolar 2027 para crian\u00e7as de 4 e 5 anos"},"content":{"rendered":"<h2>Inscri\u00e7\u00f5es para o Cadastro Escolar 2027<\/h2>\n<p>A Secretaria Municipal de Educa\u00e7\u00e3o de Itabira anunciou a abertura do Cadastro Escolar para o ano letivo de 2027. Este processo inicia-se no dia 1\u00ba de agosto e seguir\u00e1 at\u00e9 31 de agosto. Os interessados podem realizar suas inscri\u00e7\u00f5es tanto pela internet, atrav\u00e9s do portal oficial da prefeitura, como tamb\u00e9m de maneira presencial nas escolas municipais. \u00c9 fundamental que os respons\u00e1veis se atentem a essas datas, pois n\u00e3o haver\u00e1 prorroga\u00e7\u00e3o do prazo para o cadastro.<\/p>\n<h2>Quem Pode Se Inscrever no Cadastro<\/h2>\n<p>O cadastro destina-se a crian\u00e7as que residem na cidade de Itabira e que tenham entre 4 e 5 anos de idade, ou que completem essa faixa et\u00e1ria at\u00e9 o dia 31 de mar\u00e7o de 2027. As crian\u00e7as que t\u00eam 4 anos dever\u00e3o ser alocadas no 1\u00ba Per\u00edodo, enquanto aquelas com 5 anos ser\u00e3o direcionadas ao 2\u00ba Per\u00edodo. \u00c9 importante ressaltar que os alunos que j\u00e1 est\u00e3o matriculados na rede municipal n\u00e3o precisar\u00e3o realizar uma nova inscri\u00e7\u00e3o; eles ser\u00e3o automaticamente encaminhados para o pr\u00f3ximo n\u00edvel, de acordo com o endere\u00e7o registrado na escola.<\/p>\n<h2>Como Realizar a Inscri\u00e7\u00e3o Online<\/h2>\n<p>Para realizar a inscri\u00e7\u00e3o online, os respons\u00e1veis devem acessar o site oficial da prefeitura no dia 1\u00ba de agosto, a partir das 8h. O link para o formul\u00e1rio de inscri\u00e7\u00e3o ser\u00e1 disponibilizado no endere\u00e7o <a href=\"http:\/\/www.itabira.mg.gov.br\">www.itabira.mg.gov.br<\/a>. \u00c9 crucial que todas as informa\u00e7\u00f5es sejam preenchidas com precis\u00e3o, pois isso influenciar\u00e1 na organiza\u00e7\u00e3o das turmas e na designa\u00e7\u00e3o de escolas pr\u00f3ximas \u00e0s resid\u00eancias das crian\u00e7as.<\/p>\n<p><img decoding=\"async\" src=\"https:\/\/www.encontraminasgerais.com.br\/itabira\/wp-content\/uploads\/2026\/08\/prefeitura-abre-cadastro-escolar-2027-para-criancas-de-4-e-5-anos.webp\" alt=\"Cadastro Escolar 2027\" loading=\"lazy\" \/><\/p>\n<h2>Atendimento Presencial nas Escolas<\/h2>\n<p>Para as fam\u00edlias que t\u00eam dificuldades no acesso \u00e0 internet ou que n\u00e3o est\u00e3o familiarizadas com ferramentas digitais, est\u00e1 dispon\u00edvel o atendimento presencial em qualquer escola municipal. Mesmo que a unidade n\u00e3o ofere\u00e7a Educa\u00e7\u00e3o Infantil, os respons\u00e1veis podem buscar assist\u00eancia para a inscri\u00e7\u00e3o. O atendimento presencial acontecer\u00e1 de segunda a sexta-feira, das 8h \u00e0s 16h.<\/p>\n<h2>Documentos Necess\u00e1rios para o Cadastro<\/h2>\n<p>Os documentos que devem ser apresentados no momento do cadastro presencial incluem:<\/p>\n<ul>\n<li><strong>Certid\u00e3o de Nascimento:<\/strong> Documento que comprove a idade da crian\u00e7a.<\/li>\n<li><strong>CPF da Crian\u00e7a:<\/strong> Se a crian\u00e7a possuir.<\/li>\n<li><strong>Documenta\u00e7\u00e3o do Respons\u00e1vel:<\/strong> Pode ser um documento de identidade ou CPF do respons\u00e1vel.<\/li>\n<li><strong>Comprovante de Resid\u00eancia:<\/strong> Para verificar o endere\u00e7o onde a crian\u00e7a reside.<\/li>\n<li><strong>Cart\u00e3o de Vacina:<\/strong> Atualizado de acordo com as exig\u00eancias de sa\u00fade.<\/li>\n<\/ul>\n<h2>Prazos para Inscri\u00e7\u00e3o e Import\u00e2ncia do Cadastro<\/h2>\n<p>O cadastro \u00e9 a partir de 1\u00ba de agosto at\u00e9 31 de agosto. As informa\u00e7\u00f5es coletadas ser\u00e3o utilizadas no planejamento do pr\u00f3ximo ano letivo, facilitando a organiza\u00e7\u00e3o das turmas e garantindo que cada crian\u00e7a seja direcionada para uma escola que tenha vagas dispon\u00edveis, preferencialmente pr\u00f3xima de onde reside. A secret\u00e1ria municipal de Educa\u00e7\u00e3o, Rejane Penna, enfatiza a import\u00e2ncia do preenchimento correto das informa\u00e7\u00f5es, afirmando que isso \u00e9 fundamental para uma boa organiza\u00e7\u00e3o da oferta de educa\u00e7\u00e3o na cidade.<\/p>\n<h2>Encaminhamento e Matr\u00edcula dos Alunos<\/h2>\n<p>Vale lembrar que a realiza\u00e7\u00e3o do cadastro n\u00e3o assegura uma vaga em uma escola espec\u00edfica. O encaminhamento ser\u00e1 feito levando em conta o endere\u00e7o fornecido e a disponibilidade de vagas. A prioridade ser\u00e1 sempre para as institui\u00e7\u00f5es mais pr\u00f3ximas da resid\u00eancia da crian\u00e7a. As listas com os encaminhamentos ser\u00e3o publicadas nas escolas municipais na primeira quinzena de novembro. J\u00e1 as matr\u00edculas dever\u00e3o ocorrer na segunda quinzena do mesmo m\u00eas, levando em considera\u00e7\u00e3o a unidade indicada.<\/p>\n<h2>Organiza\u00e7\u00e3o das Turmas na Educa\u00e7\u00e3o Infantil<\/h2>\n<p>Em 2026, foram registradas um total de 238 inscri\u00e7\u00f5es no Cadastro Escolar e, com os encaminhamentos autom\u00e1ticos de crian\u00e7as que j\u00e1 estavam nos Centros Municipais de Educa\u00e7\u00e3o Infantil, 723 alunos foram direcionados para a Educa\u00e7\u00e3o Infantil. Esse sistema de organiza\u00e7\u00e3o \u00e9 vital para assegurar que todas as crian\u00e7as tenham acesso \u00e0 educa\u00e7\u00e3o em um ambiente adequado.<\/p>\n<h2>D\u00favidas Frequentes sobre o Cadastro Escolar<\/h2>\n<p>\u00c9 comum que surjam diversas d\u00favidas a respeito do cadastro escolar. Algumas das perguntas mais frequentes incluem:<\/p>\n<ul>\n<li><strong>O que acontece se eu perder o prazo de inscri\u00e7\u00e3o?<\/strong> Infelizmente, n\u00e3o haver\u00e1 prorroga\u00e7\u00e3o, portanto \u00e9 essencial que todos os respons\u00e1veis realizem o cadastro dentro do prazo.<\/li>\n<li><strong>Se meu filho j\u00e1 est\u00e1 na escola, preciso reescrever o cadastro?<\/strong> N\u00e3o, os alunos j\u00e1 matriculados n\u00e3o precisam se reinscrever.<\/li>\n<li><strong>Como posso garantir que a informa\u00e7\u00e3o que forneci est\u00e1 correta?<\/strong> \u00c9 fundamental revisar todas as informa\u00e7\u00f5es antes de submet\u00ea-las, pois isso afetar\u00e1 o encaminhamento e a aloca\u00e7\u00e3o em uma escola.<\/li>\n<\/ul>\n<h2>Benef\u00edcios de Fazer o Cadastro no Prazo<\/h2>\n<p>Realizar o cadastro dentro do per\u00edodo estipulado traz diversos benef\u00edcios, como garantir um melhor planejamento da rede de ensino, a possibilidade de acesso a escolas mais pr\u00f3ximas, e evitar excessos na demanda que podem impactar a qualidade do atendimento. Al\u00e9m disso, o cumprimento dos prazos proporciona maior tranquilidade para as fam\u00edlias, que podem se preparar para o ano letivo que se aproxima.<\/p>\n<h2>Informa\u00e7\u00f5es de Contato para Esclarecimentos<\/h2>\n<p>Para aqueles que necessitam de mais informa\u00e7\u00f5es ou esclarecimentos adicionais, a Secretaria Municipal de Educa\u00e7\u00e3o disponibiliza os seguintes n\u00fameros:<\/p>\n<ul>\n<li>(31) 3839-2681<\/li>\n<li>(31) 3839-2805<\/li>\n<li>(31) 3839-2804<\/li>\n<li>(31) 3839-2602<\/li>\n<\/ul>\n<p>As d\u00favidas podem ser tiradas de segunda a sexta-feira, dentro do hor\u00e1rio de atendimento das 8h \u00e0s 16h.<\/p>\n","protected":false},"excerpt":{"rendered":"<p>Prefeitura realiza Cadastro Escolar 2027 para crian\u00e7as de 4 e 5 anos em Itabira.<\/p>\n","protected":false},"author":1,"featured_media":6148,"comment_status":"open","ping_status":"open","sticky":false,"template":"","format":"standard","meta":{"footnotes":""},"categories":[5],"tags":[],"class_list":["post-6149","post","type-post","status-publish","format-standard","has-post-thumbnail","hentry","category-noticias","has_thumb"],"yoast_head":"<!-- This site is optimized with the Yoast SEO plugin v28.1 - https:\/\/yoast.com\/product\/yoast-seo-wordpress\/ -->\n<title>Prefeitura abre Cadastro Escolar 2027 para crian\u00e7as de 4 e 5 anos | Guia Comercial de Itabira MG<\/title>\n<meta name=\"robots\" content=\"index, follow, max-snippet:-1, max-image-preview:large, max-video-preview:-1\" \/>\n<link rel=\"canonical\" href=\"https:\/\/www.encontraminasgerais.com.br\/itabira\/prefeitura-abre-cadastro-escolar-2027-para-criancas-de-4-e-5-anos\/\" \/>\n<meta property=\"og:locale\" content=\"pt_BR\" \/>\n<meta property=\"og:type\" content=\"article\" \/>\n<meta property=\"og:title\" content=\"Prefeitura abre Cadastro Escolar 2027 para crian\u00e7as de 4 e 5 anos | Guia Comercial de Itabira MG\" \/>\n<meta property=\"og:description\" content=\"Prefeitura realiza Cadastro Escolar 2027 para crian\u00e7as de 4 e 5 anos em Itabira.\" \/>\n<meta property=\"og:url\" content=\"https:\/\/www.encontraminasgerais.com.br\/itabira\/prefeitura-abre-cadastro-escolar-2027-para-criancas-de-4-e-5-anos\/\" \/>\n<meta property=\"og:site_name\" content=\"Guia Comercial de Itabira MG\" \/>\n<meta property=\"article:published_time\" content=\"2026-08-01T22:22:06+00:00\" \/>\n<meta property=\"og:image\" content=\"https:\/\/www.encontraminasgerais.com.br\/itabira\/wp-content\/uploads\/2026\/08\/prefeitura-abre-cadastro-escolar-2027-para-criancas-de-4-e-5-anos.webp\" \/>\n<meta name=\"author\" content=\"Encontra Itabira\" \/>\n<meta name=\"twitter:card\" content=\"summary_large_image\" \/>\n<meta name=\"twitter:label1\" content=\"Escrito por\" \/>\n\t<meta name=\"twitter:data1\" content=\"Encontra Itabira\" \/>\n\t<meta name=\"twitter:label2\" content=\"Est. tempo de leitura\" \/>\n\t<meta name=\"twitter:data2\" content=\"5 minutos\" \/>\n<script type=\"application\/ld+json\" class=\"yoast-schema-graph\">{\"@context\":\"https:\\\/\\\/schema.org\",\"@graph\":[{\"@type\":\"Article\",\"@id\":\"https:\\\/\\\/www.encontraminasgerais.com.br\\\/itabira\\\/prefeitura-abre-cadastro-escolar-2027-para-criancas-de-4-e-5-anos\\\/#article\",\"isPartOf\":{\"@id\":\"https:\\\/\\\/www.encontraminasgerais.com.br\\\/itabira\\\/prefeitura-abre-cadastro-escolar-2027-para-criancas-de-4-e-5-anos\\\/\"},\"author\":{\"name\":\"Encontra Itabira\",\"@id\":\"https:\\\/\\\/www.encontraminasgerais.com.br\\\/itabira\\\/#\\\/schema\\\/person\\\/9ae8a8f5ce59322c92e2499b550870b0\"},\"headline\":\"Prefeitura abre Cadastro Escolar 2027 para crian\u00e7as de 4 e 5 anos\",\"datePublished\":\"2026-08-01T22:22:06+00:00\",\"mainEntityOfPage\":{\"@id\":\"https:\\\/\\\/www.encontraminasgerais.com.br\\\/itabira\\\/prefeitura-abre-cadastro-escolar-2027-para-criancas-de-4-e-5-anos\\\/\"},\"wordCount\":927,\"commentCount\":0,\"image\":{\"@id\":\"https:\\\/\\\/www.encontraminasgerais.com.br\\\/itabira\\\/prefeitura-abre-cadastro-escolar-2027-para-criancas-de-4-e-5-anos\\\/#primaryimage\"},\"thumbnailUrl\":\"https:\\\/\\\/www.encontraminasgerais.com.br\\\/itabira\\\/wp-content\\\/uploads\\\/2026\\\/08\\\/prefeitura-abre-cadastro-escolar-2027-para-criancas-de-4-e-5-anos.webp\",\"articleSection\":[\"Not\u00edcias Itabira\"],\"inLanguage\":\"pt-BR\",\"potentialAction\":[{\"@type\":\"CommentAction\",\"name\":\"Comment\",\"target\":[\"https:\\\/\\\/www.encontraminasgerais.com.br\\\/itabira\\\/prefeitura-abre-cadastro-escolar-2027-para-criancas-de-4-e-5-anos\\\/#respond\"]}]},{\"@type\":\"WebPage\",\"@id\":\"https:\\\/\\\/www.encontraminasgerais.com.br\\\/itabira\\\/prefeitura-abre-cadastro-escolar-2027-para-criancas-de-4-e-5-anos\\\/\",\"url\":\"https:\\\/\\\/www.encontraminasgerais.com.br\\\/itabira\\\/prefeitura-abre-cadastro-escolar-2027-para-criancas-de-4-e-5-anos\\\/\",\"name\":\"Prefeitura abre Cadastro Escolar 2027 para crian\u00e7as de 4 e 5 anos | Guia Comercial de Itabira MG\",\"isPartOf\":{\"@id\":\"https:\\\/\\\/www.encontraminasgerais.com.br\\\/itabira\\\/#website\"},\"primaryImageOfPage\":{\"@id\":\"https:\\\/\\\/www.encontraminasgerais.com.br\\\/itabira\\\/prefeitura-abre-cadastro-escolar-2027-para-criancas-de-4-e-5-anos\\\/#primaryimage\"},\"image\":{\"@id\":\"https:\\\/\\\/www.encontraminasgerais.com.br\\\/itabira\\\/prefeitura-abre-cadastro-escolar-2027-para-criancas-de-4-e-5-anos\\\/#primaryimage\"},\"thumbnailUrl\":\"https:\\\/\\\/www.encontraminasgerais.com.br\\\/itabira\\\/wp-content\\\/uploads\\\/2026\\\/08\\\/prefeitura-abre-cadastro-escolar-2027-para-criancas-de-4-e-5-anos.webp\",\"datePublished\":\"2026-08-01T22:22:06+00:00\",\"author\":{\"@id\":\"https:\\\/\\\/www.encontraminasgerais.com.br\\\/itabira\\\/#\\\/schema\\\/person\\\/9ae8a8f5ce59322c92e2499b550870b0\"},\"inLanguage\":\"pt-BR\",\"potentialAction\":[{\"@type\":\"ReadAction\",\"target\":[\"https:\\\/\\\/www.encontraminasgerais.com.br\\\/itabira\\\/prefeitura-abre-cadastro-escolar-2027-para-criancas-de-4-e-5-anos\\\/\"]}]},{\"@type\":\"ImageObject\",\"inLanguage\":\"pt-BR\",\"@id\":\"https:\\\/\\\/www.encontraminasgerais.com.br\\\/itabira\\\/prefeitura-abre-cadastro-escolar-2027-para-criancas-de-4-e-5-anos\\\/#primaryimage\",\"url\":\"https:\\\/\\\/www.encontraminasgerais.com.br\\\/itabira\\\/wp-content\\\/uploads\\\/2026\\\/08\\\/prefeitura-abre-cadastro-escolar-2027-para-criancas-de-4-e-5-anos.webp\",\"contentUrl\":\"https:\\\/\\\/www.encontraminasgerais.com.br\\\/itabira\\\/wp-content\\\/uploads\\\/2026\\\/08\\\/prefeitura-abre-cadastro-escolar-2027-para-criancas-de-4-e-5-anos.webp\",\"width\":280,\"height\":280,\"caption\":\"Cadastro Escolar 2027\"},{\"@type\":\"WebSite\",\"@id\":\"https:\\\/\\\/www.encontraminasgerais.com.br\\\/itabira\\\/#website\",\"url\":\"https:\\\/\\\/www.encontraminasgerais.com.br\\\/itabira\\\/\",\"name\":\"Guia Comercial de Itabira MG\",\"description\":\"ENCONTRA ITABIRA - O guia comercial de neg\u00f3cios e empresas, cultura e divers\u00e3o na cidade de Itabira. Feito 100% para voc\u00ea morador!\",\"potentialAction\":[{\"@type\":\"SearchAction\",\"target\":{\"@type\":\"EntryPoint\",\"urlTemplate\":\"https:\\\/\\\/www.encontraminasgerais.com.br\\\/itabira\\\/?s={search_term_string}\"},\"query-input\":{\"@type\":\"PropertyValueSpecification\",\"valueRequired\":true,\"valueName\":\"search_term_string\"}}],\"inLanguage\":\"pt-BR\"},{\"@type\":\"Person\",\"@id\":\"https:\\\/\\\/www.encontraminasgerais.com.br\\\/itabira\\\/#\\\/schema\\\/person\\\/9ae8a8f5ce59322c92e2499b550870b0\",\"name\":\"Encontra Itabira\",\"image\":{\"@type\":\"ImageObject\",\"inLanguage\":\"pt-BR\",\"@id\":\"https:\\\/\\\/secure.gravatar.com\\\/avatar\\\/c50c17820bcf322f0a8fd6b110b8c0918141409dc69076470f6fca5fee70a5d4?s=96&d=mm&r=g\",\"url\":\"https:\\\/\\\/secure.gravatar.com\\\/avatar\\\/c50c17820bcf322f0a8fd6b110b8c0918141409dc69076470f6fca5fee70a5d4?s=96&d=mm&r=g\",\"contentUrl\":\"https:\\\/\\\/secure.gravatar.com\\\/avatar\\\/c50c17820bcf322f0a8fd6b110b8c0918141409dc69076470f6fca5fee70a5d4?s=96&d=mm&r=g\",\"caption\":\"Encontra Itabira\"},\"url\":\"https:\\\/\\\/www.encontraminasgerais.com.br\\\/itabira\\\/author\\\/encontraitabira\\\/\"}]}<\/script>\n<!-- \/ Yoast SEO plugin. -->","yoast_head_json":{"title":"Prefeitura abre Cadastro Escolar 2027 para crian\u00e7as de 4 e 5 anos | Guia Comercial de Itabira MG","robots":{"index":"index","follow":"follow","max-snippet":"max-snippet:-1","max-image-preview":"max-image-preview:large","max-video-preview":"max-video-preview:-1"},"canonical":"https:\/\/www.encontraminasgerais.com.br\/itabira\/prefeitura-abre-cadastro-escolar-2027-para-criancas-de-4-e-5-anos\/","og_locale":"pt_BR","og_type":"article","og_title":"Prefeitura abre Cadastro Escolar 2027 para crian\u00e7as de 4 e 5 anos | Guia Comercial de Itabira MG","og_description":"Prefeitura realiza Cadastro Escolar 2027 para crian\u00e7as de 4 e 5 anos em Itabira.","og_url":"https:\/\/www.encontraminasgerais.com.br\/itabira\/prefeitura-abre-cadastro-escolar-2027-para-criancas-de-4-e-5-anos\/","og_site_name":"Guia Comercial de Itabira MG","article_published_time":"2026-08-01T22:22:06+00:00","og_image":[{"url":"https:\/\/www.encontraminasgerais.com.br\/itabira\/wp-content\/uploads\/2026\/08\/prefeitura-abre-cadastro-escolar-2027-para-criancas-de-4-e-5-anos.webp","type":"","width":"","height":""}],"author":"Encontra Itabira","twitter_card":"summary_large_image","twitter_misc":{"Escrito por":"Encontra Itabira","Est. tempo de leitura":"5 minutos"},"schema":{"@context":"https:\/\/schema.org","@graph":[{"@type":"Article","@id":"https:\/\/www.encontraminasgerais.com.br\/itabira\/prefeitura-abre-cadastro-escolar-2027-para-criancas-de-4-e-5-anos\/#article","isPartOf":{"@id":"https:\/\/www.encontraminasgerais.com.br\/itabira\/prefeitura-abre-cadastro-escolar-2027-para-criancas-de-4-e-5-anos\/"},"author":{"name":"Encontra Itabira","@id":"https:\/\/www.encontraminasgerais.com.br\/itabira\/#\/schema\/person\/9ae8a8f5ce59322c92e2499b550870b0"},"headline":"Prefeitura abre Cadastro Escolar 2027 para crian\u00e7as de 4 e 5 anos","datePublished":"2026-08-01T22:22:06+00:00","mainEntityOfPage":{"@id":"https:\/\/www.encontraminasgerais.com.br\/itabira\/prefeitura-abre-cadastro-escolar-2027-para-criancas-de-4-e-5-anos\/"},"wordCount":927,"commentCount":0,"image":{"@id":"https:\/\/www.encontraminasgerais.com.br\/itabira\/prefeitura-abre-cadastro-escolar-2027-para-criancas-de-4-e-5-anos\/#primaryimage"},"thumbnailUrl":"https:\/\/www.encontraminasgerais.com.br\/itabira\/wp-content\/uploads\/2026\/08\/prefeitura-abre-cadastro-escolar-2027-para-criancas-de-4-e-5-anos.webp","articleSection":["Not\u00edcias Itabira"],"inLanguage":"pt-BR","potentialAction":[{"@type":"CommentAction","name":"Comment","target":["https:\/\/www.encontraminasgerais.com.br\/itabira\/prefeitura-abre-cadastro-escolar-2027-para-criancas-de-4-e-5-anos\/#respond"]}]},{"@type":"WebPage","@id":"https:\/\/www.encontraminasgerais.com.br\/itabira\/prefeitura-abre-cadastro-escolar-2027-para-criancas-de-4-e-5-anos\/","url":"https:\/\/www.encontraminasgerais.com.br\/itabira\/prefeitura-abre-cadastro-escolar-2027-para-criancas-de-4-e-5-anos\/","name":"Prefeitura abre Cadastro Escolar 2027 para crian\u00e7as de 4 e 5 anos | Guia Comercial de Itabira MG","isPartOf":{"@id":"https:\/\/www.encontraminasgerais.com.br\/itabira\/#website"},"primaryImageOfPage":{"@id":"https:\/\/www.encontraminasgerais.com.br\/itabira\/prefeitura-abre-cadastro-escolar-2027-para-criancas-de-4-e-5-anos\/#primaryimage"},"image":{"@id":"https:\/\/www.encontraminasgerais.com.br\/itabira\/prefeitura-abre-cadastro-escolar-2027-para-criancas-de-4-e-5-anos\/#primaryimage"},"thumbnailUrl":"https:\/\/www.encontraminasgerais.com.br\/itabira\/wp-content\/uploads\/2026\/08\/prefeitura-abre-cadastro-escolar-2027-para-criancas-de-4-e-5-anos.webp","datePublished":"2026-08-01T22:22:06+00:00","author":{"@id":"https:\/\/www.encontraminasgerais.com.br\/itabira\/#\/schema\/person\/9ae8a8f5ce59322c92e2499b550870b0"},"inLanguage":"pt-BR","potentialAction":[{"@type":"ReadAction","target":["https:\/\/www.encontraminasgerais.com.br\/itabira\/prefeitura-abre-cadastro-escolar-2027-para-criancas-de-4-e-5-anos\/"]}]},{"@type":"ImageObject","inLanguage":"pt-BR","@id":"https:\/\/www.encontraminasgerais.com.br\/itabira\/prefeitura-abre-cadastro-escolar-2027-para-criancas-de-4-e-5-anos\/#primaryimage","url":"https:\/\/www.encontraminasgerais.com.br\/itabira\/wp-content\/uploads\/2026\/08\/prefeitura-abre-cadastro-escolar-2027-para-criancas-de-4-e-5-anos.webp","contentUrl":"https:\/\/www.encontraminasgerais.com.br\/itabira\/wp-content\/uploads\/2026\/08\/prefeitura-abre-cadastro-escolar-2027-para-criancas-de-4-e-5-anos.webp","width":280,"height":280,"caption":"Cadastro Escolar 2027"},{"@type":"WebSite","@id":"https:\/\/www.encontraminasgerais.com.br\/itabira\/#website","url":"https:\/\/www.encontraminasgerais.com.br\/itabira\/","name":"Guia Comercial de Itabira MG","description":"ENCONTRA ITABIRA - O guia comercial de neg\u00f3cios e empresas, cultura e divers\u00e3o na cidade de Itabira. Feito 100% para voc\u00ea morador!","potentialAction":[{"@type":"SearchAction","target":{"@type":"EntryPoint","urlTemplate":"https:\/\/www.encontraminasgerais.com.br\/itabira\/?s={search_term_string}"},"query-input":{"@type":"PropertyValueSpecification","valueRequired":true,"valueName":"search_term_string"}}],"inLanguage":"pt-BR"},{"@type":"Person","@id":"https:\/\/www.encontraminasgerais.com.br\/itabira\/#\/schema\/person\/9ae8a8f5ce59322c92e2499b550870b0","name":"Encontra Itabira","image":{"@type":"ImageObject","inLanguage":"pt-BR","@id":"https:\/\/secure.gravatar.com\/avatar\/c50c17820bcf322f0a8fd6b110b8c0918141409dc69076470f6fca5fee70a5d4?s=96&d=mm&r=g","url":"https:\/\/secure.gravatar.com\/avatar\/c50c17820bcf322f0a8fd6b110b8c0918141409dc69076470f6fca5fee70a5d4?s=96&d=mm&r=g","contentUrl":"https:\/\/secure.gravatar.com\/avatar\/c50c17820bcf322f0a8fd6b110b8c0918141409dc69076470f6fca5fee70a5d4?s=96&d=mm&r=g","caption":"Encontra Itabira"},"url":"https:\/\/www.encontraminasgerais.com.br\/itabira\/author\/encontraitabira\/"}]}},"_links":{"self":[{"href":"https:\/\/www.encontraminasgerais.com.br\/itabira\/wp-json\/wp\/v2\/posts\/6149","targetHints":{"allow":["GET"]}}],"collection":[{"href":"https:\/\/www.encontraminasgerais.com.br\/itabira\/wp-json\/wp\/v2\/posts"}],"about":[{"href":"https:\/\/www.encontraminasgerais.com.br\/itabira\/wp-json\/wp\/v2\/types\/post"}],"author":[{"embeddable":true,"href":"https:\/\/www.encontraminasgerais.com.br\/itabira\/wp-json\/wp\/v2\/users\/1"}],"replies":[{"embeddable":true,"href":"https:\/\/www.encontraminasgerais.com.br\/itabira\/wp-json\/wp\/v2\/comments?post=6149"}],"version-history":[{"count":0,"href":"https:\/\/www.encontraminasgerais.com.br\/itabira\/wp-json\/wp\/v2\/posts\/6149\/revisions"}],"wp:featuredmedia":[{"embeddable":true,"href":"https:\/\/www.encontraminasgerais.com.br\/itabira\/wp-json\/wp\/v2\/media\/6148"}],"wp:attachment":[{"href":"https:\/\/www.encontraminasgerais.com.br\/itabira\/wp-json\/wp\/v2\/media?parent=6149"}],"wp:term":[{"taxonomy":"category","embeddable":true,"href":"https:\/\/www.encontraminasgerais.com.br\/itabira\/wp-json\/wp\/v2\/categories?post=6149"},{"taxonomy":"post_tag","embeddable":true,"href":"https:\/\/www.encontraminasgerais.com.br\/itabira\/wp-json\/wp\/v2\/tags?post=6149"}],"curies":[{"name":"wp","href":"https:\/\/api.w.org\/{rel}","templated":true}]}}