{"id":6155,"date":"2026-08-02T22:40:40","date_gmt":"2026-08-03T01:40:40","guid":{"rendered":"https:\/\/www.encontraminasgerais.com.br\/itabira\/noite-de-louvor-e-adoracao-abre-segunda-semana-do-8o-festival-de-inverno-de-santa-maria-de-itabira\/"},"modified":"2026-08-02T22:40:40","modified_gmt":"2026-08-03T01:40:40","slug":"noite-de-louvor-e-adoracao-abre-segunda-semana-do-8o-festival-de-inverno-de-santa-maria-de-itabira","status":"publish","type":"post","link":"https:\/\/www.encontraminasgerais.com.br\/itabira\/noite-de-louvor-e-adoracao-abre-segunda-semana-do-8o-festival-de-inverno-de-santa-maria-de-itabira\/","title":{"rendered":"Noite de Louvor e Adora\u00e7\u00e3o abre segunda semana do 8\u00ba Festival de Inverno de Santa Maria de Itabira"},"content":{"rendered":"<h2>O que \u00e9 a Noite de Louvor e Adora\u00e7\u00e3o?<\/h2>\n<p>A <strong>Noite de Louvor e Adora\u00e7\u00e3o<\/strong> \u00e9 um evento religioso significativo que se realiza em Santa Maria de Itabira, marcando o in\u00edcio de festividades que celebram a f\u00e9 e promovem a uni\u00e3o da comunidade. Este acontecimento, repleto de espiritualidade, oferece uma plataforma para que os participantes expressem sua devo\u00e7\u00e3o e se sintam parte de um movimento maior. A ocasi\u00e3o \u00e9 caracterizada pela apresenta\u00e7\u00e3o de m\u00fasicas crist\u00e3s, reflex\u00f5es e momentos de ora\u00e7\u00e3o, permitindo que tanto os fi\u00e9is quanto os visitantes vivenciem uma noite de intensa conex\u00e3o espiritual.<\/p>\n<h2>Programa\u00e7\u00e3o do 8\u00ba Festival de Inverno<\/h2>\n<p>O <strong>8\u00ba Festival de Inverno de Santa Maria de Itabira<\/strong> \u00e9 um evento cultural que re\u00fane m\u00fasica, arte e espiritualidade, atraindo pessoas de diferentes faixas et\u00e1rias e origens. A programa\u00e7\u00e3o \u00e9 cuidadosamente planejada para incluir diversas atra\u00e7\u00f5es que atendam a todos os gostos. A Noite de Louvor e Adora\u00e7\u00e3o, que d\u00e1 in\u00edcio a esta celebra\u00e7\u00e3o, destaca a import\u00e2ncia da m\u00fasica religiosa enquanto conecta a comunidade, refor\u00e7ando o esp\u00edrito de coletividade e fidelidade. Nos pr\u00f3ximos dias, o festival incluir\u00e1 variados estilos musicais, desde rock nacional at\u00e9 apresenta\u00e7\u00f5es de artistas locais, garantindo uma experi\u00eancia rica para todos os presentes.<\/p>\n<h2>Atra\u00e7\u00f5es da Noite Gospel<\/h2>\n<p>Durante a Noite de Louvor e Adora\u00e7\u00e3o, uma das principais atra\u00e7\u00f5es foi o <strong>Minist\u00e9rio de Louvor da Igreja Metodista Wesleyana<\/strong>, que proporcionou uma sequ\u00eancia de can\u00e7\u00f5es inspiradoras. Logo ap\u00f3s, a renomada banda <strong>Trazendo a Arca<\/strong> subiu ao palco, trazendo consigo uma proposta musical que atinge o cora\u00e7\u00e3o de muitos. Com um repert\u00f3rio que inclui louvores reconhecidos e amados, a banda cria um clima de celebra\u00e7\u00e3o e eleva\u00e7\u00e3o espiritual, unindo as vozes da multid\u00e3o numa harmonia vibrante que ecoa pela Pra\u00e7a Adem Pires.<\/p>\n<p><img decoding=\"async\" src=\"https:\/\/www.encontraminasgerais.com.br\/itabira\/wp-content\/uploads\/2026\/08\/noite-de-louvor-e-adoracao-abre-segunda-semana-do-8-festival-de-inverno-de-santa-maria-de-itabira.webp\" alt=\"Noite de Louvor e Adora\u00e7\u00e3o\" loading=\"lazy\" \/><\/p>\n<h2>Import\u00e2ncia do Minist\u00e9rio de Louvor<\/h2>\n<p>O <strong>Minist\u00e9rio de Louvor<\/strong> desempenha um papel fundamental no contexto das festividades. Al\u00e9m de liderar momentos musicais, sua capacidade de envolver a comunidade e propiciar um espa\u00e7o para adora\u00e7\u00e3o \u00e9 inestim\u00e1vel. Essa equipe \u00e9 formada por volunt\u00e1rios que dedicam seu tempo e talento para criar uma atmosfera prop\u00edcia \u00e0 reflex\u00e3o e ao louvor. Atrav\u00e9s da m\u00fasica, eles s\u00e3o capazes de transmitir mensagens de esperan\u00e7a e f\u00e9, reafirmando a relev\u00e2ncia da espiritualidade nos dias de hoje.<\/p>\n<h2>Envolvimento da Comunidade<\/h2>\n<p>A Noite de Louvor e Adora\u00e7\u00e3o n\u00e3o serve apenas \u00e0queles que v\u00eam de uma origem religiosa, mas tamb\u00e9m \u00e9 uma oportunidade para qualquer pessoa que deseje participar, independentemente de suas cren\u00e7as. O evento re\u00fane fam\u00edlias, amigos e at\u00e9 mesmo visitantes de outras localidades, promovendo um sentido de comunidade e pertencimento. A m\u00fasica tem a capacidade de unir pessoas, quebrando barreiras e criando la\u00e7os, e isso ficou evidente na intera\u00e7\u00e3o entre os participantes ao longo da noite.<\/p>\n<h2>Repert\u00f3rio da Banda Trazendo a Arca<\/h2>\n<p>A banda <strong>Trazendo a Arca<\/strong> \u00e9 conhecida por suas letras impactantes e melodias que inspiram a profunda adora\u00e7\u00e3o. Durante o evento, apresentaram sucessos inconfund\u00edveis que cativam o p\u00fablico pela emo\u00e7\u00e3o e pela for\u00e7a da mensagem crist\u00e3. Com um estilo musical que agrada a diferentes gera\u00e7\u00f5es, a banda consegue fazer com que cada performance seja memor\u00e1vel, levando os ouvintes a uma experi\u00eancia de louvor que \u00e9 tanto espiritual quanto emocional.<\/p>\n<h2>Cr\u00e9ditos ao Centro Cultural<\/h2>\n<p>O sucesso desse evento tamb\u00e9m pode ser atribu\u00eddo ao trabalho do <strong>Centro Cultural de Santa Maria de Itabira<\/strong>, que coordena e organiza as festividades, garantindo que tudo ocorra de forma planejada e charmosa. A equipe do centro se dedica a proporcionar um ambiente acolhedor e enriquecedor, onde todos se sintam bem-vindos e possam apreciar as diversas apresenta\u00e7\u00f5es ao longo do festival.<\/p>\n<h2>Impacto Econ\u00f4mico do Evento<\/h2>\n<p>A realiza\u00e7\u00e3o da Noite de Louvor e Adora\u00e7\u00e3o e do Festival de Inverno em geral tem um impacto significativo na economia local. O evento atrai visitantes, o que impulsiona o com\u00e9rcio nas redondezas, beneficiando lojas, restaurantes e prestadores de servi\u00e7os da \u00e1rea. Durante as festividades, \u00e9 comum ver um aumento no fluxo de consumidores, o que contribui para a vitalidade da economia da cidade, al\u00e9m de promover a valoriza\u00e7\u00e3o da cultura local.<\/p>\n<h2>Eventos Futuros no Festival<\/h2>\n<p>Ap\u00f3s a Noite de Louvor, a programa\u00e7\u00e3o do festival segue com uma s\u00e9rie de eventos variados. Nesta sexta-feira, est\u00e1 programada uma noite dedicada ao <strong>rock nacional<\/strong>, com apresenta\u00e7\u00f5es de bandas renomadas que prometem agitar a Pra\u00e7a Adem Pires. O p\u00fablico pode aguardar shows de artistas consagrados como <strong>Bob Drumond<\/strong> e o <strong>Projeto P\u00e9 de Serra<\/strong>, culminando com a apresenta\u00e7\u00e3o de <strong>LS Jack<\/strong>, que traz uma sele\u00e7\u00e3o de seus grandes sucessos. A diversidade musical \u00e9 um dos atrativos que traz o p\u00fablico de volta para o festival ano ap\u00f3s ano.<\/p>\n<h2>Como Participar do Festival de Inverno<\/h2>\n<p>O acesso a eventos como a Noite de Louvor e Adora\u00e7\u00e3o \u00e9 aberto ao p\u00fablico, incentivando a participa\u00e7\u00e3o de todos. Para aqueles que desejam vivenciar a experi\u00eancia completa do Festival de Inverno, \u00e9 recomend\u00e1vel acompanhar as redes sociais e o site oficial do evento. Atrav\u00e9s deles, os interessados podem ficar por dentro da programa\u00e7\u00e3o, hor\u00e1rios e detalhes sobre as atra\u00e7\u00f5es. Al\u00e9m disso, recomenda-se chegar cedo para garantir um bom lugar na pra\u00e7a e aproveitar ao m\u00e1ximo cada apresenta\u00e7\u00e3o.<\/p>\n","protected":false},"excerpt":{"rendered":"<p>Noite de Louvor e Adora\u00e7\u00e3o atrai multid\u00f5es no Festival de Inverno.<\/p>\n","protected":false},"author":1,"featured_media":6154,"comment_status":"open","ping_status":"open","sticky":false,"template":"","format":"standard","meta":{"footnotes":""},"categories":[902],"tags":[],"class_list":["post-6155","post","type-post","status-publish","format-standard","has-post-thumbnail","hentry","category-shows","has_thumb"],"yoast_head":"<!-- This site is optimized with the Yoast SEO plugin v28.1 - https:\/\/yoast.com\/product\/yoast-seo-wordpress\/ -->\n<title>Noite de Louvor e Adora\u00e7\u00e3o abre segunda semana do 8\u00ba Festival de Inverno de Santa Maria de Itabira | Guia Comercial de Itabira MG<\/title>\n<meta name=\"robots\" content=\"index, follow, max-snippet:-1, max-image-preview:large, max-video-preview:-1\" \/>\n<link rel=\"canonical\" href=\"https:\/\/www.encontraminasgerais.com.br\/itabira\/noite-de-louvor-e-adoracao-abre-segunda-semana-do-8o-festival-de-inverno-de-santa-maria-de-itabira\/\" \/>\n<meta property=\"og:locale\" content=\"pt_BR\" \/>\n<meta property=\"og:type\" content=\"article\" \/>\n<meta property=\"og:title\" content=\"Noite de Louvor e Adora\u00e7\u00e3o abre segunda semana do 8\u00ba Festival de Inverno de Santa Maria de Itabira | Guia Comercial de Itabira MG\" \/>\n<meta property=\"og:description\" content=\"Noite de Louvor e Adora\u00e7\u00e3o atrai multid\u00f5es no Festival de Inverno.\" \/>\n<meta property=\"og:url\" content=\"https:\/\/www.encontraminasgerais.com.br\/itabira\/noite-de-louvor-e-adoracao-abre-segunda-semana-do-8o-festival-de-inverno-de-santa-maria-de-itabira\/\" \/>\n<meta property=\"og:site_name\" content=\"Guia Comercial de Itabira MG\" \/>\n<meta property=\"article:published_time\" content=\"2026-08-03T01:40:40+00:00\" \/>\n<meta property=\"og:image\" content=\"https:\/\/www.encontraminasgerais.com.br\/itabira\/wp-content\/uploads\/2026\/08\/noite-de-louvor-e-adoracao-abre-segunda-semana-do-8-festival-de-inverno-de-santa-maria-de-itabira.webp\" \/>\n<meta name=\"author\" content=\"Encontra Itabira\" \/>\n<meta name=\"twitter:card\" content=\"summary_large_image\" \/>\n<meta name=\"twitter:label1\" content=\"Escrito por\" \/>\n\t<meta name=\"twitter:data1\" content=\"Encontra Itabira\" \/>\n\t<meta name=\"twitter:label2\" content=\"Est. tempo de leitura\" \/>\n\t<meta name=\"twitter:data2\" content=\"5 minutos\" \/>\n<script type=\"application\/ld+json\" class=\"yoast-schema-graph\">{\"@context\":\"https:\\\/\\\/schema.org\",\"@graph\":[{\"@type\":\"Article\",\"@id\":\"https:\\\/\\\/www.encontraminasgerais.com.br\\\/itabira\\\/noite-de-louvor-e-adoracao-abre-segunda-semana-do-8o-festival-de-inverno-de-santa-maria-de-itabira\\\/#article\",\"isPartOf\":{\"@id\":\"https:\\\/\\\/www.encontraminasgerais.com.br\\\/itabira\\\/noite-de-louvor-e-adoracao-abre-segunda-semana-do-8o-festival-de-inverno-de-santa-maria-de-itabira\\\/\"},\"author\":{\"name\":\"Encontra Itabira\",\"@id\":\"https:\\\/\\\/www.encontraminasgerais.com.br\\\/itabira\\\/#\\\/schema\\\/person\\\/9ae8a8f5ce59322c92e2499b550870b0\"},\"headline\":\"Noite de Louvor e Adora\u00e7\u00e3o abre segunda semana do 8\u00ba Festival de Inverno de Santa Maria de Itabira\",\"datePublished\":\"2026-08-03T01:40:40+00:00\",\"mainEntityOfPage\":{\"@id\":\"https:\\\/\\\/www.encontraminasgerais.com.br\\\/itabira\\\/noite-de-louvor-e-adoracao-abre-segunda-semana-do-8o-festival-de-inverno-de-santa-maria-de-itabira\\\/\"},\"wordCount\":947,\"commentCount\":0,\"image\":{\"@id\":\"https:\\\/\\\/www.encontraminasgerais.com.br\\\/itabira\\\/noite-de-louvor-e-adoracao-abre-segunda-semana-do-8o-festival-de-inverno-de-santa-maria-de-itabira\\\/#primaryimage\"},\"thumbnailUrl\":\"https:\\\/\\\/www.encontraminasgerais.com.br\\\/itabira\\\/wp-content\\\/uploads\\\/2026\\\/08\\\/noite-de-louvor-e-adoracao-abre-segunda-semana-do-8-festival-de-inverno-de-santa-maria-de-itabira.webp\",\"articleSection\":[\"Shows Itabira\"],\"inLanguage\":\"pt-BR\",\"potentialAction\":[{\"@type\":\"CommentAction\",\"name\":\"Comment\",\"target\":[\"https:\\\/\\\/www.encontraminasgerais.com.br\\\/itabira\\\/noite-de-louvor-e-adoracao-abre-segunda-semana-do-8o-festival-de-inverno-de-santa-maria-de-itabira\\\/#respond\"]}]},{\"@type\":\"WebPage\",\"@id\":\"https:\\\/\\\/www.encontraminasgerais.com.br\\\/itabira\\\/noite-de-louvor-e-adoracao-abre-segunda-semana-do-8o-festival-de-inverno-de-santa-maria-de-itabira\\\/\",\"url\":\"https:\\\/\\\/www.encontraminasgerais.com.br\\\/itabira\\\/noite-de-louvor-e-adoracao-abre-segunda-semana-do-8o-festival-de-inverno-de-santa-maria-de-itabira\\\/\",\"name\":\"Noite de Louvor e Adora\u00e7\u00e3o abre segunda semana do 8\u00ba Festival de Inverno de Santa Maria de Itabira | Guia Comercial de Itabira MG\",\"isPartOf\":{\"@id\":\"https:\\\/\\\/www.encontraminasgerais.com.br\\\/itabira\\\/#website\"},\"primaryImageOfPage\":{\"@id\":\"https:\\\/\\\/www.encontraminasgerais.com.br\\\/itabira\\\/noite-de-louvor-e-adoracao-abre-segunda-semana-do-8o-festival-de-inverno-de-santa-maria-de-itabira\\\/#primaryimage\"},\"image\":{\"@id\":\"https:\\\/\\\/www.encontraminasgerais.com.br\\\/itabira\\\/noite-de-louvor-e-adoracao-abre-segunda-semana-do-8o-festival-de-inverno-de-santa-maria-de-itabira\\\/#primaryimage\"},\"thumbnailUrl\":\"https:\\\/\\\/www.encontraminasgerais.com.br\\\/itabira\\\/wp-content\\\/uploads\\\/2026\\\/08\\\/noite-de-louvor-e-adoracao-abre-segunda-semana-do-8-festival-de-inverno-de-santa-maria-de-itabira.webp\",\"datePublished\":\"2026-08-03T01:40:40+00:00\",\"author\":{\"@id\":\"https:\\\/\\\/www.encontraminasgerais.com.br\\\/itabira\\\/#\\\/schema\\\/person\\\/9ae8a8f5ce59322c92e2499b550870b0\"},\"inLanguage\":\"pt-BR\",\"potentialAction\":[{\"@type\":\"ReadAction\",\"target\":[\"https:\\\/\\\/www.encontraminasgerais.com.br\\\/itabira\\\/noite-de-louvor-e-adoracao-abre-segunda-semana-do-8o-festival-de-inverno-de-santa-maria-de-itabira\\\/\"]}]},{\"@type\":\"ImageObject\",\"inLanguage\":\"pt-BR\",\"@id\":\"https:\\\/\\\/www.encontraminasgerais.com.br\\\/itabira\\\/noite-de-louvor-e-adoracao-abre-segunda-semana-do-8o-festival-de-inverno-de-santa-maria-de-itabira\\\/#primaryimage\",\"url\":\"https:\\\/\\\/www.encontraminasgerais.com.br\\\/itabira\\\/wp-content\\\/uploads\\\/2026\\\/08\\\/noite-de-louvor-e-adoracao-abre-segunda-semana-do-8-festival-de-inverno-de-santa-maria-de-itabira.webp\",\"contentUrl\":\"https:\\\/\\\/www.encontraminasgerais.com.br\\\/itabira\\\/wp-content\\\/uploads\\\/2026\\\/08\\\/noite-de-louvor-e-adoracao-abre-segunda-semana-do-8-festival-de-inverno-de-santa-maria-de-itabira.webp\",\"width\":280,\"height\":280,\"caption\":\"Noite de Louvor e Adora\u00e7\u00e3o\"},{\"@type\":\"WebSite\",\"@id\":\"https:\\\/\\\/www.encontraminasgerais.com.br\\\/itabira\\\/#website\",\"url\":\"https:\\\/\\\/www.encontraminasgerais.com.br\\\/itabira\\\/\",\"name\":\"Guia Comercial de Itabira MG\",\"description\":\"ENCONTRA ITABIRA - O guia comercial de neg\u00f3cios e empresas, cultura e divers\u00e3o na cidade de Itabira. Feito 100% para voc\u00ea morador!\",\"potentialAction\":[{\"@type\":\"SearchAction\",\"target\":{\"@type\":\"EntryPoint\",\"urlTemplate\":\"https:\\\/\\\/www.encontraminasgerais.com.br\\\/itabira\\\/?s={search_term_string}\"},\"query-input\":{\"@type\":\"PropertyValueSpecification\",\"valueRequired\":true,\"valueName\":\"search_term_string\"}}],\"inLanguage\":\"pt-BR\"},{\"@type\":\"Person\",\"@id\":\"https:\\\/\\\/www.encontraminasgerais.com.br\\\/itabira\\\/#\\\/schema\\\/person\\\/9ae8a8f5ce59322c92e2499b550870b0\",\"name\":\"Encontra Itabira\",\"image\":{\"@type\":\"ImageObject\",\"inLanguage\":\"pt-BR\",\"@id\":\"https:\\\/\\\/secure.gravatar.com\\\/avatar\\\/c50c17820bcf322f0a8fd6b110b8c0918141409dc69076470f6fca5fee70a5d4?s=96&d=mm&r=g\",\"url\":\"https:\\\/\\\/secure.gravatar.com\\\/avatar\\\/c50c17820bcf322f0a8fd6b110b8c0918141409dc69076470f6fca5fee70a5d4?s=96&d=mm&r=g\",\"contentUrl\":\"https:\\\/\\\/secure.gravatar.com\\\/avatar\\\/c50c17820bcf322f0a8fd6b110b8c0918141409dc69076470f6fca5fee70a5d4?s=96&d=mm&r=g\",\"caption\":\"Encontra Itabira\"},\"url\":\"https:\\\/\\\/www.encontraminasgerais.com.br\\\/itabira\\\/author\\\/encontraitabira\\\/\"}]}<\/script>\n<!-- \/ Yoast SEO plugin. -->","yoast_head_json":{"title":"Noite de Louvor e Adora\u00e7\u00e3o abre segunda semana do 8\u00ba Festival de Inverno de Santa Maria de Itabira | Guia Comercial de Itabira MG","robots":{"index":"index","follow":"follow","max-snippet":"max-snippet:-1","max-image-preview":"max-image-preview:large","max-video-preview":"max-video-preview:-1"},"canonical":"https:\/\/www.encontraminasgerais.com.br\/itabira\/noite-de-louvor-e-adoracao-abre-segunda-semana-do-8o-festival-de-inverno-de-santa-maria-de-itabira\/","og_locale":"pt_BR","og_type":"article","og_title":"Noite de Louvor e Adora\u00e7\u00e3o abre segunda semana do 8\u00ba Festival de Inverno de Santa Maria de Itabira | Guia Comercial de Itabira MG","og_description":"Noite de Louvor e Adora\u00e7\u00e3o atrai multid\u00f5es no Festival de Inverno.","og_url":"https:\/\/www.encontraminasgerais.com.br\/itabira\/noite-de-louvor-e-adoracao-abre-segunda-semana-do-8o-festival-de-inverno-de-santa-maria-de-itabira\/","og_site_name":"Guia Comercial de Itabira MG","article_published_time":"2026-08-03T01:40:40+00:00","og_image":[{"url":"https:\/\/www.encontraminasgerais.com.br\/itabira\/wp-content\/uploads\/2026\/08\/noite-de-louvor-e-adoracao-abre-segunda-semana-do-8-festival-de-inverno-de-santa-maria-de-itabira.webp","type":"","width":"","height":""}],"author":"Encontra Itabira","twitter_card":"summary_large_image","twitter_misc":{"Escrito por":"Encontra Itabira","Est. tempo de leitura":"5 minutos"},"schema":{"@context":"https:\/\/schema.org","@graph":[{"@type":"Article","@id":"https:\/\/www.encontraminasgerais.com.br\/itabira\/noite-de-louvor-e-adoracao-abre-segunda-semana-do-8o-festival-de-inverno-de-santa-maria-de-itabira\/#article","isPartOf":{"@id":"https:\/\/www.encontraminasgerais.com.br\/itabira\/noite-de-louvor-e-adoracao-abre-segunda-semana-do-8o-festival-de-inverno-de-santa-maria-de-itabira\/"},"author":{"name":"Encontra Itabira","@id":"https:\/\/www.encontraminasgerais.com.br\/itabira\/#\/schema\/person\/9ae8a8f5ce59322c92e2499b550870b0"},"headline":"Noite de Louvor e Adora\u00e7\u00e3o abre segunda semana do 8\u00ba Festival de Inverno de Santa Maria de Itabira","datePublished":"2026-08-03T01:40:40+00:00","mainEntityOfPage":{"@id":"https:\/\/www.encontraminasgerais.com.br\/itabira\/noite-de-louvor-e-adoracao-abre-segunda-semana-do-8o-festival-de-inverno-de-santa-maria-de-itabira\/"},"wordCount":947,"commentCount":0,"image":{"@id":"https:\/\/www.encontraminasgerais.com.br\/itabira\/noite-de-louvor-e-adoracao-abre-segunda-semana-do-8o-festival-de-inverno-de-santa-maria-de-itabira\/#primaryimage"},"thumbnailUrl":"https:\/\/www.encontraminasgerais.com.br\/itabira\/wp-content\/uploads\/2026\/08\/noite-de-louvor-e-adoracao-abre-segunda-semana-do-8-festival-de-inverno-de-santa-maria-de-itabira.webp","articleSection":["Shows Itabira"],"inLanguage":"pt-BR","potentialAction":[{"@type":"CommentAction","name":"Comment","target":["https:\/\/www.encontraminasgerais.com.br\/itabira\/noite-de-louvor-e-adoracao-abre-segunda-semana-do-8o-festival-de-inverno-de-santa-maria-de-itabira\/#respond"]}]},{"@type":"WebPage","@id":"https:\/\/www.encontraminasgerais.com.br\/itabira\/noite-de-louvor-e-adoracao-abre-segunda-semana-do-8o-festival-de-inverno-de-santa-maria-de-itabira\/","url":"https:\/\/www.encontraminasgerais.com.br\/itabira\/noite-de-louvor-e-adoracao-abre-segunda-semana-do-8o-festival-de-inverno-de-santa-maria-de-itabira\/","name":"Noite de Louvor e Adora\u00e7\u00e3o abre segunda semana do 8\u00ba Festival de Inverno de Santa Maria de Itabira | Guia Comercial de Itabira MG","isPartOf":{"@id":"https:\/\/www.encontraminasgerais.com.br\/itabira\/#website"},"primaryImageOfPage":{"@id":"https:\/\/www.encontraminasgerais.com.br\/itabira\/noite-de-louvor-e-adoracao-abre-segunda-semana-do-8o-festival-de-inverno-de-santa-maria-de-itabira\/#primaryimage"},"image":{"@id":"https:\/\/www.encontraminasgerais.com.br\/itabira\/noite-de-louvor-e-adoracao-abre-segunda-semana-do-8o-festival-de-inverno-de-santa-maria-de-itabira\/#primaryimage"},"thumbnailUrl":"https:\/\/www.encontraminasgerais.com.br\/itabira\/wp-content\/uploads\/2026\/08\/noite-de-louvor-e-adoracao-abre-segunda-semana-do-8-festival-de-inverno-de-santa-maria-de-itabira.webp","datePublished":"2026-08-03T01:40:40+00:00","author":{"@id":"https:\/\/www.encontraminasgerais.com.br\/itabira\/#\/schema\/person\/9ae8a8f5ce59322c92e2499b550870b0"},"inLanguage":"pt-BR","potentialAction":[{"@type":"ReadAction","target":["https:\/\/www.encontraminasgerais.com.br\/itabira\/noite-de-louvor-e-adoracao-abre-segunda-semana-do-8o-festival-de-inverno-de-santa-maria-de-itabira\/"]}]},{"@type":"ImageObject","inLanguage":"pt-BR","@id":"https:\/\/www.encontraminasgerais.com.br\/itabira\/noite-de-louvor-e-adoracao-abre-segunda-semana-do-8o-festival-de-inverno-de-santa-maria-de-itabira\/#primaryimage","url":"https:\/\/www.encontraminasgerais.com.br\/itabira\/wp-content\/uploads\/2026\/08\/noite-de-louvor-e-adoracao-abre-segunda-semana-do-8-festival-de-inverno-de-santa-maria-de-itabira.webp","contentUrl":"https:\/\/www.encontraminasgerais.com.br\/itabira\/wp-content\/uploads\/2026\/08\/noite-de-louvor-e-adoracao-abre-segunda-semana-do-8-festival-de-inverno-de-santa-maria-de-itabira.webp","width":280,"height":280,"caption":"Noite de Louvor e Adora\u00e7\u00e3o"},{"@type":"WebSite","@id":"https:\/\/www.encontraminasgerais.com.br\/itabira\/#website","url":"https:\/\/www.encontraminasgerais.com.br\/itabira\/","name":"Guia Comercial de Itabira MG","description":"ENCONTRA ITABIRA - O guia comercial de neg\u00f3cios e empresas, cultura e divers\u00e3o na cidade de Itabira. Feito 100% para voc\u00ea morador!","potentialAction":[{"@type":"SearchAction","target":{"@type":"EntryPoint","urlTemplate":"https:\/\/www.encontraminasgerais.com.br\/itabira\/?s={search_term_string}"},"query-input":{"@type":"PropertyValueSpecification","valueRequired":true,"valueName":"search_term_string"}}],"inLanguage":"pt-BR"},{"@type":"Person","@id":"https:\/\/www.encontraminasgerais.com.br\/itabira\/#\/schema\/person\/9ae8a8f5ce59322c92e2499b550870b0","name":"Encontra Itabira","image":{"@type":"ImageObject","inLanguage":"pt-BR","@id":"https:\/\/secure.gravatar.com\/avatar\/c50c17820bcf322f0a8fd6b110b8c0918141409dc69076470f6fca5fee70a5d4?s=96&d=mm&r=g","url":"https:\/\/secure.gravatar.com\/avatar\/c50c17820bcf322f0a8fd6b110b8c0918141409dc69076470f6fca5fee70a5d4?s=96&d=mm&r=g","contentUrl":"https:\/\/secure.gravatar.com\/avatar\/c50c17820bcf322f0a8fd6b110b8c0918141409dc69076470f6fca5fee70a5d4?s=96&d=mm&r=g","caption":"Encontra Itabira"},"url":"https:\/\/www.encontraminasgerais.com.br\/itabira\/author\/encontraitabira\/"}]}},"_links":{"self":[{"href":"https:\/\/www.encontraminasgerais.com.br\/itabira\/wp-json\/wp\/v2\/posts\/6155","targetHints":{"allow":["GET"]}}],"collection":[{"href":"https:\/\/www.encontraminasgerais.com.br\/itabira\/wp-json\/wp\/v2\/posts"}],"about":[{"href":"https:\/\/www.encontraminasgerais.com.br\/itabira\/wp-json\/wp\/v2\/types\/post"}],"author":[{"embeddable":true,"href":"https:\/\/www.encontraminasgerais.com.br\/itabira\/wp-json\/wp\/v2\/users\/1"}],"replies":[{"embeddable":true,"href":"https:\/\/www.encontraminasgerais.com.br\/itabira\/wp-json\/wp\/v2\/comments?post=6155"}],"version-history":[{"count":0,"href":"https:\/\/www.encontraminasgerais.com.br\/itabira\/wp-json\/wp\/v2\/posts\/6155\/revisions"}],"wp:featuredmedia":[{"embeddable":true,"href":"https:\/\/www.encontraminasgerais.com.br\/itabira\/wp-json\/wp\/v2\/media\/6154"}],"wp:attachment":[{"href":"https:\/\/www.encontraminasgerais.com.br\/itabira\/wp-json\/wp\/v2\/media?parent=6155"}],"wp:term":[{"taxonomy":"category","embeddable":true,"href":"https:\/\/www.encontraminasgerais.com.br\/itabira\/wp-json\/wp\/v2\/categories?post=6155"},{"taxonomy":"post_tag","embeddable":true,"href":"https:\/\/www.encontraminasgerais.com.br\/itabira\/wp-json\/wp\/v2\/tags?post=6155"}],"curies":[{"name":"wp","href":"https:\/\/api.w.org\/{rel}","templated":true}]}}