{"id":6171,"date":"2026-08-06T06:39:04","date_gmt":"2026-08-06T09:39:04","guid":{"rendered":"https:\/\/www.encontraminasgerais.com.br\/itabira\/empreendedora-de-itabira-e-homenageada-na-premiacao-mulheres-alem-das-gerais-2026\/"},"modified":"2026-08-06T06:39:04","modified_gmt":"2026-08-06T09:39:04","slug":"empreendedora-de-itabira-e-homenageada-na-premiacao-mulheres-alem-das-gerais-2026","status":"publish","type":"post","link":"https:\/\/www.encontraminasgerais.com.br\/itabira\/empreendedora-de-itabira-e-homenageada-na-premiacao-mulheres-alem-das-gerais-2026\/","title":{"rendered":"Empreendedora de Itabira \u00e9 homenageada na premia\u00e7\u00e3o Mulheres Al\u00e9m das Gerais 2026"},"content":{"rendered":"<h2>Quem \u00e9 Cidinha Lana?<\/h2>\n<p>A empres\u00e1ria Maria Aparecida Albuquerque Bueno, popularmente conhecida como Cidinha Lana, \u00e9 uma figura proeminente no setor empresarial de Itabira. Seu reconhecimento n\u00e3o vem apenas de sua atua\u00e7\u00e3o como s\u00f3cia do Grupo Autope\u00e7as Lana, mas tamb\u00e9m de sua forte presen\u00e7a na comunidade e seu compromisso com o empreendedorismo local. Cidinha simboliza a for\u00e7a feminina no mercado, destacando-se por seu esp\u00edrito inovador e dedica\u00e7\u00e3o ao trabalho.<\/p>\n<h2>A Hist\u00f3ria de Empreendedorismo de Cidinha<\/h2>\n<p>Cidinha come\u00e7ou sua trajet\u00f3ria profissional em um pequeno com\u00e9rcio, tendo como base sua habilidade e paix\u00e3o pelo setor automotivo. Com o tempo, sua vis\u00e3o empreendedora e determina\u00e7\u00e3o a levaram a expandir seus neg\u00f3cios e a se tornar uma refer\u00eancia na \u00e1rea. Seu trabalho incans\u00e1vel e a busca por excel\u00eancia ajudaram a solidificar a reputa\u00e7\u00e3o do Grupo Autope\u00e7as Lana como uma empresa confi\u00e1vel e respeitada na regi\u00e3o.<\/p>\n<h2>A Import\u00e2ncia da Premia\u00e7\u00e3o<\/h2>\n<p>A premia\u00e7\u00e3o Mulheres Al\u00e9m das Gerais 2026, promovida pela Federaminas Mulher, \u00e9 um evento significativo que visa reconhecer e celebrar as conquistas de mulheres empreendedoras que t\u00eam impactado suas comunidades. Este reconhecimento \u00e9 fundamental n\u00e3o s\u00f3 para as homenageadas, mas tamb\u00e9m para inspirar futuras gera\u00e7\u00f5es de mulheres a se aventurarem no mundo dos neg\u00f3cios.<\/p>\n<p><img decoding=\"async\" src=\"https:\/\/www.encontraminasgerais.com.br\/itabira\/wp-content\/uploads\/2026\/08\/empreendedora-de-itabira-e-homenageada-na-premiacao-mulheres-alem-das-gerais-2026.webp\" alt=\"Mulheres Al\u00e9m das Gerais 2026\" loading=\"lazy\" \/><\/p>\n<h2>Como a Premia\u00e7\u00e3o Celebra o Empreendedorismo Feminino<\/h2>\n<p>O evento destaca n\u00e3o apenas as conquistas individuais, mas tamb\u00e9m a import\u00e2ncia da colabora\u00e7\u00e3o e do apoio m\u00fatuo entre mulheres empreendedoras. Ao valorizar hist\u00f3rias de sucesso, a premia\u00e7\u00e3o promove um ambiente onde as mulheres podem se sentir encorajadas e apoiadas a explorar suas ideias e neg\u00f3cios.<\/p>\n<h2>O Papel das Mulheres no Desenvolvimento de Itabira<\/h2>\n<p>Em Itabira, as mulheres t\u00eam desempenhado pap\u00e9is cruciais no desenvolvimento social e econ\u00f4mico. Com uma contribui\u00e7\u00e3o significativa para o com\u00e9rcio local e a cria\u00e7\u00e3o de empregos, sua presen\u00e7a e lideran\u00e7a se refletem nas diversas \u00e1reas da economia. Cidinha Lana \u00e9 um exemplo claro disso, mostrando como a dedica\u00e7\u00e3o e o empreendedorismo podem transformar realidades.<\/p>\n<h2>Impacto da Homenagem em Itabira<\/h2>\n<p>A homenagem a Cidinha Lana na premia\u00e7\u00e3o \u00e9 motivo de orgulho para a comunidade itabirana, simbolizando a for\u00e7a e a resili\u00eancia das mulheres na regi\u00e3o. Este reconhecimento n\u00e3o apenas enaltece suas realiza\u00e7\u00f5es, mas tamb\u00e9m serve como um est\u00edmulo para que outras mulheres em Itabira sigam seus passos e busquem seus pr\u00f3prios caminhos de sucesso no empreendedorismo.<\/p>\n<h2>Trajet\u00f3ria de Cidinha no Grupo Autope\u00e7as Lana<\/h2>\n<p>Como s\u00f3cia do Grupo Autope\u00e7as Lana, Cidinha tem contribu\u00eddo significativamente para o crescimento e a inova\u00e7\u00e3o da empresa. Sua lideran\u00e7a \u00e9 marcada pela implementa\u00e7\u00e3o de pr\u00e1ticas comerciais sustent\u00e1veis e pelo fomento a um ambiente de trabalho inclusivo. Esta abordagem n\u00e3o s\u00f3 gerou resultados financeiros positivos, mas tamb\u00e9m elevou a moral e a motiva\u00e7\u00e3o de sua equipe.<\/p>\n<h2>Desenvolvimento Social e Econ\u00f4mico em Minas Gerais<\/h2>\n<p>O trabalho de Cidinha e de outras mulheres empreendedoras como ela est\u00e1 alinhado com o desenvolvimento econ\u00f4mico de Minas Gerais. O empoderamento feminino \u00e9 um fator chave para impulsionar a economia, e homenagens como a de Cidinha ajudam a destacar a import\u00e2ncia de apoiar e investir no empreendedorismo feminino.<\/p>\n<h2>Perspectivas para o Empreendedorismo Feminino<\/h2>\n<p>As perspectivas para o empreendedorismo feminino em Minas Gerais s\u00e3o promissoras, especialmente com o advento de iniciativas que incentivam a participa\u00e7\u00e3o das mulheres no mercado. A partir de programas de capacita\u00e7\u00e3o, acesso a financiamento e redes de apoio, as mulheres est\u00e3o cada vez mais preparadas para assumir pap\u00e9is de lideran\u00e7a e criar suas empresas.<\/p>\n<h2>Mensagem de Inspira\u00e7\u00e3o para Futuras Empreendedoras<\/h2>\n<p>Cidinha Lana serve como um modelo de perseveran\u00e7a e inova\u00e7\u00e3o. Sua hist\u00f3ria \u00e9 um lembrete de que, apesar dos desafios, a determina\u00e7\u00e3o pode levar ao sucesso. A mensagem que ela compartilha com futuras empreendedoras \u00e9 clara: &#8220;Acredite em si mesma, busque conhecimento, e nunca tenha medo de sonhar grande&#8221;. Com esse esp\u00edrito, muitas mulheres poder\u00e3o se inspirar a seguir seus pr\u00f3prios caminhos no mundo dos neg\u00f3cios.<\/p>\n","protected":false},"excerpt":{"rendered":"<p>Empreendedora de Itabira recebe homenagem na premia\u00e7\u00e3o Mulheres Al\u00e9m das Gerais 2026.<\/p>\n","protected":false},"author":1,"featured_media":6170,"comment_status":"open","ping_status":"open","sticky":false,"template":"","format":"standard","meta":{"footnotes":""},"categories":[5],"tags":[],"class_list":["post-6171","post","type-post","status-publish","format-standard","has-post-thumbnail","hentry","category-noticias","has_thumb"],"yoast_head":"<!-- This site is optimized with the Yoast SEO plugin v28.1 - https:\/\/yoast.com\/product\/yoast-seo-wordpress\/ -->\n<title>Empreendedora de Itabira \u00e9 homenageada na premia\u00e7\u00e3o Mulheres Al\u00e9m das Gerais 2026 | Guia Comercial de Itabira MG<\/title>\n<meta name=\"robots\" content=\"index, follow, max-snippet:-1, max-image-preview:large, max-video-preview:-1\" \/>\n<link rel=\"canonical\" href=\"https:\/\/www.encontraminasgerais.com.br\/itabira\/empreendedora-de-itabira-e-homenageada-na-premiacao-mulheres-alem-das-gerais-2026\/\" \/>\n<meta property=\"og:locale\" content=\"pt_BR\" \/>\n<meta property=\"og:type\" content=\"article\" \/>\n<meta property=\"og:title\" content=\"Empreendedora de Itabira \u00e9 homenageada na premia\u00e7\u00e3o Mulheres Al\u00e9m das Gerais 2026 | Guia Comercial de Itabira MG\" \/>\n<meta property=\"og:description\" content=\"Empreendedora de Itabira recebe homenagem na premia\u00e7\u00e3o Mulheres Al\u00e9m das Gerais 2026.\" \/>\n<meta property=\"og:url\" content=\"https:\/\/www.encontraminasgerais.com.br\/itabira\/empreendedora-de-itabira-e-homenageada-na-premiacao-mulheres-alem-das-gerais-2026\/\" \/>\n<meta property=\"og:site_name\" content=\"Guia Comercial de Itabira MG\" \/>\n<meta property=\"article:published_time\" content=\"2026-08-06T09:39:04+00:00\" \/>\n<meta property=\"og:image\" content=\"https:\/\/www.encontraminasgerais.com.br\/itabira\/wp-content\/uploads\/2026\/08\/empreendedora-de-itabira-e-homenageada-na-premiacao-mulheres-alem-das-gerais-2026.webp\" \/>\n<meta name=\"author\" content=\"Encontra Itabira\" \/>\n<meta name=\"twitter:card\" content=\"summary_large_image\" \/>\n<meta name=\"twitter:label1\" content=\"Escrito por\" \/>\n\t<meta name=\"twitter:data1\" content=\"Encontra Itabira\" \/>\n\t<meta name=\"twitter:label2\" content=\"Est. tempo de leitura\" \/>\n\t<meta name=\"twitter:data2\" content=\"3 minutos\" \/>\n<script type=\"application\/ld+json\" class=\"yoast-schema-graph\">{\"@context\":\"https:\\\/\\\/schema.org\",\"@graph\":[{\"@type\":\"Article\",\"@id\":\"https:\\\/\\\/www.encontraminasgerais.com.br\\\/itabira\\\/empreendedora-de-itabira-e-homenageada-na-premiacao-mulheres-alem-das-gerais-2026\\\/#article\",\"isPartOf\":{\"@id\":\"https:\\\/\\\/www.encontraminasgerais.com.br\\\/itabira\\\/empreendedora-de-itabira-e-homenageada-na-premiacao-mulheres-alem-das-gerais-2026\\\/\"},\"author\":{\"name\":\"Encontra Itabira\",\"@id\":\"https:\\\/\\\/www.encontraminasgerais.com.br\\\/itabira\\\/#\\\/schema\\\/person\\\/9ae8a8f5ce59322c92e2499b550870b0\"},\"headline\":\"Empreendedora de Itabira \u00e9 homenageada na premia\u00e7\u00e3o Mulheres Al\u00e9m das Gerais 2026\",\"datePublished\":\"2026-08-06T09:39:04+00:00\",\"mainEntityOfPage\":{\"@id\":\"https:\\\/\\\/www.encontraminasgerais.com.br\\\/itabira\\\/empreendedora-de-itabira-e-homenageada-na-premiacao-mulheres-alem-das-gerais-2026\\\/\"},\"wordCount\":718,\"commentCount\":0,\"image\":{\"@id\":\"https:\\\/\\\/www.encontraminasgerais.com.br\\\/itabira\\\/empreendedora-de-itabira-e-homenageada-na-premiacao-mulheres-alem-das-gerais-2026\\\/#primaryimage\"},\"thumbnailUrl\":\"https:\\\/\\\/www.encontraminasgerais.com.br\\\/itabira\\\/wp-content\\\/uploads\\\/2026\\\/08\\\/empreendedora-de-itabira-e-homenageada-na-premiacao-mulheres-alem-das-gerais-2026.webp\",\"articleSection\":[\"Not\u00edcias Itabira\"],\"inLanguage\":\"pt-BR\",\"potentialAction\":[{\"@type\":\"CommentAction\",\"name\":\"Comment\",\"target\":[\"https:\\\/\\\/www.encontraminasgerais.com.br\\\/itabira\\\/empreendedora-de-itabira-e-homenageada-na-premiacao-mulheres-alem-das-gerais-2026\\\/#respond\"]}]},{\"@type\":\"WebPage\",\"@id\":\"https:\\\/\\\/www.encontraminasgerais.com.br\\\/itabira\\\/empreendedora-de-itabira-e-homenageada-na-premiacao-mulheres-alem-das-gerais-2026\\\/\",\"url\":\"https:\\\/\\\/www.encontraminasgerais.com.br\\\/itabira\\\/empreendedora-de-itabira-e-homenageada-na-premiacao-mulheres-alem-das-gerais-2026\\\/\",\"name\":\"Empreendedora de Itabira \u00e9 homenageada na premia\u00e7\u00e3o Mulheres Al\u00e9m das Gerais 2026 | Guia Comercial de Itabira MG\",\"isPartOf\":{\"@id\":\"https:\\\/\\\/www.encontraminasgerais.com.br\\\/itabira\\\/#website\"},\"primaryImageOfPage\":{\"@id\":\"https:\\\/\\\/www.encontraminasgerais.com.br\\\/itabira\\\/empreendedora-de-itabira-e-homenageada-na-premiacao-mulheres-alem-das-gerais-2026\\\/#primaryimage\"},\"image\":{\"@id\":\"https:\\\/\\\/www.encontraminasgerais.com.br\\\/itabira\\\/empreendedora-de-itabira-e-homenageada-na-premiacao-mulheres-alem-das-gerais-2026\\\/#primaryimage\"},\"thumbnailUrl\":\"https:\\\/\\\/www.encontraminasgerais.com.br\\\/itabira\\\/wp-content\\\/uploads\\\/2026\\\/08\\\/empreendedora-de-itabira-e-homenageada-na-premiacao-mulheres-alem-das-gerais-2026.webp\",\"datePublished\":\"2026-08-06T09:39:04+00:00\",\"author\":{\"@id\":\"https:\\\/\\\/www.encontraminasgerais.com.br\\\/itabira\\\/#\\\/schema\\\/person\\\/9ae8a8f5ce59322c92e2499b550870b0\"},\"inLanguage\":\"pt-BR\",\"potentialAction\":[{\"@type\":\"ReadAction\",\"target\":[\"https:\\\/\\\/www.encontraminasgerais.com.br\\\/itabira\\\/empreendedora-de-itabira-e-homenageada-na-premiacao-mulheres-alem-das-gerais-2026\\\/\"]}]},{\"@type\":\"ImageObject\",\"inLanguage\":\"pt-BR\",\"@id\":\"https:\\\/\\\/www.encontraminasgerais.com.br\\\/itabira\\\/empreendedora-de-itabira-e-homenageada-na-premiacao-mulheres-alem-das-gerais-2026\\\/#primaryimage\",\"url\":\"https:\\\/\\\/www.encontraminasgerais.com.br\\\/itabira\\\/wp-content\\\/uploads\\\/2026\\\/08\\\/empreendedora-de-itabira-e-homenageada-na-premiacao-mulheres-alem-das-gerais-2026.webp\",\"contentUrl\":\"https:\\\/\\\/www.encontraminasgerais.com.br\\\/itabira\\\/wp-content\\\/uploads\\\/2026\\\/08\\\/empreendedora-de-itabira-e-homenageada-na-premiacao-mulheres-alem-das-gerais-2026.webp\",\"width\":280,\"height\":280,\"caption\":\"Mulheres Al\u00e9m das Gerais 2026\"},{\"@type\":\"WebSite\",\"@id\":\"https:\\\/\\\/www.encontraminasgerais.com.br\\\/itabira\\\/#website\",\"url\":\"https:\\\/\\\/www.encontraminasgerais.com.br\\\/itabira\\\/\",\"name\":\"Guia Comercial de Itabira MG\",\"description\":\"ENCONTRA ITABIRA - O guia comercial de neg\u00f3cios e empresas, cultura e divers\u00e3o na cidade de Itabira. Feito 100% para voc\u00ea morador!\",\"potentialAction\":[{\"@type\":\"SearchAction\",\"target\":{\"@type\":\"EntryPoint\",\"urlTemplate\":\"https:\\\/\\\/www.encontraminasgerais.com.br\\\/itabira\\\/?s={search_term_string}\"},\"query-input\":{\"@type\":\"PropertyValueSpecification\",\"valueRequired\":true,\"valueName\":\"search_term_string\"}}],\"inLanguage\":\"pt-BR\"},{\"@type\":\"Person\",\"@id\":\"https:\\\/\\\/www.encontraminasgerais.com.br\\\/itabira\\\/#\\\/schema\\\/person\\\/9ae8a8f5ce59322c92e2499b550870b0\",\"name\":\"Encontra Itabira\",\"image\":{\"@type\":\"ImageObject\",\"inLanguage\":\"pt-BR\",\"@id\":\"https:\\\/\\\/secure.gravatar.com\\\/avatar\\\/c50c17820bcf322f0a8fd6b110b8c0918141409dc69076470f6fca5fee70a5d4?s=96&d=mm&r=g\",\"url\":\"https:\\\/\\\/secure.gravatar.com\\\/avatar\\\/c50c17820bcf322f0a8fd6b110b8c0918141409dc69076470f6fca5fee70a5d4?s=96&d=mm&r=g\",\"contentUrl\":\"https:\\\/\\\/secure.gravatar.com\\\/avatar\\\/c50c17820bcf322f0a8fd6b110b8c0918141409dc69076470f6fca5fee70a5d4?s=96&d=mm&r=g\",\"caption\":\"Encontra Itabira\"},\"url\":\"https:\\\/\\\/www.encontraminasgerais.com.br\\\/itabira\\\/author\\\/encontraitabira\\\/\"}]}<\/script>\n<!-- \/ Yoast SEO plugin. -->","yoast_head_json":{"title":"Empreendedora de Itabira \u00e9 homenageada na premia\u00e7\u00e3o Mulheres Al\u00e9m das Gerais 2026 | Guia Comercial de Itabira MG","robots":{"index":"index","follow":"follow","max-snippet":"max-snippet:-1","max-image-preview":"max-image-preview:large","max-video-preview":"max-video-preview:-1"},"canonical":"https:\/\/www.encontraminasgerais.com.br\/itabira\/empreendedora-de-itabira-e-homenageada-na-premiacao-mulheres-alem-das-gerais-2026\/","og_locale":"pt_BR","og_type":"article","og_title":"Empreendedora de Itabira \u00e9 homenageada na premia\u00e7\u00e3o Mulheres Al\u00e9m das Gerais 2026 | Guia Comercial de Itabira MG","og_description":"Empreendedora de Itabira recebe homenagem na premia\u00e7\u00e3o Mulheres Al\u00e9m das Gerais 2026.","og_url":"https:\/\/www.encontraminasgerais.com.br\/itabira\/empreendedora-de-itabira-e-homenageada-na-premiacao-mulheres-alem-das-gerais-2026\/","og_site_name":"Guia Comercial de Itabira MG","article_published_time":"2026-08-06T09:39:04+00:00","og_image":[{"url":"https:\/\/www.encontraminasgerais.com.br\/itabira\/wp-content\/uploads\/2026\/08\/empreendedora-de-itabira-e-homenageada-na-premiacao-mulheres-alem-das-gerais-2026.webp","type":"","width":"","height":""}],"author":"Encontra Itabira","twitter_card":"summary_large_image","twitter_misc":{"Escrito por":"Encontra Itabira","Est. tempo de leitura":"3 minutos"},"schema":{"@context":"https:\/\/schema.org","@graph":[{"@type":"Article","@id":"https:\/\/www.encontraminasgerais.com.br\/itabira\/empreendedora-de-itabira-e-homenageada-na-premiacao-mulheres-alem-das-gerais-2026\/#article","isPartOf":{"@id":"https:\/\/www.encontraminasgerais.com.br\/itabira\/empreendedora-de-itabira-e-homenageada-na-premiacao-mulheres-alem-das-gerais-2026\/"},"author":{"name":"Encontra Itabira","@id":"https:\/\/www.encontraminasgerais.com.br\/itabira\/#\/schema\/person\/9ae8a8f5ce59322c92e2499b550870b0"},"headline":"Empreendedora de Itabira \u00e9 homenageada na premia\u00e7\u00e3o Mulheres Al\u00e9m das Gerais 2026","datePublished":"2026-08-06T09:39:04+00:00","mainEntityOfPage":{"@id":"https:\/\/www.encontraminasgerais.com.br\/itabira\/empreendedora-de-itabira-e-homenageada-na-premiacao-mulheres-alem-das-gerais-2026\/"},"wordCount":718,"commentCount":0,"image":{"@id":"https:\/\/www.encontraminasgerais.com.br\/itabira\/empreendedora-de-itabira-e-homenageada-na-premiacao-mulheres-alem-das-gerais-2026\/#primaryimage"},"thumbnailUrl":"https:\/\/www.encontraminasgerais.com.br\/itabira\/wp-content\/uploads\/2026\/08\/empreendedora-de-itabira-e-homenageada-na-premiacao-mulheres-alem-das-gerais-2026.webp","articleSection":["Not\u00edcias Itabira"],"inLanguage":"pt-BR","potentialAction":[{"@type":"CommentAction","name":"Comment","target":["https:\/\/www.encontraminasgerais.com.br\/itabira\/empreendedora-de-itabira-e-homenageada-na-premiacao-mulheres-alem-das-gerais-2026\/#respond"]}]},{"@type":"WebPage","@id":"https:\/\/www.encontraminasgerais.com.br\/itabira\/empreendedora-de-itabira-e-homenageada-na-premiacao-mulheres-alem-das-gerais-2026\/","url":"https:\/\/www.encontraminasgerais.com.br\/itabira\/empreendedora-de-itabira-e-homenageada-na-premiacao-mulheres-alem-das-gerais-2026\/","name":"Empreendedora de Itabira \u00e9 homenageada na premia\u00e7\u00e3o Mulheres Al\u00e9m das Gerais 2026 | Guia Comercial de Itabira MG","isPartOf":{"@id":"https:\/\/www.encontraminasgerais.com.br\/itabira\/#website"},"primaryImageOfPage":{"@id":"https:\/\/www.encontraminasgerais.com.br\/itabira\/empreendedora-de-itabira-e-homenageada-na-premiacao-mulheres-alem-das-gerais-2026\/#primaryimage"},"image":{"@id":"https:\/\/www.encontraminasgerais.com.br\/itabira\/empreendedora-de-itabira-e-homenageada-na-premiacao-mulheres-alem-das-gerais-2026\/#primaryimage"},"thumbnailUrl":"https:\/\/www.encontraminasgerais.com.br\/itabira\/wp-content\/uploads\/2026\/08\/empreendedora-de-itabira-e-homenageada-na-premiacao-mulheres-alem-das-gerais-2026.webp","datePublished":"2026-08-06T09:39:04+00:00","author":{"@id":"https:\/\/www.encontraminasgerais.com.br\/itabira\/#\/schema\/person\/9ae8a8f5ce59322c92e2499b550870b0"},"inLanguage":"pt-BR","potentialAction":[{"@type":"ReadAction","target":["https:\/\/www.encontraminasgerais.com.br\/itabira\/empreendedora-de-itabira-e-homenageada-na-premiacao-mulheres-alem-das-gerais-2026\/"]}]},{"@type":"ImageObject","inLanguage":"pt-BR","@id":"https:\/\/www.encontraminasgerais.com.br\/itabira\/empreendedora-de-itabira-e-homenageada-na-premiacao-mulheres-alem-das-gerais-2026\/#primaryimage","url":"https:\/\/www.encontraminasgerais.com.br\/itabira\/wp-content\/uploads\/2026\/08\/empreendedora-de-itabira-e-homenageada-na-premiacao-mulheres-alem-das-gerais-2026.webp","contentUrl":"https:\/\/www.encontraminasgerais.com.br\/itabira\/wp-content\/uploads\/2026\/08\/empreendedora-de-itabira-e-homenageada-na-premiacao-mulheres-alem-das-gerais-2026.webp","width":280,"height":280,"caption":"Mulheres Al\u00e9m das Gerais 2026"},{"@type":"WebSite","@id":"https:\/\/www.encontraminasgerais.com.br\/itabira\/#website","url":"https:\/\/www.encontraminasgerais.com.br\/itabira\/","name":"Guia Comercial de Itabira MG","description":"ENCONTRA ITABIRA - O guia comercial de neg\u00f3cios e empresas, cultura e divers\u00e3o na cidade de Itabira. Feito 100% para voc\u00ea morador!","potentialAction":[{"@type":"SearchAction","target":{"@type":"EntryPoint","urlTemplate":"https:\/\/www.encontraminasgerais.com.br\/itabira\/?s={search_term_string}"},"query-input":{"@type":"PropertyValueSpecification","valueRequired":true,"valueName":"search_term_string"}}],"inLanguage":"pt-BR"},{"@type":"Person","@id":"https:\/\/www.encontraminasgerais.com.br\/itabira\/#\/schema\/person\/9ae8a8f5ce59322c92e2499b550870b0","name":"Encontra Itabira","image":{"@type":"ImageObject","inLanguage":"pt-BR","@id":"https:\/\/secure.gravatar.com\/avatar\/c50c17820bcf322f0a8fd6b110b8c0918141409dc69076470f6fca5fee70a5d4?s=96&d=mm&r=g","url":"https:\/\/secure.gravatar.com\/avatar\/c50c17820bcf322f0a8fd6b110b8c0918141409dc69076470f6fca5fee70a5d4?s=96&d=mm&r=g","contentUrl":"https:\/\/secure.gravatar.com\/avatar\/c50c17820bcf322f0a8fd6b110b8c0918141409dc69076470f6fca5fee70a5d4?s=96&d=mm&r=g","caption":"Encontra Itabira"},"url":"https:\/\/www.encontraminasgerais.com.br\/itabira\/author\/encontraitabira\/"}]}},"_links":{"self":[{"href":"https:\/\/www.encontraminasgerais.com.br\/itabira\/wp-json\/wp\/v2\/posts\/6171","targetHints":{"allow":["GET"]}}],"collection":[{"href":"https:\/\/www.encontraminasgerais.com.br\/itabira\/wp-json\/wp\/v2\/posts"}],"about":[{"href":"https:\/\/www.encontraminasgerais.com.br\/itabira\/wp-json\/wp\/v2\/types\/post"}],"author":[{"embeddable":true,"href":"https:\/\/www.encontraminasgerais.com.br\/itabira\/wp-json\/wp\/v2\/users\/1"}],"replies":[{"embeddable":true,"href":"https:\/\/www.encontraminasgerais.com.br\/itabira\/wp-json\/wp\/v2\/comments?post=6171"}],"version-history":[{"count":0,"href":"https:\/\/www.encontraminasgerais.com.br\/itabira\/wp-json\/wp\/v2\/posts\/6171\/revisions"}],"wp:featuredmedia":[{"embeddable":true,"href":"https:\/\/www.encontraminasgerais.com.br\/itabira\/wp-json\/wp\/v2\/media\/6170"}],"wp:attachment":[{"href":"https:\/\/www.encontraminasgerais.com.br\/itabira\/wp-json\/wp\/v2\/media?parent=6171"}],"wp:term":[{"taxonomy":"category","embeddable":true,"href":"https:\/\/www.encontraminasgerais.com.br\/itabira\/wp-json\/wp\/v2\/categories?post=6171"},{"taxonomy":"post_tag","embeddable":true,"href":"https:\/\/www.encontraminasgerais.com.br\/itabira\/wp-json\/wp\/v2\/tags?post=6171"}],"curies":[{"name":"wp","href":"https:\/\/api.w.org\/{rel}","templated":true}]}}