{"id":6177,"date":"2026-08-07T09:39:13","date_gmt":"2026-08-07T12:39:13","guid":{"rendered":"https:\/\/www.encontraminasgerais.com.br\/itabira\/picos-de-energia-eletrica-afetam-diferentes-regioes-de-itabira-cemig-atribui-problema-a-queimadas-e-queda-de-arvores\/"},"modified":"2026-08-07T09:39:13","modified_gmt":"2026-08-07T12:39:13","slug":"picos-de-energia-eletrica-afetam-diferentes-regioes-de-itabira-cemig-atribui-problema-a-queimadas-e-queda-de-arvores","status":"publish","type":"post","link":"https:\/\/www.encontraminasgerais.com.br\/itabira\/picos-de-energia-eletrica-afetam-diferentes-regioes-de-itabira-cemig-atribui-problema-a-queimadas-e-queda-de-arvores\/","title":{"rendered":"Picos de energia el\u00e9trica afetam diferentes regi\u00f5es de Itabira; Cemig atribui problema a queimadas e queda de \u00e1rvores"},"content":{"rendered":"<h2>Causas dos Picos de Energia em Itabira<\/h2>\n<p>Recentemente, diversas \u00e1reas de Itabira t\u00eam experimentado interrup\u00e7\u00f5es no fornecimento de energia el\u00e9trica, culminando em picos de tens\u00e3o que geraram preocupa\u00e7\u00f5es entre os moradores. Entre os principais fatores que contribu\u00edram para essa instabilidade, destaca-se a ocorr\u00eancia de queimadas na regi\u00e3o pr\u00f3xima a Itabiru\u00e7u. Esses inc\u00eandios, al\u00e9m de destru\u00edrem a vegeta\u00e7\u00e3o local, resultaram na queda de galhos de \u00e1rvores sobre as linhas de transmiss\u00e3o el\u00e9trica, criando condi\u00e7\u00f5es prop\u00edcias para curtos-circuitos.<\/p>\n<h2>Como as Queimadas Afetam a Rede El\u00e9trica<\/h2>\n<p>As queimadas possuem um impacto direto na infraestrutura el\u00e9trica. Durante os inc\u00eandios, a fuma\u00e7a e o calor provocam altera\u00e7\u00f5es na resist\u00eancia dos materiais e na visibilidade dos operadores das linhas de transmiss\u00e3o. As \u00e1rvores pr\u00f3ximas \u00e0s linhas podem ser consumidas pelas chamas ou derrubadas devido ao impacto do calor, criando obstru\u00e7\u00f5es. Ao ca\u00edrem, essas \u00e1rvores danificam a rede el\u00e9trica, resultando em curtos e oscila\u00e7\u00f5es na energia que afetam v\u00e1rios bairros simultaneamente.<\/p>\n<h2>Medidas Emergenciais da Cemig<\/h2>\n<p>Frente \u00e0s reclama\u00e7\u00f5es da popula\u00e7\u00e3o, a Companhia Energ\u00e9tica de Minas Gerais (Cemig) agiu prontamente. As equipes de manuten\u00e7\u00e3o foram mobilizadas para inspecionar as linhas afetadas, focando na identifica\u00e7\u00e3o de danos causados pelos inc\u00eandios e por quedas de \u00e1rvores. Em um esfor\u00e7o para restabelecer a normalidade, a Cemig realizou os reparos necess\u00e1rios e substitui\u00e7\u00f5es em componentes danificados, o que foi conclu\u00eddo durante a tarde do dia 4. Essas a\u00e7\u00f5es foram essenciais para garantir que o fornecimento de energia el\u00e9trica voltasse ao normal.<\/p>\n<p><img decoding=\"async\" src=\"https:\/\/www.encontraminasgerais.com.br\/itabira\/wp-content\/uploads\/2026\/08\/picos-de-energia-eletrica-afetam-diferentes-regioes-de-itabira-cemig-atribui-problema-a-queimadas-e-.webp\" alt=\"picos de energia el\u00e9trica\" loading=\"lazy\" \/><\/p>\n<h2>Consequ\u00eancias para os Moradores<\/h2>\n<p>As interrup\u00e7\u00f5es no fornecimento de energia geraram uma s\u00e9rie de consequ\u00eancias adversas para os moradores de Itabira. Al\u00e9m do inc\u00f4modo causado por oscila\u00e7\u00f5es constantes, muitos residentes enfrentaram danos em equipamentos eletr\u00f4nicos, como televisores, refrigeradores e computadores, que podem ser sensivelmente afetados por varia\u00e7\u00f5es bruscas de tens\u00e3o. Isso gerou preocupa\u00e7\u00f5es sobre a seguran\u00e7a dos eletrodom\u00e9sticos e a necessidade de reparos, acionando uma onda de reclama\u00e7\u00f5es que chegou at\u00e9 a Companhia.<\/p>\n<h2>Expectativas de Normaliza\u00e7\u00e3o do Fornecimento<\/h2>\n<p>A Cemig, ap\u00f3s as interven\u00e7\u00f5es, expressou confian\u00e7a de que a normalidade voltaria em breve, com a expectativa de que os moradores n\u00e3o enfrentassem mais os epis\u00f3dios de picos ou desligamentos, a menos que novas ocorr\u00eancias de inc\u00eandio afetassem as linhas novamente. A empresa se comprometeu a monitorar a situa\u00e7\u00e3o de perto, garantindo uma resposta r\u00e1pida a qualquer nova solicita\u00e7\u00e3o.<\/p>\n<h2>A Import\u00e2ncia da Manuten\u00e7\u00e3o Preemptiva<\/h2>\n<p>A situa\u00e7\u00e3o recente ressaltou a import\u00e2ncia da manuten\u00e7\u00e3o regular e preventiva na rede el\u00e9trica. Esta pr\u00e1tica n\u00e3o s\u00f3 ajuda a evitar falhas, como tamb\u00e9m pode prevenir problemas maiores, como inc\u00eandios e danos \u00e0 propriedade. A realiza\u00e7\u00e3o de podas ao redor das linhas de transmiss\u00e3o e a supervis\u00e3o cont\u00ednua das \u00e1reas propensas a queimadas podem ajudar a minimizar riscos e garantir um fornecimento cont\u00ednuo e seguro de energia.<\/p>\n<h2>Coordena\u00e7\u00e3o entre Equipes para Reparos<\/h2>\n<p>Um dos pontos positivos que emergiu dessa situa\u00e7\u00e3o foi a r\u00e1pida mobiliza\u00e7\u00e3o e efici\u00eancia das equipes de reparo da Cemig. Essa coordena\u00e7\u00e3o entre diferentes setores da companhia permitiu uma resposta imediata \u00e0s ocorr\u00eancias de interrup\u00e7\u00e3o no fornecimento. O interc\u00e2mbio de informa\u00e7\u00f5es e a colabora\u00e7\u00e3o entre as equipes de seguran\u00e7a e de manuten\u00e7\u00e3o foram fundamentais para a execu\u00e7\u00e3o bem-sucedida dos reparos.<\/p>\n<h2>Impacto Ecol\u00f3gico das Queimadas<\/h2>\n<p>Al\u00e9m das quest\u00f5es relacionadas \u00e0 energia el\u00e9trica, as queimadas t\u00eam um impacto ambiental significativo. Elas n\u00e3o apenas degradam o solo, mas tamb\u00e9m comprometem a fauna e a flora local, resultando em perda de biodiversidade. O controle e preven\u00e7\u00e3o de inc\u00eandios florestais devem ser uma prioridade, uma vez que as consequ\u00eancias dessas queimadas se estendem para muito al\u00e9m da perda de \u00e1rvores, afetando ecossistemas inteiros.<\/p>\n<h2>Hist\u00f3rico de Problemas El\u00e9tricos em Itabira<\/h2>\n<p>Embora a situa\u00e7\u00e3o atual seja especialmente cr\u00edtica, n\u00e3o \u00e9 a primeira vez que Itabira enfrenta problemas de fornecimento de energia el\u00e9trica. Historicamente, interrup\u00e7\u00f5es t\u00eam sido registradas devido a tempestades, quedas de \u00e1rvores e outras anomalias clim\u00e1ticas. A cidade apresenta uma vasta \u00e1rea rural, que, em conjunto com o clima seco, aumenta a vulnerabilidade da rede el\u00e9trica, tornando as interven\u00e7\u00f5es da Cemig ainda mais essenciais.<\/p>\n<h2>Dicas para Evitar Danos em Equipamentos El\u00e9tricos<\/h2>\n<p>Os moradores podem tomar algumas medidas para proteger seus aparelhos dos danos causados por picos de energia:<\/p>\n<ul>\n<li><strong>Uso de estabilizadores:<\/strong> Instalar estabilizadores em equipamentos sens\u00edveis pode ajudar a regular a tens\u00e3o que alcan\u00e7a o dispositivo.<\/li>\n<li><strong>Desligamento autom\u00e1tico:<\/strong> Usar tomadas com desligamento autom\u00e1tico para evitar sobrecargas quando h\u00e1 oscila\u00e7\u00f5es de energia.<\/li>\n<li><strong>Surge protectors:<\/strong> Utilizar protetores contra surto para proteger dispositivos eletr\u00f4nicos.<\/li>\n<\/ul>\n<p>Na busca pela estabilidade no fornecimento de energia e pela prote\u00e7\u00e3o dos equipamentos, a soma das a\u00e7\u00f5es preventivas da popula\u00e7\u00e3o com as interven\u00e7\u00f5es da Cemig ser\u00e1 crucial para garantir uma melhor qualidade de vida para os moradores de Itabira.<\/p>\n","protected":false},"excerpt":{"rendered":"<p>Picos de energia el\u00e9trica em Itabira foram solucionados pela Cemig ap\u00f3s queimadas.<\/p>\n","protected":false},"author":1,"featured_media":6176,"comment_status":"open","ping_status":"open","sticky":false,"template":"","format":"standard","meta":{"footnotes":""},"categories":[5],"tags":[],"class_list":["post-6177","post","type-post","status-publish","format-standard","has-post-thumbnail","hentry","category-noticias","has_thumb"],"yoast_head":"<!-- This site is optimized with the Yoast SEO plugin v28.1 - https:\/\/yoast.com\/product\/yoast-seo-wordpress\/ -->\n<title>Picos de energia el\u00e9trica afetam diferentes regi\u00f5es de Itabira; Cemig atribui problema a queimadas e queda de \u00e1rvores | Guia Comercial de Itabira MG<\/title>\n<meta name=\"robots\" content=\"index, follow, max-snippet:-1, max-image-preview:large, max-video-preview:-1\" \/>\n<link rel=\"canonical\" href=\"https:\/\/www.encontraminasgerais.com.br\/itabira\/picos-de-energia-eletrica-afetam-diferentes-regioes-de-itabira-cemig-atribui-problema-a-queimadas-e-queda-de-arvores\/\" \/>\n<meta property=\"og:locale\" content=\"pt_BR\" \/>\n<meta property=\"og:type\" content=\"article\" \/>\n<meta property=\"og:title\" content=\"Picos de energia el\u00e9trica afetam diferentes regi\u00f5es de Itabira; Cemig atribui problema a queimadas e queda de \u00e1rvores | Guia Comercial de Itabira MG\" \/>\n<meta property=\"og:description\" content=\"Picos de energia el\u00e9trica em Itabira foram solucionados pela Cemig ap\u00f3s queimadas.\" \/>\n<meta property=\"og:url\" content=\"https:\/\/www.encontraminasgerais.com.br\/itabira\/picos-de-energia-eletrica-afetam-diferentes-regioes-de-itabira-cemig-atribui-problema-a-queimadas-e-queda-de-arvores\/\" \/>\n<meta property=\"og:site_name\" content=\"Guia Comercial de Itabira MG\" \/>\n<meta property=\"article:published_time\" content=\"2026-08-07T12:39:13+00:00\" \/>\n<meta property=\"og:image\" content=\"https:\/\/www.encontraminasgerais.com.br\/itabira\/wp-content\/uploads\/2026\/08\/picos-de-energia-eletrica-afetam-diferentes-regioes-de-itabira-cemig-atribui-problema-a-queimadas-e-.webp\" \/>\n<meta name=\"author\" content=\"Encontra Itabira\" \/>\n<meta name=\"twitter:card\" content=\"summary_large_image\" \/>\n<meta name=\"twitter:label1\" content=\"Escrito por\" \/>\n\t<meta name=\"twitter:data1\" content=\"Encontra Itabira\" \/>\n\t<meta name=\"twitter:label2\" content=\"Est. tempo de leitura\" \/>\n\t<meta name=\"twitter:data2\" content=\"4 minutos\" \/>\n<script type=\"application\/ld+json\" class=\"yoast-schema-graph\">{\"@context\":\"https:\\\/\\\/schema.org\",\"@graph\":[{\"@type\":\"Article\",\"@id\":\"https:\\\/\\\/www.encontraminasgerais.com.br\\\/itabira\\\/picos-de-energia-eletrica-afetam-diferentes-regioes-de-itabira-cemig-atribui-problema-a-queimadas-e-queda-de-arvores\\\/#article\",\"isPartOf\":{\"@id\":\"https:\\\/\\\/www.encontraminasgerais.com.br\\\/itabira\\\/picos-de-energia-eletrica-afetam-diferentes-regioes-de-itabira-cemig-atribui-problema-a-queimadas-e-queda-de-arvores\\\/\"},\"author\":{\"name\":\"Encontra Itabira\",\"@id\":\"https:\\\/\\\/www.encontraminasgerais.com.br\\\/itabira\\\/#\\\/schema\\\/person\\\/9ae8a8f5ce59322c92e2499b550870b0\"},\"headline\":\"Picos de energia el\u00e9trica afetam diferentes regi\u00f5es de Itabira; Cemig atribui problema a queimadas e queda de \u00e1rvores\",\"datePublished\":\"2026-08-07T12:39:13+00:00\",\"mainEntityOfPage\":{\"@id\":\"https:\\\/\\\/www.encontraminasgerais.com.br\\\/itabira\\\/picos-de-energia-eletrica-afetam-diferentes-regioes-de-itabira-cemig-atribui-problema-a-queimadas-e-queda-de-arvores\\\/\"},\"wordCount\":904,\"commentCount\":0,\"image\":{\"@id\":\"https:\\\/\\\/www.encontraminasgerais.com.br\\\/itabira\\\/picos-de-energia-eletrica-afetam-diferentes-regioes-de-itabira-cemig-atribui-problema-a-queimadas-e-queda-de-arvores\\\/#primaryimage\"},\"thumbnailUrl\":\"https:\\\/\\\/www.encontraminasgerais.com.br\\\/itabira\\\/wp-content\\\/uploads\\\/2026\\\/08\\\/picos-de-energia-eletrica-afetam-diferentes-regioes-de-itabira-cemig-atribui-problema-a-queimadas-e-.webp\",\"articleSection\":[\"Not\u00edcias Itabira\"],\"inLanguage\":\"pt-BR\",\"potentialAction\":[{\"@type\":\"CommentAction\",\"name\":\"Comment\",\"target\":[\"https:\\\/\\\/www.encontraminasgerais.com.br\\\/itabira\\\/picos-de-energia-eletrica-afetam-diferentes-regioes-de-itabira-cemig-atribui-problema-a-queimadas-e-queda-de-arvores\\\/#respond\"]}]},{\"@type\":\"WebPage\",\"@id\":\"https:\\\/\\\/www.encontraminasgerais.com.br\\\/itabira\\\/picos-de-energia-eletrica-afetam-diferentes-regioes-de-itabira-cemig-atribui-problema-a-queimadas-e-queda-de-arvores\\\/\",\"url\":\"https:\\\/\\\/www.encontraminasgerais.com.br\\\/itabira\\\/picos-de-energia-eletrica-afetam-diferentes-regioes-de-itabira-cemig-atribui-problema-a-queimadas-e-queda-de-arvores\\\/\",\"name\":\"Picos de energia el\u00e9trica afetam diferentes regi\u00f5es de Itabira; Cemig atribui problema a queimadas e queda de \u00e1rvores | Guia Comercial de Itabira MG\",\"isPartOf\":{\"@id\":\"https:\\\/\\\/www.encontraminasgerais.com.br\\\/itabira\\\/#website\"},\"primaryImageOfPage\":{\"@id\":\"https:\\\/\\\/www.encontraminasgerais.com.br\\\/itabira\\\/picos-de-energia-eletrica-afetam-diferentes-regioes-de-itabira-cemig-atribui-problema-a-queimadas-e-queda-de-arvores\\\/#primaryimage\"},\"image\":{\"@id\":\"https:\\\/\\\/www.encontraminasgerais.com.br\\\/itabira\\\/picos-de-energia-eletrica-afetam-diferentes-regioes-de-itabira-cemig-atribui-problema-a-queimadas-e-queda-de-arvores\\\/#primaryimage\"},\"thumbnailUrl\":\"https:\\\/\\\/www.encontraminasgerais.com.br\\\/itabira\\\/wp-content\\\/uploads\\\/2026\\\/08\\\/picos-de-energia-eletrica-afetam-diferentes-regioes-de-itabira-cemig-atribui-problema-a-queimadas-e-.webp\",\"datePublished\":\"2026-08-07T12:39:13+00:00\",\"author\":{\"@id\":\"https:\\\/\\\/www.encontraminasgerais.com.br\\\/itabira\\\/#\\\/schema\\\/person\\\/9ae8a8f5ce59322c92e2499b550870b0\"},\"inLanguage\":\"pt-BR\",\"potentialAction\":[{\"@type\":\"ReadAction\",\"target\":[\"https:\\\/\\\/www.encontraminasgerais.com.br\\\/itabira\\\/picos-de-energia-eletrica-afetam-diferentes-regioes-de-itabira-cemig-atribui-problema-a-queimadas-e-queda-de-arvores\\\/\"]}]},{\"@type\":\"ImageObject\",\"inLanguage\":\"pt-BR\",\"@id\":\"https:\\\/\\\/www.encontraminasgerais.com.br\\\/itabira\\\/picos-de-energia-eletrica-afetam-diferentes-regioes-de-itabira-cemig-atribui-problema-a-queimadas-e-queda-de-arvores\\\/#primaryimage\",\"url\":\"https:\\\/\\\/www.encontraminasgerais.com.br\\\/itabira\\\/wp-content\\\/uploads\\\/2026\\\/08\\\/picos-de-energia-eletrica-afetam-diferentes-regioes-de-itabira-cemig-atribui-problema-a-queimadas-e-.webp\",\"contentUrl\":\"https:\\\/\\\/www.encontraminasgerais.com.br\\\/itabira\\\/wp-content\\\/uploads\\\/2026\\\/08\\\/picos-de-energia-eletrica-afetam-diferentes-regioes-de-itabira-cemig-atribui-problema-a-queimadas-e-.webp\",\"width\":280,\"height\":280,\"caption\":\"picos de energia el\u00e9trica\"},{\"@type\":\"WebSite\",\"@id\":\"https:\\\/\\\/www.encontraminasgerais.com.br\\\/itabira\\\/#website\",\"url\":\"https:\\\/\\\/www.encontraminasgerais.com.br\\\/itabira\\\/\",\"name\":\"Guia Comercial de Itabira MG\",\"description\":\"ENCONTRA ITABIRA - O guia comercial de neg\u00f3cios e empresas, cultura e divers\u00e3o na cidade de Itabira. Feito 100% para voc\u00ea morador!\",\"potentialAction\":[{\"@type\":\"SearchAction\",\"target\":{\"@type\":\"EntryPoint\",\"urlTemplate\":\"https:\\\/\\\/www.encontraminasgerais.com.br\\\/itabira\\\/?s={search_term_string}\"},\"query-input\":{\"@type\":\"PropertyValueSpecification\",\"valueRequired\":true,\"valueName\":\"search_term_string\"}}],\"inLanguage\":\"pt-BR\"},{\"@type\":\"Person\",\"@id\":\"https:\\\/\\\/www.encontraminasgerais.com.br\\\/itabira\\\/#\\\/schema\\\/person\\\/9ae8a8f5ce59322c92e2499b550870b0\",\"name\":\"Encontra Itabira\",\"image\":{\"@type\":\"ImageObject\",\"inLanguage\":\"pt-BR\",\"@id\":\"https:\\\/\\\/secure.gravatar.com\\\/avatar\\\/c50c17820bcf322f0a8fd6b110b8c0918141409dc69076470f6fca5fee70a5d4?s=96&d=mm&r=g\",\"url\":\"https:\\\/\\\/secure.gravatar.com\\\/avatar\\\/c50c17820bcf322f0a8fd6b110b8c0918141409dc69076470f6fca5fee70a5d4?s=96&d=mm&r=g\",\"contentUrl\":\"https:\\\/\\\/secure.gravatar.com\\\/avatar\\\/c50c17820bcf322f0a8fd6b110b8c0918141409dc69076470f6fca5fee70a5d4?s=96&d=mm&r=g\",\"caption\":\"Encontra Itabira\"},\"url\":\"https:\\\/\\\/www.encontraminasgerais.com.br\\\/itabira\\\/author\\\/encontraitabira\\\/\"}]}<\/script>\n<!-- \/ Yoast SEO plugin. -->","yoast_head_json":{"title":"Picos de energia el\u00e9trica afetam diferentes regi\u00f5es de Itabira; Cemig atribui problema a queimadas e queda de \u00e1rvores | Guia Comercial de Itabira MG","robots":{"index":"index","follow":"follow","max-snippet":"max-snippet:-1","max-image-preview":"max-image-preview:large","max-video-preview":"max-video-preview:-1"},"canonical":"https:\/\/www.encontraminasgerais.com.br\/itabira\/picos-de-energia-eletrica-afetam-diferentes-regioes-de-itabira-cemig-atribui-problema-a-queimadas-e-queda-de-arvores\/","og_locale":"pt_BR","og_type":"article","og_title":"Picos de energia el\u00e9trica afetam diferentes regi\u00f5es de Itabira; Cemig atribui problema a queimadas e queda de \u00e1rvores | Guia Comercial de Itabira MG","og_description":"Picos de energia el\u00e9trica em Itabira foram solucionados pela Cemig ap\u00f3s queimadas.","og_url":"https:\/\/www.encontraminasgerais.com.br\/itabira\/picos-de-energia-eletrica-afetam-diferentes-regioes-de-itabira-cemig-atribui-problema-a-queimadas-e-queda-de-arvores\/","og_site_name":"Guia Comercial de Itabira MG","article_published_time":"2026-08-07T12:39:13+00:00","og_image":[{"url":"https:\/\/www.encontraminasgerais.com.br\/itabira\/wp-content\/uploads\/2026\/08\/picos-de-energia-eletrica-afetam-diferentes-regioes-de-itabira-cemig-atribui-problema-a-queimadas-e-.webp","type":"","width":"","height":""}],"author":"Encontra Itabira","twitter_card":"summary_large_image","twitter_misc":{"Escrito por":"Encontra Itabira","Est. tempo de leitura":"4 minutos"},"schema":{"@context":"https:\/\/schema.org","@graph":[{"@type":"Article","@id":"https:\/\/www.encontraminasgerais.com.br\/itabira\/picos-de-energia-eletrica-afetam-diferentes-regioes-de-itabira-cemig-atribui-problema-a-queimadas-e-queda-de-arvores\/#article","isPartOf":{"@id":"https:\/\/www.encontraminasgerais.com.br\/itabira\/picos-de-energia-eletrica-afetam-diferentes-regioes-de-itabira-cemig-atribui-problema-a-queimadas-e-queda-de-arvores\/"},"author":{"name":"Encontra Itabira","@id":"https:\/\/www.encontraminasgerais.com.br\/itabira\/#\/schema\/person\/9ae8a8f5ce59322c92e2499b550870b0"},"headline":"Picos de energia el\u00e9trica afetam diferentes regi\u00f5es de Itabira; Cemig atribui problema a queimadas e queda de \u00e1rvores","datePublished":"2026-08-07T12:39:13+00:00","mainEntityOfPage":{"@id":"https:\/\/www.encontraminasgerais.com.br\/itabira\/picos-de-energia-eletrica-afetam-diferentes-regioes-de-itabira-cemig-atribui-problema-a-queimadas-e-queda-de-arvores\/"},"wordCount":904,"commentCount":0,"image":{"@id":"https:\/\/www.encontraminasgerais.com.br\/itabira\/picos-de-energia-eletrica-afetam-diferentes-regioes-de-itabira-cemig-atribui-problema-a-queimadas-e-queda-de-arvores\/#primaryimage"},"thumbnailUrl":"https:\/\/www.encontraminasgerais.com.br\/itabira\/wp-content\/uploads\/2026\/08\/picos-de-energia-eletrica-afetam-diferentes-regioes-de-itabira-cemig-atribui-problema-a-queimadas-e-.webp","articleSection":["Not\u00edcias Itabira"],"inLanguage":"pt-BR","potentialAction":[{"@type":"CommentAction","name":"Comment","target":["https:\/\/www.encontraminasgerais.com.br\/itabira\/picos-de-energia-eletrica-afetam-diferentes-regioes-de-itabira-cemig-atribui-problema-a-queimadas-e-queda-de-arvores\/#respond"]}]},{"@type":"WebPage","@id":"https:\/\/www.encontraminasgerais.com.br\/itabira\/picos-de-energia-eletrica-afetam-diferentes-regioes-de-itabira-cemig-atribui-problema-a-queimadas-e-queda-de-arvores\/","url":"https:\/\/www.encontraminasgerais.com.br\/itabira\/picos-de-energia-eletrica-afetam-diferentes-regioes-de-itabira-cemig-atribui-problema-a-queimadas-e-queda-de-arvores\/","name":"Picos de energia el\u00e9trica afetam diferentes regi\u00f5es de Itabira; Cemig atribui problema a queimadas e queda de \u00e1rvores | Guia Comercial de Itabira MG","isPartOf":{"@id":"https:\/\/www.encontraminasgerais.com.br\/itabira\/#website"},"primaryImageOfPage":{"@id":"https:\/\/www.encontraminasgerais.com.br\/itabira\/picos-de-energia-eletrica-afetam-diferentes-regioes-de-itabira-cemig-atribui-problema-a-queimadas-e-queda-de-arvores\/#primaryimage"},"image":{"@id":"https:\/\/www.encontraminasgerais.com.br\/itabira\/picos-de-energia-eletrica-afetam-diferentes-regioes-de-itabira-cemig-atribui-problema-a-queimadas-e-queda-de-arvores\/#primaryimage"},"thumbnailUrl":"https:\/\/www.encontraminasgerais.com.br\/itabira\/wp-content\/uploads\/2026\/08\/picos-de-energia-eletrica-afetam-diferentes-regioes-de-itabira-cemig-atribui-problema-a-queimadas-e-.webp","datePublished":"2026-08-07T12:39:13+00:00","author":{"@id":"https:\/\/www.encontraminasgerais.com.br\/itabira\/#\/schema\/person\/9ae8a8f5ce59322c92e2499b550870b0"},"inLanguage":"pt-BR","potentialAction":[{"@type":"ReadAction","target":["https:\/\/www.encontraminasgerais.com.br\/itabira\/picos-de-energia-eletrica-afetam-diferentes-regioes-de-itabira-cemig-atribui-problema-a-queimadas-e-queda-de-arvores\/"]}]},{"@type":"ImageObject","inLanguage":"pt-BR","@id":"https:\/\/www.encontraminasgerais.com.br\/itabira\/picos-de-energia-eletrica-afetam-diferentes-regioes-de-itabira-cemig-atribui-problema-a-queimadas-e-queda-de-arvores\/#primaryimage","url":"https:\/\/www.encontraminasgerais.com.br\/itabira\/wp-content\/uploads\/2026\/08\/picos-de-energia-eletrica-afetam-diferentes-regioes-de-itabira-cemig-atribui-problema-a-queimadas-e-.webp","contentUrl":"https:\/\/www.encontraminasgerais.com.br\/itabira\/wp-content\/uploads\/2026\/08\/picos-de-energia-eletrica-afetam-diferentes-regioes-de-itabira-cemig-atribui-problema-a-queimadas-e-.webp","width":280,"height":280,"caption":"picos de energia el\u00e9trica"},{"@type":"WebSite","@id":"https:\/\/www.encontraminasgerais.com.br\/itabira\/#website","url":"https:\/\/www.encontraminasgerais.com.br\/itabira\/","name":"Guia Comercial de Itabira MG","description":"ENCONTRA ITABIRA - O guia comercial de neg\u00f3cios e empresas, cultura e divers\u00e3o na cidade de Itabira. Feito 100% para voc\u00ea morador!","potentialAction":[{"@type":"SearchAction","target":{"@type":"EntryPoint","urlTemplate":"https:\/\/www.encontraminasgerais.com.br\/itabira\/?s={search_term_string}"},"query-input":{"@type":"PropertyValueSpecification","valueRequired":true,"valueName":"search_term_string"}}],"inLanguage":"pt-BR"},{"@type":"Person","@id":"https:\/\/www.encontraminasgerais.com.br\/itabira\/#\/schema\/person\/9ae8a8f5ce59322c92e2499b550870b0","name":"Encontra Itabira","image":{"@type":"ImageObject","inLanguage":"pt-BR","@id":"https:\/\/secure.gravatar.com\/avatar\/c50c17820bcf322f0a8fd6b110b8c0918141409dc69076470f6fca5fee70a5d4?s=96&d=mm&r=g","url":"https:\/\/secure.gravatar.com\/avatar\/c50c17820bcf322f0a8fd6b110b8c0918141409dc69076470f6fca5fee70a5d4?s=96&d=mm&r=g","contentUrl":"https:\/\/secure.gravatar.com\/avatar\/c50c17820bcf322f0a8fd6b110b8c0918141409dc69076470f6fca5fee70a5d4?s=96&d=mm&r=g","caption":"Encontra Itabira"},"url":"https:\/\/www.encontraminasgerais.com.br\/itabira\/author\/encontraitabira\/"}]}},"_links":{"self":[{"href":"https:\/\/www.encontraminasgerais.com.br\/itabira\/wp-json\/wp\/v2\/posts\/6177","targetHints":{"allow":["GET"]}}],"collection":[{"href":"https:\/\/www.encontraminasgerais.com.br\/itabira\/wp-json\/wp\/v2\/posts"}],"about":[{"href":"https:\/\/www.encontraminasgerais.com.br\/itabira\/wp-json\/wp\/v2\/types\/post"}],"author":[{"embeddable":true,"href":"https:\/\/www.encontraminasgerais.com.br\/itabira\/wp-json\/wp\/v2\/users\/1"}],"replies":[{"embeddable":true,"href":"https:\/\/www.encontraminasgerais.com.br\/itabira\/wp-json\/wp\/v2\/comments?post=6177"}],"version-history":[{"count":0,"href":"https:\/\/www.encontraminasgerais.com.br\/itabira\/wp-json\/wp\/v2\/posts\/6177\/revisions"}],"wp:featuredmedia":[{"embeddable":true,"href":"https:\/\/www.encontraminasgerais.com.br\/itabira\/wp-json\/wp\/v2\/media\/6176"}],"wp:attachment":[{"href":"https:\/\/www.encontraminasgerais.com.br\/itabira\/wp-json\/wp\/v2\/media?parent=6177"}],"wp:term":[{"taxonomy":"category","embeddable":true,"href":"https:\/\/www.encontraminasgerais.com.br\/itabira\/wp-json\/wp\/v2\/categories?post=6177"},{"taxonomy":"post_tag","embeddable":true,"href":"https:\/\/www.encontraminasgerais.com.br\/itabira\/wp-json\/wp\/v2\/tags?post=6177"}],"curies":[{"name":"wp","href":"https:\/\/api.w.org\/{rel}","templated":true}]}}