{"id":6212,"date":"2026-08-14T03:38:14","date_gmt":"2026-08-14T06:38:14","guid":{"rendered":"https:\/\/www.encontraminasgerais.com.br\/itabira\/cafe-com-ancestralidade-reune-mulheres-para-discutir-educacao-identidade-e-igualdade-racial-em-itabira-mg\/"},"modified":"2026-08-14T03:38:14","modified_gmt":"2026-08-14T06:38:14","slug":"cafe-com-ancestralidade-reune-mulheres-para-discutir-educacao-identidade-e-igualdade-racial-em-itabira-mg","status":"publish","type":"post","link":"https:\/\/www.encontraminasgerais.com.br\/itabira\/cafe-com-ancestralidade-reune-mulheres-para-discutir-educacao-identidade-e-igualdade-racial-em-itabira-mg\/","title":{"rendered":"Caf\u00e9 com Ancestralidade re\u00fane mulheres para discutir educa\u00e7\u00e3o, identidade e igualdade racial, em Itabira (MG)"},"content":{"rendered":"<h2>A relev\u00e2ncia do Caf\u00e9 com Ancestralidade<\/h2>\n<p>No dia 7 de agosto de 2026, Itabira (MG) foi palco da primeira edi\u00e7\u00e3o do Caf\u00e9 com Ancestralidade, um evento que promoveu um di\u00e1logo significativo sobre educa\u00e7\u00e3o, identidade e igualdade racial. A iniciativa, realizada na Casa da Igualdade Racial, teve como tema central \u2018Educa\u00e7\u00e3o, Ancestralidade e Igualdade Racial: mulheres construindo democracia e justi\u00e7a social\u2019. Este encontro busca valorizar as experi\u00eancias e a hist\u00f3ria das mulheres na luta por direitos e promo\u00e7\u00e3o da igualdade racial.<\/p>\n<p>O evento teve a participa\u00e7\u00e3o de acad\u00eamicos e representantes de movimentos sociais, criando um espa\u00e7o para discutir ancestralidade, desafios contempor\u00e2neos e a import\u00e2ncia da educa\u00e7\u00e3o. Al\u00e9m de relembrar conquistas, o Caf\u00e9 com Ancestralidade destacou os obst\u00e1culos ainda enfrentados por mulheres negras e as estrat\u00e9gias necess\u00e1rias para super\u00e1-los.<\/p>\n<h2>Reflex\u00f5es sobre a Lei Maria da Penha<\/h2>\n<p>A realiza\u00e7\u00e3o do evento coincidiu com a celebra\u00e7\u00e3o dos 20 anos da Lei n\u00ba 11.340\/2006, popularmente conhecida como Lei Maria da Penha. Esta lei \u00e9 um marco na luta contra a viol\u00eancia dom\u00e9stica e familiar, sendo um importante instrumento para a prote\u00e7\u00e3o das mulheres no Brasil. Durante o encontro, especialistas falaram sobre os avan\u00e7os proporcionados pela legisla\u00e7\u00e3o e as mudan\u00e7as que ainda precisam ser realizadas para garantir prote\u00e7\u00e3o efetiva \u00e0s mulheres.<\/p>\n<p><img decoding=\"async\" src=\"https:\/\/www.encontraminasgerais.com.br\/itabira\/wp-content\/uploads\/2026\/08\/cafe-com-ancestralidade-reune-mulheres-para-discutir-educacao-identidade-e-igualdade-racial-em-itabi.webp\" alt=\"Caf\u00e9 com Ancestralidade\" loading=\"lazy\" \/><\/p>\n<p>A Lei Maria da Penha \u00e9 mais que uma legisla\u00e7\u00e3o; \u00e9 um s\u00edmbolo de resist\u00eancia e fortalecimento das mulheres. No evento, a coordenadora da Casa da Igualdade Racial, Nyara Crispim, enfatizou que o Caf\u00e9 com Ancestralidade serviu para celebrar as vit\u00f3rias obtidas, mas tamb\u00e9m para refletir sobre o que ainda precisa ser feito nos pr\u00f3ximos anos para refor\u00e7ar a prote\u00e7\u00e3o \u00e0s mulheres.<\/p>\n<h2>Desafios enfrentados por mulheres na sociedade<\/h2>\n<p>As mulheres, especialmente as negras, continuam enfrentando uma s\u00e9rie de desafios em diferentes \u00e2mbitos da sociedade. No Caf\u00e9 com Ancestralidade, foi discutido como a interseccionalidade influencia a vida das mulheres, evidenciando a complexidade de suas experi\u00eancias. Desde a esfera econ\u00f4mica at\u00e9 a social e pol\u00edtica, elas lidam com discrimina\u00e7\u00e3o e preconceitos que s\u00e3o frequentemente exacerbados pela falta de acesso a recursos e servi\u00e7os essenciais.<\/p>\n<p>A desigualdade salarial, a viol\u00eancia de g\u00eanero e a falta de representatividade em posi\u00e7\u00f5es de poder s\u00e3o apenas alguns dos obst\u00e1culos que as mulheres precisam enfrentar diariamente. O evento destacou a necessidade de implementar pol\u00edticas p\u00fablicas que n\u00e3o apenas reconhe\u00e7am esses desafios, mas que tamb\u00e9m promovam mudan\u00e7as significativas e duradouras.<\/p>\n<h2>Import\u00e2ncia da educa\u00e7\u00e3o na igualdade racial<\/h2>\n<p>A educa\u00e7\u00e3o desempenha um papel crucial na promo\u00e7\u00e3o da igualdade racial e na constru\u00e7\u00e3o de uma sociedade mais justa. Durante o evento, foi ressaltada a necessidade de um sistema educacional que valorize as ra\u00edzes e a cultura afro-brasileira. A educa\u00e7\u00e3o antirracista \u00e9 vital para desconstruir estere\u00f3tipos negativos e para promover uma cultura de respeito e valoriza\u00e7\u00e3o das diversidades.<\/p>\n<p>Os participantes discutiram estrat\u00e9gias para incorporar a hist\u00f3ria e a cultura afro-brasileira no curr\u00edculo escolar, pois isso n\u00e3o apenas beneficia os alunos negros, como tamb\u00e9m enriquece o ambiente educacional como um todo. A inclus\u00e3o de temas relacionados \u00e0 ancestralidade nos espa\u00e7os educativos \u00e9 um passo em dire\u00e7\u00e3o a uma sociedade mais equitativa.<\/p>\n<h2>Vozes femininas e ancestralidade<\/h2>\n<p>O Caf\u00e9 com Ancestralidade tamb\u00e9m serviu como uma plataforma para as vozes femininas se destacarem, permitindo que mulheres compartilhassem suas experi\u00eancias e sabedorias. As narrativas sobre ancestralidade foram fundamentais para construir conex\u00f5es entre as participantes, mostrando como as ra\u00edzes culturais influenciam suas lutas contempor\u00e2neas. Muitas mulheres compartilham a luta de suas ancestrais contra a opress\u00e3o e a viol\u00eancia, o que as inspira a continuar na busca por direitos e igualdade.<\/p>\n<p>A troca de experi\u00eancias promoveu um ambiente acolhedor e de empoderamento, essencial para a coletividade das mulheres participantes. O reconhecimento e a valoriza\u00e7\u00e3o das hist\u00f3rias de vida foram ressaltados como fundamentais para a proposta de mudan\u00e7a social.<\/p>\n<h2>Contribui\u00e7\u00f5es de especialistas no evento<\/h2>\n<p>O Caf\u00e9 com Ancestralidade contou com a presen\u00e7a de personalidades influentes, incluindo a ex-ministra dos Direitos Humanos, Maca\u00e9 Evaristo. Ela trouxe uma perspectiva cr\u00edtica sobre os avan\u00e7os na prote\u00e7\u00e3o dos direitos das mulheres ao longo dos anos. Evaristo destacou que o fortalecimento da rede de atendimento e a continuidade das a\u00e7\u00f5es de preven\u00e7\u00e3o \u00e0 viol\u00eancia contra a mulher s\u00e3o essenciais para garantir a efic\u00e1cia da lei.<\/p>\n<p>Al\u00e9m disso, especialistas em educa\u00e7\u00e3o e direitos humanos compartilharam suas vis\u00f5es sobre como a sociedade pode se mobilizar para enfrentar os desafios que as mulheres enfrentam. As discuss\u00f5es trouxeram \u00e0 tona a necessidade de uma abordagem multidisciplinar que envolvesse diferentes setores e esferas da sociedade na luta pela igualdade de g\u00eanero e racial.<\/p>\n<h2>A atua\u00e7\u00e3o da Casa da Igualdade Racial<\/h2>\n<p>A Casa da Igualdade Racial em Itabira desempenha um papel vital na promo\u00e7\u00e3o da justi\u00e7a social e igualdade racial. Como espa\u00e7o de acolhimento e articula\u00e7\u00e3o, ela oferece suporte \u00e0s mulheres e promove a\u00e7\u00f5es de conscientiza\u00e7\u00e3o e educa\u00e7\u00e3o sobre a import\u00e2ncia da igualdade de direitos. O evento Caf\u00e9 com Ancestralidade \u00e9 uma das v\u00e1rias iniciativas que buscam fomentar a cultura de respeito e dignidade, al\u00e9m de incentivar a participa\u00e7\u00e3o ativa da comunidade na luta por direitos.<\/p>\n<p>Nyara Crispim, idealizadora do projeto, ressaltou a import\u00e2ncia do trabalho colaborativo para o sucesso do evento, destacando que foi uma constru\u00e7\u00e3o coletiva onde cada membro trouxe sua contribui\u00e7\u00e3o \u00fanica para a realiza\u00e7\u00e3o das atividades.<\/p>\n<h2>A comunidade se unindo por igualdade<\/h2>\n<p>O Caf\u00e9 com Ancestralidade n\u00e3o apenas promoveu o debate, mas tamb\u00e9m refor\u00e7ou a ideia de que a luta pela igualdade racial e de g\u00eanero \u00e9 uma responsabilidade coletiva. A participa\u00e7\u00e3o ativa da comunidade \u00e9 essencial para que ideias se transformem em a\u00e7\u00f5es concretas que possam impactar positivamente a vida das mulheres.<\/p>\n<p>A uni\u00e3o de esfor\u00e7os entre organiza\u00e7\u00f5es, movimentos sociais e a comunidade \u00e9 fundamental para promover a estrutura necess\u00e1ria para efetivar mudan\u00e7as significativas. Esse evento serviu como um exemplo de como a mobiliza\u00e7\u00e3o social pode criar espa\u00e7os de reflex\u00e3o e a\u00e7\u00e3o, contribuindo para uma sociedade mais justa e igualit\u00e1ria.<\/p>\n<h2>Impacto das pol\u00edticas p\u00fablicas na educa\u00e7\u00e3o<\/h2>\n<p>Pol\u00edticas p\u00fablicas eficazes s\u00e3o essenciais para a promo\u00e7\u00e3o da igualdade racial e de g\u00eanero na educa\u00e7\u00e3o. A Lei Maria da Penha e outras legisla\u00e7\u00f5es s\u00e3o fundamentais, mas \u00e9 necess\u00e1rio que haja um acompanhamento cont\u00ednuo de sua implementa\u00e7\u00e3o e efetividade. O evento discutiu como as pol\u00edticas educacionais precisam ser adaptadas para abarcar a realidade vivida pelas mulheres e pela popula\u00e7\u00e3o negra no pa\u00eds.<\/p>\n<p>A inclus\u00e3o de conte\u00fados sobre ra\u00e7a e g\u00eanero nos curr\u00edculos escolares, bem como a forma\u00e7\u00e3o de profissionais de educa\u00e7\u00e3o para lidar com quest\u00f5es de igualdade, s\u00e3o passos que devem ser dados. A educa\u00e7\u00e3o deve ser um vetor de transforma\u00e7\u00e3o social, ajudando a formar cidad\u00e3os cr\u00edticos e conscientes dos desafios que cercam as quest\u00f5es de ra\u00e7a e g\u00eanero.<\/p>\n<h2>Futuro da igualdade racial no Brasil<\/h2>\n<p>O futuro da igualdade racial no Brasil est\u00e1 intrinsecamente ligado ao fortalecimento de vozes pol\u00edticas e sociais que lutam pelos direitos das mulheres e dos negros. O Caf\u00e9 com Ancestralidade \u00e9 uma express\u00e3o desse movimento, mostrando que h\u00e1 uma disposi\u00e7\u00e3o coletiva para enfrentar os desafios hist\u00f3ricos e contempor\u00e2neos. A luta pela igualdade racial requer comprometimento e a\u00e7\u00e3o cont\u00ednua, e eventos como este servem como um lembrete poderoso de que a mudan\u00e7a \u00e9 poss\u00edvel e necess\u00e1ria.<\/p>\n<p>Concluindo, o Caf\u00e9 com Ancestralidade \u00e9 mais do que uma simples reuni\u00e3o; \u00e9 um espa\u00e7o de reflex\u00e3o e constru\u00e7\u00e3o de futuro, que promove a valoriza\u00e7\u00e3o da ancestralidade e a busca pela igualdade racial, refletindo a for\u00e7a e a resist\u00eancia das mulheres que continuamente desafiam as adversidades em sua busca por direitos. As intera\u00e7\u00f5es, aprendizados e conex\u00f5es realizadas durante o evento s\u00e3o passos essenciais para a constru\u00e7\u00e3o de um mundo mais justo para todos.<\/p>\n","protected":false},"excerpt":{"rendered":"<p>Caf\u00e9 com Ancestralidade foca em educa\u00e7\u00e3o e igualdade racial entre mulheres.<\/p>\n","protected":false},"author":1,"featured_media":6211,"comment_status":"open","ping_status":"open","sticky":false,"template":"","format":"standard","meta":{"footnotes":""},"categories":[5],"tags":[],"class_list":["post-6212","post","type-post","status-publish","format-standard","has-post-thumbnail","hentry","category-noticias","has_thumb"],"yoast_head":"<!-- This site is optimized with the Yoast SEO plugin v28.1 - https:\/\/yoast.com\/product\/yoast-seo-wordpress\/ -->\n<title>Caf\u00e9 com Ancestralidade re\u00fane mulheres para discutir educa\u00e7\u00e3o, identidade e igualdade racial, em Itabira (MG) | Guia Comercial de Itabira MG<\/title>\n<meta name=\"robots\" content=\"index, follow, max-snippet:-1, max-image-preview:large, max-video-preview:-1\" \/>\n<link rel=\"canonical\" href=\"https:\/\/www.encontraminasgerais.com.br\/itabira\/cafe-com-ancestralidade-reune-mulheres-para-discutir-educacao-identidade-e-igualdade-racial-em-itabira-mg\/\" \/>\n<meta property=\"og:locale\" content=\"pt_BR\" \/>\n<meta property=\"og:type\" content=\"article\" \/>\n<meta property=\"og:title\" content=\"Caf\u00e9 com Ancestralidade re\u00fane mulheres para discutir educa\u00e7\u00e3o, identidade e igualdade racial, em Itabira (MG) | Guia Comercial de Itabira MG\" \/>\n<meta property=\"og:description\" content=\"Caf\u00e9 com Ancestralidade foca em educa\u00e7\u00e3o e igualdade racial entre mulheres.\" \/>\n<meta property=\"og:url\" content=\"https:\/\/www.encontraminasgerais.com.br\/itabira\/cafe-com-ancestralidade-reune-mulheres-para-discutir-educacao-identidade-e-igualdade-racial-em-itabira-mg\/\" \/>\n<meta property=\"og:site_name\" content=\"Guia Comercial de Itabira MG\" \/>\n<meta property=\"article:published_time\" content=\"2026-08-14T06:38:14+00:00\" \/>\n<meta property=\"og:image\" content=\"https:\/\/www.encontraminasgerais.com.br\/itabira\/wp-content\/uploads\/2026\/08\/cafe-com-ancestralidade-reune-mulheres-para-discutir-educacao-identidade-e-igualdade-racial-em-itabi.webp\" \/>\n<meta name=\"author\" content=\"Encontra Itabira\" \/>\n<meta name=\"twitter:card\" content=\"summary_large_image\" \/>\n<meta name=\"twitter:label1\" content=\"Escrito por\" \/>\n\t<meta name=\"twitter:data1\" content=\"Encontra Itabira\" \/>\n\t<meta name=\"twitter:label2\" content=\"Est. tempo de leitura\" \/>\n\t<meta name=\"twitter:data2\" content=\"7 minutos\" \/>\n<script type=\"application\/ld+json\" class=\"yoast-schema-graph\">{\"@context\":\"https:\\\/\\\/schema.org\",\"@graph\":[{\"@type\":\"Article\",\"@id\":\"https:\\\/\\\/www.encontraminasgerais.com.br\\\/itabira\\\/cafe-com-ancestralidade-reune-mulheres-para-discutir-educacao-identidade-e-igualdade-racial-em-itabira-mg\\\/#article\",\"isPartOf\":{\"@id\":\"https:\\\/\\\/www.encontraminasgerais.com.br\\\/itabira\\\/cafe-com-ancestralidade-reune-mulheres-para-discutir-educacao-identidade-e-igualdade-racial-em-itabira-mg\\\/\"},\"author\":{\"name\":\"Encontra Itabira\",\"@id\":\"https:\\\/\\\/www.encontraminasgerais.com.br\\\/itabira\\\/#\\\/schema\\\/person\\\/9ae8a8f5ce59322c92e2499b550870b0\"},\"headline\":\"Caf\u00e9 com Ancestralidade re\u00fane mulheres para discutir educa\u00e7\u00e3o, identidade e igualdade racial, em Itabira (MG)\",\"datePublished\":\"2026-08-14T06:38:14+00:00\",\"mainEntityOfPage\":{\"@id\":\"https:\\\/\\\/www.encontraminasgerais.com.br\\\/itabira\\\/cafe-com-ancestralidade-reune-mulheres-para-discutir-educacao-identidade-e-igualdade-racial-em-itabira-mg\\\/\"},\"wordCount\":1419,\"commentCount\":0,\"image\":{\"@id\":\"https:\\\/\\\/www.encontraminasgerais.com.br\\\/itabira\\\/cafe-com-ancestralidade-reune-mulheres-para-discutir-educacao-identidade-e-igualdade-racial-em-itabira-mg\\\/#primaryimage\"},\"thumbnailUrl\":\"https:\\\/\\\/www.encontraminasgerais.com.br\\\/itabira\\\/wp-content\\\/uploads\\\/2026\\\/08\\\/cafe-com-ancestralidade-reune-mulheres-para-discutir-educacao-identidade-e-igualdade-racial-em-itabi.webp\",\"articleSection\":[\"Not\u00edcias Itabira\"],\"inLanguage\":\"pt-BR\",\"potentialAction\":[{\"@type\":\"CommentAction\",\"name\":\"Comment\",\"target\":[\"https:\\\/\\\/www.encontraminasgerais.com.br\\\/itabira\\\/cafe-com-ancestralidade-reune-mulheres-para-discutir-educacao-identidade-e-igualdade-racial-em-itabira-mg\\\/#respond\"]}]},{\"@type\":\"WebPage\",\"@id\":\"https:\\\/\\\/www.encontraminasgerais.com.br\\\/itabira\\\/cafe-com-ancestralidade-reune-mulheres-para-discutir-educacao-identidade-e-igualdade-racial-em-itabira-mg\\\/\",\"url\":\"https:\\\/\\\/www.encontraminasgerais.com.br\\\/itabira\\\/cafe-com-ancestralidade-reune-mulheres-para-discutir-educacao-identidade-e-igualdade-racial-em-itabira-mg\\\/\",\"name\":\"Caf\u00e9 com Ancestralidade re\u00fane mulheres para discutir educa\u00e7\u00e3o, identidade e igualdade racial, em Itabira (MG) | Guia Comercial de Itabira MG\",\"isPartOf\":{\"@id\":\"https:\\\/\\\/www.encontraminasgerais.com.br\\\/itabira\\\/#website\"},\"primaryImageOfPage\":{\"@id\":\"https:\\\/\\\/www.encontraminasgerais.com.br\\\/itabira\\\/cafe-com-ancestralidade-reune-mulheres-para-discutir-educacao-identidade-e-igualdade-racial-em-itabira-mg\\\/#primaryimage\"},\"image\":{\"@id\":\"https:\\\/\\\/www.encontraminasgerais.com.br\\\/itabira\\\/cafe-com-ancestralidade-reune-mulheres-para-discutir-educacao-identidade-e-igualdade-racial-em-itabira-mg\\\/#primaryimage\"},\"thumbnailUrl\":\"https:\\\/\\\/www.encontraminasgerais.com.br\\\/itabira\\\/wp-content\\\/uploads\\\/2026\\\/08\\\/cafe-com-ancestralidade-reune-mulheres-para-discutir-educacao-identidade-e-igualdade-racial-em-itabi.webp\",\"datePublished\":\"2026-08-14T06:38:14+00:00\",\"author\":{\"@id\":\"https:\\\/\\\/www.encontraminasgerais.com.br\\\/itabira\\\/#\\\/schema\\\/person\\\/9ae8a8f5ce59322c92e2499b550870b0\"},\"inLanguage\":\"pt-BR\",\"potentialAction\":[{\"@type\":\"ReadAction\",\"target\":[\"https:\\\/\\\/www.encontraminasgerais.com.br\\\/itabira\\\/cafe-com-ancestralidade-reune-mulheres-para-discutir-educacao-identidade-e-igualdade-racial-em-itabira-mg\\\/\"]}]},{\"@type\":\"ImageObject\",\"inLanguage\":\"pt-BR\",\"@id\":\"https:\\\/\\\/www.encontraminasgerais.com.br\\\/itabira\\\/cafe-com-ancestralidade-reune-mulheres-para-discutir-educacao-identidade-e-igualdade-racial-em-itabira-mg\\\/#primaryimage\",\"url\":\"https:\\\/\\\/www.encontraminasgerais.com.br\\\/itabira\\\/wp-content\\\/uploads\\\/2026\\\/08\\\/cafe-com-ancestralidade-reune-mulheres-para-discutir-educacao-identidade-e-igualdade-racial-em-itabi.webp\",\"contentUrl\":\"https:\\\/\\\/www.encontraminasgerais.com.br\\\/itabira\\\/wp-content\\\/uploads\\\/2026\\\/08\\\/cafe-com-ancestralidade-reune-mulheres-para-discutir-educacao-identidade-e-igualdade-racial-em-itabi.webp\",\"width\":280,\"height\":280,\"caption\":\"Caf\u00e9 com Ancestralidade\"},{\"@type\":\"WebSite\",\"@id\":\"https:\\\/\\\/www.encontraminasgerais.com.br\\\/itabira\\\/#website\",\"url\":\"https:\\\/\\\/www.encontraminasgerais.com.br\\\/itabira\\\/\",\"name\":\"Guia Comercial de Itabira MG\",\"description\":\"ENCONTRA ITABIRA - O guia comercial de neg\u00f3cios e empresas, cultura e divers\u00e3o na cidade de Itabira. Feito 100% para voc\u00ea morador!\",\"potentialAction\":[{\"@type\":\"SearchAction\",\"target\":{\"@type\":\"EntryPoint\",\"urlTemplate\":\"https:\\\/\\\/www.encontraminasgerais.com.br\\\/itabira\\\/?s={search_term_string}\"},\"query-input\":{\"@type\":\"PropertyValueSpecification\",\"valueRequired\":true,\"valueName\":\"search_term_string\"}}],\"inLanguage\":\"pt-BR\"},{\"@type\":\"Person\",\"@id\":\"https:\\\/\\\/www.encontraminasgerais.com.br\\\/itabira\\\/#\\\/schema\\\/person\\\/9ae8a8f5ce59322c92e2499b550870b0\",\"name\":\"Encontra Itabira\",\"image\":{\"@type\":\"ImageObject\",\"inLanguage\":\"pt-BR\",\"@id\":\"https:\\\/\\\/secure.gravatar.com\\\/avatar\\\/c50c17820bcf322f0a8fd6b110b8c0918141409dc69076470f6fca5fee70a5d4?s=96&d=mm&r=g\",\"url\":\"https:\\\/\\\/secure.gravatar.com\\\/avatar\\\/c50c17820bcf322f0a8fd6b110b8c0918141409dc69076470f6fca5fee70a5d4?s=96&d=mm&r=g\",\"contentUrl\":\"https:\\\/\\\/secure.gravatar.com\\\/avatar\\\/c50c17820bcf322f0a8fd6b110b8c0918141409dc69076470f6fca5fee70a5d4?s=96&d=mm&r=g\",\"caption\":\"Encontra Itabira\"},\"url\":\"https:\\\/\\\/www.encontraminasgerais.com.br\\\/itabira\\\/author\\\/encontraitabira\\\/\"}]}<\/script>\n<!-- \/ Yoast SEO plugin. -->","yoast_head_json":{"title":"Caf\u00e9 com Ancestralidade re\u00fane mulheres para discutir educa\u00e7\u00e3o, identidade e igualdade racial, em Itabira (MG) | Guia Comercial de Itabira MG","robots":{"index":"index","follow":"follow","max-snippet":"max-snippet:-1","max-image-preview":"max-image-preview:large","max-video-preview":"max-video-preview:-1"},"canonical":"https:\/\/www.encontraminasgerais.com.br\/itabira\/cafe-com-ancestralidade-reune-mulheres-para-discutir-educacao-identidade-e-igualdade-racial-em-itabira-mg\/","og_locale":"pt_BR","og_type":"article","og_title":"Caf\u00e9 com Ancestralidade re\u00fane mulheres para discutir educa\u00e7\u00e3o, identidade e igualdade racial, em Itabira (MG) | Guia Comercial de Itabira MG","og_description":"Caf\u00e9 com Ancestralidade foca em educa\u00e7\u00e3o e igualdade racial entre mulheres.","og_url":"https:\/\/www.encontraminasgerais.com.br\/itabira\/cafe-com-ancestralidade-reune-mulheres-para-discutir-educacao-identidade-e-igualdade-racial-em-itabira-mg\/","og_site_name":"Guia Comercial de Itabira MG","article_published_time":"2026-08-14T06:38:14+00:00","og_image":[{"url":"https:\/\/www.encontraminasgerais.com.br\/itabira\/wp-content\/uploads\/2026\/08\/cafe-com-ancestralidade-reune-mulheres-para-discutir-educacao-identidade-e-igualdade-racial-em-itabi.webp","type":"","width":"","height":""}],"author":"Encontra Itabira","twitter_card":"summary_large_image","twitter_misc":{"Escrito por":"Encontra Itabira","Est. tempo de leitura":"7 minutos"},"schema":{"@context":"https:\/\/schema.org","@graph":[{"@type":"Article","@id":"https:\/\/www.encontraminasgerais.com.br\/itabira\/cafe-com-ancestralidade-reune-mulheres-para-discutir-educacao-identidade-e-igualdade-racial-em-itabira-mg\/#article","isPartOf":{"@id":"https:\/\/www.encontraminasgerais.com.br\/itabira\/cafe-com-ancestralidade-reune-mulheres-para-discutir-educacao-identidade-e-igualdade-racial-em-itabira-mg\/"},"author":{"name":"Encontra Itabira","@id":"https:\/\/www.encontraminasgerais.com.br\/itabira\/#\/schema\/person\/9ae8a8f5ce59322c92e2499b550870b0"},"headline":"Caf\u00e9 com Ancestralidade re\u00fane mulheres para discutir educa\u00e7\u00e3o, identidade e igualdade racial, em Itabira (MG)","datePublished":"2026-08-14T06:38:14+00:00","mainEntityOfPage":{"@id":"https:\/\/www.encontraminasgerais.com.br\/itabira\/cafe-com-ancestralidade-reune-mulheres-para-discutir-educacao-identidade-e-igualdade-racial-em-itabira-mg\/"},"wordCount":1419,"commentCount":0,"image":{"@id":"https:\/\/www.encontraminasgerais.com.br\/itabira\/cafe-com-ancestralidade-reune-mulheres-para-discutir-educacao-identidade-e-igualdade-racial-em-itabira-mg\/#primaryimage"},"thumbnailUrl":"https:\/\/www.encontraminasgerais.com.br\/itabira\/wp-content\/uploads\/2026\/08\/cafe-com-ancestralidade-reune-mulheres-para-discutir-educacao-identidade-e-igualdade-racial-em-itabi.webp","articleSection":["Not\u00edcias Itabira"],"inLanguage":"pt-BR","potentialAction":[{"@type":"CommentAction","name":"Comment","target":["https:\/\/www.encontraminasgerais.com.br\/itabira\/cafe-com-ancestralidade-reune-mulheres-para-discutir-educacao-identidade-e-igualdade-racial-em-itabira-mg\/#respond"]}]},{"@type":"WebPage","@id":"https:\/\/www.encontraminasgerais.com.br\/itabira\/cafe-com-ancestralidade-reune-mulheres-para-discutir-educacao-identidade-e-igualdade-racial-em-itabira-mg\/","url":"https:\/\/www.encontraminasgerais.com.br\/itabira\/cafe-com-ancestralidade-reune-mulheres-para-discutir-educacao-identidade-e-igualdade-racial-em-itabira-mg\/","name":"Caf\u00e9 com Ancestralidade re\u00fane mulheres para discutir educa\u00e7\u00e3o, identidade e igualdade racial, em Itabira (MG) | Guia Comercial de Itabira MG","isPartOf":{"@id":"https:\/\/www.encontraminasgerais.com.br\/itabira\/#website"},"primaryImageOfPage":{"@id":"https:\/\/www.encontraminasgerais.com.br\/itabira\/cafe-com-ancestralidade-reune-mulheres-para-discutir-educacao-identidade-e-igualdade-racial-em-itabira-mg\/#primaryimage"},"image":{"@id":"https:\/\/www.encontraminasgerais.com.br\/itabira\/cafe-com-ancestralidade-reune-mulheres-para-discutir-educacao-identidade-e-igualdade-racial-em-itabira-mg\/#primaryimage"},"thumbnailUrl":"https:\/\/www.encontraminasgerais.com.br\/itabira\/wp-content\/uploads\/2026\/08\/cafe-com-ancestralidade-reune-mulheres-para-discutir-educacao-identidade-e-igualdade-racial-em-itabi.webp","datePublished":"2026-08-14T06:38:14+00:00","author":{"@id":"https:\/\/www.encontraminasgerais.com.br\/itabira\/#\/schema\/person\/9ae8a8f5ce59322c92e2499b550870b0"},"inLanguage":"pt-BR","potentialAction":[{"@type":"ReadAction","target":["https:\/\/www.encontraminasgerais.com.br\/itabira\/cafe-com-ancestralidade-reune-mulheres-para-discutir-educacao-identidade-e-igualdade-racial-em-itabira-mg\/"]}]},{"@type":"ImageObject","inLanguage":"pt-BR","@id":"https:\/\/www.encontraminasgerais.com.br\/itabira\/cafe-com-ancestralidade-reune-mulheres-para-discutir-educacao-identidade-e-igualdade-racial-em-itabira-mg\/#primaryimage","url":"https:\/\/www.encontraminasgerais.com.br\/itabira\/wp-content\/uploads\/2026\/08\/cafe-com-ancestralidade-reune-mulheres-para-discutir-educacao-identidade-e-igualdade-racial-em-itabi.webp","contentUrl":"https:\/\/www.encontraminasgerais.com.br\/itabira\/wp-content\/uploads\/2026\/08\/cafe-com-ancestralidade-reune-mulheres-para-discutir-educacao-identidade-e-igualdade-racial-em-itabi.webp","width":280,"height":280,"caption":"Caf\u00e9 com Ancestralidade"},{"@type":"WebSite","@id":"https:\/\/www.encontraminasgerais.com.br\/itabira\/#website","url":"https:\/\/www.encontraminasgerais.com.br\/itabira\/","name":"Guia Comercial de Itabira MG","description":"ENCONTRA ITABIRA - O guia comercial de neg\u00f3cios e empresas, cultura e divers\u00e3o na cidade de Itabira. Feito 100% para voc\u00ea morador!","potentialAction":[{"@type":"SearchAction","target":{"@type":"EntryPoint","urlTemplate":"https:\/\/www.encontraminasgerais.com.br\/itabira\/?s={search_term_string}"},"query-input":{"@type":"PropertyValueSpecification","valueRequired":true,"valueName":"search_term_string"}}],"inLanguage":"pt-BR"},{"@type":"Person","@id":"https:\/\/www.encontraminasgerais.com.br\/itabira\/#\/schema\/person\/9ae8a8f5ce59322c92e2499b550870b0","name":"Encontra Itabira","image":{"@type":"ImageObject","inLanguage":"pt-BR","@id":"https:\/\/secure.gravatar.com\/avatar\/c50c17820bcf322f0a8fd6b110b8c0918141409dc69076470f6fca5fee70a5d4?s=96&d=mm&r=g","url":"https:\/\/secure.gravatar.com\/avatar\/c50c17820bcf322f0a8fd6b110b8c0918141409dc69076470f6fca5fee70a5d4?s=96&d=mm&r=g","contentUrl":"https:\/\/secure.gravatar.com\/avatar\/c50c17820bcf322f0a8fd6b110b8c0918141409dc69076470f6fca5fee70a5d4?s=96&d=mm&r=g","caption":"Encontra Itabira"},"url":"https:\/\/www.encontraminasgerais.com.br\/itabira\/author\/encontraitabira\/"}]}},"_links":{"self":[{"href":"https:\/\/www.encontraminasgerais.com.br\/itabira\/wp-json\/wp\/v2\/posts\/6212","targetHints":{"allow":["GET"]}}],"collection":[{"href":"https:\/\/www.encontraminasgerais.com.br\/itabira\/wp-json\/wp\/v2\/posts"}],"about":[{"href":"https:\/\/www.encontraminasgerais.com.br\/itabira\/wp-json\/wp\/v2\/types\/post"}],"author":[{"embeddable":true,"href":"https:\/\/www.encontraminasgerais.com.br\/itabira\/wp-json\/wp\/v2\/users\/1"}],"replies":[{"embeddable":true,"href":"https:\/\/www.encontraminasgerais.com.br\/itabira\/wp-json\/wp\/v2\/comments?post=6212"}],"version-history":[{"count":0,"href":"https:\/\/www.encontraminasgerais.com.br\/itabira\/wp-json\/wp\/v2\/posts\/6212\/revisions"}],"wp:featuredmedia":[{"embeddable":true,"href":"https:\/\/www.encontraminasgerais.com.br\/itabira\/wp-json\/wp\/v2\/media\/6211"}],"wp:attachment":[{"href":"https:\/\/www.encontraminasgerais.com.br\/itabira\/wp-json\/wp\/v2\/media?parent=6212"}],"wp:term":[{"taxonomy":"category","embeddable":true,"href":"https:\/\/www.encontraminasgerais.com.br\/itabira\/wp-json\/wp\/v2\/categories?post=6212"},{"taxonomy":"post_tag","embeddable":true,"href":"https:\/\/www.encontraminasgerais.com.br\/itabira\/wp-json\/wp\/v2\/tags?post=6212"}],"curies":[{"name":"wp","href":"https:\/\/api.w.org\/{rel}","templated":true}]}}