{"id":6216,"date":"2026-08-14T03:40:32","date_gmt":"2026-08-14T06:40:32","guid":{"rendered":"https:\/\/www.encontraminasgerais.com.br\/itabira\/dr-marco-antonio-prd-2526-candidato-a-deputado-federal-em-minas-gerais-eleicoes-2026\/"},"modified":"2026-08-14T03:40:32","modified_gmt":"2026-08-14T06:40:32","slug":"dr-marco-antonio-prd-2526-candidato-a-deputado-federal-em-minas-gerais-eleicoes-2026","status":"publish","type":"post","link":"https:\/\/www.encontraminasgerais.com.br\/itabira\/dr-marco-antonio-prd-2526-candidato-a-deputado-federal-em-minas-gerais-eleicoes-2026\/","title":{"rendered":"Dr. Marco Antonio (PRD) 2526: Candidato a Deputado Federal em Minas Gerais | Elei\u00e7\u00f5es 2026"},"content":{"rendered":"<h2>Quem \u00e9 Dr. Marco Antonio?<\/h2>\n<p>Dr. Marco Antonio, reconhecido como candidato a <strong>Deputado Federal<\/strong>, representa Minas Gerais nas elei\u00e7\u00f5es de 2026 pelo <strong>Partido Renova\u00e7\u00e3o Democr\u00e1tica (PRD)<\/strong>. Natural da cidade de Itabira, localizada em Minas Gerais, Marco Antonio Gomes tem uma trajet\u00f3ria marcada pelo comprometimento e dedica\u00e7\u00e3o ao servi\u00e7o p\u00fablico. Atualmente aos 69 anos, ele se apresenta como um profissional experiente e formado em medicina.<\/p>\n<h2>Hist\u00f3rico profissional e experi\u00eancia<\/h2>\n<p>Dr. Marco Antonio possui um extenso curr\u00edculo profissional na \u00e1rea da sa\u00fade. Como m\u00e9dico, ele adquiriu conhecimentos valiosos que agora pretende utilizar para realizar mudan\u00e7as significativas na pol\u00edtica e na vida dos cidad\u00e3os. Sua forma\u00e7\u00e3o acad\u00eamica \u00e9 completa e reflete sua disposi\u00e7\u00e3o para contribuir com a sociedade, buscando solu\u00e7\u00f5es para os desafios enfrentados pela popula\u00e7\u00e3o.<\/p>\n<h2>A miss\u00e3o pol\u00edtica de Dr. Marco Antonio<\/h2>\n<p>A candidatura de Dr. Marco Antonio \u00e9 motivada pelo desejo de melhorar condi\u00e7\u00f5es de vida e sa\u00fade da popula\u00e7\u00e3o de Minas Gerais. Ele acredita que um m\u00e9dico pode trazer uma perspectiva diferente para a pol\u00edtica, enfocando a sa\u00fade p\u00fablica, educa\u00e7\u00e3o e desenvolvimento sustent\u00e1vel. Sua miss\u00e3o \u00e9 estabelecer um di\u00e1logo aberto com os cidad\u00e3os e impulsionar a\u00e7\u00f5es que promovam bem-estar social e econ\u00f4mico.<\/p>\n<p><img decoding=\"async\" src=\"https:\/\/www.encontraminasgerais.com.br\/itabira\/wp-content\/uploads\/2026\/08\/dr-marco-antonio-prd-2526-candidato-a-deputado-federal-em-minas-gerais-eleicoes-2026.webp\" alt=\"Candidato a Deputado Federal em Minas Gerais\" loading=\"lazy\" \/><\/p>\n<h2>Situa\u00e7\u00e3o atual da candidatura<\/h2>\n<p>Atualmente, a candidatura de Dr. Marco Antonio est\u00e1 sob avalia\u00e7\u00e3o da Justi\u00e7a Eleitoral, na fase de julgamento pelo Tribunal Superior Eleitoral (TSE). A situa\u00e7\u00e3o da sua candidatura \u00e9 considerada como &#8220;Aguardando julgamento&#8221;, o que indica que seu pedido ainda n\u00e3o foi analisado. Essa informa\u00e7\u00e3o foi atualizada pela \u00faltima vez em 13 de agosto de 2026.<\/p>\n<h2>Detalhes sobre a ficha do candidato<\/h2>\n<p>A ficha do candidato \u00e9 composta por diversas informa\u00e7\u00f5es essenciais, destacando aspectos relevantes sobre sua vida e trajet\u00f3ria. Seguem os principais dados:<\/p>\n<ul>\n<li><strong>Nome:<\/strong> Marco Antonio Gomes<\/li>\n<li><strong>N\u00famero do Candidato:<\/strong> 2526<\/li>\n<li><strong>Cargo:<\/strong> Deputado Federal<\/li>\n<li><strong>Partido:<\/strong> PRD (25)<\/li>\n<li><strong>Cidade:<\/strong> Minas Gerais<\/li>\n<li><strong>Idade:<\/strong> 69 anos<\/li>\n<li><strong>G\u00eanero:<\/strong> Masculino<\/li>\n<li><strong>Ra\u00e7a:<\/strong> Preta<\/li>\n<li><strong>Nacionalidade:<\/strong> Brasileira (nato)<\/li>\n<li><strong>UF de nascimento:<\/strong> MG<\/li>\n<li><strong>Munic\u00edpio de nascimento:<\/strong> Itabira<\/li>\n<li><strong>Estado civil:<\/strong> Casado(a)<\/li>\n<li><strong>Grau de instru\u00e7\u00e3o:<\/strong> Superior completo<\/li>\n<li><strong>Ocupa\u00e7\u00e3o:<\/strong> M\u00e9dico<\/li>\n<\/ul>\n<h2>Bens declarados e transpar\u00eancia<\/h2>\n<p>Em sua declara\u00e7\u00e3o ao TSE, Dr. Marco Antonio relatou seus bens, que totalizam um montante consider\u00e1vel. A seguir, est\u00e3o os detalhes dos bens declarados:<\/p>\n<table>\n<tr>\n<th>Descri\u00e7\u00e3o<\/th>\n<th>Tipo<\/th>\n<th>Valor do Bem<\/th>\n<\/tr>\n<tr>\n<td>SALDO VGBL<\/td>\n<td>VGBL &#8211; Vida Gerador de Benef\u00edcio Livre<\/td>\n<td>R$700,00<\/td>\n<\/tr>\n<tr>\n<td>PRAIA DE GUARATIBA<\/td>\n<td>Terreno<\/td>\n<td>R$30.215,00<\/td>\n<\/tr>\n<tr>\n<td>NA CIDADE DE ITABIRA<\/td>\n<td>Casa<\/td>\n<td>R$500.000,00<\/td>\n<\/tr>\n<tr>\n<td>FAZENDA DO LAGO<\/td>\n<td>Terreno<\/td>\n<td>R$125.963,00<\/td>\n<\/tr>\n<tr>\n<td>SALDO EM MAOS E COM TERCEIROS<\/td>\n<td>Outras aplica\u00e7\u00f5es e Investimentos<\/td>\n<td>R$200.000,00<\/td>\n<\/tr>\n<tr>\n<td>CAPITAL SOCIAL SICOOB<\/td>\n<td>Quotas ou quinh\u00f5es de capital<\/td>\n<td>R$39.018,00<\/td>\n<\/tr>\n<tr>\n<td>SALDO C\/CORRENTE<\/td>\n<td>Dep\u00f3sito banc\u00e1rio em conta corrente no Pa\u00eds<\/td>\n<td>R$1,00<\/td>\n<\/tr>\n<tr>\n<td>SALDO C\/CORRENTE<\/td>\n<td>Dep\u00f3sito banc\u00e1rio em conta corrente no Pa\u00eds<\/td>\n<td>R$13.004,00<\/td>\n<\/tr>\n<tr>\n<td>SALDO CONTA POUPANCA<\/td>\n<td>Caderneta de poupan\u00e7a<\/td>\n<td>R$19.005,00<\/td>\n<\/tr>\n<tr>\n<td>SALDO C\/CORRENTE<\/td>\n<td>Dep\u00f3sito banc\u00e1rio em conta corrente no Pa\u00eds<\/td>\n<td>R$1,00<\/td>\n<\/tr>\n<tr>\n<td>UM VEICULO CHEVROLET TRACKER LT 1.0 AT TURBO<\/td>\n<td>Ve\u00edculo automotor terrestre: caminh\u00e3o, autom\u00f3vel, moto, etc.<\/td>\n<td>R$132.000,00<\/td>\n<\/tr>\n<tr>\n<td>NA CIDADE DE BELO HORIZONTE<\/td>\n<td>Apartamento<\/td>\n<td>R$638.550,00<\/td>\n<\/tr>\n<tr>\n<td>UM MONITOR AMBULATORIAL DE PRESS\u00c3O ARTERIAL N\u00c3O INVASIVO<\/td>\n<td>OUTROS BENS E DIREITOS<\/td>\n<td>R$9.754,00<\/td>\n<\/tr>\n<tr>\n<td>UM VEICULO JEEP\/COMMANDER LIM TD380<\/td>\n<td>Ve\u00edculo automotor terrestre: caminh\u00e3o, autom\u00f3vel, moto, etc.<\/td>\n<td>R$230.000,00<\/td>\n<\/tr>\n<tr>\n<td>UNIMED ITABIRA<\/td>\n<td>Quotas ou quinh\u00f5es de capital<\/td>\n<td>R$141.099,00<\/td>\n<\/tr>\n<\/table>\n<h2>Caminhos para o di\u00e1logo com a popula\u00e7\u00e3o<\/h2>\n<p>Dr. Marco Antonio entende a import\u00e2ncia de manter um canal aberto com os cidad\u00e3os. Para isso, ele planeja convocar reuni\u00f5es comunit\u00e1rias, utilizar plataformas digitais para ouvir as demandas da popula\u00e7\u00e3o e criar formas de participa\u00e7\u00e3o popular nas decis\u00f5es pol\u00edticas. O objetivo \u00e9 construir um relacionamento s\u00f3lido e transparente com os eleitores, permitindo que suas vozes sejam ouvidas e consideradas em todos os momentos.<\/p>\n<h2>A import\u00e2ncia do partido PRD nas elei\u00e7\u00f5es<\/h2>\n<p>O <strong>Partido Renova\u00e7\u00e3o Democr\u00e1tica (PRD)<\/strong> tem uma proposta inovadora para trazer novos ares \u00e0 pol\u00edtica em Minas Gerais. Atrav\u00e9s de candidatos comprometidos, como Dr. Marco Antonio, o partido busca integrar a experi\u00eancia de profissionais qualificados ao campo pol\u00edtico, promovendo um debate abierto sobre os desafios atuais. A participa\u00e7\u00e3o do PRD nas elei\u00e7\u00f5es \u00e9 vista como um passo fundamental para a renova\u00e7\u00e3o e fortalecimento da democracia na regi\u00e3o.<\/p>\n<h2>Perspectivas para as Elei\u00e7\u00f5es 2026<\/h2>\n<p>As regras eleitorais para 2026 apontam para um cen\u00e1rio competitivo e desafiador. Dr. Marco Antonio est\u00e1 preparado para encarar esse desafio, com uma plataforma que prioriza a sa\u00fade, a educa\u00e7\u00e3o e o desenvolvimento econ\u00f4mico sustent\u00e1vel. Acredita-se que sua experi\u00eancia como m\u00e9dico ser\u00e1 um diferencial que o ajudar\u00e1 a conquistar a confian\u00e7a dos eleitores e a garantir uma representa\u00e7\u00e3o efetiva na C\u00e2mara Federal.<\/p>\n<h2>Como acompanhar a campanha de Dr. Marco Antonio<\/h2>\n<p>Os cidad\u00e3os interessados em acompanhar a campanha de Dr. Marco Antonio poder\u00e3o faz\u00ea-lo atrav\u00e9s dos meios de comunica\u00e7\u00e3o tradicionais e pelas redes sociais. Embora at\u00e9 o momento o candidato n\u00e3o tenha registrado nenhuma conta nas redes sociais junto ao TSE, iniciativas est\u00e3o sendo planejadas para estreitar la\u00e7os com a popula\u00e7\u00e3o e manter todos informados sobre a campanha e suas propostas. A comunica\u00e7\u00e3o clara e direta ser\u00e1 uma prioridade, assegurando que as informa\u00e7\u00f5es cheguem a todos os cidad\u00e3os de forma transparente e acess\u00edvel.<\/p>\n","protected":false},"excerpt":{"rendered":"<p>Dr. Marco Antonio se destaca como candidato a Deputado Federal em Minas Gerais nas Elei\u00e7\u00f5es 2026.<\/p>\n","protected":false},"author":1,"featured_media":6215,"comment_status":"open","ping_status":"open","sticky":false,"template":"","format":"standard","meta":{"footnotes":""},"categories":[5],"tags":[],"class_list":["post-6216","post","type-post","status-publish","format-standard","has-post-thumbnail","hentry","category-noticias","has_thumb"],"yoast_head":"<!-- This site is optimized with the Yoast SEO plugin v28.1 - https:\/\/yoast.com\/product\/yoast-seo-wordpress\/ -->\n<title>Dr. Marco Antonio (PRD) 2526: Candidato a Deputado Federal em Minas Gerais | Elei\u00e7\u00f5es 2026 | Guia Comercial de Itabira MG<\/title>\n<meta name=\"robots\" content=\"index, follow, max-snippet:-1, max-image-preview:large, max-video-preview:-1\" \/>\n<link rel=\"canonical\" href=\"https:\/\/www.encontraminasgerais.com.br\/itabira\/dr-marco-antonio-prd-2526-candidato-a-deputado-federal-em-minas-gerais-eleicoes-2026\/\" \/>\n<meta property=\"og:locale\" content=\"pt_BR\" \/>\n<meta property=\"og:type\" content=\"article\" \/>\n<meta property=\"og:title\" content=\"Dr. Marco Antonio (PRD) 2526: Candidato a Deputado Federal em Minas Gerais | Elei\u00e7\u00f5es 2026 | Guia Comercial de Itabira MG\" \/>\n<meta property=\"og:description\" content=\"Dr. Marco Antonio se destaca como candidato a Deputado Federal em Minas Gerais nas Elei\u00e7\u00f5es 2026.\" \/>\n<meta property=\"og:url\" content=\"https:\/\/www.encontraminasgerais.com.br\/itabira\/dr-marco-antonio-prd-2526-candidato-a-deputado-federal-em-minas-gerais-eleicoes-2026\/\" \/>\n<meta property=\"og:site_name\" content=\"Guia Comercial de Itabira MG\" \/>\n<meta property=\"article:published_time\" content=\"2026-08-14T06:40:32+00:00\" \/>\n<meta property=\"og:image\" content=\"https:\/\/www.encontraminasgerais.com.br\/itabira\/wp-content\/uploads\/2026\/08\/dr-marco-antonio-prd-2526-candidato-a-deputado-federal-em-minas-gerais-eleicoes-2026.webp\" \/>\n<meta name=\"author\" content=\"Encontra Itabira\" \/>\n<meta name=\"twitter:card\" content=\"summary_large_image\" \/>\n<meta name=\"twitter:label1\" content=\"Escrito por\" \/>\n\t<meta name=\"twitter:data1\" content=\"Encontra Itabira\" \/>\n\t<meta name=\"twitter:label2\" content=\"Est. tempo de leitura\" \/>\n\t<meta name=\"twitter:data2\" content=\"5 minutos\" \/>\n<script type=\"application\/ld+json\" class=\"yoast-schema-graph\">{\"@context\":\"https:\\\/\\\/schema.org\",\"@graph\":[{\"@type\":\"Article\",\"@id\":\"https:\\\/\\\/www.encontraminasgerais.com.br\\\/itabira\\\/dr-marco-antonio-prd-2526-candidato-a-deputado-federal-em-minas-gerais-eleicoes-2026\\\/#article\",\"isPartOf\":{\"@id\":\"https:\\\/\\\/www.encontraminasgerais.com.br\\\/itabira\\\/dr-marco-antonio-prd-2526-candidato-a-deputado-federal-em-minas-gerais-eleicoes-2026\\\/\"},\"author\":{\"name\":\"Encontra Itabira\",\"@id\":\"https:\\\/\\\/www.encontraminasgerais.com.br\\\/itabira\\\/#\\\/schema\\\/person\\\/9ae8a8f5ce59322c92e2499b550870b0\"},\"headline\":\"Dr. Marco Antonio (PRD) 2526: Candidato a Deputado Federal em Minas Gerais | Elei\u00e7\u00f5es 2026\",\"datePublished\":\"2026-08-14T06:40:32+00:00\",\"mainEntityOfPage\":{\"@id\":\"https:\\\/\\\/www.encontraminasgerais.com.br\\\/itabira\\\/dr-marco-antonio-prd-2526-candidato-a-deputado-federal-em-minas-gerais-eleicoes-2026\\\/\"},\"wordCount\":922,\"commentCount\":0,\"image\":{\"@id\":\"https:\\\/\\\/www.encontraminasgerais.com.br\\\/itabira\\\/dr-marco-antonio-prd-2526-candidato-a-deputado-federal-em-minas-gerais-eleicoes-2026\\\/#primaryimage\"},\"thumbnailUrl\":\"https:\\\/\\\/www.encontraminasgerais.com.br\\\/itabira\\\/wp-content\\\/uploads\\\/2026\\\/08\\\/dr-marco-antonio-prd-2526-candidato-a-deputado-federal-em-minas-gerais-eleicoes-2026.webp\",\"articleSection\":[\"Not\u00edcias Itabira\"],\"inLanguage\":\"pt-BR\",\"potentialAction\":[{\"@type\":\"CommentAction\",\"name\":\"Comment\",\"target\":[\"https:\\\/\\\/www.encontraminasgerais.com.br\\\/itabira\\\/dr-marco-antonio-prd-2526-candidato-a-deputado-federal-em-minas-gerais-eleicoes-2026\\\/#respond\"]}]},{\"@type\":\"WebPage\",\"@id\":\"https:\\\/\\\/www.encontraminasgerais.com.br\\\/itabira\\\/dr-marco-antonio-prd-2526-candidato-a-deputado-federal-em-minas-gerais-eleicoes-2026\\\/\",\"url\":\"https:\\\/\\\/www.encontraminasgerais.com.br\\\/itabira\\\/dr-marco-antonio-prd-2526-candidato-a-deputado-federal-em-minas-gerais-eleicoes-2026\\\/\",\"name\":\"Dr. Marco Antonio (PRD) 2526: Candidato a Deputado Federal em Minas Gerais | Elei\u00e7\u00f5es 2026 | Guia Comercial de Itabira MG\",\"isPartOf\":{\"@id\":\"https:\\\/\\\/www.encontraminasgerais.com.br\\\/itabira\\\/#website\"},\"primaryImageOfPage\":{\"@id\":\"https:\\\/\\\/www.encontraminasgerais.com.br\\\/itabira\\\/dr-marco-antonio-prd-2526-candidato-a-deputado-federal-em-minas-gerais-eleicoes-2026\\\/#primaryimage\"},\"image\":{\"@id\":\"https:\\\/\\\/www.encontraminasgerais.com.br\\\/itabira\\\/dr-marco-antonio-prd-2526-candidato-a-deputado-federal-em-minas-gerais-eleicoes-2026\\\/#primaryimage\"},\"thumbnailUrl\":\"https:\\\/\\\/www.encontraminasgerais.com.br\\\/itabira\\\/wp-content\\\/uploads\\\/2026\\\/08\\\/dr-marco-antonio-prd-2526-candidato-a-deputado-federal-em-minas-gerais-eleicoes-2026.webp\",\"datePublished\":\"2026-08-14T06:40:32+00:00\",\"author\":{\"@id\":\"https:\\\/\\\/www.encontraminasgerais.com.br\\\/itabira\\\/#\\\/schema\\\/person\\\/9ae8a8f5ce59322c92e2499b550870b0\"},\"inLanguage\":\"pt-BR\",\"potentialAction\":[{\"@type\":\"ReadAction\",\"target\":[\"https:\\\/\\\/www.encontraminasgerais.com.br\\\/itabira\\\/dr-marco-antonio-prd-2526-candidato-a-deputado-federal-em-minas-gerais-eleicoes-2026\\\/\"]}]},{\"@type\":\"ImageObject\",\"inLanguage\":\"pt-BR\",\"@id\":\"https:\\\/\\\/www.encontraminasgerais.com.br\\\/itabira\\\/dr-marco-antonio-prd-2526-candidato-a-deputado-federal-em-minas-gerais-eleicoes-2026\\\/#primaryimage\",\"url\":\"https:\\\/\\\/www.encontraminasgerais.com.br\\\/itabira\\\/wp-content\\\/uploads\\\/2026\\\/08\\\/dr-marco-antonio-prd-2526-candidato-a-deputado-federal-em-minas-gerais-eleicoes-2026.webp\",\"contentUrl\":\"https:\\\/\\\/www.encontraminasgerais.com.br\\\/itabira\\\/wp-content\\\/uploads\\\/2026\\\/08\\\/dr-marco-antonio-prd-2526-candidato-a-deputado-federal-em-minas-gerais-eleicoes-2026.webp\",\"width\":280,\"height\":280,\"caption\":\"Candidato a Deputado Federal em Minas Gerais\"},{\"@type\":\"WebSite\",\"@id\":\"https:\\\/\\\/www.encontraminasgerais.com.br\\\/itabira\\\/#website\",\"url\":\"https:\\\/\\\/www.encontraminasgerais.com.br\\\/itabira\\\/\",\"name\":\"Guia Comercial de Itabira MG\",\"description\":\"ENCONTRA ITABIRA - O guia comercial de neg\u00f3cios e empresas, cultura e divers\u00e3o na cidade de Itabira. Feito 100% para voc\u00ea morador!\",\"potentialAction\":[{\"@type\":\"SearchAction\",\"target\":{\"@type\":\"EntryPoint\",\"urlTemplate\":\"https:\\\/\\\/www.encontraminasgerais.com.br\\\/itabira\\\/?s={search_term_string}\"},\"query-input\":{\"@type\":\"PropertyValueSpecification\",\"valueRequired\":true,\"valueName\":\"search_term_string\"}}],\"inLanguage\":\"pt-BR\"},{\"@type\":\"Person\",\"@id\":\"https:\\\/\\\/www.encontraminasgerais.com.br\\\/itabira\\\/#\\\/schema\\\/person\\\/9ae8a8f5ce59322c92e2499b550870b0\",\"name\":\"Encontra Itabira\",\"image\":{\"@type\":\"ImageObject\",\"inLanguage\":\"pt-BR\",\"@id\":\"https:\\\/\\\/secure.gravatar.com\\\/avatar\\\/c50c17820bcf322f0a8fd6b110b8c0918141409dc69076470f6fca5fee70a5d4?s=96&d=mm&r=g\",\"url\":\"https:\\\/\\\/secure.gravatar.com\\\/avatar\\\/c50c17820bcf322f0a8fd6b110b8c0918141409dc69076470f6fca5fee70a5d4?s=96&d=mm&r=g\",\"contentUrl\":\"https:\\\/\\\/secure.gravatar.com\\\/avatar\\\/c50c17820bcf322f0a8fd6b110b8c0918141409dc69076470f6fca5fee70a5d4?s=96&d=mm&r=g\",\"caption\":\"Encontra Itabira\"},\"url\":\"https:\\\/\\\/www.encontraminasgerais.com.br\\\/itabira\\\/author\\\/encontraitabira\\\/\"}]}<\/script>\n<!-- \/ Yoast SEO plugin. -->","yoast_head_json":{"title":"Dr. Marco Antonio (PRD) 2526: Candidato a Deputado Federal em Minas Gerais | Elei\u00e7\u00f5es 2026 | Guia Comercial de Itabira MG","robots":{"index":"index","follow":"follow","max-snippet":"max-snippet:-1","max-image-preview":"max-image-preview:large","max-video-preview":"max-video-preview:-1"},"canonical":"https:\/\/www.encontraminasgerais.com.br\/itabira\/dr-marco-antonio-prd-2526-candidato-a-deputado-federal-em-minas-gerais-eleicoes-2026\/","og_locale":"pt_BR","og_type":"article","og_title":"Dr. Marco Antonio (PRD) 2526: Candidato a Deputado Federal em Minas Gerais | Elei\u00e7\u00f5es 2026 | Guia Comercial de Itabira MG","og_description":"Dr. Marco Antonio se destaca como candidato a Deputado Federal em Minas Gerais nas Elei\u00e7\u00f5es 2026.","og_url":"https:\/\/www.encontraminasgerais.com.br\/itabira\/dr-marco-antonio-prd-2526-candidato-a-deputado-federal-em-minas-gerais-eleicoes-2026\/","og_site_name":"Guia Comercial de Itabira MG","article_published_time":"2026-08-14T06:40:32+00:00","og_image":[{"url":"https:\/\/www.encontraminasgerais.com.br\/itabira\/wp-content\/uploads\/2026\/08\/dr-marco-antonio-prd-2526-candidato-a-deputado-federal-em-minas-gerais-eleicoes-2026.webp","type":"","width":"","height":""}],"author":"Encontra Itabira","twitter_card":"summary_large_image","twitter_misc":{"Escrito por":"Encontra Itabira","Est. tempo de leitura":"5 minutos"},"schema":{"@context":"https:\/\/schema.org","@graph":[{"@type":"Article","@id":"https:\/\/www.encontraminasgerais.com.br\/itabira\/dr-marco-antonio-prd-2526-candidato-a-deputado-federal-em-minas-gerais-eleicoes-2026\/#article","isPartOf":{"@id":"https:\/\/www.encontraminasgerais.com.br\/itabira\/dr-marco-antonio-prd-2526-candidato-a-deputado-federal-em-minas-gerais-eleicoes-2026\/"},"author":{"name":"Encontra Itabira","@id":"https:\/\/www.encontraminasgerais.com.br\/itabira\/#\/schema\/person\/9ae8a8f5ce59322c92e2499b550870b0"},"headline":"Dr. Marco Antonio (PRD) 2526: Candidato a Deputado Federal em Minas Gerais | Elei\u00e7\u00f5es 2026","datePublished":"2026-08-14T06:40:32+00:00","mainEntityOfPage":{"@id":"https:\/\/www.encontraminasgerais.com.br\/itabira\/dr-marco-antonio-prd-2526-candidato-a-deputado-federal-em-minas-gerais-eleicoes-2026\/"},"wordCount":922,"commentCount":0,"image":{"@id":"https:\/\/www.encontraminasgerais.com.br\/itabira\/dr-marco-antonio-prd-2526-candidato-a-deputado-federal-em-minas-gerais-eleicoes-2026\/#primaryimage"},"thumbnailUrl":"https:\/\/www.encontraminasgerais.com.br\/itabira\/wp-content\/uploads\/2026\/08\/dr-marco-antonio-prd-2526-candidato-a-deputado-federal-em-minas-gerais-eleicoes-2026.webp","articleSection":["Not\u00edcias Itabira"],"inLanguage":"pt-BR","potentialAction":[{"@type":"CommentAction","name":"Comment","target":["https:\/\/www.encontraminasgerais.com.br\/itabira\/dr-marco-antonio-prd-2526-candidato-a-deputado-federal-em-minas-gerais-eleicoes-2026\/#respond"]}]},{"@type":"WebPage","@id":"https:\/\/www.encontraminasgerais.com.br\/itabira\/dr-marco-antonio-prd-2526-candidato-a-deputado-federal-em-minas-gerais-eleicoes-2026\/","url":"https:\/\/www.encontraminasgerais.com.br\/itabira\/dr-marco-antonio-prd-2526-candidato-a-deputado-federal-em-minas-gerais-eleicoes-2026\/","name":"Dr. Marco Antonio (PRD) 2526: Candidato a Deputado Federal em Minas Gerais | Elei\u00e7\u00f5es 2026 | Guia Comercial de Itabira MG","isPartOf":{"@id":"https:\/\/www.encontraminasgerais.com.br\/itabira\/#website"},"primaryImageOfPage":{"@id":"https:\/\/www.encontraminasgerais.com.br\/itabira\/dr-marco-antonio-prd-2526-candidato-a-deputado-federal-em-minas-gerais-eleicoes-2026\/#primaryimage"},"image":{"@id":"https:\/\/www.encontraminasgerais.com.br\/itabira\/dr-marco-antonio-prd-2526-candidato-a-deputado-federal-em-minas-gerais-eleicoes-2026\/#primaryimage"},"thumbnailUrl":"https:\/\/www.encontraminasgerais.com.br\/itabira\/wp-content\/uploads\/2026\/08\/dr-marco-antonio-prd-2526-candidato-a-deputado-federal-em-minas-gerais-eleicoes-2026.webp","datePublished":"2026-08-14T06:40:32+00:00","author":{"@id":"https:\/\/www.encontraminasgerais.com.br\/itabira\/#\/schema\/person\/9ae8a8f5ce59322c92e2499b550870b0"},"inLanguage":"pt-BR","potentialAction":[{"@type":"ReadAction","target":["https:\/\/www.encontraminasgerais.com.br\/itabira\/dr-marco-antonio-prd-2526-candidato-a-deputado-federal-em-minas-gerais-eleicoes-2026\/"]}]},{"@type":"ImageObject","inLanguage":"pt-BR","@id":"https:\/\/www.encontraminasgerais.com.br\/itabira\/dr-marco-antonio-prd-2526-candidato-a-deputado-federal-em-minas-gerais-eleicoes-2026\/#primaryimage","url":"https:\/\/www.encontraminasgerais.com.br\/itabira\/wp-content\/uploads\/2026\/08\/dr-marco-antonio-prd-2526-candidato-a-deputado-federal-em-minas-gerais-eleicoes-2026.webp","contentUrl":"https:\/\/www.encontraminasgerais.com.br\/itabira\/wp-content\/uploads\/2026\/08\/dr-marco-antonio-prd-2526-candidato-a-deputado-federal-em-minas-gerais-eleicoes-2026.webp","width":280,"height":280,"caption":"Candidato a Deputado Federal em Minas Gerais"},{"@type":"WebSite","@id":"https:\/\/www.encontraminasgerais.com.br\/itabira\/#website","url":"https:\/\/www.encontraminasgerais.com.br\/itabira\/","name":"Guia Comercial de Itabira MG","description":"ENCONTRA ITABIRA - O guia comercial de neg\u00f3cios e empresas, cultura e divers\u00e3o na cidade de Itabira. Feito 100% para voc\u00ea morador!","potentialAction":[{"@type":"SearchAction","target":{"@type":"EntryPoint","urlTemplate":"https:\/\/www.encontraminasgerais.com.br\/itabira\/?s={search_term_string}"},"query-input":{"@type":"PropertyValueSpecification","valueRequired":true,"valueName":"search_term_string"}}],"inLanguage":"pt-BR"},{"@type":"Person","@id":"https:\/\/www.encontraminasgerais.com.br\/itabira\/#\/schema\/person\/9ae8a8f5ce59322c92e2499b550870b0","name":"Encontra Itabira","image":{"@type":"ImageObject","inLanguage":"pt-BR","@id":"https:\/\/secure.gravatar.com\/avatar\/c50c17820bcf322f0a8fd6b110b8c0918141409dc69076470f6fca5fee70a5d4?s=96&d=mm&r=g","url":"https:\/\/secure.gravatar.com\/avatar\/c50c17820bcf322f0a8fd6b110b8c0918141409dc69076470f6fca5fee70a5d4?s=96&d=mm&r=g","contentUrl":"https:\/\/secure.gravatar.com\/avatar\/c50c17820bcf322f0a8fd6b110b8c0918141409dc69076470f6fca5fee70a5d4?s=96&d=mm&r=g","caption":"Encontra Itabira"},"url":"https:\/\/www.encontraminasgerais.com.br\/itabira\/author\/encontraitabira\/"}]}},"_links":{"self":[{"href":"https:\/\/www.encontraminasgerais.com.br\/itabira\/wp-json\/wp\/v2\/posts\/6216","targetHints":{"allow":["GET"]}}],"collection":[{"href":"https:\/\/www.encontraminasgerais.com.br\/itabira\/wp-json\/wp\/v2\/posts"}],"about":[{"href":"https:\/\/www.encontraminasgerais.com.br\/itabira\/wp-json\/wp\/v2\/types\/post"}],"author":[{"embeddable":true,"href":"https:\/\/www.encontraminasgerais.com.br\/itabira\/wp-json\/wp\/v2\/users\/1"}],"replies":[{"embeddable":true,"href":"https:\/\/www.encontraminasgerais.com.br\/itabira\/wp-json\/wp\/v2\/comments?post=6216"}],"version-history":[{"count":0,"href":"https:\/\/www.encontraminasgerais.com.br\/itabira\/wp-json\/wp\/v2\/posts\/6216\/revisions"}],"wp:featuredmedia":[{"embeddable":true,"href":"https:\/\/www.encontraminasgerais.com.br\/itabira\/wp-json\/wp\/v2\/media\/6215"}],"wp:attachment":[{"href":"https:\/\/www.encontraminasgerais.com.br\/itabira\/wp-json\/wp\/v2\/media?parent=6216"}],"wp:term":[{"taxonomy":"category","embeddable":true,"href":"https:\/\/www.encontraminasgerais.com.br\/itabira\/wp-json\/wp\/v2\/categories?post=6216"},{"taxonomy":"post_tag","embeddable":true,"href":"https:\/\/www.encontraminasgerais.com.br\/itabira\/wp-json\/wp\/v2\/tags?post=6216"}],"curies":[{"name":"wp","href":"https:\/\/api.w.org\/{rel}","templated":true}]}}