{"id":6222,"date":"2026-08-16T14:58:03","date_gmt":"2026-08-16T17:58:03","guid":{"rendered":"https:\/\/www.encontraminasgerais.com.br\/itabira\/criancas-transformam-relacao-com-parque-em-mg-por-meio-de-projeto-de-arte-e-educacao-ambiental\/"},"modified":"2026-08-16T14:58:03","modified_gmt":"2026-08-16T17:58:03","slug":"criancas-transformam-relacao-com-parque-em-mg-por-meio-de-projeto-de-arte-e-educacao-ambiental","status":"publish","type":"post","link":"https:\/\/www.encontraminasgerais.com.br\/itabira\/criancas-transformam-relacao-com-parque-em-mg-por-meio-de-projeto-de-arte-e-educacao-ambiental\/","title":{"rendered":"Crian\u00e7as transformam rela\u00e7\u00e3o com parque em MG por meio de projeto de arte e educa\u00e7\u00e3o ambiental"},"content":{"rendered":"<h2>O que \u00e9 o projeto Me Vejo no Limoeiro?<\/h2>\n<p>O projeto <strong>Me Vejo no Limoeiro<\/strong> \u00e9 uma iniciativa educativa que visa integrar arte e conserva\u00e7\u00e3o ambiental, permitindo que aproximadamente 450 alunos de cinco institui\u00e7\u00f5es de ensino ao redor do Parque Estadual Mata do Limoeiro explorem e reimaginem sua rela\u00e7\u00e3o com esse importante espa\u00e7o natural. A a\u00e7\u00e3o ocorre na regi\u00e3o de Ipoema, em Itabira, e foi idealizada para promover a conscientiza\u00e7\u00e3o ambiental de crian\u00e7as e adolescentes atrav\u00e9s da express\u00e3o art\u00edstica.<\/p>\n<h2>A import\u00e2ncia da educa\u00e7\u00e3o ambiental para crian\u00e7as<\/h2>\n<p>A <strong>educa\u00e7\u00e3o ambiental<\/strong> \u00e9 fundamental para o desenvolvimento das novas gera\u00e7\u00f5es, pois ajuda as crian\u00e7as a entenderem a import\u00e2ncia do meio ambiente e sua preserva\u00e7\u00e3o. Ao aprender sobre a biodiversidade local, as crian\u00e7as desenvolvem um sentido de pertencimento e responsabilidade. Esse tipo de educa\u00e7\u00e3o n\u00e3o apenas informa, mas tamb\u00e9m transforma a forma como os jovens interagem com a natureza, tornando-os defensores ativos do ecossistema.<\/p>\n<h2>Como a arte pode transformar a vis\u00e3o das crian\u00e7as sobre o meio ambiente<\/h2>\n<p>A <strong>arte<\/strong> serve como uma poderosa ferramenta para a express\u00e3o emocional e a reflex\u00e3o cr\u00edtica. No contexto do projeto Me Vejo no Limoeiro, a arte \u00e9 utilizada para que os alunos expressem suas percep\u00e7\u00f5es sobre a natureza e suas experi\u00eancias no parque. Ao criar desenhos e reda\u00e7\u00f5es, os estudantes n\u00e3o apenas praticam suas habilidades criativas, mas tamb\u00e9m internalizam a import\u00e2ncia da conserva\u00e7\u00e3o ambiental, refletindo sobre como suas a\u00e7\u00f5es impactam o espa\u00e7o ao seu redor.<\/p>\n<p><img decoding=\"async\" src=\"https:\/\/www.encontraminasgerais.com.br\/itabira\/wp-content\/uploads\/2026\/08\/criancas-transformam-relacao-com-parque-em-mg-por-meio-de-projeto-de-arte-e-educacao-ambiental.webp\" alt=\"arte e educa\u00e7\u00e3o ambiental\" loading=\"lazy\" \/><\/p>\n<h2>Desenvolvendo o senso de pertencimento nas crian\u00e7as<\/h2>\n<p>Crian\u00e7as que participam de iniciativas como <strong>Me Vejo no Limoeiro<\/strong> t\u00eam a oportunidade de desenvolver um senso de pertencimento em rela\u00e7\u00e3o ao seu meio ambiente. Frequentar o parque, participar de atividades educativas e estar imersos em a\u00e7\u00f5es que visam \u00e0 preserva\u00e7\u00e3o fazem com que elas sintam que s\u00e3o parte ativa da comunidade local. Isso, por sua vez, incentiva o cuidado e a prote\u00e7\u00e3o do patrim\u00f4nio natural que as cerca.<\/p>\n<h2>Resultados e premia\u00e7\u00f5es do concurso de arte<\/h2>\n<p>O projeto inclui um concurso de arte cujo objetivo \u00e9 reconhecer o talento dos alunos e incentivar suas express\u00f5es art\u00edsticas. Estudantes do 1\u00ba ao 9\u00ba ano do ensino fundamental collaboram, apresentando desenhos que retratam suas experi\u00eancias no parque. Os melhores trabalhos ser\u00e3o premiados com tablets e medalhas, al\u00e9m de kits de arte que s\u00e3o entregues a todas as escolas participantes, ampliando assim o alcance das atividades criativas.<\/p>\n<h2>A rela\u00e7\u00e3o entre comunidade e o parque<\/h2>\n<p>A intera\u00e7\u00e3o entre a comunidade e o Parque Estadual Mata do Limoeiro \u00e9 vital para a preserva\u00e7\u00e3o e valoriza\u00e7\u00e3o desse espa\u00e7o. Atrav\u00e9s de projetos educacionais, como o <strong>Me Vejo no Limoeiro<\/strong>, as crian\u00e7as aprendem a reconhecer a import\u00e2ncia do parque n\u00e3o apenas como um espa\u00e7o de lazer, mas como um local que abriga diversas esp\u00e9cies e recursos essenciais para o ecossistema. Essa conex\u00e3o refor\u00e7a a import\u00e2ncia do envolvimento da comunidade nas a\u00e7\u00f5es de preserva\u00e7\u00e3o e conserva\u00e7\u00e3o.<\/p>\n<h2>Visitas escolares e suas contribui\u00e7\u00f5es<\/h2>\n<p>As visitas escolares ao parque s\u00e3o um aspecto crucial do projeto, proporcionando aprendizado pr\u00e1tico e uma viv\u00eancia direta com a natureza. Muitos alunos que residem nas proximidades nunca haviam explorado o parque, e essas visitas permitem que eles conhe\u00e7am a flora e a fauna locais, al\u00e9m de entenderem a import\u00e2ncia ecol\u00f3gica da \u00e1rea. Essa experi\u00eancia pr\u00e1tica complementa a educa\u00e7\u00e3o formal, traz um sentimento de admira\u00e7\u00e3o pela natureza e ajuda a cultivar um futuro mais sustent\u00e1vel.<\/p>\n<h2>Minist\u00e9rio P\u00fablico e suas iniciativas em educa\u00e7\u00e3o<\/h2>\n<p>O projeto recebe suporte do <strong>Minist\u00e9rio P\u00fablico de Minas Gerais<\/strong>, que visa promover direitos e \u0928\u093e\u0917\u0930\u093f\u0915 consciente dentro das comunidades. A promotora de Justi\u00e7a, Giuliana Talamoni Fonoff, enfatiza que iniciativas como essa n\u00e3o apenas investem na educa\u00e7\u00e3o, mas tamb\u00e9m no fortalecimento da cultura de preserva\u00e7\u00e3o ambiental. Ao direcionar recursos \u00e0s comunidades, o Minist\u00e9rio P\u00fablico contribui para o desenvolvimento social e a prote\u00e7\u00e3o ambiental.<\/p>\n<h2>Legado do projeto: exposi\u00e7\u00e3o e livro ilustrado<\/h2>\n<p>Um dos legados do projeto Me Vejo no Limoeiro ser\u00e1 a cria\u00e7\u00e3o de uma exposi\u00e7\u00e3o permanente no pr\u00f3prio parque, onde os trabalhos dos alunos ser\u00e3o exibidos. Al\u00e9m disso, um livro ilustrado, que reunir\u00e1 as produ\u00e7\u00f5es art\u00edsticas e as reflex\u00f5es dos estudantes, ser\u00e1 lan\u00e7ado. Essa publica\u00e7\u00e3o n\u00e3o s\u00f3 celebrar\u00e1 o talento dos jovens artistas, mas tamb\u00e9m servir\u00e1 como um recurso educativo para as futuras gera\u00e7\u00f5es.<\/p>\n<h2>O que o futuro reserva para o projeto?<\/h2>\n<p>O futuro do projeto Me Vejo no Limoeiro parece promissor, com planos de expandir suas atividades e aprofundar o envolvimento da comunidade. A expectativa \u00e9 que a exposi\u00e7\u00e3o ocorra em mar\u00e7o de 2027, e que a participa\u00e7\u00e3o dos alunos no projeto continue a crescer, criem um impacto duradouro na educa\u00e7\u00e3o ambiental e na prote\u00e7\u00e3o dos recursos naturais da regi\u00e3o. Ao cultivar a criatividade e a responsabilidade nas crian\u00e7as, este projeto visa formar uma nova gera\u00e7\u00e3o de cidad\u00e3os ambientalmente conscientes e engajados.<\/p>\n","protected":false},"excerpt":{"rendered":"<p>Descubra como crian\u00e7as em MG est\u00e3o transformando parques atrav\u00e9s de arte e educa\u00e7\u00e3o ambiental.<\/p>\n","protected":false},"author":1,"featured_media":6221,"comment_status":"open","ping_status":"open","sticky":false,"template":"","format":"standard","meta":{"footnotes":""},"categories":[5],"tags":[],"class_list":["post-6222","post","type-post","status-publish","format-standard","has-post-thumbnail","hentry","category-noticias","has_thumb"],"yoast_head":"<!-- This site is optimized with the Yoast SEO plugin v28.1 - https:\/\/yoast.com\/product\/yoast-seo-wordpress\/ -->\n<title>Crian\u00e7as transformam rela\u00e7\u00e3o com parque em MG por meio de projeto de arte e educa\u00e7\u00e3o ambiental | Guia Comercial de Itabira MG<\/title>\n<meta name=\"robots\" content=\"index, follow, max-snippet:-1, max-image-preview:large, max-video-preview:-1\" \/>\n<link rel=\"canonical\" href=\"https:\/\/www.encontraminasgerais.com.br\/itabira\/criancas-transformam-relacao-com-parque-em-mg-por-meio-de-projeto-de-arte-e-educacao-ambiental\/\" \/>\n<meta property=\"og:locale\" content=\"pt_BR\" \/>\n<meta property=\"og:type\" content=\"article\" \/>\n<meta property=\"og:title\" content=\"Crian\u00e7as transformam rela\u00e7\u00e3o com parque em MG por meio de projeto de arte e educa\u00e7\u00e3o ambiental | Guia Comercial de Itabira MG\" \/>\n<meta property=\"og:description\" content=\"Descubra como crian\u00e7as em MG est\u00e3o transformando parques atrav\u00e9s de arte e educa\u00e7\u00e3o ambiental.\" \/>\n<meta property=\"og:url\" content=\"https:\/\/www.encontraminasgerais.com.br\/itabira\/criancas-transformam-relacao-com-parque-em-mg-por-meio-de-projeto-de-arte-e-educacao-ambiental\/\" \/>\n<meta property=\"og:site_name\" content=\"Guia Comercial de Itabira MG\" \/>\n<meta property=\"article:published_time\" content=\"2026-08-16T17:58:03+00:00\" \/>\n<meta property=\"og:image\" content=\"https:\/\/www.encontraminasgerais.com.br\/itabira\/wp-content\/uploads\/2026\/08\/criancas-transformam-relacao-com-parque-em-mg-por-meio-de-projeto-de-arte-e-educacao-ambiental.webp\" \/>\n<meta name=\"author\" content=\"Encontra Itabira\" \/>\n<meta name=\"twitter:card\" content=\"summary_large_image\" \/>\n<meta name=\"twitter:label1\" content=\"Escrito por\" \/>\n\t<meta name=\"twitter:data1\" content=\"Encontra Itabira\" \/>\n\t<meta name=\"twitter:label2\" content=\"Est. tempo de leitura\" \/>\n\t<meta name=\"twitter:data2\" content=\"4 minutos\" \/>\n<script type=\"application\/ld+json\" class=\"yoast-schema-graph\">{\"@context\":\"https:\\\/\\\/schema.org\",\"@graph\":[{\"@type\":\"Article\",\"@id\":\"https:\\\/\\\/www.encontraminasgerais.com.br\\\/itabira\\\/criancas-transformam-relacao-com-parque-em-mg-por-meio-de-projeto-de-arte-e-educacao-ambiental\\\/#article\",\"isPartOf\":{\"@id\":\"https:\\\/\\\/www.encontraminasgerais.com.br\\\/itabira\\\/criancas-transformam-relacao-com-parque-em-mg-por-meio-de-projeto-de-arte-e-educacao-ambiental\\\/\"},\"author\":{\"name\":\"Encontra Itabira\",\"@id\":\"https:\\\/\\\/www.encontraminasgerais.com.br\\\/itabira\\\/#\\\/schema\\\/person\\\/9ae8a8f5ce59322c92e2499b550870b0\"},\"headline\":\"Crian\u00e7as transformam rela\u00e7\u00e3o com parque em MG por meio de projeto de arte e educa\u00e7\u00e3o ambiental\",\"datePublished\":\"2026-08-16T17:58:03+00:00\",\"mainEntityOfPage\":{\"@id\":\"https:\\\/\\\/www.encontraminasgerais.com.br\\\/itabira\\\/criancas-transformam-relacao-com-parque-em-mg-por-meio-de-projeto-de-arte-e-educacao-ambiental\\\/\"},\"wordCount\":905,\"commentCount\":0,\"image\":{\"@id\":\"https:\\\/\\\/www.encontraminasgerais.com.br\\\/itabira\\\/criancas-transformam-relacao-com-parque-em-mg-por-meio-de-projeto-de-arte-e-educacao-ambiental\\\/#primaryimage\"},\"thumbnailUrl\":\"https:\\\/\\\/www.encontraminasgerais.com.br\\\/itabira\\\/wp-content\\\/uploads\\\/2026\\\/08\\\/criancas-transformam-relacao-com-parque-em-mg-por-meio-de-projeto-de-arte-e-educacao-ambiental.webp\",\"articleSection\":[\"Not\u00edcias Itabira\"],\"inLanguage\":\"pt-BR\",\"potentialAction\":[{\"@type\":\"CommentAction\",\"name\":\"Comment\",\"target\":[\"https:\\\/\\\/www.encontraminasgerais.com.br\\\/itabira\\\/criancas-transformam-relacao-com-parque-em-mg-por-meio-de-projeto-de-arte-e-educacao-ambiental\\\/#respond\"]}]},{\"@type\":\"WebPage\",\"@id\":\"https:\\\/\\\/www.encontraminasgerais.com.br\\\/itabira\\\/criancas-transformam-relacao-com-parque-em-mg-por-meio-de-projeto-de-arte-e-educacao-ambiental\\\/\",\"url\":\"https:\\\/\\\/www.encontraminasgerais.com.br\\\/itabira\\\/criancas-transformam-relacao-com-parque-em-mg-por-meio-de-projeto-de-arte-e-educacao-ambiental\\\/\",\"name\":\"Crian\u00e7as transformam rela\u00e7\u00e3o com parque em MG por meio de projeto de arte e educa\u00e7\u00e3o ambiental | Guia Comercial de Itabira MG\",\"isPartOf\":{\"@id\":\"https:\\\/\\\/www.encontraminasgerais.com.br\\\/itabira\\\/#website\"},\"primaryImageOfPage\":{\"@id\":\"https:\\\/\\\/www.encontraminasgerais.com.br\\\/itabira\\\/criancas-transformam-relacao-com-parque-em-mg-por-meio-de-projeto-de-arte-e-educacao-ambiental\\\/#primaryimage\"},\"image\":{\"@id\":\"https:\\\/\\\/www.encontraminasgerais.com.br\\\/itabira\\\/criancas-transformam-relacao-com-parque-em-mg-por-meio-de-projeto-de-arte-e-educacao-ambiental\\\/#primaryimage\"},\"thumbnailUrl\":\"https:\\\/\\\/www.encontraminasgerais.com.br\\\/itabira\\\/wp-content\\\/uploads\\\/2026\\\/08\\\/criancas-transformam-relacao-com-parque-em-mg-por-meio-de-projeto-de-arte-e-educacao-ambiental.webp\",\"datePublished\":\"2026-08-16T17:58:03+00:00\",\"author\":{\"@id\":\"https:\\\/\\\/www.encontraminasgerais.com.br\\\/itabira\\\/#\\\/schema\\\/person\\\/9ae8a8f5ce59322c92e2499b550870b0\"},\"inLanguage\":\"pt-BR\",\"potentialAction\":[{\"@type\":\"ReadAction\",\"target\":[\"https:\\\/\\\/www.encontraminasgerais.com.br\\\/itabira\\\/criancas-transformam-relacao-com-parque-em-mg-por-meio-de-projeto-de-arte-e-educacao-ambiental\\\/\"]}]},{\"@type\":\"ImageObject\",\"inLanguage\":\"pt-BR\",\"@id\":\"https:\\\/\\\/www.encontraminasgerais.com.br\\\/itabira\\\/criancas-transformam-relacao-com-parque-em-mg-por-meio-de-projeto-de-arte-e-educacao-ambiental\\\/#primaryimage\",\"url\":\"https:\\\/\\\/www.encontraminasgerais.com.br\\\/itabira\\\/wp-content\\\/uploads\\\/2026\\\/08\\\/criancas-transformam-relacao-com-parque-em-mg-por-meio-de-projeto-de-arte-e-educacao-ambiental.webp\",\"contentUrl\":\"https:\\\/\\\/www.encontraminasgerais.com.br\\\/itabira\\\/wp-content\\\/uploads\\\/2026\\\/08\\\/criancas-transformam-relacao-com-parque-em-mg-por-meio-de-projeto-de-arte-e-educacao-ambiental.webp\",\"width\":280,\"height\":280,\"caption\":\"arte e educa\u00e7\u00e3o ambiental\"},{\"@type\":\"WebSite\",\"@id\":\"https:\\\/\\\/www.encontraminasgerais.com.br\\\/itabira\\\/#website\",\"url\":\"https:\\\/\\\/www.encontraminasgerais.com.br\\\/itabira\\\/\",\"name\":\"Guia Comercial de Itabira MG\",\"description\":\"ENCONTRA ITABIRA - O guia comercial de neg\u00f3cios e empresas, cultura e divers\u00e3o na cidade de Itabira. Feito 100% para voc\u00ea morador!\",\"potentialAction\":[{\"@type\":\"SearchAction\",\"target\":{\"@type\":\"EntryPoint\",\"urlTemplate\":\"https:\\\/\\\/www.encontraminasgerais.com.br\\\/itabira\\\/?s={search_term_string}\"},\"query-input\":{\"@type\":\"PropertyValueSpecification\",\"valueRequired\":true,\"valueName\":\"search_term_string\"}}],\"inLanguage\":\"pt-BR\"},{\"@type\":\"Person\",\"@id\":\"https:\\\/\\\/www.encontraminasgerais.com.br\\\/itabira\\\/#\\\/schema\\\/person\\\/9ae8a8f5ce59322c92e2499b550870b0\",\"name\":\"Encontra Itabira\",\"image\":{\"@type\":\"ImageObject\",\"inLanguage\":\"pt-BR\",\"@id\":\"https:\\\/\\\/secure.gravatar.com\\\/avatar\\\/c50c17820bcf322f0a8fd6b110b8c0918141409dc69076470f6fca5fee70a5d4?s=96&d=mm&r=g\",\"url\":\"https:\\\/\\\/secure.gravatar.com\\\/avatar\\\/c50c17820bcf322f0a8fd6b110b8c0918141409dc69076470f6fca5fee70a5d4?s=96&d=mm&r=g\",\"contentUrl\":\"https:\\\/\\\/secure.gravatar.com\\\/avatar\\\/c50c17820bcf322f0a8fd6b110b8c0918141409dc69076470f6fca5fee70a5d4?s=96&d=mm&r=g\",\"caption\":\"Encontra Itabira\"},\"url\":\"https:\\\/\\\/www.encontraminasgerais.com.br\\\/itabira\\\/author\\\/encontraitabira\\\/\"}]}<\/script>\n<!-- \/ Yoast SEO plugin. -->","yoast_head_json":{"title":"Crian\u00e7as transformam rela\u00e7\u00e3o com parque em MG por meio de projeto de arte e educa\u00e7\u00e3o ambiental | Guia Comercial de Itabira MG","robots":{"index":"index","follow":"follow","max-snippet":"max-snippet:-1","max-image-preview":"max-image-preview:large","max-video-preview":"max-video-preview:-1"},"canonical":"https:\/\/www.encontraminasgerais.com.br\/itabira\/criancas-transformam-relacao-com-parque-em-mg-por-meio-de-projeto-de-arte-e-educacao-ambiental\/","og_locale":"pt_BR","og_type":"article","og_title":"Crian\u00e7as transformam rela\u00e7\u00e3o com parque em MG por meio de projeto de arte e educa\u00e7\u00e3o ambiental | Guia Comercial de Itabira MG","og_description":"Descubra como crian\u00e7as em MG est\u00e3o transformando parques atrav\u00e9s de arte e educa\u00e7\u00e3o ambiental.","og_url":"https:\/\/www.encontraminasgerais.com.br\/itabira\/criancas-transformam-relacao-com-parque-em-mg-por-meio-de-projeto-de-arte-e-educacao-ambiental\/","og_site_name":"Guia Comercial de Itabira MG","article_published_time":"2026-08-16T17:58:03+00:00","og_image":[{"url":"https:\/\/www.encontraminasgerais.com.br\/itabira\/wp-content\/uploads\/2026\/08\/criancas-transformam-relacao-com-parque-em-mg-por-meio-de-projeto-de-arte-e-educacao-ambiental.webp","type":"","width":"","height":""}],"author":"Encontra Itabira","twitter_card":"summary_large_image","twitter_misc":{"Escrito por":"Encontra Itabira","Est. tempo de leitura":"4 minutos"},"schema":{"@context":"https:\/\/schema.org","@graph":[{"@type":"Article","@id":"https:\/\/www.encontraminasgerais.com.br\/itabira\/criancas-transformam-relacao-com-parque-em-mg-por-meio-de-projeto-de-arte-e-educacao-ambiental\/#article","isPartOf":{"@id":"https:\/\/www.encontraminasgerais.com.br\/itabira\/criancas-transformam-relacao-com-parque-em-mg-por-meio-de-projeto-de-arte-e-educacao-ambiental\/"},"author":{"name":"Encontra Itabira","@id":"https:\/\/www.encontraminasgerais.com.br\/itabira\/#\/schema\/person\/9ae8a8f5ce59322c92e2499b550870b0"},"headline":"Crian\u00e7as transformam rela\u00e7\u00e3o com parque em MG por meio de projeto de arte e educa\u00e7\u00e3o ambiental","datePublished":"2026-08-16T17:58:03+00:00","mainEntityOfPage":{"@id":"https:\/\/www.encontraminasgerais.com.br\/itabira\/criancas-transformam-relacao-com-parque-em-mg-por-meio-de-projeto-de-arte-e-educacao-ambiental\/"},"wordCount":905,"commentCount":0,"image":{"@id":"https:\/\/www.encontraminasgerais.com.br\/itabira\/criancas-transformam-relacao-com-parque-em-mg-por-meio-de-projeto-de-arte-e-educacao-ambiental\/#primaryimage"},"thumbnailUrl":"https:\/\/www.encontraminasgerais.com.br\/itabira\/wp-content\/uploads\/2026\/08\/criancas-transformam-relacao-com-parque-em-mg-por-meio-de-projeto-de-arte-e-educacao-ambiental.webp","articleSection":["Not\u00edcias Itabira"],"inLanguage":"pt-BR","potentialAction":[{"@type":"CommentAction","name":"Comment","target":["https:\/\/www.encontraminasgerais.com.br\/itabira\/criancas-transformam-relacao-com-parque-em-mg-por-meio-de-projeto-de-arte-e-educacao-ambiental\/#respond"]}]},{"@type":"WebPage","@id":"https:\/\/www.encontraminasgerais.com.br\/itabira\/criancas-transformam-relacao-com-parque-em-mg-por-meio-de-projeto-de-arte-e-educacao-ambiental\/","url":"https:\/\/www.encontraminasgerais.com.br\/itabira\/criancas-transformam-relacao-com-parque-em-mg-por-meio-de-projeto-de-arte-e-educacao-ambiental\/","name":"Crian\u00e7as transformam rela\u00e7\u00e3o com parque em MG por meio de projeto de arte e educa\u00e7\u00e3o ambiental | Guia Comercial de Itabira MG","isPartOf":{"@id":"https:\/\/www.encontraminasgerais.com.br\/itabira\/#website"},"primaryImageOfPage":{"@id":"https:\/\/www.encontraminasgerais.com.br\/itabira\/criancas-transformam-relacao-com-parque-em-mg-por-meio-de-projeto-de-arte-e-educacao-ambiental\/#primaryimage"},"image":{"@id":"https:\/\/www.encontraminasgerais.com.br\/itabira\/criancas-transformam-relacao-com-parque-em-mg-por-meio-de-projeto-de-arte-e-educacao-ambiental\/#primaryimage"},"thumbnailUrl":"https:\/\/www.encontraminasgerais.com.br\/itabira\/wp-content\/uploads\/2026\/08\/criancas-transformam-relacao-com-parque-em-mg-por-meio-de-projeto-de-arte-e-educacao-ambiental.webp","datePublished":"2026-08-16T17:58:03+00:00","author":{"@id":"https:\/\/www.encontraminasgerais.com.br\/itabira\/#\/schema\/person\/9ae8a8f5ce59322c92e2499b550870b0"},"inLanguage":"pt-BR","potentialAction":[{"@type":"ReadAction","target":["https:\/\/www.encontraminasgerais.com.br\/itabira\/criancas-transformam-relacao-com-parque-em-mg-por-meio-de-projeto-de-arte-e-educacao-ambiental\/"]}]},{"@type":"ImageObject","inLanguage":"pt-BR","@id":"https:\/\/www.encontraminasgerais.com.br\/itabira\/criancas-transformam-relacao-com-parque-em-mg-por-meio-de-projeto-de-arte-e-educacao-ambiental\/#primaryimage","url":"https:\/\/www.encontraminasgerais.com.br\/itabira\/wp-content\/uploads\/2026\/08\/criancas-transformam-relacao-com-parque-em-mg-por-meio-de-projeto-de-arte-e-educacao-ambiental.webp","contentUrl":"https:\/\/www.encontraminasgerais.com.br\/itabira\/wp-content\/uploads\/2026\/08\/criancas-transformam-relacao-com-parque-em-mg-por-meio-de-projeto-de-arte-e-educacao-ambiental.webp","width":280,"height":280,"caption":"arte e educa\u00e7\u00e3o ambiental"},{"@type":"WebSite","@id":"https:\/\/www.encontraminasgerais.com.br\/itabira\/#website","url":"https:\/\/www.encontraminasgerais.com.br\/itabira\/","name":"Guia Comercial de Itabira MG","description":"ENCONTRA ITABIRA - O guia comercial de neg\u00f3cios e empresas, cultura e divers\u00e3o na cidade de Itabira. Feito 100% para voc\u00ea morador!","potentialAction":[{"@type":"SearchAction","target":{"@type":"EntryPoint","urlTemplate":"https:\/\/www.encontraminasgerais.com.br\/itabira\/?s={search_term_string}"},"query-input":{"@type":"PropertyValueSpecification","valueRequired":true,"valueName":"search_term_string"}}],"inLanguage":"pt-BR"},{"@type":"Person","@id":"https:\/\/www.encontraminasgerais.com.br\/itabira\/#\/schema\/person\/9ae8a8f5ce59322c92e2499b550870b0","name":"Encontra Itabira","image":{"@type":"ImageObject","inLanguage":"pt-BR","@id":"https:\/\/secure.gravatar.com\/avatar\/c50c17820bcf322f0a8fd6b110b8c0918141409dc69076470f6fca5fee70a5d4?s=96&d=mm&r=g","url":"https:\/\/secure.gravatar.com\/avatar\/c50c17820bcf322f0a8fd6b110b8c0918141409dc69076470f6fca5fee70a5d4?s=96&d=mm&r=g","contentUrl":"https:\/\/secure.gravatar.com\/avatar\/c50c17820bcf322f0a8fd6b110b8c0918141409dc69076470f6fca5fee70a5d4?s=96&d=mm&r=g","caption":"Encontra Itabira"},"url":"https:\/\/www.encontraminasgerais.com.br\/itabira\/author\/encontraitabira\/"}]}},"_links":{"self":[{"href":"https:\/\/www.encontraminasgerais.com.br\/itabira\/wp-json\/wp\/v2\/posts\/6222","targetHints":{"allow":["GET"]}}],"collection":[{"href":"https:\/\/www.encontraminasgerais.com.br\/itabira\/wp-json\/wp\/v2\/posts"}],"about":[{"href":"https:\/\/www.encontraminasgerais.com.br\/itabira\/wp-json\/wp\/v2\/types\/post"}],"author":[{"embeddable":true,"href":"https:\/\/www.encontraminasgerais.com.br\/itabira\/wp-json\/wp\/v2\/users\/1"}],"replies":[{"embeddable":true,"href":"https:\/\/www.encontraminasgerais.com.br\/itabira\/wp-json\/wp\/v2\/comments?post=6222"}],"version-history":[{"count":0,"href":"https:\/\/www.encontraminasgerais.com.br\/itabira\/wp-json\/wp\/v2\/posts\/6222\/revisions"}],"wp:featuredmedia":[{"embeddable":true,"href":"https:\/\/www.encontraminasgerais.com.br\/itabira\/wp-json\/wp\/v2\/media\/6221"}],"wp:attachment":[{"href":"https:\/\/www.encontraminasgerais.com.br\/itabira\/wp-json\/wp\/v2\/media?parent=6222"}],"wp:term":[{"taxonomy":"category","embeddable":true,"href":"https:\/\/www.encontraminasgerais.com.br\/itabira\/wp-json\/wp\/v2\/categories?post=6222"},{"taxonomy":"post_tag","embeddable":true,"href":"https:\/\/www.encontraminasgerais.com.br\/itabira\/wp-json\/wp\/v2\/tags?post=6222"}],"curies":[{"name":"wp","href":"https:\/\/api.w.org\/{rel}","templated":true}]}}