{"id":6232,"date":"2026-08-17T14:59:39","date_gmt":"2026-08-17T17:59:39","guid":{"rendered":"https:\/\/www.encontraminasgerais.com.br\/itabira\/danilo-alvarenga-prd-25252-candidato-a-deputado-estadual-em-minas-gerais-eleicoes-2026\/"},"modified":"2026-08-17T14:59:39","modified_gmt":"2026-08-17T17:59:39","slug":"danilo-alvarenga-prd-25252-candidato-a-deputado-estadual-em-minas-gerais-eleicoes-2026","status":"publish","type":"post","link":"https:\/\/www.encontraminasgerais.com.br\/itabira\/danilo-alvarenga-prd-25252-candidato-a-deputado-estadual-em-minas-gerais-eleicoes-2026\/","title":{"rendered":"Danilo Alvarenga (PRD) 25252: Candidato a Deputado Estadual em Minas Gerais | Elei\u00e7\u00f5es 2026"},"content":{"rendered":"<h2>O Contexto Pol\u00edtico em Minas Gerais<\/h2>\n<p>Minas Gerais, conhecido por sua rica hist\u00f3ria e diversidade cultural, apresenta um cen\u00e1rio pol\u00edtico din\u00e2mico e desafiador. O Estado, que j\u00e1 foi um dos principais protagonistas da pol\u00edtica brasileira, vive um per\u00edodo de transi\u00e7\u00e3o, onde novas vozes e propostas permeiam a arena pol\u00edtica. Em 2026, as elei\u00e7\u00f5es estaduais, especialmente para o cargo de Deputado Estadual, prometem trazer uma renova\u00e7\u00e3o significativa, com candidatos de diferentes origens, ideologias e propostas visando atender aos anseios da popula\u00e7\u00e3o.<\/p>\n<h2>Principais Candidatos nas Elei\u00e7\u00f5es de 2026<\/h2>\n<p>Dentre os diversos candidatos \u00e0 Assembleia Legislativa de Minas Gerais, destaca-se Danilo Alvarenga, do <strong>Partido Renova\u00e7\u00e3o Democr\u00e1tica (PRD)<\/strong>. Com 41 anos e natural de Itabira, Alvarenga busca se firmar como uma op\u00e7\u00e3o vi\u00e1vel para os eleitores. Sua trajet\u00f3ria como advogado e seu conhecimento sobre quest\u00f5es jur\u00eddicas locais s\u00e3o pontos que ele pretende explorar em sua campanha.<\/p>\n<h2>O Papel do Deputado Estadual na Assembleia<\/h2>\n<p>Os Deputados Estaduais desempenham fun\u00e7\u00f5es cruciais na Assembleia Legislativa, atuando na elabora\u00e7\u00e3o de leis e na fiscaliza\u00e7\u00e3o das a\u00e7\u00f5es do governo do estado. Eles representam os interesses da popula\u00e7\u00e3o e s\u00e3o respons\u00e1veis por articular pol\u00edticas p\u00fablicas que atendam as demandas locais. No contexto das elei\u00e7\u00f5es de 2026, a escolha dos deputados se torna ainda mais importante, uma vez que suas decis\u00f5es podem impactar diretamente a vida dos cidad\u00e3os.<\/p>\n<p><img decoding=\"async\" src=\"https:\/\/www.encontraminasgerais.com.br\/itabira\/wp-content\/uploads\/2026\/08\/danilo-alvarenga-prd-25252-candidato-a-deputado-estadual-em-minas-gerais-eleicoes-2026.webp\" alt=\"candidatura a Deputado Estadual em Minas Gerais\" loading=\"lazy\" \/><\/p>\n<h2>Como Funciona o Processo Eleitoral<\/h2>\n<p>O processo eleitoral em Minas Gerais segue as diretrizes estabelecidas pelo Tribunal Superior Eleitoral (TSE). Nas elei\u00e7\u00f5es de 2026, os candidatos \u00e0 Assembleia Legislativa precisam apresentar uma s\u00e9rie de documentos e cumprir requisitos legais para garantir sua habilita\u00e7\u00e3o. As campanhas eleitorais, que incluem a apresenta\u00e7\u00e3o de propostas e debates, s\u00e3o essenciais para que os eleitores conhe\u00e7am melhor os candidatos e possam fazer escolhas conscientes.<\/p>\n<h2>Quais As Propostas dos Candidatos?<\/h2>\n<p>As propostas dos candidatos s\u00e3o fundamentais para entender como cada um pretende contribuir com o Estado. Danilo Alvarenga destaca alguns pontos em sua plataforma:<\/p>\n<ul>\n<li><strong>Reforma da Sa\u00fade:<\/strong> Buscar melhorias no sistema p\u00fablico de sa\u00fade, assegurando acesso e qualidade para todos os cidad\u00e3os.<\/li>\n<li><strong>Educa\u00e7\u00e3o de Qualidade:<\/strong> Investir em educa\u00e7\u00e3o e incentivar programas que melhorem a infraestrutura e a capacita\u00e7\u00e3o de professores.<\/li>\n<li><strong>Desenvolvimento Sustent\u00e1vel:<\/strong> Promover pol\u00edticas que incentivem a sustentabilidade e a preserva\u00e7\u00e3o do meio ambiente enquanto se busca crescimento econ\u00f4mico.<\/li>\n<li><strong>Seguran\u00e7a P\u00fablica:<\/strong> Implementar estrat\u00e9gias que visem \u00e0 redu\u00e7\u00e3o da criminalidade e ao fortalecimento da seguran\u00e7a nas comunidades.<\/li>\n<\/ul>\n<h2>Import\u00e2ncia da Participa\u00e7\u00e3o Cidad\u00e3<\/h2>\n<p>A participa\u00e7\u00e3o da popula\u00e7\u00e3o no processo eleitoral \u00e9 fundamental para a democracia. O engajamento dos cidad\u00e3os pode influenciar diretamente nas decis\u00f5es tomadas pelos eleitos. Debates, reuni\u00f5es e a utiliza\u00e7\u00e3o de redes sociais s\u00e3o ferramentas que ajudam a mobilizar a sociedade e a construir um processo eleitoral mais transparente e participativo.<\/p>\n<h2>Como Fazer um Voto Consciente?<\/h2>\n<p>Fazer um voto consciente exige que o eleitor conhe\u00e7a as propostas dos candidatos e os contextos em que est\u00e3o inseridos. Algumas dicas para um voto consciente incluem:<\/p>\n<ul>\n<li><strong>Pesquise:<\/strong> Estude sobre os candidatos, suas hist\u00f3rias, propostas e compromissos.<\/li>\n<li><strong>Participe de Debates:<\/strong> Assista a debates e eventos onde os candidatos apresentam suas propostas.<\/li>\n<li><strong>Considere a \u00c9tica:<\/strong> Avalie a integridade e as a\u00e7\u00f5es passadas dos candidatos antes de tomar sua decis\u00e3o.<\/li>\n<li><strong>Escute o Seu Ciclo Social:<\/strong> Converse com amigos e familiares sobre quest\u00f5es pol\u00edticas e candidatos.<\/li>\n<\/ul>\n<h2>Atua\u00e7\u00e3o dos Deputados em Minas Gerais<\/h2>\n<p>A atua\u00e7\u00e3o dos deputados est\u00e1 diretamente ligada ao acompanhamento das demandas da popula\u00e7\u00e3o. Grande parte do trabalho envolve a apresenta\u00e7\u00e3o de projetos de lei, a participa\u00e7\u00e3o em comiss\u00f5es e a fiscaliza\u00e7\u00e3o do governo. Com o cen\u00e1rio atual, em que Minas Gerais enfrenta desafios not\u00e1veis, a capacidade de a\u00e7\u00e3o dos deputados ser\u00e1 testada, especialmente em \u00e1reas cr\u00edticas como sa\u00fade e educa\u00e7\u00e3o.<\/p>\n<h2>Desafios Que Os Novos Candidatos Enfrentar\u00e3o<\/h2>\n<p>Os novos candidatos enfrentam uma s\u00e9rie de obst\u00e1culos, incluindo a desconfiabilidade da popula\u00e7\u00e3o com a classe pol\u00edtica devido a esc\u00e2ndalos passados. Al\u00e9m disso, a necessidade de se destacar em meio a um grande n\u00famero de concorrentes torna a campanha desafiadora. Adaptar-se \u00e0s novas formas de comunica\u00e7\u00e3o, como as redes sociais, tamb\u00e9m \u00e9 um fator essencial que pode determinar o sucesso de suas candidaturas.<\/p>\n<h2>Pr\u00f3ximos Passos Para A Elei\u00e7\u00e3o<\/h2>\n<p>\u00c0 medida que as elei\u00e7\u00f5es de 2026 se aproximam, os candidatos intensificam suas campanhas, ajustando estrat\u00e9gias e abordagens para alcan\u00e7ar os eleitores. Danilo Alvarenga, assim como outros candidatos, deve focar no di\u00e1logo direto com a popula\u00e7\u00e3o e na apresenta\u00e7\u00e3o clara de suas propostas. O engajamento nas redes sociais, a participa\u00e7\u00e3o em f\u00f3runs e eventos comunit\u00e1rios s\u00e3o fundamentais para aumentar a visibilidade e estabelecer conex\u00f5es com os eleitores.<\/p>\n","protected":false},"excerpt":{"rendered":"<p>Candidatura a Deputado Estadual em Minas Gerais nas elei\u00e7\u00f5es de 2026: saiba mais!<\/p>\n","protected":false},"author":1,"featured_media":6231,"comment_status":"open","ping_status":"open","sticky":false,"template":"","format":"standard","meta":{"footnotes":""},"categories":[5],"tags":[],"class_list":["post-6232","post","type-post","status-publish","format-standard","has-post-thumbnail","hentry","category-noticias","has_thumb"],"yoast_head":"<!-- This site is optimized with the Yoast SEO plugin v28.1 - https:\/\/yoast.com\/product\/yoast-seo-wordpress\/ -->\n<title>Danilo Alvarenga (PRD) 25252: Candidato a Deputado Estadual em Minas Gerais | Elei\u00e7\u00f5es 2026 | Guia Comercial de Itabira MG<\/title>\n<meta name=\"robots\" content=\"index, follow, max-snippet:-1, max-image-preview:large, max-video-preview:-1\" \/>\n<link rel=\"canonical\" href=\"https:\/\/www.encontraminasgerais.com.br\/itabira\/danilo-alvarenga-prd-25252-candidato-a-deputado-estadual-em-minas-gerais-eleicoes-2026\/\" \/>\n<meta property=\"og:locale\" content=\"pt_BR\" \/>\n<meta property=\"og:type\" content=\"article\" \/>\n<meta property=\"og:title\" content=\"Danilo Alvarenga (PRD) 25252: Candidato a Deputado Estadual em Minas Gerais | Elei\u00e7\u00f5es 2026 | Guia Comercial de Itabira MG\" \/>\n<meta property=\"og:description\" content=\"Candidatura a Deputado Estadual em Minas Gerais nas elei\u00e7\u00f5es de 2026: saiba mais!\" \/>\n<meta property=\"og:url\" content=\"https:\/\/www.encontraminasgerais.com.br\/itabira\/danilo-alvarenga-prd-25252-candidato-a-deputado-estadual-em-minas-gerais-eleicoes-2026\/\" \/>\n<meta property=\"og:site_name\" content=\"Guia Comercial de Itabira MG\" \/>\n<meta property=\"article:published_time\" content=\"2026-08-17T17:59:39+00:00\" \/>\n<meta property=\"og:image\" content=\"https:\/\/www.encontraminasgerais.com.br\/itabira\/wp-content\/uploads\/2026\/08\/danilo-alvarenga-prd-25252-candidato-a-deputado-estadual-em-minas-gerais-eleicoes-2026.webp\" \/>\n<meta name=\"author\" content=\"Encontra Itabira\" \/>\n<meta name=\"twitter:card\" content=\"summary_large_image\" \/>\n<meta name=\"twitter:label1\" content=\"Escrito por\" \/>\n\t<meta name=\"twitter:data1\" content=\"Encontra Itabira\" \/>\n\t<meta name=\"twitter:label2\" content=\"Est. tempo de leitura\" \/>\n\t<meta name=\"twitter:data2\" content=\"4 minutos\" \/>\n<script type=\"application\/ld+json\" class=\"yoast-schema-graph\">{\"@context\":\"https:\\\/\\\/schema.org\",\"@graph\":[{\"@type\":\"Article\",\"@id\":\"https:\\\/\\\/www.encontraminasgerais.com.br\\\/itabira\\\/danilo-alvarenga-prd-25252-candidato-a-deputado-estadual-em-minas-gerais-eleicoes-2026\\\/#article\",\"isPartOf\":{\"@id\":\"https:\\\/\\\/www.encontraminasgerais.com.br\\\/itabira\\\/danilo-alvarenga-prd-25252-candidato-a-deputado-estadual-em-minas-gerais-eleicoes-2026\\\/\"},\"author\":{\"name\":\"Encontra Itabira\",\"@id\":\"https:\\\/\\\/www.encontraminasgerais.com.br\\\/itabira\\\/#\\\/schema\\\/person\\\/9ae8a8f5ce59322c92e2499b550870b0\"},\"headline\":\"Danilo Alvarenga (PRD) 25252: Candidato a Deputado Estadual em Minas Gerais | Elei\u00e7\u00f5es 2026\",\"datePublished\":\"2026-08-17T17:59:39+00:00\",\"mainEntityOfPage\":{\"@id\":\"https:\\\/\\\/www.encontraminasgerais.com.br\\\/itabira\\\/danilo-alvarenga-prd-25252-candidato-a-deputado-estadual-em-minas-gerais-eleicoes-2026\\\/\"},\"wordCount\":844,\"commentCount\":0,\"image\":{\"@id\":\"https:\\\/\\\/www.encontraminasgerais.com.br\\\/itabira\\\/danilo-alvarenga-prd-25252-candidato-a-deputado-estadual-em-minas-gerais-eleicoes-2026\\\/#primaryimage\"},\"thumbnailUrl\":\"https:\\\/\\\/www.encontraminasgerais.com.br\\\/itabira\\\/wp-content\\\/uploads\\\/2026\\\/08\\\/danilo-alvarenga-prd-25252-candidato-a-deputado-estadual-em-minas-gerais-eleicoes-2026.webp\",\"articleSection\":[\"Not\u00edcias Itabira\"],\"inLanguage\":\"pt-BR\",\"potentialAction\":[{\"@type\":\"CommentAction\",\"name\":\"Comment\",\"target\":[\"https:\\\/\\\/www.encontraminasgerais.com.br\\\/itabira\\\/danilo-alvarenga-prd-25252-candidato-a-deputado-estadual-em-minas-gerais-eleicoes-2026\\\/#respond\"]}]},{\"@type\":\"WebPage\",\"@id\":\"https:\\\/\\\/www.encontraminasgerais.com.br\\\/itabira\\\/danilo-alvarenga-prd-25252-candidato-a-deputado-estadual-em-minas-gerais-eleicoes-2026\\\/\",\"url\":\"https:\\\/\\\/www.encontraminasgerais.com.br\\\/itabira\\\/danilo-alvarenga-prd-25252-candidato-a-deputado-estadual-em-minas-gerais-eleicoes-2026\\\/\",\"name\":\"Danilo Alvarenga (PRD) 25252: Candidato a Deputado Estadual em Minas Gerais | Elei\u00e7\u00f5es 2026 | Guia Comercial de Itabira MG\",\"isPartOf\":{\"@id\":\"https:\\\/\\\/www.encontraminasgerais.com.br\\\/itabira\\\/#website\"},\"primaryImageOfPage\":{\"@id\":\"https:\\\/\\\/www.encontraminasgerais.com.br\\\/itabira\\\/danilo-alvarenga-prd-25252-candidato-a-deputado-estadual-em-minas-gerais-eleicoes-2026\\\/#primaryimage\"},\"image\":{\"@id\":\"https:\\\/\\\/www.encontraminasgerais.com.br\\\/itabira\\\/danilo-alvarenga-prd-25252-candidato-a-deputado-estadual-em-minas-gerais-eleicoes-2026\\\/#primaryimage\"},\"thumbnailUrl\":\"https:\\\/\\\/www.encontraminasgerais.com.br\\\/itabira\\\/wp-content\\\/uploads\\\/2026\\\/08\\\/danilo-alvarenga-prd-25252-candidato-a-deputado-estadual-em-minas-gerais-eleicoes-2026.webp\",\"datePublished\":\"2026-08-17T17:59:39+00:00\",\"author\":{\"@id\":\"https:\\\/\\\/www.encontraminasgerais.com.br\\\/itabira\\\/#\\\/schema\\\/person\\\/9ae8a8f5ce59322c92e2499b550870b0\"},\"inLanguage\":\"pt-BR\",\"potentialAction\":[{\"@type\":\"ReadAction\",\"target\":[\"https:\\\/\\\/www.encontraminasgerais.com.br\\\/itabira\\\/danilo-alvarenga-prd-25252-candidato-a-deputado-estadual-em-minas-gerais-eleicoes-2026\\\/\"]}]},{\"@type\":\"ImageObject\",\"inLanguage\":\"pt-BR\",\"@id\":\"https:\\\/\\\/www.encontraminasgerais.com.br\\\/itabira\\\/danilo-alvarenga-prd-25252-candidato-a-deputado-estadual-em-minas-gerais-eleicoes-2026\\\/#primaryimage\",\"url\":\"https:\\\/\\\/www.encontraminasgerais.com.br\\\/itabira\\\/wp-content\\\/uploads\\\/2026\\\/08\\\/danilo-alvarenga-prd-25252-candidato-a-deputado-estadual-em-minas-gerais-eleicoes-2026.webp\",\"contentUrl\":\"https:\\\/\\\/www.encontraminasgerais.com.br\\\/itabira\\\/wp-content\\\/uploads\\\/2026\\\/08\\\/danilo-alvarenga-prd-25252-candidato-a-deputado-estadual-em-minas-gerais-eleicoes-2026.webp\",\"width\":280,\"height\":280,\"caption\":\"candidatura a Deputado Estadual em Minas Gerais\"},{\"@type\":\"WebSite\",\"@id\":\"https:\\\/\\\/www.encontraminasgerais.com.br\\\/itabira\\\/#website\",\"url\":\"https:\\\/\\\/www.encontraminasgerais.com.br\\\/itabira\\\/\",\"name\":\"Guia Comercial de Itabira MG\",\"description\":\"ENCONTRA ITABIRA - O guia comercial de neg\u00f3cios e empresas, cultura e divers\u00e3o na cidade de Itabira. Feito 100% para voc\u00ea morador!\",\"potentialAction\":[{\"@type\":\"SearchAction\",\"target\":{\"@type\":\"EntryPoint\",\"urlTemplate\":\"https:\\\/\\\/www.encontraminasgerais.com.br\\\/itabira\\\/?s={search_term_string}\"},\"query-input\":{\"@type\":\"PropertyValueSpecification\",\"valueRequired\":true,\"valueName\":\"search_term_string\"}}],\"inLanguage\":\"pt-BR\"},{\"@type\":\"Person\",\"@id\":\"https:\\\/\\\/www.encontraminasgerais.com.br\\\/itabira\\\/#\\\/schema\\\/person\\\/9ae8a8f5ce59322c92e2499b550870b0\",\"name\":\"Encontra Itabira\",\"image\":{\"@type\":\"ImageObject\",\"inLanguage\":\"pt-BR\",\"@id\":\"https:\\\/\\\/secure.gravatar.com\\\/avatar\\\/c50c17820bcf322f0a8fd6b110b8c0918141409dc69076470f6fca5fee70a5d4?s=96&d=mm&r=g\",\"url\":\"https:\\\/\\\/secure.gravatar.com\\\/avatar\\\/c50c17820bcf322f0a8fd6b110b8c0918141409dc69076470f6fca5fee70a5d4?s=96&d=mm&r=g\",\"contentUrl\":\"https:\\\/\\\/secure.gravatar.com\\\/avatar\\\/c50c17820bcf322f0a8fd6b110b8c0918141409dc69076470f6fca5fee70a5d4?s=96&d=mm&r=g\",\"caption\":\"Encontra Itabira\"},\"url\":\"https:\\\/\\\/www.encontraminasgerais.com.br\\\/itabira\\\/author\\\/encontraitabira\\\/\"}]}<\/script>\n<!-- \/ Yoast SEO plugin. -->","yoast_head_json":{"title":"Danilo Alvarenga (PRD) 25252: Candidato a Deputado Estadual em Minas Gerais | Elei\u00e7\u00f5es 2026 | Guia Comercial de Itabira MG","robots":{"index":"index","follow":"follow","max-snippet":"max-snippet:-1","max-image-preview":"max-image-preview:large","max-video-preview":"max-video-preview:-1"},"canonical":"https:\/\/www.encontraminasgerais.com.br\/itabira\/danilo-alvarenga-prd-25252-candidato-a-deputado-estadual-em-minas-gerais-eleicoes-2026\/","og_locale":"pt_BR","og_type":"article","og_title":"Danilo Alvarenga (PRD) 25252: Candidato a Deputado Estadual em Minas Gerais | Elei\u00e7\u00f5es 2026 | Guia Comercial de Itabira MG","og_description":"Candidatura a Deputado Estadual em Minas Gerais nas elei\u00e7\u00f5es de 2026: saiba mais!","og_url":"https:\/\/www.encontraminasgerais.com.br\/itabira\/danilo-alvarenga-prd-25252-candidato-a-deputado-estadual-em-minas-gerais-eleicoes-2026\/","og_site_name":"Guia Comercial de Itabira MG","article_published_time":"2026-08-17T17:59:39+00:00","og_image":[{"url":"https:\/\/www.encontraminasgerais.com.br\/itabira\/wp-content\/uploads\/2026\/08\/danilo-alvarenga-prd-25252-candidato-a-deputado-estadual-em-minas-gerais-eleicoes-2026.webp","type":"","width":"","height":""}],"author":"Encontra Itabira","twitter_card":"summary_large_image","twitter_misc":{"Escrito por":"Encontra Itabira","Est. tempo de leitura":"4 minutos"},"schema":{"@context":"https:\/\/schema.org","@graph":[{"@type":"Article","@id":"https:\/\/www.encontraminasgerais.com.br\/itabira\/danilo-alvarenga-prd-25252-candidato-a-deputado-estadual-em-minas-gerais-eleicoes-2026\/#article","isPartOf":{"@id":"https:\/\/www.encontraminasgerais.com.br\/itabira\/danilo-alvarenga-prd-25252-candidato-a-deputado-estadual-em-minas-gerais-eleicoes-2026\/"},"author":{"name":"Encontra Itabira","@id":"https:\/\/www.encontraminasgerais.com.br\/itabira\/#\/schema\/person\/9ae8a8f5ce59322c92e2499b550870b0"},"headline":"Danilo Alvarenga (PRD) 25252: Candidato a Deputado Estadual em Minas Gerais | Elei\u00e7\u00f5es 2026","datePublished":"2026-08-17T17:59:39+00:00","mainEntityOfPage":{"@id":"https:\/\/www.encontraminasgerais.com.br\/itabira\/danilo-alvarenga-prd-25252-candidato-a-deputado-estadual-em-minas-gerais-eleicoes-2026\/"},"wordCount":844,"commentCount":0,"image":{"@id":"https:\/\/www.encontraminasgerais.com.br\/itabira\/danilo-alvarenga-prd-25252-candidato-a-deputado-estadual-em-minas-gerais-eleicoes-2026\/#primaryimage"},"thumbnailUrl":"https:\/\/www.encontraminasgerais.com.br\/itabira\/wp-content\/uploads\/2026\/08\/danilo-alvarenga-prd-25252-candidato-a-deputado-estadual-em-minas-gerais-eleicoes-2026.webp","articleSection":["Not\u00edcias Itabira"],"inLanguage":"pt-BR","potentialAction":[{"@type":"CommentAction","name":"Comment","target":["https:\/\/www.encontraminasgerais.com.br\/itabira\/danilo-alvarenga-prd-25252-candidato-a-deputado-estadual-em-minas-gerais-eleicoes-2026\/#respond"]}]},{"@type":"WebPage","@id":"https:\/\/www.encontraminasgerais.com.br\/itabira\/danilo-alvarenga-prd-25252-candidato-a-deputado-estadual-em-minas-gerais-eleicoes-2026\/","url":"https:\/\/www.encontraminasgerais.com.br\/itabira\/danilo-alvarenga-prd-25252-candidato-a-deputado-estadual-em-minas-gerais-eleicoes-2026\/","name":"Danilo Alvarenga (PRD) 25252: Candidato a Deputado Estadual em Minas Gerais | Elei\u00e7\u00f5es 2026 | Guia Comercial de Itabira MG","isPartOf":{"@id":"https:\/\/www.encontraminasgerais.com.br\/itabira\/#website"},"primaryImageOfPage":{"@id":"https:\/\/www.encontraminasgerais.com.br\/itabira\/danilo-alvarenga-prd-25252-candidato-a-deputado-estadual-em-minas-gerais-eleicoes-2026\/#primaryimage"},"image":{"@id":"https:\/\/www.encontraminasgerais.com.br\/itabira\/danilo-alvarenga-prd-25252-candidato-a-deputado-estadual-em-minas-gerais-eleicoes-2026\/#primaryimage"},"thumbnailUrl":"https:\/\/www.encontraminasgerais.com.br\/itabira\/wp-content\/uploads\/2026\/08\/danilo-alvarenga-prd-25252-candidato-a-deputado-estadual-em-minas-gerais-eleicoes-2026.webp","datePublished":"2026-08-17T17:59:39+00:00","author":{"@id":"https:\/\/www.encontraminasgerais.com.br\/itabira\/#\/schema\/person\/9ae8a8f5ce59322c92e2499b550870b0"},"inLanguage":"pt-BR","potentialAction":[{"@type":"ReadAction","target":["https:\/\/www.encontraminasgerais.com.br\/itabira\/danilo-alvarenga-prd-25252-candidato-a-deputado-estadual-em-minas-gerais-eleicoes-2026\/"]}]},{"@type":"ImageObject","inLanguage":"pt-BR","@id":"https:\/\/www.encontraminasgerais.com.br\/itabira\/danilo-alvarenga-prd-25252-candidato-a-deputado-estadual-em-minas-gerais-eleicoes-2026\/#primaryimage","url":"https:\/\/www.encontraminasgerais.com.br\/itabira\/wp-content\/uploads\/2026\/08\/danilo-alvarenga-prd-25252-candidato-a-deputado-estadual-em-minas-gerais-eleicoes-2026.webp","contentUrl":"https:\/\/www.encontraminasgerais.com.br\/itabira\/wp-content\/uploads\/2026\/08\/danilo-alvarenga-prd-25252-candidato-a-deputado-estadual-em-minas-gerais-eleicoes-2026.webp","width":280,"height":280,"caption":"candidatura a Deputado Estadual em Minas Gerais"},{"@type":"WebSite","@id":"https:\/\/www.encontraminasgerais.com.br\/itabira\/#website","url":"https:\/\/www.encontraminasgerais.com.br\/itabira\/","name":"Guia Comercial de Itabira MG","description":"ENCONTRA ITABIRA - O guia comercial de neg\u00f3cios e empresas, cultura e divers\u00e3o na cidade de Itabira. Feito 100% para voc\u00ea morador!","potentialAction":[{"@type":"SearchAction","target":{"@type":"EntryPoint","urlTemplate":"https:\/\/www.encontraminasgerais.com.br\/itabira\/?s={search_term_string}"},"query-input":{"@type":"PropertyValueSpecification","valueRequired":true,"valueName":"search_term_string"}}],"inLanguage":"pt-BR"},{"@type":"Person","@id":"https:\/\/www.encontraminasgerais.com.br\/itabira\/#\/schema\/person\/9ae8a8f5ce59322c92e2499b550870b0","name":"Encontra Itabira","image":{"@type":"ImageObject","inLanguage":"pt-BR","@id":"https:\/\/secure.gravatar.com\/avatar\/c50c17820bcf322f0a8fd6b110b8c0918141409dc69076470f6fca5fee70a5d4?s=96&d=mm&r=g","url":"https:\/\/secure.gravatar.com\/avatar\/c50c17820bcf322f0a8fd6b110b8c0918141409dc69076470f6fca5fee70a5d4?s=96&d=mm&r=g","contentUrl":"https:\/\/secure.gravatar.com\/avatar\/c50c17820bcf322f0a8fd6b110b8c0918141409dc69076470f6fca5fee70a5d4?s=96&d=mm&r=g","caption":"Encontra Itabira"},"url":"https:\/\/www.encontraminasgerais.com.br\/itabira\/author\/encontraitabira\/"}]}},"_links":{"self":[{"href":"https:\/\/www.encontraminasgerais.com.br\/itabira\/wp-json\/wp\/v2\/posts\/6232","targetHints":{"allow":["GET"]}}],"collection":[{"href":"https:\/\/www.encontraminasgerais.com.br\/itabira\/wp-json\/wp\/v2\/posts"}],"about":[{"href":"https:\/\/www.encontraminasgerais.com.br\/itabira\/wp-json\/wp\/v2\/types\/post"}],"author":[{"embeddable":true,"href":"https:\/\/www.encontraminasgerais.com.br\/itabira\/wp-json\/wp\/v2\/users\/1"}],"replies":[{"embeddable":true,"href":"https:\/\/www.encontraminasgerais.com.br\/itabira\/wp-json\/wp\/v2\/comments?post=6232"}],"version-history":[{"count":0,"href":"https:\/\/www.encontraminasgerais.com.br\/itabira\/wp-json\/wp\/v2\/posts\/6232\/revisions"}],"wp:featuredmedia":[{"embeddable":true,"href":"https:\/\/www.encontraminasgerais.com.br\/itabira\/wp-json\/wp\/v2\/media\/6231"}],"wp:attachment":[{"href":"https:\/\/www.encontraminasgerais.com.br\/itabira\/wp-json\/wp\/v2\/media?parent=6232"}],"wp:term":[{"taxonomy":"category","embeddable":true,"href":"https:\/\/www.encontraminasgerais.com.br\/itabira\/wp-json\/wp\/v2\/categories?post=6232"},{"taxonomy":"post_tag","embeddable":true,"href":"https:\/\/www.encontraminasgerais.com.br\/itabira\/wp-json\/wp\/v2\/tags?post=6232"}],"curies":[{"name":"wp","href":"https:\/\/api.w.org\/{rel}","templated":true}]}}