{"id":6240,"date":"2026-08-19T08:42:22","date_gmt":"2026-08-19T11:42:22","guid":{"rendered":"https:\/\/www.encontraminasgerais.com.br\/itabira\/luiz-de-ipoema-pode-20500-candidato-a-deputado-estadual-em-minas-gerais-eleicoes-2026\/"},"modified":"2026-08-19T08:42:22","modified_gmt":"2026-08-19T11:42:22","slug":"luiz-de-ipoema-pode-20500-candidato-a-deputado-estadual-em-minas-gerais-eleicoes-2026","status":"publish","type":"post","link":"https:\/\/www.encontraminasgerais.com.br\/itabira\/luiz-de-ipoema-pode-20500-candidato-a-deputado-estadual-em-minas-gerais-eleicoes-2026\/","title":{"rendered":"Luiz de Ipoema (PODE) 20500: Candidato a Deputado Estadual em Minas Gerais | Elei\u00e7\u00f5es 2026"},"content":{"rendered":"<h2>Quem \u00e9 Luiz de Ipoema?<\/h2>\n<p>Luiz de Ipoema, tamb\u00e9m identificado pelo n\u00famero de urna 20500, se apresenta como um candidato a Deputado Estadual em Minas Gerais nas elei\u00e7\u00f5es de 2026, representando o partido PODEMOS. Ele nasceu em Itabira, no estado de Minas Gerais.<\/p>\n<p>Luiz Carlos de Souza, conhecido como Luiz de Ipoema, tem 50 anos e se declara solteiro. De acordo com sua declara\u00e7\u00e3o ao Tribunal Superior Eleitoral (TSE), possui o ensino m\u00e9dio completo e exerce a profiss\u00e3o de motorista de ve\u00edculos de transporte coletivo de passageiros.<\/p>\n<h2>Trajet\u00f3ria Pol\u00edtica<\/h2>\n<p>Embora a trajet\u00f3ria pol\u00edtica de Luiz de Ipoema possa n\u00e3o ser extensa, sua inten\u00e7\u00e3o de concorrer a um cargo p\u00fablico sugere um interesse genu\u00edno em participar da vida pol\u00edtica e contribuir para o desenvolvimento de sua comunidade. A hist\u00f3ria de sua vida e sua profiss\u00e3o sugerem uma conex\u00e3o pr\u00e1tica com os desafios que cidad\u00e3os enfrentam diariamente.<\/p>\n<p><img decoding=\"async\" src=\"https:\/\/www.encontraminasgerais.com.br\/itabira\/wp-content\/uploads\/2026\/08\/luiz-de-ipoema-pode-20500-candidato-a-deputado-estadual-em-minas-gerais-eleicoes-2026.webp\" alt=\"Luiz de Ipoema deputado estadual Minas Gerais elei\u00e7\u00f5es 2026\" loading=\"lazy\" \/><\/p>\n<h2>Propostas para Minas Gerais<\/h2>\n<p>As propostas espec\u00edficas de Luiz de Ipoema para Minas Gerais ainda n\u00e3o foram amplamente divulgadas, mas sua experi\u00eancia como motorista pode influenciar sua vis\u00e3o sobre a mobilidade urbana e as necessidades de transporte na regi\u00e3o. A participa\u00e7\u00e3o nas elei\u00e7\u00f5es proporciona aos candidatos uma plataforma para compartilhar ideias e solu\u00e7\u00f5es para problemas que afetam diretamente a vida dos mineiros.<\/p>\n<h2>Import\u00e2ncia do Cargo de Deputado Estadual<\/h2>\n<p>O Deputado Estadual desempenha um papel vital na legislatura de um estado. Este cargo \u00e9 respons\u00e1vel por representar os interesses dos cidad\u00e3os, discutindo e aprovando leis que impactam diversas \u00e1reas, como sa\u00fade, educa\u00e7\u00e3o e seguran\u00e7a p\u00fablica. Al\u00e9m disso, os deputados estaduais atuam na fiscaliza\u00e7\u00e3o das a\u00e7\u00f5es do governo e na elabora\u00e7\u00e3o do or\u00e7amento estadual.<\/p>\n<h2>Como votar em Luiz de Ipoema<\/h2>\n<p>Para votar em Luiz de Ipoema, os eleitores devem estar registrados e com os dados atualizados no cart\u00f3rio eleitoral de suas respectivas cidades. No dia das elei\u00e7\u00f5es, \u00e9 necess\u00e1rio procurar o local de vota\u00e7\u00e3o designado e levar um documento de identifica\u00e7\u00e3o com foto. O voto deve ser confirmado digitando o n\u00famero de seu candidato na urna eletr\u00f4nica.<\/p>\n<h2>Cen\u00e1rio Pol\u00edtico nas Elei\u00e7\u00f5es 2026<\/h2>\n<p>As elei\u00e7\u00f5es de 2026 em Minas Gerais prometem ser acirradas, com diversos candidatos disputando n\u00e3o apenas o cargo de Deputado Estadual, mas tamb\u00e9m posi\u00e7\u00f5es importantes como Governador e Senador. Este cen\u00e1rio pode resultar em um dinamismo nas propostas e debates, onde eleitorado e candidatos se encontram para discutir o futuro do estado.<\/p>\n<h2>O Partido PODE e Sua Miss\u00e3o<\/h2>\n<p>O PODEMOS \u00e9 um partido pol\u00edtico brasileiro que tem como miss\u00e3o promover a democracia e a participa\u00e7\u00e3o popular na pol\u00edtica. Com um enfoque em diversos temas sociais e pol\u00edticos, o partido busca eleger representantes que se alinhem com seus valores e princ\u00edpios, como a justi\u00e7a social e a transpar\u00eancia.<\/p>\n<h2>A Estrutura da Candidatura<\/h2>\n<p>A candidatura de Luiz de Ipoema ainda est\u00e1 em fase de aprecia\u00e7\u00e3o pela Justi\u00e7a Eleitoral. Isso significa que sua situa\u00e7\u00e3o est\u00e1 pendente de julgamento, e sua efetiva\u00e7\u00e3o como candidato depender\u00e1 da decis\u00e3o do TSE. Essa etapa \u00e9 fundamental para garantir que todos os requisitos legais sejam cumpridos antes das elei\u00e7\u00f5es.<\/p>\n<h2>An\u00e1lise dos Candidatos em Minas Gerais<\/h2>\n<p>Na corrida eleitoral de 2026, muitos candidatos se destacam por suas propostas variadas e suas hist\u00f3rias pessoais. Cada candidato traz uma perspectiva \u00fanica, influenciada por suas experi\u00eancias de vida e sua rela\u00e7\u00e3o com a comunidade. \u00c9 essencial que os eleitores analisem as op\u00e7\u00f5es dispon\u00edveis antes de tomar sua decis\u00e3o.<\/p>\n<h2>A Influ\u00eancia das Redes Sociais na Campanha<\/h2>\n<p>As redes sociais desempenham um papel crucial nas campanhas eleitorais modernas, permitindo que candidatos como Luiz de Ipoema conectem-se diretamente com o eleitorado. Por meio de plataformas como Facebook e Instagram, os candidatos podem compartilhar suas propostas, responder perguntas e interagir com o p\u00fablico, tornando a campanha mais acess\u00edvel e participativa.<\/p>\n<h2>Ficha completa do candidato<\/h2>\n<p>A seguir, apresentamos os detalhes da ficha do candidato:<\/p>\n<ul>\n<li><strong>Nome:<\/strong> Luiz Carlos de Souza<\/li>\n<li><strong>N\u00famero do Candidato:<\/strong> 20500<\/li>\n<li><strong>Cargo:<\/strong> Deputado estadual<\/li>\n<li><strong>Partido:<\/strong> PODE (20)<\/li>\n<li><strong>Cidade:<\/strong> Minas Gerais<\/li>\n<li><strong>Idade:<\/strong> 50 anos<\/li>\n<li><strong>G\u00eanero:<\/strong> Masculino<\/li>\n<li><strong>Ra\u00e7a:<\/strong> Parda<\/li>\n<li><strong>Nacionalidade:<\/strong> Brasileira nata<\/li>\n<li><strong>UF de nascimento:<\/strong> MG<\/li>\n<li><strong>Munic\u00edpio de nascimento:<\/strong> Itabira<\/li>\n<li><strong>Estado civil:<\/strong> Solteiro(a)<\/li>\n<li><strong>Grau de instru\u00e7\u00e3o:<\/strong> Ensino m\u00e9dio completo<\/li>\n<li><strong>Ocupa\u00e7\u00e3o:<\/strong> Motorista de ve\u00edculos de transporte coletivo de passageiros<\/li>\n<\/ul>\n<h2>Bens declarados<\/h2>\n<p>Luiz de Ipoema declarou um total de bens com um valor total de R$26.000,00, bem como os detalhes de sua propriedade que incluem:<\/p>\n<table>\n<tr>\n<th>Descri\u00e7\u00e3o<\/th>\n<th>Tipo<\/th>\n<th>Valor do Bem<\/th>\n<\/tr>\n<tr>\n<td>FIAT PALIO 2011<\/td>\n<td>Ve\u00edculo automotor terrestre<\/td>\n<td>R$26.000,00<\/td>\n<\/tr>\n<\/table>\n<h2>Redes Sociais<\/h2>\n<p>Os eleitores podem acompanhar Luiz de Ipoema por meio de suas redes sociais:<\/p>\n<ul>\n<li><strong>Facebook:<\/strong> <a href=\"https:\/\/www.facebook.com\/LUIZCARLOS11000\/\">LUIZCARLOS11000<\/a><\/li>\n<li><strong>Instagram:<\/strong> <a href=\"https:\/\/www.instagram.com\/LUIIZCARLOSDESOUZA\/\">LUIIZCARLOSDESOUZA<\/a><\/li>\n<\/ul>\n","protected":false},"excerpt":{"rendered":"<p>Luiz de Ipoema, candidato a Deputado Estadual em Minas Gerais, destaca-se nas elei\u00e7\u00f5es de 2026.<\/p>\n","protected":false},"author":1,"featured_media":6239,"comment_status":"open","ping_status":"open","sticky":false,"template":"","format":"standard","meta":{"footnotes":""},"categories":[5],"tags":[],"class_list":["post-6240","post","type-post","status-publish","format-standard","has-post-thumbnail","hentry","category-noticias","has_thumb"],"yoast_head":"<!-- This site is optimized with the Yoast SEO plugin v28.1 - https:\/\/yoast.com\/product\/yoast-seo-wordpress\/ -->\n<title>Luiz de Ipoema (PODE) 20500: Candidato a Deputado Estadual em Minas Gerais | Elei\u00e7\u00f5es 2026 | Guia Comercial de Itabira MG<\/title>\n<meta name=\"robots\" content=\"index, follow, max-snippet:-1, max-image-preview:large, max-video-preview:-1\" \/>\n<link rel=\"canonical\" href=\"https:\/\/www.encontraminasgerais.com.br\/itabira\/luiz-de-ipoema-pode-20500-candidato-a-deputado-estadual-em-minas-gerais-eleicoes-2026\/\" \/>\n<meta property=\"og:locale\" content=\"pt_BR\" \/>\n<meta property=\"og:type\" content=\"article\" \/>\n<meta property=\"og:title\" content=\"Luiz de Ipoema (PODE) 20500: Candidato a Deputado Estadual em Minas Gerais | Elei\u00e7\u00f5es 2026 | Guia Comercial de Itabira MG\" \/>\n<meta property=\"og:description\" content=\"Luiz de Ipoema, candidato a Deputado Estadual em Minas Gerais, destaca-se nas elei\u00e7\u00f5es de 2026.\" \/>\n<meta property=\"og:url\" content=\"https:\/\/www.encontraminasgerais.com.br\/itabira\/luiz-de-ipoema-pode-20500-candidato-a-deputado-estadual-em-minas-gerais-eleicoes-2026\/\" \/>\n<meta property=\"og:site_name\" content=\"Guia Comercial de Itabira MG\" \/>\n<meta property=\"article:published_time\" content=\"2026-08-19T11:42:22+00:00\" \/>\n<meta property=\"og:image\" content=\"https:\/\/www.encontraminasgerais.com.br\/itabira\/wp-content\/uploads\/2026\/08\/luiz-de-ipoema-pode-20500-candidato-a-deputado-estadual-em-minas-gerais-eleicoes-2026.webp\" \/>\n<meta name=\"author\" content=\"Encontra Itabira\" \/>\n<meta name=\"twitter:card\" content=\"summary_large_image\" \/>\n<meta name=\"twitter:label1\" content=\"Escrito por\" \/>\n\t<meta name=\"twitter:data1\" content=\"Encontra Itabira\" \/>\n\t<meta name=\"twitter:label2\" content=\"Est. tempo de leitura\" \/>\n\t<meta name=\"twitter:data2\" content=\"4 minutos\" \/>\n<script type=\"application\/ld+json\" class=\"yoast-schema-graph\">{\"@context\":\"https:\\\/\\\/schema.org\",\"@graph\":[{\"@type\":\"Article\",\"@id\":\"https:\\\/\\\/www.encontraminasgerais.com.br\\\/itabira\\\/luiz-de-ipoema-pode-20500-candidato-a-deputado-estadual-em-minas-gerais-eleicoes-2026\\\/#article\",\"isPartOf\":{\"@id\":\"https:\\\/\\\/www.encontraminasgerais.com.br\\\/itabira\\\/luiz-de-ipoema-pode-20500-candidato-a-deputado-estadual-em-minas-gerais-eleicoes-2026\\\/\"},\"author\":{\"name\":\"Encontra Itabira\",\"@id\":\"https:\\\/\\\/www.encontraminasgerais.com.br\\\/itabira\\\/#\\\/schema\\\/person\\\/9ae8a8f5ce59322c92e2499b550870b0\"},\"headline\":\"Luiz de Ipoema (PODE) 20500: Candidato a Deputado Estadual em Minas Gerais | Elei\u00e7\u00f5es 2026\",\"datePublished\":\"2026-08-19T11:42:22+00:00\",\"mainEntityOfPage\":{\"@id\":\"https:\\\/\\\/www.encontraminasgerais.com.br\\\/itabira\\\/luiz-de-ipoema-pode-20500-candidato-a-deputado-estadual-em-minas-gerais-eleicoes-2026\\\/\"},\"wordCount\":821,\"commentCount\":0,\"image\":{\"@id\":\"https:\\\/\\\/www.encontraminasgerais.com.br\\\/itabira\\\/luiz-de-ipoema-pode-20500-candidato-a-deputado-estadual-em-minas-gerais-eleicoes-2026\\\/#primaryimage\"},\"thumbnailUrl\":\"https:\\\/\\\/www.encontraminasgerais.com.br\\\/itabira\\\/wp-content\\\/uploads\\\/2026\\\/08\\\/luiz-de-ipoema-pode-20500-candidato-a-deputado-estadual-em-minas-gerais-eleicoes-2026.webp\",\"articleSection\":[\"Not\u00edcias Itabira\"],\"inLanguage\":\"pt-BR\",\"potentialAction\":[{\"@type\":\"CommentAction\",\"name\":\"Comment\",\"target\":[\"https:\\\/\\\/www.encontraminasgerais.com.br\\\/itabira\\\/luiz-de-ipoema-pode-20500-candidato-a-deputado-estadual-em-minas-gerais-eleicoes-2026\\\/#respond\"]}]},{\"@type\":\"WebPage\",\"@id\":\"https:\\\/\\\/www.encontraminasgerais.com.br\\\/itabira\\\/luiz-de-ipoema-pode-20500-candidato-a-deputado-estadual-em-minas-gerais-eleicoes-2026\\\/\",\"url\":\"https:\\\/\\\/www.encontraminasgerais.com.br\\\/itabira\\\/luiz-de-ipoema-pode-20500-candidato-a-deputado-estadual-em-minas-gerais-eleicoes-2026\\\/\",\"name\":\"Luiz de Ipoema (PODE) 20500: Candidato a Deputado Estadual em Minas Gerais | Elei\u00e7\u00f5es 2026 | Guia Comercial de Itabira MG\",\"isPartOf\":{\"@id\":\"https:\\\/\\\/www.encontraminasgerais.com.br\\\/itabira\\\/#website\"},\"primaryImageOfPage\":{\"@id\":\"https:\\\/\\\/www.encontraminasgerais.com.br\\\/itabira\\\/luiz-de-ipoema-pode-20500-candidato-a-deputado-estadual-em-minas-gerais-eleicoes-2026\\\/#primaryimage\"},\"image\":{\"@id\":\"https:\\\/\\\/www.encontraminasgerais.com.br\\\/itabira\\\/luiz-de-ipoema-pode-20500-candidato-a-deputado-estadual-em-minas-gerais-eleicoes-2026\\\/#primaryimage\"},\"thumbnailUrl\":\"https:\\\/\\\/www.encontraminasgerais.com.br\\\/itabira\\\/wp-content\\\/uploads\\\/2026\\\/08\\\/luiz-de-ipoema-pode-20500-candidato-a-deputado-estadual-em-minas-gerais-eleicoes-2026.webp\",\"datePublished\":\"2026-08-19T11:42:22+00:00\",\"author\":{\"@id\":\"https:\\\/\\\/www.encontraminasgerais.com.br\\\/itabira\\\/#\\\/schema\\\/person\\\/9ae8a8f5ce59322c92e2499b550870b0\"},\"inLanguage\":\"pt-BR\",\"potentialAction\":[{\"@type\":\"ReadAction\",\"target\":[\"https:\\\/\\\/www.encontraminasgerais.com.br\\\/itabira\\\/luiz-de-ipoema-pode-20500-candidato-a-deputado-estadual-em-minas-gerais-eleicoes-2026\\\/\"]}]},{\"@type\":\"ImageObject\",\"inLanguage\":\"pt-BR\",\"@id\":\"https:\\\/\\\/www.encontraminasgerais.com.br\\\/itabira\\\/luiz-de-ipoema-pode-20500-candidato-a-deputado-estadual-em-minas-gerais-eleicoes-2026\\\/#primaryimage\",\"url\":\"https:\\\/\\\/www.encontraminasgerais.com.br\\\/itabira\\\/wp-content\\\/uploads\\\/2026\\\/08\\\/luiz-de-ipoema-pode-20500-candidato-a-deputado-estadual-em-minas-gerais-eleicoes-2026.webp\",\"contentUrl\":\"https:\\\/\\\/www.encontraminasgerais.com.br\\\/itabira\\\/wp-content\\\/uploads\\\/2026\\\/08\\\/luiz-de-ipoema-pode-20500-candidato-a-deputado-estadual-em-minas-gerais-eleicoes-2026.webp\",\"width\":280,\"height\":280,\"caption\":\"Luiz de Ipoema deputado estadual Minas Gerais elei\u00e7\u00f5es 2026\"},{\"@type\":\"WebSite\",\"@id\":\"https:\\\/\\\/www.encontraminasgerais.com.br\\\/itabira\\\/#website\",\"url\":\"https:\\\/\\\/www.encontraminasgerais.com.br\\\/itabira\\\/\",\"name\":\"Guia Comercial de Itabira MG\",\"description\":\"ENCONTRA ITABIRA - O guia comercial de neg\u00f3cios e empresas, cultura e divers\u00e3o na cidade de Itabira. Feito 100% para voc\u00ea morador!\",\"potentialAction\":[{\"@type\":\"SearchAction\",\"target\":{\"@type\":\"EntryPoint\",\"urlTemplate\":\"https:\\\/\\\/www.encontraminasgerais.com.br\\\/itabira\\\/?s={search_term_string}\"},\"query-input\":{\"@type\":\"PropertyValueSpecification\",\"valueRequired\":true,\"valueName\":\"search_term_string\"}}],\"inLanguage\":\"pt-BR\"},{\"@type\":\"Person\",\"@id\":\"https:\\\/\\\/www.encontraminasgerais.com.br\\\/itabira\\\/#\\\/schema\\\/person\\\/9ae8a8f5ce59322c92e2499b550870b0\",\"name\":\"Encontra Itabira\",\"image\":{\"@type\":\"ImageObject\",\"inLanguage\":\"pt-BR\",\"@id\":\"https:\\\/\\\/secure.gravatar.com\\\/avatar\\\/c50c17820bcf322f0a8fd6b110b8c0918141409dc69076470f6fca5fee70a5d4?s=96&d=mm&r=g\",\"url\":\"https:\\\/\\\/secure.gravatar.com\\\/avatar\\\/c50c17820bcf322f0a8fd6b110b8c0918141409dc69076470f6fca5fee70a5d4?s=96&d=mm&r=g\",\"contentUrl\":\"https:\\\/\\\/secure.gravatar.com\\\/avatar\\\/c50c17820bcf322f0a8fd6b110b8c0918141409dc69076470f6fca5fee70a5d4?s=96&d=mm&r=g\",\"caption\":\"Encontra Itabira\"},\"url\":\"https:\\\/\\\/www.encontraminasgerais.com.br\\\/itabira\\\/author\\\/encontraitabira\\\/\"}]}<\/script>\n<!-- \/ Yoast SEO plugin. -->","yoast_head_json":{"title":"Luiz de Ipoema (PODE) 20500: Candidato a Deputado Estadual em Minas Gerais | Elei\u00e7\u00f5es 2026 | Guia Comercial de Itabira MG","robots":{"index":"index","follow":"follow","max-snippet":"max-snippet:-1","max-image-preview":"max-image-preview:large","max-video-preview":"max-video-preview:-1"},"canonical":"https:\/\/www.encontraminasgerais.com.br\/itabira\/luiz-de-ipoema-pode-20500-candidato-a-deputado-estadual-em-minas-gerais-eleicoes-2026\/","og_locale":"pt_BR","og_type":"article","og_title":"Luiz de Ipoema (PODE) 20500: Candidato a Deputado Estadual em Minas Gerais | Elei\u00e7\u00f5es 2026 | Guia Comercial de Itabira MG","og_description":"Luiz de Ipoema, candidato a Deputado Estadual em Minas Gerais, destaca-se nas elei\u00e7\u00f5es de 2026.","og_url":"https:\/\/www.encontraminasgerais.com.br\/itabira\/luiz-de-ipoema-pode-20500-candidato-a-deputado-estadual-em-minas-gerais-eleicoes-2026\/","og_site_name":"Guia Comercial de Itabira MG","article_published_time":"2026-08-19T11:42:22+00:00","og_image":[{"url":"https:\/\/www.encontraminasgerais.com.br\/itabira\/wp-content\/uploads\/2026\/08\/luiz-de-ipoema-pode-20500-candidato-a-deputado-estadual-em-minas-gerais-eleicoes-2026.webp","type":"","width":"","height":""}],"author":"Encontra Itabira","twitter_card":"summary_large_image","twitter_misc":{"Escrito por":"Encontra Itabira","Est. tempo de leitura":"4 minutos"},"schema":{"@context":"https:\/\/schema.org","@graph":[{"@type":"Article","@id":"https:\/\/www.encontraminasgerais.com.br\/itabira\/luiz-de-ipoema-pode-20500-candidato-a-deputado-estadual-em-minas-gerais-eleicoes-2026\/#article","isPartOf":{"@id":"https:\/\/www.encontraminasgerais.com.br\/itabira\/luiz-de-ipoema-pode-20500-candidato-a-deputado-estadual-em-minas-gerais-eleicoes-2026\/"},"author":{"name":"Encontra Itabira","@id":"https:\/\/www.encontraminasgerais.com.br\/itabira\/#\/schema\/person\/9ae8a8f5ce59322c92e2499b550870b0"},"headline":"Luiz de Ipoema (PODE) 20500: Candidato a Deputado Estadual em Minas Gerais | Elei\u00e7\u00f5es 2026","datePublished":"2026-08-19T11:42:22+00:00","mainEntityOfPage":{"@id":"https:\/\/www.encontraminasgerais.com.br\/itabira\/luiz-de-ipoema-pode-20500-candidato-a-deputado-estadual-em-minas-gerais-eleicoes-2026\/"},"wordCount":821,"commentCount":0,"image":{"@id":"https:\/\/www.encontraminasgerais.com.br\/itabira\/luiz-de-ipoema-pode-20500-candidato-a-deputado-estadual-em-minas-gerais-eleicoes-2026\/#primaryimage"},"thumbnailUrl":"https:\/\/www.encontraminasgerais.com.br\/itabira\/wp-content\/uploads\/2026\/08\/luiz-de-ipoema-pode-20500-candidato-a-deputado-estadual-em-minas-gerais-eleicoes-2026.webp","articleSection":["Not\u00edcias Itabira"],"inLanguage":"pt-BR","potentialAction":[{"@type":"CommentAction","name":"Comment","target":["https:\/\/www.encontraminasgerais.com.br\/itabira\/luiz-de-ipoema-pode-20500-candidato-a-deputado-estadual-em-minas-gerais-eleicoes-2026\/#respond"]}]},{"@type":"WebPage","@id":"https:\/\/www.encontraminasgerais.com.br\/itabira\/luiz-de-ipoema-pode-20500-candidato-a-deputado-estadual-em-minas-gerais-eleicoes-2026\/","url":"https:\/\/www.encontraminasgerais.com.br\/itabira\/luiz-de-ipoema-pode-20500-candidato-a-deputado-estadual-em-minas-gerais-eleicoes-2026\/","name":"Luiz de Ipoema (PODE) 20500: Candidato a Deputado Estadual em Minas Gerais | Elei\u00e7\u00f5es 2026 | Guia Comercial de Itabira MG","isPartOf":{"@id":"https:\/\/www.encontraminasgerais.com.br\/itabira\/#website"},"primaryImageOfPage":{"@id":"https:\/\/www.encontraminasgerais.com.br\/itabira\/luiz-de-ipoema-pode-20500-candidato-a-deputado-estadual-em-minas-gerais-eleicoes-2026\/#primaryimage"},"image":{"@id":"https:\/\/www.encontraminasgerais.com.br\/itabira\/luiz-de-ipoema-pode-20500-candidato-a-deputado-estadual-em-minas-gerais-eleicoes-2026\/#primaryimage"},"thumbnailUrl":"https:\/\/www.encontraminasgerais.com.br\/itabira\/wp-content\/uploads\/2026\/08\/luiz-de-ipoema-pode-20500-candidato-a-deputado-estadual-em-minas-gerais-eleicoes-2026.webp","datePublished":"2026-08-19T11:42:22+00:00","author":{"@id":"https:\/\/www.encontraminasgerais.com.br\/itabira\/#\/schema\/person\/9ae8a8f5ce59322c92e2499b550870b0"},"inLanguage":"pt-BR","potentialAction":[{"@type":"ReadAction","target":["https:\/\/www.encontraminasgerais.com.br\/itabira\/luiz-de-ipoema-pode-20500-candidato-a-deputado-estadual-em-minas-gerais-eleicoes-2026\/"]}]},{"@type":"ImageObject","inLanguage":"pt-BR","@id":"https:\/\/www.encontraminasgerais.com.br\/itabira\/luiz-de-ipoema-pode-20500-candidato-a-deputado-estadual-em-minas-gerais-eleicoes-2026\/#primaryimage","url":"https:\/\/www.encontraminasgerais.com.br\/itabira\/wp-content\/uploads\/2026\/08\/luiz-de-ipoema-pode-20500-candidato-a-deputado-estadual-em-minas-gerais-eleicoes-2026.webp","contentUrl":"https:\/\/www.encontraminasgerais.com.br\/itabira\/wp-content\/uploads\/2026\/08\/luiz-de-ipoema-pode-20500-candidato-a-deputado-estadual-em-minas-gerais-eleicoes-2026.webp","width":280,"height":280,"caption":"Luiz de Ipoema deputado estadual Minas Gerais elei\u00e7\u00f5es 2026"},{"@type":"WebSite","@id":"https:\/\/www.encontraminasgerais.com.br\/itabira\/#website","url":"https:\/\/www.encontraminasgerais.com.br\/itabira\/","name":"Guia Comercial de Itabira MG","description":"ENCONTRA ITABIRA - O guia comercial de neg\u00f3cios e empresas, cultura e divers\u00e3o na cidade de Itabira. Feito 100% para voc\u00ea morador!","potentialAction":[{"@type":"SearchAction","target":{"@type":"EntryPoint","urlTemplate":"https:\/\/www.encontraminasgerais.com.br\/itabira\/?s={search_term_string}"},"query-input":{"@type":"PropertyValueSpecification","valueRequired":true,"valueName":"search_term_string"}}],"inLanguage":"pt-BR"},{"@type":"Person","@id":"https:\/\/www.encontraminasgerais.com.br\/itabira\/#\/schema\/person\/9ae8a8f5ce59322c92e2499b550870b0","name":"Encontra Itabira","image":{"@type":"ImageObject","inLanguage":"pt-BR","@id":"https:\/\/secure.gravatar.com\/avatar\/c50c17820bcf322f0a8fd6b110b8c0918141409dc69076470f6fca5fee70a5d4?s=96&d=mm&r=g","url":"https:\/\/secure.gravatar.com\/avatar\/c50c17820bcf322f0a8fd6b110b8c0918141409dc69076470f6fca5fee70a5d4?s=96&d=mm&r=g","contentUrl":"https:\/\/secure.gravatar.com\/avatar\/c50c17820bcf322f0a8fd6b110b8c0918141409dc69076470f6fca5fee70a5d4?s=96&d=mm&r=g","caption":"Encontra Itabira"},"url":"https:\/\/www.encontraminasgerais.com.br\/itabira\/author\/encontraitabira\/"}]}},"_links":{"self":[{"href":"https:\/\/www.encontraminasgerais.com.br\/itabira\/wp-json\/wp\/v2\/posts\/6240","targetHints":{"allow":["GET"]}}],"collection":[{"href":"https:\/\/www.encontraminasgerais.com.br\/itabira\/wp-json\/wp\/v2\/posts"}],"about":[{"href":"https:\/\/www.encontraminasgerais.com.br\/itabira\/wp-json\/wp\/v2\/types\/post"}],"author":[{"embeddable":true,"href":"https:\/\/www.encontraminasgerais.com.br\/itabira\/wp-json\/wp\/v2\/users\/1"}],"replies":[{"embeddable":true,"href":"https:\/\/www.encontraminasgerais.com.br\/itabira\/wp-json\/wp\/v2\/comments?post=6240"}],"version-history":[{"count":0,"href":"https:\/\/www.encontraminasgerais.com.br\/itabira\/wp-json\/wp\/v2\/posts\/6240\/revisions"}],"wp:featuredmedia":[{"embeddable":true,"href":"https:\/\/www.encontraminasgerais.com.br\/itabira\/wp-json\/wp\/v2\/media\/6239"}],"wp:attachment":[{"href":"https:\/\/www.encontraminasgerais.com.br\/itabira\/wp-json\/wp\/v2\/media?parent=6240"}],"wp:term":[{"taxonomy":"category","embeddable":true,"href":"https:\/\/www.encontraminasgerais.com.br\/itabira\/wp-json\/wp\/v2\/categories?post=6240"},{"taxonomy":"post_tag","embeddable":true,"href":"https:\/\/www.encontraminasgerais.com.br\/itabira\/wp-json\/wp\/v2\/tags?post=6240"}],"curies":[{"name":"wp","href":"https:\/\/api.w.org\/{rel}","templated":true}]}}