{"id":6252,"date":"2026-08-21T08:42:20","date_gmt":"2026-08-21T11:42:20","guid":{"rendered":"https:\/\/www.encontraminasgerais.com.br\/itabira\/quem-sao-os-candidatos-ao-governo-do-mato-grosso-em-2026\/"},"modified":"2026-08-21T08:42:20","modified_gmt":"2026-08-21T11:42:20","slug":"quem-sao-os-candidatos-ao-governo-do-mato-grosso-em-2026","status":"publish","type":"post","link":"https:\/\/www.encontraminasgerais.com.br\/itabira\/quem-sao-os-candidatos-ao-governo-do-mato-grosso-em-2026\/","title":{"rendered":"Quem s\u00e3o os candidatos ao governo do Mato Grosso em 2026"},"content":{"rendered":"<h2>Quem s\u00e3o os candidatos ao governo de Mato Grosso em 2026<\/h2>\n<p>Nas elei\u00e7\u00f5es de 2026, o estado de Mato Grosso apresenta uma diversidade de op\u00e7\u00f5es de candidatos ao cargo de governador, totalizando seis postulantes. Com um eleitorado que soma cerca de 2,63 milh\u00f5es de pessoas distribu\u00eddas em 141 munic\u00edpios, a disputa promete ser acirrada.<\/p>\n<h2>Como se destaca o agroneg\u00f3cio?<\/h2>\n<p>A economia do Mato Grosso \u00e9 amplamente reconhecida por seu forte v\u00ednculo com o agroneg\u00f3cio, um setor que n\u00e3o s\u00f3 incrementa a economia local, mas tamb\u00e9m influencia diretamente as decis\u00f5es pol\u00edticas. Os candidatos na corrida pelo governo muitas vezes t\u00eam suas origens e suporte neste setor, podendo ser tanto representantes que j\u00e1 det\u00eam cargos quanto novos nomes no cen\u00e1rio pol\u00edtico.<\/p>\n<h2>Candidatos e suas propostas<\/h2>\n<ul>\n<li><strong>Maur\u00edcio Coelho (Mobiliza)<\/strong>: Empres\u00e1rio de 32 anos, Coelho se apresenta como o candidato mais jovem da corrida. Ele tem como vice Wagner Malheiros e j\u00e1 declarou propostas voltadas para inova\u00e7\u00e3o no agroneg\u00f3cio.<\/li>\n<li><strong>Natasha Slhessarenko (PSD)<\/strong>: M\u00e9dica com 58 anos, Slhessarenko \u00e9 a \u00fanica mulher na disputa e traz uma coliga\u00e7\u00e3o eleitoral engajada na amplia\u00e7\u00e3o de acesso \u00e0 sa\u00fade e melhorias na infraestrutura.<\/li>\n<li><strong>Otaviano Pivetta (Republicanos)<\/strong>: Atual governador de Mato Grosso, Pivetta, de 67 anos, busca a continuidade de seus projetos, focando na manuten\u00e7\u00e3o e expans\u00e3o do agroneg\u00f3cio local, al\u00e9m de grandes investimentos na sa\u00fade p\u00fablica.<\/li>\n<li><strong>Rafaell Milas (Miss\u00e3o)<\/strong>: Publicit\u00e1rio de 43 anos, Milas \u00e9 um candidato inexperiente em termos eleitorais, mas promete ser a voz dos jovens, apresentando propostas de moderniza\u00e7\u00e3o e inclus\u00e3o.<\/li>\n<li><strong>Sargento Laudic\u00e9rio (Agir)<\/strong>: Policial militar de 47 anos, Laudic\u00e9rio aposta na seguran\u00e7a p\u00fablica e na inclus\u00e3o social atrav\u00e9s de uma abordagem direta e pr\u00e1tica.<\/li>\n<li><strong>Wellington Fagundes (PL)<\/strong>: M\u00e9dico de 69 anos, j\u00e1 foi candidato em diversas elei\u00e7\u00f5es e agora busca fortalecer suas propostas focadas em sa\u00fade e desenvolvimento sustent\u00e1vel.<\/li>\n<\/ul>\n<h2>A import\u00e2ncia do eleitorado<\/h2>\n<p>O eleitorado de Mato Grosso, com suas particularidades e demandas, desempenha um papel crucial nas elei\u00e7\u00f5es. As escolhas feitas pelos cidad\u00e3os n\u00e3o afetam apenas o futuro do estado, mas tamb\u00e9m refletem as necessidades e aspira\u00e7\u00f5es de sua popula\u00e7\u00e3o. A possibilidade de elei\u00e7\u00e3o de candidatos que realmente representem os interesses do agroneg\u00f3cio, da sa\u00fade e da seguran\u00e7a ser\u00e1 determinante nesta elei\u00e7\u00e3o.<\/p>\n<p><img decoding=\"async\" src=\"https:\/\/www.encontraminasgerais.com.br\/itabira\/wp-content\/uploads\/2026\/08\/quem-sao-os-candidatos-ao-governo-do-mato-grosso-em-2026.webp\" alt=\"candidatos ao governo do Mato Grosso\" loading=\"lazy\" \/><\/p>\n<h2>Desafios enfrentados na campanha<\/h2>\n<p>Os candidatos enfrentar\u00e3o diversos desafios durante a campanha, incluindo a necessidade de angariar votos em um contexto pol\u00edtico polarizado. Al\u00e9m disso, devem lidar com a cr\u00edtica popular e com a necessidade de se estabelecerem como verdadeiros representantes dos interesses do eleitorado.<\/p>\n<h2>Novo perfil pol\u00edtico<\/h2>\n<p>Com o surgimento de novas figuras pol\u00edticas na corrida, estamos testemunhando uma mudan\u00e7a no perfil tradicional de candidatos. Muitos postulantes s\u00e3o estreantes no cen\u00e1rio pol\u00edtico, o que pode levar a uma abordagem renovada nas propostas e intera\u00e7\u00f5es com o eleitorado.<\/p>\n<h2>O papel das coliga\u00e7\u00f5es<\/h2>\n<p>As coliga\u00e7\u00f5es desempenham um papel estrat\u00e9gico nas elei\u00e7\u00f5es, permitindo que candidatos fortale\u00e7am suas candidaturas atrav\u00e9s de parcerias. Essas alian\u00e7as podem trazer n\u00e3o apenas mais votos, mas tamb\u00e9m aumentar a variedade de propostas apresentadas aos eleitores.<\/p>\n<h2>Expectativas dos eleitores<\/h2>\n<p>Os eleitores de Mato Grosso esperam ver propostas concretas que atendam \u00e0s suas demandas reais. Espera-se que os candidatos se comprometam a ouvir a popula\u00e7\u00e3o e a engajar-se em di\u00e1logos que promovam a transpar\u00eancia e a inclus\u00e3o.<\/p>\n<h2>Perspectivas financeiras dos candidatos<\/h2>\n<p>Os dados financeiros de cada candidato podem influenciar suas campanhas. A transpar\u00eancia em rela\u00e7\u00e3o a doa\u00e7\u00f5es e gastos \u00e9 fundamental para estabelecer a confian\u00e7a do eleitor. Candidatos com maiores recursos financeiros tendem a ter vantagens na hora de disseminar suas mensagens e propostas.<\/p>\n<h2>Como votar em 2026?<\/h2>\n<p>Os eleitores dever\u00e3o estar atentos \u00e0s orienta\u00e7\u00f5es sobre como votar nas elei\u00e7\u00f5es de 2026. A import\u00e2ncia da informa\u00e7\u00e3o e da educa\u00e7\u00e3o eleitoral ser\u00e1 fundamental. \u00c9 essencial que a popula\u00e7\u00e3o conhe\u00e7a n\u00e3o apenas os candidatos, mas tamb\u00e9m os procedimentos de vota\u00e7\u00e3o, as datas e os locais de vota\u00e7\u00e3o.<\/p>\n","protected":false},"excerpt":{"rendered":"<p>Candidatos ao governo do Mato Grosso em 2026: quem s\u00e3o eles?<\/p>\n","protected":false},"author":1,"featured_media":6251,"comment_status":"open","ping_status":"open","sticky":false,"template":"","format":"standard","meta":{"footnotes":""},"categories":[5],"tags":[],"class_list":["post-6252","post","type-post","status-publish","format-standard","has-post-thumbnail","hentry","category-noticias","has_thumb"],"yoast_head":"<!-- This site is optimized with the Yoast SEO plugin v28.1 - https:\/\/yoast.com\/product\/yoast-seo-wordpress\/ -->\n<title>Quem s\u00e3o os candidatos ao governo do Mato Grosso em 2026 | Guia Comercial de Itabira MG<\/title>\n<meta name=\"robots\" content=\"index, follow, max-snippet:-1, max-image-preview:large, max-video-preview:-1\" \/>\n<link rel=\"canonical\" href=\"https:\/\/www.encontraminasgerais.com.br\/itabira\/quem-sao-os-candidatos-ao-governo-do-mato-grosso-em-2026\/\" \/>\n<meta property=\"og:locale\" content=\"pt_BR\" \/>\n<meta property=\"og:type\" content=\"article\" \/>\n<meta property=\"og:title\" content=\"Quem s\u00e3o os candidatos ao governo do Mato Grosso em 2026 | Guia Comercial de Itabira MG\" \/>\n<meta property=\"og:description\" content=\"Candidatos ao governo do Mato Grosso em 2026: quem s\u00e3o eles?\" \/>\n<meta property=\"og:url\" content=\"https:\/\/www.encontraminasgerais.com.br\/itabira\/quem-sao-os-candidatos-ao-governo-do-mato-grosso-em-2026\/\" \/>\n<meta property=\"og:site_name\" content=\"Guia Comercial de Itabira MG\" \/>\n<meta property=\"article:published_time\" content=\"2026-08-21T11:42:20+00:00\" \/>\n<meta property=\"og:image\" content=\"https:\/\/www.encontraminasgerais.com.br\/itabira\/wp-content\/uploads\/2026\/08\/quem-sao-os-candidatos-ao-governo-do-mato-grosso-em-2026.webp\" \/>\n<meta name=\"author\" content=\"Encontra Itabira\" \/>\n<meta name=\"twitter:card\" content=\"summary_large_image\" \/>\n<meta name=\"twitter:label1\" content=\"Escrito por\" \/>\n\t<meta name=\"twitter:data1\" content=\"Encontra Itabira\" \/>\n\t<meta name=\"twitter:label2\" content=\"Est. tempo de leitura\" \/>\n\t<meta name=\"twitter:data2\" content=\"3 minutos\" \/>\n<script type=\"application\/ld+json\" class=\"yoast-schema-graph\">{\"@context\":\"https:\\\/\\\/schema.org\",\"@graph\":[{\"@type\":\"Article\",\"@id\":\"https:\\\/\\\/www.encontraminasgerais.com.br\\\/itabira\\\/quem-sao-os-candidatos-ao-governo-do-mato-grosso-em-2026\\\/#article\",\"isPartOf\":{\"@id\":\"https:\\\/\\\/www.encontraminasgerais.com.br\\\/itabira\\\/quem-sao-os-candidatos-ao-governo-do-mato-grosso-em-2026\\\/\"},\"author\":{\"name\":\"Encontra Itabira\",\"@id\":\"https:\\\/\\\/www.encontraminasgerais.com.br\\\/itabira\\\/#\\\/schema\\\/person\\\/9ae8a8f5ce59322c92e2499b550870b0\"},\"headline\":\"Quem s\u00e3o os candidatos ao governo do Mato Grosso em 2026\",\"datePublished\":\"2026-08-21T11:42:20+00:00\",\"mainEntityOfPage\":{\"@id\":\"https:\\\/\\\/www.encontraminasgerais.com.br\\\/itabira\\\/quem-sao-os-candidatos-ao-governo-do-mato-grosso-em-2026\\\/\"},\"wordCount\":715,\"commentCount\":0,\"image\":{\"@id\":\"https:\\\/\\\/www.encontraminasgerais.com.br\\\/itabira\\\/quem-sao-os-candidatos-ao-governo-do-mato-grosso-em-2026\\\/#primaryimage\"},\"thumbnailUrl\":\"https:\\\/\\\/www.encontraminasgerais.com.br\\\/itabira\\\/wp-content\\\/uploads\\\/2026\\\/08\\\/quem-sao-os-candidatos-ao-governo-do-mato-grosso-em-2026.webp\",\"articleSection\":[\"Not\u00edcias Itabira\"],\"inLanguage\":\"pt-BR\",\"potentialAction\":[{\"@type\":\"CommentAction\",\"name\":\"Comment\",\"target\":[\"https:\\\/\\\/www.encontraminasgerais.com.br\\\/itabira\\\/quem-sao-os-candidatos-ao-governo-do-mato-grosso-em-2026\\\/#respond\"]}]},{\"@type\":\"WebPage\",\"@id\":\"https:\\\/\\\/www.encontraminasgerais.com.br\\\/itabira\\\/quem-sao-os-candidatos-ao-governo-do-mato-grosso-em-2026\\\/\",\"url\":\"https:\\\/\\\/www.encontraminasgerais.com.br\\\/itabira\\\/quem-sao-os-candidatos-ao-governo-do-mato-grosso-em-2026\\\/\",\"name\":\"Quem s\u00e3o os candidatos ao governo do Mato Grosso em 2026 | Guia Comercial de Itabira MG\",\"isPartOf\":{\"@id\":\"https:\\\/\\\/www.encontraminasgerais.com.br\\\/itabira\\\/#website\"},\"primaryImageOfPage\":{\"@id\":\"https:\\\/\\\/www.encontraminasgerais.com.br\\\/itabira\\\/quem-sao-os-candidatos-ao-governo-do-mato-grosso-em-2026\\\/#primaryimage\"},\"image\":{\"@id\":\"https:\\\/\\\/www.encontraminasgerais.com.br\\\/itabira\\\/quem-sao-os-candidatos-ao-governo-do-mato-grosso-em-2026\\\/#primaryimage\"},\"thumbnailUrl\":\"https:\\\/\\\/www.encontraminasgerais.com.br\\\/itabira\\\/wp-content\\\/uploads\\\/2026\\\/08\\\/quem-sao-os-candidatos-ao-governo-do-mato-grosso-em-2026.webp\",\"datePublished\":\"2026-08-21T11:42:20+00:00\",\"author\":{\"@id\":\"https:\\\/\\\/www.encontraminasgerais.com.br\\\/itabira\\\/#\\\/schema\\\/person\\\/9ae8a8f5ce59322c92e2499b550870b0\"},\"inLanguage\":\"pt-BR\",\"potentialAction\":[{\"@type\":\"ReadAction\",\"target\":[\"https:\\\/\\\/www.encontraminasgerais.com.br\\\/itabira\\\/quem-sao-os-candidatos-ao-governo-do-mato-grosso-em-2026\\\/\"]}]},{\"@type\":\"ImageObject\",\"inLanguage\":\"pt-BR\",\"@id\":\"https:\\\/\\\/www.encontraminasgerais.com.br\\\/itabira\\\/quem-sao-os-candidatos-ao-governo-do-mato-grosso-em-2026\\\/#primaryimage\",\"url\":\"https:\\\/\\\/www.encontraminasgerais.com.br\\\/itabira\\\/wp-content\\\/uploads\\\/2026\\\/08\\\/quem-sao-os-candidatos-ao-governo-do-mato-grosso-em-2026.webp\",\"contentUrl\":\"https:\\\/\\\/www.encontraminasgerais.com.br\\\/itabira\\\/wp-content\\\/uploads\\\/2026\\\/08\\\/quem-sao-os-candidatos-ao-governo-do-mato-grosso-em-2026.webp\",\"width\":280,\"height\":280,\"caption\":\"candidatos ao governo do Mato Grosso\"},{\"@type\":\"WebSite\",\"@id\":\"https:\\\/\\\/www.encontraminasgerais.com.br\\\/itabira\\\/#website\",\"url\":\"https:\\\/\\\/www.encontraminasgerais.com.br\\\/itabira\\\/\",\"name\":\"Guia Comercial de Itabira MG\",\"description\":\"ENCONTRA ITABIRA - O guia comercial de neg\u00f3cios e empresas, cultura e divers\u00e3o na cidade de Itabira. Feito 100% para voc\u00ea morador!\",\"potentialAction\":[{\"@type\":\"SearchAction\",\"target\":{\"@type\":\"EntryPoint\",\"urlTemplate\":\"https:\\\/\\\/www.encontraminasgerais.com.br\\\/itabira\\\/?s={search_term_string}\"},\"query-input\":{\"@type\":\"PropertyValueSpecification\",\"valueRequired\":true,\"valueName\":\"search_term_string\"}}],\"inLanguage\":\"pt-BR\"},{\"@type\":\"Person\",\"@id\":\"https:\\\/\\\/www.encontraminasgerais.com.br\\\/itabira\\\/#\\\/schema\\\/person\\\/9ae8a8f5ce59322c92e2499b550870b0\",\"name\":\"Encontra Itabira\",\"image\":{\"@type\":\"ImageObject\",\"inLanguage\":\"pt-BR\",\"@id\":\"https:\\\/\\\/secure.gravatar.com\\\/avatar\\\/c50c17820bcf322f0a8fd6b110b8c0918141409dc69076470f6fca5fee70a5d4?s=96&d=mm&r=g\",\"url\":\"https:\\\/\\\/secure.gravatar.com\\\/avatar\\\/c50c17820bcf322f0a8fd6b110b8c0918141409dc69076470f6fca5fee70a5d4?s=96&d=mm&r=g\",\"contentUrl\":\"https:\\\/\\\/secure.gravatar.com\\\/avatar\\\/c50c17820bcf322f0a8fd6b110b8c0918141409dc69076470f6fca5fee70a5d4?s=96&d=mm&r=g\",\"caption\":\"Encontra Itabira\"},\"url\":\"https:\\\/\\\/www.encontraminasgerais.com.br\\\/itabira\\\/author\\\/encontraitabira\\\/\"}]}<\/script>\n<!-- \/ Yoast SEO plugin. -->","yoast_head_json":{"title":"Quem s\u00e3o os candidatos ao governo do Mato Grosso em 2026 | Guia Comercial de Itabira MG","robots":{"index":"index","follow":"follow","max-snippet":"max-snippet:-1","max-image-preview":"max-image-preview:large","max-video-preview":"max-video-preview:-1"},"canonical":"https:\/\/www.encontraminasgerais.com.br\/itabira\/quem-sao-os-candidatos-ao-governo-do-mato-grosso-em-2026\/","og_locale":"pt_BR","og_type":"article","og_title":"Quem s\u00e3o os candidatos ao governo do Mato Grosso em 2026 | Guia Comercial de Itabira MG","og_description":"Candidatos ao governo do Mato Grosso em 2026: quem s\u00e3o eles?","og_url":"https:\/\/www.encontraminasgerais.com.br\/itabira\/quem-sao-os-candidatos-ao-governo-do-mato-grosso-em-2026\/","og_site_name":"Guia Comercial de Itabira MG","article_published_time":"2026-08-21T11:42:20+00:00","og_image":[{"url":"https:\/\/www.encontraminasgerais.com.br\/itabira\/wp-content\/uploads\/2026\/08\/quem-sao-os-candidatos-ao-governo-do-mato-grosso-em-2026.webp","type":"","width":"","height":""}],"author":"Encontra Itabira","twitter_card":"summary_large_image","twitter_misc":{"Escrito por":"Encontra Itabira","Est. tempo de leitura":"3 minutos"},"schema":{"@context":"https:\/\/schema.org","@graph":[{"@type":"Article","@id":"https:\/\/www.encontraminasgerais.com.br\/itabira\/quem-sao-os-candidatos-ao-governo-do-mato-grosso-em-2026\/#article","isPartOf":{"@id":"https:\/\/www.encontraminasgerais.com.br\/itabira\/quem-sao-os-candidatos-ao-governo-do-mato-grosso-em-2026\/"},"author":{"name":"Encontra Itabira","@id":"https:\/\/www.encontraminasgerais.com.br\/itabira\/#\/schema\/person\/9ae8a8f5ce59322c92e2499b550870b0"},"headline":"Quem s\u00e3o os candidatos ao governo do Mato Grosso em 2026","datePublished":"2026-08-21T11:42:20+00:00","mainEntityOfPage":{"@id":"https:\/\/www.encontraminasgerais.com.br\/itabira\/quem-sao-os-candidatos-ao-governo-do-mato-grosso-em-2026\/"},"wordCount":715,"commentCount":0,"image":{"@id":"https:\/\/www.encontraminasgerais.com.br\/itabira\/quem-sao-os-candidatos-ao-governo-do-mato-grosso-em-2026\/#primaryimage"},"thumbnailUrl":"https:\/\/www.encontraminasgerais.com.br\/itabira\/wp-content\/uploads\/2026\/08\/quem-sao-os-candidatos-ao-governo-do-mato-grosso-em-2026.webp","articleSection":["Not\u00edcias Itabira"],"inLanguage":"pt-BR","potentialAction":[{"@type":"CommentAction","name":"Comment","target":["https:\/\/www.encontraminasgerais.com.br\/itabira\/quem-sao-os-candidatos-ao-governo-do-mato-grosso-em-2026\/#respond"]}]},{"@type":"WebPage","@id":"https:\/\/www.encontraminasgerais.com.br\/itabira\/quem-sao-os-candidatos-ao-governo-do-mato-grosso-em-2026\/","url":"https:\/\/www.encontraminasgerais.com.br\/itabira\/quem-sao-os-candidatos-ao-governo-do-mato-grosso-em-2026\/","name":"Quem s\u00e3o os candidatos ao governo do Mato Grosso em 2026 | Guia Comercial de Itabira MG","isPartOf":{"@id":"https:\/\/www.encontraminasgerais.com.br\/itabira\/#website"},"primaryImageOfPage":{"@id":"https:\/\/www.encontraminasgerais.com.br\/itabira\/quem-sao-os-candidatos-ao-governo-do-mato-grosso-em-2026\/#primaryimage"},"image":{"@id":"https:\/\/www.encontraminasgerais.com.br\/itabira\/quem-sao-os-candidatos-ao-governo-do-mato-grosso-em-2026\/#primaryimage"},"thumbnailUrl":"https:\/\/www.encontraminasgerais.com.br\/itabira\/wp-content\/uploads\/2026\/08\/quem-sao-os-candidatos-ao-governo-do-mato-grosso-em-2026.webp","datePublished":"2026-08-21T11:42:20+00:00","author":{"@id":"https:\/\/www.encontraminasgerais.com.br\/itabira\/#\/schema\/person\/9ae8a8f5ce59322c92e2499b550870b0"},"inLanguage":"pt-BR","potentialAction":[{"@type":"ReadAction","target":["https:\/\/www.encontraminasgerais.com.br\/itabira\/quem-sao-os-candidatos-ao-governo-do-mato-grosso-em-2026\/"]}]},{"@type":"ImageObject","inLanguage":"pt-BR","@id":"https:\/\/www.encontraminasgerais.com.br\/itabira\/quem-sao-os-candidatos-ao-governo-do-mato-grosso-em-2026\/#primaryimage","url":"https:\/\/www.encontraminasgerais.com.br\/itabira\/wp-content\/uploads\/2026\/08\/quem-sao-os-candidatos-ao-governo-do-mato-grosso-em-2026.webp","contentUrl":"https:\/\/www.encontraminasgerais.com.br\/itabira\/wp-content\/uploads\/2026\/08\/quem-sao-os-candidatos-ao-governo-do-mato-grosso-em-2026.webp","width":280,"height":280,"caption":"candidatos ao governo do Mato Grosso"},{"@type":"WebSite","@id":"https:\/\/www.encontraminasgerais.com.br\/itabira\/#website","url":"https:\/\/www.encontraminasgerais.com.br\/itabira\/","name":"Guia Comercial de Itabira MG","description":"ENCONTRA ITABIRA - O guia comercial de neg\u00f3cios e empresas, cultura e divers\u00e3o na cidade de Itabira. Feito 100% para voc\u00ea morador!","potentialAction":[{"@type":"SearchAction","target":{"@type":"EntryPoint","urlTemplate":"https:\/\/www.encontraminasgerais.com.br\/itabira\/?s={search_term_string}"},"query-input":{"@type":"PropertyValueSpecification","valueRequired":true,"valueName":"search_term_string"}}],"inLanguage":"pt-BR"},{"@type":"Person","@id":"https:\/\/www.encontraminasgerais.com.br\/itabira\/#\/schema\/person\/9ae8a8f5ce59322c92e2499b550870b0","name":"Encontra Itabira","image":{"@type":"ImageObject","inLanguage":"pt-BR","@id":"https:\/\/secure.gravatar.com\/avatar\/c50c17820bcf322f0a8fd6b110b8c0918141409dc69076470f6fca5fee70a5d4?s=96&d=mm&r=g","url":"https:\/\/secure.gravatar.com\/avatar\/c50c17820bcf322f0a8fd6b110b8c0918141409dc69076470f6fca5fee70a5d4?s=96&d=mm&r=g","contentUrl":"https:\/\/secure.gravatar.com\/avatar\/c50c17820bcf322f0a8fd6b110b8c0918141409dc69076470f6fca5fee70a5d4?s=96&d=mm&r=g","caption":"Encontra Itabira"},"url":"https:\/\/www.encontraminasgerais.com.br\/itabira\/author\/encontraitabira\/"}]}},"_links":{"self":[{"href":"https:\/\/www.encontraminasgerais.com.br\/itabira\/wp-json\/wp\/v2\/posts\/6252","targetHints":{"allow":["GET"]}}],"collection":[{"href":"https:\/\/www.encontraminasgerais.com.br\/itabira\/wp-json\/wp\/v2\/posts"}],"about":[{"href":"https:\/\/www.encontraminasgerais.com.br\/itabira\/wp-json\/wp\/v2\/types\/post"}],"author":[{"embeddable":true,"href":"https:\/\/www.encontraminasgerais.com.br\/itabira\/wp-json\/wp\/v2\/users\/1"}],"replies":[{"embeddable":true,"href":"https:\/\/www.encontraminasgerais.com.br\/itabira\/wp-json\/wp\/v2\/comments?post=6252"}],"version-history":[{"count":0,"href":"https:\/\/www.encontraminasgerais.com.br\/itabira\/wp-json\/wp\/v2\/posts\/6252\/revisions"}],"wp:featuredmedia":[{"embeddable":true,"href":"https:\/\/www.encontraminasgerais.com.br\/itabira\/wp-json\/wp\/v2\/media\/6251"}],"wp:attachment":[{"href":"https:\/\/www.encontraminasgerais.com.br\/itabira\/wp-json\/wp\/v2\/media?parent=6252"}],"wp:term":[{"taxonomy":"category","embeddable":true,"href":"https:\/\/www.encontraminasgerais.com.br\/itabira\/wp-json\/wp\/v2\/categories?post=6252"},{"taxonomy":"post_tag","embeddable":true,"href":"https:\/\/www.encontraminasgerais.com.br\/itabira\/wp-json\/wp\/v2\/tags?post=6252"}],"curies":[{"name":"wp","href":"https:\/\/api.w.org\/{rel}","templated":true}]}}