{"id":6270,"date":"2026-08-24T08:41:45","date_gmt":"2026-08-24T11:41:45","guid":{"rendered":"https:\/\/www.encontraminasgerais.com.br\/itabira\/dr-marco-antonio-candidatura-a-deputado-federal-por-minas-gerais-eleicoes-2026\/"},"modified":"2026-08-24T08:41:45","modified_gmt":"2026-08-24T11:41:45","slug":"dr-marco-antonio-candidatura-a-deputado-federal-por-minas-gerais-eleicoes-2026","status":"publish","type":"post","link":"https:\/\/www.encontraminasgerais.com.br\/itabira\/dr-marco-antonio-candidatura-a-deputado-federal-por-minas-gerais-eleicoes-2026\/","title":{"rendered":"DR. MARCO ANTONIO: candidatura a deputado federal por Minas Gerais | Elei\u00e7\u00f5es 2026"},"content":{"rendered":"<h2>Perfil de DR. MARCO ANTONIO<\/h2>\n<p>O Dr. Marco Antonio Gomes \u00e9 um candidato \u00e0s elei\u00e7\u00f5es de 2026, postando-se para a fun\u00e7\u00e3o de deputado federal por Minas Gerais. Com uma carreira dedicada \u00e0 medicina, ele traz consigo uma vasta experi\u00eancia na \u00e1rea da sa\u00fade, sendo reconhecido por seu compromisso com a comunidade e a cidadania. Seu hist\u00f3rico profissional e pessoal reflete um forte empenho em servir \u00e0 popula\u00e7\u00e3o, com o objetivo de trazer melhorias significativas nas \u00e1reas de sa\u00fade e pol\u00edticas p\u00fablicas.<\/p>\n<h2>Dados da Candidatura<\/h2>\n<p>A candidatura de Dr. Marco Antonio \u00e9 oficializada para o cargo de deputado federal nas pr\u00f3ximas elei\u00e7\u00f5es, com abrang\u00eancia em todo o estado de Minas Gerais. Ele concorre sob o n\u00famero 2526, representando o Partido Renova\u00e7\u00e3o Democr\u00e1tica (PRD). Sua candidatura tamb\u00e9m est\u00e1 vinculada \u00e0 Federa\u00e7\u00e3o Renova\u00e7\u00e3o Solid\u00e1ria, destacando sua participa\u00e7\u00e3o em uma coliga\u00e7\u00e3o voltada para a renova\u00e7\u00e3o das pr\u00e1ticas pol\u00edticas no pa\u00eds.<\/p>\n<h2>Ocupa\u00e7\u00e3o e Escolaridade<\/h2>\n<p>Dr. Marco Antonio tem forma\u00e7\u00e3o acad\u00eamica superior completa, especificamente no campo da medicina, onde atuou com dedica\u00e7\u00e3o ao longo dos anos. Essa forma\u00e7\u00e3o o habilita n\u00e3o apenas a entender as nuances do sistema de sa\u00fade, mas tamb\u00e9m a trazer propostas concretas para a melhoria desse setor t\u00e3o cr\u00edtico na vida dos cidad\u00e3os.<\/p>\n<p><img decoding=\"async\" src=\"https:\/\/www.encontraminasgerais.com.br\/itabira\/wp-content\/uploads\/2026\/08\/dr-marco-antonio-candidatura-a-deputado-federal-por-minas-gerais-eleicoes-2026.webp\" alt=\"candidatura a deputado federal por Minas Gerais\" loading=\"lazy\" \/><\/p>\n<h2>Informa\u00e7\u00f5es de Registro<\/h2>\n<p>O registro da candidatura de Dr. Marco Antonio foi deferido pela Justi\u00e7a Eleitoral, confirmando sua elegibilidade para competir nas elei\u00e7\u00f5es. Seu status de deferido garante que ele atenda a todos os requisitos legais e regulat\u00f3rios estabelecidos pela legisla\u00e7\u00e3o eleitoral brasileira.<\/p>\n<h2>Situacao na Justi\u00e7a Eleitoral<\/h2>\n<p>Atualmente, a candidatura de Dr. Marco Antonio est\u00e1 em situa\u00e7\u00e3o de deferimento pela Justi\u00e7a Eleitoral. No entanto, \u00e9 importante considerar que essa situa\u00e7\u00e3o pode sofrer altera\u00e7\u00f5es dependendo de decis\u00f5es futuras que possam afetar sua elegibilidade. Este acompanhamento \u00e9 fundamental para garantir um processo eleitoral transparente e justo.<\/p>\n<h2>Limite de Gastos da Campanha<\/h2>\n<p>Para as elei\u00e7\u00f5es de 2026, o limite de gastos estabelecido para a campanha de Dr. Marco Antonio \u00e9 de R$ 3.176.572,53. Esse valor \u00e9 regulado pela legisla\u00e7\u00e3o eleitoral e serve para garantir a equidade entre os candidatos, permitindo que todos tenham a oportunidade de competir em condi\u00e7\u00f5es similares.<\/p>\n<h2>Informa\u00e7\u00f5es Pessoais<\/h2>\n<p>O Dr. Marco Antonio nasceu em 28 de abril de 1957 na cidade de Itabira, Minas Gerais. Com nacionalidade brasileira nata, ele \u00e9 um exemplo de como a viv\u00eancia local pode influenciar na atua\u00e7\u00e3o pol\u00edtica. Com 70 anos de idade na data de posse, a experi\u00eancia de vida e profissional de Dr. Marco Antonio agrega valor \u00e0 sua postura como candidato. Al\u00e9m disso, ele \u00e9 casado e possui ascend\u00eancia quilombola, o que enriquece sua perspectiva sobre diversidade e inclus\u00e3o.<\/p>\n<h2>Coliga\u00e7\u00e3o e Federa\u00e7\u00e3o<\/h2>\n<p>Dr. Marco Antonio faz parte da Federa\u00e7\u00e3o Renova\u00e7\u00e3o Solid\u00e1ria, que busca unir for\u00e7as para promover uma renova\u00e7\u00e3o no cen\u00e1rio pol\u00edtico. A coliga\u00e7\u00e3o \u00e9 uma estrat\u00e9gia que visa fortalecer as candidaturas com propostas alinhadas, visando trazer uma nova vis\u00e3o para a pol\u00edtica nacional, com foco na transpar\u00eancia e na participa\u00e7\u00e3o ativa da sociedade no processo democr\u00e1tico.<\/p>\n<h2>Import\u00e2ncia da Candidatura<\/h2>\n<p>A candidatura de Dr. Marco Antonio \u00e9 significativa, especialmente em um momento onde a pol\u00edtica demanda renova\u00e7\u00e3o e a presen\u00e7a de l\u00edderes comprometidos com a sa\u00fade p\u00fablica e o bem-estar da popula\u00e7\u00e3o. Sua experi\u00eancia na medicina oferece uma vis\u00e3o \u00fanica sobre como abordar problemas cr\u00edticos, como o acesso \u00e0 sa\u00fade de qualidade e a necessidade de melhorias nas pol\u00edticas de sa\u00fade vigentes.<\/p>\n<h2>O Que Esperar nas Elei\u00e7\u00f5es 2026<\/h2>\n<p>As elei\u00e7\u00f5es de 2026 trazem a expectativa de um ambiente pol\u00edtico mais din\u00e2mico e representativo. A presen\u00e7a de candidatos como Dr. Marco Antonio, que possuem um hist\u00f3rico de compromisso com a sociedade, promete trazer discuss\u00f5es relevantes para o cen\u00e1rio nacional. Ele dever\u00e1 abordar temas como melhorias na sa\u00fade, educa\u00e7\u00e3o e inclus\u00e3o social, com a inten\u00e7\u00e3o de criar pol\u00edticas que atendam \u00e0s reais necessidades da popula\u00e7\u00e3o. Al\u00e9m disso, a participa\u00e7\u00e3o popular e o apoio \u00e0s iniciativas que visam a transforma\u00e7\u00e3o social ter\u00e3o papel crucial durante seu mandato.<\/p>\n","protected":false},"excerpt":{"rendered":"<p>DR. MARCO ANTONIO \u00e9 candidato a deputado federal por Minas Gerais nas Elei\u00e7\u00f5es 2026.<\/p>\n","protected":false},"author":1,"featured_media":6269,"comment_status":"open","ping_status":"open","sticky":false,"template":"","format":"standard","meta":{"footnotes":""},"categories":[5],"tags":[],"class_list":["post-6270","post","type-post","status-publish","format-standard","has-post-thumbnail","hentry","category-noticias","has_thumb"],"yoast_head":"<!-- This site is optimized with the Yoast SEO plugin v28.1 - https:\/\/yoast.com\/product\/yoast-seo-wordpress\/ -->\n<title>DR. MARCO ANTONIO: candidatura a deputado federal por Minas Gerais | Elei\u00e7\u00f5es 2026 | Guia Comercial de Itabira MG<\/title>\n<meta name=\"robots\" content=\"index, follow, max-snippet:-1, max-image-preview:large, max-video-preview:-1\" \/>\n<link rel=\"canonical\" href=\"https:\/\/www.encontraminasgerais.com.br\/itabira\/dr-marco-antonio-candidatura-a-deputado-federal-por-minas-gerais-eleicoes-2026\/\" \/>\n<meta property=\"og:locale\" content=\"pt_BR\" \/>\n<meta property=\"og:type\" content=\"article\" \/>\n<meta property=\"og:title\" content=\"DR. MARCO ANTONIO: candidatura a deputado federal por Minas Gerais | Elei\u00e7\u00f5es 2026 | Guia Comercial de Itabira MG\" \/>\n<meta property=\"og:description\" content=\"DR. MARCO ANTONIO \u00e9 candidato a deputado federal por Minas Gerais nas Elei\u00e7\u00f5es 2026.\" \/>\n<meta property=\"og:url\" content=\"https:\/\/www.encontraminasgerais.com.br\/itabira\/dr-marco-antonio-candidatura-a-deputado-federal-por-minas-gerais-eleicoes-2026\/\" \/>\n<meta property=\"og:site_name\" content=\"Guia Comercial de Itabira MG\" \/>\n<meta property=\"article:published_time\" content=\"2026-08-24T11:41:45+00:00\" \/>\n<meta property=\"og:image\" content=\"https:\/\/www.encontraminasgerais.com.br\/itabira\/wp-content\/uploads\/2026\/08\/dr-marco-antonio-candidatura-a-deputado-federal-por-minas-gerais-eleicoes-2026.webp\" \/>\n<meta name=\"author\" content=\"Encontra Itabira\" \/>\n<meta name=\"twitter:card\" content=\"summary_large_image\" \/>\n<meta name=\"twitter:label1\" content=\"Escrito por\" \/>\n\t<meta name=\"twitter:data1\" content=\"Encontra Itabira\" \/>\n\t<meta name=\"twitter:label2\" content=\"Est. tempo de leitura\" \/>\n\t<meta name=\"twitter:data2\" content=\"4 minutos\" \/>\n<script type=\"application\/ld+json\" class=\"yoast-schema-graph\">{\"@context\":\"https:\\\/\\\/schema.org\",\"@graph\":[{\"@type\":\"Article\",\"@id\":\"https:\\\/\\\/www.encontraminasgerais.com.br\\\/itabira\\\/dr-marco-antonio-candidatura-a-deputado-federal-por-minas-gerais-eleicoes-2026\\\/#article\",\"isPartOf\":{\"@id\":\"https:\\\/\\\/www.encontraminasgerais.com.br\\\/itabira\\\/dr-marco-antonio-candidatura-a-deputado-federal-por-minas-gerais-eleicoes-2026\\\/\"},\"author\":{\"name\":\"Encontra Itabira\",\"@id\":\"https:\\\/\\\/www.encontraminasgerais.com.br\\\/itabira\\\/#\\\/schema\\\/person\\\/9ae8a8f5ce59322c92e2499b550870b0\"},\"headline\":\"DR. MARCO ANTONIO: candidatura a deputado federal por Minas Gerais | Elei\u00e7\u00f5es 2026\",\"datePublished\":\"2026-08-24T11:41:45+00:00\",\"mainEntityOfPage\":{\"@id\":\"https:\\\/\\\/www.encontraminasgerais.com.br\\\/itabira\\\/dr-marco-antonio-candidatura-a-deputado-federal-por-minas-gerais-eleicoes-2026\\\/\"},\"wordCount\":738,\"commentCount\":0,\"image\":{\"@id\":\"https:\\\/\\\/www.encontraminasgerais.com.br\\\/itabira\\\/dr-marco-antonio-candidatura-a-deputado-federal-por-minas-gerais-eleicoes-2026\\\/#primaryimage\"},\"thumbnailUrl\":\"https:\\\/\\\/www.encontraminasgerais.com.br\\\/itabira\\\/wp-content\\\/uploads\\\/2026\\\/08\\\/dr-marco-antonio-candidatura-a-deputado-federal-por-minas-gerais-eleicoes-2026.webp\",\"articleSection\":[\"Not\u00edcias Itabira\"],\"inLanguage\":\"pt-BR\",\"potentialAction\":[{\"@type\":\"CommentAction\",\"name\":\"Comment\",\"target\":[\"https:\\\/\\\/www.encontraminasgerais.com.br\\\/itabira\\\/dr-marco-antonio-candidatura-a-deputado-federal-por-minas-gerais-eleicoes-2026\\\/#respond\"]}]},{\"@type\":\"WebPage\",\"@id\":\"https:\\\/\\\/www.encontraminasgerais.com.br\\\/itabira\\\/dr-marco-antonio-candidatura-a-deputado-federal-por-minas-gerais-eleicoes-2026\\\/\",\"url\":\"https:\\\/\\\/www.encontraminasgerais.com.br\\\/itabira\\\/dr-marco-antonio-candidatura-a-deputado-federal-por-minas-gerais-eleicoes-2026\\\/\",\"name\":\"DR. MARCO ANTONIO: candidatura a deputado federal por Minas Gerais | Elei\u00e7\u00f5es 2026 | Guia Comercial de Itabira MG\",\"isPartOf\":{\"@id\":\"https:\\\/\\\/www.encontraminasgerais.com.br\\\/itabira\\\/#website\"},\"primaryImageOfPage\":{\"@id\":\"https:\\\/\\\/www.encontraminasgerais.com.br\\\/itabira\\\/dr-marco-antonio-candidatura-a-deputado-federal-por-minas-gerais-eleicoes-2026\\\/#primaryimage\"},\"image\":{\"@id\":\"https:\\\/\\\/www.encontraminasgerais.com.br\\\/itabira\\\/dr-marco-antonio-candidatura-a-deputado-federal-por-minas-gerais-eleicoes-2026\\\/#primaryimage\"},\"thumbnailUrl\":\"https:\\\/\\\/www.encontraminasgerais.com.br\\\/itabira\\\/wp-content\\\/uploads\\\/2026\\\/08\\\/dr-marco-antonio-candidatura-a-deputado-federal-por-minas-gerais-eleicoes-2026.webp\",\"datePublished\":\"2026-08-24T11:41:45+00:00\",\"author\":{\"@id\":\"https:\\\/\\\/www.encontraminasgerais.com.br\\\/itabira\\\/#\\\/schema\\\/person\\\/9ae8a8f5ce59322c92e2499b550870b0\"},\"inLanguage\":\"pt-BR\",\"potentialAction\":[{\"@type\":\"ReadAction\",\"target\":[\"https:\\\/\\\/www.encontraminasgerais.com.br\\\/itabira\\\/dr-marco-antonio-candidatura-a-deputado-federal-por-minas-gerais-eleicoes-2026\\\/\"]}]},{\"@type\":\"ImageObject\",\"inLanguage\":\"pt-BR\",\"@id\":\"https:\\\/\\\/www.encontraminasgerais.com.br\\\/itabira\\\/dr-marco-antonio-candidatura-a-deputado-federal-por-minas-gerais-eleicoes-2026\\\/#primaryimage\",\"url\":\"https:\\\/\\\/www.encontraminasgerais.com.br\\\/itabira\\\/wp-content\\\/uploads\\\/2026\\\/08\\\/dr-marco-antonio-candidatura-a-deputado-federal-por-minas-gerais-eleicoes-2026.webp\",\"contentUrl\":\"https:\\\/\\\/www.encontraminasgerais.com.br\\\/itabira\\\/wp-content\\\/uploads\\\/2026\\\/08\\\/dr-marco-antonio-candidatura-a-deputado-federal-por-minas-gerais-eleicoes-2026.webp\",\"width\":280,\"height\":280,\"caption\":\"candidatura a deputado federal por Minas Gerais\"},{\"@type\":\"WebSite\",\"@id\":\"https:\\\/\\\/www.encontraminasgerais.com.br\\\/itabira\\\/#website\",\"url\":\"https:\\\/\\\/www.encontraminasgerais.com.br\\\/itabira\\\/\",\"name\":\"Guia Comercial de Itabira MG\",\"description\":\"ENCONTRA ITABIRA - O guia comercial de neg\u00f3cios e empresas, cultura e divers\u00e3o na cidade de Itabira. Feito 100% para voc\u00ea morador!\",\"potentialAction\":[{\"@type\":\"SearchAction\",\"target\":{\"@type\":\"EntryPoint\",\"urlTemplate\":\"https:\\\/\\\/www.encontraminasgerais.com.br\\\/itabira\\\/?s={search_term_string}\"},\"query-input\":{\"@type\":\"PropertyValueSpecification\",\"valueRequired\":true,\"valueName\":\"search_term_string\"}}],\"inLanguage\":\"pt-BR\"},{\"@type\":\"Person\",\"@id\":\"https:\\\/\\\/www.encontraminasgerais.com.br\\\/itabira\\\/#\\\/schema\\\/person\\\/9ae8a8f5ce59322c92e2499b550870b0\",\"name\":\"Encontra Itabira\",\"image\":{\"@type\":\"ImageObject\",\"inLanguage\":\"pt-BR\",\"@id\":\"https:\\\/\\\/secure.gravatar.com\\\/avatar\\\/c50c17820bcf322f0a8fd6b110b8c0918141409dc69076470f6fca5fee70a5d4?s=96&d=mm&r=g\",\"url\":\"https:\\\/\\\/secure.gravatar.com\\\/avatar\\\/c50c17820bcf322f0a8fd6b110b8c0918141409dc69076470f6fca5fee70a5d4?s=96&d=mm&r=g\",\"contentUrl\":\"https:\\\/\\\/secure.gravatar.com\\\/avatar\\\/c50c17820bcf322f0a8fd6b110b8c0918141409dc69076470f6fca5fee70a5d4?s=96&d=mm&r=g\",\"caption\":\"Encontra Itabira\"},\"url\":\"https:\\\/\\\/www.encontraminasgerais.com.br\\\/itabira\\\/author\\\/encontraitabira\\\/\"}]}<\/script>\n<!-- \/ Yoast SEO plugin. -->","yoast_head_json":{"title":"DR. MARCO ANTONIO: candidatura a deputado federal por Minas Gerais | Elei\u00e7\u00f5es 2026 | Guia Comercial de Itabira MG","robots":{"index":"index","follow":"follow","max-snippet":"max-snippet:-1","max-image-preview":"max-image-preview:large","max-video-preview":"max-video-preview:-1"},"canonical":"https:\/\/www.encontraminasgerais.com.br\/itabira\/dr-marco-antonio-candidatura-a-deputado-federal-por-minas-gerais-eleicoes-2026\/","og_locale":"pt_BR","og_type":"article","og_title":"DR. MARCO ANTONIO: candidatura a deputado federal por Minas Gerais | Elei\u00e7\u00f5es 2026 | Guia Comercial de Itabira MG","og_description":"DR. MARCO ANTONIO \u00e9 candidato a deputado federal por Minas Gerais nas Elei\u00e7\u00f5es 2026.","og_url":"https:\/\/www.encontraminasgerais.com.br\/itabira\/dr-marco-antonio-candidatura-a-deputado-federal-por-minas-gerais-eleicoes-2026\/","og_site_name":"Guia Comercial de Itabira MG","article_published_time":"2026-08-24T11:41:45+00:00","og_image":[{"url":"https:\/\/www.encontraminasgerais.com.br\/itabira\/wp-content\/uploads\/2026\/08\/dr-marco-antonio-candidatura-a-deputado-federal-por-minas-gerais-eleicoes-2026.webp","type":"","width":"","height":""}],"author":"Encontra Itabira","twitter_card":"summary_large_image","twitter_misc":{"Escrito por":"Encontra Itabira","Est. tempo de leitura":"4 minutos"},"schema":{"@context":"https:\/\/schema.org","@graph":[{"@type":"Article","@id":"https:\/\/www.encontraminasgerais.com.br\/itabira\/dr-marco-antonio-candidatura-a-deputado-federal-por-minas-gerais-eleicoes-2026\/#article","isPartOf":{"@id":"https:\/\/www.encontraminasgerais.com.br\/itabira\/dr-marco-antonio-candidatura-a-deputado-federal-por-minas-gerais-eleicoes-2026\/"},"author":{"name":"Encontra Itabira","@id":"https:\/\/www.encontraminasgerais.com.br\/itabira\/#\/schema\/person\/9ae8a8f5ce59322c92e2499b550870b0"},"headline":"DR. MARCO ANTONIO: candidatura a deputado federal por Minas Gerais | Elei\u00e7\u00f5es 2026","datePublished":"2026-08-24T11:41:45+00:00","mainEntityOfPage":{"@id":"https:\/\/www.encontraminasgerais.com.br\/itabira\/dr-marco-antonio-candidatura-a-deputado-federal-por-minas-gerais-eleicoes-2026\/"},"wordCount":738,"commentCount":0,"image":{"@id":"https:\/\/www.encontraminasgerais.com.br\/itabira\/dr-marco-antonio-candidatura-a-deputado-federal-por-minas-gerais-eleicoes-2026\/#primaryimage"},"thumbnailUrl":"https:\/\/www.encontraminasgerais.com.br\/itabira\/wp-content\/uploads\/2026\/08\/dr-marco-antonio-candidatura-a-deputado-federal-por-minas-gerais-eleicoes-2026.webp","articleSection":["Not\u00edcias Itabira"],"inLanguage":"pt-BR","potentialAction":[{"@type":"CommentAction","name":"Comment","target":["https:\/\/www.encontraminasgerais.com.br\/itabira\/dr-marco-antonio-candidatura-a-deputado-federal-por-minas-gerais-eleicoes-2026\/#respond"]}]},{"@type":"WebPage","@id":"https:\/\/www.encontraminasgerais.com.br\/itabira\/dr-marco-antonio-candidatura-a-deputado-federal-por-minas-gerais-eleicoes-2026\/","url":"https:\/\/www.encontraminasgerais.com.br\/itabira\/dr-marco-antonio-candidatura-a-deputado-federal-por-minas-gerais-eleicoes-2026\/","name":"DR. MARCO ANTONIO: candidatura a deputado federal por Minas Gerais | Elei\u00e7\u00f5es 2026 | Guia Comercial de Itabira MG","isPartOf":{"@id":"https:\/\/www.encontraminasgerais.com.br\/itabira\/#website"},"primaryImageOfPage":{"@id":"https:\/\/www.encontraminasgerais.com.br\/itabira\/dr-marco-antonio-candidatura-a-deputado-federal-por-minas-gerais-eleicoes-2026\/#primaryimage"},"image":{"@id":"https:\/\/www.encontraminasgerais.com.br\/itabira\/dr-marco-antonio-candidatura-a-deputado-federal-por-minas-gerais-eleicoes-2026\/#primaryimage"},"thumbnailUrl":"https:\/\/www.encontraminasgerais.com.br\/itabira\/wp-content\/uploads\/2026\/08\/dr-marco-antonio-candidatura-a-deputado-federal-por-minas-gerais-eleicoes-2026.webp","datePublished":"2026-08-24T11:41:45+00:00","author":{"@id":"https:\/\/www.encontraminasgerais.com.br\/itabira\/#\/schema\/person\/9ae8a8f5ce59322c92e2499b550870b0"},"inLanguage":"pt-BR","potentialAction":[{"@type":"ReadAction","target":["https:\/\/www.encontraminasgerais.com.br\/itabira\/dr-marco-antonio-candidatura-a-deputado-federal-por-minas-gerais-eleicoes-2026\/"]}]},{"@type":"ImageObject","inLanguage":"pt-BR","@id":"https:\/\/www.encontraminasgerais.com.br\/itabira\/dr-marco-antonio-candidatura-a-deputado-federal-por-minas-gerais-eleicoes-2026\/#primaryimage","url":"https:\/\/www.encontraminasgerais.com.br\/itabira\/wp-content\/uploads\/2026\/08\/dr-marco-antonio-candidatura-a-deputado-federal-por-minas-gerais-eleicoes-2026.webp","contentUrl":"https:\/\/www.encontraminasgerais.com.br\/itabira\/wp-content\/uploads\/2026\/08\/dr-marco-antonio-candidatura-a-deputado-federal-por-minas-gerais-eleicoes-2026.webp","width":280,"height":280,"caption":"candidatura a deputado federal por Minas Gerais"},{"@type":"WebSite","@id":"https:\/\/www.encontraminasgerais.com.br\/itabira\/#website","url":"https:\/\/www.encontraminasgerais.com.br\/itabira\/","name":"Guia Comercial de Itabira MG","description":"ENCONTRA ITABIRA - O guia comercial de neg\u00f3cios e empresas, cultura e divers\u00e3o na cidade de Itabira. Feito 100% para voc\u00ea morador!","potentialAction":[{"@type":"SearchAction","target":{"@type":"EntryPoint","urlTemplate":"https:\/\/www.encontraminasgerais.com.br\/itabira\/?s={search_term_string}"},"query-input":{"@type":"PropertyValueSpecification","valueRequired":true,"valueName":"search_term_string"}}],"inLanguage":"pt-BR"},{"@type":"Person","@id":"https:\/\/www.encontraminasgerais.com.br\/itabira\/#\/schema\/person\/9ae8a8f5ce59322c92e2499b550870b0","name":"Encontra Itabira","image":{"@type":"ImageObject","inLanguage":"pt-BR","@id":"https:\/\/secure.gravatar.com\/avatar\/c50c17820bcf322f0a8fd6b110b8c0918141409dc69076470f6fca5fee70a5d4?s=96&d=mm&r=g","url":"https:\/\/secure.gravatar.com\/avatar\/c50c17820bcf322f0a8fd6b110b8c0918141409dc69076470f6fca5fee70a5d4?s=96&d=mm&r=g","contentUrl":"https:\/\/secure.gravatar.com\/avatar\/c50c17820bcf322f0a8fd6b110b8c0918141409dc69076470f6fca5fee70a5d4?s=96&d=mm&r=g","caption":"Encontra Itabira"},"url":"https:\/\/www.encontraminasgerais.com.br\/itabira\/author\/encontraitabira\/"}]}},"_links":{"self":[{"href":"https:\/\/www.encontraminasgerais.com.br\/itabira\/wp-json\/wp\/v2\/posts\/6270","targetHints":{"allow":["GET"]}}],"collection":[{"href":"https:\/\/www.encontraminasgerais.com.br\/itabira\/wp-json\/wp\/v2\/posts"}],"about":[{"href":"https:\/\/www.encontraminasgerais.com.br\/itabira\/wp-json\/wp\/v2\/types\/post"}],"author":[{"embeddable":true,"href":"https:\/\/www.encontraminasgerais.com.br\/itabira\/wp-json\/wp\/v2\/users\/1"}],"replies":[{"embeddable":true,"href":"https:\/\/www.encontraminasgerais.com.br\/itabira\/wp-json\/wp\/v2\/comments?post=6270"}],"version-history":[{"count":0,"href":"https:\/\/www.encontraminasgerais.com.br\/itabira\/wp-json\/wp\/v2\/posts\/6270\/revisions"}],"wp:featuredmedia":[{"embeddable":true,"href":"https:\/\/www.encontraminasgerais.com.br\/itabira\/wp-json\/wp\/v2\/media\/6269"}],"wp:attachment":[{"href":"https:\/\/www.encontraminasgerais.com.br\/itabira\/wp-json\/wp\/v2\/media?parent=6270"}],"wp:term":[{"taxonomy":"category","embeddable":true,"href":"https:\/\/www.encontraminasgerais.com.br\/itabira\/wp-json\/wp\/v2\/categories?post=6270"},{"taxonomy":"post_tag","embeddable":true,"href":"https:\/\/www.encontraminasgerais.com.br\/itabira\/wp-json\/wp\/v2\/tags?post=6270"}],"curies":[{"name":"wp","href":"https:\/\/api.w.org\/{rel}","templated":true}]}}