{"id":6294,"date":"2026-08-28T08:41:54","date_gmt":"2026-08-28T11:41:54","guid":{"rendered":"https:\/\/www.encontraminasgerais.com.br\/itabira\/amig-brasil-media-debate-sobre-planos-estaduais-de-mineracao-e-desenvolvimento-regional-durante-a-exposibram\/"},"modified":"2026-08-28T08:41:54","modified_gmt":"2026-08-28T11:41:54","slug":"amig-brasil-media-debate-sobre-planos-estaduais-de-mineracao-e-desenvolvimento-regional-durante-a-exposibram","status":"publish","type":"post","link":"https:\/\/www.encontraminasgerais.com.br\/itabira\/amig-brasil-media-debate-sobre-planos-estaduais-de-mineracao-e-desenvolvimento-regional-durante-a-exposibram\/","title":{"rendered":"AMIG Brasil media debate sobre planos estaduais de minera\u00e7\u00e3o e desenvolvimento regional durante a Exposibram"},"content":{"rendered":"<h2>AMIG Brasil e a Exposibram<\/h2>\n<p>Na \u00faltima quarta-feira (26\/08), o presidente da AMIG Brasil, Marco Ant\u00f4nio Lage, atuou como mediador no painel intitulado &#8220;Iniciativas Estaduais para Planos de Minera\u00e7\u00e3o e Desenvolvimento Regional&#8221;, que ocorreu durante a Exposibram, em Belo Horizonte. O evento reuniu autoridades e representantes de estados como Minas Gerais, Bahia, S\u00e3o Paulo, Goi\u00e1s e Par\u00e1, que vieram discutir as estrat\u00e9gias do setor mineral frente a novos desafios e a crescente import\u00e2ncia de minerais considerados cr\u00edticos e estrat\u00e9gicos.<\/p>\n<h2>O Papel de Minas Gerais na Minera\u00e7\u00e3o<\/h2>\n<p>Gustavo Souza, secret\u00e1rio de Desenvolvimento Econ\u00f4mico de Minas Gerais, enfatizou a cria\u00e7\u00e3o do Plano Estadual de Minera\u00e7\u00e3o Sustent\u00e1vel (PEM-MG 2040), que delineia diretrizes para o desenvolvimento regional focadas na sustentabilidade e na transpar\u00eancia. Este plano \u00e9 um pilar fundamental para integrar as v\u00e1rias partes interessadas do setor mineral e tra\u00e7ar solu\u00e7\u00f5es que respeitem as demandas sociais e ambientais.<\/p>\n<h2>Desenvolvimento Sustent\u00e1vel na Bahia<\/h2>\n<p>A secret\u00e1ria de Desenvolvimento Econ\u00f4mico da Bahia, Ana Cristina Franco Magalh\u00e3es, apresentou as a\u00e7\u00f5es que est\u00e3o sendo implementadas para garantir que os recursos minerais contribuam para o crescimento local. Isso implica um planejamento que vincule claramente a minera\u00e7\u00e3o com a preserva\u00e7\u00e3o ambiental e o desenvolvimento econ\u00f4mico sustent\u00e1vel, preparando os munic\u00edpios para melhor se posicionarem nesse setor.<\/p>\n<p><img decoding=\"async\" src=\"https:\/\/www.encontraminasgerais.com.br\/itabira\/wp-content\/uploads\/2026\/08\/amig-brasil-media-debate-sobre-planos-estaduais-de-mineracao-e-desenvolvimento-regional-durante-a-ex.webp\" alt=\"planos estaduais de minera\u00e7\u00e3o\" loading=\"lazy\" \/><\/p>\n<h2>A Vis\u00e3o de S\u00e3o Paulo para o Setor Mineral<\/h2>\n<p>L\u00edlia Mascarenhas Sant\u2019Agostinho, respons\u00e1vel pela secretaria de Meio Ambiente, Infraestrutura e Log\u00edstica de S\u00e3o Paulo (SEMIL), comentou que o estado est\u00e1 desenvolvendo um plano estadual de minera\u00e7\u00e3o que conta com o suporte de uma equipe profissional multidisciplinar. Este trabalho visa assegurar que as considera\u00e7\u00f5es ambientais e urbanas sejam incorporadas ao ordenamento do territ\u00f3rio, permitindo uma harmoniza\u00e7\u00e3o entre a atividade mineral e as caracter\u00edsticas regionais.<\/p>\n<h2>Iniciativas em Goi\u00e1s para Gest\u00e3o Mineral<\/h2>\n<p>Em Goi\u00e1s, a representante do governo, Livia Marques de Almeida Parreira, mencionou a constru\u00e7\u00e3o do termo de refer\u00eancia para o plano de minera\u00e7\u00e3o que foi elaborada atrav\u00e9s de um processo multidisciplinar, integrando a academia, a sociedade e diferentes setores. As estrat\u00e9gias incluem a implementa\u00e7\u00e3o de tecnologias avan\u00e7adas, a proposta de agregar valor aos minerais e a gest\u00e3o adequada dos res\u00edduos gerados pela atividade mineral.<\/p>\n<h2>Boas Pr\u00e1ticas na Minera\u00e7\u00e3o do Par\u00e1<\/h2>\n<p>O estado do Par\u00e1 destacou a import\u00e2ncia de adotar boas pr\u00e1ticas na minera\u00e7\u00e3o para garantir tanto o desenvolvimento regional quanto a preserva\u00e7\u00e3o das \u00e1reas protegidas. O governo do Par\u00e1 est\u00e1 progredindo na formula\u00e7\u00e3o de diretrizes e iniciativas fundamentadas em pr\u00e1ticas reconhecidas, promovendo a articula\u00e7\u00e3o entre empresas e organiza\u00e7\u00f5es civis.<\/p>\n<h2>A Import\u00e2ncia do Planejamento Territorial<\/h2>\n<p>Um aspecto central discutido no painel foi a relev\u00e2ncia do planejamento territorial. As pol\u00edticas devem considerar n\u00e3o apenas as potencialidades minerais, mas tamb\u00e9m as \u00e1reas ambientais e parques, garantindo que o desenvolvimento das atividades mineradoras respeite as caracter\u00edsticas dos munic\u00edpios.<\/p>\n<h2>Minerais Cr\u00edticos e suas Implica\u00e7\u00f5es<\/h2>\n<p>Os minerais cr\u00edticos t\u00eam recebido aten\u00e7\u00e3o redobrada por sua import\u00e2ncia estrat\u00e9gica em diversas ind\u00fastrias. Os ministros discutiram como a nova realidade desses recursos exigir\u00e1 da gest\u00e3o p\u00fablica novas abordagens para viabilizar a explora\u00e7\u00e3o sustent\u00e1vel e a responsabilidade no uso dos mesmos, representando oportunidades para desenvolvimento regional.<\/p>\n<h2>A Ag\u00eancia Nacional de Minera\u00e7\u00e3o e seus Desafios<\/h2>\n<p>Marco Ant\u00f4nio Lage tamb\u00e9m chamou a aten\u00e7\u00e3o para a necessidade de fortalecer a estrutura da Ag\u00eancia Nacional de Minera\u00e7\u00e3o (ANM) e prop\u00f4s investimentos no Servi\u00e7o Geol\u00f3gico do Brasil (SGB). Essa \u00e9 uma forma de expandir o conhecimento geol\u00f3gico das diversas regi\u00f5es, al\u00e9m de promover maior autonomia para os munic\u00edpios que enfrentam os impactos diretos da atividade mineradora.<\/p>\n<h2>Agrega\u00e7\u00e3o de Valor nos Produtos Minerais<\/h2>\n<p>O presidente da AMIG Brasil reiterou que \u00e9 crucial que haja um esfor\u00e7o para agregar valor aos produtos minerais nas regi\u00f5es produtoras. Ao garantir que uma parte significativa da riqueza gerada pela minera\u00e7\u00e3o permane\u00e7a nas comunidades locais, aumenta-se as chances de um desenvolvimento econ\u00f4mico e social efetivo.<\/p>\n<h2>Sobre a Exposibram<\/h2>\n<p>A Exposibram \u2013 Expo &#038; Congresso Brasileiro de Minera\u00e7\u00e3o \u00e9 um dos eventos mais importantes do Brasil no contexto mineral, juntando empresas do setor, governo, especialistas e a sociedade para abordar as dificuldades e inova\u00e7\u00f5es necess\u00e1rias para o futuro da minera\u00e7\u00e3o. O evento deste ano ocorreu de 24 a 27 de agosto no Expominas, em Belo Horizonte e destacou a relev\u00e2ncia de uma minera\u00e7\u00e3o que seja planejada e sustent\u00e1vel.<\/p>\n","protected":false},"excerpt":{"rendered":"<p>Explore como a AMIG Brasil debate planos estaduais de minera\u00e7\u00e3o e desenvolvimento regional na Exposibram.<\/p>\n","protected":false},"author":1,"featured_media":6293,"comment_status":"open","ping_status":"open","sticky":false,"template":"","format":"standard","meta":{"footnotes":""},"categories":[898],"tags":[],"class_list":["post-6294","post","type-post","status-publish","format-standard","has-post-thumbnail","hentry","category-exposicao","has_thumb"],"yoast_head":"<!-- This site is optimized with the Yoast SEO plugin v28.1 - https:\/\/yoast.com\/product\/yoast-seo-wordpress\/ -->\n<title>AMIG Brasil media debate sobre planos estaduais de minera\u00e7\u00e3o e desenvolvimento regional durante a Exposibram | Guia Comercial de Itabira MG<\/title>\n<meta name=\"robots\" content=\"index, follow, max-snippet:-1, max-image-preview:large, max-video-preview:-1\" \/>\n<link rel=\"canonical\" href=\"https:\/\/www.encontraminasgerais.com.br\/itabira\/amig-brasil-media-debate-sobre-planos-estaduais-de-mineracao-e-desenvolvimento-regional-durante-a-exposibram\/\" \/>\n<meta property=\"og:locale\" content=\"pt_BR\" \/>\n<meta property=\"og:type\" content=\"article\" \/>\n<meta property=\"og:title\" content=\"AMIG Brasil media debate sobre planos estaduais de minera\u00e7\u00e3o e desenvolvimento regional durante a Exposibram | Guia Comercial de Itabira MG\" \/>\n<meta property=\"og:description\" content=\"Explore como a AMIG Brasil debate planos estaduais de minera\u00e7\u00e3o e desenvolvimento regional na Exposibram.\" \/>\n<meta property=\"og:url\" content=\"https:\/\/www.encontraminasgerais.com.br\/itabira\/amig-brasil-media-debate-sobre-planos-estaduais-de-mineracao-e-desenvolvimento-regional-durante-a-exposibram\/\" \/>\n<meta property=\"og:site_name\" content=\"Guia Comercial de Itabira MG\" \/>\n<meta property=\"article:published_time\" content=\"2026-08-28T11:41:54+00:00\" \/>\n<meta property=\"og:image\" content=\"https:\/\/www.encontraminasgerais.com.br\/itabira\/wp-content\/uploads\/2026\/08\/amig-brasil-media-debate-sobre-planos-estaduais-de-mineracao-e-desenvolvimento-regional-durante-a-ex.webp\" \/>\n<meta name=\"author\" content=\"Encontra Itabira\" \/>\n<meta name=\"twitter:card\" content=\"summary_large_image\" \/>\n<meta name=\"twitter:label1\" content=\"Escrito por\" \/>\n\t<meta name=\"twitter:data1\" content=\"Encontra Itabira\" \/>\n\t<meta name=\"twitter:label2\" content=\"Est. tempo de leitura\" \/>\n\t<meta name=\"twitter:data2\" content=\"4 minutos\" \/>\n<script type=\"application\/ld+json\" class=\"yoast-schema-graph\">{\"@context\":\"https:\\\/\\\/schema.org\",\"@graph\":[{\"@type\":\"Article\",\"@id\":\"https:\\\/\\\/www.encontraminasgerais.com.br\\\/itabira\\\/amig-brasil-media-debate-sobre-planos-estaduais-de-mineracao-e-desenvolvimento-regional-durante-a-exposibram\\\/#article\",\"isPartOf\":{\"@id\":\"https:\\\/\\\/www.encontraminasgerais.com.br\\\/itabira\\\/amig-brasil-media-debate-sobre-planos-estaduais-de-mineracao-e-desenvolvimento-regional-durante-a-exposibram\\\/\"},\"author\":{\"name\":\"Encontra Itabira\",\"@id\":\"https:\\\/\\\/www.encontraminasgerais.com.br\\\/itabira\\\/#\\\/schema\\\/person\\\/9ae8a8f5ce59322c92e2499b550870b0\"},\"headline\":\"AMIG Brasil media debate sobre planos estaduais de minera\u00e7\u00e3o e desenvolvimento regional durante a Exposibram\",\"datePublished\":\"2026-08-28T11:41:54+00:00\",\"mainEntityOfPage\":{\"@id\":\"https:\\\/\\\/www.encontraminasgerais.com.br\\\/itabira\\\/amig-brasil-media-debate-sobre-planos-estaduais-de-mineracao-e-desenvolvimento-regional-durante-a-exposibram\\\/\"},\"wordCount\":803,\"commentCount\":0,\"image\":{\"@id\":\"https:\\\/\\\/www.encontraminasgerais.com.br\\\/itabira\\\/amig-brasil-media-debate-sobre-planos-estaduais-de-mineracao-e-desenvolvimento-regional-durante-a-exposibram\\\/#primaryimage\"},\"thumbnailUrl\":\"https:\\\/\\\/www.encontraminasgerais.com.br\\\/itabira\\\/wp-content\\\/uploads\\\/2026\\\/08\\\/amig-brasil-media-debate-sobre-planos-estaduais-de-mineracao-e-desenvolvimento-regional-durante-a-ex.webp\",\"articleSection\":[\"Exposi\u00e7\u00e3o Itabira\"],\"inLanguage\":\"pt-BR\",\"potentialAction\":[{\"@type\":\"CommentAction\",\"name\":\"Comment\",\"target\":[\"https:\\\/\\\/www.encontraminasgerais.com.br\\\/itabira\\\/amig-brasil-media-debate-sobre-planos-estaduais-de-mineracao-e-desenvolvimento-regional-durante-a-exposibram\\\/#respond\"]}]},{\"@type\":\"WebPage\",\"@id\":\"https:\\\/\\\/www.encontraminasgerais.com.br\\\/itabira\\\/amig-brasil-media-debate-sobre-planos-estaduais-de-mineracao-e-desenvolvimento-regional-durante-a-exposibram\\\/\",\"url\":\"https:\\\/\\\/www.encontraminasgerais.com.br\\\/itabira\\\/amig-brasil-media-debate-sobre-planos-estaduais-de-mineracao-e-desenvolvimento-regional-durante-a-exposibram\\\/\",\"name\":\"AMIG Brasil media debate sobre planos estaduais de minera\u00e7\u00e3o e desenvolvimento regional durante a Exposibram | Guia Comercial de Itabira MG\",\"isPartOf\":{\"@id\":\"https:\\\/\\\/www.encontraminasgerais.com.br\\\/itabira\\\/#website\"},\"primaryImageOfPage\":{\"@id\":\"https:\\\/\\\/www.encontraminasgerais.com.br\\\/itabira\\\/amig-brasil-media-debate-sobre-planos-estaduais-de-mineracao-e-desenvolvimento-regional-durante-a-exposibram\\\/#primaryimage\"},\"image\":{\"@id\":\"https:\\\/\\\/www.encontraminasgerais.com.br\\\/itabira\\\/amig-brasil-media-debate-sobre-planos-estaduais-de-mineracao-e-desenvolvimento-regional-durante-a-exposibram\\\/#primaryimage\"},\"thumbnailUrl\":\"https:\\\/\\\/www.encontraminasgerais.com.br\\\/itabira\\\/wp-content\\\/uploads\\\/2026\\\/08\\\/amig-brasil-media-debate-sobre-planos-estaduais-de-mineracao-e-desenvolvimento-regional-durante-a-ex.webp\",\"datePublished\":\"2026-08-28T11:41:54+00:00\",\"author\":{\"@id\":\"https:\\\/\\\/www.encontraminasgerais.com.br\\\/itabira\\\/#\\\/schema\\\/person\\\/9ae8a8f5ce59322c92e2499b550870b0\"},\"inLanguage\":\"pt-BR\",\"potentialAction\":[{\"@type\":\"ReadAction\",\"target\":[\"https:\\\/\\\/www.encontraminasgerais.com.br\\\/itabira\\\/amig-brasil-media-debate-sobre-planos-estaduais-de-mineracao-e-desenvolvimento-regional-durante-a-exposibram\\\/\"]}]},{\"@type\":\"ImageObject\",\"inLanguage\":\"pt-BR\",\"@id\":\"https:\\\/\\\/www.encontraminasgerais.com.br\\\/itabira\\\/amig-brasil-media-debate-sobre-planos-estaduais-de-mineracao-e-desenvolvimento-regional-durante-a-exposibram\\\/#primaryimage\",\"url\":\"https:\\\/\\\/www.encontraminasgerais.com.br\\\/itabira\\\/wp-content\\\/uploads\\\/2026\\\/08\\\/amig-brasil-media-debate-sobre-planos-estaduais-de-mineracao-e-desenvolvimento-regional-durante-a-ex.webp\",\"contentUrl\":\"https:\\\/\\\/www.encontraminasgerais.com.br\\\/itabira\\\/wp-content\\\/uploads\\\/2026\\\/08\\\/amig-brasil-media-debate-sobre-planos-estaduais-de-mineracao-e-desenvolvimento-regional-durante-a-ex.webp\",\"width\":280,\"height\":280,\"caption\":\"planos estaduais de minera\u00e7\u00e3o\"},{\"@type\":\"WebSite\",\"@id\":\"https:\\\/\\\/www.encontraminasgerais.com.br\\\/itabira\\\/#website\",\"url\":\"https:\\\/\\\/www.encontraminasgerais.com.br\\\/itabira\\\/\",\"name\":\"Guia Comercial de Itabira MG\",\"description\":\"ENCONTRA ITABIRA - O guia comercial de neg\u00f3cios e empresas, cultura e divers\u00e3o na cidade de Itabira. Feito 100% para voc\u00ea morador!\",\"potentialAction\":[{\"@type\":\"SearchAction\",\"target\":{\"@type\":\"EntryPoint\",\"urlTemplate\":\"https:\\\/\\\/www.encontraminasgerais.com.br\\\/itabira\\\/?s={search_term_string}\"},\"query-input\":{\"@type\":\"PropertyValueSpecification\",\"valueRequired\":true,\"valueName\":\"search_term_string\"}}],\"inLanguage\":\"pt-BR\"},{\"@type\":\"Person\",\"@id\":\"https:\\\/\\\/www.encontraminasgerais.com.br\\\/itabira\\\/#\\\/schema\\\/person\\\/9ae8a8f5ce59322c92e2499b550870b0\",\"name\":\"Encontra Itabira\",\"image\":{\"@type\":\"ImageObject\",\"inLanguage\":\"pt-BR\",\"@id\":\"https:\\\/\\\/secure.gravatar.com\\\/avatar\\\/c50c17820bcf322f0a8fd6b110b8c0918141409dc69076470f6fca5fee70a5d4?s=96&d=mm&r=g\",\"url\":\"https:\\\/\\\/secure.gravatar.com\\\/avatar\\\/c50c17820bcf322f0a8fd6b110b8c0918141409dc69076470f6fca5fee70a5d4?s=96&d=mm&r=g\",\"contentUrl\":\"https:\\\/\\\/secure.gravatar.com\\\/avatar\\\/c50c17820bcf322f0a8fd6b110b8c0918141409dc69076470f6fca5fee70a5d4?s=96&d=mm&r=g\",\"caption\":\"Encontra Itabira\"},\"url\":\"https:\\\/\\\/www.encontraminasgerais.com.br\\\/itabira\\\/author\\\/encontraitabira\\\/\"}]}<\/script>\n<!-- \/ Yoast SEO plugin. -->","yoast_head_json":{"title":"AMIG Brasil media debate sobre planos estaduais de minera\u00e7\u00e3o e desenvolvimento regional durante a Exposibram | Guia Comercial de Itabira MG","robots":{"index":"index","follow":"follow","max-snippet":"max-snippet:-1","max-image-preview":"max-image-preview:large","max-video-preview":"max-video-preview:-1"},"canonical":"https:\/\/www.encontraminasgerais.com.br\/itabira\/amig-brasil-media-debate-sobre-planos-estaduais-de-mineracao-e-desenvolvimento-regional-durante-a-exposibram\/","og_locale":"pt_BR","og_type":"article","og_title":"AMIG Brasil media debate sobre planos estaduais de minera\u00e7\u00e3o e desenvolvimento regional durante a Exposibram | Guia Comercial de Itabira MG","og_description":"Explore como a AMIG Brasil debate planos estaduais de minera\u00e7\u00e3o e desenvolvimento regional na Exposibram.","og_url":"https:\/\/www.encontraminasgerais.com.br\/itabira\/amig-brasil-media-debate-sobre-planos-estaduais-de-mineracao-e-desenvolvimento-regional-durante-a-exposibram\/","og_site_name":"Guia Comercial de Itabira MG","article_published_time":"2026-08-28T11:41:54+00:00","og_image":[{"url":"https:\/\/www.encontraminasgerais.com.br\/itabira\/wp-content\/uploads\/2026\/08\/amig-brasil-media-debate-sobre-planos-estaduais-de-mineracao-e-desenvolvimento-regional-durante-a-ex.webp","type":"","width":"","height":""}],"author":"Encontra Itabira","twitter_card":"summary_large_image","twitter_misc":{"Escrito por":"Encontra Itabira","Est. tempo de leitura":"4 minutos"},"schema":{"@context":"https:\/\/schema.org","@graph":[{"@type":"Article","@id":"https:\/\/www.encontraminasgerais.com.br\/itabira\/amig-brasil-media-debate-sobre-planos-estaduais-de-mineracao-e-desenvolvimento-regional-durante-a-exposibram\/#article","isPartOf":{"@id":"https:\/\/www.encontraminasgerais.com.br\/itabira\/amig-brasil-media-debate-sobre-planos-estaduais-de-mineracao-e-desenvolvimento-regional-durante-a-exposibram\/"},"author":{"name":"Encontra Itabira","@id":"https:\/\/www.encontraminasgerais.com.br\/itabira\/#\/schema\/person\/9ae8a8f5ce59322c92e2499b550870b0"},"headline":"AMIG Brasil media debate sobre planos estaduais de minera\u00e7\u00e3o e desenvolvimento regional durante a Exposibram","datePublished":"2026-08-28T11:41:54+00:00","mainEntityOfPage":{"@id":"https:\/\/www.encontraminasgerais.com.br\/itabira\/amig-brasil-media-debate-sobre-planos-estaduais-de-mineracao-e-desenvolvimento-regional-durante-a-exposibram\/"},"wordCount":803,"commentCount":0,"image":{"@id":"https:\/\/www.encontraminasgerais.com.br\/itabira\/amig-brasil-media-debate-sobre-planos-estaduais-de-mineracao-e-desenvolvimento-regional-durante-a-exposibram\/#primaryimage"},"thumbnailUrl":"https:\/\/www.encontraminasgerais.com.br\/itabira\/wp-content\/uploads\/2026\/08\/amig-brasil-media-debate-sobre-planos-estaduais-de-mineracao-e-desenvolvimento-regional-durante-a-ex.webp","articleSection":["Exposi\u00e7\u00e3o Itabira"],"inLanguage":"pt-BR","potentialAction":[{"@type":"CommentAction","name":"Comment","target":["https:\/\/www.encontraminasgerais.com.br\/itabira\/amig-brasil-media-debate-sobre-planos-estaduais-de-mineracao-e-desenvolvimento-regional-durante-a-exposibram\/#respond"]}]},{"@type":"WebPage","@id":"https:\/\/www.encontraminasgerais.com.br\/itabira\/amig-brasil-media-debate-sobre-planos-estaduais-de-mineracao-e-desenvolvimento-regional-durante-a-exposibram\/","url":"https:\/\/www.encontraminasgerais.com.br\/itabira\/amig-brasil-media-debate-sobre-planos-estaduais-de-mineracao-e-desenvolvimento-regional-durante-a-exposibram\/","name":"AMIG Brasil media debate sobre planos estaduais de minera\u00e7\u00e3o e desenvolvimento regional durante a Exposibram | Guia Comercial de Itabira MG","isPartOf":{"@id":"https:\/\/www.encontraminasgerais.com.br\/itabira\/#website"},"primaryImageOfPage":{"@id":"https:\/\/www.encontraminasgerais.com.br\/itabira\/amig-brasil-media-debate-sobre-planos-estaduais-de-mineracao-e-desenvolvimento-regional-durante-a-exposibram\/#primaryimage"},"image":{"@id":"https:\/\/www.encontraminasgerais.com.br\/itabira\/amig-brasil-media-debate-sobre-planos-estaduais-de-mineracao-e-desenvolvimento-regional-durante-a-exposibram\/#primaryimage"},"thumbnailUrl":"https:\/\/www.encontraminasgerais.com.br\/itabira\/wp-content\/uploads\/2026\/08\/amig-brasil-media-debate-sobre-planos-estaduais-de-mineracao-e-desenvolvimento-regional-durante-a-ex.webp","datePublished":"2026-08-28T11:41:54+00:00","author":{"@id":"https:\/\/www.encontraminasgerais.com.br\/itabira\/#\/schema\/person\/9ae8a8f5ce59322c92e2499b550870b0"},"inLanguage":"pt-BR","potentialAction":[{"@type":"ReadAction","target":["https:\/\/www.encontraminasgerais.com.br\/itabira\/amig-brasil-media-debate-sobre-planos-estaduais-de-mineracao-e-desenvolvimento-regional-durante-a-exposibram\/"]}]},{"@type":"ImageObject","inLanguage":"pt-BR","@id":"https:\/\/www.encontraminasgerais.com.br\/itabira\/amig-brasil-media-debate-sobre-planos-estaduais-de-mineracao-e-desenvolvimento-regional-durante-a-exposibram\/#primaryimage","url":"https:\/\/www.encontraminasgerais.com.br\/itabira\/wp-content\/uploads\/2026\/08\/amig-brasil-media-debate-sobre-planos-estaduais-de-mineracao-e-desenvolvimento-regional-durante-a-ex.webp","contentUrl":"https:\/\/www.encontraminasgerais.com.br\/itabira\/wp-content\/uploads\/2026\/08\/amig-brasil-media-debate-sobre-planos-estaduais-de-mineracao-e-desenvolvimento-regional-durante-a-ex.webp","width":280,"height":280,"caption":"planos estaduais de minera\u00e7\u00e3o"},{"@type":"WebSite","@id":"https:\/\/www.encontraminasgerais.com.br\/itabira\/#website","url":"https:\/\/www.encontraminasgerais.com.br\/itabira\/","name":"Guia Comercial de Itabira MG","description":"ENCONTRA ITABIRA - O guia comercial de neg\u00f3cios e empresas, cultura e divers\u00e3o na cidade de Itabira. Feito 100% para voc\u00ea morador!","potentialAction":[{"@type":"SearchAction","target":{"@type":"EntryPoint","urlTemplate":"https:\/\/www.encontraminasgerais.com.br\/itabira\/?s={search_term_string}"},"query-input":{"@type":"PropertyValueSpecification","valueRequired":true,"valueName":"search_term_string"}}],"inLanguage":"pt-BR"},{"@type":"Person","@id":"https:\/\/www.encontraminasgerais.com.br\/itabira\/#\/schema\/person\/9ae8a8f5ce59322c92e2499b550870b0","name":"Encontra Itabira","image":{"@type":"ImageObject","inLanguage":"pt-BR","@id":"https:\/\/secure.gravatar.com\/avatar\/c50c17820bcf322f0a8fd6b110b8c0918141409dc69076470f6fca5fee70a5d4?s=96&d=mm&r=g","url":"https:\/\/secure.gravatar.com\/avatar\/c50c17820bcf322f0a8fd6b110b8c0918141409dc69076470f6fca5fee70a5d4?s=96&d=mm&r=g","contentUrl":"https:\/\/secure.gravatar.com\/avatar\/c50c17820bcf322f0a8fd6b110b8c0918141409dc69076470f6fca5fee70a5d4?s=96&d=mm&r=g","caption":"Encontra Itabira"},"url":"https:\/\/www.encontraminasgerais.com.br\/itabira\/author\/encontraitabira\/"}]}},"_links":{"self":[{"href":"https:\/\/www.encontraminasgerais.com.br\/itabira\/wp-json\/wp\/v2\/posts\/6294","targetHints":{"allow":["GET"]}}],"collection":[{"href":"https:\/\/www.encontraminasgerais.com.br\/itabira\/wp-json\/wp\/v2\/posts"}],"about":[{"href":"https:\/\/www.encontraminasgerais.com.br\/itabira\/wp-json\/wp\/v2\/types\/post"}],"author":[{"embeddable":true,"href":"https:\/\/www.encontraminasgerais.com.br\/itabira\/wp-json\/wp\/v2\/users\/1"}],"replies":[{"embeddable":true,"href":"https:\/\/www.encontraminasgerais.com.br\/itabira\/wp-json\/wp\/v2\/comments?post=6294"}],"version-history":[{"count":0,"href":"https:\/\/www.encontraminasgerais.com.br\/itabira\/wp-json\/wp\/v2\/posts\/6294\/revisions"}],"wp:featuredmedia":[{"embeddable":true,"href":"https:\/\/www.encontraminasgerais.com.br\/itabira\/wp-json\/wp\/v2\/media\/6293"}],"wp:attachment":[{"href":"https:\/\/www.encontraminasgerais.com.br\/itabira\/wp-json\/wp\/v2\/media?parent=6294"}],"wp:term":[{"taxonomy":"category","embeddable":true,"href":"https:\/\/www.encontraminasgerais.com.br\/itabira\/wp-json\/wp\/v2\/categories?post=6294"},{"taxonomy":"post_tag","embeddable":true,"href":"https:\/\/www.encontraminasgerais.com.br\/itabira\/wp-json\/wp\/v2\/tags?post=6294"}],"curies":[{"name":"wp","href":"https:\/\/api.w.org\/{rel}","templated":true}]}}