{"id":6298,"date":"2026-08-28T08:43:48","date_gmt":"2026-08-28T11:43:48","guid":{"rendered":"https:\/\/www.encontraminasgerais.com.br\/itabira\/oab-itabira-inaugura-nova-sede-propria-durante-celebracao-de-50-anos\/"},"modified":"2026-08-28T08:43:48","modified_gmt":"2026-08-28T11:43:48","slug":"oab-itabira-inaugura-nova-sede-propria-durante-celebracao-de-50-anos","status":"publish","type":"post","link":"https:\/\/www.encontraminasgerais.com.br\/itabira\/oab-itabira-inaugura-nova-sede-propria-durante-celebracao-de-50-anos\/","title":{"rendered":"OAB Itabira inaugura nova sede pr\u00f3pria durante celebra\u00e7\u00e3o de 50 anos"},"content":{"rendered":"<h2>A Inaugura\u00e7\u00e3o da Nova Sede da OAB Itabira<\/h2>\n<p>A Ordem dos Advogados do Brasil &#8211; Subse\u00e7\u00e3o Itabira realizou, no dia 25 de agosto, a inaugura\u00e7\u00e3o de sua nova sede, localizada na Avenida Duque de Caxias, no bairro Esplanada da Esta\u00e7\u00e3o. Essa cerim\u00f4nia n\u00e3o apenas marcou a entrega do novo espa\u00e7o, mas tamb\u00e9m celebrou os 50 anos de atua\u00e7\u00e3o da OAB no munic\u00edpio. O evento foi prestigiado por autoridades, advogados e convidados especiais, refletindo a import\u00e2ncia desta conquista para a advocacia local.<\/p>\n<h2>Hist\u00f3ria da OAB Itabira ao Longo de 50 Anos<\/h2>\n<p>A OAB Itabira foi fundada em 1976 e ao longo de sua trajet\u00f3ria, construiu uma trajet\u00f3ria respeit\u00e1vel na defesa dos direitos dos advogados e da cidadania. Com aproximadamente 700 advogados atualmente registrados, a subse\u00e7\u00e3o tem se dedicado a acolher e representar profissionais de Itabira e munic\u00edpios circunvizinhos. Durante suas cinco d\u00e9cadas de exist\u00eancia, a OAB Itabira demonstrou compromisso com a \u00e9tica, a justi\u00e7a e a melhoria cont\u00ednua dos servi\u00e7os prestados aos advogados e \u00e0 sociedade.<\/p>\n<h2>Import\u00e2ncia da Nova Estrutura para Advogados<\/h2>\n<p>A nova sede foi constru\u00edda em um terreno doado pela Prefeitura de Itabira, com uma \u00e1rea total de 764,45 metros quadrados, distribu\u00eddos em tr\u00eas andares. O investimento foi de cerca de R$4 milh\u00f5es, financiado pela OAB Minas Gerais, em parceria com a Caixa de Assist\u00eancia dos Advogados de Minas Gerais (CAA-MG). Essa nova infraestrutura oferece melhores condi\u00e7\u00f5es para que os advogados possam desempenhar suas atividades, com salas de reuni\u00f5es, um audit\u00f3rio com capacidade para 85 pessoas, e um sal\u00e3o multiuso.<\/p>\n<p><img decoding=\"async\" src=\"https:\/\/www.encontraminasgerais.com.br\/itabira\/wp-content\/uploads\/2026\/08\/oab-itabira-inaugura-nova-sede-propria-durante-celebracao-de-50-anos.webp\" alt=\"OAB Itabira\" loading=\"lazy\" \/><\/p>\n<h2>Melhorias no Atendimento \u00e0 Comunidade Local<\/h2>\n<p>A nova sede tamb\u00e9m ser\u00e1 um ponto de encontro e um centro de eventos, onde cursos, palestras e atividades comunit\u00e1rias poder\u00e3o ser realizadas. A presidente da OAB Itabira, Patr\u00edcia de Freitas, afirmou que a nova estrutura permitir\u00e1 ampliar a rela\u00e7\u00e3o da entidade com a popula\u00e7\u00e3o. Para ela,  &#8220;o conhecimento do direito n\u00e3o deve ser restrito apenas aos advogados; precisamos trazer a OAB mais pr\u00f3xima da comunidade&#8221;. Dessa forma, a subse\u00e7\u00e3o poder\u00e1 oferecer mais capacita\u00e7\u00f5es e facilitar o acesso aos servi\u00e7os jur\u00eddicos.<\/p>\n<h2>Contribui\u00e7\u00f5es da OAB Itabira para a Sociedade<\/h2>\n<p>Durante suas cinco d\u00e9cadas, a OAB Itabira tem promovido n\u00e3o apenas a defesa dos interesses da advocacia local, mas tamb\u00e9m o fortalecimento da cidadania e do Estado de Direito. Propostas e projetos sociais desenvolvidos pela OAB t\u00eam buscado auxiliar a popula\u00e7\u00e3o em disparidade de situa\u00e7\u00f5es legais e informativas, pelo que a entidade se destaca como um agente ativo na forma\u00e7\u00e3o de uma sociedade mais consciente e justa.<\/p>\n<h2>Projetos Futuros para a Nova Sede<\/h2>\n<p>Com o novo espa\u00e7o, a OAB Itabira planeja desenvolver uma s\u00e9rie de iniciativas voltadas n\u00e3o s\u00f3 para a capacita\u00e7\u00e3o dos advogados, mas tamb\u00e9m para o bem-estar social da comunidade. Novos cursos e oficinas, bem como eventos culturais e de repara\u00e7\u00e3o social, est\u00e3o entre os projetos projetados para os pr\u00f3ximos anos. A inten\u00e7\u00e3o \u00e9 que a nova sede funcione como um centro de refer\u00eancia para qualquer cidad\u00e3o que busque orienta\u00e7\u00e3o jur\u00eddica e apoio.<\/p>\n<h2>A Relev\u00e2ncia da Advocacia na Regi\u00e3o<\/h2>\n<p>A advocacia brasileira, e de forma espec\u00edfica a de Itabira, desempenha um papel fundamental na promo\u00e7\u00e3o do acesso \u00e0 justi\u00e7a. A presen\u00e7a da OAB Itabira \u00e9 essencial para garantir que os direitos dos cidad\u00e3os sejam respeitados e que a informa\u00e7\u00e3o sobre quest\u00f5es legais esteja acess\u00edvel para todos. A nova sede apenas refor\u00e7a essa miss\u00e3o ao colocar mais recursos \u00e0 disposi\u00e7\u00e3o da popula\u00e7\u00e3o.<\/p>\n<h2>Participa\u00e7\u00e3o da Prefeita na Cerim\u00f4nia de Abertura<\/h2>\n<p>O prefeito de Itabira, Marco Ant\u00f4nio Lage, tamb\u00e9m esteve presente na solenidade e elogiou a iniciativa da OAB Itabira. Elogiando o hist\u00f3rico da institui\u00e7\u00e3o, ele comentou que \u201cmais do que um pr\u00e9dio, esta nova sede \u00e9 uma demonstra\u00e7\u00e3o da for\u00e7a e da respeitabilidade da OAB no munic\u00edpio\u201d. Para Lage, a unidade entre poder p\u00fablico e institui\u00e7\u00f5es como a OAB \u00e9 decisiva para a transforma\u00e7\u00e3o social e econ\u00f4mica da cidade.<\/p>\n<h2>Expectativas para o Futuro da OAB Itabira<\/h2>\n<p>Com a nova sede em funcionamento, as expectativas s\u00e3o altas. A OAB Itabira busca n\u00e3o s\u00f3 modernizar sua estrutura, mas tamb\u00e9m se adaptar \u00e0s novas demandas sociais e tecnol\u00f3gicas. Atrav\u00e9s da forma\u00e7\u00e3o cont\u00ednua de seus membros, unindo esfor\u00e7os com a comunidade, e fortalecendo a sua atua\u00e7\u00e3o, a institui\u00e7\u00e3o visa crescer ainda mais nos pr\u00f3ximos anos, sempre alinhada \u00e0 promo\u00e7\u00e3o do interesse p\u00fablico e do direito \u00e0 justi\u00e7a.<\/p>\n<h2>Testemunhos de Advogados sobre a Nova Sede<\/h2>\n<p>A resposta dos advogados de Itabira \u00e0 inaugura\u00e7\u00e3o da nova sede tem sido positiva. Muitos expressam empolga\u00e7\u00e3o com as novas instala\u00e7\u00f5es e as oportunidades que a sede traz. Em um depoimento, um advogado local comentou: \u201cA nova sede nos proporciona um espa\u00e7o digno para receber nossos clientes e realizar audi\u00eancias. \u00c9 um marco na hist\u00f3ria da advocacia de Itabira\u201d. Outro membro da OAB complementou: \u201cEstamos ansiosos por ver como essa nova estrutura poder\u00e1 ampliar nossa atua\u00e7\u00e3o e ajudar ainda mais a sociedade.\u201d<\/p>\n","protected":false},"excerpt":{"rendered":"<p>A OAB Itabira inaugurou sua nova sede pr\u00f3pria durante as celebra\u00e7\u00f5es de 50 anos de atua\u00e7\u00e3o na regi\u00e3o.<\/p>\n","protected":false},"author":1,"featured_media":6297,"comment_status":"open","ping_status":"open","sticky":false,"template":"","format":"standard","meta":{"footnotes":""},"categories":[5],"tags":[],"class_list":["post-6298","post","type-post","status-publish","format-standard","has-post-thumbnail","hentry","category-noticias","has_thumb"],"yoast_head":"<!-- This site is optimized with the Yoast SEO plugin v28.1 - https:\/\/yoast.com\/product\/yoast-seo-wordpress\/ -->\n<title>OAB Itabira inaugura nova sede pr\u00f3pria durante celebra\u00e7\u00e3o de 50 anos | Guia Comercial de Itabira MG<\/title>\n<meta name=\"robots\" content=\"index, follow, max-snippet:-1, max-image-preview:large, max-video-preview:-1\" \/>\n<link rel=\"canonical\" href=\"https:\/\/www.encontraminasgerais.com.br\/itabira\/oab-itabira-inaugura-nova-sede-propria-durante-celebracao-de-50-anos\/\" \/>\n<meta property=\"og:locale\" content=\"pt_BR\" \/>\n<meta property=\"og:type\" content=\"article\" \/>\n<meta property=\"og:title\" content=\"OAB Itabira inaugura nova sede pr\u00f3pria durante celebra\u00e7\u00e3o de 50 anos | Guia Comercial de Itabira MG\" \/>\n<meta property=\"og:description\" content=\"A OAB Itabira inaugurou sua nova sede pr\u00f3pria durante as celebra\u00e7\u00f5es de 50 anos de atua\u00e7\u00e3o na regi\u00e3o.\" \/>\n<meta property=\"og:url\" content=\"https:\/\/www.encontraminasgerais.com.br\/itabira\/oab-itabira-inaugura-nova-sede-propria-durante-celebracao-de-50-anos\/\" \/>\n<meta property=\"og:site_name\" content=\"Guia Comercial de Itabira MG\" \/>\n<meta property=\"article:published_time\" content=\"2026-08-28T11:43:48+00:00\" \/>\n<meta property=\"og:image\" content=\"https:\/\/www.encontraminasgerais.com.br\/itabira\/wp-content\/uploads\/2026\/08\/oab-itabira-inaugura-nova-sede-propria-durante-celebracao-de-50-anos.webp\" \/>\n<meta name=\"author\" content=\"Encontra Itabira\" \/>\n<meta name=\"twitter:card\" content=\"summary_large_image\" \/>\n<meta name=\"twitter:label1\" content=\"Escrito por\" \/>\n\t<meta name=\"twitter:data1\" content=\"Encontra Itabira\" \/>\n\t<meta name=\"twitter:label2\" content=\"Est. tempo de leitura\" \/>\n\t<meta name=\"twitter:data2\" content=\"4 minutos\" \/>\n<script type=\"application\/ld+json\" class=\"yoast-schema-graph\">{\"@context\":\"https:\\\/\\\/schema.org\",\"@graph\":[{\"@type\":\"Article\",\"@id\":\"https:\\\/\\\/www.encontraminasgerais.com.br\\\/itabira\\\/oab-itabira-inaugura-nova-sede-propria-durante-celebracao-de-50-anos\\\/#article\",\"isPartOf\":{\"@id\":\"https:\\\/\\\/www.encontraminasgerais.com.br\\\/itabira\\\/oab-itabira-inaugura-nova-sede-propria-durante-celebracao-de-50-anos\\\/\"},\"author\":{\"name\":\"Encontra Itabira\",\"@id\":\"https:\\\/\\\/www.encontraminasgerais.com.br\\\/itabira\\\/#\\\/schema\\\/person\\\/9ae8a8f5ce59322c92e2499b550870b0\"},\"headline\":\"OAB Itabira inaugura nova sede pr\u00f3pria durante celebra\u00e7\u00e3o de 50 anos\",\"datePublished\":\"2026-08-28T11:43:48+00:00\",\"mainEntityOfPage\":{\"@id\":\"https:\\\/\\\/www.encontraminasgerais.com.br\\\/itabira\\\/oab-itabira-inaugura-nova-sede-propria-durante-celebracao-de-50-anos\\\/\"},\"wordCount\":904,\"commentCount\":0,\"image\":{\"@id\":\"https:\\\/\\\/www.encontraminasgerais.com.br\\\/itabira\\\/oab-itabira-inaugura-nova-sede-propria-durante-celebracao-de-50-anos\\\/#primaryimage\"},\"thumbnailUrl\":\"https:\\\/\\\/www.encontraminasgerais.com.br\\\/itabira\\\/wp-content\\\/uploads\\\/2026\\\/08\\\/oab-itabira-inaugura-nova-sede-propria-durante-celebracao-de-50-anos.webp\",\"articleSection\":[\"Not\u00edcias Itabira\"],\"inLanguage\":\"pt-BR\",\"potentialAction\":[{\"@type\":\"CommentAction\",\"name\":\"Comment\",\"target\":[\"https:\\\/\\\/www.encontraminasgerais.com.br\\\/itabira\\\/oab-itabira-inaugura-nova-sede-propria-durante-celebracao-de-50-anos\\\/#respond\"]}]},{\"@type\":\"WebPage\",\"@id\":\"https:\\\/\\\/www.encontraminasgerais.com.br\\\/itabira\\\/oab-itabira-inaugura-nova-sede-propria-durante-celebracao-de-50-anos\\\/\",\"url\":\"https:\\\/\\\/www.encontraminasgerais.com.br\\\/itabira\\\/oab-itabira-inaugura-nova-sede-propria-durante-celebracao-de-50-anos\\\/\",\"name\":\"OAB Itabira inaugura nova sede pr\u00f3pria durante celebra\u00e7\u00e3o de 50 anos | Guia Comercial de Itabira MG\",\"isPartOf\":{\"@id\":\"https:\\\/\\\/www.encontraminasgerais.com.br\\\/itabira\\\/#website\"},\"primaryImageOfPage\":{\"@id\":\"https:\\\/\\\/www.encontraminasgerais.com.br\\\/itabira\\\/oab-itabira-inaugura-nova-sede-propria-durante-celebracao-de-50-anos\\\/#primaryimage\"},\"image\":{\"@id\":\"https:\\\/\\\/www.encontraminasgerais.com.br\\\/itabira\\\/oab-itabira-inaugura-nova-sede-propria-durante-celebracao-de-50-anos\\\/#primaryimage\"},\"thumbnailUrl\":\"https:\\\/\\\/www.encontraminasgerais.com.br\\\/itabira\\\/wp-content\\\/uploads\\\/2026\\\/08\\\/oab-itabira-inaugura-nova-sede-propria-durante-celebracao-de-50-anos.webp\",\"datePublished\":\"2026-08-28T11:43:48+00:00\",\"author\":{\"@id\":\"https:\\\/\\\/www.encontraminasgerais.com.br\\\/itabira\\\/#\\\/schema\\\/person\\\/9ae8a8f5ce59322c92e2499b550870b0\"},\"inLanguage\":\"pt-BR\",\"potentialAction\":[{\"@type\":\"ReadAction\",\"target\":[\"https:\\\/\\\/www.encontraminasgerais.com.br\\\/itabira\\\/oab-itabira-inaugura-nova-sede-propria-durante-celebracao-de-50-anos\\\/\"]}]},{\"@type\":\"ImageObject\",\"inLanguage\":\"pt-BR\",\"@id\":\"https:\\\/\\\/www.encontraminasgerais.com.br\\\/itabira\\\/oab-itabira-inaugura-nova-sede-propria-durante-celebracao-de-50-anos\\\/#primaryimage\",\"url\":\"https:\\\/\\\/www.encontraminasgerais.com.br\\\/itabira\\\/wp-content\\\/uploads\\\/2026\\\/08\\\/oab-itabira-inaugura-nova-sede-propria-durante-celebracao-de-50-anos.webp\",\"contentUrl\":\"https:\\\/\\\/www.encontraminasgerais.com.br\\\/itabira\\\/wp-content\\\/uploads\\\/2026\\\/08\\\/oab-itabira-inaugura-nova-sede-propria-durante-celebracao-de-50-anos.webp\",\"width\":280,\"height\":280,\"caption\":\"OAB Itabira\"},{\"@type\":\"WebSite\",\"@id\":\"https:\\\/\\\/www.encontraminasgerais.com.br\\\/itabira\\\/#website\",\"url\":\"https:\\\/\\\/www.encontraminasgerais.com.br\\\/itabira\\\/\",\"name\":\"Guia Comercial de Itabira MG\",\"description\":\"ENCONTRA ITABIRA - O guia comercial de neg\u00f3cios e empresas, cultura e divers\u00e3o na cidade de Itabira. Feito 100% para voc\u00ea morador!\",\"potentialAction\":[{\"@type\":\"SearchAction\",\"target\":{\"@type\":\"EntryPoint\",\"urlTemplate\":\"https:\\\/\\\/www.encontraminasgerais.com.br\\\/itabira\\\/?s={search_term_string}\"},\"query-input\":{\"@type\":\"PropertyValueSpecification\",\"valueRequired\":true,\"valueName\":\"search_term_string\"}}],\"inLanguage\":\"pt-BR\"},{\"@type\":\"Person\",\"@id\":\"https:\\\/\\\/www.encontraminasgerais.com.br\\\/itabira\\\/#\\\/schema\\\/person\\\/9ae8a8f5ce59322c92e2499b550870b0\",\"name\":\"Encontra Itabira\",\"image\":{\"@type\":\"ImageObject\",\"inLanguage\":\"pt-BR\",\"@id\":\"https:\\\/\\\/secure.gravatar.com\\\/avatar\\\/c50c17820bcf322f0a8fd6b110b8c0918141409dc69076470f6fca5fee70a5d4?s=96&d=mm&r=g\",\"url\":\"https:\\\/\\\/secure.gravatar.com\\\/avatar\\\/c50c17820bcf322f0a8fd6b110b8c0918141409dc69076470f6fca5fee70a5d4?s=96&d=mm&r=g\",\"contentUrl\":\"https:\\\/\\\/secure.gravatar.com\\\/avatar\\\/c50c17820bcf322f0a8fd6b110b8c0918141409dc69076470f6fca5fee70a5d4?s=96&d=mm&r=g\",\"caption\":\"Encontra Itabira\"},\"url\":\"https:\\\/\\\/www.encontraminasgerais.com.br\\\/itabira\\\/author\\\/encontraitabira\\\/\"}]}<\/script>\n<!-- \/ Yoast SEO plugin. -->","yoast_head_json":{"title":"OAB Itabira inaugura nova sede pr\u00f3pria durante celebra\u00e7\u00e3o de 50 anos | Guia Comercial de Itabira MG","robots":{"index":"index","follow":"follow","max-snippet":"max-snippet:-1","max-image-preview":"max-image-preview:large","max-video-preview":"max-video-preview:-1"},"canonical":"https:\/\/www.encontraminasgerais.com.br\/itabira\/oab-itabira-inaugura-nova-sede-propria-durante-celebracao-de-50-anos\/","og_locale":"pt_BR","og_type":"article","og_title":"OAB Itabira inaugura nova sede pr\u00f3pria durante celebra\u00e7\u00e3o de 50 anos | Guia Comercial de Itabira MG","og_description":"A OAB Itabira inaugurou sua nova sede pr\u00f3pria durante as celebra\u00e7\u00f5es de 50 anos de atua\u00e7\u00e3o na regi\u00e3o.","og_url":"https:\/\/www.encontraminasgerais.com.br\/itabira\/oab-itabira-inaugura-nova-sede-propria-durante-celebracao-de-50-anos\/","og_site_name":"Guia Comercial de Itabira MG","article_published_time":"2026-08-28T11:43:48+00:00","og_image":[{"url":"https:\/\/www.encontraminasgerais.com.br\/itabira\/wp-content\/uploads\/2026\/08\/oab-itabira-inaugura-nova-sede-propria-durante-celebracao-de-50-anos.webp","type":"","width":"","height":""}],"author":"Encontra Itabira","twitter_card":"summary_large_image","twitter_misc":{"Escrito por":"Encontra Itabira","Est. tempo de leitura":"4 minutos"},"schema":{"@context":"https:\/\/schema.org","@graph":[{"@type":"Article","@id":"https:\/\/www.encontraminasgerais.com.br\/itabira\/oab-itabira-inaugura-nova-sede-propria-durante-celebracao-de-50-anos\/#article","isPartOf":{"@id":"https:\/\/www.encontraminasgerais.com.br\/itabira\/oab-itabira-inaugura-nova-sede-propria-durante-celebracao-de-50-anos\/"},"author":{"name":"Encontra Itabira","@id":"https:\/\/www.encontraminasgerais.com.br\/itabira\/#\/schema\/person\/9ae8a8f5ce59322c92e2499b550870b0"},"headline":"OAB Itabira inaugura nova sede pr\u00f3pria durante celebra\u00e7\u00e3o de 50 anos","datePublished":"2026-08-28T11:43:48+00:00","mainEntityOfPage":{"@id":"https:\/\/www.encontraminasgerais.com.br\/itabira\/oab-itabira-inaugura-nova-sede-propria-durante-celebracao-de-50-anos\/"},"wordCount":904,"commentCount":0,"image":{"@id":"https:\/\/www.encontraminasgerais.com.br\/itabira\/oab-itabira-inaugura-nova-sede-propria-durante-celebracao-de-50-anos\/#primaryimage"},"thumbnailUrl":"https:\/\/www.encontraminasgerais.com.br\/itabira\/wp-content\/uploads\/2026\/08\/oab-itabira-inaugura-nova-sede-propria-durante-celebracao-de-50-anos.webp","articleSection":["Not\u00edcias Itabira"],"inLanguage":"pt-BR","potentialAction":[{"@type":"CommentAction","name":"Comment","target":["https:\/\/www.encontraminasgerais.com.br\/itabira\/oab-itabira-inaugura-nova-sede-propria-durante-celebracao-de-50-anos\/#respond"]}]},{"@type":"WebPage","@id":"https:\/\/www.encontraminasgerais.com.br\/itabira\/oab-itabira-inaugura-nova-sede-propria-durante-celebracao-de-50-anos\/","url":"https:\/\/www.encontraminasgerais.com.br\/itabira\/oab-itabira-inaugura-nova-sede-propria-durante-celebracao-de-50-anos\/","name":"OAB Itabira inaugura nova sede pr\u00f3pria durante celebra\u00e7\u00e3o de 50 anos | Guia Comercial de Itabira MG","isPartOf":{"@id":"https:\/\/www.encontraminasgerais.com.br\/itabira\/#website"},"primaryImageOfPage":{"@id":"https:\/\/www.encontraminasgerais.com.br\/itabira\/oab-itabira-inaugura-nova-sede-propria-durante-celebracao-de-50-anos\/#primaryimage"},"image":{"@id":"https:\/\/www.encontraminasgerais.com.br\/itabira\/oab-itabira-inaugura-nova-sede-propria-durante-celebracao-de-50-anos\/#primaryimage"},"thumbnailUrl":"https:\/\/www.encontraminasgerais.com.br\/itabira\/wp-content\/uploads\/2026\/08\/oab-itabira-inaugura-nova-sede-propria-durante-celebracao-de-50-anos.webp","datePublished":"2026-08-28T11:43:48+00:00","author":{"@id":"https:\/\/www.encontraminasgerais.com.br\/itabira\/#\/schema\/person\/9ae8a8f5ce59322c92e2499b550870b0"},"inLanguage":"pt-BR","potentialAction":[{"@type":"ReadAction","target":["https:\/\/www.encontraminasgerais.com.br\/itabira\/oab-itabira-inaugura-nova-sede-propria-durante-celebracao-de-50-anos\/"]}]},{"@type":"ImageObject","inLanguage":"pt-BR","@id":"https:\/\/www.encontraminasgerais.com.br\/itabira\/oab-itabira-inaugura-nova-sede-propria-durante-celebracao-de-50-anos\/#primaryimage","url":"https:\/\/www.encontraminasgerais.com.br\/itabira\/wp-content\/uploads\/2026\/08\/oab-itabira-inaugura-nova-sede-propria-durante-celebracao-de-50-anos.webp","contentUrl":"https:\/\/www.encontraminasgerais.com.br\/itabira\/wp-content\/uploads\/2026\/08\/oab-itabira-inaugura-nova-sede-propria-durante-celebracao-de-50-anos.webp","width":280,"height":280,"caption":"OAB Itabira"},{"@type":"WebSite","@id":"https:\/\/www.encontraminasgerais.com.br\/itabira\/#website","url":"https:\/\/www.encontraminasgerais.com.br\/itabira\/","name":"Guia Comercial de Itabira MG","description":"ENCONTRA ITABIRA - O guia comercial de neg\u00f3cios e empresas, cultura e divers\u00e3o na cidade de Itabira. Feito 100% para voc\u00ea morador!","potentialAction":[{"@type":"SearchAction","target":{"@type":"EntryPoint","urlTemplate":"https:\/\/www.encontraminasgerais.com.br\/itabira\/?s={search_term_string}"},"query-input":{"@type":"PropertyValueSpecification","valueRequired":true,"valueName":"search_term_string"}}],"inLanguage":"pt-BR"},{"@type":"Person","@id":"https:\/\/www.encontraminasgerais.com.br\/itabira\/#\/schema\/person\/9ae8a8f5ce59322c92e2499b550870b0","name":"Encontra Itabira","image":{"@type":"ImageObject","inLanguage":"pt-BR","@id":"https:\/\/secure.gravatar.com\/avatar\/c50c17820bcf322f0a8fd6b110b8c0918141409dc69076470f6fca5fee70a5d4?s=96&d=mm&r=g","url":"https:\/\/secure.gravatar.com\/avatar\/c50c17820bcf322f0a8fd6b110b8c0918141409dc69076470f6fca5fee70a5d4?s=96&d=mm&r=g","contentUrl":"https:\/\/secure.gravatar.com\/avatar\/c50c17820bcf322f0a8fd6b110b8c0918141409dc69076470f6fca5fee70a5d4?s=96&d=mm&r=g","caption":"Encontra Itabira"},"url":"https:\/\/www.encontraminasgerais.com.br\/itabira\/author\/encontraitabira\/"}]}},"_links":{"self":[{"href":"https:\/\/www.encontraminasgerais.com.br\/itabira\/wp-json\/wp\/v2\/posts\/6298","targetHints":{"allow":["GET"]}}],"collection":[{"href":"https:\/\/www.encontraminasgerais.com.br\/itabira\/wp-json\/wp\/v2\/posts"}],"about":[{"href":"https:\/\/www.encontraminasgerais.com.br\/itabira\/wp-json\/wp\/v2\/types\/post"}],"author":[{"embeddable":true,"href":"https:\/\/www.encontraminasgerais.com.br\/itabira\/wp-json\/wp\/v2\/users\/1"}],"replies":[{"embeddable":true,"href":"https:\/\/www.encontraminasgerais.com.br\/itabira\/wp-json\/wp\/v2\/comments?post=6298"}],"version-history":[{"count":0,"href":"https:\/\/www.encontraminasgerais.com.br\/itabira\/wp-json\/wp\/v2\/posts\/6298\/revisions"}],"wp:featuredmedia":[{"embeddable":true,"href":"https:\/\/www.encontraminasgerais.com.br\/itabira\/wp-json\/wp\/v2\/media\/6297"}],"wp:attachment":[{"href":"https:\/\/www.encontraminasgerais.com.br\/itabira\/wp-json\/wp\/v2\/media?parent=6298"}],"wp:term":[{"taxonomy":"category","embeddable":true,"href":"https:\/\/www.encontraminasgerais.com.br\/itabira\/wp-json\/wp\/v2\/categories?post=6298"},{"taxonomy":"post_tag","embeddable":true,"href":"https:\/\/www.encontraminasgerais.com.br\/itabira\/wp-json\/wp\/v2\/tags?post=6298"}],"curies":[{"name":"wp","href":"https:\/\/api.w.org\/{rel}","templated":true}]}}