{"id":6316,"date":"2026-08-31T08:43:40","date_gmt":"2026-08-31T11:43:40","guid":{"rendered":"https:\/\/www.encontraminasgerais.com.br\/itabira\/caverna-de-minas-guarda-memoria-do-clima-da-terra\/"},"modified":"2026-08-31T08:43:40","modified_gmt":"2026-08-31T11:43:40","slug":"caverna-de-minas-guarda-memoria-do-clima-da-terra","status":"publish","type":"post","link":"https:\/\/www.encontraminasgerais.com.br\/itabira\/caverna-de-minas-guarda-memoria-do-clima-da-terra\/","title":{"rendered":"Caverna de Minas guarda mem\u00f3ria do clima da terra"},"content":{"rendered":"<h2>Registro Clim\u00e1tico na Caverna<\/h2>\n<p>Uma pesquisa recente trouxe \u00e0 luz descobertas fascinantes sobre a Gruta Rei do Mato, localizada em Sete Lagoas, MG. Esse local guarda um registro cont\u00ednuo das varia\u00e7\u00f5es clim\u00e1ticas que ocorreram ao longo de 22,5 mil a 9,3 mil anos atr\u00e1s. As estalagmites, forma\u00e7\u00f5es geol\u00f3gicas que se desenvolvem ao longo do tempo nas cavernas, desempenham um papel crucial nesse registro. Elas s\u00e3o formadas por dep\u00f3sitos de minerais provenientes da \u00e1gua que goteja do teto da caverna, e suas camadas armazenam informa\u00e7\u00f5es valiosas sobre a temperatura do ambiente no exato momento em que a gota de \u00e1gua foi capturada.<\/p>\n<h2>O que S\u00e3o C\u00e1psulas do Tempo?<\/h2>\n<p>As inclus\u00f5es de fluidos encontrados nas estalagmites funcionam como verdadeiras \u201cc\u00e1psulas do tempo\u201d. Essas inclus\u00f5es ret\u00eam l\u00edquidos e gases que foram aprisionados h\u00e1 mil\u00eanios. Quando os cientistas analisam as camadas dessas forma\u00e7\u00f5es, eles conseguem determinar com precis\u00e3o a temperatura do passado, permitindo uma an\u00e1lise profunda das mudan\u00e7as clim\u00e1ticas ocorridas na regi\u00e3o ao longo dos mil\u00eanios.<\/p>\n<h2>Mudan\u00e7as T\u00e9rmicas no Holoceno<\/h2>\n<p>De acordo com a pesquisa, a regi\u00e3o comumente conhecida por suas cavernas e forma\u00e7\u00f5es geol\u00f3gicas passou por um aquecimento significativo de aproximadamente 5,8 \u00b0C. Esse aumento de temperatura ocorreu entre o fim da \u00faltima era glacial e o in\u00edcio do per\u00edodo conhecido como Holoceno. Essa transi\u00e7\u00e3o clim\u00e1tica n\u00e3o ocorreu de maneira uniforme; os pesquisadores notaram que as mudan\u00e7as se deram em \u201cdegraus\u201d e que houve eventos abruptos, como um aumento de 1,4 \u00b0C em um intervalo de apenas dois s\u00e9culos, por volta de 13 mil anos atr\u00e1s.<\/p>\n<p><img decoding=\"async\" src=\"https:\/\/www.encontraminasgerais.com.br\/itabira\/wp-content\/uploads\/2026\/08\/caverna-de-minas-guarda-memoria-do-clima-da-terra.webp\" alt=\"Caverna de Minas guarda mem\u00f3ria do clima da terra\" loading=\"lazy\" \/><\/p>\n<h2>Impacto do Aquecimento Global<\/h2>\n<p>A pesquisa tamb\u00e9m ressalta a import\u00e2ncia do entendimento das implica\u00e7\u00f5es do aquecimento global atual. Ao estudar as varia\u00e7\u00f5es passadas, podemos obter uma percep\u00e7\u00e3o mais clara de como os ciclos clim\u00e1ticos funcionaram ao longo do tempo e quais padr\u00f5es podem se repetir no futuro. Estes dados s\u00e3o fundamentais para a previs\u00e3o de como as mudan\u00e7as atuais podem impactar o clima e a biodiversidade da regi\u00e3o nos pr\u00f3ximos anos.<\/p>\n<h2>A Import\u00e2ncia das Estalagmites<\/h2>\n<p>As estalagmites s\u00e3o mais do que simples forma\u00e7\u00f5es rochosas; elas s\u00e3o indicadores vitais das condi\u00e7\u00f5es ambientais ao longo dos mil\u00eanios. Sua capacidade de reter informa\u00e7\u00f5es sobre a composi\u00e7\u00e3o qu\u00edmica da \u00e1gua e as condi\u00e7\u00f5es clim\u00e1ticas antigas faz delas uma ferramenta essencial para pesquisadores que estudam a hist\u00f3ria do clima da Terra. Ao examinar essas forma\u00e7\u00f5es, os cientistas t\u00eam a oportunidade de reconstruir cen\u00e1rios clim\u00e1ticos que ajudam a entender os efeitos das atividades humanas sobre o clima contempor\u00e2neo.<\/p>\n<h2>Como a Pesquisa Influencia o Futuro<\/h2>\n<p>A pesquisa realizada na Gruta Rei do Mato possui um papel significativo em moldar o conhecimento sobre as altera\u00e7\u00f5es clim\u00e1ticas. Os dados obtidos permitem aos cientistas prever n\u00e3o apenas as mudan\u00e7as clim\u00e1ticas futuras, mas tamb\u00e9m oferecer subs\u00eddios para pol\u00edticas ambientais e estrat\u00e9gias de mitiga\u00e7\u00e3o dos efeitos do aquecimento global. As informa\u00e7\u00f5es sobre os efeitos do aquecimento nas camadas de gelo, por exemplo, s\u00e3o vitais para a formula\u00e7\u00e3o de a\u00e7\u00f5es coerentes e sustent\u00e1veis.<\/p>\n<h2>A Hist\u00f3ria de Sete Lagoas<\/h2>\n<p>A cidade de Sete Lagoas, al\u00e9m de ser um ponto de interesse clim\u00e1tico, possui uma rica hist\u00f3ria geol\u00f3gica e cultural. A regi\u00e3o abriga v\u00e1rias cavernas e grotas que s\u00e3o testemunhas da evolu\u00e7\u00e3o natural do planeta. A Gruta Rei do Mato \u00e9 apenas uma das v\u00e1rias forma\u00e7\u00f5es que encantam cientistas e turistas, destacando a import\u00e2ncia da conserva\u00e7\u00e3o desses patrim\u00f4nios naturais.<\/p>\n<h2>Explorando as Grutas de Minas<\/h2>\n<p>Minas Gerais \u00e9 famosa por suas cavernas ricas em hist\u00f3ria e ci\u00eancia. As visitas a essas grutas permitem que as pessoas vivenciem a beleza do interior da Terra, al\u00e9m de entender a import\u00e2ncia de preservar essas forma\u00e7\u00f5es. O turismo eco-sustent\u00e1vel tem se tornado uma alternativa vi\u00e1vel para garantir a conserva\u00e7\u00e3o desses locais, ao mesmo tempo que traz benef\u00edcios econ\u00f4micos \u00e0s comunidades locais.<\/p>\n<h2>A Ci\u00eancia por Tr\u00e1s das Descobertas<\/h2>\n<p>A an\u00e1lise das camadas das estalagmites envolve t\u00e9cnicas avan\u00e7adas de data\u00e7\u00e3o e an\u00e1lise qu\u00edmica. Cientistas utilizam m\u00e9todos como espectrometria de massa para examinar a composi\u00e7\u00e3o isot\u00f3pica das amostras, o que permite tra\u00e7ar um quadro detalhado das mudan\u00e7as clim\u00e1ticas ao longo dos anos. Essas metodologias s\u00e3o fundamentais para validar as hip\u00f3teses sobre a evolu\u00e7\u00e3o clim\u00e1tica da regi\u00e3o.<\/p>\n<h2>Conserva\u00e7\u00e3o e Prote\u00e7\u00e3o Geol\u00f3gica<\/h2>\n<p>Proteger forma\u00e7\u00f5es geol\u00f3gicas como a Gruta Rei do Mato \u00e9 vital para a preserva\u00e7\u00e3o do nosso patrim\u00f4nio natural e hist\u00f3rico. Pol\u00edticas de conserva\u00e7\u00e3o, al\u00e9m de projetos de educa\u00e7\u00e3o ambiental, s\u00e3o essenciais para garantir que as futuras gera\u00e7\u00f5es possam continuar a explorar e aprender com essas impressionantes forma\u00e7\u00f5es. A conscientiza\u00e7\u00e3o sobre a import\u00e2ncia das cavernas e sua preserva\u00e7\u00e3o deve ser uma prioridade para a sociedade.<\/p>\n","protected":false},"excerpt":{"rendered":"<p>Explore como a Caverna de Minas revela segredos sobre o clima da Terra.<\/p>\n","protected":false},"author":1,"featured_media":6315,"comment_status":"open","ping_status":"open","sticky":false,"template":"","format":"standard","meta":{"footnotes":""},"categories":[5],"tags":[],"class_list":["post-6316","post","type-post","status-publish","format-standard","has-post-thumbnail","hentry","category-noticias","has_thumb"],"yoast_head":"<!-- This site is optimized with the Yoast SEO plugin v28.1 - https:\/\/yoast.com\/product\/yoast-seo-wordpress\/ -->\n<title>Caverna de Minas guarda mem\u00f3ria do clima da terra | Guia Comercial de Itabira MG<\/title>\n<meta name=\"robots\" content=\"index, follow, max-snippet:-1, max-image-preview:large, max-video-preview:-1\" \/>\n<link rel=\"canonical\" href=\"https:\/\/www.encontraminasgerais.com.br\/itabira\/caverna-de-minas-guarda-memoria-do-clima-da-terra\/\" \/>\n<meta property=\"og:locale\" content=\"pt_BR\" \/>\n<meta property=\"og:type\" content=\"article\" \/>\n<meta property=\"og:title\" content=\"Caverna de Minas guarda mem\u00f3ria do clima da terra | Guia Comercial de Itabira MG\" \/>\n<meta property=\"og:description\" content=\"Explore como a Caverna de Minas revela segredos sobre o clima da Terra.\" \/>\n<meta property=\"og:url\" content=\"https:\/\/www.encontraminasgerais.com.br\/itabira\/caverna-de-minas-guarda-memoria-do-clima-da-terra\/\" \/>\n<meta property=\"og:site_name\" content=\"Guia Comercial de Itabira MG\" \/>\n<meta property=\"article:published_time\" content=\"2026-08-31T11:43:40+00:00\" \/>\n<meta property=\"og:image\" content=\"https:\/\/www.encontraminasgerais.com.br\/itabira\/wp-content\/uploads\/2026\/08\/caverna-de-minas-guarda-memoria-do-clima-da-terra.webp\" \/>\n<meta name=\"author\" content=\"Encontra Itabira\" \/>\n<meta name=\"twitter:card\" content=\"summary_large_image\" \/>\n<meta name=\"twitter:label1\" content=\"Escrito por\" \/>\n\t<meta name=\"twitter:data1\" content=\"Encontra Itabira\" \/>\n\t<meta name=\"twitter:label2\" content=\"Est. tempo de leitura\" \/>\n\t<meta name=\"twitter:data2\" content=\"4 minutos\" \/>\n<script type=\"application\/ld+json\" class=\"yoast-schema-graph\">{\"@context\":\"https:\\\/\\\/schema.org\",\"@graph\":[{\"@type\":\"Article\",\"@id\":\"https:\\\/\\\/www.encontraminasgerais.com.br\\\/itabira\\\/caverna-de-minas-guarda-memoria-do-clima-da-terra\\\/#article\",\"isPartOf\":{\"@id\":\"https:\\\/\\\/www.encontraminasgerais.com.br\\\/itabira\\\/caverna-de-minas-guarda-memoria-do-clima-da-terra\\\/\"},\"author\":{\"name\":\"Encontra Itabira\",\"@id\":\"https:\\\/\\\/www.encontraminasgerais.com.br\\\/itabira\\\/#\\\/schema\\\/person\\\/9ae8a8f5ce59322c92e2499b550870b0\"},\"headline\":\"Caverna de Minas guarda mem\u00f3ria do clima da terra\",\"datePublished\":\"2026-08-31T11:43:40+00:00\",\"mainEntityOfPage\":{\"@id\":\"https:\\\/\\\/www.encontraminasgerais.com.br\\\/itabira\\\/caverna-de-minas-guarda-memoria-do-clima-da-terra\\\/\"},\"wordCount\":888,\"commentCount\":0,\"image\":{\"@id\":\"https:\\\/\\\/www.encontraminasgerais.com.br\\\/itabira\\\/caverna-de-minas-guarda-memoria-do-clima-da-terra\\\/#primaryimage\"},\"thumbnailUrl\":\"https:\\\/\\\/www.encontraminasgerais.com.br\\\/itabira\\\/wp-content\\\/uploads\\\/2026\\\/08\\\/caverna-de-minas-guarda-memoria-do-clima-da-terra.webp\",\"articleSection\":[\"Not\u00edcias Itabira\"],\"inLanguage\":\"pt-BR\",\"potentialAction\":[{\"@type\":\"CommentAction\",\"name\":\"Comment\",\"target\":[\"https:\\\/\\\/www.encontraminasgerais.com.br\\\/itabira\\\/caverna-de-minas-guarda-memoria-do-clima-da-terra\\\/#respond\"]}]},{\"@type\":\"WebPage\",\"@id\":\"https:\\\/\\\/www.encontraminasgerais.com.br\\\/itabira\\\/caverna-de-minas-guarda-memoria-do-clima-da-terra\\\/\",\"url\":\"https:\\\/\\\/www.encontraminasgerais.com.br\\\/itabira\\\/caverna-de-minas-guarda-memoria-do-clima-da-terra\\\/\",\"name\":\"Caverna de Minas guarda mem\u00f3ria do clima da terra | Guia Comercial de Itabira MG\",\"isPartOf\":{\"@id\":\"https:\\\/\\\/www.encontraminasgerais.com.br\\\/itabira\\\/#website\"},\"primaryImageOfPage\":{\"@id\":\"https:\\\/\\\/www.encontraminasgerais.com.br\\\/itabira\\\/caverna-de-minas-guarda-memoria-do-clima-da-terra\\\/#primaryimage\"},\"image\":{\"@id\":\"https:\\\/\\\/www.encontraminasgerais.com.br\\\/itabira\\\/caverna-de-minas-guarda-memoria-do-clima-da-terra\\\/#primaryimage\"},\"thumbnailUrl\":\"https:\\\/\\\/www.encontraminasgerais.com.br\\\/itabira\\\/wp-content\\\/uploads\\\/2026\\\/08\\\/caverna-de-minas-guarda-memoria-do-clima-da-terra.webp\",\"datePublished\":\"2026-08-31T11:43:40+00:00\",\"author\":{\"@id\":\"https:\\\/\\\/www.encontraminasgerais.com.br\\\/itabira\\\/#\\\/schema\\\/person\\\/9ae8a8f5ce59322c92e2499b550870b0\"},\"inLanguage\":\"pt-BR\",\"potentialAction\":[{\"@type\":\"ReadAction\",\"target\":[\"https:\\\/\\\/www.encontraminasgerais.com.br\\\/itabira\\\/caverna-de-minas-guarda-memoria-do-clima-da-terra\\\/\"]}]},{\"@type\":\"ImageObject\",\"inLanguage\":\"pt-BR\",\"@id\":\"https:\\\/\\\/www.encontraminasgerais.com.br\\\/itabira\\\/caverna-de-minas-guarda-memoria-do-clima-da-terra\\\/#primaryimage\",\"url\":\"https:\\\/\\\/www.encontraminasgerais.com.br\\\/itabira\\\/wp-content\\\/uploads\\\/2026\\\/08\\\/caverna-de-minas-guarda-memoria-do-clima-da-terra.webp\",\"contentUrl\":\"https:\\\/\\\/www.encontraminasgerais.com.br\\\/itabira\\\/wp-content\\\/uploads\\\/2026\\\/08\\\/caverna-de-minas-guarda-memoria-do-clima-da-terra.webp\",\"width\":280,\"height\":280,\"caption\":\"Caverna de Minas guarda mem\u00f3ria do clima da terra\"},{\"@type\":\"WebSite\",\"@id\":\"https:\\\/\\\/www.encontraminasgerais.com.br\\\/itabira\\\/#website\",\"url\":\"https:\\\/\\\/www.encontraminasgerais.com.br\\\/itabira\\\/\",\"name\":\"Guia Comercial de Itabira MG\",\"description\":\"ENCONTRA ITABIRA - O guia comercial de neg\u00f3cios e empresas, cultura e divers\u00e3o na cidade de Itabira. Feito 100% para voc\u00ea morador!\",\"potentialAction\":[{\"@type\":\"SearchAction\",\"target\":{\"@type\":\"EntryPoint\",\"urlTemplate\":\"https:\\\/\\\/www.encontraminasgerais.com.br\\\/itabira\\\/?s={search_term_string}\"},\"query-input\":{\"@type\":\"PropertyValueSpecification\",\"valueRequired\":true,\"valueName\":\"search_term_string\"}}],\"inLanguage\":\"pt-BR\"},{\"@type\":\"Person\",\"@id\":\"https:\\\/\\\/www.encontraminasgerais.com.br\\\/itabira\\\/#\\\/schema\\\/person\\\/9ae8a8f5ce59322c92e2499b550870b0\",\"name\":\"Encontra Itabira\",\"image\":{\"@type\":\"ImageObject\",\"inLanguage\":\"pt-BR\",\"@id\":\"https:\\\/\\\/secure.gravatar.com\\\/avatar\\\/c50c17820bcf322f0a8fd6b110b8c0918141409dc69076470f6fca5fee70a5d4?s=96&d=mm&r=g\",\"url\":\"https:\\\/\\\/secure.gravatar.com\\\/avatar\\\/c50c17820bcf322f0a8fd6b110b8c0918141409dc69076470f6fca5fee70a5d4?s=96&d=mm&r=g\",\"contentUrl\":\"https:\\\/\\\/secure.gravatar.com\\\/avatar\\\/c50c17820bcf322f0a8fd6b110b8c0918141409dc69076470f6fca5fee70a5d4?s=96&d=mm&r=g\",\"caption\":\"Encontra Itabira\"},\"url\":\"https:\\\/\\\/www.encontraminasgerais.com.br\\\/itabira\\\/author\\\/encontraitabira\\\/\"}]}<\/script>\n<!-- \/ Yoast SEO plugin. -->","yoast_head_json":{"title":"Caverna de Minas guarda mem\u00f3ria do clima da terra | Guia Comercial de Itabira MG","robots":{"index":"index","follow":"follow","max-snippet":"max-snippet:-1","max-image-preview":"max-image-preview:large","max-video-preview":"max-video-preview:-1"},"canonical":"https:\/\/www.encontraminasgerais.com.br\/itabira\/caverna-de-minas-guarda-memoria-do-clima-da-terra\/","og_locale":"pt_BR","og_type":"article","og_title":"Caverna de Minas guarda mem\u00f3ria do clima da terra | Guia Comercial de Itabira MG","og_description":"Explore como a Caverna de Minas revela segredos sobre o clima da Terra.","og_url":"https:\/\/www.encontraminasgerais.com.br\/itabira\/caverna-de-minas-guarda-memoria-do-clima-da-terra\/","og_site_name":"Guia Comercial de Itabira MG","article_published_time":"2026-08-31T11:43:40+00:00","og_image":[{"url":"https:\/\/www.encontraminasgerais.com.br\/itabira\/wp-content\/uploads\/2026\/08\/caverna-de-minas-guarda-memoria-do-clima-da-terra.webp","type":"","width":"","height":""}],"author":"Encontra Itabira","twitter_card":"summary_large_image","twitter_misc":{"Escrito por":"Encontra Itabira","Est. tempo de leitura":"4 minutos"},"schema":{"@context":"https:\/\/schema.org","@graph":[{"@type":"Article","@id":"https:\/\/www.encontraminasgerais.com.br\/itabira\/caverna-de-minas-guarda-memoria-do-clima-da-terra\/#article","isPartOf":{"@id":"https:\/\/www.encontraminasgerais.com.br\/itabira\/caverna-de-minas-guarda-memoria-do-clima-da-terra\/"},"author":{"name":"Encontra Itabira","@id":"https:\/\/www.encontraminasgerais.com.br\/itabira\/#\/schema\/person\/9ae8a8f5ce59322c92e2499b550870b0"},"headline":"Caverna de Minas guarda mem\u00f3ria do clima da terra","datePublished":"2026-08-31T11:43:40+00:00","mainEntityOfPage":{"@id":"https:\/\/www.encontraminasgerais.com.br\/itabira\/caverna-de-minas-guarda-memoria-do-clima-da-terra\/"},"wordCount":888,"commentCount":0,"image":{"@id":"https:\/\/www.encontraminasgerais.com.br\/itabira\/caverna-de-minas-guarda-memoria-do-clima-da-terra\/#primaryimage"},"thumbnailUrl":"https:\/\/www.encontraminasgerais.com.br\/itabira\/wp-content\/uploads\/2026\/08\/caverna-de-minas-guarda-memoria-do-clima-da-terra.webp","articleSection":["Not\u00edcias Itabira"],"inLanguage":"pt-BR","potentialAction":[{"@type":"CommentAction","name":"Comment","target":["https:\/\/www.encontraminasgerais.com.br\/itabira\/caverna-de-minas-guarda-memoria-do-clima-da-terra\/#respond"]}]},{"@type":"WebPage","@id":"https:\/\/www.encontraminasgerais.com.br\/itabira\/caverna-de-minas-guarda-memoria-do-clima-da-terra\/","url":"https:\/\/www.encontraminasgerais.com.br\/itabira\/caverna-de-minas-guarda-memoria-do-clima-da-terra\/","name":"Caverna de Minas guarda mem\u00f3ria do clima da terra | Guia Comercial de Itabira MG","isPartOf":{"@id":"https:\/\/www.encontraminasgerais.com.br\/itabira\/#website"},"primaryImageOfPage":{"@id":"https:\/\/www.encontraminasgerais.com.br\/itabira\/caverna-de-minas-guarda-memoria-do-clima-da-terra\/#primaryimage"},"image":{"@id":"https:\/\/www.encontraminasgerais.com.br\/itabira\/caverna-de-minas-guarda-memoria-do-clima-da-terra\/#primaryimage"},"thumbnailUrl":"https:\/\/www.encontraminasgerais.com.br\/itabira\/wp-content\/uploads\/2026\/08\/caverna-de-minas-guarda-memoria-do-clima-da-terra.webp","datePublished":"2026-08-31T11:43:40+00:00","author":{"@id":"https:\/\/www.encontraminasgerais.com.br\/itabira\/#\/schema\/person\/9ae8a8f5ce59322c92e2499b550870b0"},"inLanguage":"pt-BR","potentialAction":[{"@type":"ReadAction","target":["https:\/\/www.encontraminasgerais.com.br\/itabira\/caverna-de-minas-guarda-memoria-do-clima-da-terra\/"]}]},{"@type":"ImageObject","inLanguage":"pt-BR","@id":"https:\/\/www.encontraminasgerais.com.br\/itabira\/caverna-de-minas-guarda-memoria-do-clima-da-terra\/#primaryimage","url":"https:\/\/www.encontraminasgerais.com.br\/itabira\/wp-content\/uploads\/2026\/08\/caverna-de-minas-guarda-memoria-do-clima-da-terra.webp","contentUrl":"https:\/\/www.encontraminasgerais.com.br\/itabira\/wp-content\/uploads\/2026\/08\/caverna-de-minas-guarda-memoria-do-clima-da-terra.webp","width":280,"height":280,"caption":"Caverna de Minas guarda mem\u00f3ria do clima da terra"},{"@type":"WebSite","@id":"https:\/\/www.encontraminasgerais.com.br\/itabira\/#website","url":"https:\/\/www.encontraminasgerais.com.br\/itabira\/","name":"Guia Comercial de Itabira MG","description":"ENCONTRA ITABIRA - O guia comercial de neg\u00f3cios e empresas, cultura e divers\u00e3o na cidade de Itabira. Feito 100% para voc\u00ea morador!","potentialAction":[{"@type":"SearchAction","target":{"@type":"EntryPoint","urlTemplate":"https:\/\/www.encontraminasgerais.com.br\/itabira\/?s={search_term_string}"},"query-input":{"@type":"PropertyValueSpecification","valueRequired":true,"valueName":"search_term_string"}}],"inLanguage":"pt-BR"},{"@type":"Person","@id":"https:\/\/www.encontraminasgerais.com.br\/itabira\/#\/schema\/person\/9ae8a8f5ce59322c92e2499b550870b0","name":"Encontra Itabira","image":{"@type":"ImageObject","inLanguage":"pt-BR","@id":"https:\/\/secure.gravatar.com\/avatar\/c50c17820bcf322f0a8fd6b110b8c0918141409dc69076470f6fca5fee70a5d4?s=96&d=mm&r=g","url":"https:\/\/secure.gravatar.com\/avatar\/c50c17820bcf322f0a8fd6b110b8c0918141409dc69076470f6fca5fee70a5d4?s=96&d=mm&r=g","contentUrl":"https:\/\/secure.gravatar.com\/avatar\/c50c17820bcf322f0a8fd6b110b8c0918141409dc69076470f6fca5fee70a5d4?s=96&d=mm&r=g","caption":"Encontra Itabira"},"url":"https:\/\/www.encontraminasgerais.com.br\/itabira\/author\/encontraitabira\/"}]}},"_links":{"self":[{"href":"https:\/\/www.encontraminasgerais.com.br\/itabira\/wp-json\/wp\/v2\/posts\/6316","targetHints":{"allow":["GET"]}}],"collection":[{"href":"https:\/\/www.encontraminasgerais.com.br\/itabira\/wp-json\/wp\/v2\/posts"}],"about":[{"href":"https:\/\/www.encontraminasgerais.com.br\/itabira\/wp-json\/wp\/v2\/types\/post"}],"author":[{"embeddable":true,"href":"https:\/\/www.encontraminasgerais.com.br\/itabira\/wp-json\/wp\/v2\/users\/1"}],"replies":[{"embeddable":true,"href":"https:\/\/www.encontraminasgerais.com.br\/itabira\/wp-json\/wp\/v2\/comments?post=6316"}],"version-history":[{"count":0,"href":"https:\/\/www.encontraminasgerais.com.br\/itabira\/wp-json\/wp\/v2\/posts\/6316\/revisions"}],"wp:featuredmedia":[{"embeddable":true,"href":"https:\/\/www.encontraminasgerais.com.br\/itabira\/wp-json\/wp\/v2\/media\/6315"}],"wp:attachment":[{"href":"https:\/\/www.encontraminasgerais.com.br\/itabira\/wp-json\/wp\/v2\/media?parent=6316"}],"wp:term":[{"taxonomy":"category","embeddable":true,"href":"https:\/\/www.encontraminasgerais.com.br\/itabira\/wp-json\/wp\/v2\/categories?post=6316"},{"taxonomy":"post_tag","embeddable":true,"href":"https:\/\/www.encontraminasgerais.com.br\/itabira\/wp-json\/wp\/v2\/tags?post=6316"}],"curies":[{"name":"wp","href":"https:\/\/api.w.org\/{rel}","templated":true}]}}