{"id":6320,"date":"2026-09-01T08:42:43","date_gmt":"2026-09-01T11:42:43","guid":{"rendered":"https:\/\/www.encontraminasgerais.com.br\/itabira\/festival-de-vinhos-de-itabira-reune-500-pessoas-e-brinda-ao-sucesso\/"},"modified":"2026-09-01T08:42:43","modified_gmt":"2026-09-01T11:42:43","slug":"festival-de-vinhos-de-itabira-reune-500-pessoas-e-brinda-ao-sucesso","status":"publish","type":"post","link":"https:\/\/www.encontraminasgerais.com.br\/itabira\/festival-de-vinhos-de-itabira-reune-500-pessoas-e-brinda-ao-sucesso\/","title":{"rendered":"Festival de Vinhos de Itabira re\u00fane 500 pessoas e brinda ao sucesso"},"content":{"rendered":"<h2>Uma Celebra\u00e7\u00e3o de Sabores<\/h2>\n<p>O <strong>Festival de Vinhos de Itabira<\/strong> aconteceu na Mata do Intelecto e foi um verdadeiro marco na experi\u00eancia de aprecia\u00e7\u00e3o de vinhos na cidade. Com a presen\u00e7a de cerca de 500 pessoas, o evento se destacou por oferecer n\u00e3o apenas bebidas de qualidade, mas uma variedade de experi\u00eancias que envolveram m\u00fasica, gastronomia, arte e mais. Durante um dia inteiro, o parque natural transformou-se em um espa\u00e7o de celebra\u00e7\u00e3o das culturas vitivin\u00edcolas, proporcionando um ambiente onde visitantes puderam desfrutar de uma atmosfera rica em aromas e sabores.<\/p>\n<h2>Os R\u00f3tulos em Destaque<\/h2>\n<p>O festival contou com a participa\u00e7\u00e3o de dez expositores que trouxeram mais de cem r\u00f3tulos diferentes para degusta\u00e7\u00e3o. Esse mix de vinhos veio de diversas regi\u00f5es, incluindo produtores locais e de estados vizinhos, permitindo que os participantes explorassem um mundo de diferentes uvas e estilos. Esse encontro propiciou uma viagem sensorial, onde os entusiastas do vinho puderam interagir com sommeliers e produtores, aprendendo sobre as nuances que cada r\u00f3tulo traz. Um estande que chamou a aten\u00e7\u00e3o foi o <strong>Vinhedo Terra Rubra<\/strong>, do produtor Helv\u00e9cio Teles, que apresentou o r\u00f3tulo <strong>Su\u00e7uarana<\/strong>, um vinho que realmente fala sobre a identidade local de Itabira.<\/p>\n<h2>Gastronomia e Vinho em Harmonia<\/h2>\n<p>A combina\u00e7\u00e3o entre vinho e comida \u00e9 sempre uma parte fundamental de qualquer festival que se preze, e em Itabira n\u00e3o foi diferente. O espa\u00e7o dedicado \u00e0 gastronomia se tornou um verdadeiro ponto de encontro, oferecendo del\u00edcias que variavam de pratos contempor\u00e2neos a receitas tradicionais. Restaurantes renomados como <strong>Le Ville Bistr\u00f4<\/strong>, <strong>Forneria Meet<\/strong> e <strong>Nayna Gourmet<\/strong> deliciaram os presentes com suas op\u00e7\u00f5es de harmoniza\u00e7\u00e3o. Queijos finos da <strong>Alimentos Manancial<\/strong> se destacaram como os acompanhamentos perfeitos para os vinhos, enquanto doces da <strong>Doceria Feito Por N\u00f3s<\/strong> e sorvetes da <strong>Sorveteria Luigi<\/strong> finalizaram a jornada gastron\u00f4mica de maneira doce e refrescante.<\/p>\n<p><img decoding=\"async\" src=\"https:\/\/www.encontraminasgerais.com.br\/itabira\/wp-content\/uploads\/2026\/09\/festival-de-vinhos-de-itabira-reune-500-pessoas-e-brinda-ao-sucesso.webp\" alt=\"Festival de Vinhos de Itabira\" loading=\"lazy\" \/><\/p>\n<h2>Experi\u00eancias para Todas as Idades<\/h2>\n<p>O festival se preocupou em incluir todas as idades na proposta de experi\u00eancia. Enquanto os adultos se dedicavam \u00e0 degusta\u00e7\u00e3o dos vinhos, as crian\u00e7as puderam aproveitar atividades preparadas pela <strong>Anima Kids<\/strong>, que ofereceu um espa\u00e7o seguro e divertido. As din\u00e2micas educativas e brincadeiras proporcionaram \u00e0s crian\u00e7as uma introdu\u00e7\u00e3o ao mundo da natureza e da preserva\u00e7\u00e3o ambiental, garantindo que toda a fam\u00edlia pudesse desfrutar do evento de maneira prazerosa e tranquila.<\/p>\n<h2>Atividades Culturais e Liter\u00e1rias<\/h2>\n<p>Cultura e literatura tamb\u00e9m tiveram seu espa\u00e7o garantido no festival. O <strong>Centro Itabirano de Artesanato<\/strong> exibiu produtos de artes\u00e3os locais, enquanto escritores como Jos\u00e9 Sana e Daniela Brunelli se conectaram diretamente com o p\u00fablico, apresentando suas obras. Essa intera\u00e7\u00e3o n\u00e3o s\u00f3 enriqueceu o evento, mas tamb\u00e9m trouxe um novo significado \u00e0 experi\u00eancia, unindo a tradi\u00e7\u00e3o vitivin\u00edcola \u00e0 produ\u00e7\u00e3o cultural local. Os visitantes puderam entender que o festival n\u00e3o se limitava apenas ao vinho, mas abrangeria um universo vibrante que inclu\u00eda arte e literatura.<\/p>\n<h2>M\u00fasica e Vinhos: A Trilha Sonora Perfeita<\/h2>\n<p>Em meio aos brindes e degusta\u00e7\u00f5es, a m\u00fasica desempenhou um papel fundamental. O festival contou com apresenta\u00e7\u00f5es ao vivo que variaram de MPB, com <strong>Jaime Santos<\/strong>, a interpreta\u00e7\u00f5es autorais de <strong>Luiz Bira<\/strong> e fado com <strong>S\u00f4nia Gargiulo<\/strong>. O grupo <strong>Ariella Torres e Banda<\/strong> trouxe a suavidade da bossa nova, enquanto a Banda <strong>O Trilho<\/strong> animou a plateia com um toque de pop rock. O DJ <strong>Lu Mendes<\/strong> garantiu que a trilha sonora acompanhasse as degusta\u00e7\u00f5es desde o in\u00edcio at\u00e9 o desfecho, criando uma atmosfera envolvente e festiva.<\/p>\n<h2>A Contribui\u00e7\u00e3o dos Produtores Locais<\/h2>\n<p>A presen\u00e7a de produtores locais foi um dos grandes destaques do evento. Al\u00e9m de apresentar seus vinhos, os produtores compartilharam suas hist\u00f3rias, tradi\u00e7\u00f5es e o do dia a dia no cultivo das uvas. Isso n\u00e3o s\u00f3 proporcionou uma vis\u00e3o mais \u00edntima do processo de produ\u00e7\u00e3o, mas tamb\u00e9m fortaleceu a conex\u00e3o entre os consumidores e os criadores, trazendo mais autenticidade \u00e0 experi\u00eancia. O festival, portanto, se tornou um importante espa\u00e7o de valoriza\u00e7\u00e3o do esfor\u00e7o e da dedica\u00e7\u00e3o dos viticultores da regi\u00e3o.<\/p>\n<h2>Oficinas de Aprendizado sobre Vinho<\/h2>\n<p>Muitos visitantes que compareceram ao evento com o intuito de degustar acabaram se surpreendendo ao encontrar oportunidades de aprendizado. Sob a coordena\u00e7\u00e3o do en\u00f3filo <strong>Inim\u00e1 Souza<\/strong>, as oficinas permitiram que at\u00e9 mesmo os novatos no mundo do vinho pudessem adquirir conhecimentos valiosos sobre a escolha, armazenamento e degusta\u00e7\u00e3o das bebidas. As discuss\u00f5es abrangiam harmoniza\u00e7\u00f5es com diferentes tipos de queijos e pratos, tornando cada ta\u00e7a uma experi\u00eancia de aprendizado pr\u00e1tica e prazerosa.<\/p>\n<h2>A Import\u00e2ncia da Sustentabilidade<\/h2>\n<p>Realizar um festival em um espa\u00e7o natural como a Mata do Intelecto exigiu um planejamento cuidadoso em rela\u00e7\u00e3o \u00e0 sustentabilidade. O uso de copos de acr\u00edlico, a presen\u00e7a de uma equipe de limpeza e a distribui\u00e7\u00e3o de lixeiras ajudaram a minimizar o impacto ambiental do evento. Para garantir a seguran\u00e7a dos participantes, o festival contou com a presen\u00e7a de seguran\u00e7a privada, ambul\u00e2ncias e brigadistas, refletindo um compromisso com a preserva\u00e7\u00e3o da natureza e a seguran\u00e7a dos presentes.<\/p>\n<h2>Expectativas para as Pr\u00f3ximas Edi\u00e7\u00f5es<\/h2>\n<p>A primeira edi\u00e7\u00e3o do <strong>Festival de Vinhos de Itabira<\/strong> deixou um gostinho de quero mais. A intera\u00e7\u00e3o do p\u00fablico demonstrou que h\u00e1 um espa\u00e7o significativo para eventos que conectem a gastronomia, cultura e turismo na cidade. Com a experi\u00eancia adquirida nessa primeira interven\u00e7\u00e3o, todos esperam que a iniciativa se torne uma tradi\u00e7\u00e3o no calend\u00e1rio cultural e gastron\u00f4mico de Itabira, promovendo anualmente novas possibilidades de sabor e cultura para moradores e visitantes. Incentivado pelo sucesso, o organizador <strong>Thiago Jacques<\/strong>, juntamente com apoio do poder p\u00fablico e patroc\u00ednios, est\u00e1 otimista quanto ao futuro do festival. A combina\u00e7\u00e3o de boa m\u00fasica, comida, arte e, claro, vinhos de qualidade, promete trazer muito mais ao p\u00fablico em edi\u00e7\u00f5es futuras.<\/p>\n","protected":false},"excerpt":{"rendered":"<p>Festival de Vinhos de Itabira traz uma experi\u00eancia \u00fanica para os amantes do vinho.<\/p>\n","protected":false},"author":1,"featured_media":6319,"comment_status":"open","ping_status":"open","sticky":false,"template":"","format":"standard","meta":{"footnotes":""},"categories":[902],"tags":[],"class_list":["post-6320","post","type-post","status-publish","format-standard","has-post-thumbnail","hentry","category-shows","has_thumb"],"yoast_head":"<!-- This site is optimized with the Yoast SEO plugin v28.1 - https:\/\/yoast.com\/product\/yoast-seo-wordpress\/ -->\n<title>Festival de Vinhos de Itabira re\u00fane 500 pessoas e brinda ao sucesso | Guia Comercial de Itabira MG<\/title>\n<meta name=\"robots\" content=\"index, follow, max-snippet:-1, max-image-preview:large, max-video-preview:-1\" \/>\n<link rel=\"canonical\" href=\"https:\/\/www.encontraminasgerais.com.br\/itabira\/festival-de-vinhos-de-itabira-reune-500-pessoas-e-brinda-ao-sucesso\/\" \/>\n<meta property=\"og:locale\" content=\"pt_BR\" \/>\n<meta property=\"og:type\" content=\"article\" \/>\n<meta property=\"og:title\" content=\"Festival de Vinhos de Itabira re\u00fane 500 pessoas e brinda ao sucesso | Guia Comercial de Itabira MG\" \/>\n<meta property=\"og:description\" content=\"Festival de Vinhos de Itabira traz uma experi\u00eancia \u00fanica para os amantes do vinho.\" \/>\n<meta property=\"og:url\" content=\"https:\/\/www.encontraminasgerais.com.br\/itabira\/festival-de-vinhos-de-itabira-reune-500-pessoas-e-brinda-ao-sucesso\/\" \/>\n<meta property=\"og:site_name\" content=\"Guia Comercial de Itabira MG\" \/>\n<meta property=\"article:published_time\" content=\"2026-09-01T11:42:43+00:00\" \/>\n<meta property=\"og:image\" content=\"https:\/\/www.encontraminasgerais.com.br\/itabira\/wp-content\/uploads\/2026\/09\/festival-de-vinhos-de-itabira-reune-500-pessoas-e-brinda-ao-sucesso.webp\" \/>\n<meta name=\"author\" content=\"Encontra Itabira\" \/>\n<meta name=\"twitter:card\" content=\"summary_large_image\" \/>\n<meta name=\"twitter:label1\" content=\"Escrito por\" \/>\n\t<meta name=\"twitter:data1\" content=\"Encontra Itabira\" \/>\n\t<meta name=\"twitter:label2\" content=\"Est. tempo de leitura\" \/>\n\t<meta name=\"twitter:data2\" content=\"5 minutos\" \/>\n<script type=\"application\/ld+json\" class=\"yoast-schema-graph\">{\"@context\":\"https:\\\/\\\/schema.org\",\"@graph\":[{\"@type\":\"Article\",\"@id\":\"https:\\\/\\\/www.encontraminasgerais.com.br\\\/itabira\\\/festival-de-vinhos-de-itabira-reune-500-pessoas-e-brinda-ao-sucesso\\\/#article\",\"isPartOf\":{\"@id\":\"https:\\\/\\\/www.encontraminasgerais.com.br\\\/itabira\\\/festival-de-vinhos-de-itabira-reune-500-pessoas-e-brinda-ao-sucesso\\\/\"},\"author\":{\"name\":\"Encontra Itabira\",\"@id\":\"https:\\\/\\\/www.encontraminasgerais.com.br\\\/itabira\\\/#\\\/schema\\\/person\\\/9ae8a8f5ce59322c92e2499b550870b0\"},\"headline\":\"Festival de Vinhos de Itabira re\u00fane 500 pessoas e brinda ao sucesso\",\"datePublished\":\"2026-09-01T11:42:43+00:00\",\"mainEntityOfPage\":{\"@id\":\"https:\\\/\\\/www.encontraminasgerais.com.br\\\/itabira\\\/festival-de-vinhos-de-itabira-reune-500-pessoas-e-brinda-ao-sucesso\\\/\"},\"wordCount\":1034,\"commentCount\":0,\"image\":{\"@id\":\"https:\\\/\\\/www.encontraminasgerais.com.br\\\/itabira\\\/festival-de-vinhos-de-itabira-reune-500-pessoas-e-brinda-ao-sucesso\\\/#primaryimage\"},\"thumbnailUrl\":\"https:\\\/\\\/www.encontraminasgerais.com.br\\\/itabira\\\/wp-content\\\/uploads\\\/2026\\\/09\\\/festival-de-vinhos-de-itabira-reune-500-pessoas-e-brinda-ao-sucesso.webp\",\"articleSection\":[\"Shows Itabira\"],\"inLanguage\":\"pt-BR\",\"potentialAction\":[{\"@type\":\"CommentAction\",\"name\":\"Comment\",\"target\":[\"https:\\\/\\\/www.encontraminasgerais.com.br\\\/itabira\\\/festival-de-vinhos-de-itabira-reune-500-pessoas-e-brinda-ao-sucesso\\\/#respond\"]}]},{\"@type\":\"WebPage\",\"@id\":\"https:\\\/\\\/www.encontraminasgerais.com.br\\\/itabira\\\/festival-de-vinhos-de-itabira-reune-500-pessoas-e-brinda-ao-sucesso\\\/\",\"url\":\"https:\\\/\\\/www.encontraminasgerais.com.br\\\/itabira\\\/festival-de-vinhos-de-itabira-reune-500-pessoas-e-brinda-ao-sucesso\\\/\",\"name\":\"Festival de Vinhos de Itabira re\u00fane 500 pessoas e brinda ao sucesso | Guia Comercial de Itabira MG\",\"isPartOf\":{\"@id\":\"https:\\\/\\\/www.encontraminasgerais.com.br\\\/itabira\\\/#website\"},\"primaryImageOfPage\":{\"@id\":\"https:\\\/\\\/www.encontraminasgerais.com.br\\\/itabira\\\/festival-de-vinhos-de-itabira-reune-500-pessoas-e-brinda-ao-sucesso\\\/#primaryimage\"},\"image\":{\"@id\":\"https:\\\/\\\/www.encontraminasgerais.com.br\\\/itabira\\\/festival-de-vinhos-de-itabira-reune-500-pessoas-e-brinda-ao-sucesso\\\/#primaryimage\"},\"thumbnailUrl\":\"https:\\\/\\\/www.encontraminasgerais.com.br\\\/itabira\\\/wp-content\\\/uploads\\\/2026\\\/09\\\/festival-de-vinhos-de-itabira-reune-500-pessoas-e-brinda-ao-sucesso.webp\",\"datePublished\":\"2026-09-01T11:42:43+00:00\",\"author\":{\"@id\":\"https:\\\/\\\/www.encontraminasgerais.com.br\\\/itabira\\\/#\\\/schema\\\/person\\\/9ae8a8f5ce59322c92e2499b550870b0\"},\"inLanguage\":\"pt-BR\",\"potentialAction\":[{\"@type\":\"ReadAction\",\"target\":[\"https:\\\/\\\/www.encontraminasgerais.com.br\\\/itabira\\\/festival-de-vinhos-de-itabira-reune-500-pessoas-e-brinda-ao-sucesso\\\/\"]}]},{\"@type\":\"ImageObject\",\"inLanguage\":\"pt-BR\",\"@id\":\"https:\\\/\\\/www.encontraminasgerais.com.br\\\/itabira\\\/festival-de-vinhos-de-itabira-reune-500-pessoas-e-brinda-ao-sucesso\\\/#primaryimage\",\"url\":\"https:\\\/\\\/www.encontraminasgerais.com.br\\\/itabira\\\/wp-content\\\/uploads\\\/2026\\\/09\\\/festival-de-vinhos-de-itabira-reune-500-pessoas-e-brinda-ao-sucesso.webp\",\"contentUrl\":\"https:\\\/\\\/www.encontraminasgerais.com.br\\\/itabira\\\/wp-content\\\/uploads\\\/2026\\\/09\\\/festival-de-vinhos-de-itabira-reune-500-pessoas-e-brinda-ao-sucesso.webp\",\"width\":280,\"height\":280,\"caption\":\"Festival de Vinhos de Itabira\"},{\"@type\":\"WebSite\",\"@id\":\"https:\\\/\\\/www.encontraminasgerais.com.br\\\/itabira\\\/#website\",\"url\":\"https:\\\/\\\/www.encontraminasgerais.com.br\\\/itabira\\\/\",\"name\":\"Guia Comercial de Itabira MG\",\"description\":\"ENCONTRA ITABIRA - O guia comercial de neg\u00f3cios e empresas, cultura e divers\u00e3o na cidade de Itabira. Feito 100% para voc\u00ea morador!\",\"potentialAction\":[{\"@type\":\"SearchAction\",\"target\":{\"@type\":\"EntryPoint\",\"urlTemplate\":\"https:\\\/\\\/www.encontraminasgerais.com.br\\\/itabira\\\/?s={search_term_string}\"},\"query-input\":{\"@type\":\"PropertyValueSpecification\",\"valueRequired\":true,\"valueName\":\"search_term_string\"}}],\"inLanguage\":\"pt-BR\"},{\"@type\":\"Person\",\"@id\":\"https:\\\/\\\/www.encontraminasgerais.com.br\\\/itabira\\\/#\\\/schema\\\/person\\\/9ae8a8f5ce59322c92e2499b550870b0\",\"name\":\"Encontra Itabira\",\"image\":{\"@type\":\"ImageObject\",\"inLanguage\":\"pt-BR\",\"@id\":\"https:\\\/\\\/secure.gravatar.com\\\/avatar\\\/c50c17820bcf322f0a8fd6b110b8c0918141409dc69076470f6fca5fee70a5d4?s=96&d=mm&r=g\",\"url\":\"https:\\\/\\\/secure.gravatar.com\\\/avatar\\\/c50c17820bcf322f0a8fd6b110b8c0918141409dc69076470f6fca5fee70a5d4?s=96&d=mm&r=g\",\"contentUrl\":\"https:\\\/\\\/secure.gravatar.com\\\/avatar\\\/c50c17820bcf322f0a8fd6b110b8c0918141409dc69076470f6fca5fee70a5d4?s=96&d=mm&r=g\",\"caption\":\"Encontra Itabira\"},\"url\":\"https:\\\/\\\/www.encontraminasgerais.com.br\\\/itabira\\\/author\\\/encontraitabira\\\/\"}]}<\/script>\n<!-- \/ Yoast SEO plugin. -->","yoast_head_json":{"title":"Festival de Vinhos de Itabira re\u00fane 500 pessoas e brinda ao sucesso | Guia Comercial de Itabira MG","robots":{"index":"index","follow":"follow","max-snippet":"max-snippet:-1","max-image-preview":"max-image-preview:large","max-video-preview":"max-video-preview:-1"},"canonical":"https:\/\/www.encontraminasgerais.com.br\/itabira\/festival-de-vinhos-de-itabira-reune-500-pessoas-e-brinda-ao-sucesso\/","og_locale":"pt_BR","og_type":"article","og_title":"Festival de Vinhos de Itabira re\u00fane 500 pessoas e brinda ao sucesso | Guia Comercial de Itabira MG","og_description":"Festival de Vinhos de Itabira traz uma experi\u00eancia \u00fanica para os amantes do vinho.","og_url":"https:\/\/www.encontraminasgerais.com.br\/itabira\/festival-de-vinhos-de-itabira-reune-500-pessoas-e-brinda-ao-sucesso\/","og_site_name":"Guia Comercial de Itabira MG","article_published_time":"2026-09-01T11:42:43+00:00","og_image":[{"url":"https:\/\/www.encontraminasgerais.com.br\/itabira\/wp-content\/uploads\/2026\/09\/festival-de-vinhos-de-itabira-reune-500-pessoas-e-brinda-ao-sucesso.webp","type":"","width":"","height":""}],"author":"Encontra Itabira","twitter_card":"summary_large_image","twitter_misc":{"Escrito por":"Encontra Itabira","Est. tempo de leitura":"5 minutos"},"schema":{"@context":"https:\/\/schema.org","@graph":[{"@type":"Article","@id":"https:\/\/www.encontraminasgerais.com.br\/itabira\/festival-de-vinhos-de-itabira-reune-500-pessoas-e-brinda-ao-sucesso\/#article","isPartOf":{"@id":"https:\/\/www.encontraminasgerais.com.br\/itabira\/festival-de-vinhos-de-itabira-reune-500-pessoas-e-brinda-ao-sucesso\/"},"author":{"name":"Encontra Itabira","@id":"https:\/\/www.encontraminasgerais.com.br\/itabira\/#\/schema\/person\/9ae8a8f5ce59322c92e2499b550870b0"},"headline":"Festival de Vinhos de Itabira re\u00fane 500 pessoas e brinda ao sucesso","datePublished":"2026-09-01T11:42:43+00:00","mainEntityOfPage":{"@id":"https:\/\/www.encontraminasgerais.com.br\/itabira\/festival-de-vinhos-de-itabira-reune-500-pessoas-e-brinda-ao-sucesso\/"},"wordCount":1034,"commentCount":0,"image":{"@id":"https:\/\/www.encontraminasgerais.com.br\/itabira\/festival-de-vinhos-de-itabira-reune-500-pessoas-e-brinda-ao-sucesso\/#primaryimage"},"thumbnailUrl":"https:\/\/www.encontraminasgerais.com.br\/itabira\/wp-content\/uploads\/2026\/09\/festival-de-vinhos-de-itabira-reune-500-pessoas-e-brinda-ao-sucesso.webp","articleSection":["Shows Itabira"],"inLanguage":"pt-BR","potentialAction":[{"@type":"CommentAction","name":"Comment","target":["https:\/\/www.encontraminasgerais.com.br\/itabira\/festival-de-vinhos-de-itabira-reune-500-pessoas-e-brinda-ao-sucesso\/#respond"]}]},{"@type":"WebPage","@id":"https:\/\/www.encontraminasgerais.com.br\/itabira\/festival-de-vinhos-de-itabira-reune-500-pessoas-e-brinda-ao-sucesso\/","url":"https:\/\/www.encontraminasgerais.com.br\/itabira\/festival-de-vinhos-de-itabira-reune-500-pessoas-e-brinda-ao-sucesso\/","name":"Festival de Vinhos de Itabira re\u00fane 500 pessoas e brinda ao sucesso | Guia Comercial de Itabira MG","isPartOf":{"@id":"https:\/\/www.encontraminasgerais.com.br\/itabira\/#website"},"primaryImageOfPage":{"@id":"https:\/\/www.encontraminasgerais.com.br\/itabira\/festival-de-vinhos-de-itabira-reune-500-pessoas-e-brinda-ao-sucesso\/#primaryimage"},"image":{"@id":"https:\/\/www.encontraminasgerais.com.br\/itabira\/festival-de-vinhos-de-itabira-reune-500-pessoas-e-brinda-ao-sucesso\/#primaryimage"},"thumbnailUrl":"https:\/\/www.encontraminasgerais.com.br\/itabira\/wp-content\/uploads\/2026\/09\/festival-de-vinhos-de-itabira-reune-500-pessoas-e-brinda-ao-sucesso.webp","datePublished":"2026-09-01T11:42:43+00:00","author":{"@id":"https:\/\/www.encontraminasgerais.com.br\/itabira\/#\/schema\/person\/9ae8a8f5ce59322c92e2499b550870b0"},"inLanguage":"pt-BR","potentialAction":[{"@type":"ReadAction","target":["https:\/\/www.encontraminasgerais.com.br\/itabira\/festival-de-vinhos-de-itabira-reune-500-pessoas-e-brinda-ao-sucesso\/"]}]},{"@type":"ImageObject","inLanguage":"pt-BR","@id":"https:\/\/www.encontraminasgerais.com.br\/itabira\/festival-de-vinhos-de-itabira-reune-500-pessoas-e-brinda-ao-sucesso\/#primaryimage","url":"https:\/\/www.encontraminasgerais.com.br\/itabira\/wp-content\/uploads\/2026\/09\/festival-de-vinhos-de-itabira-reune-500-pessoas-e-brinda-ao-sucesso.webp","contentUrl":"https:\/\/www.encontraminasgerais.com.br\/itabira\/wp-content\/uploads\/2026\/09\/festival-de-vinhos-de-itabira-reune-500-pessoas-e-brinda-ao-sucesso.webp","width":280,"height":280,"caption":"Festival de Vinhos de Itabira"},{"@type":"WebSite","@id":"https:\/\/www.encontraminasgerais.com.br\/itabira\/#website","url":"https:\/\/www.encontraminasgerais.com.br\/itabira\/","name":"Guia Comercial de Itabira MG","description":"ENCONTRA ITABIRA - O guia comercial de neg\u00f3cios e empresas, cultura e divers\u00e3o na cidade de Itabira. Feito 100% para voc\u00ea morador!","potentialAction":[{"@type":"SearchAction","target":{"@type":"EntryPoint","urlTemplate":"https:\/\/www.encontraminasgerais.com.br\/itabira\/?s={search_term_string}"},"query-input":{"@type":"PropertyValueSpecification","valueRequired":true,"valueName":"search_term_string"}}],"inLanguage":"pt-BR"},{"@type":"Person","@id":"https:\/\/www.encontraminasgerais.com.br\/itabira\/#\/schema\/person\/9ae8a8f5ce59322c92e2499b550870b0","name":"Encontra Itabira","image":{"@type":"ImageObject","inLanguage":"pt-BR","@id":"https:\/\/secure.gravatar.com\/avatar\/c50c17820bcf322f0a8fd6b110b8c0918141409dc69076470f6fca5fee70a5d4?s=96&d=mm&r=g","url":"https:\/\/secure.gravatar.com\/avatar\/c50c17820bcf322f0a8fd6b110b8c0918141409dc69076470f6fca5fee70a5d4?s=96&d=mm&r=g","contentUrl":"https:\/\/secure.gravatar.com\/avatar\/c50c17820bcf322f0a8fd6b110b8c0918141409dc69076470f6fca5fee70a5d4?s=96&d=mm&r=g","caption":"Encontra Itabira"},"url":"https:\/\/www.encontraminasgerais.com.br\/itabira\/author\/encontraitabira\/"}]}},"_links":{"self":[{"href":"https:\/\/www.encontraminasgerais.com.br\/itabira\/wp-json\/wp\/v2\/posts\/6320","targetHints":{"allow":["GET"]}}],"collection":[{"href":"https:\/\/www.encontraminasgerais.com.br\/itabira\/wp-json\/wp\/v2\/posts"}],"about":[{"href":"https:\/\/www.encontraminasgerais.com.br\/itabira\/wp-json\/wp\/v2\/types\/post"}],"author":[{"embeddable":true,"href":"https:\/\/www.encontraminasgerais.com.br\/itabira\/wp-json\/wp\/v2\/users\/1"}],"replies":[{"embeddable":true,"href":"https:\/\/www.encontraminasgerais.com.br\/itabira\/wp-json\/wp\/v2\/comments?post=6320"}],"version-history":[{"count":0,"href":"https:\/\/www.encontraminasgerais.com.br\/itabira\/wp-json\/wp\/v2\/posts\/6320\/revisions"}],"wp:featuredmedia":[{"embeddable":true,"href":"https:\/\/www.encontraminasgerais.com.br\/itabira\/wp-json\/wp\/v2\/media\/6319"}],"wp:attachment":[{"href":"https:\/\/www.encontraminasgerais.com.br\/itabira\/wp-json\/wp\/v2\/media?parent=6320"}],"wp:term":[{"taxonomy":"category","embeddable":true,"href":"https:\/\/www.encontraminasgerais.com.br\/itabira\/wp-json\/wp\/v2\/categories?post=6320"},{"taxonomy":"post_tag","embeddable":true,"href":"https:\/\/www.encontraminasgerais.com.br\/itabira\/wp-json\/wp\/v2\/tags?post=6320"}],"curies":[{"name":"wp","href":"https:\/\/api.w.org\/{rel}","templated":true}]}}