{"id":6332,"date":"2026-09-03T08:42:44","date_gmt":"2026-09-03T11:42:44","guid":{"rendered":"https:\/\/www.encontraminasgerais.com.br\/itabira\/bh-tem-minima-de-17c-e-maxima-de-27c-com-pancadas-de-chuva-itabira-e-joao-monlevade-tem-maximas-de-25c-e-24c\/"},"modified":"2026-09-03T08:42:44","modified_gmt":"2026-09-03T11:42:44","slug":"bh-tem-minima-de-17c-e-maxima-de-27c-com-pancadas-de-chuva-itabira-e-joao-monlevade-tem-maximas-de-25c-e-24c","status":"publish","type":"post","link":"https:\/\/www.encontraminasgerais.com.br\/itabira\/bh-tem-minima-de-17c-e-maxima-de-27c-com-pancadas-de-chuva-itabira-e-joao-monlevade-tem-maximas-de-25c-e-24c\/","title":{"rendered":"BH tem m\u00ednima de 17\u00b0C e m\u00e1xima de 27\u00b0C com pancadas de chuva; Itabira e Jo\u00e3o Monlevade t\u00eam m\u00e1ximas de 25\u00b0C e 24\u00b0C"},"content":{"rendered":"<h2>Temperaturas de Hoje em Belo Horizonte<\/h2>\n<p>Hoje, a capital mineira apresenta previs\u00f5es de temperaturas variadas entre 17\u00b0C e 27\u00b0C. A atmosfera promete ser marcada por per\u00edodos de chuva, especialmente ao longo do dia. Essa instabilidade \u00e9 causada pelo avan\u00e7o de uma frente fria que traz umidade e temperatura amena, promovendo um clima confort\u00e1vel em rela\u00e7\u00e3o aos dias anteriores de calor intenso.<\/p>\n<h2>Condi\u00e7\u00f5es Meteorol\u00f3gicas para Itabira<\/h2>\n<p>Para Itabira, a expectativa \u00e9 de muitas nuvens com possibilidade de chuvas. As temperaturas v\u00e3o oscilar de 14\u00b0C a 25\u00b0C. A umidade relativa do ar nesta regi\u00e3o permanecer\u00e1 entre 90% e 50%, e os ventos devem ser fracos, contribuindo ainda mais para um dia \u00famido e fresco.<\/p>\n<h2>Previs\u00e3o para Jo\u00e3o Monlevade<\/h2>\n<p>Em Jo\u00e3o Monlevade, as condi\u00e7\u00f5es tamb\u00e9m indicam um c\u00e9u nublado e chuvas intermitentes. A m\u00ednima prevista \u00e9 de 14\u00b0C, enquanto a m\u00e1xima atinge 24\u00b0C. A umidade do ar varia entre 90% e 50%, e, assim como em Itabira, os ventos s\u00e3o esperados para serem fracos, resultando em um dia igualmente \u00famido.<\/p>\n<p><img decoding=\"async\" src=\"https:\/\/www.encontraminasgerais.com.br\/itabira\/wp-content\/uploads\/2026\/09\/bh-tem-minima-de-17-c-e-maxima-de-27-c-com-pancadas-de-chuva-itabira-e-joao-monlevade-tem-maximas-de.webp\" alt=\"previs\u00e3o do tempo\" loading=\"lazy\" \/><\/p>\n<h2>Instabilidades no Centro-Norte Mineiro<\/h2>\n<p>O centro-norte de Minas Gerais deve observar forma\u00e7\u00e3o de instabilidades ao longo do dia. Embora a previs\u00e3o de chuvas n\u00e3o atinja a todos os locais de maneira uniforme, \u00e1reas isoladas nos Noroeste e Norte do estado podem vivenciar esse fen\u00f4meno. A atmosfera carregada gera a possibilidade de trovoadas, especialmente \u00e0 noite e nas primeiras horas da manh\u00e3.<\/p>\n<h2>Expectativa de Chuvas em Minas Gerais<\/h2>\n<p>A previs\u00e3o \u00e9 de que as chuvas se concentrem principalmente nas regi\u00f5es Jequitinhonha, Mucuri e ao longo das bacias do Rio Doce. As pancadas de chuva e trovoadas s\u00e3o esperadas, embora as \u00e1reas mais ao sul estejam come\u00e7ando a apresentar uma leve diminui\u00e7\u00e3o nas temperaturas, aliviando o calor excessivo. Isso traz um al\u00edvio a quem estava lidando com o calor intenso dos \u00faltimos dias.<\/p>\n<h2>Impacto da Frente Fria na Regi\u00e3o<\/h2>\n<p>A chegada de uma frente fria promete impactar significativamente o clima no estado. Esta frente \u00e9 respons\u00e1vel pelo aumento da nebulosidade e por ocasionar as chuvas. O ar mais frio que avan\u00e7a \u00e9 uma varia\u00e7\u00e3o ben\u00e9fica, surgindo como um al\u00edvio ap\u00f3s dias de calor. O fen\u00f4meno clim\u00e1tico traz n\u00e3o s\u00f3 chuvas, mas tamb\u00e9m mudan\u00e7as nas temperaturas, deixando-as mais amenas.<\/p>\n<h2>Varia\u00e7\u00f5es de Temperatura ao Longo do Dia<\/h2>\n<p>As temperaturas ao longo do dia ir\u00e3o oscilar. No centro-sul e oeste de Minas Gerais, \u00e9 comum que se observe uma queda nas m\u00e1ximas, enquanto no extremo norte, temperaturas podem atingir at\u00e9 39\u00b0C. Essa disparidade resulta das diferentes condi\u00e7\u00f5es clim\u00e1ticas que s\u00e3o influenciadas pelas frentes frias e pela umidade do ar presente na regi\u00e3o.<\/p>\n<h2>Umidade Relativa do Ar e Ventos<\/h2>\n<p>A umidade do ar ser\u00e1 notavelmente elevada, com \u00edndices variando de 90% a 50%, o que pode criar uma sensa\u00e7\u00e3o de abafamento, especialmente nas \u00e1reas mais quentes. Os ventos ser\u00e3o predominantemente fracos a moderados com rajadas ocasionais, o que pode fazer com que se sinta uma leve brisa em algumas regi\u00f5es, ajudando a amenizar o calor em momentos sem chuvas.<\/p>\n<h2>Dicas para o Dia de Hoje<\/h2>\n<p>Para quem planeja atividades ao ar livre hoje, recomenda-se se preparar para a possibilidade de chuvas. \u00c9 prudente portar um guarda-chuva ou capa de chuva. Manter-se bem hidratado \u00e9 essencial, dada a umidade e as flutua\u00e7\u00f5es de temperatura. Para quem optar por passeios, escolher hor\u00e1rios mais frescos do dia pode trazer mais conforto.<\/p>\n<h2>Informa\u00e7\u00f5es Adicionais e \u00daltimas Not\u00edcias<\/h2>\n<p>Al\u00e9m das previs\u00f5es do tempo, fique ligado nas \u00faltimas atualiza\u00e7\u00f5es sobre diversos temas relevantes, como seguran\u00e7a e economia no estado. Not\u00edcias sobre o impacto do clima em diferentes setores, como o agr\u00edcola, s\u00e3o importantes para que a popula\u00e7\u00e3o esteja bem informada e preparada para qualquer eventualidade. Mantenha-se conectado \u00e0s fontes de not\u00edcias para receber as informa\u00e7\u00f5es mais recentes sobre as condi\u00e7\u00f5es clim\u00e1ticas em Minas Gerais.<\/p>\n<h2>\u00daltimas Not\u00edcias<\/h2>\n<p>N\u00e3o deixe de conferir as \u00faltimas novidades em rela\u00e7\u00e3o a eventos e acontecimentos que impactam a vida em Minas Gerais:<\/p>\n<ul>\n<li><strong>Pol\u00edcia Federal<\/strong> deflagra opera\u00e7\u00e3o contra rede de tr\u00e1fico de migrantes em Governador Valadares. <\/li>\n<li><strong>Economia<\/strong>: Mercado de commodities minerais exige estrat\u00e9gias inovadoras frente a novos desafios globais.<\/li>\n<li><strong>Educa\u00e7\u00e3o<\/strong>: Funcesi anunciou a abertura de inscri\u00e7\u00f5es para novos cursos de MBA a dist\u00e2ncia.<\/li>\n<li><strong>Obitu\u00e1rio<\/strong>: Lamentamos informar sobre a morte do ator e diretor Gracindo Jr. aos 83 anos.<\/li>\n<\/ul>\n<p>Essas atualiza\u00e7\u00f5es demonstram a necessidade de se manter informado sobre o que acontece ao nosso redor, visando garantir a seguran\u00e7a e a bem-estar de todos os cidad\u00e3os.<\/p>\n","protected":false},"excerpt":{"rendered":"<p>Previs\u00e3o do tempo: BH com m\u00ednima de 17\u00b0C e expectativa de chuvas isoladas.<\/p>\n","protected":false},"author":1,"featured_media":6331,"comment_status":"open","ping_status":"open","sticky":false,"template":"","format":"standard","meta":{"footnotes":""},"categories":[5],"tags":[],"class_list":["post-6332","post","type-post","status-publish","format-standard","has-post-thumbnail","hentry","category-noticias","has_thumb"],"yoast_head":"<!-- This site is optimized with the Yoast SEO plugin v28.1 - https:\/\/yoast.com\/product\/yoast-seo-wordpress\/ -->\n<title>BH tem m\u00ednima de 17\u00b0C e m\u00e1xima de 27\u00b0C com pancadas de chuva; Itabira e Jo\u00e3o Monlevade t\u00eam m\u00e1ximas de 25\u00b0C e 24\u00b0C | Guia Comercial de Itabira MG<\/title>\n<meta name=\"robots\" content=\"index, follow, max-snippet:-1, max-image-preview:large, max-video-preview:-1\" \/>\n<link rel=\"canonical\" href=\"https:\/\/www.encontraminasgerais.com.br\/itabira\/bh-tem-minima-de-17c-e-maxima-de-27c-com-pancadas-de-chuva-itabira-e-joao-monlevade-tem-maximas-de-25c-e-24c\/\" \/>\n<meta property=\"og:locale\" content=\"pt_BR\" \/>\n<meta property=\"og:type\" content=\"article\" \/>\n<meta property=\"og:title\" content=\"BH tem m\u00ednima de 17\u00b0C e m\u00e1xima de 27\u00b0C com pancadas de chuva; Itabira e Jo\u00e3o Monlevade t\u00eam m\u00e1ximas de 25\u00b0C e 24\u00b0C | Guia Comercial de Itabira MG\" \/>\n<meta property=\"og:description\" content=\"Previs\u00e3o do tempo: BH com m\u00ednima de 17\u00b0C e expectativa de chuvas isoladas.\" \/>\n<meta property=\"og:url\" content=\"https:\/\/www.encontraminasgerais.com.br\/itabira\/bh-tem-minima-de-17c-e-maxima-de-27c-com-pancadas-de-chuva-itabira-e-joao-monlevade-tem-maximas-de-25c-e-24c\/\" \/>\n<meta property=\"og:site_name\" content=\"Guia Comercial de Itabira MG\" \/>\n<meta property=\"article:published_time\" content=\"2026-09-03T11:42:44+00:00\" \/>\n<meta property=\"og:image\" content=\"https:\/\/www.encontraminasgerais.com.br\/itabira\/wp-content\/uploads\/2026\/09\/bh-tem-minima-de-17-c-e-maxima-de-27-c-com-pancadas-de-chuva-itabira-e-joao-monlevade-tem-maximas-de.webp\" \/>\n<meta name=\"author\" content=\"Encontra Itabira\" \/>\n<meta name=\"twitter:card\" content=\"summary_large_image\" \/>\n<meta name=\"twitter:label1\" content=\"Escrito por\" \/>\n\t<meta name=\"twitter:data1\" content=\"Encontra Itabira\" \/>\n\t<meta name=\"twitter:label2\" content=\"Est. tempo de leitura\" \/>\n\t<meta name=\"twitter:data2\" content=\"4 minutos\" \/>\n<script type=\"application\/ld+json\" class=\"yoast-schema-graph\">{\"@context\":\"https:\\\/\\\/schema.org\",\"@graph\":[{\"@type\":\"Article\",\"@id\":\"https:\\\/\\\/www.encontraminasgerais.com.br\\\/itabira\\\/bh-tem-minima-de-17c-e-maxima-de-27c-com-pancadas-de-chuva-itabira-e-joao-monlevade-tem-maximas-de-25c-e-24c\\\/#article\",\"isPartOf\":{\"@id\":\"https:\\\/\\\/www.encontraminasgerais.com.br\\\/itabira\\\/bh-tem-minima-de-17c-e-maxima-de-27c-com-pancadas-de-chuva-itabira-e-joao-monlevade-tem-maximas-de-25c-e-24c\\\/\"},\"author\":{\"name\":\"Encontra Itabira\",\"@id\":\"https:\\\/\\\/www.encontraminasgerais.com.br\\\/itabira\\\/#\\\/schema\\\/person\\\/9ae8a8f5ce59322c92e2499b550870b0\"},\"headline\":\"BH tem m\u00ednima de 17\u00b0C e m\u00e1xima de 27\u00b0C com pancadas de chuva; Itabira e Jo\u00e3o Monlevade t\u00eam m\u00e1ximas de 25\u00b0C e 24\u00b0C\",\"datePublished\":\"2026-09-03T11:42:44+00:00\",\"mainEntityOfPage\":{\"@id\":\"https:\\\/\\\/www.encontraminasgerais.com.br\\\/itabira\\\/bh-tem-minima-de-17c-e-maxima-de-27c-com-pancadas-de-chuva-itabira-e-joao-monlevade-tem-maximas-de-25c-e-24c\\\/\"},\"wordCount\":814,\"commentCount\":0,\"image\":{\"@id\":\"https:\\\/\\\/www.encontraminasgerais.com.br\\\/itabira\\\/bh-tem-minima-de-17c-e-maxima-de-27c-com-pancadas-de-chuva-itabira-e-joao-monlevade-tem-maximas-de-25c-e-24c\\\/#primaryimage\"},\"thumbnailUrl\":\"https:\\\/\\\/www.encontraminasgerais.com.br\\\/itabira\\\/wp-content\\\/uploads\\\/2026\\\/09\\\/bh-tem-minima-de-17-c-e-maxima-de-27-c-com-pancadas-de-chuva-itabira-e-joao-monlevade-tem-maximas-de.webp\",\"articleSection\":[\"Not\u00edcias Itabira\"],\"inLanguage\":\"pt-BR\",\"potentialAction\":[{\"@type\":\"CommentAction\",\"name\":\"Comment\",\"target\":[\"https:\\\/\\\/www.encontraminasgerais.com.br\\\/itabira\\\/bh-tem-minima-de-17c-e-maxima-de-27c-com-pancadas-de-chuva-itabira-e-joao-monlevade-tem-maximas-de-25c-e-24c\\\/#respond\"]}]},{\"@type\":\"WebPage\",\"@id\":\"https:\\\/\\\/www.encontraminasgerais.com.br\\\/itabira\\\/bh-tem-minima-de-17c-e-maxima-de-27c-com-pancadas-de-chuva-itabira-e-joao-monlevade-tem-maximas-de-25c-e-24c\\\/\",\"url\":\"https:\\\/\\\/www.encontraminasgerais.com.br\\\/itabira\\\/bh-tem-minima-de-17c-e-maxima-de-27c-com-pancadas-de-chuva-itabira-e-joao-monlevade-tem-maximas-de-25c-e-24c\\\/\",\"name\":\"BH tem m\u00ednima de 17\u00b0C e m\u00e1xima de 27\u00b0C com pancadas de chuva; Itabira e Jo\u00e3o Monlevade t\u00eam m\u00e1ximas de 25\u00b0C e 24\u00b0C | Guia Comercial de Itabira MG\",\"isPartOf\":{\"@id\":\"https:\\\/\\\/www.encontraminasgerais.com.br\\\/itabira\\\/#website\"},\"primaryImageOfPage\":{\"@id\":\"https:\\\/\\\/www.encontraminasgerais.com.br\\\/itabira\\\/bh-tem-minima-de-17c-e-maxima-de-27c-com-pancadas-de-chuva-itabira-e-joao-monlevade-tem-maximas-de-25c-e-24c\\\/#primaryimage\"},\"image\":{\"@id\":\"https:\\\/\\\/www.encontraminasgerais.com.br\\\/itabira\\\/bh-tem-minima-de-17c-e-maxima-de-27c-com-pancadas-de-chuva-itabira-e-joao-monlevade-tem-maximas-de-25c-e-24c\\\/#primaryimage\"},\"thumbnailUrl\":\"https:\\\/\\\/www.encontraminasgerais.com.br\\\/itabira\\\/wp-content\\\/uploads\\\/2026\\\/09\\\/bh-tem-minima-de-17-c-e-maxima-de-27-c-com-pancadas-de-chuva-itabira-e-joao-monlevade-tem-maximas-de.webp\",\"datePublished\":\"2026-09-03T11:42:44+00:00\",\"author\":{\"@id\":\"https:\\\/\\\/www.encontraminasgerais.com.br\\\/itabira\\\/#\\\/schema\\\/person\\\/9ae8a8f5ce59322c92e2499b550870b0\"},\"inLanguage\":\"pt-BR\",\"potentialAction\":[{\"@type\":\"ReadAction\",\"target\":[\"https:\\\/\\\/www.encontraminasgerais.com.br\\\/itabira\\\/bh-tem-minima-de-17c-e-maxima-de-27c-com-pancadas-de-chuva-itabira-e-joao-monlevade-tem-maximas-de-25c-e-24c\\\/\"]}]},{\"@type\":\"ImageObject\",\"inLanguage\":\"pt-BR\",\"@id\":\"https:\\\/\\\/www.encontraminasgerais.com.br\\\/itabira\\\/bh-tem-minima-de-17c-e-maxima-de-27c-com-pancadas-de-chuva-itabira-e-joao-monlevade-tem-maximas-de-25c-e-24c\\\/#primaryimage\",\"url\":\"https:\\\/\\\/www.encontraminasgerais.com.br\\\/itabira\\\/wp-content\\\/uploads\\\/2026\\\/09\\\/bh-tem-minima-de-17-c-e-maxima-de-27-c-com-pancadas-de-chuva-itabira-e-joao-monlevade-tem-maximas-de.webp\",\"contentUrl\":\"https:\\\/\\\/www.encontraminasgerais.com.br\\\/itabira\\\/wp-content\\\/uploads\\\/2026\\\/09\\\/bh-tem-minima-de-17-c-e-maxima-de-27-c-com-pancadas-de-chuva-itabira-e-joao-monlevade-tem-maximas-de.webp\",\"width\":280,\"height\":280,\"caption\":\"previs\u00e3o do tempo\"},{\"@type\":\"WebSite\",\"@id\":\"https:\\\/\\\/www.encontraminasgerais.com.br\\\/itabira\\\/#website\",\"url\":\"https:\\\/\\\/www.encontraminasgerais.com.br\\\/itabira\\\/\",\"name\":\"Guia Comercial de Itabira MG\",\"description\":\"ENCONTRA ITABIRA - O guia comercial de neg\u00f3cios e empresas, cultura e divers\u00e3o na cidade de Itabira. Feito 100% para voc\u00ea morador!\",\"potentialAction\":[{\"@type\":\"SearchAction\",\"target\":{\"@type\":\"EntryPoint\",\"urlTemplate\":\"https:\\\/\\\/www.encontraminasgerais.com.br\\\/itabira\\\/?s={search_term_string}\"},\"query-input\":{\"@type\":\"PropertyValueSpecification\",\"valueRequired\":true,\"valueName\":\"search_term_string\"}}],\"inLanguage\":\"pt-BR\"},{\"@type\":\"Person\",\"@id\":\"https:\\\/\\\/www.encontraminasgerais.com.br\\\/itabira\\\/#\\\/schema\\\/person\\\/9ae8a8f5ce59322c92e2499b550870b0\",\"name\":\"Encontra Itabira\",\"image\":{\"@type\":\"ImageObject\",\"inLanguage\":\"pt-BR\",\"@id\":\"https:\\\/\\\/secure.gravatar.com\\\/avatar\\\/c50c17820bcf322f0a8fd6b110b8c0918141409dc69076470f6fca5fee70a5d4?s=96&d=mm&r=g\",\"url\":\"https:\\\/\\\/secure.gravatar.com\\\/avatar\\\/c50c17820bcf322f0a8fd6b110b8c0918141409dc69076470f6fca5fee70a5d4?s=96&d=mm&r=g\",\"contentUrl\":\"https:\\\/\\\/secure.gravatar.com\\\/avatar\\\/c50c17820bcf322f0a8fd6b110b8c0918141409dc69076470f6fca5fee70a5d4?s=96&d=mm&r=g\",\"caption\":\"Encontra Itabira\"},\"url\":\"https:\\\/\\\/www.encontraminasgerais.com.br\\\/itabira\\\/author\\\/encontraitabira\\\/\"}]}<\/script>\n<!-- \/ Yoast SEO plugin. -->","yoast_head_json":{"title":"BH tem m\u00ednima de 17\u00b0C e m\u00e1xima de 27\u00b0C com pancadas de chuva; Itabira e Jo\u00e3o Monlevade t\u00eam m\u00e1ximas de 25\u00b0C e 24\u00b0C | Guia Comercial de Itabira MG","robots":{"index":"index","follow":"follow","max-snippet":"max-snippet:-1","max-image-preview":"max-image-preview:large","max-video-preview":"max-video-preview:-1"},"canonical":"https:\/\/www.encontraminasgerais.com.br\/itabira\/bh-tem-minima-de-17c-e-maxima-de-27c-com-pancadas-de-chuva-itabira-e-joao-monlevade-tem-maximas-de-25c-e-24c\/","og_locale":"pt_BR","og_type":"article","og_title":"BH tem m\u00ednima de 17\u00b0C e m\u00e1xima de 27\u00b0C com pancadas de chuva; Itabira e Jo\u00e3o Monlevade t\u00eam m\u00e1ximas de 25\u00b0C e 24\u00b0C | Guia Comercial de Itabira MG","og_description":"Previs\u00e3o do tempo: BH com m\u00ednima de 17\u00b0C e expectativa de chuvas isoladas.","og_url":"https:\/\/www.encontraminasgerais.com.br\/itabira\/bh-tem-minima-de-17c-e-maxima-de-27c-com-pancadas-de-chuva-itabira-e-joao-monlevade-tem-maximas-de-25c-e-24c\/","og_site_name":"Guia Comercial de Itabira MG","article_published_time":"2026-09-03T11:42:44+00:00","og_image":[{"url":"https:\/\/www.encontraminasgerais.com.br\/itabira\/wp-content\/uploads\/2026\/09\/bh-tem-minima-de-17-c-e-maxima-de-27-c-com-pancadas-de-chuva-itabira-e-joao-monlevade-tem-maximas-de.webp","type":"","width":"","height":""}],"author":"Encontra Itabira","twitter_card":"summary_large_image","twitter_misc":{"Escrito por":"Encontra Itabira","Est. tempo de leitura":"4 minutos"},"schema":{"@context":"https:\/\/schema.org","@graph":[{"@type":"Article","@id":"https:\/\/www.encontraminasgerais.com.br\/itabira\/bh-tem-minima-de-17c-e-maxima-de-27c-com-pancadas-de-chuva-itabira-e-joao-monlevade-tem-maximas-de-25c-e-24c\/#article","isPartOf":{"@id":"https:\/\/www.encontraminasgerais.com.br\/itabira\/bh-tem-minima-de-17c-e-maxima-de-27c-com-pancadas-de-chuva-itabira-e-joao-monlevade-tem-maximas-de-25c-e-24c\/"},"author":{"name":"Encontra Itabira","@id":"https:\/\/www.encontraminasgerais.com.br\/itabira\/#\/schema\/person\/9ae8a8f5ce59322c92e2499b550870b0"},"headline":"BH tem m\u00ednima de 17\u00b0C e m\u00e1xima de 27\u00b0C com pancadas de chuva; Itabira e Jo\u00e3o Monlevade t\u00eam m\u00e1ximas de 25\u00b0C e 24\u00b0C","datePublished":"2026-09-03T11:42:44+00:00","mainEntityOfPage":{"@id":"https:\/\/www.encontraminasgerais.com.br\/itabira\/bh-tem-minima-de-17c-e-maxima-de-27c-com-pancadas-de-chuva-itabira-e-joao-monlevade-tem-maximas-de-25c-e-24c\/"},"wordCount":814,"commentCount":0,"image":{"@id":"https:\/\/www.encontraminasgerais.com.br\/itabira\/bh-tem-minima-de-17c-e-maxima-de-27c-com-pancadas-de-chuva-itabira-e-joao-monlevade-tem-maximas-de-25c-e-24c\/#primaryimage"},"thumbnailUrl":"https:\/\/www.encontraminasgerais.com.br\/itabira\/wp-content\/uploads\/2026\/09\/bh-tem-minima-de-17-c-e-maxima-de-27-c-com-pancadas-de-chuva-itabira-e-joao-monlevade-tem-maximas-de.webp","articleSection":["Not\u00edcias Itabira"],"inLanguage":"pt-BR","potentialAction":[{"@type":"CommentAction","name":"Comment","target":["https:\/\/www.encontraminasgerais.com.br\/itabira\/bh-tem-minima-de-17c-e-maxima-de-27c-com-pancadas-de-chuva-itabira-e-joao-monlevade-tem-maximas-de-25c-e-24c\/#respond"]}]},{"@type":"WebPage","@id":"https:\/\/www.encontraminasgerais.com.br\/itabira\/bh-tem-minima-de-17c-e-maxima-de-27c-com-pancadas-de-chuva-itabira-e-joao-monlevade-tem-maximas-de-25c-e-24c\/","url":"https:\/\/www.encontraminasgerais.com.br\/itabira\/bh-tem-minima-de-17c-e-maxima-de-27c-com-pancadas-de-chuva-itabira-e-joao-monlevade-tem-maximas-de-25c-e-24c\/","name":"BH tem m\u00ednima de 17\u00b0C e m\u00e1xima de 27\u00b0C com pancadas de chuva; Itabira e Jo\u00e3o Monlevade t\u00eam m\u00e1ximas de 25\u00b0C e 24\u00b0C | Guia Comercial de Itabira MG","isPartOf":{"@id":"https:\/\/www.encontraminasgerais.com.br\/itabira\/#website"},"primaryImageOfPage":{"@id":"https:\/\/www.encontraminasgerais.com.br\/itabira\/bh-tem-minima-de-17c-e-maxima-de-27c-com-pancadas-de-chuva-itabira-e-joao-monlevade-tem-maximas-de-25c-e-24c\/#primaryimage"},"image":{"@id":"https:\/\/www.encontraminasgerais.com.br\/itabira\/bh-tem-minima-de-17c-e-maxima-de-27c-com-pancadas-de-chuva-itabira-e-joao-monlevade-tem-maximas-de-25c-e-24c\/#primaryimage"},"thumbnailUrl":"https:\/\/www.encontraminasgerais.com.br\/itabira\/wp-content\/uploads\/2026\/09\/bh-tem-minima-de-17-c-e-maxima-de-27-c-com-pancadas-de-chuva-itabira-e-joao-monlevade-tem-maximas-de.webp","datePublished":"2026-09-03T11:42:44+00:00","author":{"@id":"https:\/\/www.encontraminasgerais.com.br\/itabira\/#\/schema\/person\/9ae8a8f5ce59322c92e2499b550870b0"},"inLanguage":"pt-BR","potentialAction":[{"@type":"ReadAction","target":["https:\/\/www.encontraminasgerais.com.br\/itabira\/bh-tem-minima-de-17c-e-maxima-de-27c-com-pancadas-de-chuva-itabira-e-joao-monlevade-tem-maximas-de-25c-e-24c\/"]}]},{"@type":"ImageObject","inLanguage":"pt-BR","@id":"https:\/\/www.encontraminasgerais.com.br\/itabira\/bh-tem-minima-de-17c-e-maxima-de-27c-com-pancadas-de-chuva-itabira-e-joao-monlevade-tem-maximas-de-25c-e-24c\/#primaryimage","url":"https:\/\/www.encontraminasgerais.com.br\/itabira\/wp-content\/uploads\/2026\/09\/bh-tem-minima-de-17-c-e-maxima-de-27-c-com-pancadas-de-chuva-itabira-e-joao-monlevade-tem-maximas-de.webp","contentUrl":"https:\/\/www.encontraminasgerais.com.br\/itabira\/wp-content\/uploads\/2026\/09\/bh-tem-minima-de-17-c-e-maxima-de-27-c-com-pancadas-de-chuva-itabira-e-joao-monlevade-tem-maximas-de.webp","width":280,"height":280,"caption":"previs\u00e3o do tempo"},{"@type":"WebSite","@id":"https:\/\/www.encontraminasgerais.com.br\/itabira\/#website","url":"https:\/\/www.encontraminasgerais.com.br\/itabira\/","name":"Guia Comercial de Itabira MG","description":"ENCONTRA ITABIRA - O guia comercial de neg\u00f3cios e empresas, cultura e divers\u00e3o na cidade de Itabira. Feito 100% para voc\u00ea morador!","potentialAction":[{"@type":"SearchAction","target":{"@type":"EntryPoint","urlTemplate":"https:\/\/www.encontraminasgerais.com.br\/itabira\/?s={search_term_string}"},"query-input":{"@type":"PropertyValueSpecification","valueRequired":true,"valueName":"search_term_string"}}],"inLanguage":"pt-BR"},{"@type":"Person","@id":"https:\/\/www.encontraminasgerais.com.br\/itabira\/#\/schema\/person\/9ae8a8f5ce59322c92e2499b550870b0","name":"Encontra Itabira","image":{"@type":"ImageObject","inLanguage":"pt-BR","@id":"https:\/\/secure.gravatar.com\/avatar\/c50c17820bcf322f0a8fd6b110b8c0918141409dc69076470f6fca5fee70a5d4?s=96&d=mm&r=g","url":"https:\/\/secure.gravatar.com\/avatar\/c50c17820bcf322f0a8fd6b110b8c0918141409dc69076470f6fca5fee70a5d4?s=96&d=mm&r=g","contentUrl":"https:\/\/secure.gravatar.com\/avatar\/c50c17820bcf322f0a8fd6b110b8c0918141409dc69076470f6fca5fee70a5d4?s=96&d=mm&r=g","caption":"Encontra Itabira"},"url":"https:\/\/www.encontraminasgerais.com.br\/itabira\/author\/encontraitabira\/"}]}},"_links":{"self":[{"href":"https:\/\/www.encontraminasgerais.com.br\/itabira\/wp-json\/wp\/v2\/posts\/6332","targetHints":{"allow":["GET"]}}],"collection":[{"href":"https:\/\/www.encontraminasgerais.com.br\/itabira\/wp-json\/wp\/v2\/posts"}],"about":[{"href":"https:\/\/www.encontraminasgerais.com.br\/itabira\/wp-json\/wp\/v2\/types\/post"}],"author":[{"embeddable":true,"href":"https:\/\/www.encontraminasgerais.com.br\/itabira\/wp-json\/wp\/v2\/users\/1"}],"replies":[{"embeddable":true,"href":"https:\/\/www.encontraminasgerais.com.br\/itabira\/wp-json\/wp\/v2\/comments?post=6332"}],"version-history":[{"count":0,"href":"https:\/\/www.encontraminasgerais.com.br\/itabira\/wp-json\/wp\/v2\/posts\/6332\/revisions"}],"wp:featuredmedia":[{"embeddable":true,"href":"https:\/\/www.encontraminasgerais.com.br\/itabira\/wp-json\/wp\/v2\/media\/6331"}],"wp:attachment":[{"href":"https:\/\/www.encontraminasgerais.com.br\/itabira\/wp-json\/wp\/v2\/media?parent=6332"}],"wp:term":[{"taxonomy":"category","embeddable":true,"href":"https:\/\/www.encontraminasgerais.com.br\/itabira\/wp-json\/wp\/v2\/categories?post=6332"},{"taxonomy":"post_tag","embeddable":true,"href":"https:\/\/www.encontraminasgerais.com.br\/itabira\/wp-json\/wp\/v2\/tags?post=6332"}],"curies":[{"name":"wp","href":"https:\/\/api.w.org\/{rel}","templated":true}]}}