{"id":6338,"date":"2026-09-04T08:43:03","date_gmt":"2026-09-04T11:43:03","guid":{"rendered":"https:\/\/www.encontraminasgerais.com.br\/itabira\/mes-da-patria-mobiliza-escolas-da-rede-municipal-de-itabira-com-atividades-de-formacao-cidada\/"},"modified":"2026-09-04T08:43:03","modified_gmt":"2026-09-04T11:43:03","slug":"mes-da-patria-mobiliza-escolas-da-rede-municipal-de-itabira-com-atividades-de-formacao-cidada","status":"publish","type":"post","link":"https:\/\/www.encontraminasgerais.com.br\/itabira\/mes-da-patria-mobiliza-escolas-da-rede-municipal-de-itabira-com-atividades-de-formacao-cidada\/","title":{"rendered":"M\u00eas da P\u00e1tria mobiliza escolas da rede municipal de Itabira com atividades de forma\u00e7\u00e3o cidad\u00e3"},"content":{"rendered":"<h2>O M\u00eas da P\u00e1tria: Celebra\u00e7\u00f5es em Itabira <\/h2>\n<p>Durante o m\u00eas de setembro, a cidade de Itabira promove uma s\u00e9rie de atividades em homenagem ao <strong>M\u00eas da P\u00e1tria<\/strong>. Esta programa\u00e7\u00e3o especial, organizada pela Prefeitura Municipal atrav\u00e9s da <strong>Secretaria de Educa\u00e7\u00e3o<\/strong>, visa celebrar a independ\u00eancia do Brasil, os s\u00edmbolos nacionais e a import\u00e2ncia da cidadania ativa. As propostas incluem a\u00e7\u00f5es voltadas para estudantes de todas as idades, abrangendo desde a <strong>Educa\u00e7\u00e3o Infantil at\u00e9 a Educa\u00e7\u00e3o de Jovens e Adultos (EJA)<\/strong>.<\/p>\n<h2>Atividades para a Educa\u00e7\u00e3o Infantil<\/h2>\n<p>Na <strong>Educa\u00e7\u00e3o Infantil<\/strong>, as atividades realizadas s\u00e3o adaptadas para o desenvolvimento adequado \u00e0s crian\u00e7as. Jogos, hist\u00f3rias e outras din\u00e2micas l\u00fadicas introduzem os alunos ao conceito de p\u00e1tria de maneira envolvente e divertida. O foco est\u00e1 na cria\u00e7\u00e3o de um ambiente onde os pequenos possam explorar os s\u00edmbolos nacionais, como a bandeira e o hino, de forma interativa, refor\u00e7ando o sentimento de pertencimento e identidade nacional.<\/p>\n<h2>Envolvimento do Ensino Fundamental<\/h2>\n<p>Para os alunos do <strong>Ensino Fundamental<\/strong>, as atividades evoluem, oferecendo espa\u00e7o para debates mais profundos e refletivos sobre a hist\u00f3ria do Brasil. As escolas prop\u00f5em discuss\u00f5es sobre a independ\u00eancia e os direitos e deveres dos cidad\u00e3os, al\u00e9m de atividades art\u00edsticas que favorecem a express\u00e3o das opini\u00f5es dos estudantes. O uso de v\u00eddeos, trabalhos em grupo e apresenta\u00e7\u00f5es ajuda na assimila\u00e7\u00e3o do conte\u00fado de forma significativa.<\/p>\n<p><img decoding=\"async\" src=\"https:\/\/www.encontraminasgerais.com.br\/itabira\/wp-content\/uploads\/2026\/09\/mes-da-patria-mobiliza-escolas-da-rede-municipal-de-itabira-com-atividades-de-formacao-cidada.webp\" alt=\"M\u00eas da P\u00e1tria\" loading=\"lazy\" \/><\/p>\n<h2>Cidadania na Educa\u00e7\u00e3o de Jovens e Adultos<\/h2>\n<p>A <strong>Educa\u00e7\u00e3o de Jovens e Adultos (EJA)<\/strong> tamb\u00e9m \u00e9 uma parte fundamental da programa\u00e7\u00e3o. Os alunos, muitas vezes retornando \u00e0 educa\u00e7\u00e3o formal, encontram nas atividades do M\u00eas da P\u00e1tria uma oportunidade de refletir sobre seu papel na sociedade. As discuss\u00f5es abordam temas como a import\u00e2ncia da participa\u00e7\u00e3o cidad\u00e3, a hist\u00f3ria pol\u00edtica do Brasil e os desafios sociais atuais. Essa abordagem busca empoderar os estudantes, encorajando-os a se tornarem cidad\u00e3os mais ativos e engajados.<\/p>\n<h2>Reflex\u00f5es sobre a Independ\u00eancia do Brasil<\/h2>\n<p>Refletir sobre a <strong>Independ\u00eancia do Brasil<\/strong> \u00e9 central durante o M\u00eas da P\u00e1tria. As escolas realizam debates sobre o significado da independ\u00eancia, o impacto hist\u00f3rico da data e como ela molda a identidade nacional contempor\u00e2nea. A promo\u00e7\u00e3o da reflex\u00e3o cr\u00edtica busca desenvolver um entendimento maior dos alunos sobre o processo hist\u00f3rico e suas consequ\u00eancias na sociedade atual.<\/p>\n<h2>Simbolismo Nacional nas Escolas<\/h2>\n<p>As escolas utilizam o simbolismo nacional para refor\u00e7ar a identidade brasileira. As atividades incluem eventos de hasteamento da bandeira, cantar o hino nacional e debates sobre os s\u00edmbolos do Brasil. Essas pr\u00e1ticas ajudam a fortalecer um sentimento de orgulho e pertencimento, essencial para formar cidad\u00e3os conscientes e respeitosos com suas tradi\u00e7\u00f5es.<\/p>\n<h2>Pr\u00e1ticas de Respeito e Diversidade<\/h2>\n<p>Nas atividades, a promo\u00e7\u00e3o de valores como o <strong>respeito \u00e0 diversidade<\/strong> e a conviv\u00eancia pac\u00edfica \u00e9 enfatizada. A proposta \u00e9 que os alunos reconhe\u00e7am e acolham as diferen\u00e7as, entendendo que em uma sociedade plural, a conviv\u00eancia harm\u00f4nica \u00e9 fundamental. A educa\u00e7\u00e3o para a diversidade \u00e9 uma ferramenta poderosa para constru\u00e7\u00e3o de uma sociedade mais justa e igualit\u00e1ria.<\/p>\n<h2>A Import\u00e2ncia da Participa\u00e7\u00e3o Social<\/h2>\n<p>As propostas do M\u00eas da P\u00e1tria nas escolas de Itabira ressaltam a <strong>import\u00e2ncia da participa\u00e7\u00e3o social<\/strong>. Os estudantes s\u00e3o incentivados a entender suas vozes e a\u00e7\u00f5es como componentes essenciais na constru\u00e7\u00e3o de uma sociedade mais justa. O envolvimento nas atividades da escola e na comunidade \u00e9 apresentado como forma de efetivar a cidadania e promover mudan\u00e7as positivas.<\/p>\n<h2>Apoio da Secretaria Municipal de Educa\u00e7\u00e3o<\/h2>\n<p>Para que as atividades sejam bem-sucedidas, a <strong>Secretaria Municipal de Educa\u00e7\u00e3o<\/strong> desempenha um papel crucial no planejamento e execu\u00e7\u00e3o do evento. A secret\u00e1ria, Rejane Penna, enfatiza que o objetivo \u00e9 tornar a aprendizagem sobre cidadania acess\u00edvel e relevante para todos os alunos, adequando as atividades ao contexto de cada escola e sua comunidade.<\/p>\n<h2>Forma\u00e7\u00e3o Integral dos Estudantes<\/h2>\n<p>O M\u00eas da P\u00e1tria contribui para a <strong>forma\u00e7\u00e3o integral dos estudantes<\/strong>, proporcionando um espa\u00e7o onde \u00e9 poss\u00edvel aprender n\u00e3o apenas sobre hist\u00f3ria, mas tamb\u00e9m desenvolver valores como responsabilidade, respeito e engajamento. Esta abordagem contribui para que as crian\u00e7as, jovens e adultos compreendam seu papel na sociedade e a import\u00e2ncia de suas a\u00e7\u00f5es di\u00e1rias.<\/p>\n","protected":false},"excerpt":{"rendered":"<p>M\u00eas da P\u00e1tria promove cidadania nas escolas de Itabira e envolve alunos em atividades educativas.<\/p>\n","protected":false},"author":1,"featured_media":6337,"comment_status":"open","ping_status":"open","sticky":false,"template":"","format":"standard","meta":{"footnotes":""},"categories":[5],"tags":[],"class_list":["post-6338","post","type-post","status-publish","format-standard","has-post-thumbnail","hentry","category-noticias","has_thumb"],"yoast_head":"<!-- This site is optimized with the Yoast SEO plugin v28.1 - https:\/\/yoast.com\/product\/yoast-seo-wordpress\/ -->\n<title>M\u00eas da P\u00e1tria mobiliza escolas da rede municipal de Itabira com atividades de forma\u00e7\u00e3o cidad\u00e3 | Guia Comercial de Itabira MG<\/title>\n<meta name=\"robots\" content=\"index, follow, max-snippet:-1, max-image-preview:large, max-video-preview:-1\" \/>\n<link rel=\"canonical\" href=\"https:\/\/www.encontraminasgerais.com.br\/itabira\/mes-da-patria-mobiliza-escolas-da-rede-municipal-de-itabira-com-atividades-de-formacao-cidada\/\" \/>\n<meta property=\"og:locale\" content=\"pt_BR\" \/>\n<meta property=\"og:type\" content=\"article\" \/>\n<meta property=\"og:title\" content=\"M\u00eas da P\u00e1tria mobiliza escolas da rede municipal de Itabira com atividades de forma\u00e7\u00e3o cidad\u00e3 | Guia Comercial de Itabira MG\" \/>\n<meta property=\"og:description\" content=\"M\u00eas da P\u00e1tria promove cidadania nas escolas de Itabira e envolve alunos em atividades educativas.\" \/>\n<meta property=\"og:url\" content=\"https:\/\/www.encontraminasgerais.com.br\/itabira\/mes-da-patria-mobiliza-escolas-da-rede-municipal-de-itabira-com-atividades-de-formacao-cidada\/\" \/>\n<meta property=\"og:site_name\" content=\"Guia Comercial de Itabira MG\" \/>\n<meta property=\"article:published_time\" content=\"2026-09-04T11:43:03+00:00\" \/>\n<meta property=\"og:image\" content=\"https:\/\/www.encontraminasgerais.com.br\/itabira\/wp-content\/uploads\/2026\/09\/mes-da-patria-mobiliza-escolas-da-rede-municipal-de-itabira-com-atividades-de-formacao-cidada.webp\" \/>\n<meta name=\"author\" content=\"Encontra Itabira\" \/>\n<meta name=\"twitter:card\" content=\"summary_large_image\" \/>\n<meta name=\"twitter:label1\" content=\"Escrito por\" \/>\n\t<meta name=\"twitter:data1\" content=\"Encontra Itabira\" \/>\n\t<meta name=\"twitter:label2\" content=\"Est. tempo de leitura\" \/>\n\t<meta name=\"twitter:data2\" content=\"4 minutos\" \/>\n<script type=\"application\/ld+json\" class=\"yoast-schema-graph\">{\"@context\":\"https:\\\/\\\/schema.org\",\"@graph\":[{\"@type\":\"Article\",\"@id\":\"https:\\\/\\\/www.encontraminasgerais.com.br\\\/itabira\\\/mes-da-patria-mobiliza-escolas-da-rede-municipal-de-itabira-com-atividades-de-formacao-cidada\\\/#article\",\"isPartOf\":{\"@id\":\"https:\\\/\\\/www.encontraminasgerais.com.br\\\/itabira\\\/mes-da-patria-mobiliza-escolas-da-rede-municipal-de-itabira-com-atividades-de-formacao-cidada\\\/\"},\"author\":{\"name\":\"Encontra Itabira\",\"@id\":\"https:\\\/\\\/www.encontraminasgerais.com.br\\\/itabira\\\/#\\\/schema\\\/person\\\/9ae8a8f5ce59322c92e2499b550870b0\"},\"headline\":\"M\u00eas da P\u00e1tria mobiliza escolas da rede municipal de Itabira com atividades de forma\u00e7\u00e3o cidad\u00e3\",\"datePublished\":\"2026-09-04T11:43:03+00:00\",\"mainEntityOfPage\":{\"@id\":\"https:\\\/\\\/www.encontraminasgerais.com.br\\\/itabira\\\/mes-da-patria-mobiliza-escolas-da-rede-municipal-de-itabira-com-atividades-de-formacao-cidada\\\/\"},\"wordCount\":773,\"commentCount\":0,\"image\":{\"@id\":\"https:\\\/\\\/www.encontraminasgerais.com.br\\\/itabira\\\/mes-da-patria-mobiliza-escolas-da-rede-municipal-de-itabira-com-atividades-de-formacao-cidada\\\/#primaryimage\"},\"thumbnailUrl\":\"https:\\\/\\\/www.encontraminasgerais.com.br\\\/itabira\\\/wp-content\\\/uploads\\\/2026\\\/09\\\/mes-da-patria-mobiliza-escolas-da-rede-municipal-de-itabira-com-atividades-de-formacao-cidada.webp\",\"articleSection\":[\"Not\u00edcias Itabira\"],\"inLanguage\":\"pt-BR\",\"potentialAction\":[{\"@type\":\"CommentAction\",\"name\":\"Comment\",\"target\":[\"https:\\\/\\\/www.encontraminasgerais.com.br\\\/itabira\\\/mes-da-patria-mobiliza-escolas-da-rede-municipal-de-itabira-com-atividades-de-formacao-cidada\\\/#respond\"]}]},{\"@type\":\"WebPage\",\"@id\":\"https:\\\/\\\/www.encontraminasgerais.com.br\\\/itabira\\\/mes-da-patria-mobiliza-escolas-da-rede-municipal-de-itabira-com-atividades-de-formacao-cidada\\\/\",\"url\":\"https:\\\/\\\/www.encontraminasgerais.com.br\\\/itabira\\\/mes-da-patria-mobiliza-escolas-da-rede-municipal-de-itabira-com-atividades-de-formacao-cidada\\\/\",\"name\":\"M\u00eas da P\u00e1tria mobiliza escolas da rede municipal de Itabira com atividades de forma\u00e7\u00e3o cidad\u00e3 | Guia Comercial de Itabira MG\",\"isPartOf\":{\"@id\":\"https:\\\/\\\/www.encontraminasgerais.com.br\\\/itabira\\\/#website\"},\"primaryImageOfPage\":{\"@id\":\"https:\\\/\\\/www.encontraminasgerais.com.br\\\/itabira\\\/mes-da-patria-mobiliza-escolas-da-rede-municipal-de-itabira-com-atividades-de-formacao-cidada\\\/#primaryimage\"},\"image\":{\"@id\":\"https:\\\/\\\/www.encontraminasgerais.com.br\\\/itabira\\\/mes-da-patria-mobiliza-escolas-da-rede-municipal-de-itabira-com-atividades-de-formacao-cidada\\\/#primaryimage\"},\"thumbnailUrl\":\"https:\\\/\\\/www.encontraminasgerais.com.br\\\/itabira\\\/wp-content\\\/uploads\\\/2026\\\/09\\\/mes-da-patria-mobiliza-escolas-da-rede-municipal-de-itabira-com-atividades-de-formacao-cidada.webp\",\"datePublished\":\"2026-09-04T11:43:03+00:00\",\"author\":{\"@id\":\"https:\\\/\\\/www.encontraminasgerais.com.br\\\/itabira\\\/#\\\/schema\\\/person\\\/9ae8a8f5ce59322c92e2499b550870b0\"},\"inLanguage\":\"pt-BR\",\"potentialAction\":[{\"@type\":\"ReadAction\",\"target\":[\"https:\\\/\\\/www.encontraminasgerais.com.br\\\/itabira\\\/mes-da-patria-mobiliza-escolas-da-rede-municipal-de-itabira-com-atividades-de-formacao-cidada\\\/\"]}]},{\"@type\":\"ImageObject\",\"inLanguage\":\"pt-BR\",\"@id\":\"https:\\\/\\\/www.encontraminasgerais.com.br\\\/itabira\\\/mes-da-patria-mobiliza-escolas-da-rede-municipal-de-itabira-com-atividades-de-formacao-cidada\\\/#primaryimage\",\"url\":\"https:\\\/\\\/www.encontraminasgerais.com.br\\\/itabira\\\/wp-content\\\/uploads\\\/2026\\\/09\\\/mes-da-patria-mobiliza-escolas-da-rede-municipal-de-itabira-com-atividades-de-formacao-cidada.webp\",\"contentUrl\":\"https:\\\/\\\/www.encontraminasgerais.com.br\\\/itabira\\\/wp-content\\\/uploads\\\/2026\\\/09\\\/mes-da-patria-mobiliza-escolas-da-rede-municipal-de-itabira-com-atividades-de-formacao-cidada.webp\",\"width\":280,\"height\":280,\"caption\":\"M\u00eas da P\u00e1tria\"},{\"@type\":\"WebSite\",\"@id\":\"https:\\\/\\\/www.encontraminasgerais.com.br\\\/itabira\\\/#website\",\"url\":\"https:\\\/\\\/www.encontraminasgerais.com.br\\\/itabira\\\/\",\"name\":\"Guia Comercial de Itabira MG\",\"description\":\"ENCONTRA ITABIRA - O guia comercial de neg\u00f3cios e empresas, cultura e divers\u00e3o na cidade de Itabira. Feito 100% para voc\u00ea morador!\",\"potentialAction\":[{\"@type\":\"SearchAction\",\"target\":{\"@type\":\"EntryPoint\",\"urlTemplate\":\"https:\\\/\\\/www.encontraminasgerais.com.br\\\/itabira\\\/?s={search_term_string}\"},\"query-input\":{\"@type\":\"PropertyValueSpecification\",\"valueRequired\":true,\"valueName\":\"search_term_string\"}}],\"inLanguage\":\"pt-BR\"},{\"@type\":\"Person\",\"@id\":\"https:\\\/\\\/www.encontraminasgerais.com.br\\\/itabira\\\/#\\\/schema\\\/person\\\/9ae8a8f5ce59322c92e2499b550870b0\",\"name\":\"Encontra Itabira\",\"image\":{\"@type\":\"ImageObject\",\"inLanguage\":\"pt-BR\",\"@id\":\"https:\\\/\\\/secure.gravatar.com\\\/avatar\\\/c50c17820bcf322f0a8fd6b110b8c0918141409dc69076470f6fca5fee70a5d4?s=96&d=mm&r=g\",\"url\":\"https:\\\/\\\/secure.gravatar.com\\\/avatar\\\/c50c17820bcf322f0a8fd6b110b8c0918141409dc69076470f6fca5fee70a5d4?s=96&d=mm&r=g\",\"contentUrl\":\"https:\\\/\\\/secure.gravatar.com\\\/avatar\\\/c50c17820bcf322f0a8fd6b110b8c0918141409dc69076470f6fca5fee70a5d4?s=96&d=mm&r=g\",\"caption\":\"Encontra Itabira\"},\"url\":\"https:\\\/\\\/www.encontraminasgerais.com.br\\\/itabira\\\/author\\\/encontraitabira\\\/\"}]}<\/script>\n<!-- \/ Yoast SEO plugin. -->","yoast_head_json":{"title":"M\u00eas da P\u00e1tria mobiliza escolas da rede municipal de Itabira com atividades de forma\u00e7\u00e3o cidad\u00e3 | Guia Comercial de Itabira MG","robots":{"index":"index","follow":"follow","max-snippet":"max-snippet:-1","max-image-preview":"max-image-preview:large","max-video-preview":"max-video-preview:-1"},"canonical":"https:\/\/www.encontraminasgerais.com.br\/itabira\/mes-da-patria-mobiliza-escolas-da-rede-municipal-de-itabira-com-atividades-de-formacao-cidada\/","og_locale":"pt_BR","og_type":"article","og_title":"M\u00eas da P\u00e1tria mobiliza escolas da rede municipal de Itabira com atividades de forma\u00e7\u00e3o cidad\u00e3 | Guia Comercial de Itabira MG","og_description":"M\u00eas da P\u00e1tria promove cidadania nas escolas de Itabira e envolve alunos em atividades educativas.","og_url":"https:\/\/www.encontraminasgerais.com.br\/itabira\/mes-da-patria-mobiliza-escolas-da-rede-municipal-de-itabira-com-atividades-de-formacao-cidada\/","og_site_name":"Guia Comercial de Itabira MG","article_published_time":"2026-09-04T11:43:03+00:00","og_image":[{"url":"https:\/\/www.encontraminasgerais.com.br\/itabira\/wp-content\/uploads\/2026\/09\/mes-da-patria-mobiliza-escolas-da-rede-municipal-de-itabira-com-atividades-de-formacao-cidada.webp","type":"","width":"","height":""}],"author":"Encontra Itabira","twitter_card":"summary_large_image","twitter_misc":{"Escrito por":"Encontra Itabira","Est. tempo de leitura":"4 minutos"},"schema":{"@context":"https:\/\/schema.org","@graph":[{"@type":"Article","@id":"https:\/\/www.encontraminasgerais.com.br\/itabira\/mes-da-patria-mobiliza-escolas-da-rede-municipal-de-itabira-com-atividades-de-formacao-cidada\/#article","isPartOf":{"@id":"https:\/\/www.encontraminasgerais.com.br\/itabira\/mes-da-patria-mobiliza-escolas-da-rede-municipal-de-itabira-com-atividades-de-formacao-cidada\/"},"author":{"name":"Encontra Itabira","@id":"https:\/\/www.encontraminasgerais.com.br\/itabira\/#\/schema\/person\/9ae8a8f5ce59322c92e2499b550870b0"},"headline":"M\u00eas da P\u00e1tria mobiliza escolas da rede municipal de Itabira com atividades de forma\u00e7\u00e3o cidad\u00e3","datePublished":"2026-09-04T11:43:03+00:00","mainEntityOfPage":{"@id":"https:\/\/www.encontraminasgerais.com.br\/itabira\/mes-da-patria-mobiliza-escolas-da-rede-municipal-de-itabira-com-atividades-de-formacao-cidada\/"},"wordCount":773,"commentCount":0,"image":{"@id":"https:\/\/www.encontraminasgerais.com.br\/itabira\/mes-da-patria-mobiliza-escolas-da-rede-municipal-de-itabira-com-atividades-de-formacao-cidada\/#primaryimage"},"thumbnailUrl":"https:\/\/www.encontraminasgerais.com.br\/itabira\/wp-content\/uploads\/2026\/09\/mes-da-patria-mobiliza-escolas-da-rede-municipal-de-itabira-com-atividades-de-formacao-cidada.webp","articleSection":["Not\u00edcias Itabira"],"inLanguage":"pt-BR","potentialAction":[{"@type":"CommentAction","name":"Comment","target":["https:\/\/www.encontraminasgerais.com.br\/itabira\/mes-da-patria-mobiliza-escolas-da-rede-municipal-de-itabira-com-atividades-de-formacao-cidada\/#respond"]}]},{"@type":"WebPage","@id":"https:\/\/www.encontraminasgerais.com.br\/itabira\/mes-da-patria-mobiliza-escolas-da-rede-municipal-de-itabira-com-atividades-de-formacao-cidada\/","url":"https:\/\/www.encontraminasgerais.com.br\/itabira\/mes-da-patria-mobiliza-escolas-da-rede-municipal-de-itabira-com-atividades-de-formacao-cidada\/","name":"M\u00eas da P\u00e1tria mobiliza escolas da rede municipal de Itabira com atividades de forma\u00e7\u00e3o cidad\u00e3 | Guia Comercial de Itabira MG","isPartOf":{"@id":"https:\/\/www.encontraminasgerais.com.br\/itabira\/#website"},"primaryImageOfPage":{"@id":"https:\/\/www.encontraminasgerais.com.br\/itabira\/mes-da-patria-mobiliza-escolas-da-rede-municipal-de-itabira-com-atividades-de-formacao-cidada\/#primaryimage"},"image":{"@id":"https:\/\/www.encontraminasgerais.com.br\/itabira\/mes-da-patria-mobiliza-escolas-da-rede-municipal-de-itabira-com-atividades-de-formacao-cidada\/#primaryimage"},"thumbnailUrl":"https:\/\/www.encontraminasgerais.com.br\/itabira\/wp-content\/uploads\/2026\/09\/mes-da-patria-mobiliza-escolas-da-rede-municipal-de-itabira-com-atividades-de-formacao-cidada.webp","datePublished":"2026-09-04T11:43:03+00:00","author":{"@id":"https:\/\/www.encontraminasgerais.com.br\/itabira\/#\/schema\/person\/9ae8a8f5ce59322c92e2499b550870b0"},"inLanguage":"pt-BR","potentialAction":[{"@type":"ReadAction","target":["https:\/\/www.encontraminasgerais.com.br\/itabira\/mes-da-patria-mobiliza-escolas-da-rede-municipal-de-itabira-com-atividades-de-formacao-cidada\/"]}]},{"@type":"ImageObject","inLanguage":"pt-BR","@id":"https:\/\/www.encontraminasgerais.com.br\/itabira\/mes-da-patria-mobiliza-escolas-da-rede-municipal-de-itabira-com-atividades-de-formacao-cidada\/#primaryimage","url":"https:\/\/www.encontraminasgerais.com.br\/itabira\/wp-content\/uploads\/2026\/09\/mes-da-patria-mobiliza-escolas-da-rede-municipal-de-itabira-com-atividades-de-formacao-cidada.webp","contentUrl":"https:\/\/www.encontraminasgerais.com.br\/itabira\/wp-content\/uploads\/2026\/09\/mes-da-patria-mobiliza-escolas-da-rede-municipal-de-itabira-com-atividades-de-formacao-cidada.webp","width":280,"height":280,"caption":"M\u00eas da P\u00e1tria"},{"@type":"WebSite","@id":"https:\/\/www.encontraminasgerais.com.br\/itabira\/#website","url":"https:\/\/www.encontraminasgerais.com.br\/itabira\/","name":"Guia Comercial de Itabira MG","description":"ENCONTRA ITABIRA - O guia comercial de neg\u00f3cios e empresas, cultura e divers\u00e3o na cidade de Itabira. Feito 100% para voc\u00ea morador!","potentialAction":[{"@type":"SearchAction","target":{"@type":"EntryPoint","urlTemplate":"https:\/\/www.encontraminasgerais.com.br\/itabira\/?s={search_term_string}"},"query-input":{"@type":"PropertyValueSpecification","valueRequired":true,"valueName":"search_term_string"}}],"inLanguage":"pt-BR"},{"@type":"Person","@id":"https:\/\/www.encontraminasgerais.com.br\/itabira\/#\/schema\/person\/9ae8a8f5ce59322c92e2499b550870b0","name":"Encontra Itabira","image":{"@type":"ImageObject","inLanguage":"pt-BR","@id":"https:\/\/secure.gravatar.com\/avatar\/c50c17820bcf322f0a8fd6b110b8c0918141409dc69076470f6fca5fee70a5d4?s=96&d=mm&r=g","url":"https:\/\/secure.gravatar.com\/avatar\/c50c17820bcf322f0a8fd6b110b8c0918141409dc69076470f6fca5fee70a5d4?s=96&d=mm&r=g","contentUrl":"https:\/\/secure.gravatar.com\/avatar\/c50c17820bcf322f0a8fd6b110b8c0918141409dc69076470f6fca5fee70a5d4?s=96&d=mm&r=g","caption":"Encontra Itabira"},"url":"https:\/\/www.encontraminasgerais.com.br\/itabira\/author\/encontraitabira\/"}]}},"_links":{"self":[{"href":"https:\/\/www.encontraminasgerais.com.br\/itabira\/wp-json\/wp\/v2\/posts\/6338","targetHints":{"allow":["GET"]}}],"collection":[{"href":"https:\/\/www.encontraminasgerais.com.br\/itabira\/wp-json\/wp\/v2\/posts"}],"about":[{"href":"https:\/\/www.encontraminasgerais.com.br\/itabira\/wp-json\/wp\/v2\/types\/post"}],"author":[{"embeddable":true,"href":"https:\/\/www.encontraminasgerais.com.br\/itabira\/wp-json\/wp\/v2\/users\/1"}],"replies":[{"embeddable":true,"href":"https:\/\/www.encontraminasgerais.com.br\/itabira\/wp-json\/wp\/v2\/comments?post=6338"}],"version-history":[{"count":0,"href":"https:\/\/www.encontraminasgerais.com.br\/itabira\/wp-json\/wp\/v2\/posts\/6338\/revisions"}],"wp:featuredmedia":[{"embeddable":true,"href":"https:\/\/www.encontraminasgerais.com.br\/itabira\/wp-json\/wp\/v2\/media\/6337"}],"wp:attachment":[{"href":"https:\/\/www.encontraminasgerais.com.br\/itabira\/wp-json\/wp\/v2\/media?parent=6338"}],"wp:term":[{"taxonomy":"category","embeddable":true,"href":"https:\/\/www.encontraminasgerais.com.br\/itabira\/wp-json\/wp\/v2\/categories?post=6338"},{"taxonomy":"post_tag","embeddable":true,"href":"https:\/\/www.encontraminasgerais.com.br\/itabira\/wp-json\/wp\/v2\/tags?post=6338"}],"curies":[{"name":"wp","href":"https:\/\/api.w.org\/{rel}","templated":true}]}}