{"id":4294,"date":"2025-11-14T09:50:00","date_gmt":"2025-11-14T12:50:00","guid":{"rendered":"https:\/\/www.encontraminasgerais.com.br\/itajuba\/santa-cruz-renuncia-as-linhas-sao-sebastiao-do-paraiso-mg\/"},"modified":"2025-11-14T09:50:00","modified_gmt":"2025-11-14T12:50:00","slug":"santa-cruz-renuncia-as-linhas-sao-sebastiao-do-paraiso-mg","status":"publish","type":"post","link":"https:\/\/www.encontraminasgerais.com.br\/itajuba\/santa-cruz-renuncia-as-linhas-sao-sebastiao-do-paraiso-mg\/","title":{"rendered":"Santa Cruz renuncia \u00e0s linhas S\u00e3o Sebasti\u00e3o do Para\u00edso\/MG"},"content":{"rendered":"<h2>Entenda a Ren\u00fancia das Linhas<\/h2>\n<p>No dia 13 de novembro de 2025, a Via\u00e7\u00e3o Santa Cruz anunciou sua ren\u00fancia \u00e0s linhas que ligavam S\u00e3o Sebasti\u00e3o do Para\u00edso, em Minas Gerais, a S\u00e3o Paulo, capital do estado hom\u00f4nimo, e S\u00e3o Bernardo do Campo, em S\u00e3o Paulo, a Itajub\u00e1, tamb\u00e9m em Minas Gerais. Essas mudan\u00e7as, que ocorrer\u00e3o a partir de 26 de novembro de 2025, foram formalizadas \u00e0 Ag\u00eancia Nacional de Transportes Terrestres (ANTT) e publicadas no Di\u00e1rio Oficial da Uni\u00e3o.<\/p>\n<p>A linha de S\u00e3o Sebasti\u00e3o do Para\u00edso a S\u00e3o Paulo operava sob o Termo de Autoriza\u00e7\u00e3o (TAR) MGSP0002033, enquanto a rota de S\u00e3o Bernardo do Campo a Itajub\u00e1 tinha a TAR SPMG0002024. Com essa ren\u00fancia, a Via\u00e7\u00e3o Santa Cruz n\u00e3o apenas encerrar\u00e1 estas duas rotas, mas tamb\u00e9m todas as se\u00e7\u00f5es vinculadas a elas. A decis\u00e3o da empresa evidencia os desafios enfrentados no setor de transporte interurbano e as dificuldades para manter a viabilidade econ\u00f4mica em determinados trajetos.<\/p>\n<h2>Impactos no Transporte P\u00fablico<\/h2>\n<p>A ren\u00fancia das linhas da Via\u00e7\u00e3o Santa Cruz representa um obst\u00e1culo significativo para os passageiros que dependem do transporte p\u00fablico para realizar suas viagens entre as cidades mencionadas. Para muitos, as rotas oferecidas pela empresa eram uma op\u00e7\u00e3o acess\u00edvel e pr\u00e1tica. A interrup\u00e7\u00e3o desses servi\u00e7os pode levar a uma s\u00e9rie de consequ\u00eancias negativas, como o aumento do congestionamento nas rodovias, uma vez que os viajantes podem ser for\u00e7ados a utilizar ve\u00edculos particulares ou alternativas menos sustent\u00e1veis.<\/p>\n<p>Al\u00e9m disso, a diminui\u00e7\u00e3o da oferta de transporte p\u00fablico pode afetar diretamente a economia local. As pessoas podem ter menos op\u00e7\u00f5es para viajar a trabalho ou para realizar atividades de lazer, impactando assim o fluxo de visitantes para as cidades envolvidas. Se n\u00e3o houver alternativas vi\u00e1veis, a qualidade de vida dos cidad\u00e3os pode ser afetada, com diminui\u00e7\u00e3o de acessibilidade e mobilidade.<\/p>\n<h2>Regras para Cancelamento de Bilhetes<\/h2>\n<p>Com a decis\u00e3o da Via\u00e7\u00e3o Santa Cruz de cancelar suas opera\u00e7\u00f5es, \u00e9 importante que todos os passageiros que adquiriram bilhetes para as rotas afetadas estejam cientes dos seus direitos em rela\u00e7\u00e3o ao cancelamento e reembolso. A ANTT estabeleceu diretrizes claras que a empresa deve seguir em rela\u00e7\u00e3o aos passageiros e, conforme a Resolu\u00e7\u00e3o 6.033\/2023, a Via\u00e7\u00e3o Santa Cruz \u00e9 obrigada a garantir que os consumidores possam obter o reembolso de suas passagens sem complica\u00e7\u00f5es.<\/p>\n<p>Os passageiros que compraram bilhetes para datas posteriores a 26 de novembro de 2025 t\u00eam direito a um reembolso integral. Para processar o reembolso, a recomenda\u00e7\u00e3o \u00e9 que os passageiros entrem em contato diretamente com a Via\u00e7\u00e3o Santa Cruz ou acessem o site da empresa, onde devem encontrar informa\u00e7\u00f5es sobre como realizar o processo. As operadoras de transporte t\u00eam a obriga\u00e7\u00e3o legal de informar claramente os procedimentos de cancelamento e reembolso, assegurando que a experi\u00eancia do consumidor seja tratada com a devida aten\u00e7\u00e3o.<\/p>\n<h2>Alternativas de Transporte<\/h2>\n<p>A ren\u00fancia das linhas da Via\u00e7\u00e3o Santa Cruz levanta a quest\u00e3o sobre as alternativas de transporte dispon\u00edveis para os passageiros. Com o fechamento dessas rotas, as op\u00e7\u00f5es de deslocamento podem se tornar limitadas. Para aqueles que costumavam utilizar essas linhas, \u00e9 essencial considerar outras alternativas vi\u00e1veis. Uma possibilidade \u00e9 o uso de servi\u00e7os de transporte rodovi\u00e1rio de outras empresas que ainda operem trajetos nas mesmas dire\u00e7\u00f5es.<\/p>\n<p>Outra alternativa s\u00e3o os servi\u00e7os de compartilhamento de viagens ou caronas, que t\u00eam se tornado cada vez mais populares no Brasil. Essas op\u00e7\u00f5es podem oferecer mais flexibilidade e conveni\u00eancia, embora n\u00e3o substituam totalmente o transporte p\u00fablico convencional. O uso de ve\u00edculos particulares ou taxis tamb\u00e9m pode ser uma op\u00e7\u00e3o, por\u00e9m, \u00e9 importante lembrar que essas alternativas muitas vezes apresentam custos mais elevados em compara\u00e7\u00e3o com o transporte coletivo.<\/p>\n<h2>Hist\u00f3rico da Via\u00e7\u00e3o Santa Cruz<\/h2>\n<p>A Via\u00e7\u00e3o Santa Cruz \u00e9 uma empresa tradicional no setor de transporte rodovi\u00e1rio no Brasil, com uma longa hist\u00f3ria de presta\u00e7\u00e3o de servi\u00e7os. Atuando h\u00e1 v\u00e1rias d\u00e9cadas, a empresa se destacou por oferecer linhas de longa dist\u00e2ncia que conectam diferentes cidades em Minas Gerais e S\u00e3o Paulo. No entanto, como muitos operadores de transporte, a Santa Cruz enfrentou desafios significativos nos \u00faltimos anos, como a competi\u00e7\u00e3o acirrada, aumento de custos operacionais e a necessidade de se adaptar \u00e0s mudan\u00e7as nas necessidades dos consumidores.<\/p>\n<p>Apesar de seu compromisso em fornecer um servi\u00e7o de qualidade, a realidade do mercado muitas vezes for\u00e7a as empresas a tomar decis\u00f5es dif\u00edceis, como a ren\u00fancia \u00e0s linhas que n\u00e3o s\u00e3o financeiramente sustent\u00e1veis. Esse contexto revela um setor em transforma\u00e7\u00e3o, onde a mobilidade urbana e interurbana est\u00e1 se reconfigurando, exigindo que as empresas se adaptem rapidamente ou corram o risco de extinguir opera\u00e7\u00f5es importantes.<\/p>\n<h2>Expectativas para os Passageiros<\/h2>\n<p>Com o fechamento das linhas da Via\u00e7\u00e3o Santa Cruz, as expectativas dos passageiros podem variar significativamente. Para muitos, a incerteza \u00e9 uma das maiores preocupa\u00e7\u00f5es, j\u00e1 que a falta de op\u00e7\u00f5es de transporte pode impactar diretamente a capacidade de viajar. As expectativas em rela\u00e7\u00e3o a solu\u00e7\u00f5es alternativas, bem como os servi\u00e7os de empresas concorrentes, s\u00e3o um t\u00f3pico relevante em discuss\u00f5es entre os passageiros.<\/p>\n<p>Os usu\u00e1rios esperam que outras empresas de transporte identifiquem a oportunidade de atender \u00e0 demanda nos trajetos anteriormente cobertos pela Via\u00e7\u00e3o Santa Cruz. Isso refere-se \u00e0 esperan\u00e7a de que novos servi\u00e7os venham a surgir ou que companhias existentes expandam suas opera\u00e7\u00f5es para acomodar os passageiros que perder\u00e3o a linha.<\/p>\n<h2>An\u00e1lise da Decis\u00e3o da ANTT<\/h2>\n<p>A ANTT \u00e9 a entidade respons\u00e1vel por regular o transporte rodovi\u00e1rio no Brasil e, ao formalizar a ren\u00fancia da Via\u00e7\u00e3o Santa Cruz, cumpriu seu papel de garantir que as normas e diretrizes do transporte interurbano sejam seguidas. A decis\u00e3o reflete a necessidade de um equil\u00edbrio delicado entre a oferta de transporte e a viabilidade econ\u00f4mica das empresas operadoras.<\/p>\n<p>\u00c9 fundamental que a ANTT continue monitorando as consequ\u00eancias da ren\u00fancia dessas linhas, garantindo que os passageiros afetados possam contar com op\u00e7\u00f5es de transporte alternativo. A an\u00e1lise cr\u00edtica da decis\u00e3o deve se concentrar nas consequ\u00eancias de longo prazo para o acesso e a mobilidade, especialmente em \u00e1reas onde o transporte p\u00fablico j\u00e1 \u00e9 escasso.<\/p>\n<h2>Como a Ren\u00fancia Afeta as Viagens<\/h2>\n<p>As viagens de longa dist\u00e2ncia em um pa\u00eds como o Brasil, onde as dist\u00e2ncias territoriais s\u00e3o grandes e a interliga\u00e7\u00e3o entre cidades \u00e9 vital, sofrem impactos diretos com a ren\u00fancia das linhas da Via\u00e7\u00e3o Santa Cruz. Passageiros que dependiam dessa linha para viajar a trabalho, para ver familiares ou at\u00e9 mesmo para lazer enfrentam um cen\u00e1rio desafiador, onde o acesso a suas rotas desejadas torna-se reduzido.<\/p>\n<p>Nos \u00faltimos anos, com o aumento das ferramentas digitais, muitos passageiros j\u00e1 tinham adotado m\u00e9todos alternativos para planejar suas viagens. No entanto, a ren\u00fancia dessas linhas salienta a necessidade de pol\u00edticas mais robustas que garantam a acessibilidade no transporte p\u00fablico, tornando-o mais eficiente e adapt\u00e1vel \u00e0s necessidades da popula\u00e7\u00e3o.<\/p>\n<h2>Rea\u00e7\u00f5es dos Usu\u00e1rios e Especialistas<\/h2>\n<p>A ren\u00fancia da Via\u00e7\u00e3o Santa Cruz \u00e0s linhas mencionadas gerou diversas rea\u00e7\u00f5es entre os usu\u00e1rios e especialistas do setor. Para muitos automobilistas e passageiros, a perda das rotas representa uma decep\u00e7\u00e3o, uma vez que a empresa era considerada uma alternativa confi\u00e1vel. Especialistas em transporte manifestaram suas preocupa\u00e7\u00f5es sobre o impacto que essa decis\u00e3o ter\u00e1 nas comunidades locais e na mobilidade como um todo.<\/p>\n<p>Alguns usu\u00e1rios j\u00e1 expressaram, atrav\u00e9s das redes sociais, sua insatisfa\u00e7\u00e3o com a falta de op\u00e7\u00f5es de transporte, evidenciando a necessidade urgente de aten\u00e7\u00e3o por parte das autoridades e empresas para resolver essas lacunas no servi\u00e7o de transporte. Por parte dos especialistas, surgem quest\u00f5es sobre a sustentabilidade e a viabilidade de operar linhas de transporte em um ambiente econ\u00f4mico que se torna cada vez mais desafiador.<\/p>\n<h2>O Futuro do Setor de Transportes<\/h2>\n<p>Com a ren\u00fancia da Via\u00e7\u00e3o Santa Cruz e a reavalia\u00e7\u00e3o das rotas de transporte em todo o Brasil, o futuro do setor de transportes enfrenta uma transforma\u00e7\u00e3o significativa. A necessidade de adapta\u00e7\u00e3o \u00e0s novas demandas de transporte, seja por meio de empresas que j\u00e1 operam servi\u00e7os ou por novas formas de mobilidade, ser\u00e1 crucial para manter a conectividade entre as cidades.<\/p>\n<p>Al\u00e9m disso, o uso crescente de tecnologia no planejamento de viagens e na facilitar a comunica\u00e7\u00e3o entre passageiros e empresas ser\u00e1 uma tend\u00eancia que se intensificar\u00e1. A digitaliza\u00e7\u00e3o dos servi\u00e7os de transporte pode abrir novas oportunidades para promover uma mobilidade mais eficiente e integrada, garantindo que a popula\u00e7\u00e3o tenha acesso ao transporte que precisa.<\/p>\n","protected":false},"excerpt":{"rendered":"<p>Santa Cruz renuncia \u00e0s linhas intermunicipais, consolidando mudan\u00e7as no transporte.<\/p>\n","protected":false},"author":1,"featured_media":0,"comment_status":"open","ping_status":"open","sticky":false,"template":"","format":"standard","meta":{"footnotes":""},"categories":[5],"tags":[],"class_list":["post-4294","post","type-post","status-publish","format-standard","hentry","category-noticias"],"yoast_head":"<!-- This site is optimized with the Yoast SEO plugin v26.3 - https:\/\/yoast.com\/wordpress\/plugins\/seo\/ -->\n<title>Santa Cruz renuncia \u00e0s linhas S\u00e3o Sebasti\u00e3o do Para\u00edso\/MG | Encontra Itajub\u00e1<\/title>\n<meta name=\"robots\" content=\"index, follow, max-snippet:-1, max-image-preview:large, max-video-preview:-1\" \/>\n<link rel=\"canonical\" href=\"https:\/\/www.encontraminasgerais.com.br\/itajuba\/santa-cruz-renuncia-as-linhas-sao-sebastiao-do-paraiso-mg\/\" \/>\n<meta property=\"og:locale\" content=\"pt_BR\" \/>\n<meta property=\"og:type\" content=\"article\" \/>\n<meta property=\"og:title\" content=\"Santa Cruz renuncia \u00e0s linhas S\u00e3o Sebasti\u00e3o do Para\u00edso\/MG | Encontra Itajub\u00e1\" \/>\n<meta property=\"og:description\" content=\"Santa Cruz renuncia \u00e0s linhas intermunicipais, consolidando mudan\u00e7as no transporte.\" \/>\n<meta property=\"og:url\" content=\"https:\/\/www.encontraminasgerais.com.br\/itajuba\/santa-cruz-renuncia-as-linhas-sao-sebastiao-do-paraiso-mg\/\" \/>\n<meta property=\"og:site_name\" content=\"Encontra Itajub\u00e1\" \/>\n<meta property=\"article:published_time\" content=\"2025-11-14T12:50:00+00:00\" \/>\n<meta name=\"author\" content=\"Encontra Itajub\u00e1\" \/>\n<meta name=\"twitter:card\" content=\"summary_large_image\" \/>\n<meta name=\"twitter:label1\" content=\"Escrito por\" \/>\n\t<meta name=\"twitter:data1\" content=\"Encontra Itajub\u00e1\" \/>\n\t<meta name=\"twitter:label2\" content=\"Est. tempo de leitura\" \/>\n\t<meta name=\"twitter:data2\" content=\"8 minutos\" \/>\n<script type=\"application\/ld+json\" class=\"yoast-schema-graph\">{\"@context\":\"https:\/\/schema.org\",\"@graph\":[{\"@type\":\"WebPage\",\"@id\":\"https:\/\/www.encontraminasgerais.com.br\/itajuba\/santa-cruz-renuncia-as-linhas-sao-sebastiao-do-paraiso-mg\/\",\"url\":\"https:\/\/www.encontraminasgerais.com.br\/itajuba\/santa-cruz-renuncia-as-linhas-sao-sebastiao-do-paraiso-mg\/\",\"name\":\"Santa Cruz renuncia \u00e0s linhas S\u00e3o Sebasti\u00e3o do Para\u00edso\/MG | Encontra Itajub\u00e1\",\"isPartOf\":{\"@id\":\"https:\/\/www.encontraminasgerais.com.br\/itajuba\/#website\"},\"datePublished\":\"2025-11-14T12:50:00+00:00\",\"author\":{\"@id\":\"https:\/\/www.encontraminasgerais.com.br\/itajuba\/#\/schema\/person\/d26674c083ec86b440752843a690de33\"},\"inLanguage\":\"pt-BR\",\"potentialAction\":[{\"@type\":\"ReadAction\",\"target\":[\"https:\/\/www.encontraminasgerais.com.br\/itajuba\/santa-cruz-renuncia-as-linhas-sao-sebastiao-do-paraiso-mg\/\"]}]},{\"@type\":\"WebSite\",\"@id\":\"https:\/\/www.encontraminasgerais.com.br\/itajuba\/#website\",\"url\":\"https:\/\/www.encontraminasgerais.com.br\/itajuba\/\",\"name\":\"Encontra Itajub\u00e1\",\"description\":\"ENCONTRA ITAJUB\u00c1 - O guia comercial de neg\u00f3cios e empresas, cultura e divers\u00e3o na cidade de Itajub\u00e1. Feito 100% para voc\u00ea morador!\",\"potentialAction\":[{\"@type\":\"SearchAction\",\"target\":{\"@type\":\"EntryPoint\",\"urlTemplate\":\"https:\/\/www.encontraminasgerais.com.br\/itajuba\/?s={search_term_string}\"},\"query-input\":{\"@type\":\"PropertyValueSpecification\",\"valueRequired\":true,\"valueName\":\"search_term_string\"}}],\"inLanguage\":\"pt-BR\"},{\"@type\":\"Person\",\"@id\":\"https:\/\/www.encontraminasgerais.com.br\/itajuba\/#\/schema\/person\/d26674c083ec86b440752843a690de33\",\"name\":\"Encontra Itajub\u00e1\",\"image\":{\"@type\":\"ImageObject\",\"inLanguage\":\"pt-BR\",\"@id\":\"https:\/\/www.encontraminasgerais.com.br\/itajuba\/#\/schema\/person\/image\/\",\"url\":\"https:\/\/secure.gravatar.com\/avatar\/c50c17820bcf322f0a8fd6b110b8c0918141409dc69076470f6fca5fee70a5d4?s=96&d=mm&r=g\",\"contentUrl\":\"https:\/\/secure.gravatar.com\/avatar\/c50c17820bcf322f0a8fd6b110b8c0918141409dc69076470f6fca5fee70a5d4?s=96&d=mm&r=g\",\"caption\":\"Encontra Itajub\u00e1\"},\"url\":\"https:\/\/www.encontraminasgerais.com.br\/itajuba\/author\/eitajuba\/\"}]}<\/script>\n<!-- \/ Yoast SEO plugin. -->","yoast_head_json":{"title":"Santa Cruz renuncia \u00e0s linhas S\u00e3o Sebasti\u00e3o do Para\u00edso\/MG | Encontra Itajub\u00e1","robots":{"index":"index","follow":"follow","max-snippet":"max-snippet:-1","max-image-preview":"max-image-preview:large","max-video-preview":"max-video-preview:-1"},"canonical":"https:\/\/www.encontraminasgerais.com.br\/itajuba\/santa-cruz-renuncia-as-linhas-sao-sebastiao-do-paraiso-mg\/","og_locale":"pt_BR","og_type":"article","og_title":"Santa Cruz renuncia \u00e0s linhas S\u00e3o Sebasti\u00e3o do Para\u00edso\/MG | Encontra Itajub\u00e1","og_description":"Santa Cruz renuncia \u00e0s linhas intermunicipais, consolidando mudan\u00e7as no transporte.","og_url":"https:\/\/www.encontraminasgerais.com.br\/itajuba\/santa-cruz-renuncia-as-linhas-sao-sebastiao-do-paraiso-mg\/","og_site_name":"Encontra Itajub\u00e1","article_published_time":"2025-11-14T12:50:00+00:00","author":"Encontra Itajub\u00e1","twitter_card":"summary_large_image","twitter_misc":{"Escrito por":"Encontra Itajub\u00e1","Est. tempo de leitura":"8 minutos"},"schema":{"@context":"https:\/\/schema.org","@graph":[{"@type":"WebPage","@id":"https:\/\/www.encontraminasgerais.com.br\/itajuba\/santa-cruz-renuncia-as-linhas-sao-sebastiao-do-paraiso-mg\/","url":"https:\/\/www.encontraminasgerais.com.br\/itajuba\/santa-cruz-renuncia-as-linhas-sao-sebastiao-do-paraiso-mg\/","name":"Santa Cruz renuncia \u00e0s linhas S\u00e3o Sebasti\u00e3o do Para\u00edso\/MG | Encontra Itajub\u00e1","isPartOf":{"@id":"https:\/\/www.encontraminasgerais.com.br\/itajuba\/#website"},"datePublished":"2025-11-14T12:50:00+00:00","author":{"@id":"https:\/\/www.encontraminasgerais.com.br\/itajuba\/#\/schema\/person\/d26674c083ec86b440752843a690de33"},"inLanguage":"pt-BR","potentialAction":[{"@type":"ReadAction","target":["https:\/\/www.encontraminasgerais.com.br\/itajuba\/santa-cruz-renuncia-as-linhas-sao-sebastiao-do-paraiso-mg\/"]}]},{"@type":"WebSite","@id":"https:\/\/www.encontraminasgerais.com.br\/itajuba\/#website","url":"https:\/\/www.encontraminasgerais.com.br\/itajuba\/","name":"Encontra Itajub\u00e1","description":"ENCONTRA ITAJUB\u00c1 - O guia comercial de neg\u00f3cios e empresas, cultura e divers\u00e3o na cidade de Itajub\u00e1. Feito 100% para voc\u00ea morador!","potentialAction":[{"@type":"SearchAction","target":{"@type":"EntryPoint","urlTemplate":"https:\/\/www.encontraminasgerais.com.br\/itajuba\/?s={search_term_string}"},"query-input":{"@type":"PropertyValueSpecification","valueRequired":true,"valueName":"search_term_string"}}],"inLanguage":"pt-BR"},{"@type":"Person","@id":"https:\/\/www.encontraminasgerais.com.br\/itajuba\/#\/schema\/person\/d26674c083ec86b440752843a690de33","name":"Encontra Itajub\u00e1","image":{"@type":"ImageObject","inLanguage":"pt-BR","@id":"https:\/\/www.encontraminasgerais.com.br\/itajuba\/#\/schema\/person\/image\/","url":"https:\/\/secure.gravatar.com\/avatar\/c50c17820bcf322f0a8fd6b110b8c0918141409dc69076470f6fca5fee70a5d4?s=96&d=mm&r=g","contentUrl":"https:\/\/secure.gravatar.com\/avatar\/c50c17820bcf322f0a8fd6b110b8c0918141409dc69076470f6fca5fee70a5d4?s=96&d=mm&r=g","caption":"Encontra Itajub\u00e1"},"url":"https:\/\/www.encontraminasgerais.com.br\/itajuba\/author\/eitajuba\/"}]}},"_links":{"self":[{"href":"https:\/\/www.encontraminasgerais.com.br\/itajuba\/wp-json\/wp\/v2\/posts\/4294","targetHints":{"allow":["GET"]}}],"collection":[{"href":"https:\/\/www.encontraminasgerais.com.br\/itajuba\/wp-json\/wp\/v2\/posts"}],"about":[{"href":"https:\/\/www.encontraminasgerais.com.br\/itajuba\/wp-json\/wp\/v2\/types\/post"}],"author":[{"embeddable":true,"href":"https:\/\/www.encontraminasgerais.com.br\/itajuba\/wp-json\/wp\/v2\/users\/1"}],"replies":[{"embeddable":true,"href":"https:\/\/www.encontraminasgerais.com.br\/itajuba\/wp-json\/wp\/v2\/comments?post=4294"}],"version-history":[{"count":0,"href":"https:\/\/www.encontraminasgerais.com.br\/itajuba\/wp-json\/wp\/v2\/posts\/4294\/revisions"}],"wp:attachment":[{"href":"https:\/\/www.encontraminasgerais.com.br\/itajuba\/wp-json\/wp\/v2\/media?parent=4294"}],"wp:term":[{"taxonomy":"category","embeddable":true,"href":"https:\/\/www.encontraminasgerais.com.br\/itajuba\/wp-json\/wp\/v2\/categories?post=4294"},{"taxonomy":"post_tag","embeddable":true,"href":"https:\/\/www.encontraminasgerais.com.br\/itajuba\/wp-json\/wp\/v2\/tags?post=4294"}],"curies":[{"name":"wp","href":"https:\/\/api.w.org\/{rel}","templated":true}]}}