{"id":4326,"date":"2025-11-20T11:03:00","date_gmt":"2025-11-20T14:03:00","guid":{"rendered":"https:\/\/www.encontraminasgerais.com.br\/itajuba\/gabriel-gabrera-lanca-o-single-mantiqueira-com-participacao-de-ivan-vilela\/"},"modified":"2025-11-20T11:03:00","modified_gmt":"2025-11-20T14:03:00","slug":"gabriel-gabrera-lanca-o-single-mantiqueira-com-participacao-de-ivan-vilela","status":"publish","type":"post","link":"https:\/\/www.encontraminasgerais.com.br\/itajuba\/gabriel-gabrera-lanca-o-single-mantiqueira-com-participacao-de-ivan-vilela\/","title":{"rendered":"Gabriel Gabrera lan\u00e7a o single \u2018Mantiqueira\u2019 com participa\u00e7\u00e3o de Ivan Vilela"},"content":{"rendered":"<h2>A Hist\u00f3ria de &#8216;Mantiqueira&#8217;<\/h2>\n<p>A can\u00e7\u00e3o &#8216;Mantiqueira&#8217;, que ser\u00e1 oficialmente lan\u00e7ada em 28 de novembro de 2025, \u00e9 um produto da rica cultura musical brasileira, trazendo \u00e0 tona a vida e as tradi\u00e7\u00f5es que permeiam a regi\u00e3o da Serra da Mantiqueira. Composta pelo m\u00fasico e compositor <strong>Gabriel Gabrera<\/strong> e com letra de <strong>Vinicius Guimar\u00e3es<\/strong>, a m\u00fasica representa n\u00e3o apenas uma obra de arte, mas sim um tributo \u00e0 resist\u00eancia e \u00e0 conex\u00e3o dos povos que habitam esta encantadora \u00e1rea do Brasil.<\/p>\n<p>A can\u00e7\u00e3o, que envolve um mix de influ\u00eancias do blues rural e m\u00fasica caipira, almeja capturar a ess\u00eancia do cotidiano das pessoas da ro\u00e7a, suas lutas e alegrias, al\u00e9m de homenagear a riqueza cultural dos povos origin\u00e1rios que fazem parte dessa narrativa. Gabrera menciona que a m\u00fasica fala sobre &#8220;o povo que fez e faz vida na Serra acontecer&#8221;, refletindo o esp\u00edrito de um povo forte que luta diariamente em busca de suas ra\u00edzes e identidades.<\/p>\n<h2>Gabriel Gabrera: Um Talento em Ascens\u00e3o<\/h2>\n<p><strong>Gabriel Gabrera<\/strong> \u00e9 um artista que vem ganhando destaque na cena musical brasileira. Natural de S\u00e3o Jos\u00e9 dos Campos, Gabrera se mudou para Itajub\u00e1, cidade que tamb\u00e9m \u00e9 um reduto de riquezas culturais e musicais. Desde seus 12 anos, ele se envolveu com a m\u00fasica, utilizando sua inf\u00e2ncia cercada pela natureza e cultura local como combust\u00edvel para sua carreira art\u00edstica.<\/p>\n<p><img decoding=\"async\" src=\"https:\/\/www.encontraminasgerais.com.br\/itajuba\/wp-content\/uploads\/2025\/11\/gabriel-gabrera-lanca-o-single-mantiqueira-com-participacao-de-ivan-vilela.webp\" alt=\"Gabriel Gabrera Mantiqueira\" loading=\"lazy\" \/><\/p>\n<p>Ao longo de sua trajet\u00f3ria, Gabriel desenvolveu um estilo \u00fanico que mistura o <strong>blues<\/strong> com a m\u00fasica regional, criando o que ele chama de &#8220;Blues Sul Mineiro&#8221;. Essa fus\u00e3o \u00e9 evidente em seus trabalhos anteriores, como o \u00e1lbum <em>Mantiqueira Blues<\/em> (2021) e o single <em>&#8216;Des\u00e1gua&#8217;<\/em> (2024). Com o lan\u00e7amento de &#8216;Mantiqueira&#8217;, Gabriel assume um papel de destaque na m\u00fasica folk brasileira contempor\u00e2nea, reafirmando a import\u00e2ncia de contar as hist\u00f3rias locais atrav\u00e9s de suas letras e melodias.<\/p>\n<h2>Ivan Vilela: O Mestre da Viola<\/h2>\n<p><strong>Ivan Vilela<\/strong> \u00e9 um nome respeitado na m\u00fasica brasileira, em especial na tradi\u00e7\u00e3o da <strong>viola caipira<\/strong>. Convidado por Gabrera para contribuir com sua experi\u00eancia, Vilela traz uma profundidade musical \u00e0 can\u00e7\u00e3o &#8216;Mantiqueira&#8217;. Como violeiro, compositor e pesquisador, ele acrescenta \u00e0 m\u00fasica a sonoridade aut\u00eantica que caracteriza a tradi\u00e7\u00e3o da m\u00fasica rural.<\/p>\n<p>O trabalho de Ivan \u00e9 marcado por um compromisso com a promo\u00e7\u00e3o e preserva\u00e7\u00e3o da m\u00fasica caipira e da cultura popular. Seu envolvimento com a m\u00fasica tamb\u00e9m \u00e9 baseado na pesquisa e no entendimento das ra\u00edzes culturais do Brasil, o que enriquece ainda mais a proposta de Gabrera.<\/p>\n<h2>A Influ\u00eancia dos Povos Origin\u00e1rios<\/h2>\n<p>A letra de &#8216;Mantiqueira&#8217; \u00e9 especialmente significativa, pois faz refer\u00eancia direta \u00e0 for\u00e7a e resist\u00eancia dos <strong>povos origin\u00e1rios Puri<\/strong>, que habitam as serranias de Minas Gerais. A can\u00e7\u00e3o menciona a express\u00e3o \u2018Boac\u00e9 Uch\u00f4\u2019, que na l\u00edngua Puri significa &#8220;palavra-terra&#8221; ou &#8220;palavra que pulsa&#8221;, evocando a rela\u00e7\u00e3o profunda que esses povos t\u00eam com a terra e a vida.<\/p>\n<p>\u00c9 importante ressaltar que a m\u00fasica e a cultura dos povos origin\u00e1rios s\u00e3o frequentemente retratadas como formas de resist\u00eancia cultural diante do avan\u00e7o da urbaniza\u00e7\u00e3o e da globaliza\u00e7\u00e3o. A can\u00e7\u00e3o serve como um lembrete da import\u00e2ncia dessas tradi\u00e7\u00f5es e da necessidade de valoriz\u00e1-las e preserv\u00e1-las.<\/p>\n<h2>O Que A Can\u00e7\u00e3o Representa<\/h2>\n<p>&#8216;Mantiqueira&#8217; n\u00e3o \u00e9 apenas uma can\u00e7\u00e3o; \u00e9 uma declara\u00e7\u00e3o cultural que re\u00fane elementos de for\u00e7a comunit\u00e1ria e saudade das tradi\u00e7\u00f5es. A m\u00fasica retrata viv\u00eancias que s\u00e3o universais, mas que, ao mesmo tempo, s\u00e3o espec\u00edficas para a realidade rural da Serra da Mantiqueira. Atrav\u00e9s de sua melodia simples mas poderosa e de letras evocativas, a can\u00e7\u00e3o tem o potencial de tocar os cora\u00e7\u00f5es de muitos.<\/p>\n<p>Al\u00e9m disso, a can\u00e7\u00e3o funciona como um meio de conex\u00e3o entre as novas gera\u00e7\u00f5es e suas ra\u00edzes. A hist\u00f3ria contada nas melodias \u00e9 um convite para refletirmos sobre nossos valores e sobre a rela\u00e7\u00e3o que temos com a terra em que vivemos. \u00c9 uma forma de fomentar a conserva\u00e7\u00e3o e a aprecia\u00e7\u00e3o do patrim\u00f4nio cultural brasileiro.<\/p>\n<h2>Gabriel Gabrera e Sua Trajet\u00f3ria Musical<\/h2>\n<p>Gabriel Gabrera tem se destacado em uma cena musical em constante evolu\u00e7\u00e3o. Sua trajet\u00f3ria inclui performances em diversos festivais, como o <strong>Festival Blues na Montanha<\/strong> e o <strong>Festival de Jazz e Blues<\/strong>, eventos que s\u00e3o importantes vit\u00f3rias em sua carreira. A seu modo, Gabrera busca criar um som que dialogue entre as tradi\u00e7\u00f5es da m\u00fasica caipira e as influ\u00eancias contempor\u00e2neas do blues, resultando em uma sonoridade que \u00e9 ao mesmo tempo fresca e repleta de hist\u00f3ria.<\/p>\n<p>A popularidade crescente de Gabrera \u00e9, em parte, atribu\u00edda \u00e0 sua habilidade em contar hist\u00f3rias com suas can\u00e7\u00f5es, sempre respeitando as caracter\u00edsticas regionais e culturais do Brasil. Cada uma de suas m\u00fasicas \u00e9 moldada por suas viv\u00eancias e experi\u00eancias, isso se reflete no calor humano de suas interpreta\u00e7\u00f5es.<\/p>\n<h2>Lan\u00e7amento nas Plataformas de Streaming<\/h2>\n<p>O single &#8216;Mantiqueira&#8217; estar\u00e1 dispon\u00edvel nas principais plataformas de streaming, permitindo que uma audi\u00eancia ampla e diversificada tenha acesso \u00e0 m\u00fasica. Esta estrat\u00e9gia de distribui\u00e7\u00e3o \u00e9 crucial para a nova gera\u00e7\u00e3o de artistas que buscam alcan\u00e7ar o p\u00fablico de maneira eficaz.<\/p>\n<p>O fato de que a can\u00e7\u00e3o ser\u00e1 lan\u00e7ada em plataformas como Spotify e YouTube mostra como a m\u00fasica moderna est\u00e1 se integrando no mundo digital. Isso tamb\u00e9m permite que o trabalho de Gabrera seja ouvido por pessoas que podem nunca ter tido contato com a cultura da Serra da Mantiqueira, expandindo assim o alcance da mensagem e da m\u00fasica.<\/p>\n<h2>Os Festivais Onde Gabrera Se Apresenta<\/h2>\n<p>Participar de festivais \u00e9 uma parte fundamental da carreira de qualquer m\u00fasico, e Gabriel Gabrera n\u00e3o \u00e9 exce\u00e7\u00e3o. Eventos como o <strong>Festival Blues na Montanha<\/strong> em Andradas (MG) e o <strong>Festival de Jazz e Blues<\/strong> em Extrema (MG) servem como plataformas valiosas para a divulga\u00e7\u00e3o de seu trabalho.<\/p>\n<p>Atrav\u00e9s dessas performances, Gabrera n\u00e3o apenas promove sua m\u00fasica, mas tamb\u00e9m interage com o p\u00fablico, criando um espa\u00e7o para a troca cultural. Essa intera\u00e7\u00e3o pessoal \u00e9 o que torna a m\u00fasica ao vivo t\u00e3o especial e significativa, permitindo que artistas e ouvintes compartilhem experi\u00eancias e emo\u00e7\u00f5es de maneira direta.<\/p>\n<h2>An\u00e1lise da Letra de &#8216;Mantiqueira&#8217;<\/h2>\n<p>A letra de &#8216;Mantiqueira&#8217; \u00e9 uma obra rica em simbolismo e significado. Ao longo da can\u00e7\u00e3o, Gabrera explora temas que v\u00e3o desde a simplicidade da vida rural at\u00e9 as profundas conex\u00f5es que os habitantes da Serra t\u00eam com a terra. A repeti\u00e7\u00e3o da frase \u2018Boac\u00e9 Uch\u00f4\u2019 serve como um mantra que lembra a todos sobre a import\u00e2ncia dessa conex\u00e3o.<\/p>\n<p>As imagens que a letra evoca s\u00e3o v\u00edvidas e nost\u00e1lgicas, permitindo que o ouvinte visualize a beleza da regi\u00e3o e sinta as emo\u00e7\u00f5es dos personagens trazidos \u00e0 vida por Gabrera. A m\u00fasica destaca a for\u00e7a e a resili\u00eancia das comunidades rurais, que muitas vezes s\u00e3o invisibilizadas nas narrativas contempor\u00e2neas.<\/p>\n<h2>Explorando a Serenidade da Serra da Mantiqueira<\/h2>\n<p>A Serra da Mantiqueira \u00e9 um dos cen\u00e1rios naturais mais belos do Brasil, e a m\u00fasica de Gabrera captura sua ess\u00eancia. A serenidade das montanhas, a rica flora e fauna, e o ar puro da regi\u00e3o s\u00e3o aspectos que formam uma parte essencial da identidade da can\u00e7\u00e3o.<\/p>\n<p>Por meio de &#8216;Mantiqueira&#8217;, Gabrera nos convida a uma viagem sensorial \u00e0 sua terra natal. A m\u00fasica n\u00e3o apenas retrata a geografia f\u00edsica, mas tamb\u00e9m a cultura, as tradi\u00e7\u00f5es e as hist\u00f3rias que a habitam, tornando-se um tributo tanto \u00e0 paisagem quanto \u00e0 sua gente.<\/p>\n","protected":false},"excerpt":{"rendered":"<p>Descubra como o single &#8216;Mantiqueira&#8217; destaca a vida na ro\u00e7a com Gabriel Gabrera e Ivan Vilela.<\/p>\n","protected":false},"author":1,"featured_media":4325,"comment_status":"open","ping_status":"open","sticky":false,"template":"","format":"standard","meta":{"footnotes":""},"categories":[5],"tags":[],"class_list":["post-4326","post","type-post","status-publish","format-standard","has-post-thumbnail","hentry","category-noticias","has_thumb"],"yoast_head":"<!-- This site is optimized with the Yoast SEO plugin v26.3 - https:\/\/yoast.com\/wordpress\/plugins\/seo\/ -->\n<title>Gabriel Gabrera lan\u00e7a o single \u2018Mantiqueira\u2019 com participa\u00e7\u00e3o de Ivan Vilela | Encontra Itajub\u00e1<\/title>\n<meta name=\"robots\" content=\"index, follow, max-snippet:-1, max-image-preview:large, max-video-preview:-1\" \/>\n<link rel=\"canonical\" href=\"https:\/\/www.encontraminasgerais.com.br\/itajuba\/gabriel-gabrera-lanca-o-single-mantiqueira-com-participacao-de-ivan-vilela\/\" \/>\n<meta property=\"og:locale\" content=\"pt_BR\" \/>\n<meta property=\"og:type\" content=\"article\" \/>\n<meta property=\"og:title\" content=\"Gabriel Gabrera lan\u00e7a o single \u2018Mantiqueira\u2019 com participa\u00e7\u00e3o de Ivan Vilela | Encontra Itajub\u00e1\" \/>\n<meta property=\"og:description\" content=\"Descubra como o single &#039;Mantiqueira&#039; destaca a vida na ro\u00e7a com Gabriel Gabrera e Ivan Vilela.\" \/>\n<meta property=\"og:url\" content=\"https:\/\/www.encontraminasgerais.com.br\/itajuba\/gabriel-gabrera-lanca-o-single-mantiqueira-com-participacao-de-ivan-vilela\/\" \/>\n<meta property=\"og:site_name\" content=\"Encontra Itajub\u00e1\" \/>\n<meta property=\"article:published_time\" content=\"2025-11-20T14:03:00+00:00\" \/>\n<meta property=\"og:image\" content=\"https:\/\/www.encontraminasgerais.com.br\/itajuba\/wp-content\/uploads\/2025\/11\/gabriel-gabrera-lanca-o-single-mantiqueira-com-participacao-de-ivan-vilela.webp\" \/>\n<meta name=\"author\" content=\"Encontra Itajub\u00e1\" \/>\n<meta name=\"twitter:card\" content=\"summary_large_image\" \/>\n<meta name=\"twitter:label1\" content=\"Escrito por\" \/>\n\t<meta name=\"twitter:data1\" content=\"Encontra Itajub\u00e1\" \/>\n\t<meta name=\"twitter:label2\" content=\"Est. tempo de leitura\" \/>\n\t<meta name=\"twitter:data2\" content=\"7 minutos\" \/>\n<script type=\"application\/ld+json\" class=\"yoast-schema-graph\">{\"@context\":\"https:\/\/schema.org\",\"@graph\":[{\"@type\":\"WebPage\",\"@id\":\"https:\/\/www.encontraminasgerais.com.br\/itajuba\/gabriel-gabrera-lanca-o-single-mantiqueira-com-participacao-de-ivan-vilela\/\",\"url\":\"https:\/\/www.encontraminasgerais.com.br\/itajuba\/gabriel-gabrera-lanca-o-single-mantiqueira-com-participacao-de-ivan-vilela\/\",\"name\":\"Gabriel Gabrera lan\u00e7a o single \u2018Mantiqueira\u2019 com participa\u00e7\u00e3o de Ivan Vilela | Encontra Itajub\u00e1\",\"isPartOf\":{\"@id\":\"https:\/\/www.encontraminasgerais.com.br\/itajuba\/#website\"},\"primaryImageOfPage\":{\"@id\":\"https:\/\/www.encontraminasgerais.com.br\/itajuba\/gabriel-gabrera-lanca-o-single-mantiqueira-com-participacao-de-ivan-vilela\/#primaryimage\"},\"image\":{\"@id\":\"https:\/\/www.encontraminasgerais.com.br\/itajuba\/gabriel-gabrera-lanca-o-single-mantiqueira-com-participacao-de-ivan-vilela\/#primaryimage\"},\"thumbnailUrl\":\"https:\/\/www.encontraminasgerais.com.br\/itajuba\/wp-content\/uploads\/2025\/11\/gabriel-gabrera-lanca-o-single-mantiqueira-com-participacao-de-ivan-vilela.webp\",\"datePublished\":\"2025-11-20T14:03:00+00:00\",\"author\":{\"@id\":\"https:\/\/www.encontraminasgerais.com.br\/itajuba\/#\/schema\/person\/d26674c083ec86b440752843a690de33\"},\"inLanguage\":\"pt-BR\",\"potentialAction\":[{\"@type\":\"ReadAction\",\"target\":[\"https:\/\/www.encontraminasgerais.com.br\/itajuba\/gabriel-gabrera-lanca-o-single-mantiqueira-com-participacao-de-ivan-vilela\/\"]}]},{\"@type\":\"ImageObject\",\"inLanguage\":\"pt-BR\",\"@id\":\"https:\/\/www.encontraminasgerais.com.br\/itajuba\/gabriel-gabrera-lanca-o-single-mantiqueira-com-participacao-de-ivan-vilela\/#primaryimage\",\"url\":\"https:\/\/www.encontraminasgerais.com.br\/itajuba\/wp-content\/uploads\/2025\/11\/gabriel-gabrera-lanca-o-single-mantiqueira-com-participacao-de-ivan-vilela.webp\",\"contentUrl\":\"https:\/\/www.encontraminasgerais.com.br\/itajuba\/wp-content\/uploads\/2025\/11\/gabriel-gabrera-lanca-o-single-mantiqueira-com-participacao-de-ivan-vilela.webp\",\"width\":320,\"height\":280,\"caption\":\"Gabriel Gabrera Mantiqueira\"},{\"@type\":\"WebSite\",\"@id\":\"https:\/\/www.encontraminasgerais.com.br\/itajuba\/#website\",\"url\":\"https:\/\/www.encontraminasgerais.com.br\/itajuba\/\",\"name\":\"Encontra Itajub\u00e1\",\"description\":\"ENCONTRA ITAJUB\u00c1 - O guia comercial de neg\u00f3cios e empresas, cultura e divers\u00e3o na cidade de Itajub\u00e1. Feito 100% para voc\u00ea morador!\",\"potentialAction\":[{\"@type\":\"SearchAction\",\"target\":{\"@type\":\"EntryPoint\",\"urlTemplate\":\"https:\/\/www.encontraminasgerais.com.br\/itajuba\/?s={search_term_string}\"},\"query-input\":{\"@type\":\"PropertyValueSpecification\",\"valueRequired\":true,\"valueName\":\"search_term_string\"}}],\"inLanguage\":\"pt-BR\"},{\"@type\":\"Person\",\"@id\":\"https:\/\/www.encontraminasgerais.com.br\/itajuba\/#\/schema\/person\/d26674c083ec86b440752843a690de33\",\"name\":\"Encontra Itajub\u00e1\",\"image\":{\"@type\":\"ImageObject\",\"inLanguage\":\"pt-BR\",\"@id\":\"https:\/\/www.encontraminasgerais.com.br\/itajuba\/#\/schema\/person\/image\/\",\"url\":\"https:\/\/secure.gravatar.com\/avatar\/c50c17820bcf322f0a8fd6b110b8c0918141409dc69076470f6fca5fee70a5d4?s=96&d=mm&r=g\",\"contentUrl\":\"https:\/\/secure.gravatar.com\/avatar\/c50c17820bcf322f0a8fd6b110b8c0918141409dc69076470f6fca5fee70a5d4?s=96&d=mm&r=g\",\"caption\":\"Encontra Itajub\u00e1\"},\"url\":\"https:\/\/www.encontraminasgerais.com.br\/itajuba\/author\/eitajuba\/\"}]}<\/script>\n<!-- \/ Yoast SEO plugin. -->","yoast_head_json":{"title":"Gabriel Gabrera lan\u00e7a o single \u2018Mantiqueira\u2019 com participa\u00e7\u00e3o de Ivan Vilela | Encontra Itajub\u00e1","robots":{"index":"index","follow":"follow","max-snippet":"max-snippet:-1","max-image-preview":"max-image-preview:large","max-video-preview":"max-video-preview:-1"},"canonical":"https:\/\/www.encontraminasgerais.com.br\/itajuba\/gabriel-gabrera-lanca-o-single-mantiqueira-com-participacao-de-ivan-vilela\/","og_locale":"pt_BR","og_type":"article","og_title":"Gabriel Gabrera lan\u00e7a o single \u2018Mantiqueira\u2019 com participa\u00e7\u00e3o de Ivan Vilela | Encontra Itajub\u00e1","og_description":"Descubra como o single 'Mantiqueira' destaca a vida na ro\u00e7a com Gabriel Gabrera e Ivan Vilela.","og_url":"https:\/\/www.encontraminasgerais.com.br\/itajuba\/gabriel-gabrera-lanca-o-single-mantiqueira-com-participacao-de-ivan-vilela\/","og_site_name":"Encontra Itajub\u00e1","article_published_time":"2025-11-20T14:03:00+00:00","og_image":[{"url":"https:\/\/www.encontraminasgerais.com.br\/itajuba\/wp-content\/uploads\/2025\/11\/gabriel-gabrera-lanca-o-single-mantiqueira-com-participacao-de-ivan-vilela.webp","type":"","width":"","height":""}],"author":"Encontra Itajub\u00e1","twitter_card":"summary_large_image","twitter_misc":{"Escrito por":"Encontra Itajub\u00e1","Est. tempo de leitura":"7 minutos"},"schema":{"@context":"https:\/\/schema.org","@graph":[{"@type":"WebPage","@id":"https:\/\/www.encontraminasgerais.com.br\/itajuba\/gabriel-gabrera-lanca-o-single-mantiqueira-com-participacao-de-ivan-vilela\/","url":"https:\/\/www.encontraminasgerais.com.br\/itajuba\/gabriel-gabrera-lanca-o-single-mantiqueira-com-participacao-de-ivan-vilela\/","name":"Gabriel Gabrera lan\u00e7a o single \u2018Mantiqueira\u2019 com participa\u00e7\u00e3o de Ivan Vilela | Encontra Itajub\u00e1","isPartOf":{"@id":"https:\/\/www.encontraminasgerais.com.br\/itajuba\/#website"},"primaryImageOfPage":{"@id":"https:\/\/www.encontraminasgerais.com.br\/itajuba\/gabriel-gabrera-lanca-o-single-mantiqueira-com-participacao-de-ivan-vilela\/#primaryimage"},"image":{"@id":"https:\/\/www.encontraminasgerais.com.br\/itajuba\/gabriel-gabrera-lanca-o-single-mantiqueira-com-participacao-de-ivan-vilela\/#primaryimage"},"thumbnailUrl":"https:\/\/www.encontraminasgerais.com.br\/itajuba\/wp-content\/uploads\/2025\/11\/gabriel-gabrera-lanca-o-single-mantiqueira-com-participacao-de-ivan-vilela.webp","datePublished":"2025-11-20T14:03:00+00:00","author":{"@id":"https:\/\/www.encontraminasgerais.com.br\/itajuba\/#\/schema\/person\/d26674c083ec86b440752843a690de33"},"inLanguage":"pt-BR","potentialAction":[{"@type":"ReadAction","target":["https:\/\/www.encontraminasgerais.com.br\/itajuba\/gabriel-gabrera-lanca-o-single-mantiqueira-com-participacao-de-ivan-vilela\/"]}]},{"@type":"ImageObject","inLanguage":"pt-BR","@id":"https:\/\/www.encontraminasgerais.com.br\/itajuba\/gabriel-gabrera-lanca-o-single-mantiqueira-com-participacao-de-ivan-vilela\/#primaryimage","url":"https:\/\/www.encontraminasgerais.com.br\/itajuba\/wp-content\/uploads\/2025\/11\/gabriel-gabrera-lanca-o-single-mantiqueira-com-participacao-de-ivan-vilela.webp","contentUrl":"https:\/\/www.encontraminasgerais.com.br\/itajuba\/wp-content\/uploads\/2025\/11\/gabriel-gabrera-lanca-o-single-mantiqueira-com-participacao-de-ivan-vilela.webp","width":320,"height":280,"caption":"Gabriel Gabrera Mantiqueira"},{"@type":"WebSite","@id":"https:\/\/www.encontraminasgerais.com.br\/itajuba\/#website","url":"https:\/\/www.encontraminasgerais.com.br\/itajuba\/","name":"Encontra Itajub\u00e1","description":"ENCONTRA ITAJUB\u00c1 - O guia comercial de neg\u00f3cios e empresas, cultura e divers\u00e3o na cidade de Itajub\u00e1. Feito 100% para voc\u00ea morador!","potentialAction":[{"@type":"SearchAction","target":{"@type":"EntryPoint","urlTemplate":"https:\/\/www.encontraminasgerais.com.br\/itajuba\/?s={search_term_string}"},"query-input":{"@type":"PropertyValueSpecification","valueRequired":true,"valueName":"search_term_string"}}],"inLanguage":"pt-BR"},{"@type":"Person","@id":"https:\/\/www.encontraminasgerais.com.br\/itajuba\/#\/schema\/person\/d26674c083ec86b440752843a690de33","name":"Encontra Itajub\u00e1","image":{"@type":"ImageObject","inLanguage":"pt-BR","@id":"https:\/\/www.encontraminasgerais.com.br\/itajuba\/#\/schema\/person\/image\/","url":"https:\/\/secure.gravatar.com\/avatar\/c50c17820bcf322f0a8fd6b110b8c0918141409dc69076470f6fca5fee70a5d4?s=96&d=mm&r=g","contentUrl":"https:\/\/secure.gravatar.com\/avatar\/c50c17820bcf322f0a8fd6b110b8c0918141409dc69076470f6fca5fee70a5d4?s=96&d=mm&r=g","caption":"Encontra Itajub\u00e1"},"url":"https:\/\/www.encontraminasgerais.com.br\/itajuba\/author\/eitajuba\/"}]}},"_links":{"self":[{"href":"https:\/\/www.encontraminasgerais.com.br\/itajuba\/wp-json\/wp\/v2\/posts\/4326","targetHints":{"allow":["GET"]}}],"collection":[{"href":"https:\/\/www.encontraminasgerais.com.br\/itajuba\/wp-json\/wp\/v2\/posts"}],"about":[{"href":"https:\/\/www.encontraminasgerais.com.br\/itajuba\/wp-json\/wp\/v2\/types\/post"}],"author":[{"embeddable":true,"href":"https:\/\/www.encontraminasgerais.com.br\/itajuba\/wp-json\/wp\/v2\/users\/1"}],"replies":[{"embeddable":true,"href":"https:\/\/www.encontraminasgerais.com.br\/itajuba\/wp-json\/wp\/v2\/comments?post=4326"}],"version-history":[{"count":0,"href":"https:\/\/www.encontraminasgerais.com.br\/itajuba\/wp-json\/wp\/v2\/posts\/4326\/revisions"}],"wp:featuredmedia":[{"embeddable":true,"href":"https:\/\/www.encontraminasgerais.com.br\/itajuba\/wp-json\/wp\/v2\/media\/4325"}],"wp:attachment":[{"href":"https:\/\/www.encontraminasgerais.com.br\/itajuba\/wp-json\/wp\/v2\/media?parent=4326"}],"wp:term":[{"taxonomy":"category","embeddable":true,"href":"https:\/\/www.encontraminasgerais.com.br\/itajuba\/wp-json\/wp\/v2\/categories?post=4326"},{"taxonomy":"post_tag","embeddable":true,"href":"https:\/\/www.encontraminasgerais.com.br\/itajuba\/wp-json\/wp\/v2\/tags?post=4326"}],"curies":[{"name":"wp","href":"https:\/\/api.w.org\/{rel}","templated":true}]}}