{"id":4328,"date":"2025-11-21T08:50:00","date_gmt":"2025-11-21T11:50:00","guid":{"rendered":"https:\/\/www.encontraminasgerais.com.br\/itajuba\/noticias-do-comando-da-forca-aeronaval-da-marinha-do-brasil\/"},"modified":"2025-11-21T08:50:00","modified_gmt":"2025-11-21T11:50:00","slug":"noticias-do-comando-da-forca-aeronaval-da-marinha-do-brasil","status":"publish","type":"post","link":"https:\/\/www.encontraminasgerais.com.br\/itajuba\/noticias-do-comando-da-forca-aeronaval-da-marinha-do-brasil\/","title":{"rendered":"Not\u00edcias do Comando da For\u00e7a Aeronaval da Marinha do Brasil"},"content":{"rendered":"<h2>Recebimento de Novas Aeronaves<\/h2>\n<p>Nos \u00faltimos anos, o Comando da For\u00e7a Aeronaval (CFA) tem realizado um esfor\u00e7o cont\u00ednuo para modernizar sua frota de aeronaves, sendo a recep\u00e7\u00e3o de novas aeronaves uma das principais a\u00e7\u00f5es nesse sentido. Em outubro de 2025, o 1\u00ba Esquadr\u00e3o de Helic\u00f3pteros de Instru\u00e7\u00e3o (EsqdHI-1) oficializou o recebimento do segundo Airbus H125, designado como IH-18, parte do Projeto TH-X. Este projeto, que se dedica \u00e0 aquisi\u00e7\u00e3o de aeronaves modernas, visa n\u00e3o apenas a qualifica\u00e7\u00e3o dos novos pilotos, mas tamb\u00e9m a atualiza\u00e7\u00e3o dos m\u00e9todos de instru\u00e7\u00e3o implementados pela for\u00e7a.<br \/>\nA entrega deste helic\u00f3ptero foi cercada de procedimentos rigorosos de verifica\u00e7\u00e3o, garantindo que a aeronave atendesse aos altos padr\u00f5es de qualidade e seguran\u00e7a exigidos pela Marinha do Brasil. Os prazos e as min\u00facias dos processos de entrega, juntamente com a presen\u00e7a de uma equipe t\u00e9cnica composta por mec\u00e2nicos e pilotos, demonstram o compromisso da For\u00e7a Aeronaval em manter uma frota atual e eficaz, capacitando os novos pilotos com conhecimento pr\u00e1tico e as melhores ferramentas dispon\u00edveis.<\/p>\n<h2>Est\u00e1gios de Instru\u00e7\u00e3o no Helic\u00f3ptero<\/h2>\n<p>A continuidade da forma\u00e7\u00e3o dos pilotos \u00e9 fundamental para a efic\u00e1cia operacional da For\u00e7a Aeronaval e, nesse contexto, o Est\u00e1gio de Navega\u00e7\u00e3o por Contato (Est\u00e1gio Charlie) do Curso de Aperfei\u00e7oamento de Avia\u00e7\u00e3o para Oficiais (CAAvO) foi um marco significativo nas atividades do EsqdHI-1. Realizado no final de Outubro de 2025, este est\u00e1gio teve a participa\u00e7\u00e3o de Oficiais-Alunos que foram expostos a cen\u00e1rios diversos em diferentes estados, como Rio de Janeiro, S\u00e3o Paulo, Paran\u00e1 e Mato Grosso do Sul, promovendo um aprendizado pr\u00e1tico em navega\u00e7\u00e3o a\u00e9rea.<\/p>\n<p>Durante o est\u00e1gio, os pilotos foram divididos em equipes que realizaram sobrevoos em aer\u00f3dromos civis e militares, permitindo a pr\u00e1tica de procedimentos de navega\u00e7\u00e3o e intera\u00e7\u00e3o com diferentes \u00f3rg\u00e3os de controle de tr\u00e1fego a\u00e9reo. Essa experi\u00eancia \u00e9 essencial n\u00e3o apenas para a forma\u00e7\u00e3o individual dos pilotos, mas tamb\u00e9m para o fortalecimento da capacidade operacional da Marinha do Brasil. Al\u00e9m disso, as a\u00e7\u00f5es realizadas em apoio \u00e0 Capitania Fluvial do Rio Paran\u00e1 demonstraram a relev\u00e2ncia das opera\u00e7\u00f5es da avia\u00e7\u00e3o naval em quest\u00f5es de fiscaliza\u00e7\u00e3o e seguran\u00e7a da navega\u00e7\u00e3o.<\/p>\n<p><img decoding=\"async\" src=\"https:\/\/www.encontraminasgerais.com.br\/itajuba\/wp-content\/uploads\/2025\/11\/noticias-do-comando-da-forca-aeronaval-da-marinha-do-brasil.webp\" alt=\"not\u00edcias do comando da for\u00e7a aeronaval\" loading=\"lazy\" \/><\/p>\n<h2>Integra\u00e7\u00e3o de Equipamentos e Pessoal<\/h2>\n<p>Outro aspecto crucial no fortalecimento da For\u00e7a Aeronaval \u00e9 a integra\u00e7\u00e3o de equipamentos e pessoal, que permite uma opera\u00e7\u00e3o mais coesa e eficiente no campo de batalha. Em Outubro de 2025, o Grupo A\u00e9reo Naval de Manuten\u00e7\u00e3o (GAerNavMan) realizou a entrega de um SH-16 Seahawk ao 1\u00ba Esquadr\u00e3o de Helic\u00f3pteros Antissubmarino (EsqdHS-1) ap\u00f3s rigorosas inspe\u00e7\u00f5es. Essa entrega n\u00e3o \u00e9 apenas um evento log\u00edstico; ela marca tamb\u00e9m um avan\u00e7o na capacidade operativa das aeronaves e na efici\u00eancia das opera\u00e7\u00f5es navais.<\/p>\n<p>A integra\u00e7\u00e3o de novos equipamentos com o pessoal da for\u00e7a aumenta a prontid\u00e3o e proporciona aos operadores treinamento adequado com as mais modernas tecnologias dispon\u00edveis. A troca de conhecimentos entre os membros da equipe de manuten\u00e7\u00e3o e os pilotos \u00e9 essencial para garantir que todos estejam alinhados quanto aos procedimentos operacionais e \u00e0s melhores pr\u00e1ticas de seguran\u00e7a. Isso garante que a frota esteja sempre pronta para ser mobilizada em miss\u00f5es que possam surgir a qualquer momento.<\/p>\n<h2>Interc\u00e2mbio Operacional entre Esquadr\u00f5es<\/h2>\n<p>Entre os meses de setembro e outubro de 2025, o 2\u00ba Esquadr\u00e3o de Helic\u00f3pteros de Emprego Geral (EsqdHU-2) e o 1\u00ba Esquadr\u00e3o de Helic\u00f3pteros Antissubmarino (EsqdHS-1) conduziram um interc\u00e2mbio operacional com foco na Guerra Antissuperf\u00edcie. Essa colabora\u00e7\u00e3o demonstra a import\u00e2ncia da interoperabilidade entre os diferentes esquadr\u00f5es da For\u00e7a Aeronaval. Dividir conhecimento e pr\u00e1ticas operacionais entre as equipes n\u00e3o s\u00f3 aumenta a prontid\u00e3o, mas tamb\u00e9m potencializa a efic\u00e1cia durante opera\u00e7\u00f5es conjuntas.<\/p>\n<p>Os exerc\u00edcios foram diversificados, combinando aulas te\u00f3ricas com adestramentos pr\u00e1ticos e voos em simulador. O destaque da fase final foi a imers\u00e3o a bordo do Navio-Aer\u00f3dromo Multiprop\u00f3sito \u201cAtl\u00e2ntico\u201d (A140), onde as tripula\u00e7\u00f5es puderam aplicar o que aprenderam em um ambiente real, al\u00e9m de participarem de a\u00e7\u00f5es coletivas que exigiram comunica\u00e7\u00e3o eficaz e coordena\u00e7\u00e3o entre os meios a\u00e9reos e de superf\u00edcie. Esse tipo de interc\u00e2mbio promove um alinhamento de procedimentos t\u00e1ticos e um fortalecimento das rela\u00e7\u00f5es entre os diferentes setores da Marinha, aumentando a efici\u00eancia operacional e a capacidade de resposta a crises.<\/p>\n<h2>Moderniza\u00e7\u00e3o da Avia\u00e7\u00e3o Naval<\/h2>\n<p>A moderniza\u00e7\u00e3o \u00e9 uma constante na For\u00e7a Aeronaval e se reflete na atualiza\u00e7\u00e3o de equipamentos e na implementa\u00e7\u00e3o de novas tecnologias na avia\u00e7\u00e3o. A aquisi\u00e7\u00e3o de aeronaves equipadas com tecnologia avan\u00e7ada, como os novos H125, que possuem sistemas avi\u00f4nicos de ponta, \u00e9 apenas uma parte desse processo. Esse tipo de moderniza\u00e7\u00e3o n\u00e3o se limita apenas \u00e0s aeronaves, mas tamb\u00e9m se estende aos treinos e protocolos operacionais para garantir que todos os membros da equipe estejam prontos para operar de forma eficaz com os novos sistemas.<\/p>\n<p>A adaptabilidade \u00e9 um componente-chave nesta moderniza\u00e7\u00e3o. As opera\u00e7\u00f5es da avia\u00e7\u00e3o naval demandam um n\u00edvel de flexibilidade que permita aos pilotos e a toda a equipe responder rapidamente a quaisquer cen\u00e1rios. O desenvolvimento de novos m\u00e9todos de treinamento para os pilotos abrange diversas situa\u00e7\u00f5es poss\u00edveis, desde miss\u00f5es de combate at\u00e9 opera\u00e7\u00f5es de busca e salvamento. Esses esfor\u00e7os conjuntos n\u00e3o s\u00f3 garantem uma frota mais eficiente como tamb\u00e9m promovem um ambiente de aprendizado cont\u00ednuo e adapta\u00e7\u00e3o \u00e0s novas realidades do combate a\u00e9reo.<\/p>\n<h2>A Import\u00e2ncia das Inspe\u00e7\u00f5es A\u00e9reas<\/h2>\n<p>As inspe\u00e7\u00f5es regulares das aeronaves s\u00e3o uma parte essencial do ciclo de manuten\u00e7\u00e3o e operacionalidade das aeronaves. No m\u00eas de Outubro, o EsqdHS-1 recebeu um novo SH-16 ap\u00f3s a conclus\u00e3o de inspe\u00e7\u00f5es rigorosas de 365 e 730 dias, al\u00e9m de uma fase \u201cA\u201d de manuten\u00e7\u00e3o. Essas verifica\u00e7\u00f5es s\u00e3o vitais para a seguran\u00e7a das aeronaves e para a certeza de que todas as condi\u00e7\u00f5es de voo est\u00e3o devidamente atendidas. O trabalho realizado pelo Grupo A\u00e9reo Naval de Manuten\u00e7\u00e3o \u00e9 crucial para a alta disponibilidade das aeronaves e para garantir a seguran\u00e7a das opera\u00e7\u00f5es.<\/p>\n<p>Essas inspe\u00e7\u00f5es n\u00e3o apenas garantem a integridade das aeronaves, mas tamb\u00e9m servem como uma oportunidade para treinar e atualizar os t\u00e9cnicos e mec\u00e2nicos nas mais recentes t\u00e9cnicas de manuten\u00e7\u00e3o. O conhecimento compartilhado e a experi\u00eancia adquirida durante esses processos de inspe\u00e7\u00e3o resultam em melhores pr\u00e1ticas, que, por sua vez, refletem em uma for\u00e7a mais preparada para enfrentar qualquer tipo de miss\u00e3o.<\/p>\n<h2>Participa\u00e7\u00e3o em Exerc\u00edcios Multinacionais<\/h2>\n<p>A participa\u00e7\u00e3o da For\u00e7a Aeronaval em exerc\u00edcios multinacionais como a Opera\u00e7\u00e3o UNITAS LXVI, que ocorreu em outubro de 2025, destaca a import\u00e2ncia da colabora\u00e7\u00e3o internacional e do interc\u00e2mbio de conhecimento. Este exerc\u00edcio \u00e9 um dos mais antigos do mundo e re\u00fane diversas marinhas ao redor do globo para opera\u00e7\u00f5es conjuntas e treinamento. A presen\u00e7a do 1\u00b0 Esquadr\u00e3o de Helic\u00f3pteros de Esclarecimento e Ataque (EsqdHA-1) nesse evento proporcionou uma oportunidade \u00fanica de compartilhar experi\u00eancias e pr\u00e1ticas com outras for\u00e7as armadas.<\/p>\n<p>Durante o UNITAS LXVI, a fragata \u201cIndepend\u00eancia\u201d teve a aeronave AH-11B Super Lynx a bordo e foi utilizada em diversas miss\u00f5es operativas, incluindo opera\u00e7\u00e3o de buscas e infiltra\u00e7\u00e3o de mergulhadores. Essa intera\u00e7\u00e3o entre as diferentes for\u00e7as envolvidas \u00e9 fundamental para fortalecer alian\u00e7as e promover a interoperabilidade entre unidades navais, um aspecto crucial para a seguran\u00e7a e a efic\u00e1cia em cen\u00e1rios de combate cada vez mais complexos, nos quais a colabora\u00e7\u00e3o entre pa\u00edses \u00e9 essencial.<\/p>\n<h2>Desenvolvimento de Protocolos de Seguran\u00e7a<\/h2>\n<p>O desenvolvimento de protocolos de seguran\u00e7a \u00e9 uma prioridade para o Comando da For\u00e7a Aeronaval, principalmente em virtude da natureza sens\u00edvel das opera\u00e7\u00f5es a\u00e9reas e navais. Com o aumento das amea\u00e7as e a crescente complexidade das miss\u00f5es, a implementa\u00e7\u00e3o de diretrizes robustas de seguran\u00e7a se tornou indispens\u00e1vel para garantir n\u00e3o apenas a integridade das miss\u00f5es, mas tamb\u00e9m a seguran\u00e7a dos tripulantes. A forma\u00e7\u00e3o de equipes multidisciplinares para tratar da seguran\u00e7a operacional \u00e9 um exemplo claro do comprometimento da for\u00e7a com a excel\u00eancia e a seguran\u00e7a das opera\u00e7\u00f5es.<\/p>\n<p>Al\u00e9m disso, os treinamentos regulares em situa\u00e7\u00f5es de risco e a simula\u00e7\u00e3o de cen\u00e1rios de emerg\u00eancia s\u00e3o pr\u00e1ticas essenciais que ilustram a seriedade com que esses aspectos s\u00e3o tratados. A prepara\u00e7\u00e3o dos tripulantes para agir de maneira eficaz em situa\u00e7\u00f5es adversas n\u00e3o s\u00f3 aumenta a confian\u00e7a da equipe, mas tamb\u00e9m potencializa a efic\u00e1cia das miss\u00f5es. O compromisso com a seguran\u00e7a \u00e9 um reflexo do profissionalismo e da dedica\u00e7\u00e3o da For\u00e7a Aeronaval em proteger seus integrantes e a miss\u00e3o atribu\u00edda.<\/p>\n<h2>Avan\u00e7os Tecnol\u00f3gicos nas Aeronaves<\/h2>\n<p>Os avan\u00e7os tecnol\u00f3gicos nas aeronaves t\u00eam impactado significativamente as opera\u00e7\u00f5es da For\u00e7a Aeronaval. O investimento em tecnologia de ponta permite que as aeronaves operem de maneira mais eficiente, segura e adapt\u00e1vel aos desafios contempor\u00e2neos. A introdu\u00e7\u00e3o do sistema de guincho de resgate, a integra\u00e7\u00e3o de avi\u00f4nicos modernos e a capacidade de realizar opera\u00e7\u00f5es com \u00f3culos de vis\u00e3o noturna s\u00e3o apenas algumas das inova\u00e7\u00f5es que est\u00e3o sendo implementadas nas novas aeronaves.<\/p>\n<p>Esses avan\u00e7os n\u00e3o s\u00f3 ajudam na execu\u00e7\u00e3o de miss\u00f5es mais complexas, mas tamb\u00e9m permitem uma abordagem mais estrat\u00e9gica quanto ao combate a amea\u00e7as emergentes. A moderniza\u00e7\u00e3o das aeronaves est\u00e1 atrelada ao aumento da capacidade de resposta e \u00e0 melhora da seguran\u00e7a em miss\u00f5es, a partir da intera\u00e7\u00e3o das novas tecnologias com as pr\u00e1ticas de opera\u00e7\u00e3o e manuten\u00e7\u00e3o. Ao final, essa moderniza\u00e7\u00e3o incentiva a inova\u00e7\u00e3o e a adapta\u00e7\u00e3o, essenciais para o sucesso em opera\u00e7\u00f5es futuras.<\/p>\n<h2>A Comunidade e o Comando da For\u00e7a Aeronaval<\/h2>\n<p>A rela\u00e7\u00e3o entre o Comando da For\u00e7a Aeronaval e a comunidade \u00e9 um aspecto que tamb\u00e9m merece destaque. A atua\u00e7\u00e3o da for\u00e7a se estende al\u00e9m da defesa nacional; envolve a responsabilidade de contribuir com iniciativas que promovem a seguran\u00e7a e o bem-estar da popula\u00e7\u00e3o. O envolvimento em atividades comunit\u00e1rias e em a\u00e7\u00f5es sociais ajuda a construir uma reputa\u00e7\u00e3o positiva e fortalece os la\u00e7os entre a For\u00e7a Aeronaval e os cidad\u00e3os.<\/p>\n<p>As a\u00e7\u00f5es de comunica\u00e7\u00e3o e de educa\u00e7\u00e3o realizadas pela For\u00e7a Aeronaval, como visitas a escolas e eventos com a comunidade, revelam um compromisso com a transpar\u00eancia e com a promo\u00e7\u00e3o da cultura de defesa. O objetivo \u00e9 integrar a for\u00e7a com a sociedade, desenvolvendo um senso de pertencimento e engajamento c\u00edvico. Essa rela\u00e7\u00e3o de confian\u00e7a m\u00fatua \u00e9 vital para a miss\u00e3o da For\u00e7a Aeronaval e para a seguran\u00e7a coletiva do Brasil.<\/p>\n","protected":false},"excerpt":{"rendered":"<p>Fique por dentro das \u00faltimas novidades do Comando da For\u00e7a Aeronaval.<\/p>\n","protected":false},"author":1,"featured_media":4327,"comment_status":"open","ping_status":"open","sticky":false,"template":"","format":"standard","meta":{"footnotes":""},"categories":[5],"tags":[],"class_list":["post-4328","post","type-post","status-publish","format-standard","has-post-thumbnail","hentry","category-noticias","has_thumb"],"yoast_head":"<!-- This site is optimized with the Yoast SEO plugin v26.3 - https:\/\/yoast.com\/wordpress\/plugins\/seo\/ -->\n<title>Not\u00edcias do Comando da For\u00e7a Aeronaval da Marinha do Brasil | Encontra Itajub\u00e1<\/title>\n<meta name=\"robots\" content=\"index, follow, max-snippet:-1, max-image-preview:large, max-video-preview:-1\" \/>\n<link rel=\"canonical\" href=\"https:\/\/www.encontraminasgerais.com.br\/itajuba\/noticias-do-comando-da-forca-aeronaval-da-marinha-do-brasil\/\" \/>\n<meta property=\"og:locale\" content=\"pt_BR\" \/>\n<meta property=\"og:type\" content=\"article\" \/>\n<meta property=\"og:title\" content=\"Not\u00edcias do Comando da For\u00e7a Aeronaval da Marinha do Brasil | Encontra Itajub\u00e1\" \/>\n<meta property=\"og:description\" content=\"Fique por dentro das \u00faltimas novidades do Comando da For\u00e7a Aeronaval.\" \/>\n<meta property=\"og:url\" content=\"https:\/\/www.encontraminasgerais.com.br\/itajuba\/noticias-do-comando-da-forca-aeronaval-da-marinha-do-brasil\/\" \/>\n<meta property=\"og:site_name\" content=\"Encontra Itajub\u00e1\" \/>\n<meta property=\"article:published_time\" content=\"2025-11-21T11:50:00+00:00\" \/>\n<meta property=\"og:image\" content=\"https:\/\/www.encontraminasgerais.com.br\/itajuba\/wp-content\/uploads\/2025\/11\/noticias-do-comando-da-forca-aeronaval-da-marinha-do-brasil.webp\" \/>\n<meta name=\"author\" content=\"Encontra Itajub\u00e1\" \/>\n<meta name=\"twitter:card\" content=\"summary_large_image\" \/>\n<meta name=\"twitter:label1\" content=\"Escrito por\" \/>\n\t<meta name=\"twitter:data1\" content=\"Encontra Itajub\u00e1\" \/>\n\t<meta name=\"twitter:label2\" content=\"Est. tempo de leitura\" \/>\n\t<meta name=\"twitter:data2\" content=\"10 minutos\" \/>\n<script type=\"application\/ld+json\" class=\"yoast-schema-graph\">{\"@context\":\"https:\/\/schema.org\",\"@graph\":[{\"@type\":\"WebPage\",\"@id\":\"https:\/\/www.encontraminasgerais.com.br\/itajuba\/noticias-do-comando-da-forca-aeronaval-da-marinha-do-brasil\/\",\"url\":\"https:\/\/www.encontraminasgerais.com.br\/itajuba\/noticias-do-comando-da-forca-aeronaval-da-marinha-do-brasil\/\",\"name\":\"Not\u00edcias do Comando da For\u00e7a Aeronaval da Marinha do Brasil | Encontra Itajub\u00e1\",\"isPartOf\":{\"@id\":\"https:\/\/www.encontraminasgerais.com.br\/itajuba\/#website\"},\"primaryImageOfPage\":{\"@id\":\"https:\/\/www.encontraminasgerais.com.br\/itajuba\/noticias-do-comando-da-forca-aeronaval-da-marinha-do-brasil\/#primaryimage\"},\"image\":{\"@id\":\"https:\/\/www.encontraminasgerais.com.br\/itajuba\/noticias-do-comando-da-forca-aeronaval-da-marinha-do-brasil\/#primaryimage\"},\"thumbnailUrl\":\"https:\/\/www.encontraminasgerais.com.br\/itajuba\/wp-content\/uploads\/2025\/11\/noticias-do-comando-da-forca-aeronaval-da-marinha-do-brasil.webp\",\"datePublished\":\"2025-11-21T11:50:00+00:00\",\"author\":{\"@id\":\"https:\/\/www.encontraminasgerais.com.br\/itajuba\/#\/schema\/person\/d26674c083ec86b440752843a690de33\"},\"inLanguage\":\"pt-BR\",\"potentialAction\":[{\"@type\":\"ReadAction\",\"target\":[\"https:\/\/www.encontraminasgerais.com.br\/itajuba\/noticias-do-comando-da-forca-aeronaval-da-marinha-do-brasil\/\"]}]},{\"@type\":\"ImageObject\",\"inLanguage\":\"pt-BR\",\"@id\":\"https:\/\/www.encontraminasgerais.com.br\/itajuba\/noticias-do-comando-da-forca-aeronaval-da-marinha-do-brasil\/#primaryimage\",\"url\":\"https:\/\/www.encontraminasgerais.com.br\/itajuba\/wp-content\/uploads\/2025\/11\/noticias-do-comando-da-forca-aeronaval-da-marinha-do-brasil.webp\",\"contentUrl\":\"https:\/\/www.encontraminasgerais.com.br\/itajuba\/wp-content\/uploads\/2025\/11\/noticias-do-comando-da-forca-aeronaval-da-marinha-do-brasil.webp\",\"width\":320,\"height\":280,\"caption\":\"not\u00edcias do comando da for\u00e7a aeronaval\"},{\"@type\":\"WebSite\",\"@id\":\"https:\/\/www.encontraminasgerais.com.br\/itajuba\/#website\",\"url\":\"https:\/\/www.encontraminasgerais.com.br\/itajuba\/\",\"name\":\"Encontra Itajub\u00e1\",\"description\":\"ENCONTRA ITAJUB\u00c1 - O guia comercial de neg\u00f3cios e empresas, cultura e divers\u00e3o na cidade de Itajub\u00e1. Feito 100% para voc\u00ea morador!\",\"potentialAction\":[{\"@type\":\"SearchAction\",\"target\":{\"@type\":\"EntryPoint\",\"urlTemplate\":\"https:\/\/www.encontraminasgerais.com.br\/itajuba\/?s={search_term_string}\"},\"query-input\":{\"@type\":\"PropertyValueSpecification\",\"valueRequired\":true,\"valueName\":\"search_term_string\"}}],\"inLanguage\":\"pt-BR\"},{\"@type\":\"Person\",\"@id\":\"https:\/\/www.encontraminasgerais.com.br\/itajuba\/#\/schema\/person\/d26674c083ec86b440752843a690de33\",\"name\":\"Encontra Itajub\u00e1\",\"image\":{\"@type\":\"ImageObject\",\"inLanguage\":\"pt-BR\",\"@id\":\"https:\/\/www.encontraminasgerais.com.br\/itajuba\/#\/schema\/person\/image\/\",\"url\":\"https:\/\/secure.gravatar.com\/avatar\/c50c17820bcf322f0a8fd6b110b8c0918141409dc69076470f6fca5fee70a5d4?s=96&d=mm&r=g\",\"contentUrl\":\"https:\/\/secure.gravatar.com\/avatar\/c50c17820bcf322f0a8fd6b110b8c0918141409dc69076470f6fca5fee70a5d4?s=96&d=mm&r=g\",\"caption\":\"Encontra Itajub\u00e1\"},\"url\":\"https:\/\/www.encontraminasgerais.com.br\/itajuba\/author\/eitajuba\/\"}]}<\/script>\n<!-- \/ Yoast SEO plugin. -->","yoast_head_json":{"title":"Not\u00edcias do Comando da For\u00e7a Aeronaval da Marinha do Brasil | Encontra Itajub\u00e1","robots":{"index":"index","follow":"follow","max-snippet":"max-snippet:-1","max-image-preview":"max-image-preview:large","max-video-preview":"max-video-preview:-1"},"canonical":"https:\/\/www.encontraminasgerais.com.br\/itajuba\/noticias-do-comando-da-forca-aeronaval-da-marinha-do-brasil\/","og_locale":"pt_BR","og_type":"article","og_title":"Not\u00edcias do Comando da For\u00e7a Aeronaval da Marinha do Brasil | Encontra Itajub\u00e1","og_description":"Fique por dentro das \u00faltimas novidades do Comando da For\u00e7a Aeronaval.","og_url":"https:\/\/www.encontraminasgerais.com.br\/itajuba\/noticias-do-comando-da-forca-aeronaval-da-marinha-do-brasil\/","og_site_name":"Encontra Itajub\u00e1","article_published_time":"2025-11-21T11:50:00+00:00","og_image":[{"url":"https:\/\/www.encontraminasgerais.com.br\/itajuba\/wp-content\/uploads\/2025\/11\/noticias-do-comando-da-forca-aeronaval-da-marinha-do-brasil.webp","type":"","width":"","height":""}],"author":"Encontra Itajub\u00e1","twitter_card":"summary_large_image","twitter_misc":{"Escrito por":"Encontra Itajub\u00e1","Est. tempo de leitura":"10 minutos"},"schema":{"@context":"https:\/\/schema.org","@graph":[{"@type":"WebPage","@id":"https:\/\/www.encontraminasgerais.com.br\/itajuba\/noticias-do-comando-da-forca-aeronaval-da-marinha-do-brasil\/","url":"https:\/\/www.encontraminasgerais.com.br\/itajuba\/noticias-do-comando-da-forca-aeronaval-da-marinha-do-brasil\/","name":"Not\u00edcias do Comando da For\u00e7a Aeronaval da Marinha do Brasil | Encontra Itajub\u00e1","isPartOf":{"@id":"https:\/\/www.encontraminasgerais.com.br\/itajuba\/#website"},"primaryImageOfPage":{"@id":"https:\/\/www.encontraminasgerais.com.br\/itajuba\/noticias-do-comando-da-forca-aeronaval-da-marinha-do-brasil\/#primaryimage"},"image":{"@id":"https:\/\/www.encontraminasgerais.com.br\/itajuba\/noticias-do-comando-da-forca-aeronaval-da-marinha-do-brasil\/#primaryimage"},"thumbnailUrl":"https:\/\/www.encontraminasgerais.com.br\/itajuba\/wp-content\/uploads\/2025\/11\/noticias-do-comando-da-forca-aeronaval-da-marinha-do-brasil.webp","datePublished":"2025-11-21T11:50:00+00:00","author":{"@id":"https:\/\/www.encontraminasgerais.com.br\/itajuba\/#\/schema\/person\/d26674c083ec86b440752843a690de33"},"inLanguage":"pt-BR","potentialAction":[{"@type":"ReadAction","target":["https:\/\/www.encontraminasgerais.com.br\/itajuba\/noticias-do-comando-da-forca-aeronaval-da-marinha-do-brasil\/"]}]},{"@type":"ImageObject","inLanguage":"pt-BR","@id":"https:\/\/www.encontraminasgerais.com.br\/itajuba\/noticias-do-comando-da-forca-aeronaval-da-marinha-do-brasil\/#primaryimage","url":"https:\/\/www.encontraminasgerais.com.br\/itajuba\/wp-content\/uploads\/2025\/11\/noticias-do-comando-da-forca-aeronaval-da-marinha-do-brasil.webp","contentUrl":"https:\/\/www.encontraminasgerais.com.br\/itajuba\/wp-content\/uploads\/2025\/11\/noticias-do-comando-da-forca-aeronaval-da-marinha-do-brasil.webp","width":320,"height":280,"caption":"not\u00edcias do comando da for\u00e7a aeronaval"},{"@type":"WebSite","@id":"https:\/\/www.encontraminasgerais.com.br\/itajuba\/#website","url":"https:\/\/www.encontraminasgerais.com.br\/itajuba\/","name":"Encontra Itajub\u00e1","description":"ENCONTRA ITAJUB\u00c1 - O guia comercial de neg\u00f3cios e empresas, cultura e divers\u00e3o na cidade de Itajub\u00e1. Feito 100% para voc\u00ea morador!","potentialAction":[{"@type":"SearchAction","target":{"@type":"EntryPoint","urlTemplate":"https:\/\/www.encontraminasgerais.com.br\/itajuba\/?s={search_term_string}"},"query-input":{"@type":"PropertyValueSpecification","valueRequired":true,"valueName":"search_term_string"}}],"inLanguage":"pt-BR"},{"@type":"Person","@id":"https:\/\/www.encontraminasgerais.com.br\/itajuba\/#\/schema\/person\/d26674c083ec86b440752843a690de33","name":"Encontra Itajub\u00e1","image":{"@type":"ImageObject","inLanguage":"pt-BR","@id":"https:\/\/www.encontraminasgerais.com.br\/itajuba\/#\/schema\/person\/image\/","url":"https:\/\/secure.gravatar.com\/avatar\/c50c17820bcf322f0a8fd6b110b8c0918141409dc69076470f6fca5fee70a5d4?s=96&d=mm&r=g","contentUrl":"https:\/\/secure.gravatar.com\/avatar\/c50c17820bcf322f0a8fd6b110b8c0918141409dc69076470f6fca5fee70a5d4?s=96&d=mm&r=g","caption":"Encontra Itajub\u00e1"},"url":"https:\/\/www.encontraminasgerais.com.br\/itajuba\/author\/eitajuba\/"}]}},"_links":{"self":[{"href":"https:\/\/www.encontraminasgerais.com.br\/itajuba\/wp-json\/wp\/v2\/posts\/4328","targetHints":{"allow":["GET"]}}],"collection":[{"href":"https:\/\/www.encontraminasgerais.com.br\/itajuba\/wp-json\/wp\/v2\/posts"}],"about":[{"href":"https:\/\/www.encontraminasgerais.com.br\/itajuba\/wp-json\/wp\/v2\/types\/post"}],"author":[{"embeddable":true,"href":"https:\/\/www.encontraminasgerais.com.br\/itajuba\/wp-json\/wp\/v2\/users\/1"}],"replies":[{"embeddable":true,"href":"https:\/\/www.encontraminasgerais.com.br\/itajuba\/wp-json\/wp\/v2\/comments?post=4328"}],"version-history":[{"count":0,"href":"https:\/\/www.encontraminasgerais.com.br\/itajuba\/wp-json\/wp\/v2\/posts\/4328\/revisions"}],"wp:featuredmedia":[{"embeddable":true,"href":"https:\/\/www.encontraminasgerais.com.br\/itajuba\/wp-json\/wp\/v2\/media\/4327"}],"wp:attachment":[{"href":"https:\/\/www.encontraminasgerais.com.br\/itajuba\/wp-json\/wp\/v2\/media?parent=4328"}],"wp:term":[{"taxonomy":"category","embeddable":true,"href":"https:\/\/www.encontraminasgerais.com.br\/itajuba\/wp-json\/wp\/v2\/categories?post=4328"},{"taxonomy":"post_tag","embeddable":true,"href":"https:\/\/www.encontraminasgerais.com.br\/itajuba\/wp-json\/wp\/v2\/tags?post=4328"}],"curies":[{"name":"wp","href":"https:\/\/api.w.org\/{rel}","templated":true}]}}