{"id":4334,"date":"2025-11-22T11:56:00","date_gmt":"2025-11-22T14:56:00","guid":{"rendered":"https:\/\/www.encontraminasgerais.com.br\/itajuba\/adelia-prado\/"},"modified":"2025-11-22T11:56:00","modified_gmt":"2025-11-22T14:56:00","slug":"adelia-prado","status":"publish","type":"post","link":"https:\/\/www.encontraminasgerais.com.br\/itajuba\/adelia-prado\/","title":{"rendered":"AD\u00c9LIA PRADO"},"content":{"rendered":"<h2>A trajet\u00f3ria de Ad\u00e9lia Prado na literatura<\/h2>\n<p>Ad\u00e9lia Prado nasceu em Divin\u00f3polis, Minas Gerais, em 1935, e sua trajet\u00f3ria liter\u00e1ria \u00e9 marcada pela profundidade e pela riqueza de suas obras. Desde muito jovem, Ad\u00e9lia mostrava interesse pela literatura, mas foi na d\u00e9cada de 1970 que seu trabalho come\u00e7ou a ganhar destaque. Em 1976, publicou seu primeiro livro, <em>Bagagens<\/em>, que j\u00e1 revelava sua sensibilidade po\u00e9tica e seu olhar apurado sobre a vida cotidiana e suas nuances.<\/p>\n<p>Ad\u00e9lia Prado n\u00e3o apenas se destacou como poeta, mas tamb\u00e9m como ensa\u00edsta e contista. Com o passar dos anos, sua obra foi se consolidando e adaptando, mas sempre mantendo a ess\u00eancia de sua voz singular. Atrav\u00e9s da sua poesia, \u00e9 poss\u00edvel sentir a for\u00e7a de sua viv\u00eancia, de suas experi\u00eancias e de suas percep\u00e7\u00f5es sobre o mundo. Sua forma\u00e7\u00e3o teol\u00f3gica e profunda reflex\u00e3o filos\u00f3fica conferem aos seus textos uma densidade que cativa os leitores.<\/p>\n<p>A autora tamb\u00e9m enfrentou desafios relacionados ao seu papel de mulher no meio liter\u00e1rio, um espa\u00e7o historicamente dominado por homens. Contudo, Ad\u00e9lia n\u00e3o apenas ocupou esse espa\u00e7o, mas tamb\u00e9m o reinventou, trazendo a perspectiva feminina para as suas escritas. Ela aborda a maternidade, a espiritualidade e a complexidade das rela\u00e7\u00f5es humanas com uma leveza que a caracteriza. At\u00e9 hoje, suas obras s\u00e3o essenciais para a compreens\u00e3o da literatura contempor\u00e2nea brasileira.<\/p>\n<p><img decoding=\"async\" src=\"https:\/\/www.encontraminasgerais.com.br\/itajuba\/wp-content\/uploads\/2025\/12\/adelia-prado.webp\" alt=\"AD\u00c9LIA PRADO\" loading=\"lazy\" \/><\/p>\n<h2>Os temas centrais na obra de Ad\u00e9lia<\/h2>\n<p>Os temas presentes na obra de Ad\u00e9lia Prado s\u00e3o vastos e variados, mas alguns se destacam e se repetem em diferentes livros. Entre os principais, podemos mencionar a espiritualidade, a condi\u00e7\u00e3o feminina, a passagem do tempo e a rela\u00e7\u00e3o com a natureza. A espiritualidade \u00e9 um dos pilares centrais de sua obra. A autora muitas vezes faz refer\u00eancias ao sagrado e ao religioso, entrela\u00e7ando a experi\u00eancia cotidiana com a divindade. O cotidiano se mistura com o m\u00edstico em sua poesia, mostrando que o sagrado pode ser encontrado nas pequenas coisas da vida.<\/p>\n<p>A condi\u00e7\u00e3o feminina \u00e9 outro tema central em sua obra. Ad\u00e9lia Prado explora a maternidade, o amor e a vulnerabilidade da mulher, criando uma narrativa que \u00e9 tanto pessoal quanto universal. A mulher em seus poemas \u00e9 forte, mas tamb\u00e9m apresenta fragilidades, d\u00favidas e anseios. As mulheres que Ad\u00e9lia retrata t\u00eam vozes poderosas que ecoam e ressoam com as experi\u00eancias de muitas leitoras.<\/p>\n<p>O tempo, por sua vez, \u00e9 abordado de maneira profunda e reflexiva. Ad\u00e9lia nos faz perceber sua passagem, com a consci\u00eancia de que a vida \u00e9 ef\u00eamera. Sua obra muitas vezes reflete sobre o valor do presente e a import\u00e2ncia de viver intensamente cada momento, pois o futuro \u00e9 incerto. A rela\u00e7\u00e3o com a natureza tamb\u00e9m \u00e9 frequente, tornando-se um s\u00edmbolo de renova\u00e7\u00e3o e de esperan\u00e7a. Ad\u00e9lia utiliza imagens da natureza para expressar sentimentos humanos complexos, refor\u00e7ando a conex\u00e3o entre o ser humano e o universo.<\/p>\n<h2>A rela\u00e7\u00e3o da poesia com a espiritualidade<\/h2>\n<p>A poesia de Ad\u00e9lia Prado \u00e9 impregnada de uma rica espiritualidade que a distingue no cen\u00e1rio liter\u00e1rio brasileiro. Sua forma\u00e7\u00e3o como professora de literatura e seu interesse pela teologia refletem-se em seus poemas, onde frequentemente aborda temas de f\u00e9, d\u00favida e transcend\u00eancia. Ela convida o leitor a refletir sobre a presen\u00e7a de Deus na vida cotidiana, buscando o sagrado em momentos simples e aparentemente banais.<\/p>\n<p>Os poemas de Ad\u00e9lia s\u00e3o marcados por um di\u00e1logo constante entre o sagrado e o profano. Essa dualidade ressalta a ideia de que a espiritualidade n\u00e3o se limita aos ambientes religiosos, mas pode ser encontrada em todos os aspectos da vida. Em suas obras, a autora, por exemplo, reflete sobre a presen\u00e7a divina nos pequenos detalhes do cotidiano, como uma flor que desabrocha ou o cheiro de caf\u00e9 fresco pela manh\u00e3. Essa abordagem torna sua poesia acess\u00edvel e profundamente ressonante.<\/p>\n<p>A espiritualidade em sua obra n\u00e3o \u00e9 dogm\u00e1tica, pelo contr\u00e1rio, revela um espa\u00e7o de questionamento, busca e introspec\u00e7\u00e3o. Ad\u00e9lia explora a d\u00favida, a inseguran\u00e7a e a fragilidade humana, fazendo com que o leitor se sinta pr\u00f3ximo de suas preocupa\u00e7\u00f5es. Essa perspectiva representa uma busca por significado em meio ao caos da vida, o que a torna uma voz relevante para muitos que buscam compreender suas pr\u00f3prias experi\u00eancias espirituais.<\/p>\n<h2>Ad\u00e9lia Prado e sua conex\u00e3o com Minas Gerais<\/h2>\n<p>A conex\u00e3o de Ad\u00e9lia Prado com Minas Gerais \u00e9 uma parte importante de sua identidade como escritora. O estado, com suas belezas naturais, tradi\u00e7\u00f5es e cultura, est\u00e1 presente em muitas de suas obras, enriquecendo sua poesia e proporcionando um sentido de lugar \u00fanico. A paisagem mineira, com suas montanhas e vales, serve como pano de fundo para muitos de seus poemas, onde elementos naturais s\u00e3o utilizados para expressar emo\u00e7\u00f5es e reflex\u00f5es profundas.<\/p>\n<p>Ad\u00e9lia n\u00e3o apenas retrata a geografia de Minas, mas tamb\u00e9m sua cultura rica e diversificada. As artes, as festas populares, a gastronomia e as tradi\u00e7\u00f5es locais d\u00e3o voz aos seus personagens e \u00e0s suas narrativas. A poesia de Ad\u00e9lia \u00e9 impregnada com um senso de perten\u00e7a \u00e0 sua terra natal, ao mesmo tempo em que reflete sobre suas experi\u00eancias pessoais e universais.<\/p>\n<p>Al\u00e9m disso, a linguagem utilizada por Ad\u00e9lia Prado possui caracter\u00edsticas marcantes que refletem a musicalidade da fala mineira. O jeito de expressar sentimentos e pensamentos presentes em seus poemas pode ser visto como uma homenagem \u00e0 maneira peculiar como os mineiros se comunicam, com simplicidade e profundidade.<\/p>\n<h2>O impacto da juventude na cria\u00e7\u00e3o po\u00e9tica<\/h2>\n<p>A juventude de Ad\u00e9lia Prado \u00e9 marcada por uma intensa busca de identidade e autoconhecimento, processos que influenciaram diretamente sua obra. A jovem Ad\u00e9lia, em seus textos, \u00e9 como uma explora\u00e7\u00e3o de experi\u00eancias emocionais e sentimentos que refletem suas descobertas pessoais. Esse per\u00edodo de forma\u00e7\u00e3o \u00e9 fundamental para compreendermos a riqueza l\u00edrica que se manifesta em seus poemas.<\/p>\n<p>Na adolesc\u00eancia e no in\u00edcio da juventude, Ad\u00e9lia come\u00e7ou a escrever e a se interessar pela literatura, momento em que sua sensibilidade po\u00e9tica come\u00e7ou a florescer. Esse despertar art\u00edstico foi influenciado por diversas leituras e pela conviv\u00eancia com a cultura local, que a ajudaram a desenvolver seu estilo \u00fanico. Os desafios da juventude, as incertezas e as alegrias, todas essas experi\u00eancias s\u00e3o capturadas em sua obra, proporcionando um espa\u00e7o onde os leitores podem se identificar e refletir.<\/p>\n<p>A forma como Ad\u00e9lia lida com os sentimentos e a mem\u00f3ria de sua juventude \u00e9 not\u00e1vel. Em muitos dos seus poemas, ela revisita seus momentos de inseguran\u00e7a, de descoberta e de amor, criando uma atmosfera de nostalgia que ressoa profundamente com o leitor. Essa uni\u00e3o entre experi\u00eancias de vida e poesia tem um impacto emocional forte, pois permite que os leitores se conectem com sua ess\u00eancia, compreendendo as vulnerabilidades que todos enfrentam, em especial durante a juventude.<\/p>\n<h2>O simbolismo do Jardim das Oliveiras<\/h2>\n<p>O t\u00edtulo de sua mais recente obra, <em>O Jardim das Oliveiras<\/em>, carrega um simbolismo profundo que remete a quest\u00f5es espirituais e existenciais. O Jardim das Oliveiras \u00e9 um local sagrado, onde Jesus orou e enfrentou suas ang\u00fastias antes de sua crucifica\u00e7\u00e3o. Essa simbologia serve como uma poderosa met\u00e1fora para explorar os pr\u00f3prios medos, incertezas e fragilidades humanas.<\/p>\n<p>Ad\u00e9lia utiliza o simbolismo do jardim para evocar a ideia de acolhimento e de reflex\u00f5es sobre a vida e a morte. \u00c9 um espa\u00e7o onde a transforma\u00e7\u00e3o, o crescimento e a cura podem ocorrer. A oliveira, planta resistente e duradoura, simboliza a paz e a reconcilia\u00e7\u00e3o, enquanto o jardim se torna um espa\u00e7o de contempla\u00e7\u00e3o e introspec\u00e7\u00e3o.<\/p>\n<p>Os poemas contidos nesta obra s\u00e3o uma profunda explora\u00e7\u00e3o do ser humano em busca de sentido e reden\u00e7\u00e3o. Ad\u00e9lia mescla o sagrado ao cotidiano, refletindo sobre a fragilidade da vida e a for\u00e7a do amor. Essa abordagem proporciona um entendimento significativo, onde o leitor \u00e9 convidado a meditar sobre sua pr\u00f3pria experi\u00eancia de vida, suas escolhas e seus anseios.<\/p>\n<h2>Como Ad\u00e9lia aborda a condi\u00e7\u00e3o feminina<\/h2>\n<p>Ad\u00e9lia Prado \u00e9 uma das vozes femininas mais influentes da literatura brasileira e sua obra explora amplamente a condi\u00e7\u00e3o feminina. Desde o in\u00edcio de sua carreira, Ad\u00e9lia deu voz a mulheres que, como ela, enfrentam a complexidade e a dualidade de serem m\u00e3es, filhas e profissionais. Seus poemas abordam quest\u00f5es de maternidade, amor, desejos e as lutas cotidianas que as mulheres enfrentam, revelando uma intimidade que ressoa com leitoras de gera\u00e7\u00f5es distintas.<\/p>\n<p>Ad\u00e9lia n\u00e3o se limita a apresentar a mulher apenas como uma figura vulner\u00e1vel ou conformista. Em seus textos, ela retrata mulheres que s\u00e3o poderosas, que lutam por seus sonhos e que buscam se afirmar em um mundo que muitas vezes \u00e9 hostil. Cada verso \u00e9 como um lembrete de que a for\u00e7a feminina \u00e9 intr\u00ednseca e necess\u00e1ria. Nessas representa\u00e7\u00f5es, ela transforma a fragilidade em for\u00e7a, mostrando que a vulnerabilidade pode ser um ponto de partida para a resili\u00eancia.<\/p>\n<p>Essa abordagem feminista, embora n\u00e3o expl\u00edcita, \u00e9 uma caracter\u00edstica marcante da obra de Ad\u00e9lia, que permite \u00e0s mulheres se sentirem vistas e ouvidas. Em uma sociedade onde a voz feminina ainda enfrenta desafios, a obra de Ad\u00e9lia se destaca como uma afirma\u00e7\u00e3o da experi\u00eancia das mulheres, destacando suas complexidades, suas vit\u00f3rias e suas dores.<\/p>\n<h2>A import\u00e2ncia do tempo em sua obra<\/h2>\n<p>O tempo \u00e9 uma constante na obra de Ad\u00e9lia Prado, manifestando-se de v\u00e1rias maneiras nos diversos poemas que comp\u00f5em seu trabalho. A autora apresenta o tempo n\u00e3o apenas como uma linha cronol\u00f3gica, mas como uma experi\u00eancia emocional que influencia a vida humana. Sua reflex\u00e3o sobre o tempo leva o leitor a meditar sobre a efemeridade da vida e a valoriza\u00e7\u00e3o dos momentos presentes.<\/p>\n<p>Ad\u00e9lia explora a passagem do tempo na rela\u00e7\u00e3o interpessoal, nos ciclos da vida e nas mem\u00f3rias que moldam a identidade. A nostalgia permeia sua poesia, revelando um desejo de relembrar, de acolher a pr\u00f3pria hist\u00f3ria e os la\u00e7os afetivos. A forma como ela retrata eventos passados demonstram uma compreens\u00e3o profunda de que a vida \u00e9 feita de pequenas experi\u00eancias que t\u00eam um impacto imenso na forma\u00e7\u00e3o do ser.<\/p>\n<p>Al\u00e9m disso, a maneira como a autora fala sobre o tempo reflete um entendimento de que a maturidade traz consigo uma mudan\u00e7a de perspectiva. Quando se enfrenta a finitude, a prioriza\u00e7\u00e3o do amor e do perd\u00e3o se torna evidente. Essa reflex\u00e3o e observa\u00e7\u00e3o da passagem do tempo trazem um significado de urg\u00eancia e intencionalidade, ressaltando a import\u00e2ncia de viver os momentos e de estar presente para aqueles que amamos.<\/p>\n<h2>An\u00e1lise de seus poemas mais impactantes<\/h2>\n<p>A obra de Ad\u00e9lia Prado \u00e9 rica em poemas que tocam o cora\u00e7\u00e3o e despertam reflex\u00f5es profundas. Alguns de seus poemas mais impactantes incluem <em>&#8216;A M\u00e3e&#8217;<\/em>, <em>&#8216;A Mulher que Pensa&#8217;<\/em>, e <em>&#8216;Ora\u00e7\u00e3o&#8217;<\/em>, que exemplificam bem sua capacidade de unir o tema da espiritualidade com as complexidades da vida cotidiana.<\/p>\n<p>No poema <em>&#8216;A M\u00e3e&#8217;<\/em>, a autora captura a ess\u00eancia da maternidade, com suas nuances de amor, sacrif\u00edcio e vulnerabilidade. Ad\u00e9lia aborda a experi\u00eancia de ser m\u00e3e e os desafios que isso acarreta, criando uma conex\u00e3o emocional que ressoa fortemente. A figura materna em seus poemas \u00e9 portrayed como uma das for\u00e7as mais poderosas da experi\u00eancia humana.<\/p>\n<p>Em <em>&#8216;A Mulher que Pensa&#8217;<\/em>, Ad\u00e9lia reflete sobre a condi\u00e7\u00e3o feminina e a luta pela autodetermina\u00e7\u00e3o. Este poema se torna um hino \u00e0 liberdade, \u00e0 busca de espa\u00e7o na sociedade e ao reconhecimento do valor da mulher. Atrav\u00e9s dele, lemos n\u00e3o apenas sobre o desejo de afirma\u00e7\u00e3o, mas tamb\u00e9m sobre a luta interna que muitas mulheres enfrentam ao longo da vida.<\/p>\n<p>O poema <em>&#8216;Ora\u00e7\u00e3o&#8217;<\/em> \u00e9 um exemplo maravilhoso da rela\u00e7\u00e3o entre o sagrado e o cotidiano. A profundidade espiritual \u00e9 expl\u00edcita, e a forma como Ad\u00e9lia dialoga com Deus \u00e9 ao mesmo tempo reverente e \u00edntima, oferecendo um vislumbre de suas inquieta\u00e7\u00f5es e de sua busca por respostas.<\/p>\n<h2>A relev\u00e2ncia de Ad\u00e9lia nos dias atuais<\/h2>\n<p>A import\u00e2ncia de Ad\u00e9lia Prado transcende sua \u00e9poca e continua a se fazer sentir na contemporaneidade. Em tempos de inquieta\u00e7\u00f5es sociais, mudan\u00e7as e desafios, sua obra se apresenta como um ref\u00fagio de sensibilidade e poesia. Ad\u00e9lia aborda quest\u00f5es que ainda s\u00e3o recorrentes, como a luta pela equidade, a busca por identidade e significado, e a necessidade de conex\u00e3o espiritual.<\/p>\n<p>Seu olhar para a condi\u00e7\u00e3o feminina ressoa com os debates atuais sobre g\u00eanero, empoderamento e as experi\u00eancias das mulheres na sociedade. Atrav\u00e9s de sua poesia, Ad\u00e9lia oferece um espa\u00e7o de acolhimento, permitindo que as leitoras se sintam representadas e validando suas viv\u00eancias. Seu trabalho inspira novas gera\u00e7\u00f5es de escritoras a explorarem suas vozes e suas hist\u00f3rias.<\/p>\n<p>Al\u00e9m disso, a rela\u00e7\u00e3o entre o cotidiano e o sagrado em sua obra nos convida a refletir sobre as nossas pr\u00f3prias vidas. Em uma era marcada pelo distanciamento emocional e pela individualidade, Ad\u00e9lia nos lembra da import\u00e2ncia de estarmos presentes, de valorizarmos as conex\u00f5es humanas e o sentido em nossas vidas. Atrav\u00e9s da sua poesia, ela nos oferece um caminho para a introspec\u00e7\u00e3o e a reflex\u00e3o.<\/p>\n","protected":false},"excerpt":{"rendered":"<p>AD\u00c9LIA PRADO revela uma nova perspectiva po\u00e9tica sobre vida e espiritualidade.<\/p>\n","protected":false},"author":1,"featured_media":4333,"comment_status":"open","ping_status":"open","sticky":false,"template":"","format":"standard","meta":{"footnotes":""},"categories":[5],"tags":[],"class_list":["post-4334","post","type-post","status-publish","format-standard","has-post-thumbnail","hentry","category-noticias","has_thumb"],"yoast_head":"<!-- This site is optimized with the Yoast SEO plugin v26.3 - https:\/\/yoast.com\/wordpress\/plugins\/seo\/ -->\n<title>AD\u00c9LIA PRADO | Encontra Itajub\u00e1<\/title>\n<meta name=\"robots\" content=\"index, follow, max-snippet:-1, max-image-preview:large, max-video-preview:-1\" \/>\n<link rel=\"canonical\" href=\"https:\/\/www.encontraminasgerais.com.br\/itajuba\/adelia-prado\/\" \/>\n<meta property=\"og:locale\" content=\"pt_BR\" \/>\n<meta property=\"og:type\" content=\"article\" \/>\n<meta property=\"og:title\" content=\"AD\u00c9LIA PRADO | Encontra Itajub\u00e1\" \/>\n<meta property=\"og:description\" content=\"AD\u00c9LIA PRADO revela uma nova perspectiva po\u00e9tica sobre vida e espiritualidade.\" \/>\n<meta property=\"og:url\" content=\"https:\/\/www.encontraminasgerais.com.br\/itajuba\/adelia-prado\/\" \/>\n<meta property=\"og:site_name\" content=\"Encontra Itajub\u00e1\" \/>\n<meta property=\"article:published_time\" content=\"2025-11-22T14:56:00+00:00\" \/>\n<meta property=\"og:image\" content=\"https:\/\/www.encontraminasgerais.com.br\/itajuba\/wp-content\/uploads\/2025\/12\/adelia-prado.webp\" \/>\n<meta name=\"author\" content=\"Encontra Itajub\u00e1\" \/>\n<meta name=\"twitter:card\" content=\"summary_large_image\" \/>\n<meta name=\"twitter:label1\" content=\"Escrito por\" \/>\n\t<meta name=\"twitter:data1\" content=\"Encontra Itajub\u00e1\" \/>\n\t<meta name=\"twitter:label2\" content=\"Est. tempo de leitura\" \/>\n\t<meta name=\"twitter:data2\" content=\"12 minutos\" \/>\n<script type=\"application\/ld+json\" class=\"yoast-schema-graph\">{\"@context\":\"https:\/\/schema.org\",\"@graph\":[{\"@type\":\"WebPage\",\"@id\":\"https:\/\/www.encontraminasgerais.com.br\/itajuba\/adelia-prado\/\",\"url\":\"https:\/\/www.encontraminasgerais.com.br\/itajuba\/adelia-prado\/\",\"name\":\"AD\u00c9LIA PRADO | Encontra Itajub\u00e1\",\"isPartOf\":{\"@id\":\"https:\/\/www.encontraminasgerais.com.br\/itajuba\/#website\"},\"primaryImageOfPage\":{\"@id\":\"https:\/\/www.encontraminasgerais.com.br\/itajuba\/adelia-prado\/#primaryimage\"},\"image\":{\"@id\":\"https:\/\/www.encontraminasgerais.com.br\/itajuba\/adelia-prado\/#primaryimage\"},\"thumbnailUrl\":\"https:\/\/www.encontraminasgerais.com.br\/itajuba\/wp-content\/uploads\/2025\/12\/adelia-prado.webp\",\"datePublished\":\"2025-11-22T14:56:00+00:00\",\"author\":{\"@id\":\"https:\/\/www.encontraminasgerais.com.br\/itajuba\/#\/schema\/person\/d26674c083ec86b440752843a690de33\"},\"inLanguage\":\"pt-BR\",\"potentialAction\":[{\"@type\":\"ReadAction\",\"target\":[\"https:\/\/www.encontraminasgerais.com.br\/itajuba\/adelia-prado\/\"]}]},{\"@type\":\"ImageObject\",\"inLanguage\":\"pt-BR\",\"@id\":\"https:\/\/www.encontraminasgerais.com.br\/itajuba\/adelia-prado\/#primaryimage\",\"url\":\"https:\/\/www.encontraminasgerais.com.br\/itajuba\/wp-content\/uploads\/2025\/12\/adelia-prado.webp\",\"contentUrl\":\"https:\/\/www.encontraminasgerais.com.br\/itajuba\/wp-content\/uploads\/2025\/12\/adelia-prado.webp\",\"width\":320,\"height\":280,\"caption\":\"AD\u00c9LIA PRADO\"},{\"@type\":\"WebSite\",\"@id\":\"https:\/\/www.encontraminasgerais.com.br\/itajuba\/#website\",\"url\":\"https:\/\/www.encontraminasgerais.com.br\/itajuba\/\",\"name\":\"Encontra Itajub\u00e1\",\"description\":\"ENCONTRA ITAJUB\u00c1 - O guia comercial de neg\u00f3cios e empresas, cultura e divers\u00e3o na cidade de Itajub\u00e1. Feito 100% para voc\u00ea morador!\",\"potentialAction\":[{\"@type\":\"SearchAction\",\"target\":{\"@type\":\"EntryPoint\",\"urlTemplate\":\"https:\/\/www.encontraminasgerais.com.br\/itajuba\/?s={search_term_string}\"},\"query-input\":{\"@type\":\"PropertyValueSpecification\",\"valueRequired\":true,\"valueName\":\"search_term_string\"}}],\"inLanguage\":\"pt-BR\"},{\"@type\":\"Person\",\"@id\":\"https:\/\/www.encontraminasgerais.com.br\/itajuba\/#\/schema\/person\/d26674c083ec86b440752843a690de33\",\"name\":\"Encontra Itajub\u00e1\",\"image\":{\"@type\":\"ImageObject\",\"inLanguage\":\"pt-BR\",\"@id\":\"https:\/\/www.encontraminasgerais.com.br\/itajuba\/#\/schema\/person\/image\/\",\"url\":\"https:\/\/secure.gravatar.com\/avatar\/c50c17820bcf322f0a8fd6b110b8c0918141409dc69076470f6fca5fee70a5d4?s=96&d=mm&r=g\",\"contentUrl\":\"https:\/\/secure.gravatar.com\/avatar\/c50c17820bcf322f0a8fd6b110b8c0918141409dc69076470f6fca5fee70a5d4?s=96&d=mm&r=g\",\"caption\":\"Encontra Itajub\u00e1\"},\"url\":\"https:\/\/www.encontraminasgerais.com.br\/itajuba\/author\/eitajuba\/\"}]}<\/script>\n<!-- \/ Yoast SEO plugin. -->","yoast_head_json":{"title":"AD\u00c9LIA PRADO | Encontra Itajub\u00e1","robots":{"index":"index","follow":"follow","max-snippet":"max-snippet:-1","max-image-preview":"max-image-preview:large","max-video-preview":"max-video-preview:-1"},"canonical":"https:\/\/www.encontraminasgerais.com.br\/itajuba\/adelia-prado\/","og_locale":"pt_BR","og_type":"article","og_title":"AD\u00c9LIA PRADO | Encontra Itajub\u00e1","og_description":"AD\u00c9LIA PRADO revela uma nova perspectiva po\u00e9tica sobre vida e espiritualidade.","og_url":"https:\/\/www.encontraminasgerais.com.br\/itajuba\/adelia-prado\/","og_site_name":"Encontra Itajub\u00e1","article_published_time":"2025-11-22T14:56:00+00:00","og_image":[{"url":"https:\/\/www.encontraminasgerais.com.br\/itajuba\/wp-content\/uploads\/2025\/12\/adelia-prado.webp","type":"","width":"","height":""}],"author":"Encontra Itajub\u00e1","twitter_card":"summary_large_image","twitter_misc":{"Escrito por":"Encontra Itajub\u00e1","Est. tempo de leitura":"12 minutos"},"schema":{"@context":"https:\/\/schema.org","@graph":[{"@type":"WebPage","@id":"https:\/\/www.encontraminasgerais.com.br\/itajuba\/adelia-prado\/","url":"https:\/\/www.encontraminasgerais.com.br\/itajuba\/adelia-prado\/","name":"AD\u00c9LIA PRADO | Encontra Itajub\u00e1","isPartOf":{"@id":"https:\/\/www.encontraminasgerais.com.br\/itajuba\/#website"},"primaryImageOfPage":{"@id":"https:\/\/www.encontraminasgerais.com.br\/itajuba\/adelia-prado\/#primaryimage"},"image":{"@id":"https:\/\/www.encontraminasgerais.com.br\/itajuba\/adelia-prado\/#primaryimage"},"thumbnailUrl":"https:\/\/www.encontraminasgerais.com.br\/itajuba\/wp-content\/uploads\/2025\/12\/adelia-prado.webp","datePublished":"2025-11-22T14:56:00+00:00","author":{"@id":"https:\/\/www.encontraminasgerais.com.br\/itajuba\/#\/schema\/person\/d26674c083ec86b440752843a690de33"},"inLanguage":"pt-BR","potentialAction":[{"@type":"ReadAction","target":["https:\/\/www.encontraminasgerais.com.br\/itajuba\/adelia-prado\/"]}]},{"@type":"ImageObject","inLanguage":"pt-BR","@id":"https:\/\/www.encontraminasgerais.com.br\/itajuba\/adelia-prado\/#primaryimage","url":"https:\/\/www.encontraminasgerais.com.br\/itajuba\/wp-content\/uploads\/2025\/12\/adelia-prado.webp","contentUrl":"https:\/\/www.encontraminasgerais.com.br\/itajuba\/wp-content\/uploads\/2025\/12\/adelia-prado.webp","width":320,"height":280,"caption":"AD\u00c9LIA PRADO"},{"@type":"WebSite","@id":"https:\/\/www.encontraminasgerais.com.br\/itajuba\/#website","url":"https:\/\/www.encontraminasgerais.com.br\/itajuba\/","name":"Encontra Itajub\u00e1","description":"ENCONTRA ITAJUB\u00c1 - O guia comercial de neg\u00f3cios e empresas, cultura e divers\u00e3o na cidade de Itajub\u00e1. Feito 100% para voc\u00ea morador!","potentialAction":[{"@type":"SearchAction","target":{"@type":"EntryPoint","urlTemplate":"https:\/\/www.encontraminasgerais.com.br\/itajuba\/?s={search_term_string}"},"query-input":{"@type":"PropertyValueSpecification","valueRequired":true,"valueName":"search_term_string"}}],"inLanguage":"pt-BR"},{"@type":"Person","@id":"https:\/\/www.encontraminasgerais.com.br\/itajuba\/#\/schema\/person\/d26674c083ec86b440752843a690de33","name":"Encontra Itajub\u00e1","image":{"@type":"ImageObject","inLanguage":"pt-BR","@id":"https:\/\/www.encontraminasgerais.com.br\/itajuba\/#\/schema\/person\/image\/","url":"https:\/\/secure.gravatar.com\/avatar\/c50c17820bcf322f0a8fd6b110b8c0918141409dc69076470f6fca5fee70a5d4?s=96&d=mm&r=g","contentUrl":"https:\/\/secure.gravatar.com\/avatar\/c50c17820bcf322f0a8fd6b110b8c0918141409dc69076470f6fca5fee70a5d4?s=96&d=mm&r=g","caption":"Encontra Itajub\u00e1"},"url":"https:\/\/www.encontraminasgerais.com.br\/itajuba\/author\/eitajuba\/"}]}},"_links":{"self":[{"href":"https:\/\/www.encontraminasgerais.com.br\/itajuba\/wp-json\/wp\/v2\/posts\/4334","targetHints":{"allow":["GET"]}}],"collection":[{"href":"https:\/\/www.encontraminasgerais.com.br\/itajuba\/wp-json\/wp\/v2\/posts"}],"about":[{"href":"https:\/\/www.encontraminasgerais.com.br\/itajuba\/wp-json\/wp\/v2\/types\/post"}],"author":[{"embeddable":true,"href":"https:\/\/www.encontraminasgerais.com.br\/itajuba\/wp-json\/wp\/v2\/users\/1"}],"replies":[{"embeddable":true,"href":"https:\/\/www.encontraminasgerais.com.br\/itajuba\/wp-json\/wp\/v2\/comments?post=4334"}],"version-history":[{"count":0,"href":"https:\/\/www.encontraminasgerais.com.br\/itajuba\/wp-json\/wp\/v2\/posts\/4334\/revisions"}],"wp:featuredmedia":[{"embeddable":true,"href":"https:\/\/www.encontraminasgerais.com.br\/itajuba\/wp-json\/wp\/v2\/media\/4333"}],"wp:attachment":[{"href":"https:\/\/www.encontraminasgerais.com.br\/itajuba\/wp-json\/wp\/v2\/media?parent=4334"}],"wp:term":[{"taxonomy":"category","embeddable":true,"href":"https:\/\/www.encontraminasgerais.com.br\/itajuba\/wp-json\/wp\/v2\/categories?post=4334"},{"taxonomy":"post_tag","embeddable":true,"href":"https:\/\/www.encontraminasgerais.com.br\/itajuba\/wp-json\/wp\/v2\/tags?post=4334"}],"curies":[{"name":"wp","href":"https:\/\/api.w.org\/{rel}","templated":true}]}}