{"id":4353,"date":"2025-11-26T06:12:00","date_gmt":"2025-11-26T09:12:00","guid":{"rendered":"https:\/\/www.encontraminasgerais.com.br\/itajuba\/linhas-interestaduais-serao-encerradas-nesta-quarta\/"},"modified":"2025-11-26T06:12:00","modified_gmt":"2025-11-26T09:12:00","slug":"linhas-interestaduais-serao-encerradas-nesta-quarta","status":"publish","type":"post","link":"https:\/\/www.encontraminasgerais.com.br\/itajuba\/linhas-interestaduais-serao-encerradas-nesta-quarta\/","title":{"rendered":"Linhas interestaduais ser\u00e3o encerradas nesta quarta"},"content":{"rendered":"<h2>Mudan\u00e7as no transporte rodovi\u00e1rio<\/h2>\n<p>Recentemente, o transporte rodovi\u00e1rio no Brasil passou por uma mudan\u00e7a significativa, com o encerramento de linhas de \u00f4nibus interestaduais operadas pela Via\u00e7\u00e3o Santa Cruz, que afetam diretamente as viagens entre o Sul de Minas e o estado de S\u00e3o Paulo. Essas altera\u00e7\u00f5es s\u00e3o reflexo de uma din\u00e2mica complexa que envolve o setor de transporte p\u00fablico no pa\u00eds, especialmente em tempos de mudan\u00e7as econ\u00f4micas e sociais.<\/p>\n<p>O fechamento de linhas de \u00f4nibus pode ser considerado um sinal de transforma\u00e7\u00e3o no setor, que enfrenta desafios como a necessidade de adequar frota \u00e0s novas exig\u00eancias de seguran\u00e7a e conforto, al\u00e9m de atender \u00e0 demanda por rotas e hor\u00e1rios que se ajustem ao fluxo de passageiros. Com a desativa\u00e7\u00e3o das linhas S\u00e3o Louren\u00e7o (MG) x S\u00e3o Paulo (SP) e S\u00e3o Louren\u00e7o (MG) x Campinas (SP), a Via\u00e7\u00e3o Santa Cruz precisa responder \u00e0s expectativas de mobilidade regional, criando novos trajetos que atendam melhor \u00e0 popula\u00e7\u00e3o.<\/p>\n<p>Essas mudan\u00e7as trazem \u00e0 tona quest\u00f5es importantes sobre a acessibilidade e conectividade entre as diferentes regi\u00f5es do Brasil. O transporte rodovi\u00e1rio \u00e9 vital, n\u00e3o apenas para a mobilidade dos cidad\u00e3os, mas tamb\u00e9m para o desenvolvimento econ\u00f4mico local e regional. A interrup\u00e7\u00e3o de linhas pode dificultar o acesso a servi\u00e7os essenciais e comprometer a economia de cidades que dependem da circula\u00e7\u00e3o de pessoas e mercadorias.<\/p>\n<p><img decoding=\"async\" src=\"https:\/\/www.encontraminasgerais.com.br\/itajuba\/wp-content\/uploads\/2025\/12\/linhas-interestaduais-serao-encerradas-nesta-quarta.webp\" alt=\"linhas interestaduais\" loading=\"lazy\" \/><\/p>\n<h2>Impacto para os passageiros<\/h2>\n<p>A interrup\u00e7\u00e3o das linhas de \u00f4nibus gerou imediatas preocupa\u00e7\u00f5es entre os passageiros. Para muitos, essas rotas n\u00e3o eram apenas meios de transporte, mas sim caminhos para visitar familiares, realizar estudos ou mesmo buscar novas oportunidades de trabalho. Com o fim dessas linhas, muitos usu\u00e1rios se veem desafiados a buscar alternativas, que nem sempre s\u00e3o pr\u00e1ticas ou acess\u00edveis.<\/p>\n<p>Uma das principais preocupa\u00e7\u00f5es tem sido o aumento no custo das viagens. Quando n\u00e3o h\u00e1 alternativas diretas, os passageiros podem ter que optar por segmentos de viagem mais longos, que envolvem m\u00faltiplas conex\u00f5es, o que gera um aumento n\u00e3o apenas no tempo de deslocamento, mas tamb\u00e9m nas despesas com transporte. Essa realidade pode ser particularmente impactante para os estudantes e trabalhadores que necessitam se deslocar diariamente entre as cidades.<\/p>\n<p>Al\u00e9m disso, o sentido de pertencimento e a facilidade de conectar-se com a vizinhan\u00e7a s\u00e3o afetados. O fechamento de linhas diminui as op\u00e7\u00f5es de intera\u00e7\u00e3o social e comercial, enfraquecendo a rede de relacionamentos que sustenta a vida social e econ\u00f4mica do Sul de Minas. Esse \u00e9 um ponto crucial, pois a mobilidade urbana \u00e9 um direito, e sua restri\u00e7\u00e3o pode gerar exclus\u00e3o social.<\/p>\n<h2>Motivos para o encerramento das linhas<\/h2>\n<p>A Via\u00e7\u00e3o Santa Cruz, em seu comunicado, n\u00e3o especificou os motivos exatos para o encerramento das linhas, mas diversas quest\u00f5es podem estar em jogo. Primeiramente, o impacto financeiro que a pandemia de COVID-19 teve sobre o setor de transportes n\u00e3o pode ser subestimado. Muitas empresas enfrentaram dificuldades financeiras, levando \u00e0 reestrutura\u00e7\u00e3o de suas opera\u00e7\u00f5es.<\/p>\n<p>Outro fator que pode ter influenciado essa decis\u00e3o \u00e9 a baixa demanda para essas rotas espec\u00edficas. Se em um determinado momento n\u00e3o h\u00e1 passageiros suficientes para justificar a opera\u00e7\u00e3o de uma linha, a empresa pode optar por encerr\u00e1-la em busca de maior viabilidade econ\u00f4mica. \u00c9 importante analisar essas decis\u00f5es dentro de um contexto mais amplo, onde a efici\u00eancia e a sustentabilidade financeira s\u00e3o cada vez mais cruciais para as empresas.<\/p>\n<p>Al\u00e9m disso, as mudan\u00e7as nas pol\u00edticas de transporte e na regulamenta\u00e7\u00e3o do setor por parte da Ag\u00eancia Nacional de Transportes Terrestres (ANTT) podem influenciar a decis\u00e3o de operadores. A necessidade de ajustar frota e hor\u00e1rios, bem como cumprir legisla\u00e7\u00f5es em muta\u00e7\u00e3o, pode levar empresas a reavaliar suas linhas ativas e focar em trechos que gerem mais lucro ou que estejam de acordo com as novas exig\u00eancias.<\/p>\n<h2>Alternativas de transporte dispon\u00edveis<\/h2>\n<p>Com o encerramento das linhas que ligavam o Sul de Minas a S\u00e3o Paulo, os passageiros se viram obrigados a procurar alternativas. Existem outras op\u00e7\u00f5es de transporte dispon\u00edveis, embora possam n\u00e3o ser t\u00e3o diretas ou convenientes. Por exemplo, servi\u00e7os de vans e carros particulares podem oferecer um meio alternativo de transporte, mas \u00e9 importante considerar que esses m\u00e9todos tendem a ser mais custosos.<\/p>\n<p>Outra alternativa \u00e9 o uso de aplicativos de transporte ou caronas, que podem proporcionar uma viagem direta, embora tamb\u00e9m apresentem varia\u00e7\u00f5es de custo, dependendo da demanda e da dist\u00e2ncia. Contudo, esses servi\u00e7os n\u00e3o s\u00e3o exatamente uma solu\u00e7\u00e3o a longo prazo e podem n\u00e3o oferecer a mesma regularidade das linhas de \u00f4nibus que foram encerradas.<\/p>\n<p>Existem tamb\u00e9m op\u00e7\u00f5es de transporte ferrovi\u00e1rio em algumas regi\u00f5es, embora a vasta maioria dos brasileiros confie nas rodovias para suas viagens. Portanto, \u00e9 necess\u00e1rio que pol\u00edticas p\u00fablicas sejam implementadas visando a integra\u00e7\u00e3o de diferentes modais de transporte, garantindo que as popula\u00e7\u00f5es impactadas consigam realizar seus deslocamentos com seguran\u00e7a e economia.<\/p>\n<h2>O que fazer com bilhetes comprados?<\/h2>\n<p>Os passageiros que tenham adquirido bilhetes para datas posteriores ao encerramento das linhas devem estar cientes dos seus direitos. A ANTT confirmou que, conforme as normas vigentes, a empresa \u00e9 obrigada a oferecer a devolu\u00e7\u00e3o integral dos valores dos bilhetes n\u00e3o utilizados. Isso \u00e9 um direito b\u00e1sico do consumidor em situa\u00e7\u00f5es como essa e deve ser respeitado pela Via\u00e7\u00e3o Santa Cruz.<\/p>\n<p>Os usu\u00e1rios que se encontrarem nessa situa\u00e7\u00e3o devem acessar o site oficial da Via\u00e7\u00e3o Santa Cruz ou entrar em contato com a empresa atrav\u00e9s dos canais de atendimento ao cliente para solicitar o processo de reembolso. \u00c9 importante que os passageiros mantenham sempre os comprovantes de compra, pois esses documentos ser\u00e3o necess\u00e1rios para agilizar a devolu\u00e7\u00e3o do valor.<\/p>\n<p>Ademais, \u00e9 recomendado que os passageiros fiquem atentos \u00e0s orienta\u00e7\u00f5es da ANTT e aos canais oficiais para atualiza\u00e7\u00f5es sobre a situa\u00e7\u00e3o das linhas de \u00f4nibus e poss\u00edveis solu\u00e7\u00f5es que possam ser oferecidas em breve. A transpar\u00eancia e a comunica\u00e7\u00e3o podem trazer conforto em um cen\u00e1rio de incertezas.<\/p>\n<h2>A resposta da ANTT<\/h2>\n<p>A ANTT, como \u00f3rg\u00e3o regulador, tem um papel crucial na media\u00e7\u00e3o entre as empresas de transporte e os cidad\u00e3os. O \u00f3rg\u00e3o se manifestou sobre a interrup\u00e7\u00e3o das linhas da Via\u00e7\u00e3o Santa Cruz, afirmando que as regras de cancelamento e reembolso devem ser seguidas rigorosamente. Essa abordagem \u00e9 fundamental para assegurar que os passageiros n\u00e3o sejam deixados \u00e0 merc\u00ea das decis\u00f5es das companhias de \u00f4nibus, especialmente em um contexto onde a oferta de transporte \u00e9 limitada.<\/p>\n<p>Al\u00e9m disso, a ANTT deve observar as implica\u00e7\u00f5es da interrup\u00e7\u00e3o das linhas sobre a mobilidade regional e coordenar com as empresas de transporte sobre como melhor servir as comunidades afetadas. O \u00f3rg\u00e3o pode ter um papel ativo na facilita\u00e7\u00e3o de solu\u00e7\u00f5es alternativas e na promo\u00e7\u00e3o da concorr\u00eancia e inova\u00e7\u00e3o entre as empresas do setor.<\/p>\n<p>O acompanhamento da ANTT sobre como as empresas est\u00e3o se adaptando a essas mudan\u00e7as tamb\u00e9m pode revelar informa\u00e7\u00f5es importantes sobre como o setor de transporte rodovi\u00e1rio no Brasil pode prosperar no futuro. Essas informa\u00e7\u00f5es s\u00e3o vitais para a formula\u00e7\u00e3o de pol\u00edticas que visem complementar e melhorar a rede de transporte terrestre do pa\u00eds.<\/p>\n<h2>Trechos desativados pela Via\u00e7\u00e3o Santa Cruz<\/h2>\n<p>Os trechos desativados pela Via\u00e7\u00e3o Santa Cruz afetam n\u00e3o apenas as pessoas de cidades grandes, mas tamb\u00e9m as menores ao longo do caminho. A linha de S\u00e3o Louren\u00e7o para S\u00e3o Paulo, por exemplo, era frequentemente utilizada por viajantes que se dirigiam \u00e0 capital em busca de trabalho, servi\u00e7os ou mesmo lazer. O mesmo se aplica ao percurso de S\u00e3o Louren\u00e7o a Campinas, que atendia a um p\u00fablico diversificado.<\/p>\n<p>Esses trechos desempenhavam um papel significativo na mobilidade regional, facilitando o acesso entre diferentes localidades e possibilitando o escoamento de atividades econ\u00f4micas. Com o fechamento, observa-se que o desafio passa a ser como restaurar esse fluxo e propor alternativas que realmente atendam a demanda.<\/p>\n<p>O fechamento de linhas rodovi\u00e1rias sublinha a import\u00e2ncia do planejamento adequado do transporte p\u00fablico. Estudos e pesquisas sobre padr\u00f5es de viagem na regi\u00e3o s\u00e3o vitais para entender a real necessidade da popula\u00e7\u00e3o e projetar rotas que sirvam e beneficiem a todos. A participa\u00e7\u00e3o da comunidade no planejamento dessas rotas \u00e9 essencial para garantir que as necessidades locais sejam ouvidas.<\/p>\n<h2>Hist\u00f3rico de opera\u00e7\u00e3o das linhas<\/h2>\n<p>A hist\u00f3ria das linhas desativadas remonta v\u00e1rios anos. A Via\u00e7\u00e3o Santa Cruz teve um papel importante na conectividade entre o Sul de Minas e S\u00e3o Paulo, oferecendo um servi\u00e7o vital para muitos que dependiam do transporte p\u00fablico. A opera\u00e7\u00e3o dessas linhas deve ser compreendida n\u00e3o apenas em termos de n\u00fameros e lucros, mas tamb\u00e9m no impacto social que geraram ao conectar pessoas e permitir o desenvolvimento econ\u00f4mico na regi\u00e3o.<\/p>\n<p>O aumento da concorr\u00eancia no setor de transporte e a diminui\u00e7\u00e3o da demanda em algumas rotas t\u00eam levantado quest\u00f5es sobre a sustentabilidade das opera\u00e7\u00f5es. O que antes parecia uma op\u00e7\u00e3o confi\u00e1vel pode acabar se tornando insustent\u00e1vel com as mudan\u00e7as no comportamento do consumidor e a forma como as pessoas se movem.<\/p>\n<p>As linhas que foram encerradas se destacam por sua relev\u00e2ncia em conectar \u00e1reas, mas tamb\u00e9m evidenciam os desafios enfrentados por empresas tradicionais que operam em um ambiente em muta\u00e7\u00e3o. Um apelo urgente surge para repensar como as empresas podem se adequar \u00e0s novas realidades, adaptando seus servi\u00e7os para garantir que continuem atendendo \u00e0s necessidades dos usu\u00e1rios.<\/p>\n<h2>Feedback dos passageiros<\/h2>\n<p>A rea\u00e7\u00e3o do p\u00fablico ao encerramento das linhas n\u00e3o se fez esperar. Muitos passageiros expressaram sua insatisfa\u00e7\u00e3o nas redes sociais, relatando a dificuldade em se adaptar \u00e0 nova realidade e compartilhando suas experi\u00eancias negativas. A falta de op\u00e7\u00f5es diretas para suas viagens gerou um senso de frustra\u00e7\u00e3o, pois usu\u00e1rios dependiam dessas rotas para a realiza\u00e7\u00e3o de atividades cotidianas.<\/p>\n<p>As hist\u00f3rias contadas pelos passageiros revelam o impacto humano por tr\u00e1s dessas decis\u00f5es empresariais. Todos t\u00eam hist\u00f3rias para contar &#8211; seja algu\u00e9m que vai visitar um familiar, um estudante que precisa ir \u00e0 faculdade ou um trabalhador que busca emprego em outra cidade. A voz dos passageiros \u00e9 um indicativo claro de que essas rotas v\u00e3o al\u00e9m de apenas n\u00fameros e estat\u00edsticas, s\u00e3o, na verdade, a linha de vida que conecta as comunidades.<\/p>\n<p>O feedback dos passageiros deve ser considerado pelas empresas e entidades reguladoras para promover melhorias nas futuras estrat\u00e9gias de transporte. Pesquisa e question\u00e1rios sobre o que usu\u00e1rios procuram em servi\u00e7os de transporte podem elucidar quais dire\u00e7\u00f5es as empresas devem seguir para se alinhar \u00e0s expectativas de suas comunidades.<\/p>\n<h2>Pr\u00f3ximos passos para a Via\u00e7\u00e3o Santa Cruz<\/h2>\n<p>A Via\u00e7\u00e3o Santa Cruz agora enfrenta o desafio de como proceder ap\u00f3s a decis\u00e3o de encerrar as linhas. \u00c9 uma oportunidade para reavaliar sua opera\u00e7\u00e3o, explorar novas rotas, servi\u00e7os e segmentos que possam contribuir para uma recupera\u00e7\u00e3o financeira. Al\u00e9m disso, deve buscar a comunica\u00e7\u00e3o aberta com seus passageiros, informando-os sobre quaisquer novas propostas ou melhorias que possam ser implementadas.<\/p>\n<p>Potencialmente, a empresa pode considerar a diversifica\u00e7\u00e3o do portf\u00f3lio de servi\u00e7os, como a implementa\u00e7\u00e3o de linhas expressas ou a participa\u00e7\u00e3o em parcerias com outras empresas de transporte para oferecer op\u00e7\u00f5es mais amplas aos passageiros. No entanto, tudo isso deve ser fundamentado em um planejamento s\u00f3lido e sustentado por um entendimento das demandas do p\u00fablico.<\/p>\n<p>Para a Via\u00e7\u00e3o Santa Cruz, a capacidade de adapta\u00e7\u00e3o \u00e0s novas condi\u00e7\u00f5es de mercado, agregando inova\u00e7\u00e3o e buscando a voz dos passageiros, ser\u00e1 essencial para garantir a sua sustentabilidade a longo prazo no setor de transporte rodovi\u00e1rio.<\/p>\n","protected":false},"excerpt":{"rendered":"<p>Linhas interestaduais encerradas impactar\u00e3o viagens entre Sul de Minas e S\u00e3o Paulo.<\/p>\n","protected":false},"author":1,"featured_media":4352,"comment_status":"open","ping_status":"open","sticky":false,"template":"","format":"standard","meta":{"footnotes":""},"categories":[5],"tags":[],"class_list":["post-4353","post","type-post","status-publish","format-standard","has-post-thumbnail","hentry","category-noticias","has_thumb"],"yoast_head":"<!-- This site is optimized with the Yoast SEO plugin v26.3 - https:\/\/yoast.com\/wordpress\/plugins\/seo\/ -->\n<title>Linhas interestaduais ser\u00e3o encerradas nesta quarta | Encontra Itajub\u00e1<\/title>\n<meta name=\"robots\" content=\"index, follow, max-snippet:-1, max-image-preview:large, max-video-preview:-1\" \/>\n<link rel=\"canonical\" href=\"https:\/\/www.encontraminasgerais.com.br\/itajuba\/linhas-interestaduais-serao-encerradas-nesta-quarta\/\" \/>\n<meta property=\"og:locale\" content=\"pt_BR\" \/>\n<meta property=\"og:type\" content=\"article\" \/>\n<meta property=\"og:title\" content=\"Linhas interestaduais ser\u00e3o encerradas nesta quarta | Encontra Itajub\u00e1\" \/>\n<meta property=\"og:description\" content=\"Linhas interestaduais encerradas impactar\u00e3o viagens entre Sul de Minas e S\u00e3o Paulo.\" \/>\n<meta property=\"og:url\" content=\"https:\/\/www.encontraminasgerais.com.br\/itajuba\/linhas-interestaduais-serao-encerradas-nesta-quarta\/\" \/>\n<meta property=\"og:site_name\" content=\"Encontra Itajub\u00e1\" \/>\n<meta property=\"article:published_time\" content=\"2025-11-26T09:12:00+00:00\" \/>\n<meta property=\"og:image\" content=\"https:\/\/www.encontraminasgerais.com.br\/itajuba\/wp-content\/uploads\/2025\/12\/linhas-interestaduais-serao-encerradas-nesta-quarta.webp\" \/>\n<meta name=\"author\" content=\"Encontra Itajub\u00e1\" \/>\n<meta name=\"twitter:card\" content=\"summary_large_image\" \/>\n<meta name=\"twitter:label1\" content=\"Escrito por\" \/>\n\t<meta name=\"twitter:data1\" content=\"Encontra Itajub\u00e1\" \/>\n\t<meta name=\"twitter:label2\" content=\"Est. tempo de leitura\" \/>\n\t<meta name=\"twitter:data2\" content=\"10 minutos\" \/>\n<script type=\"application\/ld+json\" class=\"yoast-schema-graph\">{\"@context\":\"https:\/\/schema.org\",\"@graph\":[{\"@type\":\"WebPage\",\"@id\":\"https:\/\/www.encontraminasgerais.com.br\/itajuba\/linhas-interestaduais-serao-encerradas-nesta-quarta\/\",\"url\":\"https:\/\/www.encontraminasgerais.com.br\/itajuba\/linhas-interestaduais-serao-encerradas-nesta-quarta\/\",\"name\":\"Linhas interestaduais ser\u00e3o encerradas nesta quarta | Encontra Itajub\u00e1\",\"isPartOf\":{\"@id\":\"https:\/\/www.encontraminasgerais.com.br\/itajuba\/#website\"},\"primaryImageOfPage\":{\"@id\":\"https:\/\/www.encontraminasgerais.com.br\/itajuba\/linhas-interestaduais-serao-encerradas-nesta-quarta\/#primaryimage\"},\"image\":{\"@id\":\"https:\/\/www.encontraminasgerais.com.br\/itajuba\/linhas-interestaduais-serao-encerradas-nesta-quarta\/#primaryimage\"},\"thumbnailUrl\":\"https:\/\/www.encontraminasgerais.com.br\/itajuba\/wp-content\/uploads\/2025\/12\/linhas-interestaduais-serao-encerradas-nesta-quarta.webp\",\"datePublished\":\"2025-11-26T09:12:00+00:00\",\"author\":{\"@id\":\"https:\/\/www.encontraminasgerais.com.br\/itajuba\/#\/schema\/person\/d26674c083ec86b440752843a690de33\"},\"inLanguage\":\"pt-BR\",\"potentialAction\":[{\"@type\":\"ReadAction\",\"target\":[\"https:\/\/www.encontraminasgerais.com.br\/itajuba\/linhas-interestaduais-serao-encerradas-nesta-quarta\/\"]}]},{\"@type\":\"ImageObject\",\"inLanguage\":\"pt-BR\",\"@id\":\"https:\/\/www.encontraminasgerais.com.br\/itajuba\/linhas-interestaduais-serao-encerradas-nesta-quarta\/#primaryimage\",\"url\":\"https:\/\/www.encontraminasgerais.com.br\/itajuba\/wp-content\/uploads\/2025\/12\/linhas-interestaduais-serao-encerradas-nesta-quarta.webp\",\"contentUrl\":\"https:\/\/www.encontraminasgerais.com.br\/itajuba\/wp-content\/uploads\/2025\/12\/linhas-interestaduais-serao-encerradas-nesta-quarta.webp\",\"width\":320,\"height\":280,\"caption\":\"linhas interestaduais\"},{\"@type\":\"WebSite\",\"@id\":\"https:\/\/www.encontraminasgerais.com.br\/itajuba\/#website\",\"url\":\"https:\/\/www.encontraminasgerais.com.br\/itajuba\/\",\"name\":\"Encontra Itajub\u00e1\",\"description\":\"ENCONTRA ITAJUB\u00c1 - O guia comercial de neg\u00f3cios e empresas, cultura e divers\u00e3o na cidade de Itajub\u00e1. Feito 100% para voc\u00ea morador!\",\"potentialAction\":[{\"@type\":\"SearchAction\",\"target\":{\"@type\":\"EntryPoint\",\"urlTemplate\":\"https:\/\/www.encontraminasgerais.com.br\/itajuba\/?s={search_term_string}\"},\"query-input\":{\"@type\":\"PropertyValueSpecification\",\"valueRequired\":true,\"valueName\":\"search_term_string\"}}],\"inLanguage\":\"pt-BR\"},{\"@type\":\"Person\",\"@id\":\"https:\/\/www.encontraminasgerais.com.br\/itajuba\/#\/schema\/person\/d26674c083ec86b440752843a690de33\",\"name\":\"Encontra Itajub\u00e1\",\"image\":{\"@type\":\"ImageObject\",\"inLanguage\":\"pt-BR\",\"@id\":\"https:\/\/www.encontraminasgerais.com.br\/itajuba\/#\/schema\/person\/image\/\",\"url\":\"https:\/\/secure.gravatar.com\/avatar\/c50c17820bcf322f0a8fd6b110b8c0918141409dc69076470f6fca5fee70a5d4?s=96&d=mm&r=g\",\"contentUrl\":\"https:\/\/secure.gravatar.com\/avatar\/c50c17820bcf322f0a8fd6b110b8c0918141409dc69076470f6fca5fee70a5d4?s=96&d=mm&r=g\",\"caption\":\"Encontra Itajub\u00e1\"},\"url\":\"https:\/\/www.encontraminasgerais.com.br\/itajuba\/author\/eitajuba\/\"}]}<\/script>\n<!-- \/ Yoast SEO plugin. -->","yoast_head_json":{"title":"Linhas interestaduais ser\u00e3o encerradas nesta quarta | Encontra Itajub\u00e1","robots":{"index":"index","follow":"follow","max-snippet":"max-snippet:-1","max-image-preview":"max-image-preview:large","max-video-preview":"max-video-preview:-1"},"canonical":"https:\/\/www.encontraminasgerais.com.br\/itajuba\/linhas-interestaduais-serao-encerradas-nesta-quarta\/","og_locale":"pt_BR","og_type":"article","og_title":"Linhas interestaduais ser\u00e3o encerradas nesta quarta | Encontra Itajub\u00e1","og_description":"Linhas interestaduais encerradas impactar\u00e3o viagens entre Sul de Minas e S\u00e3o Paulo.","og_url":"https:\/\/www.encontraminasgerais.com.br\/itajuba\/linhas-interestaduais-serao-encerradas-nesta-quarta\/","og_site_name":"Encontra Itajub\u00e1","article_published_time":"2025-11-26T09:12:00+00:00","og_image":[{"url":"https:\/\/www.encontraminasgerais.com.br\/itajuba\/wp-content\/uploads\/2025\/12\/linhas-interestaduais-serao-encerradas-nesta-quarta.webp","type":"","width":"","height":""}],"author":"Encontra Itajub\u00e1","twitter_card":"summary_large_image","twitter_misc":{"Escrito por":"Encontra Itajub\u00e1","Est. tempo de leitura":"10 minutos"},"schema":{"@context":"https:\/\/schema.org","@graph":[{"@type":"WebPage","@id":"https:\/\/www.encontraminasgerais.com.br\/itajuba\/linhas-interestaduais-serao-encerradas-nesta-quarta\/","url":"https:\/\/www.encontraminasgerais.com.br\/itajuba\/linhas-interestaduais-serao-encerradas-nesta-quarta\/","name":"Linhas interestaduais ser\u00e3o encerradas nesta quarta | Encontra Itajub\u00e1","isPartOf":{"@id":"https:\/\/www.encontraminasgerais.com.br\/itajuba\/#website"},"primaryImageOfPage":{"@id":"https:\/\/www.encontraminasgerais.com.br\/itajuba\/linhas-interestaduais-serao-encerradas-nesta-quarta\/#primaryimage"},"image":{"@id":"https:\/\/www.encontraminasgerais.com.br\/itajuba\/linhas-interestaduais-serao-encerradas-nesta-quarta\/#primaryimage"},"thumbnailUrl":"https:\/\/www.encontraminasgerais.com.br\/itajuba\/wp-content\/uploads\/2025\/12\/linhas-interestaduais-serao-encerradas-nesta-quarta.webp","datePublished":"2025-11-26T09:12:00+00:00","author":{"@id":"https:\/\/www.encontraminasgerais.com.br\/itajuba\/#\/schema\/person\/d26674c083ec86b440752843a690de33"},"inLanguage":"pt-BR","potentialAction":[{"@type":"ReadAction","target":["https:\/\/www.encontraminasgerais.com.br\/itajuba\/linhas-interestaduais-serao-encerradas-nesta-quarta\/"]}]},{"@type":"ImageObject","inLanguage":"pt-BR","@id":"https:\/\/www.encontraminasgerais.com.br\/itajuba\/linhas-interestaduais-serao-encerradas-nesta-quarta\/#primaryimage","url":"https:\/\/www.encontraminasgerais.com.br\/itajuba\/wp-content\/uploads\/2025\/12\/linhas-interestaduais-serao-encerradas-nesta-quarta.webp","contentUrl":"https:\/\/www.encontraminasgerais.com.br\/itajuba\/wp-content\/uploads\/2025\/12\/linhas-interestaduais-serao-encerradas-nesta-quarta.webp","width":320,"height":280,"caption":"linhas interestaduais"},{"@type":"WebSite","@id":"https:\/\/www.encontraminasgerais.com.br\/itajuba\/#website","url":"https:\/\/www.encontraminasgerais.com.br\/itajuba\/","name":"Encontra Itajub\u00e1","description":"ENCONTRA ITAJUB\u00c1 - O guia comercial de neg\u00f3cios e empresas, cultura e divers\u00e3o na cidade de Itajub\u00e1. Feito 100% para voc\u00ea morador!","potentialAction":[{"@type":"SearchAction","target":{"@type":"EntryPoint","urlTemplate":"https:\/\/www.encontraminasgerais.com.br\/itajuba\/?s={search_term_string}"},"query-input":{"@type":"PropertyValueSpecification","valueRequired":true,"valueName":"search_term_string"}}],"inLanguage":"pt-BR"},{"@type":"Person","@id":"https:\/\/www.encontraminasgerais.com.br\/itajuba\/#\/schema\/person\/d26674c083ec86b440752843a690de33","name":"Encontra Itajub\u00e1","image":{"@type":"ImageObject","inLanguage":"pt-BR","@id":"https:\/\/www.encontraminasgerais.com.br\/itajuba\/#\/schema\/person\/image\/","url":"https:\/\/secure.gravatar.com\/avatar\/c50c17820bcf322f0a8fd6b110b8c0918141409dc69076470f6fca5fee70a5d4?s=96&d=mm&r=g","contentUrl":"https:\/\/secure.gravatar.com\/avatar\/c50c17820bcf322f0a8fd6b110b8c0918141409dc69076470f6fca5fee70a5d4?s=96&d=mm&r=g","caption":"Encontra Itajub\u00e1"},"url":"https:\/\/www.encontraminasgerais.com.br\/itajuba\/author\/eitajuba\/"}]}},"_links":{"self":[{"href":"https:\/\/www.encontraminasgerais.com.br\/itajuba\/wp-json\/wp\/v2\/posts\/4353","targetHints":{"allow":["GET"]}}],"collection":[{"href":"https:\/\/www.encontraminasgerais.com.br\/itajuba\/wp-json\/wp\/v2\/posts"}],"about":[{"href":"https:\/\/www.encontraminasgerais.com.br\/itajuba\/wp-json\/wp\/v2\/types\/post"}],"author":[{"embeddable":true,"href":"https:\/\/www.encontraminasgerais.com.br\/itajuba\/wp-json\/wp\/v2\/users\/1"}],"replies":[{"embeddable":true,"href":"https:\/\/www.encontraminasgerais.com.br\/itajuba\/wp-json\/wp\/v2\/comments?post=4353"}],"version-history":[{"count":0,"href":"https:\/\/www.encontraminasgerais.com.br\/itajuba\/wp-json\/wp\/v2\/posts\/4353\/revisions"}],"wp:featuredmedia":[{"embeddable":true,"href":"https:\/\/www.encontraminasgerais.com.br\/itajuba\/wp-json\/wp\/v2\/media\/4352"}],"wp:attachment":[{"href":"https:\/\/www.encontraminasgerais.com.br\/itajuba\/wp-json\/wp\/v2\/media?parent=4353"}],"wp:term":[{"taxonomy":"category","embeddable":true,"href":"https:\/\/www.encontraminasgerais.com.br\/itajuba\/wp-json\/wp\/v2\/categories?post=4353"},{"taxonomy":"post_tag","embeddable":true,"href":"https:\/\/www.encontraminasgerais.com.br\/itajuba\/wp-json\/wp\/v2\/tags?post=4353"}],"curies":[{"name":"wp","href":"https:\/\/api.w.org\/{rel}","templated":true}]}}