{"id":4376,"date":"2025-12-27T08:15:00","date_gmt":"2025-12-27T11:15:00","guid":{"rendered":"https:\/\/www.encontraminasgerais.com.br\/itajuba\/webinario-apresenta-balanco-do-novo-par-e-perspectiva-para-2026\/"},"modified":"2025-12-27T08:15:00","modified_gmt":"2025-12-27T11:15:00","slug":"webinario-apresenta-balanco-do-novo-par-e-perspectiva-para-2026","status":"publish","type":"post","link":"https:\/\/www.encontraminasgerais.com.br\/itajuba\/webinario-apresenta-balanco-do-novo-par-e-perspectiva-para-2026\/","title":{"rendered":"Webin\u00e1rio apresenta balan\u00e7o do Novo PAR e perspectiva para 2026"},"content":{"rendered":"<h2>Resultados do Webin\u00e1rio sobre o Novo PAR<\/h2>\n<p>O webin\u00e1rio realizado pelo Minist\u00e9rio da Educa\u00e7\u00e3o (MEC) em 22 de dezembro de 2025 foi um marco importante no contexto educacional brasileiro. Dotado de car\u00e1ter formativo, ele visou apresentar um balan\u00e7o das a\u00e7\u00f5es do Novo Plano de A\u00e7\u00f5es Articuladas (Novo PAR) e as perspectivas para o ano de 2026. Durante o evento, os participantes puderam acompanhar a trajet\u00f3ria e os avan\u00e7os das iniciativas implementadas ao longo do ano, ressaltando a import\u00e2ncia da forma\u00e7\u00e3o cont\u00ednua dos articuladores da Rede Nacional de Assist\u00eancia T\u00e9cnica e Forma\u00e7\u00e3o do Novo PAR (RenaPAR).<\/p>\n<p>Uma das principais conquistas destacadas foi a oferta de forma\u00e7\u00f5es imersivas realizadas em v\u00e1rias localidades, com o intuito de consolidar o conhecimento t\u00e9cnico necess\u00e1rio para a execu\u00e7\u00e3o do plano. A forma\u00e7\u00e3o em Itajub\u00e1 (MG) foi mencionada como um evento-chave, onde articuladores puderam trocar experi\u00eancias e aprender de maneira integrada. Al\u00e9m disso, a assist\u00eancia t\u00e9cnica oferecida aos munic\u00edpios foi aprimorada, garantindo que cada estado e cidade tivesse um suporte personalizado para atender \u00e0s suas necessidades espec\u00edficas.<\/p>\n<h2>Avalia\u00e7\u00e3o das A\u00e7\u00f5es Implementadas at\u00e9 2025<\/h2>\n<p>A avalia\u00e7\u00e3o das a\u00e7\u00f5es do Novo PAR at\u00e9 o final de 2025 revela um quadro positivo em rela\u00e7\u00e3o ao planejamento e \u00e0 execu\u00e7\u00e3o das pol\u00edticas p\u00fablicas de educa\u00e7\u00e3o. Um dos principais pontos de avalia\u00e7\u00e3o foi o acompanhamento das atividades desenvolvidas em parceria com as redes estaduais e municipais de educa\u00e7\u00e3o. O apoio t\u00e9cnico, que foi uma das diretrizes do plano, permitiu que muitos munic\u00edpios conseguissem atender melhor \u00e0s demandas educacionais locais.<\/p>\n<p><img decoding=\"async\" src=\"https:\/\/www.encontraminasgerais.com.br\/itajuba\/wp-content\/uploads\/2025\/12\/webinario-apresenta-balanco-do-novo-par-e-perspectiva-para-2026.webp\" alt=\"Novo PAR\" loading=\"lazy\" \/><\/p>\n<p>Estat\u00edsticas apresentadas durante o webin\u00e1rio mostram um aumento no n\u00famero de articula\u00e7\u00f5es entre os diversos entes federativos, permitindo um compartilhamento mais eficiente de recursos e conhecimentos. Relat\u00f3rios de atividades j\u00e1 entregues e outros em elabora\u00e7\u00e3o contribuem para uma cultura de monitoramento constante, propiciando ajustes necess\u00e1rios ao longo do processo. Essa pr\u00e1tica fortalece a institucionaliza\u00e7\u00e3o do Novo PAR, estabelecendo bases s\u00f3lidas para as a\u00e7\u00f5es nos pr\u00f3ximos anos.<\/p>\n<h2>Perspectivas para a Educa\u00e7\u00e3o em 2026<\/h2>\n<p>Com as conquistas de 2025, as perspectivas para 2026 s\u00e3o positivas e promissoras. O MEC planeja avan\u00e7ar nas etapas de execu\u00e7\u00e3o e monitoramento do Novo PAR, o que permitir\u00e1 um diagn\u00f3stico mais apurado da situa\u00e7\u00e3o educacional em cada localidade. Avalia\u00e7\u00f5es mais frequentes ter\u00e3o como foco o progresso dos projetos implementados, ajudando a realizar ajustes quando necess\u00e1rio e consolidando as melhores pr\u00e1ticas.<\/p>\n<p>Al\u00e9m disso, o MEC est\u00e1 comprometido com a oferta de novos percursos formativos, que fornecer\u00e3o aos articuladores mais ferramentas e conhecimentos para enfrentar os desafios que surgem. Os canais de compartilhamento de informa\u00e7\u00f5es ser\u00e3o ampliados, permitindo um suporte mais robusto para as redes de ensino. Isso se traduz em um compromisso inabal\u00e1vel com a melhoria da qualidade educacional para todos os estudantes brasileiros.<\/p>\n<h2>Import\u00e2ncia da Forma\u00e7\u00e3o Continuada<\/h2>\n<p>A forma\u00e7\u00e3o continuada tem um papel essencial na qualidade da educa\u00e7\u00e3o, e isso se reflete nas a\u00e7\u00f5es do Novo PAR. O webin\u00e1rio refor\u00e7ou a ideia de que proporcionar capacita\u00e7\u00e3o constante aos profissionais da educa\u00e7\u00e3o \u00e9 crucial para o sucesso das pol\u00edticas educacionais. Atrav\u00e9s da forma\u00e7\u00e3o, articuladores e gestores de educa\u00e7\u00e3o t\u00eam a oportunidade de atualizar seus conhecimentos, compartilhar experi\u00eancias e discutir novas estrat\u00e9gias.<\/p>\n<p>As forma\u00e7\u00f5es imersivas e os encontros s\u00edncronos organizados pelo MEC serviram para reunir especialistas e professores, permitindo que trocas de ideias e pr\u00e1ticas inovadoras acontecessem. A constru\u00e7\u00e3o de uma rede colaborativa entre os participantes fortalece a gest\u00e3o educacional, promovendo um ambiente favor\u00e1vel ao aprendizado e \u00e0 inova\u00e7\u00e3o. Isso se torna ainda mais relevante em um momento em que a educa\u00e7\u00e3o enfrenta desafios significativos, como a pandemia e suas consequ\u00eancias na aprendizagem.<\/p>\n<h2>Articuladores e Assist\u00eancia T\u00e9cnica no Novo PAR<\/h2>\n<p>Os articuladores desempenham um papel fundamental na implementa\u00e7\u00e3o do Novo PAR. Eles s\u00e3o respons\u00e1veis por estender a m\u00e3o a munic\u00edpios que necessitam de apoio t\u00e9cnico e orienta\u00e7\u00f5es para o desenvolvimento de suas a\u00e7\u00f5es educativas. Durante o webin\u00e1rio, foi ressaltada a import\u00e2ncia da intera\u00e7\u00e3o entre esses profissionais e as equipes t\u00e9cnicas do MEC, que oferecem apoio personalizado e integrado conforme as necessidades locais.<\/p>\n<p>A assist\u00eancia t\u00e9cnica tem sido vital para garantir que a educa\u00e7\u00e3o b\u00e1sica receba a aten\u00e7\u00e3o necess\u00e1ria. Ao se concentrar em um planejamento participativo e colaborativo, o Novo PAR tem promovido um ambiente onde todos os envolvidos no processo educacional se sintam parte da solu\u00e7\u00e3o para os desafios enfrentados. A troca de experi\u00eancias e as orienta\u00e7\u00f5es pr\u00e1ticas t\u00eam permitido a constru\u00e7\u00e3o de um cen\u00e1rio educacional que busca a excel\u00eancia e a equidade.<\/p>\n<h2>Compartilhamento de Pr\u00e1ticas e Colabora\u00e7\u00e3o<\/h2>\n<p>O compartilhamento de pr\u00e1ticas exitosas \u00e9 uma abordagem que se revelou extremamente eficaz no contexto do Novo PAR. Durante o webin\u00e1rio, v\u00e1rios exemplos de iniciativas inovadoras foram apresentados, demonstrando que a\u00e7\u00f5es de sucesso em um munic\u00edpio podem ser replicadas em outros locais. Esse compartilhamento n\u00e3o apenas economiza tempo e recursos, mas tamb\u00e9m promove uma cultura colaborativa ao redor da educa\u00e7\u00e3o.<\/p>\n<p>As lives, reuni\u00f5es e outros momentos de troca t\u00eam oferecido um espa\u00e7o em que os profissionais da educa\u00e7\u00e3o se uniram para discutir suas experi\u00eancias, desafios e vit\u00f3rias. O uso de plataformas digitais, como o canal do MEC no YouTube, tem ampliado o alcance dessas colabora\u00e7\u00f5es, permitindo que mais pessoas se beneficiem do conhecimento coletivo. Essa pr\u00e1tica n\u00e3o s\u00f3 eleva o padr\u00e3o educacional em diversas regi\u00f5es, mas tamb\u00e9m agu\u00e7a a criatividade e a inova\u00e7\u00e3o, aspectos essenciais para o desenvolvimento de novas metodologias educativas.<\/p>\n<h2>Relat\u00f3rios de Atividades e Monitoramento<\/h2>\n<p>O monitoramento constante das atividades do Novo PAR \u00e9 um elemento crucial para garantir o sucesso do plano. Relat\u00f3rios de atividades s\u00e3o produzidos com frequ\u00eancia, oferecendo um panorama sobre o que tem funcionado e o que pode ser aprimorado. Durante o webin\u00e1rio, foram discutidas as a\u00e7\u00f5es de monitoramento, que v\u00e3o al\u00e9m do simples registro de atividades, mas se aprofundam na an\u00e1lise dos impactos dessas a\u00e7\u00f5es nas comunidades educativas.<\/p>\n<p>Esses relat\u00f3rios n\u00e3o s\u00e3o apenas ferramentas de presta\u00e7\u00e3o de contas, mas tamb\u00e9m instrumentos de reflex\u00e3o e aprendizado. Policymakers e articuladores utilizam as informa\u00e7\u00f5es coletadas para ajustar estrat\u00e9gias e estabelecer prioridades. Este ciclo de feedback \u00e9 crucial para uma gest\u00e3o educacional que se adapta e evolui, assegurando que as diretrizes do Novo PAR realmente fa\u00e7am sentido nas realidades locais.<\/p>\n<h2>Governan\u00e7a e Normativa do Novo PAR<\/h2>\n<p>A governan\u00e7a do Novo PAR foi um dos temas centrais abordados durante o webin\u00e1rio. A recente Portaria MEC n\u00ba 842\/2025, que institui um grupo de trabalho consultivo, foi destaque e representa um avan\u00e7o significativo na estrutura\u00e7\u00e3o e aprimoramento normativo do plano. Com um prazo de atua\u00e7\u00e3o de at\u00e9 18 meses, esse grupo se encarregar\u00e1 de propor melhorias nas diretrizes de governan\u00e7a e na articula\u00e7\u00e3o entre os entes federados.<\/p>\n<p>A participa\u00e7\u00e3o de diferentes secretarias e entidades vinculadas ao MEC \u00e9 fundamental para a cria\u00e7\u00e3o de um modelo coeso e eficaz. Essa governan\u00e7a ir\u00e1 fortalecer as propostas de a\u00e7\u00e3o, melhorando n\u00e3o apenas a coordena\u00e7\u00e3o entre os estados, munic\u00edpios e o governo federal, mas tamb\u00e9m incrementando a transpar\u00eancia e a confian\u00e7a entre as esferas governamentais.<\/p>\n<h2>Integra\u00e7\u00e3o com as Redes de Ensino<\/h2>\n<p>A integra\u00e7\u00e3o do Novo PAR \u00e0s rotinas de trabalho das redes de ensino \u00e9 um aspecto fundamental para sua efetividade. Durante o webin\u00e1rio, foi debatida a import\u00e2ncia de envolver as redes de educa\u00e7\u00e3o no planejamento e execu\u00e7\u00e3o das a\u00e7\u00f5es previstas. Essa integra\u00e7\u00e3o permite que as peculiaridades locais sejam respeitadas, garantindo que as implementa\u00e7\u00f5es sejam efetivas e relevantes para cada contexto.<\/p>\n<p>A coopera\u00e7\u00e3o m\u00fatua entre articuladores e redes de ensino resulta em um fortalecimento da gest\u00e3o educacional, criando um ambiente onde a aprendizagem se multiplica. O uso de ferramentas de an\u00e1lise de dados, como o Power BI, tem se mostrado revolucion\u00e1rio, permitindo que informa\u00e7\u00f5es relevantes sejam visualizadas de maneira clara, facilitando o acompanhamento da implementa\u00e7\u00e3o das pol\u00edticas educativas. Essa integra\u00e7\u00e3o proporciona uma gest\u00e3o mais informada e estrat\u00e9gica, baseada em evid\u00eancias.<\/p>\n<h2>O que Esperar do Novo PAR nos Pr\u00f3ximos Anos<\/h2>\n<p>As expectativas em torno do Novo PAR s\u00e3o altas, especialmente ap\u00f3s os avan\u00e7os feitos em 2025. Nos pr\u00f3ximos anos, o foco estar\u00e1 na continuidade das a\u00e7\u00f5es implementadas, mas tamb\u00e9m em expandir o alcance e a profundidade dessas iniciativas. Com \u00eanfase nas etapas de execu\u00e7\u00e3o e monitoramento, o MEC pretende estabelecer um ciclo de planejamento e avalia\u00e7\u00e3o que favore\u00e7a a qualidade da educa\u00e7\u00e3o b\u00e1sica.<\/p>\n<p>Novos percursos formativos e a promo\u00e7\u00e3o de espa\u00e7os de troca e aprendizado s\u00e3o esperados para incrementar ainda mais o potencial do Novo PAR. O fortalecimento dos canais de suporte t\u00e9cnico \u00e0s redes de ensino ser\u00e1 uma prioridade, permitindo que estados e munic\u00edpios implementem as a\u00e7\u00f5es previstas de maneira alinhada e eficiente. Isso representa um compromisso coletivamente direcionado para elevar os padr\u00f5es educacionais, assegurando que todos os estudantes brasileiros tenham acesso a uma educa\u00e7\u00e3o de qualidade.<\/p>\n","protected":false},"excerpt":{"rendered":"<p>Balan\u00e7o do Novo PAR revela perspectivas para a educa\u00e7\u00e3o em 2026, n\u00e3o perca!<\/p>\n","protected":false},"author":1,"featured_media":4375,"comment_status":"open","ping_status":"open","sticky":false,"template":"","format":"standard","meta":{"footnotes":""},"categories":[5],"tags":[],"class_list":["post-4376","post","type-post","status-publish","format-standard","has-post-thumbnail","hentry","category-noticias","has_thumb"],"yoast_head":"<!-- This site is optimized with the Yoast SEO plugin v26.3 - https:\/\/yoast.com\/wordpress\/plugins\/seo\/ -->\n<title>Webin\u00e1rio apresenta balan\u00e7o do Novo PAR e perspectiva para 2026 | Encontra Itajub\u00e1<\/title>\n<meta name=\"robots\" content=\"index, follow, max-snippet:-1, max-image-preview:large, max-video-preview:-1\" \/>\n<link rel=\"canonical\" href=\"https:\/\/www.encontraminasgerais.com.br\/itajuba\/webinario-apresenta-balanco-do-novo-par-e-perspectiva-para-2026\/\" \/>\n<meta property=\"og:locale\" content=\"pt_BR\" \/>\n<meta property=\"og:type\" content=\"article\" \/>\n<meta property=\"og:title\" content=\"Webin\u00e1rio apresenta balan\u00e7o do Novo PAR e perspectiva para 2026 | Encontra Itajub\u00e1\" \/>\n<meta property=\"og:description\" content=\"Balan\u00e7o do Novo PAR revela perspectivas para a educa\u00e7\u00e3o em 2026, n\u00e3o perca!\" \/>\n<meta property=\"og:url\" content=\"https:\/\/www.encontraminasgerais.com.br\/itajuba\/webinario-apresenta-balanco-do-novo-par-e-perspectiva-para-2026\/\" \/>\n<meta property=\"og:site_name\" content=\"Encontra Itajub\u00e1\" \/>\n<meta property=\"article:published_time\" content=\"2025-12-27T11:15:00+00:00\" \/>\n<meta property=\"og:image\" content=\"https:\/\/www.encontraminasgerais.com.br\/itajuba\/wp-content\/uploads\/2025\/12\/webinario-apresenta-balanco-do-novo-par-e-perspectiva-para-2026.webp\" \/>\n<meta name=\"author\" content=\"Encontra Itajub\u00e1\" \/>\n<meta name=\"twitter:card\" content=\"summary_large_image\" \/>\n<meta name=\"twitter:label1\" content=\"Escrito por\" \/>\n\t<meta name=\"twitter:data1\" content=\"Encontra Itajub\u00e1\" \/>\n\t<meta name=\"twitter:label2\" content=\"Est. tempo de leitura\" \/>\n\t<meta name=\"twitter:data2\" content=\"8 minutos\" \/>\n<script type=\"application\/ld+json\" class=\"yoast-schema-graph\">{\"@context\":\"https:\/\/schema.org\",\"@graph\":[{\"@type\":\"WebPage\",\"@id\":\"https:\/\/www.encontraminasgerais.com.br\/itajuba\/webinario-apresenta-balanco-do-novo-par-e-perspectiva-para-2026\/\",\"url\":\"https:\/\/www.encontraminasgerais.com.br\/itajuba\/webinario-apresenta-balanco-do-novo-par-e-perspectiva-para-2026\/\",\"name\":\"Webin\u00e1rio apresenta balan\u00e7o do Novo PAR e perspectiva para 2026 | Encontra Itajub\u00e1\",\"isPartOf\":{\"@id\":\"https:\/\/www.encontraminasgerais.com.br\/itajuba\/#website\"},\"primaryImageOfPage\":{\"@id\":\"https:\/\/www.encontraminasgerais.com.br\/itajuba\/webinario-apresenta-balanco-do-novo-par-e-perspectiva-para-2026\/#primaryimage\"},\"image\":{\"@id\":\"https:\/\/www.encontraminasgerais.com.br\/itajuba\/webinario-apresenta-balanco-do-novo-par-e-perspectiva-para-2026\/#primaryimage\"},\"thumbnailUrl\":\"https:\/\/www.encontraminasgerais.com.br\/itajuba\/wp-content\/uploads\/2025\/12\/webinario-apresenta-balanco-do-novo-par-e-perspectiva-para-2026.webp\",\"datePublished\":\"2025-12-27T11:15:00+00:00\",\"author\":{\"@id\":\"https:\/\/www.encontraminasgerais.com.br\/itajuba\/#\/schema\/person\/d26674c083ec86b440752843a690de33\"},\"inLanguage\":\"pt-BR\",\"potentialAction\":[{\"@type\":\"ReadAction\",\"target\":[\"https:\/\/www.encontraminasgerais.com.br\/itajuba\/webinario-apresenta-balanco-do-novo-par-e-perspectiva-para-2026\/\"]}]},{\"@type\":\"ImageObject\",\"inLanguage\":\"pt-BR\",\"@id\":\"https:\/\/www.encontraminasgerais.com.br\/itajuba\/webinario-apresenta-balanco-do-novo-par-e-perspectiva-para-2026\/#primaryimage\",\"url\":\"https:\/\/www.encontraminasgerais.com.br\/itajuba\/wp-content\/uploads\/2025\/12\/webinario-apresenta-balanco-do-novo-par-e-perspectiva-para-2026.webp\",\"contentUrl\":\"https:\/\/www.encontraminasgerais.com.br\/itajuba\/wp-content\/uploads\/2025\/12\/webinario-apresenta-balanco-do-novo-par-e-perspectiva-para-2026.webp\",\"width\":320,\"height\":280,\"caption\":\"Novo PAR\"},{\"@type\":\"WebSite\",\"@id\":\"https:\/\/www.encontraminasgerais.com.br\/itajuba\/#website\",\"url\":\"https:\/\/www.encontraminasgerais.com.br\/itajuba\/\",\"name\":\"Encontra Itajub\u00e1\",\"description\":\"ENCONTRA ITAJUB\u00c1 - O guia comercial de neg\u00f3cios e empresas, cultura e divers\u00e3o na cidade de Itajub\u00e1. Feito 100% para voc\u00ea morador!\",\"potentialAction\":[{\"@type\":\"SearchAction\",\"target\":{\"@type\":\"EntryPoint\",\"urlTemplate\":\"https:\/\/www.encontraminasgerais.com.br\/itajuba\/?s={search_term_string}\"},\"query-input\":{\"@type\":\"PropertyValueSpecification\",\"valueRequired\":true,\"valueName\":\"search_term_string\"}}],\"inLanguage\":\"pt-BR\"},{\"@type\":\"Person\",\"@id\":\"https:\/\/www.encontraminasgerais.com.br\/itajuba\/#\/schema\/person\/d26674c083ec86b440752843a690de33\",\"name\":\"Encontra Itajub\u00e1\",\"image\":{\"@type\":\"ImageObject\",\"inLanguage\":\"pt-BR\",\"@id\":\"https:\/\/www.encontraminasgerais.com.br\/itajuba\/#\/schema\/person\/image\/\",\"url\":\"https:\/\/secure.gravatar.com\/avatar\/c50c17820bcf322f0a8fd6b110b8c0918141409dc69076470f6fca5fee70a5d4?s=96&d=mm&r=g\",\"contentUrl\":\"https:\/\/secure.gravatar.com\/avatar\/c50c17820bcf322f0a8fd6b110b8c0918141409dc69076470f6fca5fee70a5d4?s=96&d=mm&r=g\",\"caption\":\"Encontra Itajub\u00e1\"},\"url\":\"https:\/\/www.encontraminasgerais.com.br\/itajuba\/author\/eitajuba\/\"}]}<\/script>\n<!-- \/ Yoast SEO plugin. -->","yoast_head_json":{"title":"Webin\u00e1rio apresenta balan\u00e7o do Novo PAR e perspectiva para 2026 | Encontra Itajub\u00e1","robots":{"index":"index","follow":"follow","max-snippet":"max-snippet:-1","max-image-preview":"max-image-preview:large","max-video-preview":"max-video-preview:-1"},"canonical":"https:\/\/www.encontraminasgerais.com.br\/itajuba\/webinario-apresenta-balanco-do-novo-par-e-perspectiva-para-2026\/","og_locale":"pt_BR","og_type":"article","og_title":"Webin\u00e1rio apresenta balan\u00e7o do Novo PAR e perspectiva para 2026 | Encontra Itajub\u00e1","og_description":"Balan\u00e7o do Novo PAR revela perspectivas para a educa\u00e7\u00e3o em 2026, n\u00e3o perca!","og_url":"https:\/\/www.encontraminasgerais.com.br\/itajuba\/webinario-apresenta-balanco-do-novo-par-e-perspectiva-para-2026\/","og_site_name":"Encontra Itajub\u00e1","article_published_time":"2025-12-27T11:15:00+00:00","og_image":[{"url":"https:\/\/www.encontraminasgerais.com.br\/itajuba\/wp-content\/uploads\/2025\/12\/webinario-apresenta-balanco-do-novo-par-e-perspectiva-para-2026.webp","type":"","width":"","height":""}],"author":"Encontra Itajub\u00e1","twitter_card":"summary_large_image","twitter_misc":{"Escrito por":"Encontra Itajub\u00e1","Est. tempo de leitura":"8 minutos"},"schema":{"@context":"https:\/\/schema.org","@graph":[{"@type":"WebPage","@id":"https:\/\/www.encontraminasgerais.com.br\/itajuba\/webinario-apresenta-balanco-do-novo-par-e-perspectiva-para-2026\/","url":"https:\/\/www.encontraminasgerais.com.br\/itajuba\/webinario-apresenta-balanco-do-novo-par-e-perspectiva-para-2026\/","name":"Webin\u00e1rio apresenta balan\u00e7o do Novo PAR e perspectiva para 2026 | Encontra Itajub\u00e1","isPartOf":{"@id":"https:\/\/www.encontraminasgerais.com.br\/itajuba\/#website"},"primaryImageOfPage":{"@id":"https:\/\/www.encontraminasgerais.com.br\/itajuba\/webinario-apresenta-balanco-do-novo-par-e-perspectiva-para-2026\/#primaryimage"},"image":{"@id":"https:\/\/www.encontraminasgerais.com.br\/itajuba\/webinario-apresenta-balanco-do-novo-par-e-perspectiva-para-2026\/#primaryimage"},"thumbnailUrl":"https:\/\/www.encontraminasgerais.com.br\/itajuba\/wp-content\/uploads\/2025\/12\/webinario-apresenta-balanco-do-novo-par-e-perspectiva-para-2026.webp","datePublished":"2025-12-27T11:15:00+00:00","author":{"@id":"https:\/\/www.encontraminasgerais.com.br\/itajuba\/#\/schema\/person\/d26674c083ec86b440752843a690de33"},"inLanguage":"pt-BR","potentialAction":[{"@type":"ReadAction","target":["https:\/\/www.encontraminasgerais.com.br\/itajuba\/webinario-apresenta-balanco-do-novo-par-e-perspectiva-para-2026\/"]}]},{"@type":"ImageObject","inLanguage":"pt-BR","@id":"https:\/\/www.encontraminasgerais.com.br\/itajuba\/webinario-apresenta-balanco-do-novo-par-e-perspectiva-para-2026\/#primaryimage","url":"https:\/\/www.encontraminasgerais.com.br\/itajuba\/wp-content\/uploads\/2025\/12\/webinario-apresenta-balanco-do-novo-par-e-perspectiva-para-2026.webp","contentUrl":"https:\/\/www.encontraminasgerais.com.br\/itajuba\/wp-content\/uploads\/2025\/12\/webinario-apresenta-balanco-do-novo-par-e-perspectiva-para-2026.webp","width":320,"height":280,"caption":"Novo PAR"},{"@type":"WebSite","@id":"https:\/\/www.encontraminasgerais.com.br\/itajuba\/#website","url":"https:\/\/www.encontraminasgerais.com.br\/itajuba\/","name":"Encontra Itajub\u00e1","description":"ENCONTRA ITAJUB\u00c1 - O guia comercial de neg\u00f3cios e empresas, cultura e divers\u00e3o na cidade de Itajub\u00e1. Feito 100% para voc\u00ea morador!","potentialAction":[{"@type":"SearchAction","target":{"@type":"EntryPoint","urlTemplate":"https:\/\/www.encontraminasgerais.com.br\/itajuba\/?s={search_term_string}"},"query-input":{"@type":"PropertyValueSpecification","valueRequired":true,"valueName":"search_term_string"}}],"inLanguage":"pt-BR"},{"@type":"Person","@id":"https:\/\/www.encontraminasgerais.com.br\/itajuba\/#\/schema\/person\/d26674c083ec86b440752843a690de33","name":"Encontra Itajub\u00e1","image":{"@type":"ImageObject","inLanguage":"pt-BR","@id":"https:\/\/www.encontraminasgerais.com.br\/itajuba\/#\/schema\/person\/image\/","url":"https:\/\/secure.gravatar.com\/avatar\/c50c17820bcf322f0a8fd6b110b8c0918141409dc69076470f6fca5fee70a5d4?s=96&d=mm&r=g","contentUrl":"https:\/\/secure.gravatar.com\/avatar\/c50c17820bcf322f0a8fd6b110b8c0918141409dc69076470f6fca5fee70a5d4?s=96&d=mm&r=g","caption":"Encontra Itajub\u00e1"},"url":"https:\/\/www.encontraminasgerais.com.br\/itajuba\/author\/eitajuba\/"}]}},"_links":{"self":[{"href":"https:\/\/www.encontraminasgerais.com.br\/itajuba\/wp-json\/wp\/v2\/posts\/4376","targetHints":{"allow":["GET"]}}],"collection":[{"href":"https:\/\/www.encontraminasgerais.com.br\/itajuba\/wp-json\/wp\/v2\/posts"}],"about":[{"href":"https:\/\/www.encontraminasgerais.com.br\/itajuba\/wp-json\/wp\/v2\/types\/post"}],"author":[{"embeddable":true,"href":"https:\/\/www.encontraminasgerais.com.br\/itajuba\/wp-json\/wp\/v2\/users\/1"}],"replies":[{"embeddable":true,"href":"https:\/\/www.encontraminasgerais.com.br\/itajuba\/wp-json\/wp\/v2\/comments?post=4376"}],"version-history":[{"count":0,"href":"https:\/\/www.encontraminasgerais.com.br\/itajuba\/wp-json\/wp\/v2\/posts\/4376\/revisions"}],"wp:featuredmedia":[{"embeddable":true,"href":"https:\/\/www.encontraminasgerais.com.br\/itajuba\/wp-json\/wp\/v2\/media\/4375"}],"wp:attachment":[{"href":"https:\/\/www.encontraminasgerais.com.br\/itajuba\/wp-json\/wp\/v2\/media?parent=4376"}],"wp:term":[{"taxonomy":"category","embeddable":true,"href":"https:\/\/www.encontraminasgerais.com.br\/itajuba\/wp-json\/wp\/v2\/categories?post=4376"},{"taxonomy":"post_tag","embeddable":true,"href":"https:\/\/www.encontraminasgerais.com.br\/itajuba\/wp-json\/wp\/v2\/tags?post=4376"}],"curies":[{"name":"wp","href":"https:\/\/api.w.org\/{rel}","templated":true}]}}