{"id":4378,"date":"2025-12-28T10:28:00","date_gmt":"2025-12-28T13:28:00","guid":{"rendered":"https:\/\/www.encontraminasgerais.com.br\/itajuba\/inmet-emite-alerta-vermelho-de-onda-de-calor-com-riscos-a-saude-em-pouso-alegre-e-regiao-ate-segunda\/"},"modified":"2025-12-28T10:28:00","modified_gmt":"2025-12-28T13:28:00","slug":"inmet-emite-alerta-vermelho-de-onda-de-calor-com-riscos-a-saude-em-pouso-alegre-e-regiao-ate-segunda","status":"publish","type":"post","link":"https:\/\/www.encontraminasgerais.com.br\/itajuba\/inmet-emite-alerta-vermelho-de-onda-de-calor-com-riscos-a-saude-em-pouso-alegre-e-regiao-ate-segunda\/","title":{"rendered":"INMET emite alerta vermelho de onda de calor com riscos \u00e0 sa\u00fade em Pouso Alegre e Regi\u00e3o at\u00e9 segunda"},"content":{"rendered":"<h2>O que \u00e9 Alerta Vermelho?<\/h2>\n<p>O <strong>Alerta Vermelho<\/strong> \u00e9 uma classifica\u00e7\u00e3o emitida pelo Instituto Nacional de Meteorologia (INMET) que indica a presen\u00e7a de condi\u00e7\u00f5es clim\u00e1ticas extremas, com grande potencial de danos \u00e0 sa\u00fade e \u00e0 seguran\u00e7a da popula\u00e7\u00e3o. A emiss\u00e3o desse alerta \u00e9 um sinal claro de que a popula\u00e7\u00e3o deve estar atenta e tomar precau\u00e7\u00f5es espec\u00edficas para evitar riscos.<\/p>\n<p>Essas ondas de calor, que podem ser acompanhadas por temperaturas muito elevadas e baixa umidade relativa do ar, s\u00e3o mais comuns em regi\u00f5es espec\u00edficas durante certos per\u00edodos do ano. A diferen\u00e7a entre os n\u00edveis de alerta (amarelo, laranja e vermelho) est\u00e1 relacionada \u00e0 gravidade das condi\u00e7\u00f5es clim\u00e1ticas. O alerta vermelho, especificamente, sugere n\u00e3o apenas riscos \u00e0 sa\u00fade, mas tamb\u00e9m \u00e0 integridade f\u00edsica e ao bem-estar da popula\u00e7\u00e3o.<\/p>\n<p>Durante um alerta vermelho, \u00e9 fundamental que as pessoas sigam as orienta\u00e7\u00f5es das autoridades locais e permane\u00e7am vigilantes quanto \u00e0 sa\u00fade e seguran\u00e7a. As informa\u00e7\u00f5es, por sua vez, s\u00e3o difundidas atrav\u00e9s de canais de comunica\u00e7\u00e3o oficiais, visando garantir que a popula\u00e7\u00e3o receba a mensagem e tome as a\u00e7\u00f5es necess\u00e1rias.<\/p>\n<p><img decoding=\"async\" src=\"https:\/\/www.encontraminasgerais.com.br\/itajuba\/wp-content\/uploads\/2025\/12\/inmet-emite-alerta-vermelho-de-onda-de-calor-com-riscos-a-saude-em-pouso-alegre-e-regiao-ate-segunda.webp\" alt=\"onda de calor\" loading=\"lazy\" \/><\/p>\n<h2>Implica\u00e7\u00f5es na Sa\u00fade P\u00fablica<\/h2>\n<p>Os alertas de onda de calor e, em particular, os alertas vermelhos, t\u00eam s\u00e9rias implica\u00e7\u00f5es para a sa\u00fade p\u00fablica. A exposi\u00e7\u00e3o prolongada a altas temperaturas pode causar uma s\u00e9rie de problemas de sa\u00fade, especialmente entre os grupos mais vulner\u00e1veis, como idosos, crian\u00e7as e pessoas com condi\u00e7\u00f5es de sa\u00fade pr\u00e9-existentes.<\/p>\n<p>Alguns dos problemas mais comuns que podem surgir incluem:<\/p>\n<ul>\n<li><strong>Desidrata\u00e7\u00e3o:<\/strong> A perda excessiva de \u00e1gua pelo corpo resulta em sintomas como sede intensa, boca seca e sonol\u00eancia. Em casos graves, pode levar a complica\u00e7\u00f5es de sa\u00fade.<\/li>\n<li><strong>Golpe de calor:<\/strong> Uma das consequ\u00eancias mais s\u00e9rias do calor extremo, essa condi\u00e7\u00e3o ocorre quando a temperatura do corpo atinge n\u00edveis perigosamente altos. Os sintomas incluem confus\u00e3o, desorienta\u00e7\u00e3o e at\u00e9 mesmo perda de consci\u00eancia.<\/li>\n<li><strong>Exaust\u00e3o por calor:<\/strong> Caracteriza-se por fraqueza extrema, fadiga e n\u00e1useas. O tratamento imediato \u00e9 essencial para evitar complica\u00e7\u00f5es.<\/li>\n<li><strong>Problemas respirat\u00f3rios:<\/strong> As altas temperaturas podem agravar doen\u00e7as respirat\u00f3rias, como asma e doen\u00e7as pulmonares obstrutivas cr\u00f4nicas (DPOC), devido \u00e0 presen\u00e7a de poluentes no ar, que frequentemente aumentam nessas condi\u00e7\u00f5es clim\u00e1ticas.<\/li>\n<li><strong>Doen\u00e7as cardiovasculares:<\/strong> O calor excessivo pode sobrecarregar o cora\u00e7\u00e3o, especialmente em pessoas idosas e portadoras de doen\u00e7as cardiovasculares pr\u00e9-existentes.<\/li>\n<\/ul>\n<p>Assim, \u00e9 crucial que a sa\u00fade p\u00fablica trabalhe de forma proativa durante per\u00edodos de alerta vermelho, promovendo campanhas de conscientiza\u00e7\u00e3o e garantindo que os cidad\u00e3os estejam preparados para se proteger da onda de calor.<\/p>\n<h2>Cidades Atingidas pelo Alerta<\/h2>\n<p>O alerta vermelho geralmente afeta v\u00e1rias cidades em uma regi\u00e3o espec\u00edfica. No caso do alerta emitido recentemente para <strong>Pouso Alegre<\/strong> e regi\u00e3o, a lista de cidades afetadas \u00e9 extensa e inclui localidades como:<\/p>\n<ul>\n<li>Alfenas<\/li>\n<li>Andradas<\/li>\n<li>Bom Jesus da Penha<\/li>\n<li>Passos<\/li>\n<li>Po\u00e7os de Caldas<\/li>\n<li>Varginha<\/li>\n<li>Extrema<\/li>\n<li>Itajub\u00e1<\/li>\n<\/ul>\n<p>A presen\u00e7a do alerta verde (perigo potencial), amarelo (perigo) e vermelho (grande perigo) classifica a intensidade das condi\u00e7\u00f5es clim\u00e1ticas e ajuda na comunica\u00e7\u00e3o com a popula\u00e7\u00e3o sobre a necessidade de precau\u00e7\u00f5es.<\/p>\n<p>\u00c9 fundamental que os moradores das cidades afetadas fiquem atentos \u00e0s atualiza\u00e7\u00f5es e recomenda\u00e7\u00f5es das autoridades e que fa\u00e7am um planejamento em casa e na comunidade para se prepararem para os eventos de calor extremo.<\/p>\n<h2>Recomenda\u00e7\u00f5es da Defesa Civil<\/h2>\n<p>Durante per\u00edodos de onda de calor, a <strong>Defesa Civil<\/strong> recomenda uma s\u00e9rie de medidas para proteger a sa\u00fade da popula\u00e7\u00e3o. Algumas das principais orienta\u00e7\u00f5es incluem:<\/p>\n<ul>\n<li><strong>Mantenha-se hidratado:<\/strong> Beba bastante \u00e1gua ao longo do dia, evitando bebidas alco\u00f3licas e com cafe\u00edna, que podem desidratar ainda mais o corpo.<\/li>\n<li><strong>Evite exposi\u00e7\u00e3o direta ao sol:<\/strong> Limite as atividades ao ar livre entre 10h e 16h, hor\u00e1rios em que a radia\u00e7\u00e3o solar \u00e9 mais intensa.<\/li>\n<li><strong>Use roupas leves e claras:<\/strong> Prefira vestimentas soltas, que permitem a circula\u00e7\u00e3o do ar, e que sejam de cores claras, uma vez que absorvem menos calor.<\/li>\n<li><strong>Procure \u00e1reas frescas:<\/strong> Sempre que poss\u00edvel, permane\u00e7a em locais com ar-condicionado ou que tenham sombra, e evite ambientes fechados e abafados.<\/li>\n<li><strong>Monitore sua sa\u00fade:<\/strong> Esteja atento aos sinais de exaust\u00e3o e desidrata\u00e7\u00e3o. Em caso de sintomas, procure assist\u00eancia m\u00e9dica imediatamente.<\/li>\n<\/ul>\n<p>Al\u00e9m disso, a defesa civil sugere que as pessoas, especialmente aquelas que cuidam de idosos e crian\u00e7as, fiquem atentas ao bem-estar de seus familiares e vizinhos, criando uma rede de apoio comunit\u00e1rio.<\/p>\n<h2>Como se Proteger da Onda de Calor<\/h2>\n<p>Proteger-se durante uma onda de calor \u00e9 essencial para garantir a sa\u00fade e o bem-estar. Seguem algumas dicas pr\u00e1ticas:<\/p>\n<ul>\n<li><strong>Crie um ambiente fresco em casa:<\/strong> Use ventiladores ou ar-condicionado, se poss\u00edvel, e mantenha janelas e cortinas fechadas. O isolamento t\u00e9rmico \u00e9 uma excelente maneira de manter a temperatura interna mais amena.<\/li>\n<li><strong>Alimenta\u00e7\u00e3o leve:<\/strong> Opte por refei\u00e7\u00f5es leves e frescas, como saladas e frutas, que n\u00e3o exigem um longo tempo de preparo e ajudam a manter a hidrata\u00e7\u00e3o.<\/li>\n<li><strong>Atividades f\u00edsicas:<\/strong> Se for se exercitar, prefira realizar atividades f\u00edsicas em hor\u00e1rios mais frescos, como de manh\u00e3 cedo ou \u00e0 noite.<\/li>\n<li><strong>Cuidar de pets:<\/strong> Assim como humanos, os animais tamb\u00e9m sofrem com as altas temperaturas. Certifique-se de que seus pets tenham acesso a \u00e1gua fresca e sombra.<\/li>\n<li><strong>Monitorar informa\u00e7\u00f5es clim\u00e1ticas:<\/strong> Sempre fique atento \u00e0s previs\u00f5es do tempo e alertas emitidos pelas autoridades. Aplicativos de clima e redes sociais podem fornecer informa\u00e7\u00f5es atualizadas em tempo real.<\/li>\n<\/ul>\n<p>Tendo em mente essas orienta\u00e7\u00f5es, \u00e9 poss\u00edvel reduzir o impacto negativo das ondas de calor e garantir que todos possam atravessar esses per\u00edodos cr\u00edticos com sa\u00fade e seguran\u00e7a.<\/p>\n<h2>Import\u00e2ncia da Hidrata\u00e7\u00e3o<\/h2>\n<p>A hidrata\u00e7\u00e3o adequada \u00e9 um dos aspectos mais relevantes quando falamos sobre ondas de calor. O corpo humano \u00e9 composto por cerca de 60% de \u00e1gua, e essa porcentagem deve ser mantida para garantir o funcionamento saud\u00e1vel de todos os sistemas corporais.<\/p>\n<p>Durante per\u00edodos de calor excessivo, a perda de fluidos ocorre rapidamente atrav\u00e9s do suor. Quando n\u00e3o h\u00e1 reposi\u00e7\u00e3o adequada, o corpo pode se tornar desidratado, levando a complica\u00e7\u00f5es s\u00e9rias, incluindo:<\/p>\n<ul>\n<li><strong>Desidrata\u00e7\u00e3o leve:<\/strong> Sinais iniciais como sede intensa, boca seca e urina escura.<\/li>\n<li><strong>Desidrata\u00e7\u00e3o moderada a grave:<\/strong> Pode resultar em tonturas, fraqueza muscular, batimentos card\u00edacos irregulares, e riscos de golpe de calor.<\/li>\n<\/ul>\n<p>Conforme discutido anteriormente, \u00e9 fundamental ingerir \u00e1gua regularmente, mesmo se n\u00e3o houver a sensa\u00e7\u00e3o de sede. Outras fontes de hidrata\u00e7\u00e3o incluem:<\/p>\n<ul>\n<li><strong>Frutas e vegetais:<\/strong> Muitas frutas, como melancia, e vegetais, como pepino, t\u00eam alto teor de \u00e1gua.<\/li>\n<li><strong>Bebidas isot\u00f4nicas:<\/strong> S\u00e3o \u00fateis para repor eletr\u00f3litos perdidos durante a transpira\u00e7\u00e3o intensa.<\/li>\n<\/ul>\n<p>Por isso, manter-se hidratado \u00e9 uma das maneiras mais eficazes de proteger sua sa\u00fade durante uma onda de calor.<\/p>\n<h2>Impacto na Economia Local<\/h2>\n<p>Ondas de calor n\u00e3o apenas afetam a sa\u00fade p\u00fablica, mas tamb\u00e9m t\u00eam um impacto significativo na economia local. Setores como agricultura, turismo e servi\u00e7os podem sentir os efeitos das altas temperaturas. Abaixo, exploramos como isso acontece:<\/p>\n<ul>\n<li><strong>Agricultura:<\/strong> O calor extremo pode prejudicar as colheitas, levando a uma redu\u00e7\u00e3o da produ\u00e7\u00e3o agr\u00edcola. Culturas que n\u00e3o s\u00e3o adaptadas a altas temperaturas podem sofrer danos irrevers\u00edveis, impactando o abastecimento e os pre\u00e7os dos alimentos.<\/li>\n<li><strong>Turismo:<\/strong> Em algumas regi\u00f5es, um aumento anormal nas temperaturas pode afastar turistas que normalmente visitam durante o ver\u00e3o, fazendo com que empres\u00e1rios locais enfrentem baixa receita.<\/li>\n<li><strong>Sa\u00fade p\u00fablica:<\/strong> O aumento dos custos com servi\u00e7os de sa\u00fade devido a emerg\u00eancias causadas pelo calor pode pressionar o or\u00e7amento p\u00fablico e impactar outras \u00e1reas.<\/li>\n<\/ul>\n<p>Diante desses desafios, a resili\u00eancia econ\u00f4mica em face das ondas de calor se torna um fator essencial para a sustentabilidade das comunidades, exigindo que autoridades locais e cidad\u00e3os atuem juntos em estrat\u00e9gias de adapta\u00e7\u00e3o.<\/p>\n<h2>Dicas para Evitar Desidrata\u00e7\u00e3o<\/h2>\n<p>A seguir, apresentamos algumas dicas pr\u00e1ticas e eficazes para evitar a desidrata\u00e7\u00e3o, especialmente durante ondas de calor:<\/p>\n<ul>\n<li><strong>Use alarmes para lembrar-se de beber \u00e1gua:<\/strong> Defina alarmes no celular ou recaute sinalizadores na casa que lembrem a voc\u00ea de se hidratar.<\/li>\n<li><strong>Leve \u00e1gua sempre com voc\u00ea:<\/strong> Tenha uma garrafinha de \u00e1gua consigo ao sair, para garantir que voc\u00ea possa beber quando necess\u00e1rio.<\/li>\n<li><strong>Intercale bebidas:<\/strong> Ao consumir bebidas n\u00e3o-alco\u00f3licas, intercale-as com copos de \u00e1gua. Isso ajuda a manter a hidrata\u00e7\u00e3o sem sobrecarregar o sistema com a\u00e7\u00facar ou cafe\u00edna.<\/li>\n<li><strong>Crie um desafio de hidrata\u00e7\u00e3o:<\/strong> Se estiver em grupo, promova um desafio relacionado \u00e0 ingest\u00e3o de \u00e1gua e fa\u00e7a os participantes se motivarem a beber mais.<\/li>\n<\/ul>\n<p>Essas pequenas pr\u00e1ticas podem fazer uma grande diferen\u00e7a durante ondas de calor.<\/p>\n<h2>Consequ\u00eancias das Altas Temperaturas<\/h2>\n<p>Como j\u00e1 mencionado, as altas temperaturas t\u00eam diversas consequ\u00eancias, que v\u00e3o al\u00e9m de quest\u00f5es de sa\u00fade. Veja a seguir algumas das principais implica\u00e7\u00f5es:<\/p>\n<ul>\n<li><strong>Estresse t\u00e9rmico:<\/strong> O corpo humano \u00e9 colocado sob estresse elevado, o que pode provocar fadiga e descontentamento entre as pessoas.<\/li>\n<li><strong>Aumento de inc\u00eandios:<\/strong> Combinado com a seca, o calor extremo aumenta o risco de inc\u00eandios florestais, podendo devastar \u00e1reas verdes e causar perda de habitat.<\/li>\n<li><strong>Buraco na camada de oz\u00f4nio:<\/strong> Quanto mais quente, mais dif\u00edcil \u00e9 restaurar compostos qu\u00edmicos que afetam a camada de oz\u00f4nio, impactando o meio ambiente.<\/li>\n<li><strong>Altera\u00e7\u00f5es na fauna e flora:<\/strong> O clima extremo pode levar v\u00e1rias esp\u00e9cies a perderem seu habitat natural, alterando todo o ecossistema local.<\/li>\n<\/ul>\n<p>Dessa forma, os impactos das ondas de calor s\u00e3o complexos e exigem aten\u00e7\u00e3o continua.<\/p>\n<h2>Monitorando a Previs\u00e3o do Tempo<\/h2>\n<p>Por fim, \u00e9 essencial monitorar regularmente a previs\u00e3o do tempo. Isso n\u00e3o s\u00f3 ajuda a se preparar para ondas de calor, mas tamb\u00e9m pode informar sobre outras condi\u00e7\u00f5es clim\u00e1ticas adversas. Algumas dicas incluem:<\/p>\n<ul>\n<li><strong>Utilize aplicativos de clima:<\/strong> Aplicativos como Climatempo, Weather.com e AccuWeather oferecem atualiza\u00e7\u00f5es di\u00e1rias e alertas em tempo real, ajudando voc\u00ea a se manter informado.<\/li>\n<li><strong>Ou\u00e7a esta\u00e7\u00f5es de r\u00e1dio locais:<\/strong> Muitas vezes, informa\u00e7\u00f5es \u00fateis s\u00e3o compartilhadas por r\u00e1dios durante per\u00edodos cr\u00edticos, ajudando a disseminar avisos de seguran\u00e7a.<\/li>\n<li><strong>Fique atento a redes sociais:<\/strong> Muitas vezes, \u00f3rg\u00e3os governamentais divulgam alertas e orienta\u00e7\u00f5es nas redes sociais. Seguir seus perfis pode garantir que voc\u00ea fique bem informado.<\/li>\n<\/ul>\n<p>Com a informa\u00e7\u00e3o correta, ser\u00e1 mais f\u00e1cil tomar decis\u00f5es acertadas e manter a seguran\u00e7a e a sa\u00fade durante as ondas de calor.<\/p>\n","protected":false},"excerpt":{"rendered":"<p>Alerta vermelho de onda de calor impacta sa\u00fade de Pouso Alegre e regi\u00e3o.<\/p>\n","protected":false},"author":1,"featured_media":4377,"comment_status":"open","ping_status":"open","sticky":false,"template":"","format":"standard","meta":{"footnotes":""},"categories":[5],"tags":[],"class_list":["post-4378","post","type-post","status-publish","format-standard","has-post-thumbnail","hentry","category-noticias","has_thumb"],"yoast_head":"<!-- This site is optimized with the Yoast SEO plugin v26.3 - https:\/\/yoast.com\/wordpress\/plugins\/seo\/ -->\n<title>INMET emite alerta vermelho de onda de calor com riscos \u00e0 sa\u00fade em Pouso Alegre e Regi\u00e3o at\u00e9 segunda | Encontra Itajub\u00e1<\/title>\n<meta name=\"robots\" content=\"index, follow, max-snippet:-1, max-image-preview:large, max-video-preview:-1\" \/>\n<link rel=\"canonical\" href=\"https:\/\/www.encontraminasgerais.com.br\/itajuba\/inmet-emite-alerta-vermelho-de-onda-de-calor-com-riscos-a-saude-em-pouso-alegre-e-regiao-ate-segunda\/\" \/>\n<meta property=\"og:locale\" content=\"pt_BR\" \/>\n<meta property=\"og:type\" content=\"article\" \/>\n<meta property=\"og:title\" content=\"INMET emite alerta vermelho de onda de calor com riscos \u00e0 sa\u00fade em Pouso Alegre e Regi\u00e3o at\u00e9 segunda | Encontra Itajub\u00e1\" \/>\n<meta property=\"og:description\" content=\"Alerta vermelho de onda de calor impacta sa\u00fade de Pouso Alegre e regi\u00e3o.\" \/>\n<meta property=\"og:url\" content=\"https:\/\/www.encontraminasgerais.com.br\/itajuba\/inmet-emite-alerta-vermelho-de-onda-de-calor-com-riscos-a-saude-em-pouso-alegre-e-regiao-ate-segunda\/\" \/>\n<meta property=\"og:site_name\" content=\"Encontra Itajub\u00e1\" \/>\n<meta property=\"article:published_time\" content=\"2025-12-28T13:28:00+00:00\" \/>\n<meta property=\"og:image\" content=\"https:\/\/www.encontraminasgerais.com.br\/itajuba\/wp-content\/uploads\/2025\/12\/inmet-emite-alerta-vermelho-de-onda-de-calor-com-riscos-a-saude-em-pouso-alegre-e-regiao-ate-segunda.webp\" \/>\n<meta name=\"author\" content=\"Encontra Itajub\u00e1\" \/>\n<meta name=\"twitter:card\" content=\"summary_large_image\" \/>\n<meta name=\"twitter:label1\" content=\"Escrito por\" \/>\n\t<meta name=\"twitter:data1\" content=\"Encontra Itajub\u00e1\" \/>\n\t<meta name=\"twitter:label2\" content=\"Est. tempo de leitura\" \/>\n\t<meta name=\"twitter:data2\" content=\"9 minutos\" \/>\n<script type=\"application\/ld+json\" class=\"yoast-schema-graph\">{\"@context\":\"https:\/\/schema.org\",\"@graph\":[{\"@type\":\"WebPage\",\"@id\":\"https:\/\/www.encontraminasgerais.com.br\/itajuba\/inmet-emite-alerta-vermelho-de-onda-de-calor-com-riscos-a-saude-em-pouso-alegre-e-regiao-ate-segunda\/\",\"url\":\"https:\/\/www.encontraminasgerais.com.br\/itajuba\/inmet-emite-alerta-vermelho-de-onda-de-calor-com-riscos-a-saude-em-pouso-alegre-e-regiao-ate-segunda\/\",\"name\":\"INMET emite alerta vermelho de onda de calor com riscos \u00e0 sa\u00fade em Pouso Alegre e Regi\u00e3o at\u00e9 segunda | Encontra Itajub\u00e1\",\"isPartOf\":{\"@id\":\"https:\/\/www.encontraminasgerais.com.br\/itajuba\/#website\"},\"primaryImageOfPage\":{\"@id\":\"https:\/\/www.encontraminasgerais.com.br\/itajuba\/inmet-emite-alerta-vermelho-de-onda-de-calor-com-riscos-a-saude-em-pouso-alegre-e-regiao-ate-segunda\/#primaryimage\"},\"image\":{\"@id\":\"https:\/\/www.encontraminasgerais.com.br\/itajuba\/inmet-emite-alerta-vermelho-de-onda-de-calor-com-riscos-a-saude-em-pouso-alegre-e-regiao-ate-segunda\/#primaryimage\"},\"thumbnailUrl\":\"https:\/\/www.encontraminasgerais.com.br\/itajuba\/wp-content\/uploads\/2025\/12\/inmet-emite-alerta-vermelho-de-onda-de-calor-com-riscos-a-saude-em-pouso-alegre-e-regiao-ate-segunda.webp\",\"datePublished\":\"2025-12-28T13:28:00+00:00\",\"author\":{\"@id\":\"https:\/\/www.encontraminasgerais.com.br\/itajuba\/#\/schema\/person\/d26674c083ec86b440752843a690de33\"},\"inLanguage\":\"pt-BR\",\"potentialAction\":[{\"@type\":\"ReadAction\",\"target\":[\"https:\/\/www.encontraminasgerais.com.br\/itajuba\/inmet-emite-alerta-vermelho-de-onda-de-calor-com-riscos-a-saude-em-pouso-alegre-e-regiao-ate-segunda\/\"]}]},{\"@type\":\"ImageObject\",\"inLanguage\":\"pt-BR\",\"@id\":\"https:\/\/www.encontraminasgerais.com.br\/itajuba\/inmet-emite-alerta-vermelho-de-onda-de-calor-com-riscos-a-saude-em-pouso-alegre-e-regiao-ate-segunda\/#primaryimage\",\"url\":\"https:\/\/www.encontraminasgerais.com.br\/itajuba\/wp-content\/uploads\/2025\/12\/inmet-emite-alerta-vermelho-de-onda-de-calor-com-riscos-a-saude-em-pouso-alegre-e-regiao-ate-segunda.webp\",\"contentUrl\":\"https:\/\/www.encontraminasgerais.com.br\/itajuba\/wp-content\/uploads\/2025\/12\/inmet-emite-alerta-vermelho-de-onda-de-calor-com-riscos-a-saude-em-pouso-alegre-e-regiao-ate-segunda.webp\",\"width\":320,\"height\":280,\"caption\":\"onda de calor\"},{\"@type\":\"WebSite\",\"@id\":\"https:\/\/www.encontraminasgerais.com.br\/itajuba\/#website\",\"url\":\"https:\/\/www.encontraminasgerais.com.br\/itajuba\/\",\"name\":\"Encontra Itajub\u00e1\",\"description\":\"ENCONTRA ITAJUB\u00c1 - O guia comercial de neg\u00f3cios e empresas, cultura e divers\u00e3o na cidade de Itajub\u00e1. Feito 100% para voc\u00ea morador!\",\"potentialAction\":[{\"@type\":\"SearchAction\",\"target\":{\"@type\":\"EntryPoint\",\"urlTemplate\":\"https:\/\/www.encontraminasgerais.com.br\/itajuba\/?s={search_term_string}\"},\"query-input\":{\"@type\":\"PropertyValueSpecification\",\"valueRequired\":true,\"valueName\":\"search_term_string\"}}],\"inLanguage\":\"pt-BR\"},{\"@type\":\"Person\",\"@id\":\"https:\/\/www.encontraminasgerais.com.br\/itajuba\/#\/schema\/person\/d26674c083ec86b440752843a690de33\",\"name\":\"Encontra Itajub\u00e1\",\"image\":{\"@type\":\"ImageObject\",\"inLanguage\":\"pt-BR\",\"@id\":\"https:\/\/www.encontraminasgerais.com.br\/itajuba\/#\/schema\/person\/image\/\",\"url\":\"https:\/\/secure.gravatar.com\/avatar\/c50c17820bcf322f0a8fd6b110b8c0918141409dc69076470f6fca5fee70a5d4?s=96&d=mm&r=g\",\"contentUrl\":\"https:\/\/secure.gravatar.com\/avatar\/c50c17820bcf322f0a8fd6b110b8c0918141409dc69076470f6fca5fee70a5d4?s=96&d=mm&r=g\",\"caption\":\"Encontra Itajub\u00e1\"},\"url\":\"https:\/\/www.encontraminasgerais.com.br\/itajuba\/author\/eitajuba\/\"}]}<\/script>\n<!-- \/ Yoast SEO plugin. -->","yoast_head_json":{"title":"INMET emite alerta vermelho de onda de calor com riscos \u00e0 sa\u00fade em Pouso Alegre e Regi\u00e3o at\u00e9 segunda | Encontra Itajub\u00e1","robots":{"index":"index","follow":"follow","max-snippet":"max-snippet:-1","max-image-preview":"max-image-preview:large","max-video-preview":"max-video-preview:-1"},"canonical":"https:\/\/www.encontraminasgerais.com.br\/itajuba\/inmet-emite-alerta-vermelho-de-onda-de-calor-com-riscos-a-saude-em-pouso-alegre-e-regiao-ate-segunda\/","og_locale":"pt_BR","og_type":"article","og_title":"INMET emite alerta vermelho de onda de calor com riscos \u00e0 sa\u00fade em Pouso Alegre e Regi\u00e3o at\u00e9 segunda | Encontra Itajub\u00e1","og_description":"Alerta vermelho de onda de calor impacta sa\u00fade de Pouso Alegre e regi\u00e3o.","og_url":"https:\/\/www.encontraminasgerais.com.br\/itajuba\/inmet-emite-alerta-vermelho-de-onda-de-calor-com-riscos-a-saude-em-pouso-alegre-e-regiao-ate-segunda\/","og_site_name":"Encontra Itajub\u00e1","article_published_time":"2025-12-28T13:28:00+00:00","og_image":[{"url":"https:\/\/www.encontraminasgerais.com.br\/itajuba\/wp-content\/uploads\/2025\/12\/inmet-emite-alerta-vermelho-de-onda-de-calor-com-riscos-a-saude-em-pouso-alegre-e-regiao-ate-segunda.webp","type":"","width":"","height":""}],"author":"Encontra Itajub\u00e1","twitter_card":"summary_large_image","twitter_misc":{"Escrito por":"Encontra Itajub\u00e1","Est. tempo de leitura":"9 minutos"},"schema":{"@context":"https:\/\/schema.org","@graph":[{"@type":"WebPage","@id":"https:\/\/www.encontraminasgerais.com.br\/itajuba\/inmet-emite-alerta-vermelho-de-onda-de-calor-com-riscos-a-saude-em-pouso-alegre-e-regiao-ate-segunda\/","url":"https:\/\/www.encontraminasgerais.com.br\/itajuba\/inmet-emite-alerta-vermelho-de-onda-de-calor-com-riscos-a-saude-em-pouso-alegre-e-regiao-ate-segunda\/","name":"INMET emite alerta vermelho de onda de calor com riscos \u00e0 sa\u00fade em Pouso Alegre e Regi\u00e3o at\u00e9 segunda | Encontra Itajub\u00e1","isPartOf":{"@id":"https:\/\/www.encontraminasgerais.com.br\/itajuba\/#website"},"primaryImageOfPage":{"@id":"https:\/\/www.encontraminasgerais.com.br\/itajuba\/inmet-emite-alerta-vermelho-de-onda-de-calor-com-riscos-a-saude-em-pouso-alegre-e-regiao-ate-segunda\/#primaryimage"},"image":{"@id":"https:\/\/www.encontraminasgerais.com.br\/itajuba\/inmet-emite-alerta-vermelho-de-onda-de-calor-com-riscos-a-saude-em-pouso-alegre-e-regiao-ate-segunda\/#primaryimage"},"thumbnailUrl":"https:\/\/www.encontraminasgerais.com.br\/itajuba\/wp-content\/uploads\/2025\/12\/inmet-emite-alerta-vermelho-de-onda-de-calor-com-riscos-a-saude-em-pouso-alegre-e-regiao-ate-segunda.webp","datePublished":"2025-12-28T13:28:00+00:00","author":{"@id":"https:\/\/www.encontraminasgerais.com.br\/itajuba\/#\/schema\/person\/d26674c083ec86b440752843a690de33"},"inLanguage":"pt-BR","potentialAction":[{"@type":"ReadAction","target":["https:\/\/www.encontraminasgerais.com.br\/itajuba\/inmet-emite-alerta-vermelho-de-onda-de-calor-com-riscos-a-saude-em-pouso-alegre-e-regiao-ate-segunda\/"]}]},{"@type":"ImageObject","inLanguage":"pt-BR","@id":"https:\/\/www.encontraminasgerais.com.br\/itajuba\/inmet-emite-alerta-vermelho-de-onda-de-calor-com-riscos-a-saude-em-pouso-alegre-e-regiao-ate-segunda\/#primaryimage","url":"https:\/\/www.encontraminasgerais.com.br\/itajuba\/wp-content\/uploads\/2025\/12\/inmet-emite-alerta-vermelho-de-onda-de-calor-com-riscos-a-saude-em-pouso-alegre-e-regiao-ate-segunda.webp","contentUrl":"https:\/\/www.encontraminasgerais.com.br\/itajuba\/wp-content\/uploads\/2025\/12\/inmet-emite-alerta-vermelho-de-onda-de-calor-com-riscos-a-saude-em-pouso-alegre-e-regiao-ate-segunda.webp","width":320,"height":280,"caption":"onda de calor"},{"@type":"WebSite","@id":"https:\/\/www.encontraminasgerais.com.br\/itajuba\/#website","url":"https:\/\/www.encontraminasgerais.com.br\/itajuba\/","name":"Encontra Itajub\u00e1","description":"ENCONTRA ITAJUB\u00c1 - O guia comercial de neg\u00f3cios e empresas, cultura e divers\u00e3o na cidade de Itajub\u00e1. Feito 100% para voc\u00ea morador!","potentialAction":[{"@type":"SearchAction","target":{"@type":"EntryPoint","urlTemplate":"https:\/\/www.encontraminasgerais.com.br\/itajuba\/?s={search_term_string}"},"query-input":{"@type":"PropertyValueSpecification","valueRequired":true,"valueName":"search_term_string"}}],"inLanguage":"pt-BR"},{"@type":"Person","@id":"https:\/\/www.encontraminasgerais.com.br\/itajuba\/#\/schema\/person\/d26674c083ec86b440752843a690de33","name":"Encontra Itajub\u00e1","image":{"@type":"ImageObject","inLanguage":"pt-BR","@id":"https:\/\/www.encontraminasgerais.com.br\/itajuba\/#\/schema\/person\/image\/","url":"https:\/\/secure.gravatar.com\/avatar\/c50c17820bcf322f0a8fd6b110b8c0918141409dc69076470f6fca5fee70a5d4?s=96&d=mm&r=g","contentUrl":"https:\/\/secure.gravatar.com\/avatar\/c50c17820bcf322f0a8fd6b110b8c0918141409dc69076470f6fca5fee70a5d4?s=96&d=mm&r=g","caption":"Encontra Itajub\u00e1"},"url":"https:\/\/www.encontraminasgerais.com.br\/itajuba\/author\/eitajuba\/"}]}},"_links":{"self":[{"href":"https:\/\/www.encontraminasgerais.com.br\/itajuba\/wp-json\/wp\/v2\/posts\/4378","targetHints":{"allow":["GET"]}}],"collection":[{"href":"https:\/\/www.encontraminasgerais.com.br\/itajuba\/wp-json\/wp\/v2\/posts"}],"about":[{"href":"https:\/\/www.encontraminasgerais.com.br\/itajuba\/wp-json\/wp\/v2\/types\/post"}],"author":[{"embeddable":true,"href":"https:\/\/www.encontraminasgerais.com.br\/itajuba\/wp-json\/wp\/v2\/users\/1"}],"replies":[{"embeddable":true,"href":"https:\/\/www.encontraminasgerais.com.br\/itajuba\/wp-json\/wp\/v2\/comments?post=4378"}],"version-history":[{"count":0,"href":"https:\/\/www.encontraminasgerais.com.br\/itajuba\/wp-json\/wp\/v2\/posts\/4378\/revisions"}],"wp:featuredmedia":[{"embeddable":true,"href":"https:\/\/www.encontraminasgerais.com.br\/itajuba\/wp-json\/wp\/v2\/media\/4377"}],"wp:attachment":[{"href":"https:\/\/www.encontraminasgerais.com.br\/itajuba\/wp-json\/wp\/v2\/media?parent=4378"}],"wp:term":[{"taxonomy":"category","embeddable":true,"href":"https:\/\/www.encontraminasgerais.com.br\/itajuba\/wp-json\/wp\/v2\/categories?post=4378"},{"taxonomy":"post_tag","embeddable":true,"href":"https:\/\/www.encontraminasgerais.com.br\/itajuba\/wp-json\/wp\/v2\/tags?post=4378"}],"curies":[{"name":"wp","href":"https:\/\/api.w.org\/{rel}","templated":true}]}}