{"id":4380,"date":"2025-12-28T08:08:00","date_gmt":"2025-12-28T11:08:00","guid":{"rendered":"https:\/\/www.encontraminasgerais.com.br\/itajuba\/webinario-traz-balanco-do-novo-par-e-perspectivas-para-2026\/"},"modified":"2025-12-28T08:08:00","modified_gmt":"2025-12-28T11:08:00","slug":"webinario-traz-balanco-do-novo-par-e-perspectivas-para-2026","status":"publish","type":"post","link":"https:\/\/www.encontraminasgerais.com.br\/itajuba\/webinario-traz-balanco-do-novo-par-e-perspectivas-para-2026\/","title":{"rendered":"Webin\u00e1rio traz balan\u00e7o do Novo PAR e perspectivas para 2026"},"content":{"rendered":"<h2>O Que \u00c9 o Novo PAR?<\/h2>\n<p>O Novo Plano de A\u00e7\u00f5es Articuladas (Novo PAR) \u00e9 uma iniciativa do Minist\u00e9rio da Educa\u00e7\u00e3o (MEC) que busca melhorar a gest\u00e3o e a qualidade da educa\u00e7\u00e3o p\u00fablica no Brasil. Lan\u00e7ado como parte de um esfor\u00e7o cont\u00ednuo para promover uma educa\u00e7\u00e3o b\u00e1sica mais eficiente, o Novo PAR visa articular a\u00e7\u00f5es entre os diversos n\u00edveis de ensino e as diferentes esferas de governo, para garantir que recursos e iniciativas sejam melhor utilizados em benef\u00edcio dos alunos e das institui\u00e7\u00f5es de ensino.<\/p>\n<p>Este plano envolve colabora\u00e7\u00e3o entre secretarias de educa\u00e7\u00e3o estaduais e municipais, focando em aspectos como a forma\u00e7\u00e3o de professores, a infraestrutura escolar, a gest\u00e3o pedag\u00f3gica e financeira, entre outros. O Novo PAR se diferencia de sua vers\u00e3o anterior ao enfatizar a necessidade de um monitoramento constante e da avalia\u00e7\u00e3o dos resultados das a\u00e7\u00f5es implementadas, garantindo assim que as pol\u00edticas educacionais sejam adaptativas e respondam efetivamente \u00e0s necessidades das escolas e alunos.<\/p>\n<h2>Principais Resultados do Webin\u00e1rio<\/h2>\n<p>No dia 22 de dezembro de 2025, o MEC realizou um webin\u00e1rio que trouxe um balan\u00e7o do Novo PAR e apresentou perspectivas para o futuro. Durante o evento, foram destacadas as a\u00e7\u00f5es formativas desenvolvidas ao longo de 2025. Uma das principais conquistas foi a realiza\u00e7\u00e3o de uma forma\u00e7\u00e3o imersiva em Itajub\u00e1, em Minas Gerais, que ofereceu capacita\u00e7\u00e3o para educadores e gestores. Este evento foi crucial para a troca de experi\u00eancias e o fortalecimento das redes de ensino.<\/p>\n<p><img decoding=\"async\" src=\"https:\/\/www.encontraminasgerais.com.br\/itajuba\/wp-content\/uploads\/2025\/12\/webinario-traz-balanco-do-novo-par-e-perspectivas-para-2026.webp\" alt=\"Novo PAR\" loading=\"lazy\" \/><\/p>\n<p>Al\u00e9m das forma\u00e7\u00f5es presenciais, o webin\u00e1rio tamb\u00e9m abordou a realiza\u00e7\u00e3o de sete encontros s\u00edncronos e sete lives, que permitiram uma intera\u00e7\u00e3o mais din\u00e2mica entre os participantes. A utiliza\u00e7\u00e3o de ferramentas digitais, como o Power BI, para monitorar as a\u00e7\u00f5es do Novo PAR, foi outro ponto destacado, garantindo que os dados coletados pudessem ser usados para uma gest\u00e3o mais eficiente e baseada em evid\u00eancias.<\/p>\n<h2>A Import\u00e2ncia da Governan\u00e7a no Novo PAR<\/h2>\n<p>A governan\u00e7a \u00e9 um aspecto fundamental do Novo PAR, sendo estabelecida por meio da recente Portaria MEC n\u00ba 842\/2025. Essa normativa institui um grupo de trabalho consultivo que tem como objetivo aprimorar a estrutura de governan\u00e7a do quinto ciclo deste plano, que abrange o per\u00edodo de 2025 a 2028. O grupo ser\u00e1 respons\u00e1vel por definir diretrizes, cronogramas e um modelo de governan\u00e7a que possibilite um melhor acompanhamento das a\u00e7\u00f5es implementadas nas escolas.<\/p>\n<p>Uma gest\u00e3o bem estruturada \u00e9 essencial para que as pol\u00edticas educacionais sejam efetivas e sustent\u00e1veis. Dessa forma, o Novo PAR n\u00e3o apenas foca na execu\u00e7\u00e3o das a\u00e7\u00f5es, mas tamb\u00e9m garante um acompanhamento regular e criterioso, permitindo ajustes e adapta\u00e7\u00f5es conforme as necessidades que surgem ao longo do ciclo. A proposta de refor\u00e7o na governan\u00e7a \u00e9 uma estrat\u00e9gia positiva, pois busca envolver diferentes interessados, desde a base das escolas at\u00e9 a alta administra\u00e7\u00e3o, promovendo uma gest\u00e3o cooperativa e inclusiva.<\/p>\n<h2>O Papel dos Articuladores na Rede RenaPAR<\/h2>\n<p>A Rede Nacional de Assist\u00eancia T\u00e9cnica e Forma\u00e7\u00e3o (RenaPAR) desempenha um papel crucial dentro do Novo PAR, pois \u00e9 composta por articuladores que trabalham em conjunto com os munic\u00edpios para implementar as pol\u00edticas educacionais de forma eficaz. Esses profissionais est\u00e3o na linha de frente, empenhando-se para facilitar a comunica\u00e7\u00e3o entre o MEC e as secretarias de educa\u00e7\u00e3o, bem como entre os munic\u00edpios e as escolas. <\/p>\n<p>Os articuladores da RenaPAR s\u00e3o respons\u00e1veis por oferecer suporte t\u00e9cnico e capacita\u00e7\u00e3o, al\u00e9m de promover uma troca de experi\u00eancias entre os diversos atores envolvidos no processo educacional. Eles atuam na orienta\u00e7\u00e3o sobre o uso de ferramentas tecnol\u00f3gicas, monitoramento de progresso e pr\u00e1ticas pedag\u00f3gicas inovadoras, contribuindo para um aprimoramento cont\u00ednuo das redes de ensino. Este trabalho colaborativo \u00e9 fundamental para assegurar que as a\u00e7\u00f5es previstas no Novo PAR sejam efetivamente implementadas, atingindo os objetivos educacionais propostos.<\/p>\n<h2>Perspectivas para 2026<\/h2>\n<p>Com as recentes iniciativas e resultados apresentados, as perspectivas para 2026 s\u00e3o promissoras. O foco do Novo PAR continua a ser a melhoria da educa\u00e7\u00e3o b\u00e1sica, com \u00eanfase em resultados que possam ser acompanhados e avaliados de forma sistem\u00e1tica. O MEC planeja expandir as a\u00e7\u00f5es formativas e aumentar a intera\u00e7\u00e3o entre os diferentes n\u00edveis de governo para garantir que todos os alunos tenham acesso a uma educa\u00e7\u00e3o de qualidade.<\/p>\n<p>Al\u00e9m disso, a expectativa \u00e9 que o grupo de trabalho estabelecido pela Portaria MEC n\u00ba 842\/2025 proponha novas diretrizes e estrat\u00e9gias que, alinhadas \u00e0s experi\u00eancias anteriores, possam levar a inova\u00e7\u00f5es significativas no campo educacional. Os dados coletados ao longo de 2025 servir\u00e3o de base para informar as decis\u00f5es futuras e permitir um aprimoramento constante dos mecanismos de governan\u00e7a e acompanhamento das a\u00e7\u00f5es do Novo PAR.<\/p>\n<h2>Relat\u00f3rios de Atividades e Monitoramento<\/h2>\n<p>O acompanhamento das atividades implementadas por meio do Novo PAR \u00e9 essencial para avaliar a efic\u00e1cia das interven\u00e7\u00f5es realizadas nas escolas. Durante o webin\u00e1rio, foram apresentados dois relat\u00f3rios de atividades, com um terceiro em fase de finaliza\u00e7\u00e3o. Esses documentos t\u00eam como frente a an\u00e1lise das a\u00e7\u00f5es desenvolvidas e as principais dificuldades encontradas, servindo como instrumento de transpar\u00eancia e presta\u00e7\u00e3o de contas.<\/p>\n<p>Os relat\u00f3rios permitem que as partes interessadas identifiquem quais medidas foram bem-sucedidas e onde \u00e9 necess\u00e1rio realizar ajustes. O uso de ferramentas de monitoramento, como o Power BI, facilita a visualiza\u00e7\u00e3o dos impactos e resultados, permitindo decis\u00f5es mais embasadas que beneficiar\u00e3o a gest\u00e3o educacional em toda a rede. Esta abordagem orientada por dados \u00e9 fundamental para garantir a relev\u00e2ncia e efic\u00e1cia das a\u00e7\u00f5es do Novo PAR ao longo dos pr\u00f3ximos anos.<\/p>\n<h2>Encontros Formativos Realizados<\/h2>\n<p>Uma das caracter\u00edsticas positivas do Novo PAR s\u00e3o os encontros formativos que foram realizados ao longo do ano. Em 2025, sete encontros s\u00edncronos e sete lives foram promovidos para reunir educadores, gestores e articuladores, oferecendo um espa\u00e7o para a troca de experi\u00eancias e a dissemina\u00e7\u00e3o de boas pr\u00e1ticas.<\/p>\n<p>Esses encontros foram fundamentais para compartilhar conhecimentos sobre temas pertinentes \u00e0 gest\u00e3o educacional, como forma\u00e7\u00e3o de professores, aprimoramento curricular e utiliza\u00e7\u00e3o de tecnologia na educa\u00e7\u00e3o. As forma\u00e7\u00f5es imersivas proporcionaram um aprendizado significativo, permitindo que os participantes aplicassem as novas metodologias em seus contextos espec\u00edficos. A intera\u00e7\u00e3o entre os profissionais tamb\u00e9m favoreceu a cria\u00e7\u00e3o de redes de apoio, essenciais para que as pr\u00e1ticas educacionais sejam mantidas e aprimoradas ao longo do tempo.<\/p>\n<h2>Diretrizes de Apoio T\u00e9cnico e Financeiro<\/h2>\n<p>As diretrizes de apoio t\u00e9cnico e financeiro s\u00e3o um aspecto cr\u00edtico do Novo PAR, estabelecendo a forma como o MEC apoiar\u00e1 as redes p\u00fablicas de educa\u00e7\u00e3o b\u00e1sica. A Portaria MEC n\u00ba 842\/2025 especifica a necessidade de oferecer suporte financeiro \u00e0s secretarias municipais, estaduais e distritais, de modo a garantir que elas possam implementar as a\u00e7\u00f5es previstas no plano.<\/p>\n<p>O suporte t\u00e9cnico busca fortalecer as capacidades locais, assegurando que as iniciativas sejam sustent\u00e1veis e adaptadas \u00e0s realidades de cada regi\u00e3o. A colabora\u00e7\u00e3o entre diferentes n\u00edveis de governo \u00e9 fundamental para proporcionar um ambiente educacional que permita a todos os alunos alcan\u00e7ar seus objetivos e desenvolver plenamente suas habilidades e talentos.<\/p>\n<h2>Ferramentas Utilizadas para Gest\u00e3o Educacional<\/h2>\n<p>Para um acompanhamento eficaz das a\u00e7\u00f5es do Novo PAR, v\u00e1rias ferramentas tecnol\u00f3gicas t\u00eam sido empregadas. O uso do Power BI, por exemplo, permite um monitoramento em tempo real dos dados coletados das escolas, facilitando a visualiza\u00e7\u00e3o dos resultados e a identifica\u00e7\u00e3o de \u00e1reas que necessitam de aten\u00e7\u00e3o. Essa ferramenta torna mais acess\u00edvel a an\u00e1lise de informa\u00e7\u00f5es, o que \u00e9 vital para uma gest\u00e3o educacional t\u00e3o complexa.<\/p>\n<p>Al\u00e9m disso, plataformas de comunica\u00e7\u00e3o e colabora\u00e7\u00e3o, como videoconfer\u00eancias e f\u00f3runs online, foram utilizadas para promover a intera\u00e7\u00e3o entre os articuladores e as equipes das escolas. Essas ferramentas s\u00e3o essenciais para garantir que, mesmo \u00e0 dist\u00e2ncia, o aprendizado e a troca de informa\u00e7\u00f5es entre as partes envolvidas sejam cont\u00ednuos e eficazes.<\/p>\n<h2>O Futuro da Educa\u00e7\u00e3o B\u00e1sica com o Novo PAR<\/h2>\n<p>O futuro da educa\u00e7\u00e3o b\u00e1sica no Brasil, com a implementa\u00e7\u00e3o do Novo PAR, parece promissor e recheado de oportunidades. A partir das a\u00e7\u00f5es realizadas e dos aprendizados adquiridos em 2025, espera-se que o modelo de gest\u00e3o educacional continue a evoluir. A \u00eanfase em dados, monitoramento e colabora\u00e7\u00e3o entre diferentes esferas do governo s\u00e3o passos fundamentais para garantir que todos os alunos tenham acesso a uma educa\u00e7\u00e3o de qualidade.<\/p>\n<p>Com a cria\u00e7\u00e3o de uma nova estrutura de governan\u00e7a e um plano de a\u00e7\u00e3o orientado por resultados, a expectativa \u00e9 que o Novo PAR contribua significativamente para a melhoria das condi\u00e7\u00f5es educativas no pa\u00eds. O engajamento de todos os envolvidos no processo educacional, desde professores at\u00e9 gestores e formuladores de pol\u00edticas, \u00e9 crucial para o sucesso das iniciativas e para que a educa\u00e7\u00e3o b\u00e1sica se torne a prioridade que ela merece.<\/p>\n","protected":false},"excerpt":{"rendered":"<p>Webin\u00e1rio apresenta balan\u00e7o do Novo PAR e expectativas para 2026.<\/p>\n","protected":false},"author":1,"featured_media":4379,"comment_status":"open","ping_status":"open","sticky":false,"template":"","format":"standard","meta":{"footnotes":""},"categories":[5],"tags":[],"class_list":["post-4380","post","type-post","status-publish","format-standard","has-post-thumbnail","hentry","category-noticias","has_thumb"],"yoast_head":"<!-- This site is optimized with the Yoast SEO plugin v26.3 - https:\/\/yoast.com\/wordpress\/plugins\/seo\/ -->\n<title>Webin\u00e1rio traz balan\u00e7o do Novo PAR e perspectivas para 2026 | Encontra Itajub\u00e1<\/title>\n<meta name=\"robots\" content=\"index, follow, max-snippet:-1, max-image-preview:large, max-video-preview:-1\" \/>\n<link rel=\"canonical\" href=\"https:\/\/www.encontraminasgerais.com.br\/itajuba\/webinario-traz-balanco-do-novo-par-e-perspectivas-para-2026\/\" \/>\n<meta property=\"og:locale\" content=\"pt_BR\" \/>\n<meta property=\"og:type\" content=\"article\" \/>\n<meta property=\"og:title\" content=\"Webin\u00e1rio traz balan\u00e7o do Novo PAR e perspectivas para 2026 | Encontra Itajub\u00e1\" \/>\n<meta property=\"og:description\" content=\"Webin\u00e1rio apresenta balan\u00e7o do Novo PAR e expectativas para 2026.\" \/>\n<meta property=\"og:url\" content=\"https:\/\/www.encontraminasgerais.com.br\/itajuba\/webinario-traz-balanco-do-novo-par-e-perspectivas-para-2026\/\" \/>\n<meta property=\"og:site_name\" content=\"Encontra Itajub\u00e1\" \/>\n<meta property=\"article:published_time\" content=\"2025-12-28T11:08:00+00:00\" \/>\n<meta property=\"og:image\" content=\"https:\/\/www.encontraminasgerais.com.br\/itajuba\/wp-content\/uploads\/2025\/12\/webinario-traz-balanco-do-novo-par-e-perspectivas-para-2026.webp\" \/>\n<meta name=\"author\" content=\"Encontra Itajub\u00e1\" \/>\n<meta name=\"twitter:card\" content=\"summary_large_image\" \/>\n<meta name=\"twitter:label1\" content=\"Escrito por\" \/>\n\t<meta name=\"twitter:data1\" content=\"Encontra Itajub\u00e1\" \/>\n\t<meta name=\"twitter:label2\" content=\"Est. tempo de leitura\" \/>\n\t<meta name=\"twitter:data2\" content=\"8 minutos\" \/>\n<script type=\"application\/ld+json\" class=\"yoast-schema-graph\">{\"@context\":\"https:\/\/schema.org\",\"@graph\":[{\"@type\":\"WebPage\",\"@id\":\"https:\/\/www.encontraminasgerais.com.br\/itajuba\/webinario-traz-balanco-do-novo-par-e-perspectivas-para-2026\/\",\"url\":\"https:\/\/www.encontraminasgerais.com.br\/itajuba\/webinario-traz-balanco-do-novo-par-e-perspectivas-para-2026\/\",\"name\":\"Webin\u00e1rio traz balan\u00e7o do Novo PAR e perspectivas para 2026 | Encontra Itajub\u00e1\",\"isPartOf\":{\"@id\":\"https:\/\/www.encontraminasgerais.com.br\/itajuba\/#website\"},\"primaryImageOfPage\":{\"@id\":\"https:\/\/www.encontraminasgerais.com.br\/itajuba\/webinario-traz-balanco-do-novo-par-e-perspectivas-para-2026\/#primaryimage\"},\"image\":{\"@id\":\"https:\/\/www.encontraminasgerais.com.br\/itajuba\/webinario-traz-balanco-do-novo-par-e-perspectivas-para-2026\/#primaryimage\"},\"thumbnailUrl\":\"https:\/\/www.encontraminasgerais.com.br\/itajuba\/wp-content\/uploads\/2025\/12\/webinario-traz-balanco-do-novo-par-e-perspectivas-para-2026.webp\",\"datePublished\":\"2025-12-28T11:08:00+00:00\",\"author\":{\"@id\":\"https:\/\/www.encontraminasgerais.com.br\/itajuba\/#\/schema\/person\/d26674c083ec86b440752843a690de33\"},\"inLanguage\":\"pt-BR\",\"potentialAction\":[{\"@type\":\"ReadAction\",\"target\":[\"https:\/\/www.encontraminasgerais.com.br\/itajuba\/webinario-traz-balanco-do-novo-par-e-perspectivas-para-2026\/\"]}]},{\"@type\":\"ImageObject\",\"inLanguage\":\"pt-BR\",\"@id\":\"https:\/\/www.encontraminasgerais.com.br\/itajuba\/webinario-traz-balanco-do-novo-par-e-perspectivas-para-2026\/#primaryimage\",\"url\":\"https:\/\/www.encontraminasgerais.com.br\/itajuba\/wp-content\/uploads\/2025\/12\/webinario-traz-balanco-do-novo-par-e-perspectivas-para-2026.webp\",\"contentUrl\":\"https:\/\/www.encontraminasgerais.com.br\/itajuba\/wp-content\/uploads\/2025\/12\/webinario-traz-balanco-do-novo-par-e-perspectivas-para-2026.webp\",\"width\":280,\"height\":280,\"caption\":\"Novo PAR\"},{\"@type\":\"WebSite\",\"@id\":\"https:\/\/www.encontraminasgerais.com.br\/itajuba\/#website\",\"url\":\"https:\/\/www.encontraminasgerais.com.br\/itajuba\/\",\"name\":\"Encontra Itajub\u00e1\",\"description\":\"ENCONTRA ITAJUB\u00c1 - O guia comercial de neg\u00f3cios e empresas, cultura e divers\u00e3o na cidade de Itajub\u00e1. Feito 100% para voc\u00ea morador!\",\"potentialAction\":[{\"@type\":\"SearchAction\",\"target\":{\"@type\":\"EntryPoint\",\"urlTemplate\":\"https:\/\/www.encontraminasgerais.com.br\/itajuba\/?s={search_term_string}\"},\"query-input\":{\"@type\":\"PropertyValueSpecification\",\"valueRequired\":true,\"valueName\":\"search_term_string\"}}],\"inLanguage\":\"pt-BR\"},{\"@type\":\"Person\",\"@id\":\"https:\/\/www.encontraminasgerais.com.br\/itajuba\/#\/schema\/person\/d26674c083ec86b440752843a690de33\",\"name\":\"Encontra Itajub\u00e1\",\"image\":{\"@type\":\"ImageObject\",\"inLanguage\":\"pt-BR\",\"@id\":\"https:\/\/www.encontraminasgerais.com.br\/itajuba\/#\/schema\/person\/image\/\",\"url\":\"https:\/\/secure.gravatar.com\/avatar\/c50c17820bcf322f0a8fd6b110b8c0918141409dc69076470f6fca5fee70a5d4?s=96&d=mm&r=g\",\"contentUrl\":\"https:\/\/secure.gravatar.com\/avatar\/c50c17820bcf322f0a8fd6b110b8c0918141409dc69076470f6fca5fee70a5d4?s=96&d=mm&r=g\",\"caption\":\"Encontra Itajub\u00e1\"},\"url\":\"https:\/\/www.encontraminasgerais.com.br\/itajuba\/author\/eitajuba\/\"}]}<\/script>\n<!-- \/ Yoast SEO plugin. -->","yoast_head_json":{"title":"Webin\u00e1rio traz balan\u00e7o do Novo PAR e perspectivas para 2026 | Encontra Itajub\u00e1","robots":{"index":"index","follow":"follow","max-snippet":"max-snippet:-1","max-image-preview":"max-image-preview:large","max-video-preview":"max-video-preview:-1"},"canonical":"https:\/\/www.encontraminasgerais.com.br\/itajuba\/webinario-traz-balanco-do-novo-par-e-perspectivas-para-2026\/","og_locale":"pt_BR","og_type":"article","og_title":"Webin\u00e1rio traz balan\u00e7o do Novo PAR e perspectivas para 2026 | Encontra Itajub\u00e1","og_description":"Webin\u00e1rio apresenta balan\u00e7o do Novo PAR e expectativas para 2026.","og_url":"https:\/\/www.encontraminasgerais.com.br\/itajuba\/webinario-traz-balanco-do-novo-par-e-perspectivas-para-2026\/","og_site_name":"Encontra Itajub\u00e1","article_published_time":"2025-12-28T11:08:00+00:00","og_image":[{"url":"https:\/\/www.encontraminasgerais.com.br\/itajuba\/wp-content\/uploads\/2025\/12\/webinario-traz-balanco-do-novo-par-e-perspectivas-para-2026.webp","type":"","width":"","height":""}],"author":"Encontra Itajub\u00e1","twitter_card":"summary_large_image","twitter_misc":{"Escrito por":"Encontra Itajub\u00e1","Est. tempo de leitura":"8 minutos"},"schema":{"@context":"https:\/\/schema.org","@graph":[{"@type":"WebPage","@id":"https:\/\/www.encontraminasgerais.com.br\/itajuba\/webinario-traz-balanco-do-novo-par-e-perspectivas-para-2026\/","url":"https:\/\/www.encontraminasgerais.com.br\/itajuba\/webinario-traz-balanco-do-novo-par-e-perspectivas-para-2026\/","name":"Webin\u00e1rio traz balan\u00e7o do Novo PAR e perspectivas para 2026 | Encontra Itajub\u00e1","isPartOf":{"@id":"https:\/\/www.encontraminasgerais.com.br\/itajuba\/#website"},"primaryImageOfPage":{"@id":"https:\/\/www.encontraminasgerais.com.br\/itajuba\/webinario-traz-balanco-do-novo-par-e-perspectivas-para-2026\/#primaryimage"},"image":{"@id":"https:\/\/www.encontraminasgerais.com.br\/itajuba\/webinario-traz-balanco-do-novo-par-e-perspectivas-para-2026\/#primaryimage"},"thumbnailUrl":"https:\/\/www.encontraminasgerais.com.br\/itajuba\/wp-content\/uploads\/2025\/12\/webinario-traz-balanco-do-novo-par-e-perspectivas-para-2026.webp","datePublished":"2025-12-28T11:08:00+00:00","author":{"@id":"https:\/\/www.encontraminasgerais.com.br\/itajuba\/#\/schema\/person\/d26674c083ec86b440752843a690de33"},"inLanguage":"pt-BR","potentialAction":[{"@type":"ReadAction","target":["https:\/\/www.encontraminasgerais.com.br\/itajuba\/webinario-traz-balanco-do-novo-par-e-perspectivas-para-2026\/"]}]},{"@type":"ImageObject","inLanguage":"pt-BR","@id":"https:\/\/www.encontraminasgerais.com.br\/itajuba\/webinario-traz-balanco-do-novo-par-e-perspectivas-para-2026\/#primaryimage","url":"https:\/\/www.encontraminasgerais.com.br\/itajuba\/wp-content\/uploads\/2025\/12\/webinario-traz-balanco-do-novo-par-e-perspectivas-para-2026.webp","contentUrl":"https:\/\/www.encontraminasgerais.com.br\/itajuba\/wp-content\/uploads\/2025\/12\/webinario-traz-balanco-do-novo-par-e-perspectivas-para-2026.webp","width":280,"height":280,"caption":"Novo PAR"},{"@type":"WebSite","@id":"https:\/\/www.encontraminasgerais.com.br\/itajuba\/#website","url":"https:\/\/www.encontraminasgerais.com.br\/itajuba\/","name":"Encontra Itajub\u00e1","description":"ENCONTRA ITAJUB\u00c1 - O guia comercial de neg\u00f3cios e empresas, cultura e divers\u00e3o na cidade de Itajub\u00e1. Feito 100% para voc\u00ea morador!","potentialAction":[{"@type":"SearchAction","target":{"@type":"EntryPoint","urlTemplate":"https:\/\/www.encontraminasgerais.com.br\/itajuba\/?s={search_term_string}"},"query-input":{"@type":"PropertyValueSpecification","valueRequired":true,"valueName":"search_term_string"}}],"inLanguage":"pt-BR"},{"@type":"Person","@id":"https:\/\/www.encontraminasgerais.com.br\/itajuba\/#\/schema\/person\/d26674c083ec86b440752843a690de33","name":"Encontra Itajub\u00e1","image":{"@type":"ImageObject","inLanguage":"pt-BR","@id":"https:\/\/www.encontraminasgerais.com.br\/itajuba\/#\/schema\/person\/image\/","url":"https:\/\/secure.gravatar.com\/avatar\/c50c17820bcf322f0a8fd6b110b8c0918141409dc69076470f6fca5fee70a5d4?s=96&d=mm&r=g","contentUrl":"https:\/\/secure.gravatar.com\/avatar\/c50c17820bcf322f0a8fd6b110b8c0918141409dc69076470f6fca5fee70a5d4?s=96&d=mm&r=g","caption":"Encontra Itajub\u00e1"},"url":"https:\/\/www.encontraminasgerais.com.br\/itajuba\/author\/eitajuba\/"}]}},"_links":{"self":[{"href":"https:\/\/www.encontraminasgerais.com.br\/itajuba\/wp-json\/wp\/v2\/posts\/4380","targetHints":{"allow":["GET"]}}],"collection":[{"href":"https:\/\/www.encontraminasgerais.com.br\/itajuba\/wp-json\/wp\/v2\/posts"}],"about":[{"href":"https:\/\/www.encontraminasgerais.com.br\/itajuba\/wp-json\/wp\/v2\/types\/post"}],"author":[{"embeddable":true,"href":"https:\/\/www.encontraminasgerais.com.br\/itajuba\/wp-json\/wp\/v2\/users\/1"}],"replies":[{"embeddable":true,"href":"https:\/\/www.encontraminasgerais.com.br\/itajuba\/wp-json\/wp\/v2\/comments?post=4380"}],"version-history":[{"count":0,"href":"https:\/\/www.encontraminasgerais.com.br\/itajuba\/wp-json\/wp\/v2\/posts\/4380\/revisions"}],"wp:featuredmedia":[{"embeddable":true,"href":"https:\/\/www.encontraminasgerais.com.br\/itajuba\/wp-json\/wp\/v2\/media\/4379"}],"wp:attachment":[{"href":"https:\/\/www.encontraminasgerais.com.br\/itajuba\/wp-json\/wp\/v2\/media?parent=4380"}],"wp:term":[{"taxonomy":"category","embeddable":true,"href":"https:\/\/www.encontraminasgerais.com.br\/itajuba\/wp-json\/wp\/v2\/categories?post=4380"},{"taxonomy":"post_tag","embeddable":true,"href":"https:\/\/www.encontraminasgerais.com.br\/itajuba\/wp-json\/wp\/v2\/tags?post=4380"}],"curies":[{"name":"wp","href":"https:\/\/api.w.org\/{rel}","templated":true}]}}