{"id":4382,"date":"2025-12-28T10:31:00","date_gmt":"2025-12-28T13:31:00","guid":{"rendered":"https:\/\/www.encontraminasgerais.com.br\/itajuba\/inmet-emite-alerta-laranja-para-onda-de-calor-com-riscos-a-saude-em-pouso-alegre-e-regiao-ate-sexta\/"},"modified":"2025-12-28T10:31:00","modified_gmt":"2025-12-28T13:31:00","slug":"inmet-emite-alerta-laranja-para-onda-de-calor-com-riscos-a-saude-em-pouso-alegre-e-regiao-ate-sexta","status":"publish","type":"post","link":"https:\/\/www.encontraminasgerais.com.br\/itajuba\/inmet-emite-alerta-laranja-para-onda-de-calor-com-riscos-a-saude-em-pouso-alegre-e-regiao-ate-sexta\/","title":{"rendered":"INMET emite alerta laranja para onda de calor com riscos \u00e0 sa\u00fade em Pouso Alegre e Regi\u00e3o at\u00e9 sexta"},"content":{"rendered":"<h2>O que \u00e9 o alerta de onda de calor?<\/h2>\n<p>O alerta de onda de calor \u00e9 uma notifica\u00e7\u00e3o emitida por institui\u00e7\u00f5es meteorol\u00f3gicas, como o Instituto Nacional de Meteorologia (INMET) no Brasil, para informar \u00e0 popula\u00e7\u00e3o sobre as condi\u00e7\u00f5es clim\u00e1ticas extremas que envolvem temperaturas anormalmente altas. Essa ferramenta \u00e9 crucial para a prote\u00e7\u00e3o da sa\u00fade p\u00fablica, uma vez que as ondas de calor podem levar a diversos problemas de sa\u00fade, especialmente entre os grupos mais vulner\u00e1veis, como crian\u00e7as e idosos.<\/p>\n<p>Basicamente, uma onda de calor \u00e9 caracterizada por um aumento significativo e prolongado da temperatura em uma determinada regi\u00e3o, que pode exceder em v\u00e1rios graus a m\u00e9dia hist\u00f3rica para aquele per\u00edodo. Por exemplo, um alerta pode ser emitido quando as temperaturas se mant\u00eam, por dias consecutivos, acima de 35\u00b0C, trazendo riscos \u00e0 sa\u00fade e ao bem-estar da popula\u00e7\u00e3o.<\/p>\n<p>As caracter\u00edsticas de uma onda de calor podem incluir ar extremamente seco, aumento da umidade e outras condi\u00e7\u00f5es clim\u00e1ticas que podem agravar os efeitos das altas temperaturas. O INMET utiliza cores e classifica\u00e7\u00f5es para alertar a popula\u00e7\u00e3o sobre a severidade da situa\u00e7\u00e3o, como por exemplo, alerta amarelo, laranja e vermelho, que v\u00e3o desde o &#8220;perigo potencial&#8221; at\u00e9 &#8220;grande perigo&#8221;.<\/p>\n<p><img decoding=\"async\" src=\"https:\/\/www.encontraminasgerais.com.br\/itajuba\/wp-content\/uploads\/2025\/12\/inmet-emite-alerta-laranja-para-onda-de-calor-com-riscos-a-saude-em-pouso-alegre-e-regiao-ate-sexta.webp\" alt=\"alerta de onda de calor\" loading=\"lazy\" \/><\/p>\n<h2>Riscos \u00e0 sa\u00fade associados ao calor extremo<\/h2>\n<p>As ondas de calor s\u00e3o fen\u00f4menos que podem afetar negativamente a sa\u00fade de diversos indiv\u00edduos, especialmente aqueles mais suscet\u00edveis. Os riscos \u00e0 sa\u00fade associados ao calor extremo incluem, mas n\u00e3o se limitam a:<\/p>\n<ul>\n<li><strong>Desidrata\u00e7\u00e3o:<\/strong> O corpo humano pode perder uma quantia significativa de \u00e1gua atrav\u00e9s do suor em temperaturas elevadas, levando \u00e0 desidrata\u00e7\u00e3o, que \u00e9 uma condi\u00e7\u00e3o que pode afetar adversamente a fun\u00e7\u00e3o renal e cardiovascular.<\/li>\n<li><strong>Problemas cardiovasculares:<\/strong> Altas temperaturas podem aumentar a carga sobre o cora\u00e7\u00e3o, levando a eventos como infarto do mioc\u00e1rdio, especialmente em pessoas com doen\u00e7as pr\u00e9-existentes.<\/li>\n<li><strong>Golpe de calor:<\/strong> Essa \u00e9 uma condi\u00e7\u00e3o severa que ocorre quando a temperatura do corpo ultrapassa os 40\u00b0C. Os sintomas incluem cefaleia intensa, confus\u00e3o mental e at\u00e9 perda de consci\u00eancia, sendo uma emerg\u00eancia m\u00e9dica que requer aten\u00e7\u00e3o imediata.<\/li>\n<li><strong>Exacerba\u00e7\u00e3o de doen\u00e7as respirat\u00f3rias:<\/strong> O calor extremo pode agravar condi\u00e7\u00f5es como asma e doen\u00e7as pulmonares obstrutivas, principalmente devido ao aumento da polui\u00e7\u00e3o e ao ressecamento do ar.<\/li>\n<li><strong>S\u00edndromes de estresse t\u00e9rmico:<\/strong> Pode incluir n\u00e3o apenas desidrata\u00e7\u00e3o, mas tamb\u00e9m c\u00e3ibras, exaust\u00e3o e outras rea\u00e7\u00f5es adversas ao calor.<\/li>\n<\/ul>\n<p>Diante desses riscos, \u00e9 fundamental que a popula\u00e7\u00e3o esteja ciente das recomenda\u00e7\u00f5es e precau\u00e7\u00f5es durante os per\u00edodos de onda de calor.<\/p>\n<h2>Como o INMET classifica os alertas de calor?<\/h2>\n<p>O Instituto Nacional de Meteorologia categoriza os alertas de calor em tr\u00eas n\u00edveis distintos de gravidade, a saber:<\/p>\n<ul>\n<li><strong>Alerta Amarelo:<\/strong> Este alerta indica um &#8220;perigo potencial&#8221; e sugere que as pessoas fiquem atentas \u00e0s mudan\u00e7as nas condi\u00e7\u00f5es clim\u00e1ticas. Recomenda-se cautela e vigil\u00e2ncia, especialmente para grupos vulner\u00e1veis.<\/li>\n<li><strong>Alerta Laranja:<\/strong> Este \u00e9 um aviso de &#8220;perigo&#8221; e significa que as condi\u00e7\u00f5es clim\u00e1ticas s\u00e3o graves e podem afetar a sa\u00fade das pessoas. Neste n\u00edvel, s\u00e3o sugeridas precau\u00e7\u00f5es s\u00e9rias para evitar riscos \u00e0 sa\u00fade.<\/li>\n<li><strong>Alerta Vermelho:<\/strong> O &#8220;grande perigo&#8221; representado por este alerta implica em uma condi\u00e7\u00e3o extremamente cr\u00edtica, exigindo que a popula\u00e7\u00e3o adote medidas urgentes de prote\u00e7\u00e3o. Pode envolver a recomenda\u00e7\u00e3o para que as atividades ao ar livre sejam evitadas e medidas de hidrata\u00e7\u00e3o sejam intensificadas.<\/li>\n<\/ul>\n<p>Esses alertas s\u00e3o amplamente divulgados atrav\u00e9s de diversos meios de comunica\u00e7\u00e3o, como r\u00e1dio, TV, internet e redes sociais, garantindo que a popula\u00e7\u00e3o receba informa\u00e7\u00f5es tempestivas sobre as condi\u00e7\u00f5es de calor que podem afetar sua sa\u00fade e seguran\u00e7a.<\/p>\n<h2>Cidades afetadas pelo alerta laranja<\/h2>\n<p>As cidades que podem ser afetadas pelo alerta laranja de onda de calor costumam estar geograficamente localizadas em regi\u00f5es vulner\u00e1veis a temperaturas extremas. De acordo com os dados mais recentes, o leste e o sul de Minas Gerais, por exemplo, s\u00e3o \u00e1reas frequentemente mencionadas em alertas, abrangendo munic\u00edpios como:<\/p>\n<ul>\n<li>Pouso Alegre<\/li>\n<li>Itajub\u00e1<\/li>\n<li>Po\u00e7os de Caldas<\/li>\n<li>Varginha<\/li>\n<li>Tr\u00eas Cora\u00e7\u00f5es<\/li>\n<\/ul>\n<p>Esses munic\u00edpios, entre outros, frequentemente enfrentam temperaturas acima do normal, especialmente durante o auge do ver\u00e3o. A meteorologia indica que, durante um alerta, as temperaturas podem se elevar entre 5\u00b0C a 10\u00b0C em rela\u00e7\u00e3o \u00e0 m\u00e9dia hist\u00f3rica, fazendo com que a aten\u00e7\u00e3o das autoridades de sa\u00fade p\u00fablica e da popula\u00e7\u00e3o seja redobrada para evitar ocorr\u00eancias de problemas de sa\u00fade.<\/p>\n<h2>Recomenda\u00e7\u00f5es da Defesa Civil durante ondas de calor<\/h2>\n<p>Durante ondas de calor, a Defesa Civil oferece diversas recomenda\u00e7\u00f5es para garantir a sa\u00fade e a seguran\u00e7a da popula\u00e7\u00e3o. Algumas das orienta\u00e7\u00f5es mais importantes incluem:<\/p>\n<ul>\n<li><strong>Hidrata\u00e7\u00e3o adequada:<\/strong> \u00c9 fundamental beber \u00e1gua mesmo quando a sede n\u00e3o estiver presente. A desidrata\u00e7\u00e3o pode ocorrer rapidamente em altas temperaturas, tornando-se um risco significativo.<\/li>\n<li><strong>Evitar atividades f\u00edsicas:<\/strong> Evitar a pr\u00e1tica de exerc\u00edcios ao ar livre durante os hor\u00e1rios mais quentes do dia, geralmente entre 10h e 17h, para minimizar riscos de exaust\u00e3o e desidrata\u00e7\u00e3o.<\/li>\n<li><strong>Limita\u00e7\u00e3o da exposi\u00e7\u00e3o ao sol:<\/strong> Usar chap\u00e9us, protetores solares e roupas leves quando for necess\u00e1rio sair ao sol. A exposi\u00e7\u00e3o prolongada ao calor pode levar a problemas de sa\u00fade relevantes.<\/li>\n<li><strong>Ambientes frescos:<\/strong> Ao permanecer em ambientes fechados, mantenha janelas abertas durante a noite, mas feche-as durante o dia para conservar a frescura. Se dispon\u00edvel, use ventiladores ou ar-condicionado para reduzir a temperatura interna.<\/li>\n<li><strong>Evite aglomera\u00e7\u00f5es:<\/strong> Em per\u00edodos de calor extremo, \u00e9 aconselh\u00e1vel evitar lugares muito cheios, especialmente em ambientes com ar-condicionado, onde o ressecamento do ar pode aumentar o risco de infec\u00e7\u00f5es nas vias a\u00e9reas.<\/li>\n<\/ul>\n<p>Seguir essas recomenda\u00e7\u00f5es pode fazer uma diferen\u00e7a significativa na sa\u00fade e bem-estar durante ondas de calor.<\/p>\n<h2>Sintomas de problemas de sa\u00fade causados pelo calor<\/h2>\n<p>Durante as ondas de calor, \u00e9 essencial estar atento aos sinais e sintomas que podem indicar um problema de sa\u00fade relacionado ao calor. Alguns dos sintomas mais comuns incluem:<\/p>\n<ul>\n<li><strong>C\u00e3ibras:<\/strong> Muitas vezes, podem ocorrer c\u00e3ibras musculares, particularmente em pessoas que est\u00e3o realizando atividades f\u00edsicas durante o calor intenso.<\/li>\n<li><strong>Exaust\u00e3o pelo calor:<\/strong> Os principais sintomas incluem fraqueza, tontura, n\u00e1useas e pele p\u00e1lida e suada. \u00c9 crucial para a sa\u00fade tomar medidas imediatas para se resfriar.<\/li>\n<li><strong>Golpe de calor:<\/strong> Sintomas cr\u00edticos a serem observados incluem uma temperatura corporal elevada (acima de 40\u00b0C), confus\u00e3o, perda de consci\u00eancia e batimentos card\u00edacos acelerados. Esta \u00e9 uma emerg\u00eancia m\u00e9dica que exige atendimento imediato.<\/li>\n<li><strong>Desidrata\u00e7\u00e3o:<\/strong> A desidrata\u00e7\u00e3o pode se manifestar atrav\u00e9s da sede intensa, boca seca, diminui\u00e7\u00e3o da produ\u00e7\u00e3o de urina e a urina se torna mais escura.<\/li>\n<\/ul>\n<p>Reconhecer os sinais do corpo e agir rapidamente em resposta a quaisquer sintomas preocupantes \u00e9 de suma import\u00e2ncia para evitar complica\u00e7\u00f5es graves durante ondas de calor.<\/p>\n<h2>A import\u00e2ncia da hidrata\u00e7\u00e3o em per\u00edodos quentes<\/h2>\n<p>A hidrata\u00e7\u00e3o \u00e9 um dos aspectos mais cr\u00edticos da sa\u00fade durante temperaturas elevadas. Em condi\u00e7\u00f5es de calor extremo, o corpo humano aponta para um aumento na produ\u00e7\u00e3o de suor, que \u00e9 essencial para regular a temperatura interna, mas que tamb\u00e9m resulta na perda de fluidos e eletr\u00f3litos. Portanto, a ingest\u00e3o adequada de \u00e1gua se torna vital:<\/p>\n<ul>\n<li><strong>Equil\u00edbrio de eletr\u00f3litos:<\/strong> Al\u00e9m da \u00e1gua, \u00e9 importante reabastecer os eletr\u00f3litos perdidos com bebidas ou alimentos que contenham s\u00f3dio, pot\u00e1ssio e outros minerais. Bebidas esportivas podem ser \u00fateis, mas a \u00e1gua ainda \u00e9 fundamental.<\/li>\n<li><strong>Frequentar bebidas:<\/strong> Recomendam-se ingest\u00f5es regulares de pequenos goles de \u00e1gua ao longo do dia, ao inv\u00e9s de grandes quantidades de uma s\u00f3 vez, o que pode provocar mais desconforto abdominal.<\/li>\n<li><strong>Sinais de desidrata\u00e7\u00e3o:<\/strong> Esteja atento aos sinais de desidrata\u00e7\u00e3o e ajuste a ingest\u00e3o de \u00e1gua conforme a necessidade, especialmente ap\u00f3s a pr\u00e1tica de quaisquer atividades f\u00edsicas.<\/li>\n<\/ul>\n<p>Manter-se bem hidratado pode ajudar a proteger contra os efeitos adversos do calor e a manter o corpo funcionando em sua melhor forma.<\/p>\n<h2>Cuidados com crian\u00e7as e idosos no calor<\/h2>\n<p>As crian\u00e7as e os idosos s\u00e3o os grupos mais vulner\u00e1veis \u00e0s consequ\u00eancias das altas temperaturas. Por isso, cuidados especiais devem ser tomados em rela\u00e7\u00e3o a esses grupos:<\/p>\n<ul>\n<li><strong>Crian\u00e7as:<\/strong> As crian\u00e7as t\u00eam uma capacidade de regula\u00e7\u00e3o da temperatura corporal menos eficiente, tornando-as mais suscet\u00edveis aos efeitos do calor. \u00c9 crucial mant\u00ea-las bem hidratadas, evitar que brinquem sob a luz solar intensa e garantir que elas permane\u00e7am em ambientes frescos.<\/li>\n<li><strong>Idosos:<\/strong> As pessoas mais velhas podem ter condi\u00e7\u00f5es de sa\u00fade subjacentes que tornam a exposi\u00e7\u00e3o ao calor ainda mais perigosa. Recomenda-se que idosos permane\u00e7am em casa durante os hor\u00e1rios de pico do calor, usem roupas leves e sempre tenham acesso a \u00e1gua fresca.<\/li>\n<\/ul>\n<p>Realizar verifica\u00e7\u00f5es regulares dessas popula\u00e7\u00f5es, especialmente durante ondas de calor, pode fazer uma diferen\u00e7a significativa em suas vidas, ajudando a prevenir complica\u00e7\u00f5es relacionadas ao calor.<\/p>\n<h2>Como manter a casa fresca durante o calor intenso?<\/h2>\n<p>Manter um ambiente dom\u00e9stico agrad\u00e1vel durante as ondas de calor pode ser desafiador, mas algumas estrat\u00e9gias podem ajudar:<\/p>\n<ul>\n<li><strong>Fechar Janelas e Cortinas:<\/strong> Durante o dia, mantenha cortinas fechadas e janelas fechadas para evitar a entrada do calor e do sol. Abra as janelas \u00e0 noite para permitir a circula\u00e7\u00e3o de ar fresco.<\/li>\n<li><strong>Uso de Ventiladores:<\/strong> Se n\u00e3o houver ar-condicionado, o uso de ventiladores estrat\u00e9gicos pode fazer uma diferen\u00e7a. Colocar um recipiente com \u00e1gua gelada na frente do ventilador pode ajudar a resfriar o ar que circula.<\/li>\n<li><strong>Plantas em Casa:<\/strong> Algumas plantas podem ajudar a melhorar a umidade do ar e refrescar o ambiente. Considere ter plantas de interior que preferem ambientes quentes e que podem contribuir com a sensa\u00e7\u00e3o de frescor.<\/li>\n<li><strong>Evitar Uso Excessivo de Eletrodom\u00e9sticos:<\/strong> O uso de forno e outros eletrodom\u00e9sticos pode aquecer as \u00e1reas internas da casa. Opte por refei\u00e7\u00f5es mais leves que n\u00e3o requerem cozimento ou utilizam a grelha.<\/li>\n<\/ul>\n<p>A implementa\u00e7\u00e3o dessas estrat\u00e9gias pode transformar sua casa em um ref\u00fagio seguro durante as ondas de calor intensas.<\/p>\n<h2>A import\u00e2ncia de se informar sobre condi\u00e7\u00f5es clim\u00e1ticas<\/h2>\n<p>Em um mundo onde as mudan\u00e7as clim\u00e1ticas est\u00e3o cada vez mais recorrentes, manter-se informado sobre as condi\u00e7\u00f5es clim\u00e1ticas torna-se mais cr\u00edtico do que nunca. As informa\u00e7\u00f5es sobre ondas de calor e outros eventos clim\u00e1ticos extremos podem salvar vidas:<\/p>\n<ul>\n<li><strong>Preven\u00e7\u00e3o de riscos:<\/strong> Conhecer as previs\u00f5es clim\u00e1ticas permite que as pessoas se preparem e tomem precau\u00e7\u00f5es antes que a situa\u00e7\u00e3o se torne cr\u00edtica.<\/li>\n<li><strong>Redu\u00e7\u00e3o de vulnerabilidades:<\/strong> Informa\u00e7\u00f5es precisas podem ajudar a mitigar o impacto de eventos clim\u00e1ticos extremos, permitindo que comunidades se unam e respondam rapidamente.<\/li>\n<li><strong>Acesso a recursos e ajuda:<\/strong> Quando a popula\u00e7\u00e3o est\u00e1 informada sobre cr\u00edticas, ela pode buscar assist\u00eancias e recursos apropriados, como abrigo e cuidados m\u00e9dicos, conforme necess\u00e1rio.<\/li>\n<\/ul>\n<p>Estar sempre atento \u00e0s informa\u00e7\u00f5es clim\u00e1ticas oferecidas por institui\u00e7\u00f5es confi\u00e1veis \u00e9 fundamental para garantir a seguran\u00e7a e o bem-estar da sociedade, especialmente durante ondas de calor intensas.<\/p>\n","protected":false},"excerpt":{"rendered":"<p>INMET emite alerta de onda de calor com riscos \u00e0 sa\u00fade em Pouso Alegre.<\/p>\n","protected":false},"author":1,"featured_media":4381,"comment_status":"open","ping_status":"open","sticky":false,"template":"","format":"standard","meta":{"footnotes":""},"categories":[5],"tags":[],"class_list":["post-4382","post","type-post","status-publish","format-standard","has-post-thumbnail","hentry","category-noticias","has_thumb"],"yoast_head":"<!-- This site is optimized with the Yoast SEO plugin v26.3 - https:\/\/yoast.com\/wordpress\/plugins\/seo\/ -->\n<title>INMET emite alerta laranja para onda de calor com riscos \u00e0 sa\u00fade em Pouso Alegre e Regi\u00e3o at\u00e9 sexta | Encontra Itajub\u00e1<\/title>\n<meta name=\"robots\" content=\"index, follow, max-snippet:-1, max-image-preview:large, max-video-preview:-1\" \/>\n<link rel=\"canonical\" href=\"https:\/\/www.encontraminasgerais.com.br\/itajuba\/inmet-emite-alerta-laranja-para-onda-de-calor-com-riscos-a-saude-em-pouso-alegre-e-regiao-ate-sexta\/\" \/>\n<meta property=\"og:locale\" content=\"pt_BR\" \/>\n<meta property=\"og:type\" content=\"article\" \/>\n<meta property=\"og:title\" content=\"INMET emite alerta laranja para onda de calor com riscos \u00e0 sa\u00fade em Pouso Alegre e Regi\u00e3o at\u00e9 sexta | Encontra Itajub\u00e1\" \/>\n<meta property=\"og:description\" content=\"INMET emite alerta de onda de calor com riscos \u00e0 sa\u00fade em Pouso Alegre.\" \/>\n<meta property=\"og:url\" content=\"https:\/\/www.encontraminasgerais.com.br\/itajuba\/inmet-emite-alerta-laranja-para-onda-de-calor-com-riscos-a-saude-em-pouso-alegre-e-regiao-ate-sexta\/\" \/>\n<meta property=\"og:site_name\" content=\"Encontra Itajub\u00e1\" \/>\n<meta property=\"article:published_time\" content=\"2025-12-28T13:31:00+00:00\" \/>\n<meta property=\"og:image\" content=\"https:\/\/www.encontraminasgerais.com.br\/itajuba\/wp-content\/uploads\/2025\/12\/inmet-emite-alerta-laranja-para-onda-de-calor-com-riscos-a-saude-em-pouso-alegre-e-regiao-ate-sexta.webp\" \/>\n<meta name=\"author\" content=\"Encontra Itajub\u00e1\" \/>\n<meta name=\"twitter:card\" content=\"summary_large_image\" \/>\n<meta name=\"twitter:label1\" content=\"Escrito por\" \/>\n\t<meta name=\"twitter:data1\" content=\"Encontra Itajub\u00e1\" \/>\n\t<meta name=\"twitter:label2\" content=\"Est. tempo de leitura\" \/>\n\t<meta name=\"twitter:data2\" content=\"10 minutos\" \/>\n<script type=\"application\/ld+json\" class=\"yoast-schema-graph\">{\"@context\":\"https:\/\/schema.org\",\"@graph\":[{\"@type\":\"WebPage\",\"@id\":\"https:\/\/www.encontraminasgerais.com.br\/itajuba\/inmet-emite-alerta-laranja-para-onda-de-calor-com-riscos-a-saude-em-pouso-alegre-e-regiao-ate-sexta\/\",\"url\":\"https:\/\/www.encontraminasgerais.com.br\/itajuba\/inmet-emite-alerta-laranja-para-onda-de-calor-com-riscos-a-saude-em-pouso-alegre-e-regiao-ate-sexta\/\",\"name\":\"INMET emite alerta laranja para onda de calor com riscos \u00e0 sa\u00fade em Pouso Alegre e Regi\u00e3o at\u00e9 sexta | Encontra Itajub\u00e1\",\"isPartOf\":{\"@id\":\"https:\/\/www.encontraminasgerais.com.br\/itajuba\/#website\"},\"primaryImageOfPage\":{\"@id\":\"https:\/\/www.encontraminasgerais.com.br\/itajuba\/inmet-emite-alerta-laranja-para-onda-de-calor-com-riscos-a-saude-em-pouso-alegre-e-regiao-ate-sexta\/#primaryimage\"},\"image\":{\"@id\":\"https:\/\/www.encontraminasgerais.com.br\/itajuba\/inmet-emite-alerta-laranja-para-onda-de-calor-com-riscos-a-saude-em-pouso-alegre-e-regiao-ate-sexta\/#primaryimage\"},\"thumbnailUrl\":\"https:\/\/www.encontraminasgerais.com.br\/itajuba\/wp-content\/uploads\/2025\/12\/inmet-emite-alerta-laranja-para-onda-de-calor-com-riscos-a-saude-em-pouso-alegre-e-regiao-ate-sexta.webp\",\"datePublished\":\"2025-12-28T13:31:00+00:00\",\"author\":{\"@id\":\"https:\/\/www.encontraminasgerais.com.br\/itajuba\/#\/schema\/person\/d26674c083ec86b440752843a690de33\"},\"inLanguage\":\"pt-BR\",\"potentialAction\":[{\"@type\":\"ReadAction\",\"target\":[\"https:\/\/www.encontraminasgerais.com.br\/itajuba\/inmet-emite-alerta-laranja-para-onda-de-calor-com-riscos-a-saude-em-pouso-alegre-e-regiao-ate-sexta\/\"]}]},{\"@type\":\"ImageObject\",\"inLanguage\":\"pt-BR\",\"@id\":\"https:\/\/www.encontraminasgerais.com.br\/itajuba\/inmet-emite-alerta-laranja-para-onda-de-calor-com-riscos-a-saude-em-pouso-alegre-e-regiao-ate-sexta\/#primaryimage\",\"url\":\"https:\/\/www.encontraminasgerais.com.br\/itajuba\/wp-content\/uploads\/2025\/12\/inmet-emite-alerta-laranja-para-onda-de-calor-com-riscos-a-saude-em-pouso-alegre-e-regiao-ate-sexta.webp\",\"contentUrl\":\"https:\/\/www.encontraminasgerais.com.br\/itajuba\/wp-content\/uploads\/2025\/12\/inmet-emite-alerta-laranja-para-onda-de-calor-com-riscos-a-saude-em-pouso-alegre-e-regiao-ate-sexta.webp\",\"width\":320,\"height\":280,\"caption\":\"alerta de onda de calor\"},{\"@type\":\"WebSite\",\"@id\":\"https:\/\/www.encontraminasgerais.com.br\/itajuba\/#website\",\"url\":\"https:\/\/www.encontraminasgerais.com.br\/itajuba\/\",\"name\":\"Encontra Itajub\u00e1\",\"description\":\"ENCONTRA ITAJUB\u00c1 - O guia comercial de neg\u00f3cios e empresas, cultura e divers\u00e3o na cidade de Itajub\u00e1. Feito 100% para voc\u00ea morador!\",\"potentialAction\":[{\"@type\":\"SearchAction\",\"target\":{\"@type\":\"EntryPoint\",\"urlTemplate\":\"https:\/\/www.encontraminasgerais.com.br\/itajuba\/?s={search_term_string}\"},\"query-input\":{\"@type\":\"PropertyValueSpecification\",\"valueRequired\":true,\"valueName\":\"search_term_string\"}}],\"inLanguage\":\"pt-BR\"},{\"@type\":\"Person\",\"@id\":\"https:\/\/www.encontraminasgerais.com.br\/itajuba\/#\/schema\/person\/d26674c083ec86b440752843a690de33\",\"name\":\"Encontra Itajub\u00e1\",\"image\":{\"@type\":\"ImageObject\",\"inLanguage\":\"pt-BR\",\"@id\":\"https:\/\/www.encontraminasgerais.com.br\/itajuba\/#\/schema\/person\/image\/\",\"url\":\"https:\/\/secure.gravatar.com\/avatar\/c50c17820bcf322f0a8fd6b110b8c0918141409dc69076470f6fca5fee70a5d4?s=96&d=mm&r=g\",\"contentUrl\":\"https:\/\/secure.gravatar.com\/avatar\/c50c17820bcf322f0a8fd6b110b8c0918141409dc69076470f6fca5fee70a5d4?s=96&d=mm&r=g\",\"caption\":\"Encontra Itajub\u00e1\"},\"url\":\"https:\/\/www.encontraminasgerais.com.br\/itajuba\/author\/eitajuba\/\"}]}<\/script>\n<!-- \/ Yoast SEO plugin. -->","yoast_head_json":{"title":"INMET emite alerta laranja para onda de calor com riscos \u00e0 sa\u00fade em Pouso Alegre e Regi\u00e3o at\u00e9 sexta | Encontra Itajub\u00e1","robots":{"index":"index","follow":"follow","max-snippet":"max-snippet:-1","max-image-preview":"max-image-preview:large","max-video-preview":"max-video-preview:-1"},"canonical":"https:\/\/www.encontraminasgerais.com.br\/itajuba\/inmet-emite-alerta-laranja-para-onda-de-calor-com-riscos-a-saude-em-pouso-alegre-e-regiao-ate-sexta\/","og_locale":"pt_BR","og_type":"article","og_title":"INMET emite alerta laranja para onda de calor com riscos \u00e0 sa\u00fade em Pouso Alegre e Regi\u00e3o at\u00e9 sexta | Encontra Itajub\u00e1","og_description":"INMET emite alerta de onda de calor com riscos \u00e0 sa\u00fade em Pouso Alegre.","og_url":"https:\/\/www.encontraminasgerais.com.br\/itajuba\/inmet-emite-alerta-laranja-para-onda-de-calor-com-riscos-a-saude-em-pouso-alegre-e-regiao-ate-sexta\/","og_site_name":"Encontra Itajub\u00e1","article_published_time":"2025-12-28T13:31:00+00:00","og_image":[{"url":"https:\/\/www.encontraminasgerais.com.br\/itajuba\/wp-content\/uploads\/2025\/12\/inmet-emite-alerta-laranja-para-onda-de-calor-com-riscos-a-saude-em-pouso-alegre-e-regiao-ate-sexta.webp","type":"","width":"","height":""}],"author":"Encontra Itajub\u00e1","twitter_card":"summary_large_image","twitter_misc":{"Escrito por":"Encontra Itajub\u00e1","Est. tempo de leitura":"10 minutos"},"schema":{"@context":"https:\/\/schema.org","@graph":[{"@type":"WebPage","@id":"https:\/\/www.encontraminasgerais.com.br\/itajuba\/inmet-emite-alerta-laranja-para-onda-de-calor-com-riscos-a-saude-em-pouso-alegre-e-regiao-ate-sexta\/","url":"https:\/\/www.encontraminasgerais.com.br\/itajuba\/inmet-emite-alerta-laranja-para-onda-de-calor-com-riscos-a-saude-em-pouso-alegre-e-regiao-ate-sexta\/","name":"INMET emite alerta laranja para onda de calor com riscos \u00e0 sa\u00fade em Pouso Alegre e Regi\u00e3o at\u00e9 sexta | Encontra Itajub\u00e1","isPartOf":{"@id":"https:\/\/www.encontraminasgerais.com.br\/itajuba\/#website"},"primaryImageOfPage":{"@id":"https:\/\/www.encontraminasgerais.com.br\/itajuba\/inmet-emite-alerta-laranja-para-onda-de-calor-com-riscos-a-saude-em-pouso-alegre-e-regiao-ate-sexta\/#primaryimage"},"image":{"@id":"https:\/\/www.encontraminasgerais.com.br\/itajuba\/inmet-emite-alerta-laranja-para-onda-de-calor-com-riscos-a-saude-em-pouso-alegre-e-regiao-ate-sexta\/#primaryimage"},"thumbnailUrl":"https:\/\/www.encontraminasgerais.com.br\/itajuba\/wp-content\/uploads\/2025\/12\/inmet-emite-alerta-laranja-para-onda-de-calor-com-riscos-a-saude-em-pouso-alegre-e-regiao-ate-sexta.webp","datePublished":"2025-12-28T13:31:00+00:00","author":{"@id":"https:\/\/www.encontraminasgerais.com.br\/itajuba\/#\/schema\/person\/d26674c083ec86b440752843a690de33"},"inLanguage":"pt-BR","potentialAction":[{"@type":"ReadAction","target":["https:\/\/www.encontraminasgerais.com.br\/itajuba\/inmet-emite-alerta-laranja-para-onda-de-calor-com-riscos-a-saude-em-pouso-alegre-e-regiao-ate-sexta\/"]}]},{"@type":"ImageObject","inLanguage":"pt-BR","@id":"https:\/\/www.encontraminasgerais.com.br\/itajuba\/inmet-emite-alerta-laranja-para-onda-de-calor-com-riscos-a-saude-em-pouso-alegre-e-regiao-ate-sexta\/#primaryimage","url":"https:\/\/www.encontraminasgerais.com.br\/itajuba\/wp-content\/uploads\/2025\/12\/inmet-emite-alerta-laranja-para-onda-de-calor-com-riscos-a-saude-em-pouso-alegre-e-regiao-ate-sexta.webp","contentUrl":"https:\/\/www.encontraminasgerais.com.br\/itajuba\/wp-content\/uploads\/2025\/12\/inmet-emite-alerta-laranja-para-onda-de-calor-com-riscos-a-saude-em-pouso-alegre-e-regiao-ate-sexta.webp","width":320,"height":280,"caption":"alerta de onda de calor"},{"@type":"WebSite","@id":"https:\/\/www.encontraminasgerais.com.br\/itajuba\/#website","url":"https:\/\/www.encontraminasgerais.com.br\/itajuba\/","name":"Encontra Itajub\u00e1","description":"ENCONTRA ITAJUB\u00c1 - O guia comercial de neg\u00f3cios e empresas, cultura e divers\u00e3o na cidade de Itajub\u00e1. Feito 100% para voc\u00ea morador!","potentialAction":[{"@type":"SearchAction","target":{"@type":"EntryPoint","urlTemplate":"https:\/\/www.encontraminasgerais.com.br\/itajuba\/?s={search_term_string}"},"query-input":{"@type":"PropertyValueSpecification","valueRequired":true,"valueName":"search_term_string"}}],"inLanguage":"pt-BR"},{"@type":"Person","@id":"https:\/\/www.encontraminasgerais.com.br\/itajuba\/#\/schema\/person\/d26674c083ec86b440752843a690de33","name":"Encontra Itajub\u00e1","image":{"@type":"ImageObject","inLanguage":"pt-BR","@id":"https:\/\/www.encontraminasgerais.com.br\/itajuba\/#\/schema\/person\/image\/","url":"https:\/\/secure.gravatar.com\/avatar\/c50c17820bcf322f0a8fd6b110b8c0918141409dc69076470f6fca5fee70a5d4?s=96&d=mm&r=g","contentUrl":"https:\/\/secure.gravatar.com\/avatar\/c50c17820bcf322f0a8fd6b110b8c0918141409dc69076470f6fca5fee70a5d4?s=96&d=mm&r=g","caption":"Encontra Itajub\u00e1"},"url":"https:\/\/www.encontraminasgerais.com.br\/itajuba\/author\/eitajuba\/"}]}},"_links":{"self":[{"href":"https:\/\/www.encontraminasgerais.com.br\/itajuba\/wp-json\/wp\/v2\/posts\/4382","targetHints":{"allow":["GET"]}}],"collection":[{"href":"https:\/\/www.encontraminasgerais.com.br\/itajuba\/wp-json\/wp\/v2\/posts"}],"about":[{"href":"https:\/\/www.encontraminasgerais.com.br\/itajuba\/wp-json\/wp\/v2\/types\/post"}],"author":[{"embeddable":true,"href":"https:\/\/www.encontraminasgerais.com.br\/itajuba\/wp-json\/wp\/v2\/users\/1"}],"replies":[{"embeddable":true,"href":"https:\/\/www.encontraminasgerais.com.br\/itajuba\/wp-json\/wp\/v2\/comments?post=4382"}],"version-history":[{"count":0,"href":"https:\/\/www.encontraminasgerais.com.br\/itajuba\/wp-json\/wp\/v2\/posts\/4382\/revisions"}],"wp:featuredmedia":[{"embeddable":true,"href":"https:\/\/www.encontraminasgerais.com.br\/itajuba\/wp-json\/wp\/v2\/media\/4381"}],"wp:attachment":[{"href":"https:\/\/www.encontraminasgerais.com.br\/itajuba\/wp-json\/wp\/v2\/media?parent=4382"}],"wp:term":[{"taxonomy":"category","embeddable":true,"href":"https:\/\/www.encontraminasgerais.com.br\/itajuba\/wp-json\/wp\/v2\/categories?post=4382"},{"taxonomy":"post_tag","embeddable":true,"href":"https:\/\/www.encontraminasgerais.com.br\/itajuba\/wp-json\/wp\/v2\/tags?post=4382"}],"curies":[{"name":"wp","href":"https:\/\/api.w.org\/{rel}","templated":true}]}}