{"id":4426,"date":"2026-01-15T06:46:42","date_gmt":"2026-01-15T09:46:42","guid":{"rendered":"https:\/\/www.encontraminasgerais.com.br\/itajuba\/videos-bom-dia-cidade-sul-de-minas-de-quinta\/"},"modified":"2026-01-15T06:46:42","modified_gmt":"2026-01-15T09:46:42","slug":"videos-bom-dia-cidade-sul-de-minas-de-quinta","status":"publish","type":"post","link":"https:\/\/www.encontraminasgerais.com.br\/itajuba\/videos-bom-dia-cidade-sul-de-minas-de-quinta\/","title":{"rendered":"V\u00cdDEOS: Bom Dia Cidade Sul de Minas de quinta"},"content":{"rendered":"<h2>Os Eventos Locais Mais Impactantes<\/h2>\n<p>O Sul de Minas Gerais \u00e9 uma regi\u00e3o rica em cultura e tradi\u00e7\u00f5es, o que se reflete em seus eventos locais. Entre os mais impactantes, destacam-se as festas populares, como o <strong>Festival de Inverno de Po\u00e7os de Caldas<\/strong> e a <strong>Festa Nacional do Pinh\u00e3o<\/strong>, realizada em diversas cidades. Esses festivais atraem turistas de todas as partes do Brasil e at\u00e9 do exterior.<\/p>\n<p>Esses eventos n\u00e3o apenas promovem a cultura local, mas tamb\u00e9m impulsionam a economia da regi\u00e3o, gerando empregos tempor\u00e1rios e movimentando o com\u00e9rcio local. No Festival de Inverno, por exemplo, al\u00e9m de concertos de m\u00fasicos renomados, h\u00e1 exposi\u00e7\u00f5es de artes e gastronomia t\u00edpica da regi\u00e3o. Os visitantes podem experimentar pratos elaborados com ingredientes t\u00edpicos, como o queijo minas e o doce de leite, que s\u00e3o s\u00edmbolos da culin\u00e1ria sul-mineira.<\/p>\n<p>Outro evento marcante \u00e9 a <strong>Festa de S\u00e3o Jo\u00e3o<\/strong>, que acontece em v\u00e1rias cidades, trazendo dan\u00e7as, comidas t\u00edpicas e tradi\u00e7\u00f5es que resgatam a cultura local. Portanto, esses eventos s\u00e3o vitais n\u00e3o s\u00f3 para a divers\u00e3o, mas tamb\u00e9m para a preserva\u00e7\u00e3o das tradi\u00e7\u00f5es e a valoriza\u00e7\u00e3o da identidade regional.<\/p>\n<p><img decoding=\"async\" src=\"https:\/\/www.encontraminasgerais.com.br\/itajuba\/wp-content\/uploads\/2026\/01\/videos-bom-dia-cidade-sul-de-minas-de-quinta.webp\" alt=\"Bom Dia Cidade Sul de Minas\" loading=\"lazy\" \/><\/p>\n<h2>Previs\u00e3o do Tempo: O Que Esperar Para Hoje<\/h2>\n<p>A previs\u00e3o do tempo para o Sul de Minas \u00e9 essencial para que os moradores e visitantes possam planejar suas atividades di\u00e1rias. Com o clima tropical de altitude, a regi\u00e3o apresenta temperaturas amenas na maior parte do ano, mas \u00e9 crucial ficar atento \u00e0s varia\u00e7\u00f5es que podem ocorrer, especialmente durante os meses de inverno.<\/p>\n<p>Hoje, a previs\u00e3o indica um dia parcialmente nublado, com temperaturas variando entre <strong>15\u00b0C e 22\u00b0C<\/strong>. As chuvas s\u00e3o previstas para a tarde em algumas cidades, ent\u00e3o \u00e9 aconselh\u00e1vel que as pessoas incluam um guarda-chuva em seus planos. Esse clima ameno \u00e9 ideal para atividades ao ar livre, como trilhas e passeios, mas \u00e9 importante estar preparado para mudan\u00e7as repentinas que podem ocorrer.<\/p>\n<p>Em particular, regi\u00f5es montanhosas podem registrar temperaturas mais baixas, ent\u00e3o recomenda-se o uso de roupas adequadas. Assim, as pessoas podem aproveitar melhor as belezas naturais do Sul de Minas, sem serem surpreendidas por um clima desagrad\u00e1vel.<\/p>\n<h2>Curiosidades Sobre a Fauna da Regi\u00e3o<\/h2>\n<p>A fauna do Sul de Minas Gerais \u00e9 surpreendentemente rica e diversificada, abrigando esp\u00e9cies que v\u00e3o desde pequenos insetos at\u00e9 grandes mam\u00edferos. Um dos aspectos mais fascinantes \u00e9 a presen\u00e7a do <strong>mico-le\u00e3o-dourado<\/strong>, um primata emblem\u00e1tico da regi\u00e3o, que se tornou \u00edcone da conserva\u00e7\u00e3o ambiental. Ele \u00e9 uma das muitas esp\u00e9cies que habitam as matas da Serra da Mantiqueira, que tamb\u00e9m abrigam uma variedade de aves raras.<\/p>\n<p>Al\u00e9m dos primatas, a regi\u00e3o \u00e9 lar de diversas aves, como o <strong>gavi\u00e3o-carcar\u00e1<\/strong> e a <strong>arara-azul<\/strong>, que encantam observadores e ecoturistas. A presen\u00e7a de \u00e1reas de preserva\u00e7\u00e3o, como o Parque Nacional da Serra da Canastra, contribui para a prote\u00e7\u00e3o dessas esp\u00e9cies, que enfrentam amea\u00e7as devido \u00e0 urbaniza\u00e7\u00e3o e \u00e0 agricultura.<\/p>\n<p>Outro fato interessante \u00e9 a import\u00e2ncia dos <strong>beija-flores<\/strong> na poliniza\u00e7\u00e3o de v\u00e1rias plantas nativas. Essas aves s\u00e3o fundamentais para a manuten\u00e7\u00e3o do ecossistema local, pois ajudam a fertilizar flores que, por sua vez, produzem frutos e sementes essenciais para a alimenta\u00e7\u00e3o de outros animais e seres humanos.<\/p>\n<h2>Aumento no Pre\u00e7o da Cesta B\u00e1sica em Varginha<\/h2>\n<p>Recentemente, Varginha, uma das cidades mais importantes do Sul de Minas, tem enfrentado um aumento significativo no pre\u00e7o da cesta b\u00e1sica. Pesquisas realizadas pelo <strong>Procon<\/strong> local indicam que itens como arroz, feij\u00e3o e \u00f3leo de cozinha tiveram aumentos consider\u00e1veis nos \u00faltimos meses, impactando diretamente as fam\u00edlias de baixa renda.<\/p>\n<p>A varia\u00e7\u00e3o nos pre\u00e7os se deve a diversos fatores, incluindo a infla\u00e7\u00e3o e o aumento da demanda por certos produtos. O impacto \u00e9 sentido particularmente entre as fam\u00edlias de classe m\u00e9dia e baixa, que utilizam a cesta b\u00e1sica como par\u00e2metro de sobreviv\u00eancia. Para ajudar a suavizar esse impacto, algumas institui\u00e7\u00f5es locais est\u00e3o organizando campanhas de doa\u00e7\u00e3o e distribui\u00e7\u00e3o de alimentos.<\/p>\n<p>Al\u00e9m disso, est\u00e1 em discuss\u00e3o pela Prefeitura algumas medidas para incentivar a produ\u00e7\u00e3o local e o com\u00e9rcio justo, visando equilibrar os pre\u00e7os e garantir a seguran\u00e7a alimentar da popula\u00e7\u00e3o. Essa situa\u00e7\u00e3o destaca a import\u00e2ncia de pol\u00edticas p\u00fablicas para mitigar os impactos econ\u00f4micos sobre os cidad\u00e3os e garantir que todos tenham acesso a alimentos de qualidade.<\/p>\n<h2>Opera\u00e7\u00f5es de Seguran\u00e7a na Regi\u00e3o de Varginha<\/h2>\n<p>Nos \u00faltimos meses, o aumento na criminalidade em Varginha levou as autoridades a intensificarem as opera\u00e7\u00f5es de seguran\u00e7a na regi\u00e3o. A <strong>Pol\u00edcia Militar<\/strong> e a <strong>Guarda Municipal<\/strong> t\u00eam se mobilizado para realizar blitz e opera\u00e7\u00f5es de fiscaliza\u00e7\u00e3o, visando coibir delitos e trazer mais seguran\u00e7a \u00e0 popula\u00e7\u00e3o.<\/p>\n<p>Essas opera\u00e7\u00f5es t\u00eam sido bem recebidas pela comunidade, que sente a necessidade de uma presen\u00e7a policial mais robusta nas ruas. Campanhas de conscientiza\u00e7\u00e3o tamb\u00e9m est\u00e3o sendo realizadas, incluindo o incentivo \u00e0 den\u00fancia de atividades suspeitas e a participa\u00e7\u00e3o comunit\u00e1ria nas rondas de seguran\u00e7a.<\/p>\n<p>Al\u00e9m das opera\u00e7\u00f5es ostensivas, houve um esfor\u00e7o para a implementa\u00e7\u00e3o de programas sociais que abordam as causas da criminalidade, como a falta de oportunidades de emprego e educa\u00e7\u00e3o. Esse trabalho integrado \u00e9 crucial para garantir n\u00e3o s\u00f3 a seguran\u00e7a imediata, mas a constru\u00e7\u00e3o de um ambiente seguro a longo prazo.<\/p>\n<h2>Atualiza\u00e7\u00f5es Sobre Acidentes nas Estradas<\/h2>\n<p>A seguran\u00e7a nas estradas do Sul de Minas continua sendo uma preocupa\u00e7\u00e3o constante para as autoridades e motoristas. Recentemente, diversos acidentes foram registrados nas rodovias da regi\u00e3o, especialmente em per\u00edodos de chuva, que tornam as condi\u00e7\u00f5es das estradas mais perigosas.<\/p>\n<p>As autoridades t\u00eam intensificado as campanhas de conscientiza\u00e7\u00e3o sobre dire\u00e7\u00e3o segura, refor\u00e7ando a import\u00e2ncia de respeitar os limites de velocidade e a necessidade de mantenedor os ve\u00edculos em bom estado de conserva\u00e7\u00e3o. Tamb\u00e9m foram instalados novos sinalizadores em trechos considerados cr\u00edticos para aumentar a visibilidade e alertar os motoristas sobre poss\u00edveis perigos.<\/p>\n<p>Por outro lado, \u00e9 importante que os motoristas estejam sempre atentos \u00e0s condi\u00e7\u00f5es clim\u00e1ticas e \u00e0s previs\u00f5es do tempo, uma vez que terrenos molhados podem aumentar o risco de acidentes. Em caso de chuva forte, recomenda-se a ado\u00e7\u00e3o de cuidados redobrados, como reduzir a velocidade e manter dist\u00e2ncia do ve\u00edculo \u00e0 frente.<\/p>\n<h2>O Impacto da Nova Opera\u00e7\u00e3o da PM<\/h2>\n<p>A nova opera\u00e7\u00e3o da Pol\u00edcia Militar em Varginha tem como objetivo melhorar a seguran\u00e7a p\u00fablica e reduzir os \u00edndices de criminalidade. A iniciativa tem sido vista com otimismo pela popula\u00e7\u00e3o, que espera que a presen\u00e7a ostensiva da pol\u00edcia nas ruas traga resultados positivos.<\/p>\n<p>Com o envolvimento de mais efetivos e de tecnologia, como o uso de drones para monitoramento, a opera\u00e7\u00e3o visa n\u00e3o apenas a ca\u00e7ada aos criminosos mais procurados, mas tamb\u00e9m a preven\u00e7\u00e3o de crimes, buscando efetivar uma sensa\u00e7\u00e3o de seguran\u00e7a nas \u00e1reas afetadas.<\/p>\n<p>A participa\u00e7\u00e3o comunit\u00e1ria tamb\u00e9m \u00e9 um dos focos da opera\u00e7\u00e3o. As autoridades convidam a popula\u00e7\u00e3o a colaborar, seja atrav\u00e9s da den\u00fancia de atividades suspeitas, seja mediante a participa\u00e7\u00e3o em reuni\u00f5es comunit\u00e1rias sobre seguran\u00e7a. Essa intera\u00e7\u00e3o \u00e9 fundamental para fortalecer a confian\u00e7a entre a pol\u00edcia e a comunidade.<\/p>\n<h2>Dicas de Seguran\u00e7a Durante as F\u00e9rias<\/h2>\n<p>Com a chegada das f\u00e9rias, aumenta o fluxo de turistas e visitantes na regi\u00e3o do Sul de Minas. Nesse contexto, \u00e9 crucial que tanto os moradores quanto os visitantes adotem algumas medidas de seguran\u00e7a para garantir uma experi\u00eancia agrad\u00e1vel e segura.<\/p>\n<p>Uma das principais dicas \u00e9 sempre ficar atento aos pertences. Em locais movimentados, como feiras e festivais, \u00e9 aconselh\u00e1vel usar bolsas seguras e estar atento a poss\u00edveis batedores de carteira. Al\u00e9m disso, \u00e9 importante informar um familiar ou amigo sobre seus planos e itiner\u00e1rios, caso algo inesperado aconte\u00e7a.<\/p>\n<p>Outra recomenda\u00e7\u00e3o \u00e9 evitar ostentar objetos de valor, como joias ou eletr\u00f4nicos caros. Embora a maioria das pessoas na regi\u00e3o seja acolhedora e hospitaleira, medidas preventivas nunca s\u00e3o demais. Ao passear \u00e0 noite, prefira locais bem iluminados e movimentados.<\/p>\n<h2>Hist\u00f3rias Emocionantes do Sul de Minas<\/h2>\n<p>O Sul de Minas \u00e9 repleto de hist\u00f3rias emocionantes e inspiradoras. Uma delas \u00e9 a de uma senhora que, ap\u00f3s anos de dedica\u00e7\u00e3o \u00e0 agricultura, conseguiu transformar sua pequena propriedade em um local de turismo rural. Com muito esfor\u00e7o e amor, ela n\u00e3o s\u00f3 melhorou seu padr\u00e3o de vida, mas tamb\u00e9m contribuiu para o desenvolvimento da comunidade ao oferecer experi\u00eancias \u00fanicas para os visitantes.<\/p>\n<p>Outra hist\u00f3ria marcante \u00e9 a de jovens que, motivados por um projeto social, se uniram para criar uma cooperativa de reciclagem. A iniciativa n\u00e3o s\u00f3 ajuda a preservar o meio ambiente, mas tamb\u00e9m promove a conscientiza\u00e7\u00e3o sobre a import\u00e2ncia da sustentabilidade na regi\u00e3o.<\/p>\n<p>Essas hist\u00f3rias exemplificam o esp\u00edrito de supera\u00e7\u00e3o e coletividade que permeia a sociedade sul-mineira. Elas demonstram que, mesmo frente a desafios, os cidad\u00e3os encontram maneiras de transformar suas realidades e apoiar uns aos outros.<\/p>\n<h2>O Que a Comunidade Deve Saber Sobre Eventos Futuros<\/h2>\n<p>Os habitantes do Sul de Minas devem estar atentos \u00e0s programa\u00e7\u00f5es de eventos futuros, tanto culturais quanto de seguran\u00e7a. Fique ligado nas agendas municipais e nas redes sociais, onde as Prefeituras frequentemente divulgam informa\u00e7\u00f5es sobre festas, festivais e iniciativas de seguran\u00e7a que promovem a integra\u00e7\u00e3o da comunidade.<\/p>\n<p>Um exemplo \u00e9 a <strong>Festa do Pe\u00e3o<\/strong>, que atrai turistas de todas as partes e traz atra\u00e7\u00f5es musicais e rodeios emocionantes. Al\u00e9m disso, eventos voltados \u00e0 cultura local, como feiras de artesanato e gastronomia, s\u00e3o uma excelente oportunidade para conhecer melhor a tradi\u00e7\u00e3o da regi\u00e3o.<\/p>\n<p>Em rela\u00e7\u00e3o \u00e0 seguran\u00e7a, os cidad\u00e3os devem ser informados sobre as opera\u00e7\u00f5es da pol\u00edcia e iniciativas de vigil\u00e2ncia comunit\u00e1ria para garantir um ambiente seguro. \u00c9 fundamental participar de reuni\u00f5es e discuss\u00f5es sobre seguran\u00e7a local, onde todos podem contribuir com sugest\u00f5es e ideias.<\/p>\n","protected":false},"excerpt":{"rendered":"<p>V\u00cdDEOS: Descubra o que aconteceu no Bom Dia Cidade Sul de Minas em 8 de janeiro de 2026.<\/p>\n","protected":false},"author":1,"featured_media":4425,"comment_status":"open","ping_status":"open","sticky":false,"template":"","format":"standard","meta":{"footnotes":""},"categories":[5],"tags":[],"class_list":["post-4426","post","type-post","status-publish","format-standard","has-post-thumbnail","hentry","category-noticias","has_thumb"],"yoast_head":"<!-- This site is optimized with the Yoast SEO plugin v26.3 - https:\/\/yoast.com\/wordpress\/plugins\/seo\/ -->\n<title>V\u00cdDEOS: Bom Dia Cidade Sul de Minas de quinta | Encontra Itajub\u00e1<\/title>\n<meta name=\"robots\" content=\"index, follow, max-snippet:-1, max-image-preview:large, max-video-preview:-1\" \/>\n<link rel=\"canonical\" href=\"https:\/\/www.encontraminasgerais.com.br\/itajuba\/videos-bom-dia-cidade-sul-de-minas-de-quinta\/\" \/>\n<meta property=\"og:locale\" content=\"pt_BR\" \/>\n<meta property=\"og:type\" content=\"article\" \/>\n<meta property=\"og:title\" content=\"V\u00cdDEOS: Bom Dia Cidade Sul de Minas de quinta | Encontra Itajub\u00e1\" \/>\n<meta property=\"og:description\" content=\"V\u00cdDEOS: Descubra o que aconteceu no Bom Dia Cidade Sul de Minas em 8 de janeiro de 2026.\" \/>\n<meta property=\"og:url\" content=\"https:\/\/www.encontraminasgerais.com.br\/itajuba\/videos-bom-dia-cidade-sul-de-minas-de-quinta\/\" \/>\n<meta property=\"og:site_name\" content=\"Encontra Itajub\u00e1\" \/>\n<meta property=\"article:published_time\" content=\"2026-01-15T09:46:42+00:00\" \/>\n<meta property=\"og:image\" content=\"https:\/\/www.encontraminasgerais.com.br\/itajuba\/wp-content\/uploads\/2026\/01\/videos-bom-dia-cidade-sul-de-minas-de-quinta.webp\" \/>\n<meta name=\"author\" content=\"Encontra Itajub\u00e1\" \/>\n<meta name=\"twitter:card\" content=\"summary_large_image\" \/>\n<meta name=\"twitter:label1\" content=\"Escrito por\" \/>\n\t<meta name=\"twitter:data1\" content=\"Encontra Itajub\u00e1\" \/>\n\t<meta name=\"twitter:label2\" content=\"Est. tempo de leitura\" \/>\n\t<meta name=\"twitter:data2\" content=\"9 minutos\" \/>\n<script type=\"application\/ld+json\" class=\"yoast-schema-graph\">{\"@context\":\"https:\/\/schema.org\",\"@graph\":[{\"@type\":\"WebPage\",\"@id\":\"https:\/\/www.encontraminasgerais.com.br\/itajuba\/videos-bom-dia-cidade-sul-de-minas-de-quinta\/\",\"url\":\"https:\/\/www.encontraminasgerais.com.br\/itajuba\/videos-bom-dia-cidade-sul-de-minas-de-quinta\/\",\"name\":\"V\u00cdDEOS: Bom Dia Cidade Sul de Minas de quinta | Encontra Itajub\u00e1\",\"isPartOf\":{\"@id\":\"https:\/\/www.encontraminasgerais.com.br\/itajuba\/#website\"},\"primaryImageOfPage\":{\"@id\":\"https:\/\/www.encontraminasgerais.com.br\/itajuba\/videos-bom-dia-cidade-sul-de-minas-de-quinta\/#primaryimage\"},\"image\":{\"@id\":\"https:\/\/www.encontraminasgerais.com.br\/itajuba\/videos-bom-dia-cidade-sul-de-minas-de-quinta\/#primaryimage\"},\"thumbnailUrl\":\"https:\/\/www.encontraminasgerais.com.br\/itajuba\/wp-content\/uploads\/2026\/01\/videos-bom-dia-cidade-sul-de-minas-de-quinta.webp\",\"datePublished\":\"2026-01-15T09:46:42+00:00\",\"author\":{\"@id\":\"https:\/\/www.encontraminasgerais.com.br\/itajuba\/#\/schema\/person\/d26674c083ec86b440752843a690de33\"},\"inLanguage\":\"pt-BR\",\"potentialAction\":[{\"@type\":\"ReadAction\",\"target\":[\"https:\/\/www.encontraminasgerais.com.br\/itajuba\/videos-bom-dia-cidade-sul-de-minas-de-quinta\/\"]}]},{\"@type\":\"ImageObject\",\"inLanguage\":\"pt-BR\",\"@id\":\"https:\/\/www.encontraminasgerais.com.br\/itajuba\/videos-bom-dia-cidade-sul-de-minas-de-quinta\/#primaryimage\",\"url\":\"https:\/\/www.encontraminasgerais.com.br\/itajuba\/wp-content\/uploads\/2026\/01\/videos-bom-dia-cidade-sul-de-minas-de-quinta.webp\",\"contentUrl\":\"https:\/\/www.encontraminasgerais.com.br\/itajuba\/wp-content\/uploads\/2026\/01\/videos-bom-dia-cidade-sul-de-minas-de-quinta.webp\",\"width\":280,\"height\":280,\"caption\":\"Bom Dia Cidade Sul de Minas\"},{\"@type\":\"WebSite\",\"@id\":\"https:\/\/www.encontraminasgerais.com.br\/itajuba\/#website\",\"url\":\"https:\/\/www.encontraminasgerais.com.br\/itajuba\/\",\"name\":\"Encontra Itajub\u00e1\",\"description\":\"ENCONTRA ITAJUB\u00c1 - O guia comercial de neg\u00f3cios e empresas, cultura e divers\u00e3o na cidade de Itajub\u00e1. Feito 100% para voc\u00ea morador!\",\"potentialAction\":[{\"@type\":\"SearchAction\",\"target\":{\"@type\":\"EntryPoint\",\"urlTemplate\":\"https:\/\/www.encontraminasgerais.com.br\/itajuba\/?s={search_term_string}\"},\"query-input\":{\"@type\":\"PropertyValueSpecification\",\"valueRequired\":true,\"valueName\":\"search_term_string\"}}],\"inLanguage\":\"pt-BR\"},{\"@type\":\"Person\",\"@id\":\"https:\/\/www.encontraminasgerais.com.br\/itajuba\/#\/schema\/person\/d26674c083ec86b440752843a690de33\",\"name\":\"Encontra Itajub\u00e1\",\"image\":{\"@type\":\"ImageObject\",\"inLanguage\":\"pt-BR\",\"@id\":\"https:\/\/www.encontraminasgerais.com.br\/itajuba\/#\/schema\/person\/image\/\",\"url\":\"https:\/\/secure.gravatar.com\/avatar\/c50c17820bcf322f0a8fd6b110b8c0918141409dc69076470f6fca5fee70a5d4?s=96&d=mm&r=g\",\"contentUrl\":\"https:\/\/secure.gravatar.com\/avatar\/c50c17820bcf322f0a8fd6b110b8c0918141409dc69076470f6fca5fee70a5d4?s=96&d=mm&r=g\",\"caption\":\"Encontra Itajub\u00e1\"},\"url\":\"https:\/\/www.encontraminasgerais.com.br\/itajuba\/author\/eitajuba\/\"}]}<\/script>\n<!-- \/ Yoast SEO plugin. -->","yoast_head_json":{"title":"V\u00cdDEOS: Bom Dia Cidade Sul de Minas de quinta | Encontra Itajub\u00e1","robots":{"index":"index","follow":"follow","max-snippet":"max-snippet:-1","max-image-preview":"max-image-preview:large","max-video-preview":"max-video-preview:-1"},"canonical":"https:\/\/www.encontraminasgerais.com.br\/itajuba\/videos-bom-dia-cidade-sul-de-minas-de-quinta\/","og_locale":"pt_BR","og_type":"article","og_title":"V\u00cdDEOS: Bom Dia Cidade Sul de Minas de quinta | Encontra Itajub\u00e1","og_description":"V\u00cdDEOS: Descubra o que aconteceu no Bom Dia Cidade Sul de Minas em 8 de janeiro de 2026.","og_url":"https:\/\/www.encontraminasgerais.com.br\/itajuba\/videos-bom-dia-cidade-sul-de-minas-de-quinta\/","og_site_name":"Encontra Itajub\u00e1","article_published_time":"2026-01-15T09:46:42+00:00","og_image":[{"url":"https:\/\/www.encontraminasgerais.com.br\/itajuba\/wp-content\/uploads\/2026\/01\/videos-bom-dia-cidade-sul-de-minas-de-quinta.webp","type":"","width":"","height":""}],"author":"Encontra Itajub\u00e1","twitter_card":"summary_large_image","twitter_misc":{"Escrito por":"Encontra Itajub\u00e1","Est. tempo de leitura":"9 minutos"},"schema":{"@context":"https:\/\/schema.org","@graph":[{"@type":"WebPage","@id":"https:\/\/www.encontraminasgerais.com.br\/itajuba\/videos-bom-dia-cidade-sul-de-minas-de-quinta\/","url":"https:\/\/www.encontraminasgerais.com.br\/itajuba\/videos-bom-dia-cidade-sul-de-minas-de-quinta\/","name":"V\u00cdDEOS: Bom Dia Cidade Sul de Minas de quinta | Encontra Itajub\u00e1","isPartOf":{"@id":"https:\/\/www.encontraminasgerais.com.br\/itajuba\/#website"},"primaryImageOfPage":{"@id":"https:\/\/www.encontraminasgerais.com.br\/itajuba\/videos-bom-dia-cidade-sul-de-minas-de-quinta\/#primaryimage"},"image":{"@id":"https:\/\/www.encontraminasgerais.com.br\/itajuba\/videos-bom-dia-cidade-sul-de-minas-de-quinta\/#primaryimage"},"thumbnailUrl":"https:\/\/www.encontraminasgerais.com.br\/itajuba\/wp-content\/uploads\/2026\/01\/videos-bom-dia-cidade-sul-de-minas-de-quinta.webp","datePublished":"2026-01-15T09:46:42+00:00","author":{"@id":"https:\/\/www.encontraminasgerais.com.br\/itajuba\/#\/schema\/person\/d26674c083ec86b440752843a690de33"},"inLanguage":"pt-BR","potentialAction":[{"@type":"ReadAction","target":["https:\/\/www.encontraminasgerais.com.br\/itajuba\/videos-bom-dia-cidade-sul-de-minas-de-quinta\/"]}]},{"@type":"ImageObject","inLanguage":"pt-BR","@id":"https:\/\/www.encontraminasgerais.com.br\/itajuba\/videos-bom-dia-cidade-sul-de-minas-de-quinta\/#primaryimage","url":"https:\/\/www.encontraminasgerais.com.br\/itajuba\/wp-content\/uploads\/2026\/01\/videos-bom-dia-cidade-sul-de-minas-de-quinta.webp","contentUrl":"https:\/\/www.encontraminasgerais.com.br\/itajuba\/wp-content\/uploads\/2026\/01\/videos-bom-dia-cidade-sul-de-minas-de-quinta.webp","width":280,"height":280,"caption":"Bom Dia Cidade Sul de Minas"},{"@type":"WebSite","@id":"https:\/\/www.encontraminasgerais.com.br\/itajuba\/#website","url":"https:\/\/www.encontraminasgerais.com.br\/itajuba\/","name":"Encontra Itajub\u00e1","description":"ENCONTRA ITAJUB\u00c1 - O guia comercial de neg\u00f3cios e empresas, cultura e divers\u00e3o na cidade de Itajub\u00e1. Feito 100% para voc\u00ea morador!","potentialAction":[{"@type":"SearchAction","target":{"@type":"EntryPoint","urlTemplate":"https:\/\/www.encontraminasgerais.com.br\/itajuba\/?s={search_term_string}"},"query-input":{"@type":"PropertyValueSpecification","valueRequired":true,"valueName":"search_term_string"}}],"inLanguage":"pt-BR"},{"@type":"Person","@id":"https:\/\/www.encontraminasgerais.com.br\/itajuba\/#\/schema\/person\/d26674c083ec86b440752843a690de33","name":"Encontra Itajub\u00e1","image":{"@type":"ImageObject","inLanguage":"pt-BR","@id":"https:\/\/www.encontraminasgerais.com.br\/itajuba\/#\/schema\/person\/image\/","url":"https:\/\/secure.gravatar.com\/avatar\/c50c17820bcf322f0a8fd6b110b8c0918141409dc69076470f6fca5fee70a5d4?s=96&d=mm&r=g","contentUrl":"https:\/\/secure.gravatar.com\/avatar\/c50c17820bcf322f0a8fd6b110b8c0918141409dc69076470f6fca5fee70a5d4?s=96&d=mm&r=g","caption":"Encontra Itajub\u00e1"},"url":"https:\/\/www.encontraminasgerais.com.br\/itajuba\/author\/eitajuba\/"}]}},"_links":{"self":[{"href":"https:\/\/www.encontraminasgerais.com.br\/itajuba\/wp-json\/wp\/v2\/posts\/4426","targetHints":{"allow":["GET"]}}],"collection":[{"href":"https:\/\/www.encontraminasgerais.com.br\/itajuba\/wp-json\/wp\/v2\/posts"}],"about":[{"href":"https:\/\/www.encontraminasgerais.com.br\/itajuba\/wp-json\/wp\/v2\/types\/post"}],"author":[{"embeddable":true,"href":"https:\/\/www.encontraminasgerais.com.br\/itajuba\/wp-json\/wp\/v2\/users\/1"}],"replies":[{"embeddable":true,"href":"https:\/\/www.encontraminasgerais.com.br\/itajuba\/wp-json\/wp\/v2\/comments?post=4426"}],"version-history":[{"count":0,"href":"https:\/\/www.encontraminasgerais.com.br\/itajuba\/wp-json\/wp\/v2\/posts\/4426\/revisions"}],"wp:featuredmedia":[{"embeddable":true,"href":"https:\/\/www.encontraminasgerais.com.br\/itajuba\/wp-json\/wp\/v2\/media\/4425"}],"wp:attachment":[{"href":"https:\/\/www.encontraminasgerais.com.br\/itajuba\/wp-json\/wp\/v2\/media?parent=4426"}],"wp:term":[{"taxonomy":"category","embeddable":true,"href":"https:\/\/www.encontraminasgerais.com.br\/itajuba\/wp-json\/wp\/v2\/categories?post=4426"},{"taxonomy":"post_tag","embeddable":true,"href":"https:\/\/www.encontraminasgerais.com.br\/itajuba\/wp-json\/wp\/v2\/tags?post=4426"}],"curies":[{"name":"wp","href":"https:\/\/api.w.org\/{rel}","templated":true}]}}