{"id":4437,"date":"2026-01-17T06:48:13","date_gmt":"2026-01-17T09:48:13","guid":{"rendered":"https:\/\/www.encontraminasgerais.com.br\/itajuba\/falta-de-caps-e-psiquiatras-leva-a-alta-de-suicidios-diz-tce\/"},"modified":"2026-01-17T06:48:13","modified_gmt":"2026-01-17T09:48:13","slug":"falta-de-caps-e-psiquiatras-leva-a-alta-de-suicidios-diz-tce","status":"publish","type":"post","link":"https:\/\/www.encontraminasgerais.com.br\/itajuba\/falta-de-caps-e-psiquiatras-leva-a-alta-de-suicidios-diz-tce\/","title":{"rendered":"Falta de Caps e psiquiatras leva \u00e0 alta de suic\u00eddios, diz TCE"},"content":{"rendered":"<h2>O Estudo do TCE-MG e seus Resultados Alarmantes<\/h2>\n<p>O Tribunal de Contas do Estado de Minas Gerais (TCE-MG) realizou um estudo crucial que destaca a rela\u00e7\u00e3o entre a falta de Centros de Aten\u00e7\u00e3o Psicossocial (Caps) e o aumento nos \u00edndices de suic\u00eddio no estado. Dados coletados entre 2018 e 2023 revelam uma situa\u00e7\u00e3o alarmante, onde muitas microrregi\u00f5es apresentam uma escassez extrema de servi\u00e7os que oferecem suporte psicol\u00f3gico e psiqui\u00e1trico \u00e0 popula\u00e7\u00e3o. Uma das conclus\u00f5es mais impactantes da pesquisa \u00e9 a disparidade na distribui\u00e7\u00e3o dos Caps, com muitos munic\u00edpios contando com apenas um centro para atender uma popula\u00e7\u00e3o que pode chegar a 200 mil habitantes.<\/p>\n<p>O estudo sinaliza que, em \u00e1reas onde a cobertura dos Caps \u00e9 mais restrita, as taxas de suic\u00eddio s\u00e3o proporcionalmente mais altas. Por exemplo, a microrregi\u00e3o de Itajub\u00e1, que apresenta uma das menores disponibilidades de servi\u00e7os de sa\u00fade mental, registra uma taxa de dez suic\u00eddios a cada 100 mil habitantes \u2014 um n\u00famero preocupante se comparado a outras regi\u00f5es com melhor acesso aos cuidados necess\u00e1rios. O TCE-MG destaca essa desconex\u00e3o entre a necessidade crescente e a aloca\u00e7\u00e3o de recursos. Este cen\u00e1rio \u00e9 uma chamada \u00e0 a\u00e7\u00e3o para que as autoridades repensem suas prioridades na sa\u00fade mental, investindo em um sistema mais equitativo e acess\u00edvel.<\/p>\n<h2>A Realidade dos Centros de Aten\u00e7\u00e3o Psicossocial<\/h2>\n<p>Os Centros de Aten\u00e7\u00e3o Psicossocial, conhecidos como Caps, s\u00e3o fundamentais para o tratamento e preven\u00e7\u00e3o de dist\u00farbios mentais. Eles oferecem servi\u00e7os essenciais, que incluem atendimentos de emerg\u00eancia, acompanhamento psicol\u00f3gico e terapia ocupacional. No entanto, a realidade encontrada pelo estudo do TCE-MG \u00e9 que muitos Caps est\u00e3o sobrecarregados e mal distribu\u00eddos. Algumas cidades em Minas Gerais, como Governador Valadares e S\u00e3o Jo\u00e3o del-Rei, t\u00eam uma quantidade inaceit\u00e1vel de habitantes por centro de atendimento, que pode ultrapassar os 100 mil, tornando quase imposs\u00edvel para os profissionais de sa\u00fade atenderem adequadamente essa demanda.<\/p>\n<p><img decoding=\"async\" src=\"https:\/\/www.encontraminasgerais.com.br\/itajuba\/wp-content\/uploads\/2026\/01\/falta-de-caps-e-psiquiatras-leva-a-alta-de-suicidios-diz-tce.webp\" alt=\"falta de Caps e psiquiatras\" loading=\"lazy\" \/><\/p>\n<p>Al\u00e9m da car\u00eancia no n\u00famero de Caps, a qualidade do atendimento tamb\u00e9m \u00e9 uma preocupa\u00e7\u00e3o. Em muitos casos, os profissionais acumulam m\u00faltiplas fun\u00e7\u00f5es, o que pode comprometer a efic\u00e1cia do tratamento. A falta de recursos, tanto humanos quanto financeiros, agrava essa situa\u00e7\u00e3o, levando a um sistema de sa\u00fade mental que n\u00e3o consegue atender aos anseios da popula\u00e7\u00e3o. A cria\u00e7\u00e3o de mais Caps e a melhoria das estruturas j\u00e1 existentes s\u00e3o primordiais para garantir que os pacientes recebam o suporte necess\u00e1rio, prevenindo desfechos tr\u00e1gicos, como o suic\u00eddio.<\/p>\n<h2>Desigualdade na Distribui\u00e7\u00e3o de Psiquiatras<\/h2>\n<p>A escassez de psiquiatras tamb\u00e9m \u00e9 uma quest\u00e3o cr\u00edtica revelada pelo estudo do TCE-MG. A pesquisa indica que, em algumas microrregi\u00f5es, a rela\u00e7\u00e3o \u00e9 de um psiquiatra para cada 100 mil habitantes, o que \u00e9 insuficiente para atender \u00e0s necessidades da popula\u00e7\u00e3o. A m\u00e9dia nacional de psiquiatras no Brasil \u00e9 de apenas 6,69 por 100 mil pessoas, colocando o pa\u00eds como um dos que t\u00eam o menor n\u00famero de especialistas em sa\u00fade mental no mundo.<\/p>\n<p>Essa desigualdade na distribui\u00e7\u00e3o de psiquiatras cria um verdadeiro deserto assistencial, onde os moradores de regi\u00f5es mais afastadas acabam sem acesso ao tratamento adequado. O cen\u00e1rio \u00e9 ainda mais angustiante quando consideramos que, para muitos dos que necessitam de suporte psiqui\u00e1trico, o tempo de espera para uma consulta pode levar meses. A aus\u00eancia de atendimento especializado impacta diretamente na qualidade de vida dos indiv\u00edduos e aumenta o risco de crises emocionais que podem levar ao suic\u00eddio.<\/p>\n<h2>Impacto da Falta de Atendimento na Sa\u00fade Mental<\/h2>\n<p>A aus\u00eancia de um suporte adequado em sa\u00fade mental n\u00e3o afeta apenas o indiv\u00edduo, mas toda a comunidade ao seu redor. A falta de tratamento para dist\u00farbios mentais pode resultar em estigmas sociais, marginaliza\u00e7\u00e3o e uma sa\u00fade comunit\u00e1ria fragilizada. Fam\u00edlias inteiras podem sofrer as consequ\u00eancias do descaso com a sa\u00fade mental, pois a n\u00e3o-aten\u00e7\u00e3o pode levar a consequ\u00eancias fatais, como suic\u00eddios.<\/p>\n<p>Pessoas que padecem de doen\u00e7as mentais frequentemente enfrentam um ciclo vicioso: a falta de atendimento gera agravamento dos sintomas, que, por sua vez, intensificam a necessidade de cuidados. Essa realidade muitas vezes leva os indiv\u00edduos a enfrentar crises que poderiam ser evitadas com um tratamento proativo e eficiente, realizado em tempo h\u00e1bil.<\/p>\n<h2>O Papel dos Munic\u00edpios na Assist\u00eancia<\/h2>\n<p>Os munic\u00edpios desempenham um papel crucial na estrutura\u00e7\u00e3o da sa\u00fade mental, sendo os respons\u00e1veis pela implementa\u00e7\u00e3o e manuten\u00e7\u00e3o dos Caps e pela contrata\u00e7\u00e3o de psiquiatras e outros profissionais de sa\u00fade. Infelizmente, muitos prefeitos e gestores municipais ainda n\u00e3o compreendem a gravidade da situa\u00e7\u00e3o, e a sa\u00fade mental continua a ser considerada um tema secund\u00e1rio em rela\u00e7\u00e3o a outras prioridades, como a sa\u00fade p\u00fablica f\u00edsica. Essa falta de aten\u00e7\u00e3o se reflete na aus\u00eancia de investimentos adequados e na insufici\u00eancia de pessoal qualificado nos servi\u00e7os de sa\u00fade mental.<\/p>\n<p>Os munic\u00edpios devem assumir a responsabilidade de criar pol\u00edticas p\u00fablicas que priorizem a sa\u00fade mental e que garantam que as pessoas tenham acesso a servi\u00e7os de qualidade. Isso inclui a\u00e7\u00f5es como a capacita\u00e7\u00e3o de profissionais, a promo\u00e7\u00e3o de campanhas de conscientiza\u00e7\u00e3o e a cria\u00e7\u00e3o de redes de apoio comunit\u00e1rio. Temas como preven\u00e7\u00e3o do suic\u00eddio e o cuidado com a sa\u00fade mental precisam ser debatidos amplamente, para que haja um entendimento claro da import\u00e2ncia desses servi\u00e7os nas comunidades locais.<\/p>\n<h2>Condi\u00e7\u00f5es Cr\u00edticas em Microrregi\u00f5es de Minas<\/h2>\n<p>Minas Gerais possui regi\u00f5es que se configuram como verdadeiros desertos de atendimento em sa\u00fade mental. Em microrregi\u00f5es como Diamantina e Itajub\u00e1, a escassez de centros de atendimento faz com que a popula\u00e7\u00e3o enfrente desafios assustadores. Por exemplo, a microrregi\u00e3o de Itajub\u00e1 apresenta um Caps para atender 200 mil habitantes, o que, evidentemente, est\u00e1 longe de ser suficiente. Isso resulta em um sistema de sa\u00fade mental que \u00e9, na pr\u00e1tica, ineficaz e incapaz de lidar com a realidade de sua popula\u00e7\u00e3o.<\/p>\n<p>As condi\u00e7\u00f5es cr\u00edticas enfrentadas por estas microrregi\u00f5es n\u00e3o s\u00e3o apenas problemas administrativos, mas refletem uma vis\u00e3o limitada da import\u00e2ncia da sa\u00fade mental. \u00c9 fundamental que a aten\u00e7\u00e3o seja voltada para essas \u00e1reas mais vulner\u00e1veis, onde o risco de suic\u00eddio tem aumentado substancialmente. Investir na cria\u00e7\u00e3o de mais Caps, bem como na melhoria das condi\u00e7\u00f5es dos servi\u00e7os j\u00e1 existentes, pode trazer um impacto positivo significativo \u00e0 sa\u00fade mental no estado.<\/p>\n<h2>Causas da Aumento nos Suic\u00eddios<\/h2>\n<p>O aumento alarmante nas taxas de suic\u00eddio em Minas Gerais est\u00e1 diretamente ligado \u00e0 falta de apoio psicol\u00f3gico e psiqui\u00e1trico. As causas s\u00e3o m\u00faltiplas e incluem fatores sociais, econ\u00f4micos e de sa\u00fade mental. O estresse causado pela instabilidade financeira, o desemprego e a falta de esperan\u00e7a s\u00e3o apenas algumas das raz\u00f5es que t\u00eam levado os indiv\u00edduos a ver o suic\u00eddio como uma solu\u00e7\u00e3o para suas dores e afli\u00e7\u00f5es. Al\u00e9m disso, o estigma em torno da sa\u00fade mental continua a ser um obst\u00e1culo significativo, impedindo que muitos busquem ajuda.<\/p>\n<p>Outro fator importante \u00e9 a cultura do sil\u00eancio que cerca as doen\u00e7as mentais. Muitas comunidades ainda n\u00e3o falam abertamente sobre esses problemas, e aqueles que enfrentam dificuldades podem sentir-se isolados e sem apoio. A falta de informa\u00e7\u00e3o e a desinforma\u00e7\u00e3o sobre dist\u00farbios mentais e suas consequ\u00eancias contribuem para essa situa\u00e7\u00e3o, refor\u00e7ando a ideia de que falar sobre suic\u00eddio \u00e9 um tabu. O reconhecimento de que a sa\u00fade mental \u00e9 uma quest\u00e3o cr\u00edtica deve ser uma prioridade nas pol\u00edticas p\u00fablicas e nas discuss\u00f5es sociais.<\/p>\n<h2>Experi\u00eancias Pessoais e a Busca por Ajuda<\/h2>\n<p>A hist\u00f3ria de pessoas que enfrentam problemas de sa\u00fade mental e suas experi\u00eancias pessoais pode servir como um poderoso lembrete da import\u00e2ncia de um sistema de atendimento eficaz. A busca por ajuda \u00e9 muitas vezes uma jornada dif\u00edcil, repleta de barreiras, como longas esperas por consultas ou deslocamentos para cidades vizinhas em busca de atendimento adequado.<\/p>\n<p>Existem relatos comoventes de pessoas que, ao n\u00e3o encontrarem o suporte necess\u00e1rio em suas comunidades, foram for\u00e7adas a buscar alternativas em locais distantes. Isso n\u00e3o apenas prolonga o sofrimento, mas muitas vezes acaba em trag\u00e9dias que poderiam ser evitadas. Os casos de suic\u00eddio frequentemente revelam uma falta de suporte em momentos cr\u00edticos, destacando a necessidade urgente de uma rede de sa\u00fade mental mais robusta e acess\u00edvel.<\/p>\n<h2>Estigma e suas Consequ\u00eancias na Sa\u00fade Mental<\/h2>\n<p>O estigma em torno da sa\u00fade mental \u00e9 um dos maiores desafios que a sociedade enfrenta atualmente. A vergonha associada a buscar ajuda para problemas mentais frequentemente impede que os indiv\u00edduos se identifiquem como necessitando de apoio, contribuindo para o aumento de casos de suic\u00eddio. Muitos ainda veem a busca por tratamento como um sinal de fraqueza, quando, na verdade, \u00e9 um ato de coragem e autocuidado.<\/p>\n<p>O impacto do estigma n\u00e3o se restringe apenas ao indiv\u00edduo, mas a fam\u00edlias inteiras, que muitas vezes ocultam o sofrimento de seus membros por medo de serem julgadas. As consequ\u00eancias podem ser devastadoras, n\u00e3o apenas na sa\u00fade mental, mas tamb\u00e9m nas rela\u00e7\u00f5es sociais e familiares. Combatendo o estigma e promovendo a aceita\u00e7\u00e3o de cuidados de sa\u00fade mental, podemos facilitar um ambiente onde as pessoas se sintam seguras para buscar a ajuda que precisam, contribuindo assim para a redu\u00e7\u00e3o das taxas de suic\u00eddio.<\/p>\n<h2>O Caminho para Melhorar a Situa\u00e7\u00e3o<\/h2>\n<p><strong>Enfrentar a crise na sa\u00fade mental em Minas Gerais requer a\u00e7\u00e3o imediata e coordenada<\/strong>. Algumas estrat\u00e9gias podem ser implementadas para melhorar essa situa\u00e7\u00e3o cr\u00edtica:<\/p>\n<ul>\n<li><strong>Aumento do Investimento:<\/strong> O governo e as prefeituras devem destinar mais recursos para a cria\u00e7\u00e3o e manuten\u00e7\u00e3o dos Caps, bem como para capacita\u00e7\u00e3o de profissionais.<\/li>\n<li><strong>Campanhas de Conscientiza\u00e7\u00e3o:<\/strong> Promover campanhas que abordem a sa\u00fade mental e a preven\u00e7\u00e3o do suic\u00eddio, desmistificando o tema e educando a popula\u00e7\u00e3o sobre a import\u00e2ncia de buscar ajuda.<\/li>\n<li><strong>Forma\u00e7\u00e3o de Redes de Apoio:<\/strong> Criar redes de apoio comunit\u00e1rias que incluam grupos de suporte para pessoas que enfrentam problemas de sa\u00fade mental.<\/li>\n<li><strong>Aumentar o Acesso a Especialistas:<\/strong> Facilitar o acesso a psiquiatras e psic\u00f3logos em todas as regi\u00f5es, especialmente nas mais carentes, garantindo que todos tenham direito a um atendimento de qualidade.<\/li>\n<\/ul>\n<p>Assim, \u00e9 poss\u00edvel fazer frente a esses desafios e construir um sistema de sa\u00fade mental mais eficaz e inclusivo, que possa prolongar vidas e oferecer esperan\u00e7as para o futuro.<\/p>\n","protected":false},"excerpt":{"rendered":"<p>A falta de Caps e psiquiatras em Minas Gerais est\u00e1 aumentando os suic\u00eddios.<\/p>\n","protected":false},"author":1,"featured_media":4436,"comment_status":"open","ping_status":"open","sticky":false,"template":"","format":"standard","meta":{"footnotes":""},"categories":[5],"tags":[],"class_list":["post-4437","post","type-post","status-publish","format-standard","has-post-thumbnail","hentry","category-noticias","has_thumb"],"yoast_head":"<!-- This site is optimized with the Yoast SEO plugin v26.3 - https:\/\/yoast.com\/wordpress\/plugins\/seo\/ -->\n<title>Falta de Caps e psiquiatras leva \u00e0 alta de suic\u00eddios, diz TCE | Encontra Itajub\u00e1<\/title>\n<meta name=\"robots\" content=\"index, follow, max-snippet:-1, max-image-preview:large, max-video-preview:-1\" \/>\n<link rel=\"canonical\" href=\"https:\/\/www.encontraminasgerais.com.br\/itajuba\/falta-de-caps-e-psiquiatras-leva-a-alta-de-suicidios-diz-tce\/\" \/>\n<meta property=\"og:locale\" content=\"pt_BR\" \/>\n<meta property=\"og:type\" content=\"article\" \/>\n<meta property=\"og:title\" content=\"Falta de Caps e psiquiatras leva \u00e0 alta de suic\u00eddios, diz TCE | Encontra Itajub\u00e1\" \/>\n<meta property=\"og:description\" content=\"A falta de Caps e psiquiatras em Minas Gerais est\u00e1 aumentando os suic\u00eddios.\" \/>\n<meta property=\"og:url\" content=\"https:\/\/www.encontraminasgerais.com.br\/itajuba\/falta-de-caps-e-psiquiatras-leva-a-alta-de-suicidios-diz-tce\/\" \/>\n<meta property=\"og:site_name\" content=\"Encontra Itajub\u00e1\" \/>\n<meta property=\"article:published_time\" content=\"2026-01-17T09:48:13+00:00\" \/>\n<meta property=\"og:image\" content=\"https:\/\/www.encontraminasgerais.com.br\/itajuba\/wp-content\/uploads\/2026\/01\/falta-de-caps-e-psiquiatras-leva-a-alta-de-suicidios-diz-tce.webp\" \/>\n<meta name=\"author\" content=\"Encontra Itajub\u00e1\" \/>\n<meta name=\"twitter:card\" content=\"summary_large_image\" \/>\n<meta name=\"twitter:label1\" content=\"Escrito por\" \/>\n\t<meta name=\"twitter:data1\" content=\"Encontra Itajub\u00e1\" \/>\n\t<meta name=\"twitter:label2\" content=\"Est. tempo de leitura\" \/>\n\t<meta name=\"twitter:data2\" content=\"9 minutos\" \/>\n<script type=\"application\/ld+json\" class=\"yoast-schema-graph\">{\"@context\":\"https:\/\/schema.org\",\"@graph\":[{\"@type\":\"WebPage\",\"@id\":\"https:\/\/www.encontraminasgerais.com.br\/itajuba\/falta-de-caps-e-psiquiatras-leva-a-alta-de-suicidios-diz-tce\/\",\"url\":\"https:\/\/www.encontraminasgerais.com.br\/itajuba\/falta-de-caps-e-psiquiatras-leva-a-alta-de-suicidios-diz-tce\/\",\"name\":\"Falta de Caps e psiquiatras leva \u00e0 alta de suic\u00eddios, diz TCE | Encontra Itajub\u00e1\",\"isPartOf\":{\"@id\":\"https:\/\/www.encontraminasgerais.com.br\/itajuba\/#website\"},\"primaryImageOfPage\":{\"@id\":\"https:\/\/www.encontraminasgerais.com.br\/itajuba\/falta-de-caps-e-psiquiatras-leva-a-alta-de-suicidios-diz-tce\/#primaryimage\"},\"image\":{\"@id\":\"https:\/\/www.encontraminasgerais.com.br\/itajuba\/falta-de-caps-e-psiquiatras-leva-a-alta-de-suicidios-diz-tce\/#primaryimage\"},\"thumbnailUrl\":\"https:\/\/www.encontraminasgerais.com.br\/itajuba\/wp-content\/uploads\/2026\/01\/falta-de-caps-e-psiquiatras-leva-a-alta-de-suicidios-diz-tce.webp\",\"datePublished\":\"2026-01-17T09:48:13+00:00\",\"author\":{\"@id\":\"https:\/\/www.encontraminasgerais.com.br\/itajuba\/#\/schema\/person\/d26674c083ec86b440752843a690de33\"},\"inLanguage\":\"pt-BR\",\"potentialAction\":[{\"@type\":\"ReadAction\",\"target\":[\"https:\/\/www.encontraminasgerais.com.br\/itajuba\/falta-de-caps-e-psiquiatras-leva-a-alta-de-suicidios-diz-tce\/\"]}]},{\"@type\":\"ImageObject\",\"inLanguage\":\"pt-BR\",\"@id\":\"https:\/\/www.encontraminasgerais.com.br\/itajuba\/falta-de-caps-e-psiquiatras-leva-a-alta-de-suicidios-diz-tce\/#primaryimage\",\"url\":\"https:\/\/www.encontraminasgerais.com.br\/itajuba\/wp-content\/uploads\/2026\/01\/falta-de-caps-e-psiquiatras-leva-a-alta-de-suicidios-diz-tce.webp\",\"contentUrl\":\"https:\/\/www.encontraminasgerais.com.br\/itajuba\/wp-content\/uploads\/2026\/01\/falta-de-caps-e-psiquiatras-leva-a-alta-de-suicidios-diz-tce.webp\",\"width\":280,\"height\":280,\"caption\":\"falta de Caps e psiquiatras\"},{\"@type\":\"WebSite\",\"@id\":\"https:\/\/www.encontraminasgerais.com.br\/itajuba\/#website\",\"url\":\"https:\/\/www.encontraminasgerais.com.br\/itajuba\/\",\"name\":\"Encontra Itajub\u00e1\",\"description\":\"ENCONTRA ITAJUB\u00c1 - O guia comercial de neg\u00f3cios e empresas, cultura e divers\u00e3o na cidade de Itajub\u00e1. Feito 100% para voc\u00ea morador!\",\"potentialAction\":[{\"@type\":\"SearchAction\",\"target\":{\"@type\":\"EntryPoint\",\"urlTemplate\":\"https:\/\/www.encontraminasgerais.com.br\/itajuba\/?s={search_term_string}\"},\"query-input\":{\"@type\":\"PropertyValueSpecification\",\"valueRequired\":true,\"valueName\":\"search_term_string\"}}],\"inLanguage\":\"pt-BR\"},{\"@type\":\"Person\",\"@id\":\"https:\/\/www.encontraminasgerais.com.br\/itajuba\/#\/schema\/person\/d26674c083ec86b440752843a690de33\",\"name\":\"Encontra Itajub\u00e1\",\"image\":{\"@type\":\"ImageObject\",\"inLanguage\":\"pt-BR\",\"@id\":\"https:\/\/www.encontraminasgerais.com.br\/itajuba\/#\/schema\/person\/image\/\",\"url\":\"https:\/\/secure.gravatar.com\/avatar\/c50c17820bcf322f0a8fd6b110b8c0918141409dc69076470f6fca5fee70a5d4?s=96&d=mm&r=g\",\"contentUrl\":\"https:\/\/secure.gravatar.com\/avatar\/c50c17820bcf322f0a8fd6b110b8c0918141409dc69076470f6fca5fee70a5d4?s=96&d=mm&r=g\",\"caption\":\"Encontra Itajub\u00e1\"},\"url\":\"https:\/\/www.encontraminasgerais.com.br\/itajuba\/author\/eitajuba\/\"}]}<\/script>\n<!-- \/ Yoast SEO plugin. -->","yoast_head_json":{"title":"Falta de Caps e psiquiatras leva \u00e0 alta de suic\u00eddios, diz TCE | Encontra Itajub\u00e1","robots":{"index":"index","follow":"follow","max-snippet":"max-snippet:-1","max-image-preview":"max-image-preview:large","max-video-preview":"max-video-preview:-1"},"canonical":"https:\/\/www.encontraminasgerais.com.br\/itajuba\/falta-de-caps-e-psiquiatras-leva-a-alta-de-suicidios-diz-tce\/","og_locale":"pt_BR","og_type":"article","og_title":"Falta de Caps e psiquiatras leva \u00e0 alta de suic\u00eddios, diz TCE | Encontra Itajub\u00e1","og_description":"A falta de Caps e psiquiatras em Minas Gerais est\u00e1 aumentando os suic\u00eddios.","og_url":"https:\/\/www.encontraminasgerais.com.br\/itajuba\/falta-de-caps-e-psiquiatras-leva-a-alta-de-suicidios-diz-tce\/","og_site_name":"Encontra Itajub\u00e1","article_published_time":"2026-01-17T09:48:13+00:00","og_image":[{"url":"https:\/\/www.encontraminasgerais.com.br\/itajuba\/wp-content\/uploads\/2026\/01\/falta-de-caps-e-psiquiatras-leva-a-alta-de-suicidios-diz-tce.webp","type":"","width":"","height":""}],"author":"Encontra Itajub\u00e1","twitter_card":"summary_large_image","twitter_misc":{"Escrito por":"Encontra Itajub\u00e1","Est. tempo de leitura":"9 minutos"},"schema":{"@context":"https:\/\/schema.org","@graph":[{"@type":"WebPage","@id":"https:\/\/www.encontraminasgerais.com.br\/itajuba\/falta-de-caps-e-psiquiatras-leva-a-alta-de-suicidios-diz-tce\/","url":"https:\/\/www.encontraminasgerais.com.br\/itajuba\/falta-de-caps-e-psiquiatras-leva-a-alta-de-suicidios-diz-tce\/","name":"Falta de Caps e psiquiatras leva \u00e0 alta de suic\u00eddios, diz TCE | Encontra Itajub\u00e1","isPartOf":{"@id":"https:\/\/www.encontraminasgerais.com.br\/itajuba\/#website"},"primaryImageOfPage":{"@id":"https:\/\/www.encontraminasgerais.com.br\/itajuba\/falta-de-caps-e-psiquiatras-leva-a-alta-de-suicidios-diz-tce\/#primaryimage"},"image":{"@id":"https:\/\/www.encontraminasgerais.com.br\/itajuba\/falta-de-caps-e-psiquiatras-leva-a-alta-de-suicidios-diz-tce\/#primaryimage"},"thumbnailUrl":"https:\/\/www.encontraminasgerais.com.br\/itajuba\/wp-content\/uploads\/2026\/01\/falta-de-caps-e-psiquiatras-leva-a-alta-de-suicidios-diz-tce.webp","datePublished":"2026-01-17T09:48:13+00:00","author":{"@id":"https:\/\/www.encontraminasgerais.com.br\/itajuba\/#\/schema\/person\/d26674c083ec86b440752843a690de33"},"inLanguage":"pt-BR","potentialAction":[{"@type":"ReadAction","target":["https:\/\/www.encontraminasgerais.com.br\/itajuba\/falta-de-caps-e-psiquiatras-leva-a-alta-de-suicidios-diz-tce\/"]}]},{"@type":"ImageObject","inLanguage":"pt-BR","@id":"https:\/\/www.encontraminasgerais.com.br\/itajuba\/falta-de-caps-e-psiquiatras-leva-a-alta-de-suicidios-diz-tce\/#primaryimage","url":"https:\/\/www.encontraminasgerais.com.br\/itajuba\/wp-content\/uploads\/2026\/01\/falta-de-caps-e-psiquiatras-leva-a-alta-de-suicidios-diz-tce.webp","contentUrl":"https:\/\/www.encontraminasgerais.com.br\/itajuba\/wp-content\/uploads\/2026\/01\/falta-de-caps-e-psiquiatras-leva-a-alta-de-suicidios-diz-tce.webp","width":280,"height":280,"caption":"falta de Caps e psiquiatras"},{"@type":"WebSite","@id":"https:\/\/www.encontraminasgerais.com.br\/itajuba\/#website","url":"https:\/\/www.encontraminasgerais.com.br\/itajuba\/","name":"Encontra Itajub\u00e1","description":"ENCONTRA ITAJUB\u00c1 - O guia comercial de neg\u00f3cios e empresas, cultura e divers\u00e3o na cidade de Itajub\u00e1. Feito 100% para voc\u00ea morador!","potentialAction":[{"@type":"SearchAction","target":{"@type":"EntryPoint","urlTemplate":"https:\/\/www.encontraminasgerais.com.br\/itajuba\/?s={search_term_string}"},"query-input":{"@type":"PropertyValueSpecification","valueRequired":true,"valueName":"search_term_string"}}],"inLanguage":"pt-BR"},{"@type":"Person","@id":"https:\/\/www.encontraminasgerais.com.br\/itajuba\/#\/schema\/person\/d26674c083ec86b440752843a690de33","name":"Encontra Itajub\u00e1","image":{"@type":"ImageObject","inLanguage":"pt-BR","@id":"https:\/\/www.encontraminasgerais.com.br\/itajuba\/#\/schema\/person\/image\/","url":"https:\/\/secure.gravatar.com\/avatar\/c50c17820bcf322f0a8fd6b110b8c0918141409dc69076470f6fca5fee70a5d4?s=96&d=mm&r=g","contentUrl":"https:\/\/secure.gravatar.com\/avatar\/c50c17820bcf322f0a8fd6b110b8c0918141409dc69076470f6fca5fee70a5d4?s=96&d=mm&r=g","caption":"Encontra Itajub\u00e1"},"url":"https:\/\/www.encontraminasgerais.com.br\/itajuba\/author\/eitajuba\/"}]}},"_links":{"self":[{"href":"https:\/\/www.encontraminasgerais.com.br\/itajuba\/wp-json\/wp\/v2\/posts\/4437","targetHints":{"allow":["GET"]}}],"collection":[{"href":"https:\/\/www.encontraminasgerais.com.br\/itajuba\/wp-json\/wp\/v2\/posts"}],"about":[{"href":"https:\/\/www.encontraminasgerais.com.br\/itajuba\/wp-json\/wp\/v2\/types\/post"}],"author":[{"embeddable":true,"href":"https:\/\/www.encontraminasgerais.com.br\/itajuba\/wp-json\/wp\/v2\/users\/1"}],"replies":[{"embeddable":true,"href":"https:\/\/www.encontraminasgerais.com.br\/itajuba\/wp-json\/wp\/v2\/comments?post=4437"}],"version-history":[{"count":0,"href":"https:\/\/www.encontraminasgerais.com.br\/itajuba\/wp-json\/wp\/v2\/posts\/4437\/revisions"}],"wp:featuredmedia":[{"embeddable":true,"href":"https:\/\/www.encontraminasgerais.com.br\/itajuba\/wp-json\/wp\/v2\/media\/4436"}],"wp:attachment":[{"href":"https:\/\/www.encontraminasgerais.com.br\/itajuba\/wp-json\/wp\/v2\/media?parent=4437"}],"wp:term":[{"taxonomy":"category","embeddable":true,"href":"https:\/\/www.encontraminasgerais.com.br\/itajuba\/wp-json\/wp\/v2\/categories?post=4437"},{"taxonomy":"post_tag","embeddable":true,"href":"https:\/\/www.encontraminasgerais.com.br\/itajuba\/wp-json\/wp\/v2\/tags?post=4437"}],"curies":[{"name":"wp","href":"https:\/\/api.w.org\/{rel}","templated":true}]}}