{"id":4453,"date":"2026-01-20T06:46:24","date_gmt":"2026-01-20T09:46:24","guid":{"rendered":"https:\/\/www.encontraminasgerais.com.br\/itajuba\/o-tempo-falta-de-caps-e-psiquiatras-leva-a-alta-de-suicidios-diz-tce\/"},"modified":"2026-01-20T06:46:24","modified_gmt":"2026-01-20T09:46:24","slug":"o-tempo-falta-de-caps-e-psiquiatras-leva-a-alta-de-suicidios-diz-tce","status":"publish","type":"post","link":"https:\/\/www.encontraminasgerais.com.br\/itajuba\/o-tempo-falta-de-caps-e-psiquiatras-leva-a-alta-de-suicidios-diz-tce\/","title":{"rendered":"O Tempo: Falta de Caps e psiquiatras leva \u00e0 alta de suic\u00eddios, diz TCE"},"content":{"rendered":"<h2>Desigualdade na Distribui\u00e7\u00e3o de Caps<\/h2>\n<p>Os Centros de Aten\u00e7\u00e3o Psicossocial (Caps) desempenham um papel fundamental na sa\u00fade mental p\u00fablica, oferecendo suporte e tratamento a pessoas que enfrentam diversos problemas relacionados a essa \u00e1rea. No entanto, a distribui\u00e7\u00e3o desigual desses centros em todo o Brasil gera uma s\u00e9rie de desafios. Em v\u00e1rias regi\u00f5es, especialmente nas \u00e1reas rurais e em munic\u00edpios menores, a falta de Caps \u00e9 alarmante. Um estudo recente realizado pelo Tribunal de Contas do Estado de Minas Gerais (TCE-MG) revelou que existem microrregi\u00f5es em Minas onde h\u00e1 apenas um Caps para atender popula\u00e7\u00f5es de at\u00e9 200 mil pessoas. Essa realidade \u00e9 insustent\u00e1vel e resulta em um tratamento inadequado, deixando muitas pessoas sem acesso a cuidados essenciais.<\/p>\n<p>A escassez de centros de atendimento \u00e9 particularmente preocupante em \u00e1reas onde a necessidade \u00e9 maior. Em localidades como Itajub\u00e1, por exemplo, que se destaca pela baixa disponibilidade de atendimento em sa\u00fade mental, as taxas de suic\u00eddio s\u00e3o alarmantes. Enquanto a m\u00e9dia de suic\u00eddios na microrregi\u00e3o de Itajub\u00e1 \u00e9 de dez por 100 mil habitantes, em regi\u00f5es com uma rede assistencial mais robusta, essa m\u00e9dia pode ser significativamente menor. Esse contraste evidencia a import\u00e2ncia de uma rede de atendimento mais eficaz e acess\u00edvel para a popula\u00e7\u00e3o.<\/p>\n<p>Al\u00e9m disso, a distribui\u00e7\u00e3o desigual dos Caps n\u00e3o se limita apenas \u00e0 quantidade, mas tamb\u00e9m \u00e0 qualidade dos servi\u00e7os oferecidos. \u00c9 fundamental que esses centros n\u00e3o apenas existam, mas que estejam estruturados de maneira a atender adequadamente as demandas da popula\u00e7\u00e3o. O acesso \u00e0 sa\u00fade mental deve ser um direito garantido a todos, independentemente de sua localiza\u00e7\u00e3o geogr\u00e1fica.<\/p>\n<p><img decoding=\"async\" src=\"https:\/\/www.encontraminasgerais.com.br\/itajuba\/wp-content\/uploads\/2026\/01\/o-tempo-falta-de-caps-e-psiquiatras-leva-a-alta-de-suicidios-diz-tce.webp\" alt=\"falta de Caps e psiquiatras\" loading=\"lazy\" \/><\/p>\n<h2>Como a Falta de Psiquiatras Aumenta o Suic\u00eddio<\/h2>\n<p>A escassez de psiquiatras \u00e9 uma das grandes preocupa\u00e7\u00f5es da sa\u00fade mental no Brasil. O TCE-MG destacou que em algumas \u00e1reas, h\u00e1 apenas um psiquiatra para cada 100 mil habitantes, o que \u00e9 totalmente insuficiente para atender uma popula\u00e7\u00e3o em constante crescimento que enfrenta desafios significativos em sa\u00fade mental. A falta de profissionais qualificados n\u00e3o s\u00f3 limita o acesso ao tratamento adequado, como tamb\u00e9m pode agravar problemas j\u00e1 existentes, incluindo transtornos depressivos e crises de ansiedade.<\/p>\n<p>Estudos mostram que a presen\u00e7a de psiquiatras est\u00e1 fortemente correlacionada com as taxas de suic\u00eddio em uma regi\u00e3o. Onde existem mais profissionais da sa\u00fade mental, os \u00edndices de suic\u00eddio tendem a ser menores, uma vez que os pacientes t\u00eam mais oportunidades de receber a ajuda que precisam. Essa realidade deixa claro que a forma\u00e7\u00e3o e a distribui\u00e7\u00e3o de psiquiatras precisam ser uma prioridade nas pol\u00edticas de sa\u00fade p\u00fablica.<\/p>\n<p>Al\u00e9m da falta de psiquiatras, \u00e9 necess\u00e1rio considerar o impacto da institucionaliza\u00e7\u00e3o de tratamentos. Muitas vezes, as pessoas que precisam de atendimento n\u00e3o buscam ajuda devido ao estigma associado aos transtornos mentais, o que torna a situa\u00e7\u00e3o ainda mais cr\u00edtica. \u00c9 vital que haja um esfor\u00e7o conjunto para desmistificar os cuidados em sa\u00fade mental e promover um ambiente onde as pessoas se sintam seguras e apoiadas ao buscar ajuda profissional.<\/p>\n<h2>O Estigma em Torno da Sa\u00fade Mental<\/h2>\n<p>O estigma relacionado \u00e0 sa\u00fade mental \u00e9 uma barreira significativa que impede muitos indiv\u00edduos de buscar o tratamento de que precisam. No Brasil, o suic\u00eddio e os transtornos mentais s\u00e3o frequentemente tratados como tabu, o que agrava o problema. Quando uma pessoa enfrenta uma crise de sa\u00fade mental, as respostas sociais podem ser repletas de preconceitos e mal-entendidos. Esse estigma n\u00e3o apenas impede o acesso a cuidados, mas tamb\u00e9m desencoraja as pessoas a falarem sobre suas dificuldades. <\/p>\n<p>A situa\u00e7\u00e3o \u00e9 cr\u00edtica, especialmente em comunidades onde o conhecimento sobre sa\u00fade mental \u00e9 limitado. Muitas pessoas que enfrentam problemas mentais sentem que n\u00e3o t\u00eam apoio, o que as leva a desconsiderar sua sa\u00fade e, em casos extremos, a optar pelo suic\u00eddio. Narrativas que tratam os suic\u00eddios como algo vergonhoso ou como uma fraqueza pessoal intensificam o sofrimento de quem est\u00e1 lutando contra esses desafios.<\/p>\n<p>Campanhas de conscientiza\u00e7\u00e3o s\u00e3o vitais para mudar essa narrativa. \u00c9 fundamental promover a educa\u00e7\u00e3o sobre sa\u00fade mental nas escolas, nas comunidades e atrav\u00e9s das m\u00eddias sociais. Quando mais pessoas se informam sobre a sa\u00fade mental, o estigma come\u00e7a a se dissipar e mais indiv\u00edduos se sentem capacitados para buscar ajuda e apoio.<\/p>\n<h2>A Necessidade de Recursos Adequados<\/h2>\n<p>Uma infraestrutura de sa\u00fade mental robusta \u00e9 vital para lidar com o alarmante aumento das taxas de suic\u00eddio e outros problemas de sa\u00fade mental. Apesar dos esfor\u00e7os do governo e do investimento substancial em sa\u00fade mental, como os mais de R$ 700 milh\u00f5es mencionados pela Secretaria de Estado de Sa\u00fade de Minas Gerais, muitos locais ainda carecem de recursos adequados. \u00c9 necess\u00e1rio que haja um planejamento estrat\u00e9gico que inclua a forma\u00e7\u00e3o e a contrata\u00e7\u00e3o de profissionais qualificados, a expans\u00e3o da rede de Caps e o aumento do financiamento para programas de preven\u00e7\u00e3o.<\/p>\n<p>A implementa\u00e7\u00e3o de pol\u00edticas p\u00fablicas eficazes requer uma an\u00e1lise detalhada da situa\u00e7\u00e3o atual. O investimento financeiro deve ser direcionado para \u00e1reas que demonstram maior necessidade. Por exemplo, em regi\u00f5es com altas taxas de suic\u00eddio e baixa cobertura de psiquiatras, \u00e9 essencial destinar recursos que melhorem o acesso ao tratamento. Isso significa n\u00e3o apenas aumentar o n\u00famero de profissionais, mas tamb\u00e9m oferecer treinamento e suporte cont\u00ednuo para que eles possam atender adequadamente as demandas de sa\u00fade mental da popula\u00e7\u00e3o.<\/p>\n<p>Al\u00e9m disso, \u00e9 fundamental que os recursos sejam acompanhados de interven\u00e7\u00f5es pr\u00e1ticas e centradas no paciente. Programas de sensibiliza\u00e7\u00e3o e treinamento para os profissionais da sa\u00fade podem ajudar a construir uma rede de suporte mais eficaz e emp\u00e1tica. A colabora\u00e7\u00e3o entre os diferentes n\u00edveis de governo e as organiza\u00e7\u00f5es n\u00e3o governamentais pode fornecer um suporte crucial na cria\u00e7\u00e3o de solu\u00e7\u00f5es inovadoras para os problemas que a sa\u00fade mental enfrenta atualmente.<\/p>\n<h2>Testemunhos de Quem Sofreu<\/h2>\n<p>Hist\u00f3rias pessoais s\u00e3o poderosas ferramentas que ajudam a iluminar a luta enfrentada por aqueles que lidam com problemas de sa\u00fade mental e suas consequ\u00eancias. Maria Aparecida Ant\u00f4nia Mapa Soares, que perdeu seu filho ao suic\u00eddio, exemplifica como a falta de suporte e recursos pode afetar negativamente toda uma fam\u00edlia. Ela relata a dificuldade de encontrar servi\u00e7os de apoio adequados em sua comunidade, o que ressalta a import\u00e2ncia de uma rede de suporte mais abrangente.<\/p>\n<p>Outro testemunho tocante \u00e9 o de Helena, que perdeu sua m\u00e3e para o suic\u00eddio e viveu em um ambiente onde a verdade sobre a morte foi escondida por anos. Essa oculta\u00e7\u00e3o n\u00e3o apenas causou confus\u00e3o e dor, mas tamb\u00e9m refor\u00e7ou o estigma associado ao suic\u00eddio em sua vida. Relatos como os de Helena e Maria s\u00e3o fundamentais para entender a necessidade de abordagens mais abertas e compreensivas em rela\u00e7\u00e3o \u00e0 sa\u00fade mental.<\/p>\n<p>A escuta ativa dessas hist\u00f3rias pode ajudar a moldar a pol\u00edtica de sa\u00fade mental e criar campanhas de conscientiza\u00e7\u00e3o que ressoem com a experi\u00eancia vivida das pessoas. \u00c9 crucial que a sociedade se una para ouvir e apoiar aqueles que enfrentam esses desafios e trabalhar coletivamente para desenvolver sistemas de apoio mais eficazes.<\/p>\n<h2>A Crise da Sa\u00fade Mental no Brasil<\/h2>\n<p>A crise da sa\u00fade mental no Brasil \u00e9 um fen\u00f4meno complexo, exacerbado por fatores como a pandemia de COVID-19, que intensificou o isolamento social e a ansiedade em muitas pessoas. As taxas de suic\u00eddio aumentaram drasticamente, evidenciando a necessidade urgente de um sistema de sa\u00fade mental mais forte e mais acess\u00edvel. O TCE-MG reportou um aumento de 34% nas taxas de suic\u00eddio de 2014 a 2024, um sinal claro de que as interven\u00e7\u00f5es atuais n\u00e3o s\u00e3o suficientes.<\/p>\n<p>Dentro desse contexto, \u00e9 essencial promover uma abordagem hol\u00edstica que considere os m\u00faltiplos fatores que contribuem para a sa\u00fade mental. Isso inclui o impacto das desigualdades sociais, fatores econ\u00f4micos e condi\u00e7\u00f5es de vida que influenciam o bem-estar mental das pessoas. Pol\u00edticas de sa\u00fade mental devem ser integradas com programas sociais e econ\u00f4micos que abordem as ra\u00edzes das dificuldades enfrentadas por muitos, al\u00e9m de promover um melhor acesso ao tratamento.<\/p>\n<p>Investir na sa\u00fade mental n\u00e3o \u00e9 apenas uma quest\u00e3o de cuidar dos doentes; \u00e9 uma responsabilidade coletiva que envolve todos os setores da sociedade. O fortalecimento de pol\u00edticas de sa\u00fade p\u00fablica, a cria\u00e7\u00e3o de ambientes que promovam a sa\u00fade mental e a sensibiliza\u00e7\u00e3o da popula\u00e7\u00e3o s\u00e3o passos essenciais para superar essa crise e garantir que ningu\u00e9m fique para tr\u00e1s na busca por ajuda.<\/p>\n<h2>Caminhos para a Preven\u00e7\u00e3o do Suic\u00eddio<\/h2>\n<p>Para abordar a quest\u00e3o do suic\u00eddio de forma eficaz, \u00e9 fundamental implementar um sistema abrangente de preven\u00e7\u00e3o que envolva m\u00faltiplas estrat\u00e9gias. A educa\u00e7\u00e3o \u00e9 uma das principais ferramentas que pode ser utilizada para sensibilizar o p\u00fablico em geral sobre os sinais de alerta e como agir quando perceber que algu\u00e9m est\u00e1 em risco. Campanhas educativas podem informar as pessoas sobre o que fazer em situa\u00e7\u00f5es de crise e como apoiar amigos ou familiares que possam estar lutando contra problemas de sa\u00fade mental.<\/p>\n<p>Outra estrat\u00e9gia importante \u00e9 a forma\u00e7\u00e3o e capacita\u00e7\u00e3o de profissionais de sa\u00fade, que devem estar preparados para identificar e tratar quest\u00f5es de sa\u00fade mental de maneira eficaz. Programas de forma\u00e7\u00e3o cont\u00ednua podem ajudar os profissionais a se manterem atualizados sobre as melhores pr\u00e1ticas e a abordagem adequada para situa\u00e7\u00f5es de crise. Al\u00e9m disso, incentivos para que mais profissionais escolham a psiquiatria como carreira, aliados a condi\u00e7\u00f5es de trabalho e remunera\u00e7\u00e3o adequadas, podem ajudar a mitigar a escassez de psiquiatras.<\/p>\n<p>As linhas de apoio e emerg\u00eancia tamb\u00e9m s\u00e3o cruciais na preven\u00e7\u00e3o do suic\u00eddio. A disponibilidade de n\u00fameros telef\u00f4nicos e servi\u00e7os de apoio psicol\u00f3gico que funcionem 24 horas por dia pode fazer a diferen\u00e7a entre a vida e a morte em situa\u00e7\u00f5es cr\u00edticas. Esses servi\u00e7os devem ser amplamente divulgados e acess\u00edveis a todos, garantindo que pessoas em crise tenham um recurso ao qual se dirigir rapidamente.<\/p>\n<h2>O Papel dos Centros de Aten\u00e7\u00e3o Psicossocial<\/h2>\n<p>Os Centros de Aten\u00e7\u00e3o Psicossocial s\u00e3o fundamentais na estrutura de suporte \u00e0 sa\u00fade mental. Eles devem atuar n\u00e3o apenas na recupera\u00e7\u00e3o de pessoas que buscam tratamento, mas tamb\u00e9m na promo\u00e7\u00e3o da sa\u00fade mental e no fortalecimento do bem-estar da comunidade. Isso pode ser alcan\u00e7ado atrav\u00e9s de programas de inclus\u00e3o, atividades terap\u00eauticas e iniciativas de sensibiliza\u00e7\u00e3o.<\/p>\n<p>A acessibilidade dos Caps \u00e9 uma quest\u00e3o crucial. \u00c9 imprescind\u00edvel que esses centros estejam suficientemente distribu\u00eddos, especialmente em regi\u00f5es onde o acesso \u00e0 sa\u00fade mental \u00e9 limitado. A cria\u00e7\u00e3o de um sistema de transporte acess\u00edvel para aqueles que precisam se deslocar para buscar atendimento \u00e9 uma alternativa que pode ser considerada para facilitar o acesso. <\/p>\n<p>Al\u00e9m disso, os Caps devem ser ambientes acolhedores, onde os pacientes se sintam seguros para expressar suas preocupa\u00e7\u00f5es e ansiedades. Criar uma cultura de acolhimento \u00e9 vital para que as pessoas busquem ajuda sem medo de julgamentos. T\u00e9cnicas de integra\u00e7\u00e3o social, como a participa\u00e7\u00e3o em grupos de apoio, podem promover um sentimento de pertencimento e minimizar a sensa\u00e7\u00e3o de isolamento enfrentada por aqueles que lutam com problemas de sa\u00fade mental.<\/p>\n<h2>Casos Extremos: Hist\u00f3rias Reais<\/h2>\n<p>As hist\u00f3rias reais de pessoas que enfrentam crises de sa\u00fade mental podem ser poderosas catalisadores para a mudan\u00e7a. Casos extremos, como os de Maria e Helena, ilustram a urg\u00eancia da necessidade de um sistema robusto e acess\u00edvel de sa\u00fade mental. Essas narrativas n\u00e3o s\u00e3o apenas testemunhos individuais; elas refletem uma realidade coletiva que muitas pessoas enfrentam silenciosamente.<\/p>\n<p>No caso de Maria, a luta por obter suporte para a sa\u00fade mental de seu filho revela os obst\u00e1culos institucionais e sociais que muitas fam\u00edlias enfrentam. Depois da perda, ela descreveu uma sensa\u00e7\u00e3o de desespero e uma luta constante para encontrar suporte em meio ao estigma. Essa batalha deve ser abordada com seriedade e humanidade, garantindo que todas as fam\u00edlias tenham acesso ao suporte necess\u00e1rio.<\/p>\n<p>As hist\u00f3rias como a de Helena, que viveu o luto e o estigma de perder um ente querido para o suic\u00eddio, s\u00e3o t\u00e3o comuns quanto tr\u00e1gicas. A revela\u00e7\u00e3o de que sua m\u00e3e havia se suicidado deixou marcas profundas em sua vida e suas compara\u00e7\u00f5es em rela\u00e7\u00e3o a pessoas que sofrem luto s\u00e3o frequentes. As implica\u00e7\u00f5es sociais da sa\u00fade mental n\u00e3o podem ser subestimadas e s\u00e3o uma parte vital do entendimento do problema.<\/p>\n<h2>Como a Comunidade Pode Ajudar<\/h2>\n<p>A promo\u00e7\u00e3o da sa\u00fade mental \u00e9 uma responsabilidade coletiva. As comunidades podem desempenhar um papel essencial na constru\u00e7\u00e3o de um ambiente mais acolhedor e solid\u00e1rio. Iniciativas de apoio mutuo, como grupos de apoio e eventos comunit\u00e1rios, podem ajudar a desestigmatizar a sa\u00fade mental e criar uma cultura de apoio. <\/p>\n<p>A organiza\u00e7\u00e3o de campanhas informativas e workshops nas escolas e centros comunit\u00e1rios pode aumentar a conscientiza\u00e7\u00e3o sobre a import\u00e2ncia da sa\u00fade mental. Quando as pessoas est\u00e3o informadas, elas se sentem mais capacitados para buscar ajuda e a oferecer apoio aos outros. A disponibiliza\u00e7\u00e3o de informa\u00e7\u00f5es sobre servi\u00e7os de sa\u00fade mental e recursos locais deve ser uma prioridade em qualquer comunidade.<\/p>\n<p>Al\u00e9m disso, a colabora\u00e7\u00e3o entre institui\u00e7\u00f5es, como escolas, centros de sa\u00fade e organiza\u00e7\u00f5es sociais, pode criar uma rede de suporte mais abrangente. A promo\u00e7\u00e3o de parcerias efetivas pode desenvolver programas que abordem quest\u00f5es de sa\u00fade mental de maneira integrada e com uma abordagem centrada no paciente.<\/p>\n<p>Com um esfor\u00e7o conjunto, \u00e9 poss\u00edvel construir uma sociedade que respeite e valorize a sa\u00fade mental, garantindo que todos tenham acesso ao suporte necess\u00e1rio para viver vidas saud\u00e1veis e produtivas.<\/p>\n","protected":false},"excerpt":{"rendered":"<p>A falta de Caps e psiquiatras impacta o aumento de suic\u00eddios em Minas Gerais.<\/p>\n","protected":false},"author":1,"featured_media":4452,"comment_status":"open","ping_status":"open","sticky":false,"template":"","format":"standard","meta":{"footnotes":""},"categories":[5],"tags":[],"class_list":["post-4453","post","type-post","status-publish","format-standard","has-post-thumbnail","hentry","category-noticias","has_thumb"],"yoast_head":"<!-- This site is optimized with the Yoast SEO plugin v26.3 - https:\/\/yoast.com\/wordpress\/plugins\/seo\/ -->\n<title>O Tempo: Falta de Caps e psiquiatras leva \u00e0 alta de suic\u00eddios, diz TCE | Encontra Itajub\u00e1<\/title>\n<meta name=\"robots\" content=\"index, follow, max-snippet:-1, max-image-preview:large, max-video-preview:-1\" \/>\n<link rel=\"canonical\" href=\"https:\/\/www.encontraminasgerais.com.br\/itajuba\/o-tempo-falta-de-caps-e-psiquiatras-leva-a-alta-de-suicidios-diz-tce\/\" \/>\n<meta property=\"og:locale\" content=\"pt_BR\" \/>\n<meta property=\"og:type\" content=\"article\" \/>\n<meta property=\"og:title\" content=\"O Tempo: Falta de Caps e psiquiatras leva \u00e0 alta de suic\u00eddios, diz TCE | Encontra Itajub\u00e1\" \/>\n<meta property=\"og:description\" content=\"A falta de Caps e psiquiatras impacta o aumento de suic\u00eddios em Minas Gerais.\" \/>\n<meta property=\"og:url\" content=\"https:\/\/www.encontraminasgerais.com.br\/itajuba\/o-tempo-falta-de-caps-e-psiquiatras-leva-a-alta-de-suicidios-diz-tce\/\" \/>\n<meta property=\"og:site_name\" content=\"Encontra Itajub\u00e1\" \/>\n<meta property=\"article:published_time\" content=\"2026-01-20T09:46:24+00:00\" \/>\n<meta property=\"og:image\" content=\"https:\/\/www.encontraminasgerais.com.br\/itajuba\/wp-content\/uploads\/2026\/01\/o-tempo-falta-de-caps-e-psiquiatras-leva-a-alta-de-suicidios-diz-tce.webp\" \/>\n<meta name=\"author\" content=\"Encontra Itajub\u00e1\" \/>\n<meta name=\"twitter:card\" content=\"summary_large_image\" \/>\n<meta name=\"twitter:label1\" content=\"Escrito por\" \/>\n\t<meta name=\"twitter:data1\" content=\"Encontra Itajub\u00e1\" \/>\n\t<meta name=\"twitter:label2\" content=\"Est. tempo de leitura\" \/>\n\t<meta name=\"twitter:data2\" content=\"12 minutos\" \/>\n<script type=\"application\/ld+json\" class=\"yoast-schema-graph\">{\"@context\":\"https:\/\/schema.org\",\"@graph\":[{\"@type\":\"WebPage\",\"@id\":\"https:\/\/www.encontraminasgerais.com.br\/itajuba\/o-tempo-falta-de-caps-e-psiquiatras-leva-a-alta-de-suicidios-diz-tce\/\",\"url\":\"https:\/\/www.encontraminasgerais.com.br\/itajuba\/o-tempo-falta-de-caps-e-psiquiatras-leva-a-alta-de-suicidios-diz-tce\/\",\"name\":\"O Tempo: Falta de Caps e psiquiatras leva \u00e0 alta de suic\u00eddios, diz TCE | Encontra Itajub\u00e1\",\"isPartOf\":{\"@id\":\"https:\/\/www.encontraminasgerais.com.br\/itajuba\/#website\"},\"primaryImageOfPage\":{\"@id\":\"https:\/\/www.encontraminasgerais.com.br\/itajuba\/o-tempo-falta-de-caps-e-psiquiatras-leva-a-alta-de-suicidios-diz-tce\/#primaryimage\"},\"image\":{\"@id\":\"https:\/\/www.encontraminasgerais.com.br\/itajuba\/o-tempo-falta-de-caps-e-psiquiatras-leva-a-alta-de-suicidios-diz-tce\/#primaryimage\"},\"thumbnailUrl\":\"https:\/\/www.encontraminasgerais.com.br\/itajuba\/wp-content\/uploads\/2026\/01\/o-tempo-falta-de-caps-e-psiquiatras-leva-a-alta-de-suicidios-diz-tce.webp\",\"datePublished\":\"2026-01-20T09:46:24+00:00\",\"author\":{\"@id\":\"https:\/\/www.encontraminasgerais.com.br\/itajuba\/#\/schema\/person\/d26674c083ec86b440752843a690de33\"},\"inLanguage\":\"pt-BR\",\"potentialAction\":[{\"@type\":\"ReadAction\",\"target\":[\"https:\/\/www.encontraminasgerais.com.br\/itajuba\/o-tempo-falta-de-caps-e-psiquiatras-leva-a-alta-de-suicidios-diz-tce\/\"]}]},{\"@type\":\"ImageObject\",\"inLanguage\":\"pt-BR\",\"@id\":\"https:\/\/www.encontraminasgerais.com.br\/itajuba\/o-tempo-falta-de-caps-e-psiquiatras-leva-a-alta-de-suicidios-diz-tce\/#primaryimage\",\"url\":\"https:\/\/www.encontraminasgerais.com.br\/itajuba\/wp-content\/uploads\/2026\/01\/o-tempo-falta-de-caps-e-psiquiatras-leva-a-alta-de-suicidios-diz-tce.webp\",\"contentUrl\":\"https:\/\/www.encontraminasgerais.com.br\/itajuba\/wp-content\/uploads\/2026\/01\/o-tempo-falta-de-caps-e-psiquiatras-leva-a-alta-de-suicidios-diz-tce.webp\",\"width\":280,\"height\":280,\"caption\":\"falta de Caps e psiquiatras\"},{\"@type\":\"WebSite\",\"@id\":\"https:\/\/www.encontraminasgerais.com.br\/itajuba\/#website\",\"url\":\"https:\/\/www.encontraminasgerais.com.br\/itajuba\/\",\"name\":\"Encontra Itajub\u00e1\",\"description\":\"ENCONTRA ITAJUB\u00c1 - O guia comercial de neg\u00f3cios e empresas, cultura e divers\u00e3o na cidade de Itajub\u00e1. Feito 100% para voc\u00ea morador!\",\"potentialAction\":[{\"@type\":\"SearchAction\",\"target\":{\"@type\":\"EntryPoint\",\"urlTemplate\":\"https:\/\/www.encontraminasgerais.com.br\/itajuba\/?s={search_term_string}\"},\"query-input\":{\"@type\":\"PropertyValueSpecification\",\"valueRequired\":true,\"valueName\":\"search_term_string\"}}],\"inLanguage\":\"pt-BR\"},{\"@type\":\"Person\",\"@id\":\"https:\/\/www.encontraminasgerais.com.br\/itajuba\/#\/schema\/person\/d26674c083ec86b440752843a690de33\",\"name\":\"Encontra Itajub\u00e1\",\"image\":{\"@type\":\"ImageObject\",\"inLanguage\":\"pt-BR\",\"@id\":\"https:\/\/www.encontraminasgerais.com.br\/itajuba\/#\/schema\/person\/image\/\",\"url\":\"https:\/\/secure.gravatar.com\/avatar\/c50c17820bcf322f0a8fd6b110b8c0918141409dc69076470f6fca5fee70a5d4?s=96&d=mm&r=g\",\"contentUrl\":\"https:\/\/secure.gravatar.com\/avatar\/c50c17820bcf322f0a8fd6b110b8c0918141409dc69076470f6fca5fee70a5d4?s=96&d=mm&r=g\",\"caption\":\"Encontra Itajub\u00e1\"},\"url\":\"https:\/\/www.encontraminasgerais.com.br\/itajuba\/author\/eitajuba\/\"}]}<\/script>\n<!-- \/ Yoast SEO plugin. -->","yoast_head_json":{"title":"O Tempo: Falta de Caps e psiquiatras leva \u00e0 alta de suic\u00eddios, diz TCE | Encontra Itajub\u00e1","robots":{"index":"index","follow":"follow","max-snippet":"max-snippet:-1","max-image-preview":"max-image-preview:large","max-video-preview":"max-video-preview:-1"},"canonical":"https:\/\/www.encontraminasgerais.com.br\/itajuba\/o-tempo-falta-de-caps-e-psiquiatras-leva-a-alta-de-suicidios-diz-tce\/","og_locale":"pt_BR","og_type":"article","og_title":"O Tempo: Falta de Caps e psiquiatras leva \u00e0 alta de suic\u00eddios, diz TCE | Encontra Itajub\u00e1","og_description":"A falta de Caps e psiquiatras impacta o aumento de suic\u00eddios em Minas Gerais.","og_url":"https:\/\/www.encontraminasgerais.com.br\/itajuba\/o-tempo-falta-de-caps-e-psiquiatras-leva-a-alta-de-suicidios-diz-tce\/","og_site_name":"Encontra Itajub\u00e1","article_published_time":"2026-01-20T09:46:24+00:00","og_image":[{"url":"https:\/\/www.encontraminasgerais.com.br\/itajuba\/wp-content\/uploads\/2026\/01\/o-tempo-falta-de-caps-e-psiquiatras-leva-a-alta-de-suicidios-diz-tce.webp","type":"","width":"","height":""}],"author":"Encontra Itajub\u00e1","twitter_card":"summary_large_image","twitter_misc":{"Escrito por":"Encontra Itajub\u00e1","Est. tempo de leitura":"12 minutos"},"schema":{"@context":"https:\/\/schema.org","@graph":[{"@type":"WebPage","@id":"https:\/\/www.encontraminasgerais.com.br\/itajuba\/o-tempo-falta-de-caps-e-psiquiatras-leva-a-alta-de-suicidios-diz-tce\/","url":"https:\/\/www.encontraminasgerais.com.br\/itajuba\/o-tempo-falta-de-caps-e-psiquiatras-leva-a-alta-de-suicidios-diz-tce\/","name":"O Tempo: Falta de Caps e psiquiatras leva \u00e0 alta de suic\u00eddios, diz TCE | Encontra Itajub\u00e1","isPartOf":{"@id":"https:\/\/www.encontraminasgerais.com.br\/itajuba\/#website"},"primaryImageOfPage":{"@id":"https:\/\/www.encontraminasgerais.com.br\/itajuba\/o-tempo-falta-de-caps-e-psiquiatras-leva-a-alta-de-suicidios-diz-tce\/#primaryimage"},"image":{"@id":"https:\/\/www.encontraminasgerais.com.br\/itajuba\/o-tempo-falta-de-caps-e-psiquiatras-leva-a-alta-de-suicidios-diz-tce\/#primaryimage"},"thumbnailUrl":"https:\/\/www.encontraminasgerais.com.br\/itajuba\/wp-content\/uploads\/2026\/01\/o-tempo-falta-de-caps-e-psiquiatras-leva-a-alta-de-suicidios-diz-tce.webp","datePublished":"2026-01-20T09:46:24+00:00","author":{"@id":"https:\/\/www.encontraminasgerais.com.br\/itajuba\/#\/schema\/person\/d26674c083ec86b440752843a690de33"},"inLanguage":"pt-BR","potentialAction":[{"@type":"ReadAction","target":["https:\/\/www.encontraminasgerais.com.br\/itajuba\/o-tempo-falta-de-caps-e-psiquiatras-leva-a-alta-de-suicidios-diz-tce\/"]}]},{"@type":"ImageObject","inLanguage":"pt-BR","@id":"https:\/\/www.encontraminasgerais.com.br\/itajuba\/o-tempo-falta-de-caps-e-psiquiatras-leva-a-alta-de-suicidios-diz-tce\/#primaryimage","url":"https:\/\/www.encontraminasgerais.com.br\/itajuba\/wp-content\/uploads\/2026\/01\/o-tempo-falta-de-caps-e-psiquiatras-leva-a-alta-de-suicidios-diz-tce.webp","contentUrl":"https:\/\/www.encontraminasgerais.com.br\/itajuba\/wp-content\/uploads\/2026\/01\/o-tempo-falta-de-caps-e-psiquiatras-leva-a-alta-de-suicidios-diz-tce.webp","width":280,"height":280,"caption":"falta de Caps e psiquiatras"},{"@type":"WebSite","@id":"https:\/\/www.encontraminasgerais.com.br\/itajuba\/#website","url":"https:\/\/www.encontraminasgerais.com.br\/itajuba\/","name":"Encontra Itajub\u00e1","description":"ENCONTRA ITAJUB\u00c1 - O guia comercial de neg\u00f3cios e empresas, cultura e divers\u00e3o na cidade de Itajub\u00e1. Feito 100% para voc\u00ea morador!","potentialAction":[{"@type":"SearchAction","target":{"@type":"EntryPoint","urlTemplate":"https:\/\/www.encontraminasgerais.com.br\/itajuba\/?s={search_term_string}"},"query-input":{"@type":"PropertyValueSpecification","valueRequired":true,"valueName":"search_term_string"}}],"inLanguage":"pt-BR"},{"@type":"Person","@id":"https:\/\/www.encontraminasgerais.com.br\/itajuba\/#\/schema\/person\/d26674c083ec86b440752843a690de33","name":"Encontra Itajub\u00e1","image":{"@type":"ImageObject","inLanguage":"pt-BR","@id":"https:\/\/www.encontraminasgerais.com.br\/itajuba\/#\/schema\/person\/image\/","url":"https:\/\/secure.gravatar.com\/avatar\/c50c17820bcf322f0a8fd6b110b8c0918141409dc69076470f6fca5fee70a5d4?s=96&d=mm&r=g","contentUrl":"https:\/\/secure.gravatar.com\/avatar\/c50c17820bcf322f0a8fd6b110b8c0918141409dc69076470f6fca5fee70a5d4?s=96&d=mm&r=g","caption":"Encontra Itajub\u00e1"},"url":"https:\/\/www.encontraminasgerais.com.br\/itajuba\/author\/eitajuba\/"}]}},"_links":{"self":[{"href":"https:\/\/www.encontraminasgerais.com.br\/itajuba\/wp-json\/wp\/v2\/posts\/4453","targetHints":{"allow":["GET"]}}],"collection":[{"href":"https:\/\/www.encontraminasgerais.com.br\/itajuba\/wp-json\/wp\/v2\/posts"}],"about":[{"href":"https:\/\/www.encontraminasgerais.com.br\/itajuba\/wp-json\/wp\/v2\/types\/post"}],"author":[{"embeddable":true,"href":"https:\/\/www.encontraminasgerais.com.br\/itajuba\/wp-json\/wp\/v2\/users\/1"}],"replies":[{"embeddable":true,"href":"https:\/\/www.encontraminasgerais.com.br\/itajuba\/wp-json\/wp\/v2\/comments?post=4453"}],"version-history":[{"count":0,"href":"https:\/\/www.encontraminasgerais.com.br\/itajuba\/wp-json\/wp\/v2\/posts\/4453\/revisions"}],"wp:featuredmedia":[{"embeddable":true,"href":"https:\/\/www.encontraminasgerais.com.br\/itajuba\/wp-json\/wp\/v2\/media\/4452"}],"wp:attachment":[{"href":"https:\/\/www.encontraminasgerais.com.br\/itajuba\/wp-json\/wp\/v2\/media?parent=4453"}],"wp:term":[{"taxonomy":"category","embeddable":true,"href":"https:\/\/www.encontraminasgerais.com.br\/itajuba\/wp-json\/wp\/v2\/categories?post=4453"},{"taxonomy":"post_tag","embeddable":true,"href":"https:\/\/www.encontraminasgerais.com.br\/itajuba\/wp-json\/wp\/v2\/tags?post=4453"}],"curies":[{"name":"wp","href":"https:\/\/api.w.org\/{rel}","templated":true}]}}