{"id":4455,"date":"2026-01-20T06:48:07","date_gmt":"2026-01-20T09:48:07","guid":{"rendered":"https:\/\/www.encontraminasgerais.com.br\/itajuba\/ype-e-unimed-amparo-inauguram-conteiner-com-foco-em-atencao-primaria-a-saude-e-reforcam-agenda-de-cuidado-integral-aos-colaboradores\/"},"modified":"2026-01-20T06:48:07","modified_gmt":"2026-01-20T09:48:07","slug":"ype-e-unimed-amparo-inauguram-conteiner-com-foco-em-atencao-primaria-a-saude-e-reforcam-agenda-de-cuidado-integral-aos-colaboradores","status":"publish","type":"post","link":"https:\/\/www.encontraminasgerais.com.br\/itajuba\/ype-e-unimed-amparo-inauguram-conteiner-com-foco-em-atencao-primaria-a-saude-e-reforcam-agenda-de-cuidado-integral-aos-colaboradores\/","title":{"rendered":"Yp\u00ea e Unimed Amparo inauguram Cont\u00eainer com foco em Aten\u00e7\u00e3o Prim\u00e1ria \u00e0 Sa\u00fade e refor\u00e7am agenda de cuidado integral aos colaboradores"},"content":{"rendered":"<h2>Inaugura\u00e7\u00e3o do Espa\u00e7o Unimed|Yp\u00ea<\/h2>\n<p>A Yp\u00ea, uma das maiores fabricantes de produtos de higiene e limpeza do Brasil, deu um passo significativo na promo\u00e7\u00e3o da sa\u00fade e do bem-estar de seus colaboradores com a inaugura\u00e7\u00e3o do Espa\u00e7o Unimed|Yp\u00ea no complexo fabril de Amparo, localizado no interior de S\u00e3o Paulo. Este espa\u00e7o representa uma nova abordagem em rela\u00e7\u00e3o \u00e0 sa\u00fade do trabalhador, integrando cuidados preventivos e monitoramento de condi\u00e7\u00f5es cr\u00f4nicas em um ambiente dedicado e acess\u00edvel.<\/p>\n<p>O espa\u00e7o foi criado para direcionar atendimentos que v\u00e3o al\u00e9m das necessidades b\u00e1sicas de sa\u00fade, proporcionando uma plataforma onde os funcion\u00e1rios podem se sentir \u00e0 vontade para buscar ajuda e receber orienta\u00e7\u00e3o em quest\u00f5es de sa\u00fade. A gerente executiva de Sa\u00fade, Seguran\u00e7a e Meio Ambiente, Janice Zanardo, destacou a import\u00e2ncia desta iniciativa, ressaltando a necessidade de facilitar o acesso a servi\u00e7os de sa\u00fade e criar um ambiente que prioriza o cuidado cont\u00ednuo. Essa vis\u00e3o n\u00e3o apenas promove o bem-estar dos colaboradores, mas tamb\u00e9m fortalece a cultura organizacional de apoio e solidariedade.<\/p>\n<p>Al\u00e9m de proporcionar um local f\u00edsico para atendimento, o Espa\u00e7o Unimed|Yp\u00ea incorpora uma abordagem que considera o ser humano em sua totalidade. Isso \u00e9 crucial em um ambiente de trabalho, onde o estresse e as demandas di\u00e1rias podem impactar diretamente a sa\u00fade f\u00edsica e mental dos colaboradores. A cria\u00e7\u00e3o deste espa\u00e7o \u00e9 um claro reflexo do compromisso da Yp\u00ea com a sa\u00fade integral, alinhando-se \u00e0s melhores pr\u00e1ticas modernas em aten\u00e7\u00e3o \u00e0 sa\u00fade do trabalhador.<\/p>\n<p><img decoding=\"async\" src=\"https:\/\/www.encontraminasgerais.com.br\/itajuba\/wp-content\/uploads\/2026\/01\/ype-e-unimed-amparo-inauguram-conteiner-com-foco-em-atencao-primaria-a-saude-e-reforcam-agenda-de-cu.webp\" alt=\"Aten\u00e7\u00e3o Prim\u00e1ria \u00e0 Sa\u00fade\" loading=\"lazy\" \/><\/p>\n<h2>Import\u00e2ncia da Aten\u00e7\u00e3o Prim\u00e1ria \u00e0 Sa\u00fade<\/h2>\n<p>A aten\u00e7\u00e3o prim\u00e1ria \u00e0 sa\u00fade (APS) \u00e9 um conceito fundamental para o fortalecimento dos sistemas de sa\u00fade em qualquer pa\u00eds. Ela serve como a primeira linha de defesa na promo\u00e7\u00e3o da sa\u00fade e na preven\u00e7\u00e3o de doen\u00e7as, abordando as necessidades mais b\u00e1sicas de sa\u00fade da popula\u00e7\u00e3o. A APS n\u00e3o envolve apenas o tratamento de doen\u00e7as, mas tamb\u00e9m atua na promo\u00e7\u00e3o de h\u00e1bitos de vida saud\u00e1veis e no acompanhamento regular de condi\u00e7\u00f5es cr\u00f4nicas.<\/p>\n<p>A import\u00e2ncia da aten\u00e7\u00e3o prim\u00e1ria pode ser vista atrav\u00e9s de diversas perspectivas:<\/p>\n<ul>\n<li><strong>Acessibilidade:<\/strong> Servi\u00e7os de sa\u00fade prim\u00e1rios s\u00e3o mais acess\u00edveis \u00e0 popula\u00e7\u00e3o. Eles est\u00e3o mais pr\u00f3ximos das comunidades e, portanto, mais f\u00e1ceis de se alcan\u00e7ar, especialmente para aqueles que podem ter dificuldades em acessar cuidados mais especializados.<\/li>\n<li><strong>Preven\u00e7\u00e3o de Doen\u00e7as:<\/strong> A APS prioriza a preven\u00e7\u00e3o, o que significa que muitos problemas de sa\u00fade podem ser evitados antes que se tornem graves. Isso inclui check-ups regulares, vacina\u00e7\u00e3o e educa\u00e7\u00e3o em sa\u00fade.<\/li>\n<li><strong>Cuidado Integral:<\/strong> A APS aborda a sa\u00fade em todas as suas dimens\u00f5es, levando em considera\u00e7\u00e3o fatores sociais, econ\u00f4micos e ambientais que influenciam a sa\u00fade de um indiv\u00edduo.<\/li>\n<li><strong>Gest\u00e3o de Condi\u00e7\u00f5es Cr\u00f4nicas:<\/strong> Pacientes com doen\u00e7as cr\u00f4nicas se beneficiam de um gerenciamento cont\u00ednuo e pr\u00f3ximo, o que pode melhorar a qualidade de vida e reduzir a necessidade de interven\u00e7\u00f5es hospitalares complexas.<\/li>\n<\/ul>\n<p>Portanto, a integra\u00e7\u00e3o da APS no ambiente corporativo, como o realizado pela Yp\u00ea, \u00e9 uma estrat\u00e9gia inovadora que valoriza a sa\u00fade da for\u00e7a de trabalho, demonstrando que a empresa se preocupa genuinamente com seu bem-estar e desenvolvimento.<\/p>\n<h2>Estrat\u00e9gia de Sa\u00fade Integral na Yp\u00ea<\/h2>\n<p>A Yp\u00ea tem se destacado na implementa\u00e7\u00e3o de uma estrat\u00e9gia de sa\u00fade integral que visa n\u00e3o apenas atender \u00e0s necessidades imediatas dos colaboradores, mas tamb\u00e9m promover um ambiente que prioriza o bem-estar. Sua estrat\u00e9gia envolve uma s\u00e9rie de iniciativas que abrangem desde o atendimento m\u00e9dico b\u00e1sico at\u00e9 programas de sa\u00fade mental. O Espa\u00e7o Unimed|Yp\u00ea \u00e9 apenas uma parte desta estrat\u00e9gia mais ampla.<\/p>\n<p>A companhia j\u00e1 desenvolve programas que incluem:<\/p>\n<ul>\n<li><strong>Preven\u00e7\u00e3o e Educa\u00e7\u00e3o em Sa\u00fade:<\/strong> Realiza\u00e7\u00e3o de campanhas educativas que promovem a conscientiza\u00e7\u00e3o sobre a sa\u00fade, abordando temas como alimenta\u00e7\u00e3o saud\u00e1vel, atividade f\u00edsica e sa\u00fade mental.<\/li>\n<li><strong>Acompanhamento M\u00e9dico Regular:<\/strong> Facilidade de acesso a atendimentos m\u00e9dicos rotineiros, permitindo que quest\u00f5es de sa\u00fade sejam identificadas e tratadas precocemente.<\/li>\n<li><strong>Programas de Sa\u00fade Mental:<\/strong> Iniciativas dedicadas ao bem-estar emocional e psicol\u00f3gico dos colaboradores, abordando a import\u00e2ncia de ambientes de trabalho saud\u00e1veis.<\/li>\n<li><strong>Apoio Familiar:<\/strong> Inclus\u00e3o de programas que v\u00e3o al\u00e9m do colaborador, atendendo tamb\u00e9m as necessidades de sa\u00fade dos familiares.<\/li>\n<\/ul>\n<p>Essas iniciativas n\u00e3o s\u00e3o apenas a\u00e7\u00f5es isoladas; elas se complementam e criam um ciclo virtuoso em que cada aspecto do cuidado \u00e0 sa\u00fade se refor\u00e7a. Isso resulta em colaboradores mais saud\u00e1veis, mais engajados e, consequentemente, com desempenho melhor no trabalho.<\/p>\n<h2>Programas de Preven\u00e7\u00e3o e Bem-Estar<\/h2>\n<p>A implementa\u00e7\u00e3o de programas de preven\u00e7\u00e3o e bem-estar \u00e9 fundamental para que as empresas mantenham seus colaboradores saud\u00e1veis e produtivos. Na Yp\u00ea, essa abordagem se manifesta de v\u00e1rias maneiras, promovendo um ambiente de trabalho que prioriza a sa\u00fade em todos os aspectos. Os programas desenvolvidos pela empresa incluem:<\/p>\n<ul>\n<li><strong>Campanhas de Vacina\u00e7\u00e3o:<\/strong> A promo\u00e7\u00e3o da vacina\u00e7\u00e3o, especialmente em tempos de epidemias e surtos, \u00e9 vital. A Yp\u00ea facilita a vacina\u00e7\u00e3o de seus colaboradores, garantindo que eles estejam protegidos contra doen\u00e7as comuns.<\/li>\n<li><strong>Educa\u00e7\u00e3o Nutricional:<\/strong> Workshops e palestras voltadas para a alimenta\u00e7\u00e3o saud\u00e1vel ajudam os colaboradores a fazer escolhas mais saud\u00e1veis no dia a dia, impactando positivamente sua sa\u00fade geral.<\/li>\n<li><strong>Atividades F\u00edsicas:<\/strong> A promo\u00e7\u00e3o de atividades f\u00edsicas, como aulas de gin\u00e1stica laboral e incentivos para pr\u00e1ticas esportivas, ajuda a combater o sedentarismo e melhora a qualidade de vida dos colaboradores.<\/li>\n<li><strong>Promo\u00e7\u00f5es da Sa\u00fade Mental:<\/strong> Eventos e workshops que abordam temas como o estresse e a ansiedade s\u00e3o parte integrante da promo\u00e7\u00e3o de um ambiente saud\u00e1vel, onde o bem-estar emocional \u00e9 igualmente importante.<\/li>\n<\/ul>\n<p>Esses programas n\u00e3o apenas favorecem a sa\u00fade f\u00edsica, mas tamb\u00e9m criam um espa\u00e7o de trabalho colaborativo e motivador, onde os colaboradores se sentem valorizados e apoiados.<\/p>\n<h2>Pacto Global da ONU e Sa\u00fade Mental<\/h2>\n<p>A ades\u00e3o da Yp\u00ea ao Pacto Global da Organiza\u00e7\u00e3o das Na\u00e7\u00f5es Unidas (ONU) e ao Movimento Mente em Foco ilustra seu compromisso com princ\u00edpios \u00e9ticos e a promo\u00e7\u00e3o de sa\u00fade mental. O Pacto Global \u00e9 uma iniciativa que visa incentivar as empresas a adotarem pr\u00e1ticas sustent\u00e1veis e socialmente respons\u00e1veis, incluindo a promo\u00e7\u00e3o da sa\u00fade mental em ambientes de trabalho. Ao se comprometer com essas diretrizes, a Yp\u00ea demonstra sua vis\u00e3o de longa data em rela\u00e7\u00e3o \u00e0 import\u00e2ncia do bem-estar.<\/p>\n<p>Dentro desse contexto, o Movimento Mente em Foco busca capacitar empresas a estruturar programas s\u00f3lidos focados na sa\u00fade mental, abordando temas como preven\u00e7\u00e3o e capacita\u00e7\u00e3o de lideran\u00e7as para identifica\u00e7\u00e3o de problemas de sa\u00fade mental. Isso \u00e9 fundamental, pois muitos colaboradores podem enfrentar dificuldades emocionais sem que haja um acompanhamento adequado.<\/p>\n<p>Gra\u00e7as a essa iniciativa, a Yp\u00ea aplica pr\u00e1ticas que garantem um suporte n\u00e3o apenas m\u00e9dico, mas emocional, proporcionando um ambiente onde os colaboradores podem expressar suas preocupa\u00e7\u00f5es e s\u00e3o incentivados a buscar ajuda quando necess\u00e1rio. Essa abordagem significativa \u00e9 vital para suprimir o estigma que muitas vezes envolve a sa\u00fade mental, promovendo um espa\u00e7o de compreens\u00e3o e apoio m\u00fatuo.<\/p>\n<h2>Apoio Psicol\u00f3gico aos Colaboradores<\/h2>\n<p>O suporte psicol\u00f3gico \u00e9 um componente cr\u00edtico da sa\u00fade integral oferecida pela Yp\u00ea. A empresa reconhece que o bem-estar emocional \u00e9 t\u00e3o importante quanto a sa\u00fade f\u00edsica. Portanto, implementou programas que disponibilizam assist\u00eancia psicol\u00f3gica aos colaboradores. Esta assist\u00eancia \u00e9 vital para lidar com estressores do dia a dia, ansiedades e outras quest\u00f5es emocionais que podem afetar o desempenho no trabalho.<\/p>\n<p>O acesso \u00e0 orienta\u00e7\u00e3o psicol\u00f3gica \u00e9 facilitado por meio de:<\/p>\n<ul>\n<li><strong>Consultas Psicol\u00f3gicas:<\/strong> Disponibilidade de profissionais qualificados para consultas regulares e de emerg\u00eancia, garantindo que os colaboradores tenham acesso r\u00e1pido ao apoio que precisam.<\/li>\n<li><strong>Workshops e Grupos de Apoio:<\/strong> Organiza\u00e7\u00e3o de eventos educativos voltados para discuss\u00f5es sobre sa\u00fade mental, promovendo a troca de experi\u00eancias e a constru\u00e7\u00e3o de uma rede de suporte entre colegas.<\/li>\n<li><strong>Campanhas de Conscientiza\u00e7\u00e3o:<\/strong> Iniciativas que buscam educar os colaboradores sobre a import\u00e2ncia da sa\u00fade mental, promovendo uma cultura de busca ativa por apoio e aten\u00e7\u00e3o.\u201d<\/li>\n<\/ul>\n<p>Esses servi\u00e7os n\u00e3o apenas ajudam a tratar problemas existentes, mas tamb\u00e9m promovem uma cultura de preven\u00e7\u00e3o, onde os colaboradores se sentem seguros e preparados para enfrentar desafios emocionais.<\/p>\n<h2>Espa\u00e7o para Acolhimento e Escuta<\/h2>\n<p>O Espa\u00e7o Unimed|Yp\u00ea \u00e9 uma extens\u00e3o do compromisso da Yp\u00ea com o acolhimento e a escuta ativa dos seus colaboradores. Esse espa\u00e7o n\u00e3o est\u00e1 apenas voltado para atendimentos m\u00e9dicos, mas tamb\u00e9m para oferecer um local seguro onde os colaboradores podem expressar suas preocupa\u00e7\u00f5es e necessidades em rela\u00e7\u00e3o \u00e0 sua sa\u00fade e bem-estar. O atendimento n\u00e3o se restringe apenas a problemas f\u00edsicos, alargando-se para quest\u00f5es emocionais e sociais que podem influenciar a sa\u00fade do colaborador.<\/p>\n<p>As pr\u00e1ticas implementadas neste espa\u00e7o incluem:<\/p>\n<ul>\n<li><strong>Escuta Ativa:<\/strong> Profissionais treinados est\u00e3o dispon\u00edveis para ouvir e entender as necessidades dos colaboradores, proporcionando um ambiente onde eles se sintam \u00e0 vontade para compartilhar suas preocupa\u00e7\u00f5es.<\/li>\n<li><strong>Orienta\u00e7\u00e3o e Encaminhamentos:<\/strong> A equipe do espa\u00e7o pode direcionar colaboradores para outros servi\u00e7os que possam ser necess\u00e1rios, seja para atendimentos m\u00e9dicos especializados, assist\u00eancia psicol\u00f3gica ou suporte social.<\/li>\n<li><strong>Ambiente Acolhedor:<\/strong> O design do espa\u00e7o foi cuidadosamente planejado para transmitir conforto e tranquilidade, favorecendo um acolhimento caloroso e positivo.<\/li>\n<\/ul>\n<p>Esse espa\u00e7o torna-se um ponto central para a sa\u00fade e bem-estar dentro da Yp\u00ea, promovendo a intera\u00e7\u00e3o e o cuidado cont\u00ednuo. A inten\u00e7\u00e3o \u00e9 estabelecer um relacionamento de confian\u00e7a entre os colaboradores e a empresa, onde a sa\u00fade \u00e9 vista como um valor inegoci\u00e1vel e vital.<\/p>\n<h2>Compromisso com o Bem-Estar<\/h2>\n<p>O compromisso da Yp\u00ea com o bem-estar vai al\u00e9m de a\u00e7\u00f5es pontuais; \u00e9 uma filosofia que permeia toda a organiza\u00e7\u00e3o. A empresa entende que colaboradores saud\u00e1veis e felizes s\u00e3o mais produtivos e contribuem significativamente para o sucesso organizacional. Portanto, a Yp\u00ea busca constantemente inovar em suas pr\u00e1ticas de sa\u00fade e seguran\u00e7a no trabalho, investindo em programas de longa dura\u00e7\u00e3o que sustentem esse compromisso.<\/p>\n<p>O bem-estar \u00e9 promovido por meio de:<\/p>\n<ul>\n<li><strong>Ambiente de Trabalho Positivo:<\/strong> Cria\u00e7\u00e3o de um ambiente onde os colaboradores se sintam valorizados, respeitados e motivados a contribuir com suas ideias e esfor\u00e7os.<\/li>\n<li><strong>Flexibilidade e Equil\u00edbrio<\/strong>: Incentivos para que os colaboradores mantenham um equil\u00edbrio saud\u00e1vel entre vida profissional e pessoal, atrav\u00e9s de quest\u00f5es como hor\u00e1rios flex\u00edveis e banco de horas.<\/li>\n<li><strong>Feedback e Melhoria Cont\u00ednua:<\/strong> A coleta regular de feedback dos colaboradores permite que a lideran\u00e7a esteja em sintonia com suas necessidades e preocupa\u00e7\u00f5es, promovendo um ambiente de melhoria cont\u00ednua.<\/li>\n<\/ul>\n<p>Todo esse compromisso n\u00e3o apenas diz respeito \u00e0 sa\u00fade f\u00edsica e mental, mas tamb\u00e9m ao engajamento de todos os colaboradores no processo de cuidar uns dos outros. Assim, a Yp\u00ea proporciona n\u00e3o apenas uma infraestrutura adequada, mas tamb\u00e9m um esp\u00edrito comunit\u00e1rio que fortalece os la\u00e7os entre todos.<\/p>\n<h2>Melhorias no Ambiente de Trabalho<\/h2>\n<p>As melhorias no ambiente de trabalho da Yp\u00ea v\u00e3o al\u00e9m de aspectos f\u00edsicos e estruturais, englobando um conceito amplo de ambiente saud\u00e1vel, que prioriza o desenvolvimento humano. A cria\u00e7\u00e3o do Espa\u00e7o Unimed|Yp\u00ea \u00e9 um exemplo de como as melhorias s\u00e3o pensadas para atender \u00e0s necessidades reais dos colaboradores.<\/p>\n<p>Essas melhorias incluem:<\/p>\n<ul>\n<li><strong>Infraestrutura Adequada:<\/strong> Espa\u00e7os bem planejados e acess\u00edveis que favorecem o conforto e a sa\u00fade, como \u00e1reas de descanso e ergonomia nos postos de trabalho.<\/li>\n<li><strong>Ilumina\u00e7\u00e3o e Ambi\u00eancia:<\/strong> A ilumina\u00e7\u00e3o adequada, juntamente com um ambiente visualmente agrad\u00e1vel, contribui para um clima positivo, que pode ter um impacto direto na produtividade.<\/li>\n<li><strong>Cultura de Valoriza\u00e7\u00e3o:<\/strong> Pr\u00e1ticas que incentivam a valoriza\u00e7\u00e3o do trabalho do colaborador, recompensando iniciativas que promovem sa\u00fade e bem-estar.<\/li>\n<\/ul>\n<p>Essas melhorias criam um ambiente onde os colaboradores se sentem engajados e valorizados, resultando em uma equipe mais coesa e dedicada ao alcan\u00e7o dos objetivos organizacionais.<\/p>\n<h2>Iniciativas voltadas ao Cuidado Integral<\/h2>\n<p>A Yp\u00ea \u00e9 um exemplo de como as empresas podem implementar iniciativas voltadas ao cuidado integral de seus colaboradores. Essa abordagem abrange todos os aspectos da vida laboral, promovendo a sa\u00fade f\u00edsica, mental e emocional em um ambiente corporativo. As iniciativas que a Yp\u00ea implementa incluem:<\/p>\n<ul>\n<li><strong>Programas de Incentivo \u00e0 Sa\u00fade:<\/strong> Como caminhada, desafios de atividade f\u00edsica e competi\u00e7\u00f5es saud\u00e1veis que motivam os colaboradores a se manterem ativos.<\/li>\n<li><strong>Educa\u00e7\u00e3o Continuada:<\/strong> Oferecimento de cursos e workshops focados em desenvolvimento pessoal e profissional, abordando tamb\u00e9m temas relacionados \u00e0 sa\u00fade e bem-estar.<\/li>\n<li><strong>Atividades de Integra\u00e7\u00e3o:<\/strong> A promo\u00e7\u00e3o de eventos sociais e de integra\u00e7\u00e3o entre colaboradores fomenta um ambiente de apoio e ajuda a construir um forte senso de comunidade.<\/li>\n<\/ul>\n<p>Essas a\u00e7\u00f5es s\u00e3o um testemunho do compromisso cont\u00ednuo da Yp\u00ea com seus colaboradores, garantindo que todos tenham acesso a um ambiente de trabalho que prioriza a sa\u00fade e o bem-estar integral. O resultado \u00e9 uma equipe mais feliz, motivada e produtiva, criando um ciclo positivo que beneficia n\u00e3o apenas os colaboradores, mas todo o ecossistema empresarial.<\/p>\n","protected":false},"excerpt":{"rendered":"<p>Aten\u00e7\u00e3o Prim\u00e1ria \u00e0 Sa\u00fade \u00e9 priorizada com novo espa\u00e7o da Yp\u00ea e Unimed.<\/p>\n","protected":false},"author":1,"featured_media":4454,"comment_status":"open","ping_status":"open","sticky":false,"template":"","format":"standard","meta":{"footnotes":""},"categories":[5],"tags":[],"class_list":["post-4455","post","type-post","status-publish","format-standard","has-post-thumbnail","hentry","category-noticias","has_thumb"],"yoast_head":"<!-- This site is optimized with the Yoast SEO plugin v26.3 - https:\/\/yoast.com\/wordpress\/plugins\/seo\/ -->\n<title>Yp\u00ea e Unimed Amparo inauguram Cont\u00eainer com foco em Aten\u00e7\u00e3o Prim\u00e1ria \u00e0 Sa\u00fade e refor\u00e7am agenda de cuidado integral aos colaboradores | Encontra Itajub\u00e1<\/title>\n<meta name=\"robots\" content=\"index, follow, max-snippet:-1, max-image-preview:large, max-video-preview:-1\" \/>\n<link rel=\"canonical\" href=\"https:\/\/www.encontraminasgerais.com.br\/itajuba\/ype-e-unimed-amparo-inauguram-conteiner-com-foco-em-atencao-primaria-a-saude-e-reforcam-agenda-de-cuidado-integral-aos-colaboradores\/\" \/>\n<meta property=\"og:locale\" content=\"pt_BR\" \/>\n<meta property=\"og:type\" content=\"article\" \/>\n<meta property=\"og:title\" content=\"Yp\u00ea e Unimed Amparo inauguram Cont\u00eainer com foco em Aten\u00e7\u00e3o Prim\u00e1ria \u00e0 Sa\u00fade e refor\u00e7am agenda de cuidado integral aos colaboradores | Encontra Itajub\u00e1\" \/>\n<meta property=\"og:description\" content=\"Aten\u00e7\u00e3o Prim\u00e1ria \u00e0 Sa\u00fade \u00e9 priorizada com novo espa\u00e7o da Yp\u00ea e Unimed.\" \/>\n<meta property=\"og:url\" content=\"https:\/\/www.encontraminasgerais.com.br\/itajuba\/ype-e-unimed-amparo-inauguram-conteiner-com-foco-em-atencao-primaria-a-saude-e-reforcam-agenda-de-cuidado-integral-aos-colaboradores\/\" \/>\n<meta property=\"og:site_name\" content=\"Encontra Itajub\u00e1\" \/>\n<meta property=\"article:published_time\" content=\"2026-01-20T09:48:07+00:00\" \/>\n<meta property=\"og:image\" content=\"https:\/\/www.encontraminasgerais.com.br\/itajuba\/wp-content\/uploads\/2026\/01\/ype-e-unimed-amparo-inauguram-conteiner-com-foco-em-atencao-primaria-a-saude-e-reforcam-agenda-de-cu.webp\" \/>\n<meta name=\"author\" content=\"Encontra Itajub\u00e1\" \/>\n<meta name=\"twitter:card\" content=\"summary_large_image\" \/>\n<meta name=\"twitter:label1\" content=\"Escrito por\" \/>\n\t<meta name=\"twitter:data1\" content=\"Encontra Itajub\u00e1\" \/>\n\t<meta name=\"twitter:label2\" content=\"Est. tempo de leitura\" \/>\n\t<meta name=\"twitter:data2\" content=\"12 minutos\" \/>\n<script type=\"application\/ld+json\" class=\"yoast-schema-graph\">{\"@context\":\"https:\/\/schema.org\",\"@graph\":[{\"@type\":\"WebPage\",\"@id\":\"https:\/\/www.encontraminasgerais.com.br\/itajuba\/ype-e-unimed-amparo-inauguram-conteiner-com-foco-em-atencao-primaria-a-saude-e-reforcam-agenda-de-cuidado-integral-aos-colaboradores\/\",\"url\":\"https:\/\/www.encontraminasgerais.com.br\/itajuba\/ype-e-unimed-amparo-inauguram-conteiner-com-foco-em-atencao-primaria-a-saude-e-reforcam-agenda-de-cuidado-integral-aos-colaboradores\/\",\"name\":\"Yp\u00ea e Unimed Amparo inauguram Cont\u00eainer com foco em Aten\u00e7\u00e3o Prim\u00e1ria \u00e0 Sa\u00fade e refor\u00e7am agenda de cuidado integral aos colaboradores | Encontra Itajub\u00e1\",\"isPartOf\":{\"@id\":\"https:\/\/www.encontraminasgerais.com.br\/itajuba\/#website\"},\"primaryImageOfPage\":{\"@id\":\"https:\/\/www.encontraminasgerais.com.br\/itajuba\/ype-e-unimed-amparo-inauguram-conteiner-com-foco-em-atencao-primaria-a-saude-e-reforcam-agenda-de-cuidado-integral-aos-colaboradores\/#primaryimage\"},\"image\":{\"@id\":\"https:\/\/www.encontraminasgerais.com.br\/itajuba\/ype-e-unimed-amparo-inauguram-conteiner-com-foco-em-atencao-primaria-a-saude-e-reforcam-agenda-de-cuidado-integral-aos-colaboradores\/#primaryimage\"},\"thumbnailUrl\":\"https:\/\/www.encontraminasgerais.com.br\/itajuba\/wp-content\/uploads\/2026\/01\/ype-e-unimed-amparo-inauguram-conteiner-com-foco-em-atencao-primaria-a-saude-e-reforcam-agenda-de-cu.webp\",\"datePublished\":\"2026-01-20T09:48:07+00:00\",\"author\":{\"@id\":\"https:\/\/www.encontraminasgerais.com.br\/itajuba\/#\/schema\/person\/d26674c083ec86b440752843a690de33\"},\"inLanguage\":\"pt-BR\",\"potentialAction\":[{\"@type\":\"ReadAction\",\"target\":[\"https:\/\/www.encontraminasgerais.com.br\/itajuba\/ype-e-unimed-amparo-inauguram-conteiner-com-foco-em-atencao-primaria-a-saude-e-reforcam-agenda-de-cuidado-integral-aos-colaboradores\/\"]}]},{\"@type\":\"ImageObject\",\"inLanguage\":\"pt-BR\",\"@id\":\"https:\/\/www.encontraminasgerais.com.br\/itajuba\/ype-e-unimed-amparo-inauguram-conteiner-com-foco-em-atencao-primaria-a-saude-e-reforcam-agenda-de-cuidado-integral-aos-colaboradores\/#primaryimage\",\"url\":\"https:\/\/www.encontraminasgerais.com.br\/itajuba\/wp-content\/uploads\/2026\/01\/ype-e-unimed-amparo-inauguram-conteiner-com-foco-em-atencao-primaria-a-saude-e-reforcam-agenda-de-cu.webp\",\"contentUrl\":\"https:\/\/www.encontraminasgerais.com.br\/itajuba\/wp-content\/uploads\/2026\/01\/ype-e-unimed-amparo-inauguram-conteiner-com-foco-em-atencao-primaria-a-saude-e-reforcam-agenda-de-cu.webp\",\"width\":280,\"height\":280,\"caption\":\"Aten\u00e7\u00e3o Prim\u00e1ria \u00e0 Sa\u00fade\"},{\"@type\":\"WebSite\",\"@id\":\"https:\/\/www.encontraminasgerais.com.br\/itajuba\/#website\",\"url\":\"https:\/\/www.encontraminasgerais.com.br\/itajuba\/\",\"name\":\"Encontra Itajub\u00e1\",\"description\":\"ENCONTRA ITAJUB\u00c1 - O guia comercial de neg\u00f3cios e empresas, cultura e divers\u00e3o na cidade de Itajub\u00e1. Feito 100% para voc\u00ea morador!\",\"potentialAction\":[{\"@type\":\"SearchAction\",\"target\":{\"@type\":\"EntryPoint\",\"urlTemplate\":\"https:\/\/www.encontraminasgerais.com.br\/itajuba\/?s={search_term_string}\"},\"query-input\":{\"@type\":\"PropertyValueSpecification\",\"valueRequired\":true,\"valueName\":\"search_term_string\"}}],\"inLanguage\":\"pt-BR\"},{\"@type\":\"Person\",\"@id\":\"https:\/\/www.encontraminasgerais.com.br\/itajuba\/#\/schema\/person\/d26674c083ec86b440752843a690de33\",\"name\":\"Encontra Itajub\u00e1\",\"image\":{\"@type\":\"ImageObject\",\"inLanguage\":\"pt-BR\",\"@id\":\"https:\/\/www.encontraminasgerais.com.br\/itajuba\/#\/schema\/person\/image\/\",\"url\":\"https:\/\/secure.gravatar.com\/avatar\/c50c17820bcf322f0a8fd6b110b8c0918141409dc69076470f6fca5fee70a5d4?s=96&d=mm&r=g\",\"contentUrl\":\"https:\/\/secure.gravatar.com\/avatar\/c50c17820bcf322f0a8fd6b110b8c0918141409dc69076470f6fca5fee70a5d4?s=96&d=mm&r=g\",\"caption\":\"Encontra Itajub\u00e1\"},\"url\":\"https:\/\/www.encontraminasgerais.com.br\/itajuba\/author\/eitajuba\/\"}]}<\/script>\n<!-- \/ Yoast SEO plugin. -->","yoast_head_json":{"title":"Yp\u00ea e Unimed Amparo inauguram Cont\u00eainer com foco em Aten\u00e7\u00e3o Prim\u00e1ria \u00e0 Sa\u00fade e refor\u00e7am agenda de cuidado integral aos colaboradores | Encontra Itajub\u00e1","robots":{"index":"index","follow":"follow","max-snippet":"max-snippet:-1","max-image-preview":"max-image-preview:large","max-video-preview":"max-video-preview:-1"},"canonical":"https:\/\/www.encontraminasgerais.com.br\/itajuba\/ype-e-unimed-amparo-inauguram-conteiner-com-foco-em-atencao-primaria-a-saude-e-reforcam-agenda-de-cuidado-integral-aos-colaboradores\/","og_locale":"pt_BR","og_type":"article","og_title":"Yp\u00ea e Unimed Amparo inauguram Cont\u00eainer com foco em Aten\u00e7\u00e3o Prim\u00e1ria \u00e0 Sa\u00fade e refor\u00e7am agenda de cuidado integral aos colaboradores | Encontra Itajub\u00e1","og_description":"Aten\u00e7\u00e3o Prim\u00e1ria \u00e0 Sa\u00fade \u00e9 priorizada com novo espa\u00e7o da Yp\u00ea e Unimed.","og_url":"https:\/\/www.encontraminasgerais.com.br\/itajuba\/ype-e-unimed-amparo-inauguram-conteiner-com-foco-em-atencao-primaria-a-saude-e-reforcam-agenda-de-cuidado-integral-aos-colaboradores\/","og_site_name":"Encontra Itajub\u00e1","article_published_time":"2026-01-20T09:48:07+00:00","og_image":[{"url":"https:\/\/www.encontraminasgerais.com.br\/itajuba\/wp-content\/uploads\/2026\/01\/ype-e-unimed-amparo-inauguram-conteiner-com-foco-em-atencao-primaria-a-saude-e-reforcam-agenda-de-cu.webp","type":"","width":"","height":""}],"author":"Encontra Itajub\u00e1","twitter_card":"summary_large_image","twitter_misc":{"Escrito por":"Encontra Itajub\u00e1","Est. tempo de leitura":"12 minutos"},"schema":{"@context":"https:\/\/schema.org","@graph":[{"@type":"WebPage","@id":"https:\/\/www.encontraminasgerais.com.br\/itajuba\/ype-e-unimed-amparo-inauguram-conteiner-com-foco-em-atencao-primaria-a-saude-e-reforcam-agenda-de-cuidado-integral-aos-colaboradores\/","url":"https:\/\/www.encontraminasgerais.com.br\/itajuba\/ype-e-unimed-amparo-inauguram-conteiner-com-foco-em-atencao-primaria-a-saude-e-reforcam-agenda-de-cuidado-integral-aos-colaboradores\/","name":"Yp\u00ea e Unimed Amparo inauguram Cont\u00eainer com foco em Aten\u00e7\u00e3o Prim\u00e1ria \u00e0 Sa\u00fade e refor\u00e7am agenda de cuidado integral aos colaboradores | Encontra Itajub\u00e1","isPartOf":{"@id":"https:\/\/www.encontraminasgerais.com.br\/itajuba\/#website"},"primaryImageOfPage":{"@id":"https:\/\/www.encontraminasgerais.com.br\/itajuba\/ype-e-unimed-amparo-inauguram-conteiner-com-foco-em-atencao-primaria-a-saude-e-reforcam-agenda-de-cuidado-integral-aos-colaboradores\/#primaryimage"},"image":{"@id":"https:\/\/www.encontraminasgerais.com.br\/itajuba\/ype-e-unimed-amparo-inauguram-conteiner-com-foco-em-atencao-primaria-a-saude-e-reforcam-agenda-de-cuidado-integral-aos-colaboradores\/#primaryimage"},"thumbnailUrl":"https:\/\/www.encontraminasgerais.com.br\/itajuba\/wp-content\/uploads\/2026\/01\/ype-e-unimed-amparo-inauguram-conteiner-com-foco-em-atencao-primaria-a-saude-e-reforcam-agenda-de-cu.webp","datePublished":"2026-01-20T09:48:07+00:00","author":{"@id":"https:\/\/www.encontraminasgerais.com.br\/itajuba\/#\/schema\/person\/d26674c083ec86b440752843a690de33"},"inLanguage":"pt-BR","potentialAction":[{"@type":"ReadAction","target":["https:\/\/www.encontraminasgerais.com.br\/itajuba\/ype-e-unimed-amparo-inauguram-conteiner-com-foco-em-atencao-primaria-a-saude-e-reforcam-agenda-de-cuidado-integral-aos-colaboradores\/"]}]},{"@type":"ImageObject","inLanguage":"pt-BR","@id":"https:\/\/www.encontraminasgerais.com.br\/itajuba\/ype-e-unimed-amparo-inauguram-conteiner-com-foco-em-atencao-primaria-a-saude-e-reforcam-agenda-de-cuidado-integral-aos-colaboradores\/#primaryimage","url":"https:\/\/www.encontraminasgerais.com.br\/itajuba\/wp-content\/uploads\/2026\/01\/ype-e-unimed-amparo-inauguram-conteiner-com-foco-em-atencao-primaria-a-saude-e-reforcam-agenda-de-cu.webp","contentUrl":"https:\/\/www.encontraminasgerais.com.br\/itajuba\/wp-content\/uploads\/2026\/01\/ype-e-unimed-amparo-inauguram-conteiner-com-foco-em-atencao-primaria-a-saude-e-reforcam-agenda-de-cu.webp","width":280,"height":280,"caption":"Aten\u00e7\u00e3o Prim\u00e1ria \u00e0 Sa\u00fade"},{"@type":"WebSite","@id":"https:\/\/www.encontraminasgerais.com.br\/itajuba\/#website","url":"https:\/\/www.encontraminasgerais.com.br\/itajuba\/","name":"Encontra Itajub\u00e1","description":"ENCONTRA ITAJUB\u00c1 - O guia comercial de neg\u00f3cios e empresas, cultura e divers\u00e3o na cidade de Itajub\u00e1. Feito 100% para voc\u00ea morador!","potentialAction":[{"@type":"SearchAction","target":{"@type":"EntryPoint","urlTemplate":"https:\/\/www.encontraminasgerais.com.br\/itajuba\/?s={search_term_string}"},"query-input":{"@type":"PropertyValueSpecification","valueRequired":true,"valueName":"search_term_string"}}],"inLanguage":"pt-BR"},{"@type":"Person","@id":"https:\/\/www.encontraminasgerais.com.br\/itajuba\/#\/schema\/person\/d26674c083ec86b440752843a690de33","name":"Encontra Itajub\u00e1","image":{"@type":"ImageObject","inLanguage":"pt-BR","@id":"https:\/\/www.encontraminasgerais.com.br\/itajuba\/#\/schema\/person\/image\/","url":"https:\/\/secure.gravatar.com\/avatar\/c50c17820bcf322f0a8fd6b110b8c0918141409dc69076470f6fca5fee70a5d4?s=96&d=mm&r=g","contentUrl":"https:\/\/secure.gravatar.com\/avatar\/c50c17820bcf322f0a8fd6b110b8c0918141409dc69076470f6fca5fee70a5d4?s=96&d=mm&r=g","caption":"Encontra Itajub\u00e1"},"url":"https:\/\/www.encontraminasgerais.com.br\/itajuba\/author\/eitajuba\/"}]}},"_links":{"self":[{"href":"https:\/\/www.encontraminasgerais.com.br\/itajuba\/wp-json\/wp\/v2\/posts\/4455","targetHints":{"allow":["GET"]}}],"collection":[{"href":"https:\/\/www.encontraminasgerais.com.br\/itajuba\/wp-json\/wp\/v2\/posts"}],"about":[{"href":"https:\/\/www.encontraminasgerais.com.br\/itajuba\/wp-json\/wp\/v2\/types\/post"}],"author":[{"embeddable":true,"href":"https:\/\/www.encontraminasgerais.com.br\/itajuba\/wp-json\/wp\/v2\/users\/1"}],"replies":[{"embeddable":true,"href":"https:\/\/www.encontraminasgerais.com.br\/itajuba\/wp-json\/wp\/v2\/comments?post=4455"}],"version-history":[{"count":0,"href":"https:\/\/www.encontraminasgerais.com.br\/itajuba\/wp-json\/wp\/v2\/posts\/4455\/revisions"}],"wp:featuredmedia":[{"embeddable":true,"href":"https:\/\/www.encontraminasgerais.com.br\/itajuba\/wp-json\/wp\/v2\/media\/4454"}],"wp:attachment":[{"href":"https:\/\/www.encontraminasgerais.com.br\/itajuba\/wp-json\/wp\/v2\/media?parent=4455"}],"wp:term":[{"taxonomy":"category","embeddable":true,"href":"https:\/\/www.encontraminasgerais.com.br\/itajuba\/wp-json\/wp\/v2\/categories?post=4455"},{"taxonomy":"post_tag","embeddable":true,"href":"https:\/\/www.encontraminasgerais.com.br\/itajuba\/wp-json\/wp\/v2\/tags?post=4455"}],"curies":[{"name":"wp","href":"https:\/\/api.w.org\/{rel}","templated":true}]}}