{"id":4487,"date":"2026-01-26T06:45:45","date_gmt":"2026-01-26T09:45:45","guid":{"rendered":"https:\/\/www.encontraminasgerais.com.br\/itajuba\/prefeitura-de-capitao-andrade-mg-abre-processo-seletivo-com-43-vagas\/"},"modified":"2026-01-26T06:45:45","modified_gmt":"2026-01-26T09:45:45","slug":"prefeitura-de-capitao-andrade-mg-abre-processo-seletivo-com-43-vagas","status":"publish","type":"post","link":"https:\/\/www.encontraminasgerais.com.br\/itajuba\/prefeitura-de-capitao-andrade-mg-abre-processo-seletivo-com-43-vagas\/","title":{"rendered":"Prefeitura de Capit\u00e3o Andrade MG abre processo seletivo com 43 vagas"},"content":{"rendered":"<h2>Detalhes do Processo Seletivo<\/h2>\n<p>A Prefeitura de Capit\u00e3o Andrade, localizada na regi\u00e3o do Vale do Rio Doce, em Minas Gerais, anunciou a abertura do Processo Seletivo Simplificado n\u00ba 01\/2026. Este processo visa preencher um total de <strong>43 vagas tempor\u00e1rias<\/strong> em diferentes \u00e1reas, como Sa\u00fade, Educa\u00e7\u00e3o e Assist\u00eancia Social. As oportunidades s\u00e3o destinadas a candidatos com forma\u00e7\u00e3o em n\u00edveis m\u00e9dio, t\u00e9cnico e superior, com sal\u00e1rios que variam de <strong>R$1.518 a R$8.000<\/strong>, dependendo do cargo ocupado e da carga hor\u00e1ria, que pode ser de <strong>20 a 40 horas semanais<\/strong>.<\/p>\n<p>As inscri\u00e7\u00f5es para o processo seletivo est\u00e3o programadas para o per\u00edodo de <strong>20 a 29 de janeiro de 2026<\/strong>. Os interessados devem realizar suas inscri\u00e7\u00f5es atrav\u00e9s do <a href=\"https:\/\/novo.ibgpconcursos.com.br\/\">site do IBGP<\/a>, a banca organizadora deste processo. A aplica\u00e7\u00e3o da prova objetiva est\u00e1 agendada para o dia <strong>15 de fevereiro de 2026<\/strong>.<\/p>\n<h2>Oportunidades Dispon\u00edveis<\/h2>\n<p>As vagas abertas abrangem crucialmente as \u00e1reas de Sa\u00fade, Assist\u00eancia Social e Educa\u00e7\u00e3o. Neste contexto, ser\u00e3o formadas equipes para programas como o Programa Sa\u00fade da Fam\u00edlia (PSF), al\u00e9m de centros de refer\u00eancia como o CRAS e o CREAS.<\/p>\n<p><img decoding=\"async\" src=\"https:\/\/www.encontraminasgerais.com.br\/itajuba\/wp-content\/uploads\/2026\/01\/prefeitura-de-capitao-andrade-mg-abre-processo-seletivo-com-43-vagas.webp\" alt=\"Prefeitura de Capit\u00e3o Andrade MG abre processo seletivo\" loading=\"lazy\" \/><\/p>\n<h3>Vagas e Sal\u00e1rios<\/h3>\n<h4>N\u00edvel M\u00e9dio<\/h4>\n<table>\n<thead>\n<tr>\n<th>Cargo<\/th>\n<th>Vagas<\/th>\n<th>Sal\u00e1rio<\/th>\n<th>Jornada<\/th>\n<\/tr>\n<\/thead>\n<tbody>\n<tr>\n<td>Entrevistador Social<\/td>\n<td>1<\/td>\n<td>R$1.518<\/td>\n<td>40h<\/td>\n<\/tr>\n<tr>\n<td>Instrutor de Artesanato<\/td>\n<td>1<\/td>\n<td>R$1.800<\/td>\n<td>20h<\/td>\n<\/tr>\n<tr>\n<td>Instrutor Musical<\/td>\n<td>1<\/td>\n<td>R$1.800<\/td>\n<td>20h<\/td>\n<\/tr>\n<tr>\n<td>Monitor Social<\/td>\n<td>1<\/td>\n<td>R$1.518<\/td>\n<td>40h<\/td>\n<\/tr>\n<tr>\n<td>Visitador Social<\/td>\n<td>3<\/td>\n<td>R$1.518<\/td>\n<td>40h<\/td>\n<\/tr>\n<\/tbody>\n<\/table>\n<h4>N\u00edvel T\u00e9cnico<\/h4>\n<table>\n<thead>\n<tr>\n<th>Cargo<\/th>\n<th>Vagas<\/th>\n<th>Sal\u00e1rio<\/th>\n<th>Jornada<\/th>\n<th>Requisitos\/Registro<\/th>\n<\/tr>\n<\/thead>\n<tbody>\n<tr>\n<td>T\u00e9cnico em Enfermagem<\/td>\n<td>4<\/td>\n<td>R$1.700<\/td>\n<td>40h<\/td>\n<td>Curso T\u00e9cnico e COREN<\/td>\n<\/tr>\n<tr>\n<td>T\u00e9cnico em Sa\u00fade Bucal<\/td>\n<td>3<\/td>\n<td>R$1.700<\/td>\n<td>40h<\/td>\n<td>Curso T\u00e9cnico em Sa\u00fade\/Higiene Bucal e CRO<\/td>\n<\/tr>\n<\/tbody>\n<\/table>\n<h4>N\u00edvel Superior<\/h4>\n<table>\n<thead>\n<tr>\n<th>Cargo<\/th>\n<th>Vagas<\/th>\n<th>Sal\u00e1rio<\/th>\n<th>Jornada<\/th>\n<th>Requisitos\/Registro<\/th>\n<\/tr>\n<\/thead>\n<tbody>\n<tr>\n<td>Advogado (CREAS)<\/td>\n<td>1<\/td>\n<td>R$2.900<\/td>\n<td>20h<\/td>\n<td>OAB<\/td>\n<\/tr>\n<tr>\n<td>Assistente Social (CRAS\/CREAS\/Sa\u00fade)<\/td>\n<td>3<\/td>\n<td>R$2.100 a R$3.150<\/td>\n<td>20h a 30h<\/td>\n<td>CRESS<\/td>\n<\/tr>\n<tr>\n<td>Cirurgi\u00e3o-Dentista<\/td>\n<td>3<\/td>\n<td>R$4.000<\/td>\n<td>40h<\/td>\n<td>CRO<\/td>\n<\/tr>\n<tr>\n<td>Enfermeiro PSF<\/td>\n<td>3<\/td>\n<td>R$2.300<\/td>\n<td>40h<\/td>\n<td>COREN<\/td>\n<\/tr>\n<tr>\n<td>M\u00e9dico PSF<\/td>\n<td>3<\/td>\n<td>R$8.000<\/td>\n<td>40h<\/td>\n<td>CRM<\/td>\n<\/tr>\n<\/tbody>\n<\/table>\n<p>Al\u00e9m das fun\u00e7\u00f5es mencionadas, outros cargos incluem Educador F\u00edsico, Fisioterapeuta, Fonoaudi\u00f3logo, Nutricionista e Psic\u00f3logo, entre outros relacionados \u00e0 assist\u00eancia social e sa\u00fade.<\/p>\n<h2>Inscri\u00e7\u00f5es e Taxas<\/h2>\n<h3>Per\u00edodo e Local de Inscri\u00e7\u00e3o<\/h3>\n<p>As inscri\u00e7\u00f5es devem ser realizadas no <strong>site do IBGP<\/strong> entre <strong>20 de janeiro de 2026<\/strong> (in\u00edcio \u00e0s 9h) e <strong>29 de janeiro de 2026<\/strong> (at\u00e9 \u00e0s 16h).<\/p>\n<h3>Taxas de Inscri\u00e7\u00e3o<\/h3>\n<ul>\n<li><strong>R$90<\/strong> para os n\u00edveis m\u00e9dio e t\u00e9cnico<\/li>\n<li><strong>R$120<\/strong> para o n\u00edvel superior<\/li>\n<\/ul>\n<h3>Isen\u00e7\u00e3o da Taxa<\/h3>\n<p>A isen\u00e7\u00e3o da taxa de inscri\u00e7\u00e3o \u00e9 permitida para candidatos que estejam cadastrados no Cad\u00danico (NIS v\u00e1lido), com solicita\u00e7\u00e3o a ser feita no dia <strong>20 de janeiro de 2026<\/strong>, conforme indicado no edital.<\/p>\n<p>Importante ressaltar que n\u00e3o ser\u00e1 admitida a inscri\u00e7\u00e3o para mais de um cargo. Caso o candidato se inscreva para m\u00faltiplas fun\u00e7\u00f5es, a \u00faltima inscri\u00e7\u00e3o efetuada ser\u00e1 a \u00fanica considerada v\u00e1lida.<\/p>\n<h2>Etapas do Processo Seletivo<\/h2>\n<p>O processo seletivo se dividir\u00e1 em duas etapas principais:<\/p>\n<h3>Prova Objetiva<\/h3>\n<p>A prova objetiva vai ocorrer em <strong>15 de fevereiro de 2026<\/strong>. Todos os candidatos ser\u00e3o submetidos a essa etapa, que incluir\u00e1 quest\u00f5es sobre:<\/p>\n<ul>\n<li>L\u00edngua Portuguesa<\/li>\n<li>Racioc\u00ednio L\u00f3gico-Matem\u00e1tico<\/li>\n<li>No\u00e7\u00f5es de Inform\u00e1tica<\/li>\n<li>Atualidades\/Conhecimentos Gerais<\/li>\n<li>Conhecimentos Espec\u00edficos (com maior peso para o n\u00edvel superior)<\/li>\n<\/ul>\n<h3>Prova de T\u00edtulos<\/h3>\n<p>A prova de t\u00edtulos, que \u00e9 uma etapa classificat\u00f3ria, ser\u00e1 aplic\u00e1vel apenas aos candidatos aos cargos de n\u00edvel superior. Essa avalia\u00e7\u00e3o conceder\u00e1 at\u00e9 10 pontos, levando em considera\u00e7\u00e3o a forma\u00e7\u00e3o especializada (m\u00ednimo de 360 horas), mestrado, doutorado e experi\u00eancia profissional (com pontua\u00e7\u00e3o limitada \u00e0s diretrizes do edital).<\/p>\n<h2>Cotas e Acessibilidade<\/h2>\n<p>O edital prev\u00ea a reserva de <strong>5%<\/strong> das vagas para pessoas com defici\u00eancia (PcD). Para tal, \u00e9 necess\u00e1rio apresentar laudo m\u00e9dico que comprove a condi\u00e7\u00e3o, conforme especificado no edital. Al\u00e9m disso, aqueles que necessitarem de condi\u00e7\u00f5es especiais para a realiza\u00e7\u00e3o da prova devem solicitar previamente, atendendo \u00e0s orienta\u00e7\u00f5es do edital.<\/p>\n<h2>Registro e Documenta\u00e7\u00e3o<\/h2>\n<p>Este processo seletivo ter\u00e1 validade de <strong>dois anos<\/strong>, a contar da homologa\u00e7\u00e3o do resultado final, podendo ser prorrogado por igual per\u00edodo. As contrata\u00e7\u00f5es efetuadas ser\u00e3o tempor\u00e1rias, de acordo com a legisla\u00e7\u00e3o vigente no munic\u00edpio.<\/p>\n<h2>Dicas para os Candidatos<\/h2>\n<p>Para melhor desempenho na prova, recomenda-se:<\/p>\n<ul>\n<li>Estudar os conte\u00fados program\u00e1ticos relacionados ao cargo, priorizando as disciplinas espec\u00edficas.<\/li>\n<li>Organizar e reunir documentos como certificados, diplomas e comprovantes de experi\u00eancia para a avalia\u00e7\u00e3o de t\u00edtulos, no caso de cargos de n\u00edvel superior.<\/li>\n<li>Comparecer no dia da prova com anteced\u00eancia, portando documento oficial com foto e caneta adequada, al\u00e9m de seguir as regras estabelecidas (como manter o celular desligado e respeitar os hor\u00e1rios)<\/li>\n<\/ul>\n<h2>Sobre Capit\u00e3o Andrade MG<\/h2>\n<p>Capit\u00e3o Andrade \u00e9 um munic\u00edpio de pequeno porte, com aproximadamente <strong>4.585 habitantes<\/strong>, conforme dados do Censo IBGE de 2022. Situado na regi\u00e3o do Vale do Rio Doce, o munic\u00edpio possui caracter\u00edsticas tipicamente rurais, com servi\u00e7os p\u00fablicos organizados, especialmente na aten\u00e7\u00e3o b\u00e1sica e prote\u00e7\u00e3o social.<\/p>\n<h2>Informa\u00e7\u00f5es da Banca Organizadora<\/h2>\n<p>O Instituto Brasileiro de Gest\u00e3o e Pesquisa (IBGP) \u00e9 respons\u00e1vel pela organiza\u00e7\u00e3o do processo seletivo e possui um hist\u00f3rico significativo na realiza\u00e7\u00e3o de sele\u00e7\u00f5es municipais em Minas Gerais. A banca se destaca pela aplica\u00e7\u00e3o de provas objetivas que priorizam conhecimentos espec\u00edficos e pela transpar\u00eancia nos cronogramas. Para acompanhar informa\u00e7\u00f5es do processo, \u00e9 essencial que os candidatos consultem apenas os canais oficiais da banca.<\/p>\n<h2>Links \u00dateis<\/h2>\n<ul>\n<li><a href=\"https:\/\/www.capitaoandrade.mg.gov.br\/portal\/editais\/0\/3\/450\">P\u00e1gina da Prefeitura (editais)<\/a><\/li>\n<li><a href=\"https:\/\/novo.ibgpconcursos.com.br\/\">P\u00e1gina do IBGP (inscri\u00e7\u00f5es e acompanhamento)<\/a><\/li>\n<\/ul>\n<p>Fique por dentro das provas anteriores de concursos e teste seus conhecimentos atrav\u00e9s da plataforma <a href=\"https:\/\/www.qconcursos.com\/questoes-de-concursos\/provas?utm_source=jornalismo-ia&#038;utm_medium=noticia&#038;utm_campaign=qconcursos_tra_prova_anterior\">aqui<\/a>.<\/p>\n","protected":false},"excerpt":{"rendered":"<p>Prefeitura de Capit\u00e3o Andrade MG abre sele\u00e7\u00f5es para 43 vagas tempor\u00e1rias em diversas \u00e1reas.<\/p>\n","protected":false},"author":1,"featured_media":4486,"comment_status":"open","ping_status":"open","sticky":false,"template":"","format":"standard","meta":{"footnotes":""},"categories":[5],"tags":[],"class_list":["post-4487","post","type-post","status-publish","format-standard","has-post-thumbnail","hentry","category-noticias","has_thumb"],"yoast_head":"<!-- This site is optimized with the Yoast SEO plugin v26.3 - https:\/\/yoast.com\/wordpress\/plugins\/seo\/ -->\n<title>Prefeitura de Capit\u00e3o Andrade MG abre processo seletivo com 43 vagas | Encontra Itajub\u00e1<\/title>\n<meta name=\"robots\" content=\"index, follow, max-snippet:-1, max-image-preview:large, max-video-preview:-1\" \/>\n<link rel=\"canonical\" href=\"https:\/\/www.encontraminasgerais.com.br\/itajuba\/prefeitura-de-capitao-andrade-mg-abre-processo-seletivo-com-43-vagas\/\" \/>\n<meta property=\"og:locale\" content=\"pt_BR\" \/>\n<meta property=\"og:type\" content=\"article\" \/>\n<meta property=\"og:title\" content=\"Prefeitura de Capit\u00e3o Andrade MG abre processo seletivo com 43 vagas | Encontra Itajub\u00e1\" \/>\n<meta property=\"og:description\" content=\"Prefeitura de Capit\u00e3o Andrade MG abre sele\u00e7\u00f5es para 43 vagas tempor\u00e1rias em diversas \u00e1reas.\" \/>\n<meta property=\"og:url\" content=\"https:\/\/www.encontraminasgerais.com.br\/itajuba\/prefeitura-de-capitao-andrade-mg-abre-processo-seletivo-com-43-vagas\/\" \/>\n<meta property=\"og:site_name\" content=\"Encontra Itajub\u00e1\" \/>\n<meta property=\"article:published_time\" content=\"2026-01-26T09:45:45+00:00\" \/>\n<meta property=\"og:image\" content=\"https:\/\/www.encontraminasgerais.com.br\/itajuba\/wp-content\/uploads\/2026\/01\/prefeitura-de-capitao-andrade-mg-abre-processo-seletivo-com-43-vagas.webp\" \/>\n<meta name=\"author\" content=\"Encontra Itajub\u00e1\" \/>\n<meta name=\"twitter:card\" content=\"summary_large_image\" \/>\n<meta name=\"twitter:label1\" content=\"Escrito por\" \/>\n\t<meta name=\"twitter:data1\" content=\"Encontra Itajub\u00e1\" \/>\n\t<meta name=\"twitter:label2\" content=\"Est. tempo de leitura\" \/>\n\t<meta name=\"twitter:data2\" content=\"4 minutos\" \/>\n<script type=\"application\/ld+json\" class=\"yoast-schema-graph\">{\"@context\":\"https:\/\/schema.org\",\"@graph\":[{\"@type\":\"WebPage\",\"@id\":\"https:\/\/www.encontraminasgerais.com.br\/itajuba\/prefeitura-de-capitao-andrade-mg-abre-processo-seletivo-com-43-vagas\/\",\"url\":\"https:\/\/www.encontraminasgerais.com.br\/itajuba\/prefeitura-de-capitao-andrade-mg-abre-processo-seletivo-com-43-vagas\/\",\"name\":\"Prefeitura de Capit\u00e3o Andrade MG abre processo seletivo com 43 vagas | Encontra Itajub\u00e1\",\"isPartOf\":{\"@id\":\"https:\/\/www.encontraminasgerais.com.br\/itajuba\/#website\"},\"primaryImageOfPage\":{\"@id\":\"https:\/\/www.encontraminasgerais.com.br\/itajuba\/prefeitura-de-capitao-andrade-mg-abre-processo-seletivo-com-43-vagas\/#primaryimage\"},\"image\":{\"@id\":\"https:\/\/www.encontraminasgerais.com.br\/itajuba\/prefeitura-de-capitao-andrade-mg-abre-processo-seletivo-com-43-vagas\/#primaryimage\"},\"thumbnailUrl\":\"https:\/\/www.encontraminasgerais.com.br\/itajuba\/wp-content\/uploads\/2026\/01\/prefeitura-de-capitao-andrade-mg-abre-processo-seletivo-com-43-vagas.webp\",\"datePublished\":\"2026-01-26T09:45:45+00:00\",\"author\":{\"@id\":\"https:\/\/www.encontraminasgerais.com.br\/itajuba\/#\/schema\/person\/d26674c083ec86b440752843a690de33\"},\"inLanguage\":\"pt-BR\",\"potentialAction\":[{\"@type\":\"ReadAction\",\"target\":[\"https:\/\/www.encontraminasgerais.com.br\/itajuba\/prefeitura-de-capitao-andrade-mg-abre-processo-seletivo-com-43-vagas\/\"]}]},{\"@type\":\"ImageObject\",\"inLanguage\":\"pt-BR\",\"@id\":\"https:\/\/www.encontraminasgerais.com.br\/itajuba\/prefeitura-de-capitao-andrade-mg-abre-processo-seletivo-com-43-vagas\/#primaryimage\",\"url\":\"https:\/\/www.encontraminasgerais.com.br\/itajuba\/wp-content\/uploads\/2026\/01\/prefeitura-de-capitao-andrade-mg-abre-processo-seletivo-com-43-vagas.webp\",\"contentUrl\":\"https:\/\/www.encontraminasgerais.com.br\/itajuba\/wp-content\/uploads\/2026\/01\/prefeitura-de-capitao-andrade-mg-abre-processo-seletivo-com-43-vagas.webp\",\"width\":280,\"height\":280,\"caption\":\"Prefeitura de Capit\u00e3o Andrade MG abre processo seletivo\"},{\"@type\":\"WebSite\",\"@id\":\"https:\/\/www.encontraminasgerais.com.br\/itajuba\/#website\",\"url\":\"https:\/\/www.encontraminasgerais.com.br\/itajuba\/\",\"name\":\"Encontra Itajub\u00e1\",\"description\":\"ENCONTRA ITAJUB\u00c1 - O guia comercial de neg\u00f3cios e empresas, cultura e divers\u00e3o na cidade de Itajub\u00e1. Feito 100% para voc\u00ea morador!\",\"potentialAction\":[{\"@type\":\"SearchAction\",\"target\":{\"@type\":\"EntryPoint\",\"urlTemplate\":\"https:\/\/www.encontraminasgerais.com.br\/itajuba\/?s={search_term_string}\"},\"query-input\":{\"@type\":\"PropertyValueSpecification\",\"valueRequired\":true,\"valueName\":\"search_term_string\"}}],\"inLanguage\":\"pt-BR\"},{\"@type\":\"Person\",\"@id\":\"https:\/\/www.encontraminasgerais.com.br\/itajuba\/#\/schema\/person\/d26674c083ec86b440752843a690de33\",\"name\":\"Encontra Itajub\u00e1\",\"image\":{\"@type\":\"ImageObject\",\"inLanguage\":\"pt-BR\",\"@id\":\"https:\/\/www.encontraminasgerais.com.br\/itajuba\/#\/schema\/person\/image\/\",\"url\":\"https:\/\/secure.gravatar.com\/avatar\/c50c17820bcf322f0a8fd6b110b8c0918141409dc69076470f6fca5fee70a5d4?s=96&d=mm&r=g\",\"contentUrl\":\"https:\/\/secure.gravatar.com\/avatar\/c50c17820bcf322f0a8fd6b110b8c0918141409dc69076470f6fca5fee70a5d4?s=96&d=mm&r=g\",\"caption\":\"Encontra Itajub\u00e1\"},\"url\":\"https:\/\/www.encontraminasgerais.com.br\/itajuba\/author\/eitajuba\/\"}]}<\/script>\n<!-- \/ Yoast SEO plugin. -->","yoast_head_json":{"title":"Prefeitura de Capit\u00e3o Andrade MG abre processo seletivo com 43 vagas | Encontra Itajub\u00e1","robots":{"index":"index","follow":"follow","max-snippet":"max-snippet:-1","max-image-preview":"max-image-preview:large","max-video-preview":"max-video-preview:-1"},"canonical":"https:\/\/www.encontraminasgerais.com.br\/itajuba\/prefeitura-de-capitao-andrade-mg-abre-processo-seletivo-com-43-vagas\/","og_locale":"pt_BR","og_type":"article","og_title":"Prefeitura de Capit\u00e3o Andrade MG abre processo seletivo com 43 vagas | Encontra Itajub\u00e1","og_description":"Prefeitura de Capit\u00e3o Andrade MG abre sele\u00e7\u00f5es para 43 vagas tempor\u00e1rias em diversas \u00e1reas.","og_url":"https:\/\/www.encontraminasgerais.com.br\/itajuba\/prefeitura-de-capitao-andrade-mg-abre-processo-seletivo-com-43-vagas\/","og_site_name":"Encontra Itajub\u00e1","article_published_time":"2026-01-26T09:45:45+00:00","og_image":[{"url":"https:\/\/www.encontraminasgerais.com.br\/itajuba\/wp-content\/uploads\/2026\/01\/prefeitura-de-capitao-andrade-mg-abre-processo-seletivo-com-43-vagas.webp","type":"","width":"","height":""}],"author":"Encontra Itajub\u00e1","twitter_card":"summary_large_image","twitter_misc":{"Escrito por":"Encontra Itajub\u00e1","Est. tempo de leitura":"4 minutos"},"schema":{"@context":"https:\/\/schema.org","@graph":[{"@type":"WebPage","@id":"https:\/\/www.encontraminasgerais.com.br\/itajuba\/prefeitura-de-capitao-andrade-mg-abre-processo-seletivo-com-43-vagas\/","url":"https:\/\/www.encontraminasgerais.com.br\/itajuba\/prefeitura-de-capitao-andrade-mg-abre-processo-seletivo-com-43-vagas\/","name":"Prefeitura de Capit\u00e3o Andrade MG abre processo seletivo com 43 vagas | Encontra Itajub\u00e1","isPartOf":{"@id":"https:\/\/www.encontraminasgerais.com.br\/itajuba\/#website"},"primaryImageOfPage":{"@id":"https:\/\/www.encontraminasgerais.com.br\/itajuba\/prefeitura-de-capitao-andrade-mg-abre-processo-seletivo-com-43-vagas\/#primaryimage"},"image":{"@id":"https:\/\/www.encontraminasgerais.com.br\/itajuba\/prefeitura-de-capitao-andrade-mg-abre-processo-seletivo-com-43-vagas\/#primaryimage"},"thumbnailUrl":"https:\/\/www.encontraminasgerais.com.br\/itajuba\/wp-content\/uploads\/2026\/01\/prefeitura-de-capitao-andrade-mg-abre-processo-seletivo-com-43-vagas.webp","datePublished":"2026-01-26T09:45:45+00:00","author":{"@id":"https:\/\/www.encontraminasgerais.com.br\/itajuba\/#\/schema\/person\/d26674c083ec86b440752843a690de33"},"inLanguage":"pt-BR","potentialAction":[{"@type":"ReadAction","target":["https:\/\/www.encontraminasgerais.com.br\/itajuba\/prefeitura-de-capitao-andrade-mg-abre-processo-seletivo-com-43-vagas\/"]}]},{"@type":"ImageObject","inLanguage":"pt-BR","@id":"https:\/\/www.encontraminasgerais.com.br\/itajuba\/prefeitura-de-capitao-andrade-mg-abre-processo-seletivo-com-43-vagas\/#primaryimage","url":"https:\/\/www.encontraminasgerais.com.br\/itajuba\/wp-content\/uploads\/2026\/01\/prefeitura-de-capitao-andrade-mg-abre-processo-seletivo-com-43-vagas.webp","contentUrl":"https:\/\/www.encontraminasgerais.com.br\/itajuba\/wp-content\/uploads\/2026\/01\/prefeitura-de-capitao-andrade-mg-abre-processo-seletivo-com-43-vagas.webp","width":280,"height":280,"caption":"Prefeitura de Capit\u00e3o Andrade MG abre processo seletivo"},{"@type":"WebSite","@id":"https:\/\/www.encontraminasgerais.com.br\/itajuba\/#website","url":"https:\/\/www.encontraminasgerais.com.br\/itajuba\/","name":"Encontra Itajub\u00e1","description":"ENCONTRA ITAJUB\u00c1 - O guia comercial de neg\u00f3cios e empresas, cultura e divers\u00e3o na cidade de Itajub\u00e1. Feito 100% para voc\u00ea morador!","potentialAction":[{"@type":"SearchAction","target":{"@type":"EntryPoint","urlTemplate":"https:\/\/www.encontraminasgerais.com.br\/itajuba\/?s={search_term_string}"},"query-input":{"@type":"PropertyValueSpecification","valueRequired":true,"valueName":"search_term_string"}}],"inLanguage":"pt-BR"},{"@type":"Person","@id":"https:\/\/www.encontraminasgerais.com.br\/itajuba\/#\/schema\/person\/d26674c083ec86b440752843a690de33","name":"Encontra Itajub\u00e1","image":{"@type":"ImageObject","inLanguage":"pt-BR","@id":"https:\/\/www.encontraminasgerais.com.br\/itajuba\/#\/schema\/person\/image\/","url":"https:\/\/secure.gravatar.com\/avatar\/c50c17820bcf322f0a8fd6b110b8c0918141409dc69076470f6fca5fee70a5d4?s=96&d=mm&r=g","contentUrl":"https:\/\/secure.gravatar.com\/avatar\/c50c17820bcf322f0a8fd6b110b8c0918141409dc69076470f6fca5fee70a5d4?s=96&d=mm&r=g","caption":"Encontra Itajub\u00e1"},"url":"https:\/\/www.encontraminasgerais.com.br\/itajuba\/author\/eitajuba\/"}]}},"_links":{"self":[{"href":"https:\/\/www.encontraminasgerais.com.br\/itajuba\/wp-json\/wp\/v2\/posts\/4487","targetHints":{"allow":["GET"]}}],"collection":[{"href":"https:\/\/www.encontraminasgerais.com.br\/itajuba\/wp-json\/wp\/v2\/posts"}],"about":[{"href":"https:\/\/www.encontraminasgerais.com.br\/itajuba\/wp-json\/wp\/v2\/types\/post"}],"author":[{"embeddable":true,"href":"https:\/\/www.encontraminasgerais.com.br\/itajuba\/wp-json\/wp\/v2\/users\/1"}],"replies":[{"embeddable":true,"href":"https:\/\/www.encontraminasgerais.com.br\/itajuba\/wp-json\/wp\/v2\/comments?post=4487"}],"version-history":[{"count":0,"href":"https:\/\/www.encontraminasgerais.com.br\/itajuba\/wp-json\/wp\/v2\/posts\/4487\/revisions"}],"wp:featuredmedia":[{"embeddable":true,"href":"https:\/\/www.encontraminasgerais.com.br\/itajuba\/wp-json\/wp\/v2\/media\/4486"}],"wp:attachment":[{"href":"https:\/\/www.encontraminasgerais.com.br\/itajuba\/wp-json\/wp\/v2\/media?parent=4487"}],"wp:term":[{"taxonomy":"category","embeddable":true,"href":"https:\/\/www.encontraminasgerais.com.br\/itajuba\/wp-json\/wp\/v2\/categories?post=4487"},{"taxonomy":"post_tag","embeddable":true,"href":"https:\/\/www.encontraminasgerais.com.br\/itajuba\/wp-json\/wp\/v2\/tags?post=4487"}],"curies":[{"name":"wp","href":"https:\/\/api.w.org\/{rel}","templated":true}]}}