{"id":4503,"date":"2026-01-29T06:45:43","date_gmt":"2026-01-29T09:45:43","guid":{"rendered":"https:\/\/www.encontraminasgerais.com.br\/itajuba\/edital-de-selecao-para-o-programa-institucional-de-capacitacao-em-preceptoria-atraves-do-curso-de-especializacao-em-preceptoria-e-educacao-na-saude\/"},"modified":"2026-01-29T06:45:43","modified_gmt":"2026-01-29T09:45:43","slug":"edital-de-selecao-para-o-programa-institucional-de-capacitacao-em-preceptoria-atraves-do-curso-de-especializacao-em-preceptoria-e-educacao-na-saude","status":"publish","type":"post","link":"https:\/\/www.encontraminasgerais.com.br\/itajuba\/edital-de-selecao-para-o-programa-institucional-de-capacitacao-em-preceptoria-atraves-do-curso-de-especializacao-em-preceptoria-e-educacao-na-saude\/","title":{"rendered":"Edital de sele\u00e7\u00e3o para o Programa Institucional de Capacita\u00e7\u00e3o em Preceptoria atrav\u00e9s do curso de especializa\u00e7\u00e3o em \u201cPreceptoria e Educa\u00e7\u00e3o na Sa\u00fade\u201d"},"content":{"rendered":"<h2>O que \u00e9 o Programa Institucional de Capacita\u00e7\u00e3o em Preceptoria?<\/h2>\n<p>O Programa Institucional de Capacita\u00e7\u00e3o em Preceptoria \u00e9 uma iniciativa voltada \u00e0 forma\u00e7\u00e3o de profissionais que atuar\u00e3o como preceptores na \u00e1rea da sa\u00fade. Atrav\u00e9s deste programa, os participantes t\u00eam a oportunidade de adquirir conhecimentos e habilidades essenciais para orientar e supervisionar estudantes em ambientes pr\u00e1ticos, como hospitais e cl\u00ednicas. O objetivo \u00e9 aprimorar a forma\u00e7\u00e3o acad\u00eamica, proporcionando uma experi\u00eancia educacional de qualidade, baseando-se em metodologias inovadoras.<\/p>\n<h2>Vantagens de se especializar em Preceptoria<\/h2>\n<p>A especializa\u00e7\u00e3o em Preceptoria traz diversos benef\u00edcios. Entre as principais vantagens, podemos citar:<\/p>\n<ul>\n<li><strong>Aprimoramento Profissional:<\/strong> Os profissionais se tornam mais capacitados para lidar com situa\u00e7\u00f5es pr\u00e1ticas da \u00e1rea da sa\u00fade, melhorando sua performance no dia a dia.<\/li>\n<li><strong>Reconhecimento Profissional:<\/strong> Ser um preceptor especializado pode abrir portas no mercado de trabalho e resultar em melhores oportunidades de carreira.<\/li>\n<li><strong>Impacto na Educa\u00e7\u00e3o:<\/strong> Os preceptores influenciam diretamente a forma\u00e7\u00e3o de novos profissionais, contribuindo para a qualidade da educa\u00e7\u00e3o em sa\u00fade.<\/li>\n<li><strong>Networking:<\/strong> Participar do programa permite conectar-se com outros profissionais da \u00e1rea, expandindo a rede de contatos.<\/li>\n<\/ul>\n<h2>Processo de sele\u00e7\u00e3o para o programa<\/h2>\n<p>O processo de sele\u00e7\u00e3o para o Programa Institucional de Capacita\u00e7\u00e3o em Preceptoria \u00e9 rigoroso e visa garantir que os candidatos possuam o perfil adequado para se tornarem preceptores. Geralmente, ele envolve etapas como:<\/p>\n<p><img decoding=\"async\" src=\"https:\/\/www.encontraminasgerais.com.br\/itajuba\/wp-content\/uploads\/2026\/01\/edital-de-selecao-para-o-programa-institucional-de-capacitacao-em-preceptoria-atraves-do-curso-de-es.webp\" alt=\"Capacita\u00e7\u00e3o em Preceptoria\" loading=\"lazy\" \/><\/p>\n<ul>\n<li><strong>Inscri\u00e7\u00e3o:<\/strong> Os interessados devem submeter a documenta\u00e7\u00e3o necess\u00e1ria dentro do prazo estabelecido.<\/li>\n<li><strong>An\u00e1lise de Curr\u00edculo:<\/strong> A equipe respons\u00e1vel avalia a forma\u00e7\u00e3o acad\u00eamica e a experi\u00eancia pr\u00e9via dos candidatos.<\/li>\n<li><strong>Entrevista:<\/strong> Uma etapa essencial onde o candidato \u00e9 avaliado quanto \u00e0 sua motiva\u00e7\u00e3o e compromisso com a educa\u00e7\u00e3o na sa\u00fade.<\/li>\n<\/ul>\n<h2>Pr\u00e9-requisitos para inscri\u00e7\u00e3o<\/h2>\n<p>Para se inscrever no Programa de Capacita\u00e7\u00e3o em Preceptoria, os candidatos geralmente precisam atender a alguns pr\u00e9-requisitos, que podem incluir:<\/p>\n<ul>\n<li>A posse de um diploma de gradua\u00e7\u00e3o na \u00e1rea da sa\u00fade.<\/li>\n<li>Experi\u00eancia anterior em atua\u00e7\u00e3o na \u00e1rea de forma\u00e7\u00e3o.<\/li>\n<li>Interesse em colaborar na forma\u00e7\u00e3o de novos profissionais.<\/li>\n<\/ul>\n<h2>Como a educa\u00e7\u00e3o na sa\u00fade pode impactar sua carreira<\/h2>\n<p>A educa\u00e7\u00e3o na sa\u00fade \u00e9 um fator determinante na constru\u00e7\u00e3o de uma carreira s\u00f3lida. Profissionais bem formados s\u00e3o essenciais para melhorar a qualidade do atendimento e a sa\u00fade da popula\u00e7\u00e3o. Al\u00e9m disso, ao se tornar um preceptor, o profissional amplia suas perspectivas de carreira, podendo atuar em diferentes \u00e1reas, desde o ensino at\u00e9 a gest\u00e3o de servi\u00e7os de sa\u00fade.<\/p>\n<h2>Testemunhos de ex-alunos e suas experi\u00eancias<\/h2>\n<p>Muitos ex-alunos do programa compartilham experi\u00eancias positivas que ressoam com o impacto que a capacita\u00e7\u00e3o teve em suas vidas profissionais. Eles relatam ganhos significativos, como:<\/p>\n<ul>\n<li>Melhoria nas habilidades de ensino e supervis\u00e3o.<\/li>\n<li>Maior confian\u00e7a ao lidar com alunos e situa\u00e7\u00f5es desafiadoras.<\/li>\n<li>Reconhecimento e respeito entre colegas e alunos.<\/li>\n<\/ul>\n<h2>O papel do preceptor na forma\u00e7\u00e3o de novos profissionais<\/h2>\n<p>O preceptor exerce uma fun\u00e7\u00e3o vital na educa\u00e7\u00e3o de novos profissionais de sa\u00fade. Ele \u00e9 respons\u00e1vel por:<\/p>\n<ul>\n<li>Orientar os estudantes durante suas experi\u00eancias pr\u00e1ticas.<\/li>\n<li>Proporcionar feedback construtivo e suporte cont\u00ednuo.<\/li>\n<li>Promover a integra\u00e7\u00e3o entre a teoria e a pr\u00e1tica, enriquecendo o aprendizado.<\/li>\n<\/ul>\n<h2>Perspectivas de carreira ap\u00f3s a especializa\u00e7\u00e3o<\/h2>\n<p>Ap\u00f3s completar a especializa\u00e7\u00e3o, diversas oportunidades se abrem para os profissionais. Isso pode inclui:<\/p>\n<ul>\n<li>Atua\u00e7\u00e3o como preceptor em institui\u00e7\u00f5es de ensino ou servi\u00e7os de sa\u00fade.<\/li>\n<li>Desenvolvimento de programas educacionais na \u00e1rea da sa\u00fade.<\/li>\n<li>Possibilidade de atuar em cargos administrativos, contribuindo para a forma\u00e7\u00e3o de pol\u00edticas educacionais.<\/li>\n<\/ul>\n<h2>Desenvolvimento de compet\u00eancias essenciais na sa\u00fade<\/h2>\n<p>A capacita\u00e7\u00e3o em preceptoria n\u00e3o \u00e9 apenas sobre ensinar, mas tamb\u00e9m sobre desenvolver compet\u00eancias fundamentais para o exerc\u00edcio efetivo da profiss\u00e3o. Os participantes aprendem a:<\/p>\n<ul>\n<li>Comunicar-se de maneira eficaz com estudantes e colegas.<\/li>\n<li>Planejar e implementar atividades educativas de forma estruturada.<\/li>\n<li>Avaliar o desempenho dos alunos e fornecer feedback relevante.<\/li>\n<\/ul>\n<h2>Inscreva-se e fa\u00e7a parte dessa jornada transformadora<\/h2>\n<p>Se voc\u00ea deseja fazer a diferen\u00e7a na forma\u00e7\u00e3o de novos profissionais da sa\u00fade e contribuir para a melhoria da qualidade da educa\u00e7\u00e3o, n\u00e3o perca a oportunidade de se inscrever no Programa Institucional de Capacita\u00e7\u00e3o em Preceptoria. A etapa inicial pode ser o primeiro passo de uma carreira transformadora e impactante.<\/p>\n","protected":false},"excerpt":{"rendered":"<p>Capacita\u00e7\u00e3o em Preceptoria: descubra oportunidades na Afya Itajub\u00e1 agora mesmo!<\/p>\n","protected":false},"author":1,"featured_media":4502,"comment_status":"open","ping_status":"open","sticky":false,"template":"","format":"standard","meta":{"footnotes":""},"categories":[5],"tags":[],"class_list":["post-4503","post","type-post","status-publish","format-standard","has-post-thumbnail","hentry","category-noticias","has_thumb"],"yoast_head":"<!-- This site is optimized with the Yoast SEO plugin v26.3 - https:\/\/yoast.com\/wordpress\/plugins\/seo\/ -->\n<title>Edital de sele\u00e7\u00e3o para o Programa Institucional de Capacita\u00e7\u00e3o em Preceptoria atrav\u00e9s do curso de especializa\u00e7\u00e3o em \u201cPreceptoria e Educa\u00e7\u00e3o na Sa\u00fade\u201d | Encontra Itajub\u00e1<\/title>\n<meta name=\"robots\" content=\"index, follow, max-snippet:-1, max-image-preview:large, max-video-preview:-1\" \/>\n<link rel=\"canonical\" href=\"https:\/\/www.encontraminasgerais.com.br\/itajuba\/edital-de-selecao-para-o-programa-institucional-de-capacitacao-em-preceptoria-atraves-do-curso-de-especializacao-em-preceptoria-e-educacao-na-saude\/\" \/>\n<meta property=\"og:locale\" content=\"pt_BR\" \/>\n<meta property=\"og:type\" content=\"article\" \/>\n<meta property=\"og:title\" content=\"Edital de sele\u00e7\u00e3o para o Programa Institucional de Capacita\u00e7\u00e3o em Preceptoria atrav\u00e9s do curso de especializa\u00e7\u00e3o em \u201cPreceptoria e Educa\u00e7\u00e3o na Sa\u00fade\u201d | Encontra Itajub\u00e1\" \/>\n<meta property=\"og:description\" content=\"Capacita\u00e7\u00e3o em Preceptoria: descubra oportunidades na Afya Itajub\u00e1 agora mesmo!\" \/>\n<meta property=\"og:url\" content=\"https:\/\/www.encontraminasgerais.com.br\/itajuba\/edital-de-selecao-para-o-programa-institucional-de-capacitacao-em-preceptoria-atraves-do-curso-de-especializacao-em-preceptoria-e-educacao-na-saude\/\" \/>\n<meta property=\"og:site_name\" content=\"Encontra Itajub\u00e1\" \/>\n<meta property=\"article:published_time\" content=\"2026-01-29T09:45:43+00:00\" \/>\n<meta property=\"og:image\" content=\"https:\/\/www.encontraminasgerais.com.br\/itajuba\/wp-content\/uploads\/2026\/01\/edital-de-selecao-para-o-programa-institucional-de-capacitacao-em-preceptoria-atraves-do-curso-de-es.webp\" \/>\n<meta name=\"author\" content=\"Encontra Itajub\u00e1\" \/>\n<meta name=\"twitter:card\" content=\"summary_large_image\" \/>\n<meta name=\"twitter:label1\" content=\"Escrito por\" \/>\n\t<meta name=\"twitter:data1\" content=\"Encontra Itajub\u00e1\" \/>\n\t<meta name=\"twitter:label2\" content=\"Est. tempo de leitura\" \/>\n\t<meta name=\"twitter:data2\" content=\"4 minutos\" \/>\n<script type=\"application\/ld+json\" class=\"yoast-schema-graph\">{\"@context\":\"https:\/\/schema.org\",\"@graph\":[{\"@type\":\"WebPage\",\"@id\":\"https:\/\/www.encontraminasgerais.com.br\/itajuba\/edital-de-selecao-para-o-programa-institucional-de-capacitacao-em-preceptoria-atraves-do-curso-de-especializacao-em-preceptoria-e-educacao-na-saude\/\",\"url\":\"https:\/\/www.encontraminasgerais.com.br\/itajuba\/edital-de-selecao-para-o-programa-institucional-de-capacitacao-em-preceptoria-atraves-do-curso-de-especializacao-em-preceptoria-e-educacao-na-saude\/\",\"name\":\"Edital de sele\u00e7\u00e3o para o Programa Institucional de Capacita\u00e7\u00e3o em Preceptoria atrav\u00e9s do curso de especializa\u00e7\u00e3o em \u201cPreceptoria e Educa\u00e7\u00e3o na Sa\u00fade\u201d | Encontra Itajub\u00e1\",\"isPartOf\":{\"@id\":\"https:\/\/www.encontraminasgerais.com.br\/itajuba\/#website\"},\"primaryImageOfPage\":{\"@id\":\"https:\/\/www.encontraminasgerais.com.br\/itajuba\/edital-de-selecao-para-o-programa-institucional-de-capacitacao-em-preceptoria-atraves-do-curso-de-especializacao-em-preceptoria-e-educacao-na-saude\/#primaryimage\"},\"image\":{\"@id\":\"https:\/\/www.encontraminasgerais.com.br\/itajuba\/edital-de-selecao-para-o-programa-institucional-de-capacitacao-em-preceptoria-atraves-do-curso-de-especializacao-em-preceptoria-e-educacao-na-saude\/#primaryimage\"},\"thumbnailUrl\":\"https:\/\/www.encontraminasgerais.com.br\/itajuba\/wp-content\/uploads\/2026\/01\/edital-de-selecao-para-o-programa-institucional-de-capacitacao-em-preceptoria-atraves-do-curso-de-es.webp\",\"datePublished\":\"2026-01-29T09:45:43+00:00\",\"author\":{\"@id\":\"https:\/\/www.encontraminasgerais.com.br\/itajuba\/#\/schema\/person\/d26674c083ec86b440752843a690de33\"},\"inLanguage\":\"pt-BR\",\"potentialAction\":[{\"@type\":\"ReadAction\",\"target\":[\"https:\/\/www.encontraminasgerais.com.br\/itajuba\/edital-de-selecao-para-o-programa-institucional-de-capacitacao-em-preceptoria-atraves-do-curso-de-especializacao-em-preceptoria-e-educacao-na-saude\/\"]}]},{\"@type\":\"ImageObject\",\"inLanguage\":\"pt-BR\",\"@id\":\"https:\/\/www.encontraminasgerais.com.br\/itajuba\/edital-de-selecao-para-o-programa-institucional-de-capacitacao-em-preceptoria-atraves-do-curso-de-especializacao-em-preceptoria-e-educacao-na-saude\/#primaryimage\",\"url\":\"https:\/\/www.encontraminasgerais.com.br\/itajuba\/wp-content\/uploads\/2026\/01\/edital-de-selecao-para-o-programa-institucional-de-capacitacao-em-preceptoria-atraves-do-curso-de-es.webp\",\"contentUrl\":\"https:\/\/www.encontraminasgerais.com.br\/itajuba\/wp-content\/uploads\/2026\/01\/edital-de-selecao-para-o-programa-institucional-de-capacitacao-em-preceptoria-atraves-do-curso-de-es.webp\",\"width\":280,\"height\":280,\"caption\":\"Capacita\u00e7\u00e3o em Preceptoria\"},{\"@type\":\"WebSite\",\"@id\":\"https:\/\/www.encontraminasgerais.com.br\/itajuba\/#website\",\"url\":\"https:\/\/www.encontraminasgerais.com.br\/itajuba\/\",\"name\":\"Encontra Itajub\u00e1\",\"description\":\"ENCONTRA ITAJUB\u00c1 - O guia comercial de neg\u00f3cios e empresas, cultura e divers\u00e3o na cidade de Itajub\u00e1. Feito 100% para voc\u00ea morador!\",\"potentialAction\":[{\"@type\":\"SearchAction\",\"target\":{\"@type\":\"EntryPoint\",\"urlTemplate\":\"https:\/\/www.encontraminasgerais.com.br\/itajuba\/?s={search_term_string}\"},\"query-input\":{\"@type\":\"PropertyValueSpecification\",\"valueRequired\":true,\"valueName\":\"search_term_string\"}}],\"inLanguage\":\"pt-BR\"},{\"@type\":\"Person\",\"@id\":\"https:\/\/www.encontraminasgerais.com.br\/itajuba\/#\/schema\/person\/d26674c083ec86b440752843a690de33\",\"name\":\"Encontra Itajub\u00e1\",\"image\":{\"@type\":\"ImageObject\",\"inLanguage\":\"pt-BR\",\"@id\":\"https:\/\/www.encontraminasgerais.com.br\/itajuba\/#\/schema\/person\/image\/\",\"url\":\"https:\/\/secure.gravatar.com\/avatar\/c50c17820bcf322f0a8fd6b110b8c0918141409dc69076470f6fca5fee70a5d4?s=96&d=mm&r=g\",\"contentUrl\":\"https:\/\/secure.gravatar.com\/avatar\/c50c17820bcf322f0a8fd6b110b8c0918141409dc69076470f6fca5fee70a5d4?s=96&d=mm&r=g\",\"caption\":\"Encontra Itajub\u00e1\"},\"url\":\"https:\/\/www.encontraminasgerais.com.br\/itajuba\/author\/eitajuba\/\"}]}<\/script>\n<!-- \/ Yoast SEO plugin. -->","yoast_head_json":{"title":"Edital de sele\u00e7\u00e3o para o Programa Institucional de Capacita\u00e7\u00e3o em Preceptoria atrav\u00e9s do curso de especializa\u00e7\u00e3o em \u201cPreceptoria e Educa\u00e7\u00e3o na Sa\u00fade\u201d | Encontra Itajub\u00e1","robots":{"index":"index","follow":"follow","max-snippet":"max-snippet:-1","max-image-preview":"max-image-preview:large","max-video-preview":"max-video-preview:-1"},"canonical":"https:\/\/www.encontraminasgerais.com.br\/itajuba\/edital-de-selecao-para-o-programa-institucional-de-capacitacao-em-preceptoria-atraves-do-curso-de-especializacao-em-preceptoria-e-educacao-na-saude\/","og_locale":"pt_BR","og_type":"article","og_title":"Edital de sele\u00e7\u00e3o para o Programa Institucional de Capacita\u00e7\u00e3o em Preceptoria atrav\u00e9s do curso de especializa\u00e7\u00e3o em \u201cPreceptoria e Educa\u00e7\u00e3o na Sa\u00fade\u201d | Encontra Itajub\u00e1","og_description":"Capacita\u00e7\u00e3o em Preceptoria: descubra oportunidades na Afya Itajub\u00e1 agora mesmo!","og_url":"https:\/\/www.encontraminasgerais.com.br\/itajuba\/edital-de-selecao-para-o-programa-institucional-de-capacitacao-em-preceptoria-atraves-do-curso-de-especializacao-em-preceptoria-e-educacao-na-saude\/","og_site_name":"Encontra Itajub\u00e1","article_published_time":"2026-01-29T09:45:43+00:00","og_image":[{"url":"https:\/\/www.encontraminasgerais.com.br\/itajuba\/wp-content\/uploads\/2026\/01\/edital-de-selecao-para-o-programa-institucional-de-capacitacao-em-preceptoria-atraves-do-curso-de-es.webp","type":"","width":"","height":""}],"author":"Encontra Itajub\u00e1","twitter_card":"summary_large_image","twitter_misc":{"Escrito por":"Encontra Itajub\u00e1","Est. tempo de leitura":"4 minutos"},"schema":{"@context":"https:\/\/schema.org","@graph":[{"@type":"WebPage","@id":"https:\/\/www.encontraminasgerais.com.br\/itajuba\/edital-de-selecao-para-o-programa-institucional-de-capacitacao-em-preceptoria-atraves-do-curso-de-especializacao-em-preceptoria-e-educacao-na-saude\/","url":"https:\/\/www.encontraminasgerais.com.br\/itajuba\/edital-de-selecao-para-o-programa-institucional-de-capacitacao-em-preceptoria-atraves-do-curso-de-especializacao-em-preceptoria-e-educacao-na-saude\/","name":"Edital de sele\u00e7\u00e3o para o Programa Institucional de Capacita\u00e7\u00e3o em Preceptoria atrav\u00e9s do curso de especializa\u00e7\u00e3o em \u201cPreceptoria e Educa\u00e7\u00e3o na Sa\u00fade\u201d | Encontra Itajub\u00e1","isPartOf":{"@id":"https:\/\/www.encontraminasgerais.com.br\/itajuba\/#website"},"primaryImageOfPage":{"@id":"https:\/\/www.encontraminasgerais.com.br\/itajuba\/edital-de-selecao-para-o-programa-institucional-de-capacitacao-em-preceptoria-atraves-do-curso-de-especializacao-em-preceptoria-e-educacao-na-saude\/#primaryimage"},"image":{"@id":"https:\/\/www.encontraminasgerais.com.br\/itajuba\/edital-de-selecao-para-o-programa-institucional-de-capacitacao-em-preceptoria-atraves-do-curso-de-especializacao-em-preceptoria-e-educacao-na-saude\/#primaryimage"},"thumbnailUrl":"https:\/\/www.encontraminasgerais.com.br\/itajuba\/wp-content\/uploads\/2026\/01\/edital-de-selecao-para-o-programa-institucional-de-capacitacao-em-preceptoria-atraves-do-curso-de-es.webp","datePublished":"2026-01-29T09:45:43+00:00","author":{"@id":"https:\/\/www.encontraminasgerais.com.br\/itajuba\/#\/schema\/person\/d26674c083ec86b440752843a690de33"},"inLanguage":"pt-BR","potentialAction":[{"@type":"ReadAction","target":["https:\/\/www.encontraminasgerais.com.br\/itajuba\/edital-de-selecao-para-o-programa-institucional-de-capacitacao-em-preceptoria-atraves-do-curso-de-especializacao-em-preceptoria-e-educacao-na-saude\/"]}]},{"@type":"ImageObject","inLanguage":"pt-BR","@id":"https:\/\/www.encontraminasgerais.com.br\/itajuba\/edital-de-selecao-para-o-programa-institucional-de-capacitacao-em-preceptoria-atraves-do-curso-de-especializacao-em-preceptoria-e-educacao-na-saude\/#primaryimage","url":"https:\/\/www.encontraminasgerais.com.br\/itajuba\/wp-content\/uploads\/2026\/01\/edital-de-selecao-para-o-programa-institucional-de-capacitacao-em-preceptoria-atraves-do-curso-de-es.webp","contentUrl":"https:\/\/www.encontraminasgerais.com.br\/itajuba\/wp-content\/uploads\/2026\/01\/edital-de-selecao-para-o-programa-institucional-de-capacitacao-em-preceptoria-atraves-do-curso-de-es.webp","width":280,"height":280,"caption":"Capacita\u00e7\u00e3o em Preceptoria"},{"@type":"WebSite","@id":"https:\/\/www.encontraminasgerais.com.br\/itajuba\/#website","url":"https:\/\/www.encontraminasgerais.com.br\/itajuba\/","name":"Encontra Itajub\u00e1","description":"ENCONTRA ITAJUB\u00c1 - O guia comercial de neg\u00f3cios e empresas, cultura e divers\u00e3o na cidade de Itajub\u00e1. Feito 100% para voc\u00ea morador!","potentialAction":[{"@type":"SearchAction","target":{"@type":"EntryPoint","urlTemplate":"https:\/\/www.encontraminasgerais.com.br\/itajuba\/?s={search_term_string}"},"query-input":{"@type":"PropertyValueSpecification","valueRequired":true,"valueName":"search_term_string"}}],"inLanguage":"pt-BR"},{"@type":"Person","@id":"https:\/\/www.encontraminasgerais.com.br\/itajuba\/#\/schema\/person\/d26674c083ec86b440752843a690de33","name":"Encontra Itajub\u00e1","image":{"@type":"ImageObject","inLanguage":"pt-BR","@id":"https:\/\/www.encontraminasgerais.com.br\/itajuba\/#\/schema\/person\/image\/","url":"https:\/\/secure.gravatar.com\/avatar\/c50c17820bcf322f0a8fd6b110b8c0918141409dc69076470f6fca5fee70a5d4?s=96&d=mm&r=g","contentUrl":"https:\/\/secure.gravatar.com\/avatar\/c50c17820bcf322f0a8fd6b110b8c0918141409dc69076470f6fca5fee70a5d4?s=96&d=mm&r=g","caption":"Encontra Itajub\u00e1"},"url":"https:\/\/www.encontraminasgerais.com.br\/itajuba\/author\/eitajuba\/"}]}},"_links":{"self":[{"href":"https:\/\/www.encontraminasgerais.com.br\/itajuba\/wp-json\/wp\/v2\/posts\/4503","targetHints":{"allow":["GET"]}}],"collection":[{"href":"https:\/\/www.encontraminasgerais.com.br\/itajuba\/wp-json\/wp\/v2\/posts"}],"about":[{"href":"https:\/\/www.encontraminasgerais.com.br\/itajuba\/wp-json\/wp\/v2\/types\/post"}],"author":[{"embeddable":true,"href":"https:\/\/www.encontraminasgerais.com.br\/itajuba\/wp-json\/wp\/v2\/users\/1"}],"replies":[{"embeddable":true,"href":"https:\/\/www.encontraminasgerais.com.br\/itajuba\/wp-json\/wp\/v2\/comments?post=4503"}],"version-history":[{"count":0,"href":"https:\/\/www.encontraminasgerais.com.br\/itajuba\/wp-json\/wp\/v2\/posts\/4503\/revisions"}],"wp:featuredmedia":[{"embeddable":true,"href":"https:\/\/www.encontraminasgerais.com.br\/itajuba\/wp-json\/wp\/v2\/media\/4502"}],"wp:attachment":[{"href":"https:\/\/www.encontraminasgerais.com.br\/itajuba\/wp-json\/wp\/v2\/media?parent=4503"}],"wp:term":[{"taxonomy":"category","embeddable":true,"href":"https:\/\/www.encontraminasgerais.com.br\/itajuba\/wp-json\/wp\/v2\/categories?post=4503"},{"taxonomy":"post_tag","embeddable":true,"href":"https:\/\/www.encontraminasgerais.com.br\/itajuba\/wp-json\/wp\/v2\/tags?post=4503"}],"curies":[{"name":"wp","href":"https:\/\/api.w.org\/{rel}","templated":true}]}}