{"id":4512,"date":"2026-01-31T06:44:43","date_gmt":"2026-01-31T09:44:43","guid":{"rendered":"https:\/\/www.encontraminasgerais.com.br\/itajuba\/sexta\/"},"modified":"2026-01-31T06:44:43","modified_gmt":"2026-01-31T09:44:43","slug":"sexta","status":"publish","type":"post","link":"https:\/\/www.encontraminasgerais.com.br\/itajuba\/sexta\/","title":{"rendered":"Sexta"},"content":{"rendered":"<h2>Impactos das chuvas em Areado<\/h2>\n<p>A cidade de Areado, localizada no Sul de Minas, foi gravemente afetada pelas intensas chuvas que ocorreram na \u00faltima sexta-feira (30). Com um grande volume de \u00e1gua descendo das serras, uma \u00e1rea de drenagem se obstru\u00edu, resultando no desmoronamento do muro de uma resid\u00eancia. Leonardo Gon\u00e7alves, secret\u00e1rio de Obras e Defesa Civil do munic\u00edpio, explicou que a topografia da localidade favoreceu o ac\u00famulo da \u00e1gua, que rapidamente invadiu o terreno, levando \u00e0 queda da estrutura.<\/p>\n<p>As equipes da prefeitura foram mobilizadas rapidamente no dia seguinte para realizar a remo\u00e7\u00e3o de entulho e os labores de reparo. Equipamentos pesados e servidores da Secretaria de Obras foram utilizados para limpar a \u00e1rea e prevenir futuros desastres. A prioridade \u00e9 restaurar a drenagem e evitar que novas chuvas provoquem danos semelhantes.<\/p>\n<h2>Desabastecimento de \u00e1gua em Albertina<\/h2>\n<p>Outra cidade logo ao lado, Albertina, tamb\u00e9m sofreu consequ\u00eancias significativas. As chuvas torrenciais resultaram na contamina\u00e7\u00e3o das minas que abastecem a cidade, obrigando a interrup\u00e7\u00e3o do fornecimento de \u00e1gua. A prefeitura ainda n\u00e3o apresentou um cronograma claro para a normaliza\u00e7\u00e3o do abastecimento, o que tem gerado preocupa\u00e7\u00e3o entre os residentes.<\/p>\n<p><img decoding=\"async\" src=\"https:\/\/www.encontraminasgerais.com.br\/itajuba\/wp-content\/uploads\/2026\/01\/sexta.webp\" alt=\"chuvas intensas no Sul de Minas\" loading=\"lazy\" \/><\/p>\n<p>Al\u00e9m da falta de \u00e1gua, a Estrada do Cristo, uma importante via de acesso, permanece interditada. A gest\u00e3o municipal est\u00e1 avaliando as condi\u00e7\u00f5es da estrada e o impacto na mobilidade local para definir os pr\u00f3ximos passos.<\/p>\n<h2>Eleva\u00e7\u00e3o do n\u00edvel dos rios em Itajub\u00e1<\/h2>\n<p>Em Itajub\u00e1, os dados indicam que o pico das chuvas ocorreu por volta das 4h da manh\u00e3, levando a uma r\u00e1pida eleva\u00e7\u00e3o dos n\u00edveis dos rios e ribeir\u00f5es. As autoridades da Defesa Civil se mobilizaram em resposta ao n\u00edvel cr\u00edtico registrado no Ribeir\u00e3o Anhumas e na \u00c1gua Preta, onde a situa\u00e7\u00e3o foi controlada sem maiores consequ\u00eancias.<\/p>\n<p>Embora os ribeiros tenham atingido o limite de extravasamento, a \u00e1gua escoou sem provocar grandes danos. O monitoramento prossegue, especialmente nas \u00e1reas rurais,onde a situa\u00e7\u00e3o \u00e9 mais delicada, como na Esta\u00e7\u00e3o Borges, que impacta diretamente o fluxo de \u00e1gua do Ribeir\u00e3o Jos\u00e9 Pereira.<\/p>\n<h2>Interdi\u00e7\u00f5es de vias p\u00fablicas na regi\u00e3o<\/h2>\n<p>A forte chuva causou uma s\u00e9rie de interdi\u00e7\u00f5es em diversas vias p\u00fablicas na regi\u00e3o. As autoridades locais estiveram atentas \u00e0s condi\u00e7\u00f5es das estradas e implementaram bloqueios onde necess\u00e1rio para garantir a seguran\u00e7a dos motoristas e cidad\u00e3os. A equipe da Defesa Civil e servidores p\u00fablicos est\u00e3o realizando vistorias regulares para avaliar a integridade das infraestruturas de acesso.<\/p>\n<p>A prefeitura est\u00e1 comunicando aos cidad\u00e3os sobre as interdi\u00e7\u00f5es e sugerindo rotas alternativas para minimizar os transtornos durante a emerg\u00eancia.<\/p>\n<h2>Equipes de emerg\u00eancia atuando nas cidades<\/h2>\n<p>Equipes de emerg\u00eancia, compostas por membros da Defesa Civil, Corpo de Bombeiros e Prefeitura, t\u00eam trabalhado incansavelmente para monitorar e atender \u00e0s ocorr\u00eancias em Areado, Albertina e Itajub\u00e1. Os agentes est\u00e3o equipados para atuar em situa\u00e7\u00f5es de resgate e ajudar na restaura\u00e7\u00e3o dos servi\u00e7os essenciais.<\/p>\n<p>A presen\u00e7a das equipes nas \u00e1reas afetadas proporciona seguran\u00e7a e suporte \u00e0s fam\u00edlias que enfrentam dificuldades. O trabalho conjunto dessas institui\u00e7\u00f5es tem sido crucial para combater os impactos imediatos e minimizar futuros riscos \u00e0 popula\u00e7\u00e3o local.<\/p>\n<h2>A resposta da Defesa Civil local<\/h2>\n<p>A Defesa Civil local tem realizado um papel fundamental nesse contexto. A institui\u00e7\u00e3o n\u00e3o apenas responde aos emerg\u00eancias, mas tamb\u00e9m promove a\u00e7\u00f5es preventivas para educar a popula\u00e7\u00e3o sobre como se proteger em \u00e9pocas de chuva intensa. A informa\u00e7\u00e3o adequadamente disseminada ajuda a aumentar a conscientiza\u00e7\u00e3o sobre os riscos e os procedimentos a serem seguidos.<\/p>\n<p>Al\u00e9m disso, o monitoramento constante do clima e do n\u00edvel dos rios \u00e9 uma t\u00e9cnica aplicada pelas equipes para proporcionar previs\u00f5es mais precisas e alertar os cidad\u00e3os sobre os perigos iminentes.<\/p>\n<h2>Hist\u00f3rico de chuvas no Sul de Minas<\/h2>\n<p>Historicamente, a regi\u00e3o Sul de Minas \u00e9 conhecida por suas chuvas intensas, especialmente durante os meses de ver\u00e3o. Essas chuvas s\u00e3o esperadas e frequentemente trazem tanto benef\u00edcios, como a irriga\u00e7\u00e3o das planta\u00e7\u00f5es, quanto riscos, incluindo deslizamentos de terra e inunda\u00e7\u00f5es.<\/p>\n<p>As mudan\u00e7as clim\u00e1ticas t\u00eam exacerbado a frequ\u00eancia e a intensidade das chuvas, tornando cada evento clim\u00e1tico ainda mais imprevis\u00edvel. Em resposta, as autoridades t\u00eam refor\u00e7ado a necessidade de investimentos em infraestrutura de drenagem e em sistemas de alerta.<\/p>\n<h2>Medidas preventivas para futuras chuvas intensas<\/h2>\n<p>Diante da previs\u00e3o de chuvas intensas no futuro, v\u00e1rias medidas est\u00e3o sendo consideradas e implementadas pelas prefeituras da regi\u00e3o. Entre as a\u00e7\u00f5es planejadas incluem a reestrutura\u00e7\u00e3o e amplia\u00e7\u00e3o da rede de drenagem, al\u00e9m de a cria\u00e7\u00e3o de bols\u00f5es de conten\u00e7\u00e3o de \u00e1gua que ajudem a evitar o ac\u00famulo nas \u00e1reas urbanas.<\/p>\n<p>O controle da vegeta\u00e7\u00e3o e a conserva\u00e7\u00e3o do solo nas \u00e1reas montanhosas s\u00e3o partes essenciais do planejamento para mitigar os deslizamentos, garantindo que a \u00e1gua escoe adequadamente sem causar danos.<\/p>\n<h2>Testemunhos de moradores afetados<\/h2>\n<p>Moradores locais t\u00eam compartilhado suas experi\u00eancias vividas durante as chuvas. Muitos relatam a preocupa\u00e7\u00e3o constante com a seguran\u00e7a de suas casas e com a possibilidade de alagamentos. &#8220;A cada chuva forte, ficamos apreensivos, sempre esperando o pior&#8221;, comentou um residente de Areado.<\/p>\n<p>Al\u00e9m das preocupa\u00e7\u00f5es com a estrutura de suas resid\u00eancias, h\u00e1 tamb\u00e9m um sentimento de solidariedade entre os moradores, que se unem para ajudar aqueles que foram mais afetados pelos eventos clim\u00e1ticos. A troca de apoio e ajuda m\u00fatua \u00e9 um ponto de esperan\u00e7a em meio \u00e0s dificuldades.<\/p>\n<h2>A import\u00e2ncia do monitoramento meteorol\u00f3gico<\/h2>\n<p>O monitoramento meteorol\u00f3gico tem se mostrado vital durante esse per\u00edodo de chuvas intensas. Com dados precisos sobre as previs\u00f5es clim\u00e1ticas, as autoridades conseguem n\u00e3o apenas se preparar melhor, mas tamb\u00e9m oferecer informa\u00e7\u00f5es relevantes \u00e0 popula\u00e7\u00e3o.<\/p>\n<p>A utiliza\u00e7\u00e3o de tecnologia para captar dados clim\u00e1ticos \u00e9 uma ferramenta conveniente para a Defesa Civil e prefeituras. Essa tecnologia permite o acesso em tempo real ao comportamento do clima, ajudando na tomada de decis\u00f5es para garantir a seguran\u00e7a da popula\u00e7\u00e3o.<\/p>\n","protected":false},"excerpt":{"rendered":"<p>Chuvas intensas no Sul de Minas causam danos e transtornos em v\u00e1rias cidades.<\/p>\n","protected":false},"author":1,"featured_media":4511,"comment_status":"open","ping_status":"open","sticky":false,"template":"","format":"standard","meta":{"footnotes":""},"categories":[5],"tags":[],"class_list":["post-4512","post","type-post","status-publish","format-standard","has-post-thumbnail","hentry","category-noticias","has_thumb"],"yoast_head":"<!-- This site is optimized with the Yoast SEO plugin v26.3 - https:\/\/yoast.com\/wordpress\/plugins\/seo\/ -->\n<title>Sexta | Encontra Itajub\u00e1<\/title>\n<meta name=\"robots\" content=\"index, follow, max-snippet:-1, max-image-preview:large, max-video-preview:-1\" \/>\n<link rel=\"canonical\" href=\"https:\/\/www.encontraminasgerais.com.br\/itajuba\/sexta\/\" \/>\n<meta property=\"og:locale\" content=\"pt_BR\" \/>\n<meta property=\"og:type\" content=\"article\" \/>\n<meta property=\"og:title\" content=\"Sexta | Encontra Itajub\u00e1\" \/>\n<meta property=\"og:description\" content=\"Chuvas intensas no Sul de Minas causam danos e transtornos em v\u00e1rias cidades.\" \/>\n<meta property=\"og:url\" content=\"https:\/\/www.encontraminasgerais.com.br\/itajuba\/sexta\/\" \/>\n<meta property=\"og:site_name\" content=\"Encontra Itajub\u00e1\" \/>\n<meta property=\"article:published_time\" content=\"2026-01-31T09:44:43+00:00\" \/>\n<meta property=\"og:image\" content=\"https:\/\/www.encontraminasgerais.com.br\/itajuba\/wp-content\/uploads\/2026\/01\/sexta.webp\" \/>\n<meta name=\"author\" content=\"Encontra Itajub\u00e1\" \/>\n<meta name=\"twitter:card\" content=\"summary_large_image\" \/>\n<meta name=\"twitter:label1\" content=\"Escrito por\" \/>\n\t<meta name=\"twitter:data1\" content=\"Encontra Itajub\u00e1\" \/>\n\t<meta name=\"twitter:label2\" content=\"Est. tempo de leitura\" \/>\n\t<meta name=\"twitter:data2\" content=\"5 minutos\" \/>\n<script type=\"application\/ld+json\" class=\"yoast-schema-graph\">{\"@context\":\"https:\/\/schema.org\",\"@graph\":[{\"@type\":\"WebPage\",\"@id\":\"https:\/\/www.encontraminasgerais.com.br\/itajuba\/sexta\/\",\"url\":\"https:\/\/www.encontraminasgerais.com.br\/itajuba\/sexta\/\",\"name\":\"Sexta | Encontra Itajub\u00e1\",\"isPartOf\":{\"@id\":\"https:\/\/www.encontraminasgerais.com.br\/itajuba\/#website\"},\"primaryImageOfPage\":{\"@id\":\"https:\/\/www.encontraminasgerais.com.br\/itajuba\/sexta\/#primaryimage\"},\"image\":{\"@id\":\"https:\/\/www.encontraminasgerais.com.br\/itajuba\/sexta\/#primaryimage\"},\"thumbnailUrl\":\"https:\/\/www.encontraminasgerais.com.br\/itajuba\/wp-content\/uploads\/2026\/01\/sexta.webp\",\"datePublished\":\"2026-01-31T09:44:43+00:00\",\"author\":{\"@id\":\"https:\/\/www.encontraminasgerais.com.br\/itajuba\/#\/schema\/person\/d26674c083ec86b440752843a690de33\"},\"inLanguage\":\"pt-BR\",\"potentialAction\":[{\"@type\":\"ReadAction\",\"target\":[\"https:\/\/www.encontraminasgerais.com.br\/itajuba\/sexta\/\"]}]},{\"@type\":\"ImageObject\",\"inLanguage\":\"pt-BR\",\"@id\":\"https:\/\/www.encontraminasgerais.com.br\/itajuba\/sexta\/#primaryimage\",\"url\":\"https:\/\/www.encontraminasgerais.com.br\/itajuba\/wp-content\/uploads\/2026\/01\/sexta.webp\",\"contentUrl\":\"https:\/\/www.encontraminasgerais.com.br\/itajuba\/wp-content\/uploads\/2026\/01\/sexta.webp\",\"width\":280,\"height\":280,\"caption\":\"chuvas intensas no Sul de Minas\"},{\"@type\":\"WebSite\",\"@id\":\"https:\/\/www.encontraminasgerais.com.br\/itajuba\/#website\",\"url\":\"https:\/\/www.encontraminasgerais.com.br\/itajuba\/\",\"name\":\"Encontra Itajub\u00e1\",\"description\":\"ENCONTRA ITAJUB\u00c1 - O guia comercial de neg\u00f3cios e empresas, cultura e divers\u00e3o na cidade de Itajub\u00e1. Feito 100% para voc\u00ea morador!\",\"potentialAction\":[{\"@type\":\"SearchAction\",\"target\":{\"@type\":\"EntryPoint\",\"urlTemplate\":\"https:\/\/www.encontraminasgerais.com.br\/itajuba\/?s={search_term_string}\"},\"query-input\":{\"@type\":\"PropertyValueSpecification\",\"valueRequired\":true,\"valueName\":\"search_term_string\"}}],\"inLanguage\":\"pt-BR\"},{\"@type\":\"Person\",\"@id\":\"https:\/\/www.encontraminasgerais.com.br\/itajuba\/#\/schema\/person\/d26674c083ec86b440752843a690de33\",\"name\":\"Encontra Itajub\u00e1\",\"image\":{\"@type\":\"ImageObject\",\"inLanguage\":\"pt-BR\",\"@id\":\"https:\/\/www.encontraminasgerais.com.br\/itajuba\/#\/schema\/person\/image\/\",\"url\":\"https:\/\/secure.gravatar.com\/avatar\/c50c17820bcf322f0a8fd6b110b8c0918141409dc69076470f6fca5fee70a5d4?s=96&d=mm&r=g\",\"contentUrl\":\"https:\/\/secure.gravatar.com\/avatar\/c50c17820bcf322f0a8fd6b110b8c0918141409dc69076470f6fca5fee70a5d4?s=96&d=mm&r=g\",\"caption\":\"Encontra Itajub\u00e1\"},\"url\":\"https:\/\/www.encontraminasgerais.com.br\/itajuba\/author\/eitajuba\/\"}]}<\/script>\n<!-- \/ Yoast SEO plugin. -->","yoast_head_json":{"title":"Sexta | Encontra Itajub\u00e1","robots":{"index":"index","follow":"follow","max-snippet":"max-snippet:-1","max-image-preview":"max-image-preview:large","max-video-preview":"max-video-preview:-1"},"canonical":"https:\/\/www.encontraminasgerais.com.br\/itajuba\/sexta\/","og_locale":"pt_BR","og_type":"article","og_title":"Sexta | Encontra Itajub\u00e1","og_description":"Chuvas intensas no Sul de Minas causam danos e transtornos em v\u00e1rias cidades.","og_url":"https:\/\/www.encontraminasgerais.com.br\/itajuba\/sexta\/","og_site_name":"Encontra Itajub\u00e1","article_published_time":"2026-01-31T09:44:43+00:00","og_image":[{"url":"https:\/\/www.encontraminasgerais.com.br\/itajuba\/wp-content\/uploads\/2026\/01\/sexta.webp","type":"","width":"","height":""}],"author":"Encontra Itajub\u00e1","twitter_card":"summary_large_image","twitter_misc":{"Escrito por":"Encontra Itajub\u00e1","Est. tempo de leitura":"5 minutos"},"schema":{"@context":"https:\/\/schema.org","@graph":[{"@type":"WebPage","@id":"https:\/\/www.encontraminasgerais.com.br\/itajuba\/sexta\/","url":"https:\/\/www.encontraminasgerais.com.br\/itajuba\/sexta\/","name":"Sexta | Encontra Itajub\u00e1","isPartOf":{"@id":"https:\/\/www.encontraminasgerais.com.br\/itajuba\/#website"},"primaryImageOfPage":{"@id":"https:\/\/www.encontraminasgerais.com.br\/itajuba\/sexta\/#primaryimage"},"image":{"@id":"https:\/\/www.encontraminasgerais.com.br\/itajuba\/sexta\/#primaryimage"},"thumbnailUrl":"https:\/\/www.encontraminasgerais.com.br\/itajuba\/wp-content\/uploads\/2026\/01\/sexta.webp","datePublished":"2026-01-31T09:44:43+00:00","author":{"@id":"https:\/\/www.encontraminasgerais.com.br\/itajuba\/#\/schema\/person\/d26674c083ec86b440752843a690de33"},"inLanguage":"pt-BR","potentialAction":[{"@type":"ReadAction","target":["https:\/\/www.encontraminasgerais.com.br\/itajuba\/sexta\/"]}]},{"@type":"ImageObject","inLanguage":"pt-BR","@id":"https:\/\/www.encontraminasgerais.com.br\/itajuba\/sexta\/#primaryimage","url":"https:\/\/www.encontraminasgerais.com.br\/itajuba\/wp-content\/uploads\/2026\/01\/sexta.webp","contentUrl":"https:\/\/www.encontraminasgerais.com.br\/itajuba\/wp-content\/uploads\/2026\/01\/sexta.webp","width":280,"height":280,"caption":"chuvas intensas no Sul de Minas"},{"@type":"WebSite","@id":"https:\/\/www.encontraminasgerais.com.br\/itajuba\/#website","url":"https:\/\/www.encontraminasgerais.com.br\/itajuba\/","name":"Encontra Itajub\u00e1","description":"ENCONTRA ITAJUB\u00c1 - O guia comercial de neg\u00f3cios e empresas, cultura e divers\u00e3o na cidade de Itajub\u00e1. Feito 100% para voc\u00ea morador!","potentialAction":[{"@type":"SearchAction","target":{"@type":"EntryPoint","urlTemplate":"https:\/\/www.encontraminasgerais.com.br\/itajuba\/?s={search_term_string}"},"query-input":{"@type":"PropertyValueSpecification","valueRequired":true,"valueName":"search_term_string"}}],"inLanguage":"pt-BR"},{"@type":"Person","@id":"https:\/\/www.encontraminasgerais.com.br\/itajuba\/#\/schema\/person\/d26674c083ec86b440752843a690de33","name":"Encontra Itajub\u00e1","image":{"@type":"ImageObject","inLanguage":"pt-BR","@id":"https:\/\/www.encontraminasgerais.com.br\/itajuba\/#\/schema\/person\/image\/","url":"https:\/\/secure.gravatar.com\/avatar\/c50c17820bcf322f0a8fd6b110b8c0918141409dc69076470f6fca5fee70a5d4?s=96&d=mm&r=g","contentUrl":"https:\/\/secure.gravatar.com\/avatar\/c50c17820bcf322f0a8fd6b110b8c0918141409dc69076470f6fca5fee70a5d4?s=96&d=mm&r=g","caption":"Encontra Itajub\u00e1"},"url":"https:\/\/www.encontraminasgerais.com.br\/itajuba\/author\/eitajuba\/"}]}},"_links":{"self":[{"href":"https:\/\/www.encontraminasgerais.com.br\/itajuba\/wp-json\/wp\/v2\/posts\/4512","targetHints":{"allow":["GET"]}}],"collection":[{"href":"https:\/\/www.encontraminasgerais.com.br\/itajuba\/wp-json\/wp\/v2\/posts"}],"about":[{"href":"https:\/\/www.encontraminasgerais.com.br\/itajuba\/wp-json\/wp\/v2\/types\/post"}],"author":[{"embeddable":true,"href":"https:\/\/www.encontraminasgerais.com.br\/itajuba\/wp-json\/wp\/v2\/users\/1"}],"replies":[{"embeddable":true,"href":"https:\/\/www.encontraminasgerais.com.br\/itajuba\/wp-json\/wp\/v2\/comments?post=4512"}],"version-history":[{"count":0,"href":"https:\/\/www.encontraminasgerais.com.br\/itajuba\/wp-json\/wp\/v2\/posts\/4512\/revisions"}],"wp:featuredmedia":[{"embeddable":true,"href":"https:\/\/www.encontraminasgerais.com.br\/itajuba\/wp-json\/wp\/v2\/media\/4511"}],"wp:attachment":[{"href":"https:\/\/www.encontraminasgerais.com.br\/itajuba\/wp-json\/wp\/v2\/media?parent=4512"}],"wp:term":[{"taxonomy":"category","embeddable":true,"href":"https:\/\/www.encontraminasgerais.com.br\/itajuba\/wp-json\/wp\/v2\/categories?post=4512"},{"taxonomy":"post_tag","embeddable":true,"href":"https:\/\/www.encontraminasgerais.com.br\/itajuba\/wp-json\/wp\/v2\/tags?post=4512"}],"curies":[{"name":"wp","href":"https:\/\/api.w.org\/{rel}","templated":true}]}}