{"id":4522,"date":"2026-02-01T06:50:03","date_gmt":"2026-02-01T09:50:03","guid":{"rendered":"https:\/\/www.encontraminasgerais.com.br\/itajuba\/videos-bom-dia-cidade-sul-de-minas-de-sexta\/"},"modified":"2026-02-01T06:50:03","modified_gmt":"2026-02-01T09:50:03","slug":"videos-bom-dia-cidade-sul-de-minas-de-sexta","status":"publish","type":"post","link":"https:\/\/www.encontraminasgerais.com.br\/itajuba\/videos-bom-dia-cidade-sul-de-minas-de-sexta\/","title":{"rendered":"V\u00cdDEOS: Bom Dia Cidade Sul de Minas de sexta"},"content":{"rendered":"<h2>Pous\u00e3o enfrenta o Atl\u00e9tico-MG no Manduz\u00e3o: Grande Expectativa de Casa Cheia<\/h2>\n<p>O Pouso Alegre vai receber o Atl\u00e9tico-MG em um jogo muito aguardado no est\u00e1dio Manduz\u00e3o. Com a expectativa de um p\u00fablico lotado, a partida promete ser emocionante para os torcedores. Os f\u00e3s est\u00e3o ansiosos para ver seu time entrar em campo contra um dos maiores clubes do Brasil, gerando muita expectativa de um espet\u00e1culo \u00e0 parte. Para os jogadores, ser\u00e1 uma oportunidade valiosa de demonstrar seu talento diante de um grande p\u00fablico e jogar com a press\u00e3o de enfrentar um advers\u00e1rio tradicional.<\/p>\n<h2>Altera\u00e7\u00f5es no Transporte P\u00fablico de Po\u00e7os de Caldas a Partir de Fevereiro<\/h2>\n<p>A cidade de Po\u00e7os de Caldas implementar\u00e1 mudan\u00e7as significativas em seu sistema de transporte p\u00fablico a partir do pr\u00f3ximo m\u00eas. As altera\u00e7\u00f5es visam melhorar a efici\u00eancia e a acessibilidade do servi\u00e7o para a popula\u00e7\u00e3o. Detalhes sobre novas linhas, hor\u00e1rios e tarifas est\u00e3o sendo disponibilizados aos cidad\u00e3os para que todos possam se adaptar \u00e0s mudan\u00e7as e aproveit\u00e1-las para facilitar o deslocamento pelo munic\u00edpio.<\/p>\n<h2>Trag\u00e9dia na MG-350: Acidente Fatal Envolve Motociclista e Carreta<\/h2>\n<p>Um tr\u00e1gico acidente ocorrido na MG-350 resultou na morte de um motociclista. O incidente envolveu uma colis\u00e3o com uma carreta e aconteceu na manh\u00e3 de ontem, entre as cidades de Delfim Moreira e Itajub\u00e1. Os detalhes do acidente ainda est\u00e3o sendo investigados pelas autoridades, que buscam apurar as circunst\u00e2ncias que levaram a essa fatalidade. A comunidade local est\u00e1 em luto pela perda do jovem e as autoridades refor\u00e7am a necessidade de aten\u00e7\u00e3o redobrada nas estradas.<\/p>\n<p><img decoding=\"async\" src=\"https:\/\/www.encontraminasgerais.com.br\/itajuba\/wp-content\/uploads\/2026\/02\/videos-bom-dia-cidade-sul-de-minas-de-sexta.webp\" alt=\"V\u00cdDEOS Bom Dia Cidade Sul de Minas\" loading=\"lazy\" \/><\/p>\n<h2>Vel\u00f3rio de Homem Morto a Tiros em Andradas: Investiga\u00e7\u00e3o em Andamento<\/h2>\n<p>O vel\u00f3rio de um homem v\u00edtima de homic\u00eddio em Andradas atraiu a aten\u00e7\u00e3o da popula\u00e7\u00e3o, j\u00e1 que o crime ainda \u00e9 objeto de investiga\u00e7\u00e3o pelas autoridades locais. Detalhes sobre o ocorrido est\u00e3o sendo analisados pelas for\u00e7as de seguran\u00e7a, que tentam entender os motivos por tr\u00e1s da brutalidade e localizar os respons\u00e1veis. A expectativa \u00e9 de que um desfecho ocorra em breve para que a justi\u00e7a seja feita e a paz retorne \u00e0 comunidade.<\/p>\n<h2>Oportunidades de Emprego: Mais de 300 Vagas Dispon\u00edveis nos Sines do Sul de Minas<\/h2>\n<p>Os Sines da regi\u00e3o Sul de Minas est\u00e3o oferecendo uma excelente oportunidade para quem busca emprego, com mais de 300 vagas abertas nesta semana. As oportunidades abrangem diferentes setores e s\u00e3o voltadas para diversos perfis profissionais. Quem est\u00e1 em busca de uma nova posi\u00e7\u00e3o no mercado de trabalho deve ficar atento \u00e0s informa\u00e7\u00f5es fornecidas pelos Sines, que disponibilizam servi\u00e7os de orienta\u00e7\u00e3o e aux\u00edlio para cadastro e encaminhamento aos postos de trabalho.<\/p>\n<h2>Opera\u00e7\u00e3o da Receita Federal: Apreens\u00e3o de Canetas Ilegais em Minas Gerais<\/h2>\n<p>Uma a\u00e7\u00e3o da Receita Federal resultou na apreens\u00e3o de 1.400 canetas emagrecedoras ilegais em Minas Gerais. Esses produtos eram comercializados de maneira irregular, trazendo riscos \u00e0 sa\u00fade de quem os utilizava. A opera\u00e7\u00e3o visa combater a venda de itens que n\u00e3o t\u00eam a aprova\u00e7\u00e3o da Ag\u00eancia Nacional de Vigil\u00e2ncia Sanit\u00e1ria (ANVISA), colocando em risco a sa\u00fade p\u00fablica. A Receita Federal refor\u00e7a seu compromisso em proteger a sa\u00fade da popula\u00e7\u00e3o e pede que den\u00fancias sobre pr\u00e1ticas ilegais sejam encaminhadas \u00e0s autoridades competentes.<\/p>\n<h2>UEMG em Passos Oferece Testes R\u00e1pidos Gratuitos de ISTs<\/h2>\n<p>O ambulat\u00f3rio da Universidade do Estado de Minas Gerais (UEMG) em Passos est\u00e1 realizando testes r\u00e1pidos e gratuitos para Infec\u00e7\u00f5es Sexualmente Transmiss\u00edveis (ISTs). Este \u00e9 um servi\u00e7o importante para a comunidade, visando oferecer diagn\u00f3stico e promover a sa\u00fade sexual. A iniciativa busca conscientizar a popula\u00e7\u00e3o sobre a preven\u00e7\u00e3o e tratamento de ISTs, e os participantes s\u00e3o incentivados a buscarem informa\u00e7\u00f5es sobre sa\u00fade sexual e a realizarem os testes sem preconceitos.<\/p>\n<h2>Ciclone Extratropical Provoca Chuva Intensa e Tempo Inst\u00e1vel no Sul de Minas<\/h2>\n<p>Um ciclone extratropical impactou a regi\u00e3o do Sul de Minas, provocando chuvas fortes e um clima inst\u00e1vel. As autoridades locais est\u00e3o monitorando a situa\u00e7\u00e3o e alertam a popula\u00e7\u00e3o sobre os cuidados necess\u00e1rios durante esse per\u00edodo de intemp\u00e9ries. \u00c9 recomendado que os moradores evitem \u00e1reas vulner\u00e1veis a alagamentos e estejam atentos \u00e0s previs\u00f5es meteorol\u00f3gicas para se protegerem adequadamente.<\/p>\n<h2>Inunda\u00e7\u00e3o em Lumin\u00e1rias: Moradora Busca Abrigo no Telhado<\/h2>\n<p>Os efeitos da chuva forte foram severos em Lumin\u00e1rias, onde uma resid\u00eancia foi invadida pela \u00e1gua. Uma moradora teve que se refugiar em seu telhado para escapar das enchentes. Este caso exemplar destaca a necessidade de planejar estrat\u00e9gias de preven\u00e7\u00e3o para minimizar os danos causados por fen\u00f4menos clim\u00e1ticos. Os moradores da regi\u00e3o devem estar informados e preparados para situa\u00e7\u00f5es semelhantes futuras.<\/p>\n","protected":false},"excerpt":{"rendered":"<p>V\u00cdDEOS mais recentes do Bom Dia Cidade Sul de Minas, 30 de janeiro de 2026.<\/p>\n","protected":false},"author":1,"featured_media":4521,"comment_status":"open","ping_status":"open","sticky":false,"template":"","format":"standard","meta":{"footnotes":""},"categories":[5],"tags":[],"class_list":["post-4522","post","type-post","status-publish","format-standard","has-post-thumbnail","hentry","category-noticias","has_thumb"],"yoast_head":"<!-- This site is optimized with the Yoast SEO plugin v26.3 - https:\/\/yoast.com\/wordpress\/plugins\/seo\/ -->\n<title>V\u00cdDEOS: Bom Dia Cidade Sul de Minas de sexta | Encontra Itajub\u00e1<\/title>\n<meta name=\"robots\" content=\"index, follow, max-snippet:-1, max-image-preview:large, max-video-preview:-1\" \/>\n<link rel=\"canonical\" href=\"https:\/\/www.encontraminasgerais.com.br\/itajuba\/videos-bom-dia-cidade-sul-de-minas-de-sexta\/\" \/>\n<meta property=\"og:locale\" content=\"pt_BR\" \/>\n<meta property=\"og:type\" content=\"article\" \/>\n<meta property=\"og:title\" content=\"V\u00cdDEOS: Bom Dia Cidade Sul de Minas de sexta | Encontra Itajub\u00e1\" \/>\n<meta property=\"og:description\" content=\"V\u00cdDEOS mais recentes do Bom Dia Cidade Sul de Minas, 30 de janeiro de 2026.\" \/>\n<meta property=\"og:url\" content=\"https:\/\/www.encontraminasgerais.com.br\/itajuba\/videos-bom-dia-cidade-sul-de-minas-de-sexta\/\" \/>\n<meta property=\"og:site_name\" content=\"Encontra Itajub\u00e1\" \/>\n<meta property=\"article:published_time\" content=\"2026-02-01T09:50:03+00:00\" \/>\n<meta property=\"og:image\" content=\"https:\/\/www.encontraminasgerais.com.br\/itajuba\/wp-content\/uploads\/2026\/02\/videos-bom-dia-cidade-sul-de-minas-de-sexta.webp\" \/>\n<meta name=\"author\" content=\"Encontra Itajub\u00e1\" \/>\n<meta name=\"twitter:card\" content=\"summary_large_image\" \/>\n<meta name=\"twitter:label1\" content=\"Escrito por\" \/>\n\t<meta name=\"twitter:data1\" content=\"Encontra Itajub\u00e1\" \/>\n\t<meta name=\"twitter:label2\" content=\"Est. tempo de leitura\" \/>\n\t<meta name=\"twitter:data2\" content=\"4 minutos\" \/>\n<script type=\"application\/ld+json\" class=\"yoast-schema-graph\">{\"@context\":\"https:\/\/schema.org\",\"@graph\":[{\"@type\":\"WebPage\",\"@id\":\"https:\/\/www.encontraminasgerais.com.br\/itajuba\/videos-bom-dia-cidade-sul-de-minas-de-sexta\/\",\"url\":\"https:\/\/www.encontraminasgerais.com.br\/itajuba\/videos-bom-dia-cidade-sul-de-minas-de-sexta\/\",\"name\":\"V\u00cdDEOS: Bom Dia Cidade Sul de Minas de sexta | Encontra Itajub\u00e1\",\"isPartOf\":{\"@id\":\"https:\/\/www.encontraminasgerais.com.br\/itajuba\/#website\"},\"primaryImageOfPage\":{\"@id\":\"https:\/\/www.encontraminasgerais.com.br\/itajuba\/videos-bom-dia-cidade-sul-de-minas-de-sexta\/#primaryimage\"},\"image\":{\"@id\":\"https:\/\/www.encontraminasgerais.com.br\/itajuba\/videos-bom-dia-cidade-sul-de-minas-de-sexta\/#primaryimage\"},\"thumbnailUrl\":\"https:\/\/www.encontraminasgerais.com.br\/itajuba\/wp-content\/uploads\/2026\/02\/videos-bom-dia-cidade-sul-de-minas-de-sexta.webp\",\"datePublished\":\"2026-02-01T09:50:03+00:00\",\"author\":{\"@id\":\"https:\/\/www.encontraminasgerais.com.br\/itajuba\/#\/schema\/person\/d26674c083ec86b440752843a690de33\"},\"inLanguage\":\"pt-BR\",\"potentialAction\":[{\"@type\":\"ReadAction\",\"target\":[\"https:\/\/www.encontraminasgerais.com.br\/itajuba\/videos-bom-dia-cidade-sul-de-minas-de-sexta\/\"]}]},{\"@type\":\"ImageObject\",\"inLanguage\":\"pt-BR\",\"@id\":\"https:\/\/www.encontraminasgerais.com.br\/itajuba\/videos-bom-dia-cidade-sul-de-minas-de-sexta\/#primaryimage\",\"url\":\"https:\/\/www.encontraminasgerais.com.br\/itajuba\/wp-content\/uploads\/2026\/02\/videos-bom-dia-cidade-sul-de-minas-de-sexta.webp\",\"contentUrl\":\"https:\/\/www.encontraminasgerais.com.br\/itajuba\/wp-content\/uploads\/2026\/02\/videos-bom-dia-cidade-sul-de-minas-de-sexta.webp\",\"width\":280,\"height\":280,\"caption\":\"V\u00cdDEOS Bom Dia Cidade Sul de Minas\"},{\"@type\":\"WebSite\",\"@id\":\"https:\/\/www.encontraminasgerais.com.br\/itajuba\/#website\",\"url\":\"https:\/\/www.encontraminasgerais.com.br\/itajuba\/\",\"name\":\"Encontra Itajub\u00e1\",\"description\":\"ENCONTRA ITAJUB\u00c1 - O guia comercial de neg\u00f3cios e empresas, cultura e divers\u00e3o na cidade de Itajub\u00e1. Feito 100% para voc\u00ea morador!\",\"potentialAction\":[{\"@type\":\"SearchAction\",\"target\":{\"@type\":\"EntryPoint\",\"urlTemplate\":\"https:\/\/www.encontraminasgerais.com.br\/itajuba\/?s={search_term_string}\"},\"query-input\":{\"@type\":\"PropertyValueSpecification\",\"valueRequired\":true,\"valueName\":\"search_term_string\"}}],\"inLanguage\":\"pt-BR\"},{\"@type\":\"Person\",\"@id\":\"https:\/\/www.encontraminasgerais.com.br\/itajuba\/#\/schema\/person\/d26674c083ec86b440752843a690de33\",\"name\":\"Encontra Itajub\u00e1\",\"image\":{\"@type\":\"ImageObject\",\"inLanguage\":\"pt-BR\",\"@id\":\"https:\/\/www.encontraminasgerais.com.br\/itajuba\/#\/schema\/person\/image\/\",\"url\":\"https:\/\/secure.gravatar.com\/avatar\/c50c17820bcf322f0a8fd6b110b8c0918141409dc69076470f6fca5fee70a5d4?s=96&d=mm&r=g\",\"contentUrl\":\"https:\/\/secure.gravatar.com\/avatar\/c50c17820bcf322f0a8fd6b110b8c0918141409dc69076470f6fca5fee70a5d4?s=96&d=mm&r=g\",\"caption\":\"Encontra Itajub\u00e1\"},\"url\":\"https:\/\/www.encontraminasgerais.com.br\/itajuba\/author\/eitajuba\/\"}]}<\/script>\n<!-- \/ Yoast SEO plugin. -->","yoast_head_json":{"title":"V\u00cdDEOS: Bom Dia Cidade Sul de Minas de sexta | Encontra Itajub\u00e1","robots":{"index":"index","follow":"follow","max-snippet":"max-snippet:-1","max-image-preview":"max-image-preview:large","max-video-preview":"max-video-preview:-1"},"canonical":"https:\/\/www.encontraminasgerais.com.br\/itajuba\/videos-bom-dia-cidade-sul-de-minas-de-sexta\/","og_locale":"pt_BR","og_type":"article","og_title":"V\u00cdDEOS: Bom Dia Cidade Sul de Minas de sexta | Encontra Itajub\u00e1","og_description":"V\u00cdDEOS mais recentes do Bom Dia Cidade Sul de Minas, 30 de janeiro de 2026.","og_url":"https:\/\/www.encontraminasgerais.com.br\/itajuba\/videos-bom-dia-cidade-sul-de-minas-de-sexta\/","og_site_name":"Encontra Itajub\u00e1","article_published_time":"2026-02-01T09:50:03+00:00","og_image":[{"url":"https:\/\/www.encontraminasgerais.com.br\/itajuba\/wp-content\/uploads\/2026\/02\/videos-bom-dia-cidade-sul-de-minas-de-sexta.webp","type":"","width":"","height":""}],"author":"Encontra Itajub\u00e1","twitter_card":"summary_large_image","twitter_misc":{"Escrito por":"Encontra Itajub\u00e1","Est. tempo de leitura":"4 minutos"},"schema":{"@context":"https:\/\/schema.org","@graph":[{"@type":"WebPage","@id":"https:\/\/www.encontraminasgerais.com.br\/itajuba\/videos-bom-dia-cidade-sul-de-minas-de-sexta\/","url":"https:\/\/www.encontraminasgerais.com.br\/itajuba\/videos-bom-dia-cidade-sul-de-minas-de-sexta\/","name":"V\u00cdDEOS: Bom Dia Cidade Sul de Minas de sexta | Encontra Itajub\u00e1","isPartOf":{"@id":"https:\/\/www.encontraminasgerais.com.br\/itajuba\/#website"},"primaryImageOfPage":{"@id":"https:\/\/www.encontraminasgerais.com.br\/itajuba\/videos-bom-dia-cidade-sul-de-minas-de-sexta\/#primaryimage"},"image":{"@id":"https:\/\/www.encontraminasgerais.com.br\/itajuba\/videos-bom-dia-cidade-sul-de-minas-de-sexta\/#primaryimage"},"thumbnailUrl":"https:\/\/www.encontraminasgerais.com.br\/itajuba\/wp-content\/uploads\/2026\/02\/videos-bom-dia-cidade-sul-de-minas-de-sexta.webp","datePublished":"2026-02-01T09:50:03+00:00","author":{"@id":"https:\/\/www.encontraminasgerais.com.br\/itajuba\/#\/schema\/person\/d26674c083ec86b440752843a690de33"},"inLanguage":"pt-BR","potentialAction":[{"@type":"ReadAction","target":["https:\/\/www.encontraminasgerais.com.br\/itajuba\/videos-bom-dia-cidade-sul-de-minas-de-sexta\/"]}]},{"@type":"ImageObject","inLanguage":"pt-BR","@id":"https:\/\/www.encontraminasgerais.com.br\/itajuba\/videos-bom-dia-cidade-sul-de-minas-de-sexta\/#primaryimage","url":"https:\/\/www.encontraminasgerais.com.br\/itajuba\/wp-content\/uploads\/2026\/02\/videos-bom-dia-cidade-sul-de-minas-de-sexta.webp","contentUrl":"https:\/\/www.encontraminasgerais.com.br\/itajuba\/wp-content\/uploads\/2026\/02\/videos-bom-dia-cidade-sul-de-minas-de-sexta.webp","width":280,"height":280,"caption":"V\u00cdDEOS Bom Dia Cidade Sul de Minas"},{"@type":"WebSite","@id":"https:\/\/www.encontraminasgerais.com.br\/itajuba\/#website","url":"https:\/\/www.encontraminasgerais.com.br\/itajuba\/","name":"Encontra Itajub\u00e1","description":"ENCONTRA ITAJUB\u00c1 - O guia comercial de neg\u00f3cios e empresas, cultura e divers\u00e3o na cidade de Itajub\u00e1. Feito 100% para voc\u00ea morador!","potentialAction":[{"@type":"SearchAction","target":{"@type":"EntryPoint","urlTemplate":"https:\/\/www.encontraminasgerais.com.br\/itajuba\/?s={search_term_string}"},"query-input":{"@type":"PropertyValueSpecification","valueRequired":true,"valueName":"search_term_string"}}],"inLanguage":"pt-BR"},{"@type":"Person","@id":"https:\/\/www.encontraminasgerais.com.br\/itajuba\/#\/schema\/person\/d26674c083ec86b440752843a690de33","name":"Encontra Itajub\u00e1","image":{"@type":"ImageObject","inLanguage":"pt-BR","@id":"https:\/\/www.encontraminasgerais.com.br\/itajuba\/#\/schema\/person\/image\/","url":"https:\/\/secure.gravatar.com\/avatar\/c50c17820bcf322f0a8fd6b110b8c0918141409dc69076470f6fca5fee70a5d4?s=96&d=mm&r=g","contentUrl":"https:\/\/secure.gravatar.com\/avatar\/c50c17820bcf322f0a8fd6b110b8c0918141409dc69076470f6fca5fee70a5d4?s=96&d=mm&r=g","caption":"Encontra Itajub\u00e1"},"url":"https:\/\/www.encontraminasgerais.com.br\/itajuba\/author\/eitajuba\/"}]}},"_links":{"self":[{"href":"https:\/\/www.encontraminasgerais.com.br\/itajuba\/wp-json\/wp\/v2\/posts\/4522","targetHints":{"allow":["GET"]}}],"collection":[{"href":"https:\/\/www.encontraminasgerais.com.br\/itajuba\/wp-json\/wp\/v2\/posts"}],"about":[{"href":"https:\/\/www.encontraminasgerais.com.br\/itajuba\/wp-json\/wp\/v2\/types\/post"}],"author":[{"embeddable":true,"href":"https:\/\/www.encontraminasgerais.com.br\/itajuba\/wp-json\/wp\/v2\/users\/1"}],"replies":[{"embeddable":true,"href":"https:\/\/www.encontraminasgerais.com.br\/itajuba\/wp-json\/wp\/v2\/comments?post=4522"}],"version-history":[{"count":0,"href":"https:\/\/www.encontraminasgerais.com.br\/itajuba\/wp-json\/wp\/v2\/posts\/4522\/revisions"}],"wp:featuredmedia":[{"embeddable":true,"href":"https:\/\/www.encontraminasgerais.com.br\/itajuba\/wp-json\/wp\/v2\/media\/4521"}],"wp:attachment":[{"href":"https:\/\/www.encontraminasgerais.com.br\/itajuba\/wp-json\/wp\/v2\/media?parent=4522"}],"wp:term":[{"taxonomy":"category","embeddable":true,"href":"https:\/\/www.encontraminasgerais.com.br\/itajuba\/wp-json\/wp\/v2\/categories?post=4522"},{"taxonomy":"post_tag","embeddable":true,"href":"https:\/\/www.encontraminasgerais.com.br\/itajuba\/wp-json\/wp\/v2\/tags?post=4522"}],"curies":[{"name":"wp","href":"https:\/\/api.w.org\/{rel}","templated":true}]}}