{"id":4582,"date":"2026-02-12T06:45:34","date_gmt":"2026-02-12T09:45:34","guid":{"rendered":"https:\/\/www.encontraminasgerais.com.br\/itajuba\/ultimos-dias-de-inscricao-para-o-1o-final-de-semana-do-encontro-diocesano\/"},"modified":"2026-02-12T06:45:34","modified_gmt":"2026-02-12T09:45:34","slug":"ultimos-dias-de-inscricao-para-o-1o-final-de-semana-do-encontro-diocesano","status":"publish","type":"post","link":"https:\/\/www.encontraminasgerais.com.br\/itajuba\/ultimos-dias-de-inscricao-para-o-1o-final-de-semana-do-encontro-diocesano\/","title":{"rendered":"\u00daltimos dias de inscri\u00e7\u00e3o para o 1\u00ba final de semana do Encontro Diocesano"},"content":{"rendered":"<h2>Quem Pode Participar do Encontro<\/h2>\n<p>O Encontro Diocesano da Campanha da M\u00e3e Peregrina de Schoenstatt \u00e9 destinado a coordenadores diocesanos e membros das equipes diocesanas que j\u00e1 foram organizadas. \u00c9 importante ressaltar que, em caso de impossibilidade, os coordenadores n\u00e3o ser\u00e3o substitu\u00eddos, assegurando que a continuidade da lideran\u00e7a e participa\u00e7\u00e3o seja mantida durante o evento.<\/p>\n<h2>Local do Encontro: Santu\u00e1rio Tabor<\/h2>\n<p>O evento ser\u00e1 realizado no <strong>Santu\u00e1rio Tabor da Permanente Presen\u00e7a do Pai<\/strong>, localizado em Atibaia, SP. Este espa\u00e7o foi escolhido devido ao seu significado e \u00e0 sua conex\u00e3o espiritual com a Campanha da M\u00e3e Peregrina. Al\u00e9m disso, o local oferece uma infraestrutura adequada para acolher os participantes e proporcionar um ambiente prop\u00edcio para reflex\u00f5es e troca de experi\u00eancias.<\/p>\n<h2>Data Limite para Inscri\u00e7\u00f5es<\/h2>\n<p>Os interessados devem ficar atentos, pois o prazo para inscri\u00e7\u00e3o se encerra neste s\u00e1bado, dia <strong>14 de fevereiro<\/strong>. \u00c9 fundamental que todas as dioceses que possuem santu\u00e1rios de Schoenstatt e assessores locais realizem sua inscri\u00e7\u00e3o dentro deste per\u00edodo para garantir a presen\u00e7a de seus representantes no encontro.<\/p>\n<p><img decoding=\"async\" src=\"https:\/\/www.encontraminasgerais.com.br\/itajuba\/wp-content\/uploads\/2026\/02\/ultimos-dias-de-inscricao-para-o-1-final-de-semana-do-encontro-diocesano.webp\" alt=\"Encontro Diocesano\" loading=\"lazy\" \/><\/p>\n<h2>Como Fazer sua Inscri\u00e7\u00e3o<\/h2>\n<p>Para realizar a inscri\u00e7\u00e3o, basta entrar em contato com o Secretariado da Campanha atrav\u00e9s do WhatsApp no n\u00famero <strong>(11) 96861-9485<\/strong>. Uma mensagem simples manifestando o interesse em participar do Encontro Diocesano ser\u00e1 suficiente para garantir sua vaga. N\u00e3o perca essa oportunidade de se envolver na Campanha e fortalecer sua atua\u00e7\u00e3o pastoral.<\/p>\n<h2>Contato para Mais Informa\u00e7\u00f5es<\/h2>\n<p>Qualquer d\u00favida ou necessidade de esclarecimentos adicionais pode ser resolvida por meio do contato com o Secretariado da Campanha. A equipe est\u00e1 dispon\u00edvel para fornecer informa\u00e7\u00f5es relevantes sobre o encontro e auxiliar os participantes na resolu\u00e7\u00e3o de quest\u00f5es pertinentes.<\/p>\n<h2>Import\u00e2ncia do Encontro Diocesano<\/h2>\n<p>O Encontro Diocesano \u00e9 um momento significativo para todos os envolvidos na Campanha da M\u00e3e Peregrina. Ele proporciona um espa\u00e7o de reflex\u00e3o, partilha e fortalecimento do compromisso dos participantes com a miss\u00e3o de levar a mensagem de Schoenstatt a mais pessoas. Al\u00e9m disso, oferece uma oportunidade para que os coordenadores diocesanos compartilhem experi\u00eancias, dificuldades e sucessos, criando uma rede de apoio e incentivo m\u00fatuo.<\/p>\n<h2>Atividades Planejadas para o Encontro<\/h2>\n<p>A programa\u00e7\u00e3o do encontro incluir\u00e1 diversas atividades que visam promover a forma\u00e7\u00e3o e a integra\u00e7\u00e3o dos participantes. Entre elas:<\/p>\n<ul>\n<li><strong>Palestras:<\/strong> Com especialistas em espiritualidade e a miss\u00e3o da Campanha, abordando temas relevantes para a pr\u00e1tica pastoral.<\/li>\n<li><strong>Momentos de Ora\u00e7\u00e3o:<\/strong> Para fortalecer a dimens\u00e3o espiritual, ser\u00e3o realizados momentos de ora\u00e7\u00e3o e medita\u00e7\u00e3o, proporcionando um encontro mais profundo com Deus.<\/li>\n<li><strong>Din\u00e2micas de Grupo:<\/strong> Atividades interativas que fomentar\u00e3o a troca de ideias e experi\u00eancias entre os participantes.<\/li>\n<\/ul>\n<h2>O Que Esperar do Evento<\/h2>\n<p>Os participantes podem esperar um evento enriquecedor, que n\u00e3o apenas fortalecer\u00e1 suas convic\u00e7\u00f5es, mas tamb\u00e9m ampliar\u00e1 suas habilidades para atuar nas respectivas dioceses. O encontro ser\u00e1 uma oportunidade para que todos saiam renovados e motivados a continuar a miss\u00e3o da Campanha da M\u00e3e Peregrina com maior fervor.<\/p>\n<h2>Benef\u00edcios de Participar<\/h2>\n<p>A participa\u00e7\u00e3o no Encontro Diocesano traz in\u00fameros benef\u00edcios, como:<\/p>\n<ul>\n<li><strong>Fortalecimento Espiritual:<\/strong> O contato com outras pessoas que compartilham da mesma f\u00e9 e miss\u00e3o \u00e9 fundamental para a revitaliza\u00e7\u00e3o espiritual.<\/li>\n<li><strong>Networking:<\/strong> Conhecer e interagir com outros coordenadores e membros de equipes fortalece a troca de experi\u00eancias e a constru\u00e7\u00e3o de parcerias.<\/li>\n<li><strong>Desenvolvimento Pessoal:<\/strong> As palestras e din\u00e2micas oferecidas contribuir\u00e3o para o crescimento pessoal e profissional dos participantes.<\/li>\n<\/ul>\n<h2>Mensagem do Secretariado<\/h2>\n<p>O Secretariado da Campanha da M\u00e3e Peregrina expressa sua expectativa de que o encontro seja um momento de grande ricas b\u00ean\u00e7\u00e3os. Eles incentivam todos os coordenadores e membros das equipes a se inscreverem e a aproveitarem ao m\u00e1ximo essa oportunidade. Reiteram que a troca de viv\u00eancias e a ora\u00e7\u00e3o conjunta fortalecer\u00e3o a miss\u00e3o de cada um na propaga\u00e7\u00e3o da espiritualidade de Schoenstatt.<\/p>\n","protected":false},"excerpt":{"rendered":"<p>\u00daltimos dias de inscri\u00e7\u00e3o para o Encontro Diocesano est\u00e3o se aproximando rapidamente.<\/p>\n","protected":false},"author":1,"featured_media":4581,"comment_status":"open","ping_status":"open","sticky":false,"template":"","format":"standard","meta":{"footnotes":""},"categories":[5],"tags":[],"class_list":["post-4582","post","type-post","status-publish","format-standard","has-post-thumbnail","hentry","category-noticias","has_thumb"],"yoast_head":"<!-- This site is optimized with the Yoast SEO plugin v26.3 - https:\/\/yoast.com\/wordpress\/plugins\/seo\/ -->\n<title>\u00daltimos dias de inscri\u00e7\u00e3o para o 1\u00ba final de semana do Encontro Diocesano | Encontra Itajub\u00e1<\/title>\n<meta name=\"robots\" content=\"index, follow, max-snippet:-1, max-image-preview:large, max-video-preview:-1\" \/>\n<link rel=\"canonical\" href=\"https:\/\/www.encontraminasgerais.com.br\/itajuba\/ultimos-dias-de-inscricao-para-o-1o-final-de-semana-do-encontro-diocesano\/\" \/>\n<meta property=\"og:locale\" content=\"pt_BR\" \/>\n<meta property=\"og:type\" content=\"article\" \/>\n<meta property=\"og:title\" content=\"\u00daltimos dias de inscri\u00e7\u00e3o para o 1\u00ba final de semana do Encontro Diocesano | Encontra Itajub\u00e1\" \/>\n<meta property=\"og:description\" content=\"\u00daltimos dias de inscri\u00e7\u00e3o para o Encontro Diocesano est\u00e3o se aproximando rapidamente.\" \/>\n<meta property=\"og:url\" content=\"https:\/\/www.encontraminasgerais.com.br\/itajuba\/ultimos-dias-de-inscricao-para-o-1o-final-de-semana-do-encontro-diocesano\/\" \/>\n<meta property=\"og:site_name\" content=\"Encontra Itajub\u00e1\" \/>\n<meta property=\"article:published_time\" content=\"2026-02-12T09:45:34+00:00\" \/>\n<meta property=\"og:image\" content=\"https:\/\/www.encontraminasgerais.com.br\/itajuba\/wp-content\/uploads\/2026\/02\/ultimos-dias-de-inscricao-para-o-1-final-de-semana-do-encontro-diocesano.webp\" \/>\n<meta name=\"author\" content=\"Encontra Itajub\u00e1\" \/>\n<meta name=\"twitter:card\" content=\"summary_large_image\" \/>\n<meta name=\"twitter:label1\" content=\"Escrito por\" \/>\n\t<meta name=\"twitter:data1\" content=\"Encontra Itajub\u00e1\" \/>\n\t<meta name=\"twitter:label2\" content=\"Est. tempo de leitura\" \/>\n\t<meta name=\"twitter:data2\" content=\"3 minutos\" \/>\n<script type=\"application\/ld+json\" class=\"yoast-schema-graph\">{\"@context\":\"https:\/\/schema.org\",\"@graph\":[{\"@type\":\"WebPage\",\"@id\":\"https:\/\/www.encontraminasgerais.com.br\/itajuba\/ultimos-dias-de-inscricao-para-o-1o-final-de-semana-do-encontro-diocesano\/\",\"url\":\"https:\/\/www.encontraminasgerais.com.br\/itajuba\/ultimos-dias-de-inscricao-para-o-1o-final-de-semana-do-encontro-diocesano\/\",\"name\":\"\u00daltimos dias de inscri\u00e7\u00e3o para o 1\u00ba final de semana do Encontro Diocesano | Encontra Itajub\u00e1\",\"isPartOf\":{\"@id\":\"https:\/\/www.encontraminasgerais.com.br\/itajuba\/#website\"},\"primaryImageOfPage\":{\"@id\":\"https:\/\/www.encontraminasgerais.com.br\/itajuba\/ultimos-dias-de-inscricao-para-o-1o-final-de-semana-do-encontro-diocesano\/#primaryimage\"},\"image\":{\"@id\":\"https:\/\/www.encontraminasgerais.com.br\/itajuba\/ultimos-dias-de-inscricao-para-o-1o-final-de-semana-do-encontro-diocesano\/#primaryimage\"},\"thumbnailUrl\":\"https:\/\/www.encontraminasgerais.com.br\/itajuba\/wp-content\/uploads\/2026\/02\/ultimos-dias-de-inscricao-para-o-1-final-de-semana-do-encontro-diocesano.webp\",\"datePublished\":\"2026-02-12T09:45:34+00:00\",\"author\":{\"@id\":\"https:\/\/www.encontraminasgerais.com.br\/itajuba\/#\/schema\/person\/d26674c083ec86b440752843a690de33\"},\"inLanguage\":\"pt-BR\",\"potentialAction\":[{\"@type\":\"ReadAction\",\"target\":[\"https:\/\/www.encontraminasgerais.com.br\/itajuba\/ultimos-dias-de-inscricao-para-o-1o-final-de-semana-do-encontro-diocesano\/\"]}]},{\"@type\":\"ImageObject\",\"inLanguage\":\"pt-BR\",\"@id\":\"https:\/\/www.encontraminasgerais.com.br\/itajuba\/ultimos-dias-de-inscricao-para-o-1o-final-de-semana-do-encontro-diocesano\/#primaryimage\",\"url\":\"https:\/\/www.encontraminasgerais.com.br\/itajuba\/wp-content\/uploads\/2026\/02\/ultimos-dias-de-inscricao-para-o-1-final-de-semana-do-encontro-diocesano.webp\",\"contentUrl\":\"https:\/\/www.encontraminasgerais.com.br\/itajuba\/wp-content\/uploads\/2026\/02\/ultimos-dias-de-inscricao-para-o-1-final-de-semana-do-encontro-diocesano.webp\",\"width\":280,\"height\":280,\"caption\":\"Encontro Diocesano\"},{\"@type\":\"WebSite\",\"@id\":\"https:\/\/www.encontraminasgerais.com.br\/itajuba\/#website\",\"url\":\"https:\/\/www.encontraminasgerais.com.br\/itajuba\/\",\"name\":\"Encontra Itajub\u00e1\",\"description\":\"ENCONTRA ITAJUB\u00c1 - O guia comercial de neg\u00f3cios e empresas, cultura e divers\u00e3o na cidade de Itajub\u00e1. Feito 100% para voc\u00ea morador!\",\"potentialAction\":[{\"@type\":\"SearchAction\",\"target\":{\"@type\":\"EntryPoint\",\"urlTemplate\":\"https:\/\/www.encontraminasgerais.com.br\/itajuba\/?s={search_term_string}\"},\"query-input\":{\"@type\":\"PropertyValueSpecification\",\"valueRequired\":true,\"valueName\":\"search_term_string\"}}],\"inLanguage\":\"pt-BR\"},{\"@type\":\"Person\",\"@id\":\"https:\/\/www.encontraminasgerais.com.br\/itajuba\/#\/schema\/person\/d26674c083ec86b440752843a690de33\",\"name\":\"Encontra Itajub\u00e1\",\"image\":{\"@type\":\"ImageObject\",\"inLanguage\":\"pt-BR\",\"@id\":\"https:\/\/www.encontraminasgerais.com.br\/itajuba\/#\/schema\/person\/image\/\",\"url\":\"https:\/\/secure.gravatar.com\/avatar\/c50c17820bcf322f0a8fd6b110b8c0918141409dc69076470f6fca5fee70a5d4?s=96&d=mm&r=g\",\"contentUrl\":\"https:\/\/secure.gravatar.com\/avatar\/c50c17820bcf322f0a8fd6b110b8c0918141409dc69076470f6fca5fee70a5d4?s=96&d=mm&r=g\",\"caption\":\"Encontra Itajub\u00e1\"},\"url\":\"https:\/\/www.encontraminasgerais.com.br\/itajuba\/author\/eitajuba\/\"}]}<\/script>\n<!-- \/ Yoast SEO plugin. -->","yoast_head_json":{"title":"\u00daltimos dias de inscri\u00e7\u00e3o para o 1\u00ba final de semana do Encontro Diocesano | Encontra Itajub\u00e1","robots":{"index":"index","follow":"follow","max-snippet":"max-snippet:-1","max-image-preview":"max-image-preview:large","max-video-preview":"max-video-preview:-1"},"canonical":"https:\/\/www.encontraminasgerais.com.br\/itajuba\/ultimos-dias-de-inscricao-para-o-1o-final-de-semana-do-encontro-diocesano\/","og_locale":"pt_BR","og_type":"article","og_title":"\u00daltimos dias de inscri\u00e7\u00e3o para o 1\u00ba final de semana do Encontro Diocesano | Encontra Itajub\u00e1","og_description":"\u00daltimos dias de inscri\u00e7\u00e3o para o Encontro Diocesano est\u00e3o se aproximando rapidamente.","og_url":"https:\/\/www.encontraminasgerais.com.br\/itajuba\/ultimos-dias-de-inscricao-para-o-1o-final-de-semana-do-encontro-diocesano\/","og_site_name":"Encontra Itajub\u00e1","article_published_time":"2026-02-12T09:45:34+00:00","og_image":[{"url":"https:\/\/www.encontraminasgerais.com.br\/itajuba\/wp-content\/uploads\/2026\/02\/ultimos-dias-de-inscricao-para-o-1-final-de-semana-do-encontro-diocesano.webp","type":"","width":"","height":""}],"author":"Encontra Itajub\u00e1","twitter_card":"summary_large_image","twitter_misc":{"Escrito por":"Encontra Itajub\u00e1","Est. tempo de leitura":"3 minutos"},"schema":{"@context":"https:\/\/schema.org","@graph":[{"@type":"WebPage","@id":"https:\/\/www.encontraminasgerais.com.br\/itajuba\/ultimos-dias-de-inscricao-para-o-1o-final-de-semana-do-encontro-diocesano\/","url":"https:\/\/www.encontraminasgerais.com.br\/itajuba\/ultimos-dias-de-inscricao-para-o-1o-final-de-semana-do-encontro-diocesano\/","name":"\u00daltimos dias de inscri\u00e7\u00e3o para o 1\u00ba final de semana do Encontro Diocesano | Encontra Itajub\u00e1","isPartOf":{"@id":"https:\/\/www.encontraminasgerais.com.br\/itajuba\/#website"},"primaryImageOfPage":{"@id":"https:\/\/www.encontraminasgerais.com.br\/itajuba\/ultimos-dias-de-inscricao-para-o-1o-final-de-semana-do-encontro-diocesano\/#primaryimage"},"image":{"@id":"https:\/\/www.encontraminasgerais.com.br\/itajuba\/ultimos-dias-de-inscricao-para-o-1o-final-de-semana-do-encontro-diocesano\/#primaryimage"},"thumbnailUrl":"https:\/\/www.encontraminasgerais.com.br\/itajuba\/wp-content\/uploads\/2026\/02\/ultimos-dias-de-inscricao-para-o-1-final-de-semana-do-encontro-diocesano.webp","datePublished":"2026-02-12T09:45:34+00:00","author":{"@id":"https:\/\/www.encontraminasgerais.com.br\/itajuba\/#\/schema\/person\/d26674c083ec86b440752843a690de33"},"inLanguage":"pt-BR","potentialAction":[{"@type":"ReadAction","target":["https:\/\/www.encontraminasgerais.com.br\/itajuba\/ultimos-dias-de-inscricao-para-o-1o-final-de-semana-do-encontro-diocesano\/"]}]},{"@type":"ImageObject","inLanguage":"pt-BR","@id":"https:\/\/www.encontraminasgerais.com.br\/itajuba\/ultimos-dias-de-inscricao-para-o-1o-final-de-semana-do-encontro-diocesano\/#primaryimage","url":"https:\/\/www.encontraminasgerais.com.br\/itajuba\/wp-content\/uploads\/2026\/02\/ultimos-dias-de-inscricao-para-o-1-final-de-semana-do-encontro-diocesano.webp","contentUrl":"https:\/\/www.encontraminasgerais.com.br\/itajuba\/wp-content\/uploads\/2026\/02\/ultimos-dias-de-inscricao-para-o-1-final-de-semana-do-encontro-diocesano.webp","width":280,"height":280,"caption":"Encontro Diocesano"},{"@type":"WebSite","@id":"https:\/\/www.encontraminasgerais.com.br\/itajuba\/#website","url":"https:\/\/www.encontraminasgerais.com.br\/itajuba\/","name":"Encontra Itajub\u00e1","description":"ENCONTRA ITAJUB\u00c1 - O guia comercial de neg\u00f3cios e empresas, cultura e divers\u00e3o na cidade de Itajub\u00e1. Feito 100% para voc\u00ea morador!","potentialAction":[{"@type":"SearchAction","target":{"@type":"EntryPoint","urlTemplate":"https:\/\/www.encontraminasgerais.com.br\/itajuba\/?s={search_term_string}"},"query-input":{"@type":"PropertyValueSpecification","valueRequired":true,"valueName":"search_term_string"}}],"inLanguage":"pt-BR"},{"@type":"Person","@id":"https:\/\/www.encontraminasgerais.com.br\/itajuba\/#\/schema\/person\/d26674c083ec86b440752843a690de33","name":"Encontra Itajub\u00e1","image":{"@type":"ImageObject","inLanguage":"pt-BR","@id":"https:\/\/www.encontraminasgerais.com.br\/itajuba\/#\/schema\/person\/image\/","url":"https:\/\/secure.gravatar.com\/avatar\/c50c17820bcf322f0a8fd6b110b8c0918141409dc69076470f6fca5fee70a5d4?s=96&d=mm&r=g","contentUrl":"https:\/\/secure.gravatar.com\/avatar\/c50c17820bcf322f0a8fd6b110b8c0918141409dc69076470f6fca5fee70a5d4?s=96&d=mm&r=g","caption":"Encontra Itajub\u00e1"},"url":"https:\/\/www.encontraminasgerais.com.br\/itajuba\/author\/eitajuba\/"}]}},"_links":{"self":[{"href":"https:\/\/www.encontraminasgerais.com.br\/itajuba\/wp-json\/wp\/v2\/posts\/4582","targetHints":{"allow":["GET"]}}],"collection":[{"href":"https:\/\/www.encontraminasgerais.com.br\/itajuba\/wp-json\/wp\/v2\/posts"}],"about":[{"href":"https:\/\/www.encontraminasgerais.com.br\/itajuba\/wp-json\/wp\/v2\/types\/post"}],"author":[{"embeddable":true,"href":"https:\/\/www.encontraminasgerais.com.br\/itajuba\/wp-json\/wp\/v2\/users\/1"}],"replies":[{"embeddable":true,"href":"https:\/\/www.encontraminasgerais.com.br\/itajuba\/wp-json\/wp\/v2\/comments?post=4582"}],"version-history":[{"count":0,"href":"https:\/\/www.encontraminasgerais.com.br\/itajuba\/wp-json\/wp\/v2\/posts\/4582\/revisions"}],"wp:featuredmedia":[{"embeddable":true,"href":"https:\/\/www.encontraminasgerais.com.br\/itajuba\/wp-json\/wp\/v2\/media\/4581"}],"wp:attachment":[{"href":"https:\/\/www.encontraminasgerais.com.br\/itajuba\/wp-json\/wp\/v2\/media?parent=4582"}],"wp:term":[{"taxonomy":"category","embeddable":true,"href":"https:\/\/www.encontraminasgerais.com.br\/itajuba\/wp-json\/wp\/v2\/categories?post=4582"},{"taxonomy":"post_tag","embeddable":true,"href":"https:\/\/www.encontraminasgerais.com.br\/itajuba\/wp-json\/wp\/v2\/tags?post=4582"}],"curies":[{"name":"wp","href":"https:\/\/api.w.org\/{rel}","templated":true}]}}