{"id":4584,"date":"2026-02-13T06:45:07","date_gmt":"2026-02-13T09:45:07","guid":{"rendered":"https:\/\/www.encontraminasgerais.com.br\/itajuba\/confira-o-funcionamento-das-uais-no-periodo-de-carnaval\/"},"modified":"2026-02-13T06:45:07","modified_gmt":"2026-02-13T09:45:07","slug":"confira-o-funcionamento-das-uais-no-periodo-de-carnaval","status":"publish","type":"post","link":"https:\/\/www.encontraminasgerais.com.br\/itajuba\/confira-o-funcionamento-das-uais-no-periodo-de-carnaval\/","title":{"rendered":"Confira o funcionamento das UAIs no per\u00edodo de Carnaval"},"content":{"rendered":"<h2>Funcionamento das UAIs no Carnaval<\/h2>\n<p>No per\u00edodo carnavalesco, as Unidades de Atendimento Integrado (UAIs) que s\u00e3o gestionadas pela <strong>Secretaria de Estado de Planejamento e Gest\u00e3o (Seplag-MG)<\/strong> ter\u00e3o suas opera\u00e7\u00f5es temporariamente alteradas. As datas espec\u00edficas em que essas mudan\u00e7as ocorrer\u00e3o s\u00e3o os dias 16 e 17 de fevereiro, quando todas as unidades estar\u00e3o fechadas para atendimento ao p\u00fablico. No dia 18 de fevereiro, conhecido como Quarta-feira de Cinzas, um n\u00famero selecionado de UAIs voltar\u00e1 a operar em hor\u00e1rios diferenciados.<\/p>\n<h2>Hor\u00e1rios de Funcionamento Durante o Feriado<\/h2>\n<p>Durante o feriado de Carnaval, especificamente nos dias 16 e 17 de fevereiro, todas as UAIs estar\u00e3o completamente fechadas. No dia 18, algumas unidades reabrem para atendimento, mas em hor\u00e1rios especiais, como descrito abaixo:<\/p>\n<h3>Funcionamento das 12h \u00e0s 17h<\/h3>\n<ul>\n<li>Pra\u00e7a Sete (Belo Horizonte)<\/li>\n<li>Barreiro (Belo Horizonte)<\/li>\n<li>Venda Nova (Belo Horizonte)<\/li>\n<li>Betim<\/li>\n<li>Juiz de Fora I<\/li>\n<li>Juiz de Fora II<\/li>\n<li>Sete Lagoas Cana\u00e3<\/li>\n<li>Sete Lagoas Boulevard<\/li>\n<li>S\u00e3o Jo\u00e3o Del Rei<\/li>\n<li>Diamantina<\/li>\n<li>Governador Valadares<\/li>\n<li>Po\u00e7os de Caldas<\/li>\n<li>Uberl\u00e2ndia P\u00e1tio Sabi\u00e1<\/li>\n<li>Uberl\u00e2ndia Terminal Central<\/li>\n<li>Contagem Oiapoque<\/li>\n<li>Contagem Avi\u00e3o<\/li>\n<li>Uberaba<\/li>\n<li>Te\u00f3filo Otoni<\/li>\n<li>Pouso Alegre<\/li>\n<li>Varginha<\/li>\n<li>S\u00e3o Sebasti\u00e3o do Para\u00edso<\/li>\n<li>Montes Claros<\/li>\n<li>Curvelo<\/li>\n<li>Ipatinga<\/li>\n<li>Arax\u00e1<\/li>\n<li>Camanducaia<\/li>\n<li>Ipanema<\/li>\n<\/ul>\n<h3>Funcionamento das 13h \u00e0s 17h<\/h3>\n<ul>\n<li>Extrema<\/li>\n<\/ul>\n<h2>Unidades com Atendimento Fechado no Dia 18\/2<\/h2>\n<p>No dia 18 de fevereiro, diversas UAIs n\u00e3o estar\u00e3o em funcionamento. \u00c9 importante estar ciente dessas unidades para evitar deslocamentos desnecess\u00e1rios. As seguintes localidades estar\u00e3o fechadas:<\/p>\n<p><img decoding=\"async\" src=\"https:\/\/www.encontraminasgerais.com.br\/itajuba\/wp-content\/uploads\/2026\/02\/confira-o-funcionamento-das-uais-no-periodo-de-carnaval.webp\" alt=\"funcionamento das UAIs no per\u00edodo de Carnaval\" loading=\"lazy\" \/><\/p>\n<ul>\n<li>Aeroporto Confins<\/li>\n<li>Ara\u00e7ua\u00ed<\/li>\n<li>Barbacena<\/li>\n<li>Caratinga<\/li>\n<li>Coronel Fabriciano<\/li>\n<li>Divin\u00f3polis<\/li>\n<li>Lavras<\/li>\n<li>Muria\u00e9<\/li>\n<li>Paracatu<\/li>\n<li>Passos<\/li>\n<li>Patos de Minas<\/li>\n<li>Ponte Nova<\/li>\n<li>Campo Florido<\/li>\n<li>Conselheiro Lafaiete<\/li>\n<li>Engenheiro Navarro<\/li>\n<li>Inhapim<\/li>\n<li>Itajub\u00e1<\/li>\n<li>Ita\u00fa de Minas<\/li>\n<li>Tim\u00f3teo<\/li>\n<li>Jequita\u00ed<\/li>\n<li>Porteirinha<\/li>\n<li>Sarzedo<\/li>\n<li>Jo\u00e3o Monlevade<\/li>\n<li>Joaquim Fel\u00edcio<\/li>\n<li>Nova Lima<\/li>\n<li>Ouro Verde de Minas<\/li>\n<li>Paragua\u00e7u<\/li>\n<li>Senhora dos Rem\u00e9dios<\/li>\n<li>Vi\u00e7osa<\/li>\n<li>C\u00e1ssia<\/li>\n<li>Concei\u00e7\u00e3o das Alagoas<\/li>\n<li>Fel\u00edcio dos Santos<\/li>\n<li>Leopoldina<\/li>\n<li>S\u00e3o Joaquim de Bicas<\/li>\n<li>Tr\u00eas Cora\u00e7\u00f5es<\/li>\n<\/ul>\n<h2>Atendimento em Hor\u00e1rio Especial<\/h2>\n<p>O retorno das opera\u00e7\u00f5es na Quarta-feira de Cinzas apenas em determinados hor\u00e1rios oferece uma oportunidade valiosa para os cidad\u00e3os que necessitam de atendimento. \u00c9 fundamental que a popula\u00e7\u00e3o esteja informada sobre quais UAIs estar\u00e3o abertas e em que hor\u00e1rios, para programar a visita adequadamente.<\/p>\n<h2>Import\u00e2ncia da Informa\u00e7\u00e3o Pr\u00e9via<\/h2>\n<p>Ao planejar um deslocamento para qualquer UAI, \u00e9 altamente recomend\u00e1vel que os usu\u00e1rios verifiquem as informa\u00e7\u00f5es de funcionamento pr\u00e9vias. Isso garante um atendimento eficiente e evita frustra\u00e7\u00f5es desnecess\u00e1rias. O site do Governo de Minas e as plataformas digitais oferecem atualiza\u00e7\u00f5es constantes que podem ajudar neste processo.<\/p>\n<h2>Canais Digitais para Servi\u00e7os<\/h2>\n<p>Nos dias de fechamento das UAIs, muitos servi\u00e7os continuam dispon\u00edveis atrav\u00e9s de plataformas digitais. As op\u00e7\u00f5es incluem:<\/p>\n<ul>\n<li><strong>Portal MG:<\/strong> Acesse [www.mg.gov.br](http:\/\/www.mg.gov.br) para uma gama de servi\u00e7os.<\/li>\n<li><strong>Aplicativo MG App:<\/strong> Um app que facilita o acesso a servi\u00e7os p\u00fablicos diretamente do seu celular.<\/li>\n<li><strong>Sites dos \u00f3rg\u00e3os respons\u00e1veis:<\/strong> Os sites das diversas secretarias e \u00f3rg\u00e3os estaduais tamb\u00e9m disponibilizam informa\u00e7\u00f5es e servi\u00e7os.<\/li>\n<\/ul>\n<h2>Comparecimento nas UAIs<\/h2>\n<p>Os atendimentos presenciais nas UAIs requerem agendamento pr\u00e9vio e sem custos. A marca\u00e7\u00e3o pode ser feita exclusivamente atrav\u00e9s dos canais digitais. Isso tem o objetivo de garantir um melhor fluxo de atendimento e assegurar que todos os cidad\u00e3os sejam recebidos de forma adequada.<\/p>\n<h2>Novidades no Atendimento ao P\u00fablico<\/h2>\n<p>As UAIs sempre buscam aprimorar a experi\u00eancia do usu\u00e1rio e, com as mudan\u00e7as tempor\u00e1rias durante o Carnaval, n\u00e3o ser\u00e1 diferente. A estrutura para atendimento especial enfatiza a necessidade de ter sempre um plano de atendimento que considere as demandas da popula\u00e7\u00e3o e a realidade local durante per\u00edodos festivos.<\/p>\n","protected":false},"excerpt":{"rendered":"<p>UAIs t\u00eam hor\u00e1rios alterados no Carnaval. Confira como est\u00e1 o atendimento!<\/p>\n","protected":false},"author":1,"featured_media":4583,"comment_status":"open","ping_status":"open","sticky":false,"template":"","format":"standard","meta":{"footnotes":""},"categories":[5],"tags":[],"class_list":["post-4584","post","type-post","status-publish","format-standard","has-post-thumbnail","hentry","category-noticias","has_thumb"],"yoast_head":"<!-- This site is optimized with the Yoast SEO plugin v26.3 - https:\/\/yoast.com\/wordpress\/plugins\/seo\/ -->\n<title>Confira o funcionamento das UAIs no per\u00edodo de Carnaval | Encontra Itajub\u00e1<\/title>\n<meta name=\"robots\" content=\"index, follow, max-snippet:-1, max-image-preview:large, max-video-preview:-1\" \/>\n<link rel=\"canonical\" href=\"https:\/\/www.encontraminasgerais.com.br\/itajuba\/confira-o-funcionamento-das-uais-no-periodo-de-carnaval\/\" \/>\n<meta property=\"og:locale\" content=\"pt_BR\" \/>\n<meta property=\"og:type\" content=\"article\" \/>\n<meta property=\"og:title\" content=\"Confira o funcionamento das UAIs no per\u00edodo de Carnaval | Encontra Itajub\u00e1\" \/>\n<meta property=\"og:description\" content=\"UAIs t\u00eam hor\u00e1rios alterados no Carnaval. Confira como est\u00e1 o atendimento!\" \/>\n<meta property=\"og:url\" content=\"https:\/\/www.encontraminasgerais.com.br\/itajuba\/confira-o-funcionamento-das-uais-no-periodo-de-carnaval\/\" \/>\n<meta property=\"og:site_name\" content=\"Encontra Itajub\u00e1\" \/>\n<meta property=\"article:published_time\" content=\"2026-02-13T09:45:07+00:00\" \/>\n<meta property=\"og:image\" content=\"https:\/\/www.encontraminasgerais.com.br\/itajuba\/wp-content\/uploads\/2026\/02\/confira-o-funcionamento-das-uais-no-periodo-de-carnaval.webp\" \/>\n<meta name=\"author\" content=\"Encontra Itajub\u00e1\" \/>\n<meta name=\"twitter:card\" content=\"summary_large_image\" \/>\n<meta name=\"twitter:label1\" content=\"Escrito por\" \/>\n\t<meta name=\"twitter:data1\" content=\"Encontra Itajub\u00e1\" \/>\n\t<meta name=\"twitter:label2\" content=\"Est. tempo de leitura\" \/>\n\t<meta name=\"twitter:data2\" content=\"3 minutos\" \/>\n<script type=\"application\/ld+json\" class=\"yoast-schema-graph\">{\"@context\":\"https:\/\/schema.org\",\"@graph\":[{\"@type\":\"WebPage\",\"@id\":\"https:\/\/www.encontraminasgerais.com.br\/itajuba\/confira-o-funcionamento-das-uais-no-periodo-de-carnaval\/\",\"url\":\"https:\/\/www.encontraminasgerais.com.br\/itajuba\/confira-o-funcionamento-das-uais-no-periodo-de-carnaval\/\",\"name\":\"Confira o funcionamento das UAIs no per\u00edodo de Carnaval | Encontra Itajub\u00e1\",\"isPartOf\":{\"@id\":\"https:\/\/www.encontraminasgerais.com.br\/itajuba\/#website\"},\"primaryImageOfPage\":{\"@id\":\"https:\/\/www.encontraminasgerais.com.br\/itajuba\/confira-o-funcionamento-das-uais-no-periodo-de-carnaval\/#primaryimage\"},\"image\":{\"@id\":\"https:\/\/www.encontraminasgerais.com.br\/itajuba\/confira-o-funcionamento-das-uais-no-periodo-de-carnaval\/#primaryimage\"},\"thumbnailUrl\":\"https:\/\/www.encontraminasgerais.com.br\/itajuba\/wp-content\/uploads\/2026\/02\/confira-o-funcionamento-das-uais-no-periodo-de-carnaval.webp\",\"datePublished\":\"2026-02-13T09:45:07+00:00\",\"author\":{\"@id\":\"https:\/\/www.encontraminasgerais.com.br\/itajuba\/#\/schema\/person\/d26674c083ec86b440752843a690de33\"},\"inLanguage\":\"pt-BR\",\"potentialAction\":[{\"@type\":\"ReadAction\",\"target\":[\"https:\/\/www.encontraminasgerais.com.br\/itajuba\/confira-o-funcionamento-das-uais-no-periodo-de-carnaval\/\"]}]},{\"@type\":\"ImageObject\",\"inLanguage\":\"pt-BR\",\"@id\":\"https:\/\/www.encontraminasgerais.com.br\/itajuba\/confira-o-funcionamento-das-uais-no-periodo-de-carnaval\/#primaryimage\",\"url\":\"https:\/\/www.encontraminasgerais.com.br\/itajuba\/wp-content\/uploads\/2026\/02\/confira-o-funcionamento-das-uais-no-periodo-de-carnaval.webp\",\"contentUrl\":\"https:\/\/www.encontraminasgerais.com.br\/itajuba\/wp-content\/uploads\/2026\/02\/confira-o-funcionamento-das-uais-no-periodo-de-carnaval.webp\",\"width\":280,\"height\":280,\"caption\":\"funcionamento das UAIs no per\u00edodo de Carnaval\"},{\"@type\":\"WebSite\",\"@id\":\"https:\/\/www.encontraminasgerais.com.br\/itajuba\/#website\",\"url\":\"https:\/\/www.encontraminasgerais.com.br\/itajuba\/\",\"name\":\"Encontra Itajub\u00e1\",\"description\":\"ENCONTRA ITAJUB\u00c1 - O guia comercial de neg\u00f3cios e empresas, cultura e divers\u00e3o na cidade de Itajub\u00e1. Feito 100% para voc\u00ea morador!\",\"potentialAction\":[{\"@type\":\"SearchAction\",\"target\":{\"@type\":\"EntryPoint\",\"urlTemplate\":\"https:\/\/www.encontraminasgerais.com.br\/itajuba\/?s={search_term_string}\"},\"query-input\":{\"@type\":\"PropertyValueSpecification\",\"valueRequired\":true,\"valueName\":\"search_term_string\"}}],\"inLanguage\":\"pt-BR\"},{\"@type\":\"Person\",\"@id\":\"https:\/\/www.encontraminasgerais.com.br\/itajuba\/#\/schema\/person\/d26674c083ec86b440752843a690de33\",\"name\":\"Encontra Itajub\u00e1\",\"image\":{\"@type\":\"ImageObject\",\"inLanguage\":\"pt-BR\",\"@id\":\"https:\/\/www.encontraminasgerais.com.br\/itajuba\/#\/schema\/person\/image\/\",\"url\":\"https:\/\/secure.gravatar.com\/avatar\/c50c17820bcf322f0a8fd6b110b8c0918141409dc69076470f6fca5fee70a5d4?s=96&d=mm&r=g\",\"contentUrl\":\"https:\/\/secure.gravatar.com\/avatar\/c50c17820bcf322f0a8fd6b110b8c0918141409dc69076470f6fca5fee70a5d4?s=96&d=mm&r=g\",\"caption\":\"Encontra Itajub\u00e1\"},\"url\":\"https:\/\/www.encontraminasgerais.com.br\/itajuba\/author\/eitajuba\/\"}]}<\/script>\n<!-- \/ Yoast SEO plugin. -->","yoast_head_json":{"title":"Confira o funcionamento das UAIs no per\u00edodo de Carnaval | Encontra Itajub\u00e1","robots":{"index":"index","follow":"follow","max-snippet":"max-snippet:-1","max-image-preview":"max-image-preview:large","max-video-preview":"max-video-preview:-1"},"canonical":"https:\/\/www.encontraminasgerais.com.br\/itajuba\/confira-o-funcionamento-das-uais-no-periodo-de-carnaval\/","og_locale":"pt_BR","og_type":"article","og_title":"Confira o funcionamento das UAIs no per\u00edodo de Carnaval | Encontra Itajub\u00e1","og_description":"UAIs t\u00eam hor\u00e1rios alterados no Carnaval. Confira como est\u00e1 o atendimento!","og_url":"https:\/\/www.encontraminasgerais.com.br\/itajuba\/confira-o-funcionamento-das-uais-no-periodo-de-carnaval\/","og_site_name":"Encontra Itajub\u00e1","article_published_time":"2026-02-13T09:45:07+00:00","og_image":[{"url":"https:\/\/www.encontraminasgerais.com.br\/itajuba\/wp-content\/uploads\/2026\/02\/confira-o-funcionamento-das-uais-no-periodo-de-carnaval.webp","type":"","width":"","height":""}],"author":"Encontra Itajub\u00e1","twitter_card":"summary_large_image","twitter_misc":{"Escrito por":"Encontra Itajub\u00e1","Est. tempo de leitura":"3 minutos"},"schema":{"@context":"https:\/\/schema.org","@graph":[{"@type":"WebPage","@id":"https:\/\/www.encontraminasgerais.com.br\/itajuba\/confira-o-funcionamento-das-uais-no-periodo-de-carnaval\/","url":"https:\/\/www.encontraminasgerais.com.br\/itajuba\/confira-o-funcionamento-das-uais-no-periodo-de-carnaval\/","name":"Confira o funcionamento das UAIs no per\u00edodo de Carnaval | Encontra Itajub\u00e1","isPartOf":{"@id":"https:\/\/www.encontraminasgerais.com.br\/itajuba\/#website"},"primaryImageOfPage":{"@id":"https:\/\/www.encontraminasgerais.com.br\/itajuba\/confira-o-funcionamento-das-uais-no-periodo-de-carnaval\/#primaryimage"},"image":{"@id":"https:\/\/www.encontraminasgerais.com.br\/itajuba\/confira-o-funcionamento-das-uais-no-periodo-de-carnaval\/#primaryimage"},"thumbnailUrl":"https:\/\/www.encontraminasgerais.com.br\/itajuba\/wp-content\/uploads\/2026\/02\/confira-o-funcionamento-das-uais-no-periodo-de-carnaval.webp","datePublished":"2026-02-13T09:45:07+00:00","author":{"@id":"https:\/\/www.encontraminasgerais.com.br\/itajuba\/#\/schema\/person\/d26674c083ec86b440752843a690de33"},"inLanguage":"pt-BR","potentialAction":[{"@type":"ReadAction","target":["https:\/\/www.encontraminasgerais.com.br\/itajuba\/confira-o-funcionamento-das-uais-no-periodo-de-carnaval\/"]}]},{"@type":"ImageObject","inLanguage":"pt-BR","@id":"https:\/\/www.encontraminasgerais.com.br\/itajuba\/confira-o-funcionamento-das-uais-no-periodo-de-carnaval\/#primaryimage","url":"https:\/\/www.encontraminasgerais.com.br\/itajuba\/wp-content\/uploads\/2026\/02\/confira-o-funcionamento-das-uais-no-periodo-de-carnaval.webp","contentUrl":"https:\/\/www.encontraminasgerais.com.br\/itajuba\/wp-content\/uploads\/2026\/02\/confira-o-funcionamento-das-uais-no-periodo-de-carnaval.webp","width":280,"height":280,"caption":"funcionamento das UAIs no per\u00edodo de Carnaval"},{"@type":"WebSite","@id":"https:\/\/www.encontraminasgerais.com.br\/itajuba\/#website","url":"https:\/\/www.encontraminasgerais.com.br\/itajuba\/","name":"Encontra Itajub\u00e1","description":"ENCONTRA ITAJUB\u00c1 - O guia comercial de neg\u00f3cios e empresas, cultura e divers\u00e3o na cidade de Itajub\u00e1. Feito 100% para voc\u00ea morador!","potentialAction":[{"@type":"SearchAction","target":{"@type":"EntryPoint","urlTemplate":"https:\/\/www.encontraminasgerais.com.br\/itajuba\/?s={search_term_string}"},"query-input":{"@type":"PropertyValueSpecification","valueRequired":true,"valueName":"search_term_string"}}],"inLanguage":"pt-BR"},{"@type":"Person","@id":"https:\/\/www.encontraminasgerais.com.br\/itajuba\/#\/schema\/person\/d26674c083ec86b440752843a690de33","name":"Encontra Itajub\u00e1","image":{"@type":"ImageObject","inLanguage":"pt-BR","@id":"https:\/\/www.encontraminasgerais.com.br\/itajuba\/#\/schema\/person\/image\/","url":"https:\/\/secure.gravatar.com\/avatar\/c50c17820bcf322f0a8fd6b110b8c0918141409dc69076470f6fca5fee70a5d4?s=96&d=mm&r=g","contentUrl":"https:\/\/secure.gravatar.com\/avatar\/c50c17820bcf322f0a8fd6b110b8c0918141409dc69076470f6fca5fee70a5d4?s=96&d=mm&r=g","caption":"Encontra Itajub\u00e1"},"url":"https:\/\/www.encontraminasgerais.com.br\/itajuba\/author\/eitajuba\/"}]}},"_links":{"self":[{"href":"https:\/\/www.encontraminasgerais.com.br\/itajuba\/wp-json\/wp\/v2\/posts\/4584","targetHints":{"allow":["GET"]}}],"collection":[{"href":"https:\/\/www.encontraminasgerais.com.br\/itajuba\/wp-json\/wp\/v2\/posts"}],"about":[{"href":"https:\/\/www.encontraminasgerais.com.br\/itajuba\/wp-json\/wp\/v2\/types\/post"}],"author":[{"embeddable":true,"href":"https:\/\/www.encontraminasgerais.com.br\/itajuba\/wp-json\/wp\/v2\/users\/1"}],"replies":[{"embeddable":true,"href":"https:\/\/www.encontraminasgerais.com.br\/itajuba\/wp-json\/wp\/v2\/comments?post=4584"}],"version-history":[{"count":0,"href":"https:\/\/www.encontraminasgerais.com.br\/itajuba\/wp-json\/wp\/v2\/posts\/4584\/revisions"}],"wp:featuredmedia":[{"embeddable":true,"href":"https:\/\/www.encontraminasgerais.com.br\/itajuba\/wp-json\/wp\/v2\/media\/4583"}],"wp:attachment":[{"href":"https:\/\/www.encontraminasgerais.com.br\/itajuba\/wp-json\/wp\/v2\/media?parent=4584"}],"wp:term":[{"taxonomy":"category","embeddable":true,"href":"https:\/\/www.encontraminasgerais.com.br\/itajuba\/wp-json\/wp\/v2\/categories?post=4584"},{"taxonomy":"post_tag","embeddable":true,"href":"https:\/\/www.encontraminasgerais.com.br\/itajuba\/wp-json\/wp\/v2\/tags?post=4584"}],"curies":[{"name":"wp","href":"https:\/\/api.w.org\/{rel}","templated":true}]}}