{"id":4586,"date":"2026-02-13T06:46:57","date_gmt":"2026-02-13T09:46:57","guid":{"rendered":"https:\/\/www.encontraminasgerais.com.br\/itajuba\/coordenadores-e-missionarios-participam-de-formacao-em-pouso-alegre-mg\/"},"modified":"2026-02-13T06:46:57","modified_gmt":"2026-02-13T09:46:57","slug":"coordenadores-e-missionarios-participam-de-formacao-em-pouso-alegre-mg","status":"publish","type":"post","link":"https:\/\/www.encontraminasgerais.com.br\/itajuba\/coordenadores-e-missionarios-participam-de-formacao-em-pouso-alegre-mg\/","title":{"rendered":"Coordenadores e mission\u00e1rios participam de forma\u00e7\u00e3o em Pouso Alegre\/MG"},"content":{"rendered":"<h2>Momento de Conex\u00e3o Espiritual<\/h2>\n<p>No dia 8 de fevereiro, coordenadores e mission\u00e1rios da Campanha da M\u00e3e Peregrina de Schoenstatt se reuniram na Par\u00f3quia S\u00e3o Crist\u00f3v\u00e3o, em Pouso Alegre, Minas Gerais, para um dia dedicado ao aprofundamento espiritual e \u00e0 renova\u00e7\u00e3o de seus compromissos. O evento teve in\u00edcio com uma celebra\u00e7\u00e3o solene da Santa Missa, presidida pelo Pe. Clemildes Francisco de Paiva, que invocou a gra\u00e7a divina e a prote\u00e7\u00e3o da M\u00e3e Tr\u00eas Vezes Admir\u00e1vel sobre todos os presentes.<\/p>\n<h2>Celebra\u00e7\u00e3o da Santa Missa<\/h2>\n<p>A Santa Missa foi um momento central do encontro, proporcionando aos participantes a oportunidade de se conectarem com Deus e fortalecerem seus la\u00e7os comunit\u00e1rios. Durante a celebra\u00e7\u00e3o, foram entoadasora\u00e7\u00f5es e hinos que refletiam a miss\u00e3o de evangelizar ias fam\u00edlias, ressaltando a import\u00e2ncia da presen\u00e7a de Maria na vida dos mission\u00e1rios.<\/p>\n<h2>A Import\u00e2ncia da Alian\u00e7a de Amor<\/h2>\n<p>A forma\u00e7\u00e3o foi conduzida pela Ir. M. Mariane Galina, que trouxe reflex\u00f5es profundas sobre a espiritualidade do Movimento de Schoenstatt. Em sua fala, ela enfatizou a viv\u00eancia da Alian\u00e7a de Amor, uma pr\u00e1tica que incorpora a entrega e a dedica\u00e7\u00e3o \u00e0 M\u00e3e Maria, tornando-a um guia na jornada espiritual de cada mission\u00e1rio e coordenador.<\/p>\n<p><img decoding=\"async\" src=\"https:\/\/www.encontraminasgerais.com.br\/itajuba\/wp-content\/uploads\/2026\/02\/coordenadores-e-missionarios-participam-de-formacao-em-pouso-alegre-mg.webp\" alt=\"forma\u00e7\u00e3o em Pouso Alegre\/MG\" loading=\"lazy\" \/><\/p>\n<h2>Reflex\u00f5es sobre o Capital de Gra\u00e7as<\/h2>\n<p>Durante a forma\u00e7\u00e3o, a Irm\u00e3 abordou tamb\u00e9m o conceito de Capital de Gra\u00e7as, explicando como a uni\u00e3o de ora\u00e7\u00f5es e a\u00e7\u00f5es positivas cria um influxo de b\u00ean\u00e7\u00e3os e oportunidades na vida cotidiana. Esse principio \u00e9 fundamental para o crescimento espiritual e para a efic\u00e1cia da miss\u00e3o de cada participante, que \u00e9 levar esperan\u00e7as e transforma\u00e7\u00f5es a cada lar que visitam.<\/p>\n<h2>O Papel dos Coordenadores de Par\u00f3quias<\/h2>\n<p>No transcurso da manh\u00e3, os coordenadores de par\u00f3quias e grupos participaram de uma sess\u00e3o exclusiva. A Ir. M. Mariane apresentou a import\u00e2ncia de sua fun\u00e7\u00e3o como l\u00edderes espirituais, destacando a necessidade de uma abordagem carinhosa e respons\u00e1vel nas atividades. Eles s\u00e3o fundamentais para a manuten\u00e7\u00e3o da chamas da f\u00e9 e devem ser exemplos em cada a\u00e7\u00e3o que realizam, guiando outros com paci\u00eancia e amor.<\/p>\n<h2>Significado do Peregrinar<\/h2>\n<p>A forma\u00e7\u00e3o continuou com a discuss\u00e3o acerca do significado do ato de peregrinar. Os mission\u00e1rios foram lembrados de que, como o pr\u00f3prio termo indica, eles n\u00e3o apenas visitam as casas em que levam a M\u00e3e Peregrina, mas tamb\u00e9m caminham lado a lado com as fam\u00edlias, ajudando na constru\u00e7\u00e3o de la\u00e7os de amor e confian\u00e7a. Cada visita \u00e9 vista como uma oportunidade de partilhar uma mensagem de esperan\u00e7a e acolhimento.<\/p>\n<h2>Visita \u00e0s Fam\u00edlias como Miss\u00e3o<\/h2>\n<p>A assessora refor\u00e7ou que a ess\u00eancia do trabalho mission\u00e1rio est\u00e1 na visita \u00e0s fam\u00edlias. Cada intera\u00e7\u00e3o representa um gesto de carinho e uma chance de apresentar a Materna presen\u00e7a de Maria, promovendo a f\u00e9 e a espiritualidade nas casas. \u00c9 com essa miss\u00e3o que os participantes desse encontro se sentem motivados a levar a M\u00e3e e Rainha a muitos cora\u00e7\u00f5es e lares, criando um ambiente de f\u00e9.<\/p>\n<h2>Oportunidades de Ora\u00e7\u00e3o Comunit\u00e1ria<\/h2>\n<p>Momentos de ora\u00e7\u00e3o comunit\u00e1ria foram intercalados com palestras e debates. Este espa\u00e7o de ora\u00e7\u00e3o possibilitou que os participantes se unissem em fraternidade, fortalecendo ainda mais os la\u00e7os que os unem na miss\u00e3o de promover a devo\u00e7\u00e3o \u00e0 M\u00e3e Peregrina. As ora\u00e7\u00f5es, al\u00e9m de elevarem o esp\u00edrito, foram fundamentais para a reflex\u00e3o pessoal e coletiva.<\/p>\n<h2>Experi\u00eancias de Partilha e Din\u00e2micas<\/h2>\n<p>Os mission\u00e1rios participaram de din\u00e2micas que enriqueceram o aprendizado e promessas de partilha entre os presentes. A din\u00e2mica n\u00e3o s\u00f3 incentivou a express\u00e3o de sentimentos e experi\u00eancias pessoais mas tamb\u00e9m contribuiu para que vissem a import\u00e2ncia da colabora\u00e7\u00e3o m\u00fatua em suas atividades. Esses momentos de troca foram essenciais para consolidar a unidade de prop\u00f3sito e fidelidade \u00e0 miss\u00e3o.<\/p>\n<h2>Compromisso com a M\u00e3e e Rainha<\/h2>\n<p>Ao final do encontro, foi realizada uma ora\u00e7\u00e3o de envio, que simbolizou o renovado compromisso de cada mission\u00e1rio e coordenador em continuar o trabalho de evangeliza\u00e7\u00e3o e de levar a M\u00e3e Peregrina a muitos lares. Esta ora\u00e7\u00e3o n\u00e3o apenas reafirmou a determina\u00e7\u00e3o de guiarem seus fi\u00e9is na f\u00e9, mas tamb\u00e9m refor\u00e7ou a alegria e a responsabilidade que \u00e9 ser um mission\u00e1rio da M\u00e3e e Rainha.<\/p>\n","protected":false},"excerpt":{"rendered":"<p>Coordenadores e mission\u00e1rios se reuniram em Pouso Alegre para uma forma\u00e7\u00e3o especial.<\/p>\n","protected":false},"author":1,"featured_media":4585,"comment_status":"open","ping_status":"open","sticky":false,"template":"","format":"standard","meta":{"footnotes":""},"categories":[5],"tags":[],"class_list":["post-4586","post","type-post","status-publish","format-standard","has-post-thumbnail","hentry","category-noticias","has_thumb"],"yoast_head":"<!-- This site is optimized with the Yoast SEO plugin v26.3 - https:\/\/yoast.com\/wordpress\/plugins\/seo\/ -->\n<title>Coordenadores e mission\u00e1rios participam de forma\u00e7\u00e3o em Pouso Alegre\/MG | Encontra Itajub\u00e1<\/title>\n<meta name=\"robots\" content=\"index, follow, max-snippet:-1, max-image-preview:large, max-video-preview:-1\" \/>\n<link rel=\"canonical\" href=\"https:\/\/www.encontraminasgerais.com.br\/itajuba\/coordenadores-e-missionarios-participam-de-formacao-em-pouso-alegre-mg\/\" \/>\n<meta property=\"og:locale\" content=\"pt_BR\" \/>\n<meta property=\"og:type\" content=\"article\" \/>\n<meta property=\"og:title\" content=\"Coordenadores e mission\u00e1rios participam de forma\u00e7\u00e3o em Pouso Alegre\/MG | Encontra Itajub\u00e1\" \/>\n<meta property=\"og:description\" content=\"Coordenadores e mission\u00e1rios se reuniram em Pouso Alegre para uma forma\u00e7\u00e3o especial.\" \/>\n<meta property=\"og:url\" content=\"https:\/\/www.encontraminasgerais.com.br\/itajuba\/coordenadores-e-missionarios-participam-de-formacao-em-pouso-alegre-mg\/\" \/>\n<meta property=\"og:site_name\" content=\"Encontra Itajub\u00e1\" \/>\n<meta property=\"article:published_time\" content=\"2026-02-13T09:46:57+00:00\" \/>\n<meta property=\"og:image\" content=\"https:\/\/www.encontraminasgerais.com.br\/itajuba\/wp-content\/uploads\/2026\/02\/coordenadores-e-missionarios-participam-de-formacao-em-pouso-alegre-mg.webp\" \/>\n<meta name=\"author\" content=\"Encontra Itajub\u00e1\" \/>\n<meta name=\"twitter:card\" content=\"summary_large_image\" \/>\n<meta name=\"twitter:label1\" content=\"Escrito por\" \/>\n\t<meta name=\"twitter:data1\" content=\"Encontra Itajub\u00e1\" \/>\n\t<meta name=\"twitter:label2\" content=\"Est. tempo de leitura\" \/>\n\t<meta name=\"twitter:data2\" content=\"4 minutos\" \/>\n<script type=\"application\/ld+json\" class=\"yoast-schema-graph\">{\"@context\":\"https:\/\/schema.org\",\"@graph\":[{\"@type\":\"WebPage\",\"@id\":\"https:\/\/www.encontraminasgerais.com.br\/itajuba\/coordenadores-e-missionarios-participam-de-formacao-em-pouso-alegre-mg\/\",\"url\":\"https:\/\/www.encontraminasgerais.com.br\/itajuba\/coordenadores-e-missionarios-participam-de-formacao-em-pouso-alegre-mg\/\",\"name\":\"Coordenadores e mission\u00e1rios participam de forma\u00e7\u00e3o em Pouso Alegre\/MG | Encontra Itajub\u00e1\",\"isPartOf\":{\"@id\":\"https:\/\/www.encontraminasgerais.com.br\/itajuba\/#website\"},\"primaryImageOfPage\":{\"@id\":\"https:\/\/www.encontraminasgerais.com.br\/itajuba\/coordenadores-e-missionarios-participam-de-formacao-em-pouso-alegre-mg\/#primaryimage\"},\"image\":{\"@id\":\"https:\/\/www.encontraminasgerais.com.br\/itajuba\/coordenadores-e-missionarios-participam-de-formacao-em-pouso-alegre-mg\/#primaryimage\"},\"thumbnailUrl\":\"https:\/\/www.encontraminasgerais.com.br\/itajuba\/wp-content\/uploads\/2026\/02\/coordenadores-e-missionarios-participam-de-formacao-em-pouso-alegre-mg.webp\",\"datePublished\":\"2026-02-13T09:46:57+00:00\",\"author\":{\"@id\":\"https:\/\/www.encontraminasgerais.com.br\/itajuba\/#\/schema\/person\/d26674c083ec86b440752843a690de33\"},\"inLanguage\":\"pt-BR\",\"potentialAction\":[{\"@type\":\"ReadAction\",\"target\":[\"https:\/\/www.encontraminasgerais.com.br\/itajuba\/coordenadores-e-missionarios-participam-de-formacao-em-pouso-alegre-mg\/\"]}]},{\"@type\":\"ImageObject\",\"inLanguage\":\"pt-BR\",\"@id\":\"https:\/\/www.encontraminasgerais.com.br\/itajuba\/coordenadores-e-missionarios-participam-de-formacao-em-pouso-alegre-mg\/#primaryimage\",\"url\":\"https:\/\/www.encontraminasgerais.com.br\/itajuba\/wp-content\/uploads\/2026\/02\/coordenadores-e-missionarios-participam-de-formacao-em-pouso-alegre-mg.webp\",\"contentUrl\":\"https:\/\/www.encontraminasgerais.com.br\/itajuba\/wp-content\/uploads\/2026\/02\/coordenadores-e-missionarios-participam-de-formacao-em-pouso-alegre-mg.webp\",\"width\":280,\"height\":280,\"caption\":\"forma\u00e7\u00e3o em Pouso Alegre\/MG\"},{\"@type\":\"WebSite\",\"@id\":\"https:\/\/www.encontraminasgerais.com.br\/itajuba\/#website\",\"url\":\"https:\/\/www.encontraminasgerais.com.br\/itajuba\/\",\"name\":\"Encontra Itajub\u00e1\",\"description\":\"ENCONTRA ITAJUB\u00c1 - O guia comercial de neg\u00f3cios e empresas, cultura e divers\u00e3o na cidade de Itajub\u00e1. Feito 100% para voc\u00ea morador!\",\"potentialAction\":[{\"@type\":\"SearchAction\",\"target\":{\"@type\":\"EntryPoint\",\"urlTemplate\":\"https:\/\/www.encontraminasgerais.com.br\/itajuba\/?s={search_term_string}\"},\"query-input\":{\"@type\":\"PropertyValueSpecification\",\"valueRequired\":true,\"valueName\":\"search_term_string\"}}],\"inLanguage\":\"pt-BR\"},{\"@type\":\"Person\",\"@id\":\"https:\/\/www.encontraminasgerais.com.br\/itajuba\/#\/schema\/person\/d26674c083ec86b440752843a690de33\",\"name\":\"Encontra Itajub\u00e1\",\"image\":{\"@type\":\"ImageObject\",\"inLanguage\":\"pt-BR\",\"@id\":\"https:\/\/www.encontraminasgerais.com.br\/itajuba\/#\/schema\/person\/image\/\",\"url\":\"https:\/\/secure.gravatar.com\/avatar\/c50c17820bcf322f0a8fd6b110b8c0918141409dc69076470f6fca5fee70a5d4?s=96&d=mm&r=g\",\"contentUrl\":\"https:\/\/secure.gravatar.com\/avatar\/c50c17820bcf322f0a8fd6b110b8c0918141409dc69076470f6fca5fee70a5d4?s=96&d=mm&r=g\",\"caption\":\"Encontra Itajub\u00e1\"},\"url\":\"https:\/\/www.encontraminasgerais.com.br\/itajuba\/author\/eitajuba\/\"}]}<\/script>\n<!-- \/ Yoast SEO plugin. -->","yoast_head_json":{"title":"Coordenadores e mission\u00e1rios participam de forma\u00e7\u00e3o em Pouso Alegre\/MG | Encontra Itajub\u00e1","robots":{"index":"index","follow":"follow","max-snippet":"max-snippet:-1","max-image-preview":"max-image-preview:large","max-video-preview":"max-video-preview:-1"},"canonical":"https:\/\/www.encontraminasgerais.com.br\/itajuba\/coordenadores-e-missionarios-participam-de-formacao-em-pouso-alegre-mg\/","og_locale":"pt_BR","og_type":"article","og_title":"Coordenadores e mission\u00e1rios participam de forma\u00e7\u00e3o em Pouso Alegre\/MG | Encontra Itajub\u00e1","og_description":"Coordenadores e mission\u00e1rios se reuniram em Pouso Alegre para uma forma\u00e7\u00e3o especial.","og_url":"https:\/\/www.encontraminasgerais.com.br\/itajuba\/coordenadores-e-missionarios-participam-de-formacao-em-pouso-alegre-mg\/","og_site_name":"Encontra Itajub\u00e1","article_published_time":"2026-02-13T09:46:57+00:00","og_image":[{"url":"https:\/\/www.encontraminasgerais.com.br\/itajuba\/wp-content\/uploads\/2026\/02\/coordenadores-e-missionarios-participam-de-formacao-em-pouso-alegre-mg.webp","type":"","width":"","height":""}],"author":"Encontra Itajub\u00e1","twitter_card":"summary_large_image","twitter_misc":{"Escrito por":"Encontra Itajub\u00e1","Est. tempo de leitura":"4 minutos"},"schema":{"@context":"https:\/\/schema.org","@graph":[{"@type":"WebPage","@id":"https:\/\/www.encontraminasgerais.com.br\/itajuba\/coordenadores-e-missionarios-participam-de-formacao-em-pouso-alegre-mg\/","url":"https:\/\/www.encontraminasgerais.com.br\/itajuba\/coordenadores-e-missionarios-participam-de-formacao-em-pouso-alegre-mg\/","name":"Coordenadores e mission\u00e1rios participam de forma\u00e7\u00e3o em Pouso Alegre\/MG | Encontra Itajub\u00e1","isPartOf":{"@id":"https:\/\/www.encontraminasgerais.com.br\/itajuba\/#website"},"primaryImageOfPage":{"@id":"https:\/\/www.encontraminasgerais.com.br\/itajuba\/coordenadores-e-missionarios-participam-de-formacao-em-pouso-alegre-mg\/#primaryimage"},"image":{"@id":"https:\/\/www.encontraminasgerais.com.br\/itajuba\/coordenadores-e-missionarios-participam-de-formacao-em-pouso-alegre-mg\/#primaryimage"},"thumbnailUrl":"https:\/\/www.encontraminasgerais.com.br\/itajuba\/wp-content\/uploads\/2026\/02\/coordenadores-e-missionarios-participam-de-formacao-em-pouso-alegre-mg.webp","datePublished":"2026-02-13T09:46:57+00:00","author":{"@id":"https:\/\/www.encontraminasgerais.com.br\/itajuba\/#\/schema\/person\/d26674c083ec86b440752843a690de33"},"inLanguage":"pt-BR","potentialAction":[{"@type":"ReadAction","target":["https:\/\/www.encontraminasgerais.com.br\/itajuba\/coordenadores-e-missionarios-participam-de-formacao-em-pouso-alegre-mg\/"]}]},{"@type":"ImageObject","inLanguage":"pt-BR","@id":"https:\/\/www.encontraminasgerais.com.br\/itajuba\/coordenadores-e-missionarios-participam-de-formacao-em-pouso-alegre-mg\/#primaryimage","url":"https:\/\/www.encontraminasgerais.com.br\/itajuba\/wp-content\/uploads\/2026\/02\/coordenadores-e-missionarios-participam-de-formacao-em-pouso-alegre-mg.webp","contentUrl":"https:\/\/www.encontraminasgerais.com.br\/itajuba\/wp-content\/uploads\/2026\/02\/coordenadores-e-missionarios-participam-de-formacao-em-pouso-alegre-mg.webp","width":280,"height":280,"caption":"forma\u00e7\u00e3o em Pouso Alegre\/MG"},{"@type":"WebSite","@id":"https:\/\/www.encontraminasgerais.com.br\/itajuba\/#website","url":"https:\/\/www.encontraminasgerais.com.br\/itajuba\/","name":"Encontra Itajub\u00e1","description":"ENCONTRA ITAJUB\u00c1 - O guia comercial de neg\u00f3cios e empresas, cultura e divers\u00e3o na cidade de Itajub\u00e1. Feito 100% para voc\u00ea morador!","potentialAction":[{"@type":"SearchAction","target":{"@type":"EntryPoint","urlTemplate":"https:\/\/www.encontraminasgerais.com.br\/itajuba\/?s={search_term_string}"},"query-input":{"@type":"PropertyValueSpecification","valueRequired":true,"valueName":"search_term_string"}}],"inLanguage":"pt-BR"},{"@type":"Person","@id":"https:\/\/www.encontraminasgerais.com.br\/itajuba\/#\/schema\/person\/d26674c083ec86b440752843a690de33","name":"Encontra Itajub\u00e1","image":{"@type":"ImageObject","inLanguage":"pt-BR","@id":"https:\/\/www.encontraminasgerais.com.br\/itajuba\/#\/schema\/person\/image\/","url":"https:\/\/secure.gravatar.com\/avatar\/c50c17820bcf322f0a8fd6b110b8c0918141409dc69076470f6fca5fee70a5d4?s=96&d=mm&r=g","contentUrl":"https:\/\/secure.gravatar.com\/avatar\/c50c17820bcf322f0a8fd6b110b8c0918141409dc69076470f6fca5fee70a5d4?s=96&d=mm&r=g","caption":"Encontra Itajub\u00e1"},"url":"https:\/\/www.encontraminasgerais.com.br\/itajuba\/author\/eitajuba\/"}]}},"_links":{"self":[{"href":"https:\/\/www.encontraminasgerais.com.br\/itajuba\/wp-json\/wp\/v2\/posts\/4586","targetHints":{"allow":["GET"]}}],"collection":[{"href":"https:\/\/www.encontraminasgerais.com.br\/itajuba\/wp-json\/wp\/v2\/posts"}],"about":[{"href":"https:\/\/www.encontraminasgerais.com.br\/itajuba\/wp-json\/wp\/v2\/types\/post"}],"author":[{"embeddable":true,"href":"https:\/\/www.encontraminasgerais.com.br\/itajuba\/wp-json\/wp\/v2\/users\/1"}],"replies":[{"embeddable":true,"href":"https:\/\/www.encontraminasgerais.com.br\/itajuba\/wp-json\/wp\/v2\/comments?post=4586"}],"version-history":[{"count":0,"href":"https:\/\/www.encontraminasgerais.com.br\/itajuba\/wp-json\/wp\/v2\/posts\/4586\/revisions"}],"wp:featuredmedia":[{"embeddable":true,"href":"https:\/\/www.encontraminasgerais.com.br\/itajuba\/wp-json\/wp\/v2\/media\/4585"}],"wp:attachment":[{"href":"https:\/\/www.encontraminasgerais.com.br\/itajuba\/wp-json\/wp\/v2\/media?parent=4586"}],"wp:term":[{"taxonomy":"category","embeddable":true,"href":"https:\/\/www.encontraminasgerais.com.br\/itajuba\/wp-json\/wp\/v2\/categories?post=4586"},{"taxonomy":"post_tag","embeddable":true,"href":"https:\/\/www.encontraminasgerais.com.br\/itajuba\/wp-json\/wp\/v2\/tags?post=4586"}],"curies":[{"name":"wp","href":"https:\/\/api.w.org\/{rel}","templated":true}]}}