{"id":4622,"date":"2026-02-20T06:39:43","date_gmt":"2026-02-20T09:39:43","guid":{"rendered":"https:\/\/www.encontraminasgerais.com.br\/itajuba\/em-reuniao-bilateral-lula-e-macron-discutem-seguranca-e-combate-ao-narcotrafico-na-fronteira-do-brasil-com-guiana-francesa\/"},"modified":"2026-02-20T06:39:43","modified_gmt":"2026-02-20T09:39:43","slug":"em-reuniao-bilateral-lula-e-macron-discutem-seguranca-e-combate-ao-narcotrafico-na-fronteira-do-brasil-com-guiana-francesa","status":"publish","type":"post","link":"https:\/\/www.encontraminasgerais.com.br\/itajuba\/em-reuniao-bilateral-lula-e-macron-discutem-seguranca-e-combate-ao-narcotrafico-na-fronteira-do-brasil-com-guiana-francesa\/","title":{"rendered":"Em reuni\u00e3o bilateral, Lula e Macron discutem seguran\u00e7a e combate ao narcotr\u00e1fico na fronteira do Brasil com Guiana Francesa"},"content":{"rendered":"<h2>Encontro Bilateral em Nova D\u00e9lhi<\/h2>\n<p>No \u00faltimo dia 19 de fevereiro, o presidente do Brasil, Luiz In\u00e1cio Lula da Silva, e o presidente da Fran\u00e7a, Emmanuel Macron, se encontraram em uma reuni\u00e3o bilateral em Nova D\u00e9lhi, na \u00cdndia. O foco principal do encontro foram as estrat\u00e9gias para combater o narcotr\u00e1fico e outras formas de crime transnacional que proliferam nas fronteiras entre o Brasil e a Guiana Francesa, especialmente na regi\u00e3o do Amap\u00e1.<\/p>\n<h2>Temas Centrais da Reuni\u00e3o<\/h2>\n<p>A agenda da conversa abrangeu n\u00e3o apenas o narcotr\u00e1fico, mas tamb\u00e9m o tema do garimpo ilegal, que avan\u00e7a no contexto de explora\u00e7\u00e3o de recursos naturais, procurando discutir solu\u00e7\u00f5es pr\u00e1ticas para problemas urgentes que afetam a seguran\u00e7a da regi\u00e3o. O governo brasileiro n\u00e3o divulgou detalhes sobre qualquer acordo ou plano espec\u00edfico resultante da reuni\u00e3o, o que deixou algumas incertezas sobre as medidas conjuntas que podem ser implementadas.<\/p>\n<h2>Discuss\u00f5es sobre Crime Transnacional<\/h2>\n<p>O narcotr\u00e1fico, reconhecido como um desafio crescente no \u00e2mbito da seguran\u00e7a p\u00fablica, foi analisado em termos de estrat\u00e9gias intergovernamentais que poderiam ser efetivas no combate a esse crime. Ambos os presidentes utilizaram este espa\u00e7o para enfatizar a necessidade de uma colabora\u00e7\u00e3o mais robusta entre na\u00e7\u00f5es na luta contra delitos que transcendem fronteiras, como o tr\u00e1fico de drogas e armas.<\/p>\n<p><img decoding=\"async\" src=\"https:\/\/www.encontraminasgerais.com.br\/itajuba\/wp-content\/uploads\/2026\/02\/em-reuniao-bilateral-lula-e-macron-discutem-seguranca-e-combate-ao-narcotrafico-na-fronteira-do-bras.webp\" alt=\"narcotr\u00e1fico\" loading=\"lazy\" \/><\/p>\n<h2>Combate ao Narcotr\u00e1fico<\/h2>\n<p>O narcotr\u00e1fico se tornou uma preocupa\u00e7\u00e3o global. Lula e Macron discutiram a necessidade de fortalecer a articula\u00e7\u00e3o entre os pa\u00edses da Am\u00e9rica do Sul e da Europa para enfrentar essa quest\u00e3o que n\u00e3o \u00e9 exclusiva a nenhuma na\u00e7\u00e3o, mas sim um fen\u00f4meno que afeta sociedades inteiras, promovendo viol\u00eancia e inseguran\u00e7a.<\/p>\n<h2>Coopera\u00e7\u00e3o na Ind\u00fastria de Defesa<\/h2>\n<p>Outro t\u00f3pico relevante abordado foi a coopera\u00e7\u00e3o na ind\u00fastria de defesa. Emmanuel Macron expressou o interesse em colaborar com o Brasil em projetos que envolvam a fabrica\u00e7\u00e3o de submarinos e helic\u00f3pteros, destacando investimentos estrat\u00e9gicos que poderiam beneficiar ambos os pa\u00edses. Em particular, a possibilidade de transforma\u00e7\u00e3o da f\u00e1brica da Helibras, localizada em Itajub\u00e1 (MG), em um polo de produ\u00e7\u00e3o e exporta\u00e7\u00e3o de helic\u00f3pteros foi um ponto de discuss\u00e3o.<\/p>\n<h2>Avan\u00e7os em Seguran\u00e7a Regional<\/h2>\n<p>A coopera\u00e7\u00e3o entre Brasil e Fran\u00e7a na \u00e1rea de defesa n\u00e3o se limita a projetos de longo prazo, mas tamb\u00e9m inclui iniciativas imediatas que podem ser exploradas para fortalecer a seguran\u00e7a regional. O Programa de Desenvolvimento de Submarinos (Prosub), iniciado em 2008, foi relembrado como uma estrat\u00e9gia a ser continuada, enfatizando a import\u00e2ncia do investimento em tecnologias defensivas.<\/p>\n<h2>O Papel do Garimpo Ilegal<\/h2>\n<p>A a\u00e7\u00e3o do garimpo ilegal, que se proliferou na regi\u00e3o amaz\u00f4nica, foi um dos pontos cr\u00edticos na conversa entre os l\u00edderes. A explora\u00e7\u00e3o descontrolada de recursos naturais n\u00e3o s\u00f3 compromete o meio ambiente, mas tamb\u00e9m alimenta estruturas de crime organizado. Portanto, uma abordagem conjunta e eficaz \u00e9 necess\u00e1ria para mitigar esses impactos.<\/p>\n<h2>Investimentos Estrat\u00e9gicos<\/h2>\n<p>Durante a reuni\u00e3o, ambos os l\u00edderes tamb\u00e9m avaliaram diversos investimentos em setores cr\u00edticos, al\u00e9m da defesa, como sa\u00fade e tecnologia. Lula e Macron exploraram conjuntamente \u00e1reas onde a colabora\u00e7\u00e3o poderia ser ampliada, com foco em benef\u00edcios m\u00fatuos e na melhoria das pol\u00edticas sociais e de sa\u00fade p\u00fablica.<\/p>\n<h2>Convite para a C\u00fapula do G7<\/h2>\n<p>Outro resultado das discuss\u00f5es foi o convite de Macron para que Lula participasse da pr\u00f3xima c\u00fapula do G7, que ocorrer\u00e1 em junho na Fran\u00e7a. Esse convite representa um sinal positivo da disposi\u00e7\u00e3o da Fran\u00e7a em incluir o Brasil nas discuss\u00f5es de alt\u00edssimo n\u00edvel sobre temas globais, refor\u00e7ando a import\u00e2ncia do Brasil como ator de destaque em quest\u00f5es internacionais.<\/p>\n<h2>Implica\u00e7\u00f5es para a Pol\u00edtica Externa<\/h2>\n<p>A reuni\u00e3o bilateral teve implica\u00e7\u00f5es significativas para a pol\u00edtica externa brasileira. O alinhamento e a aproxima\u00e7\u00e3o entre Brasil e Fran\u00e7a demonstram um esfor\u00e7o conjunto para lidar com quest\u00f5es geopol\u00edticas que exigem um trabalho colaborativo em n\u00edvel internacional. A \u00eanfase em um combate articulado ao narcotr\u00e1fico e crimes correlatos pode resultar em acordos mais amplos e efetivos, que beneficiem tanto o Brasil quanto seus parceiros internacionais.<\/p>\n","protected":false},"excerpt":{"rendered":"<p>Lula e Macron discutem seguran\u00e7a e combate ao narcotr\u00e1fico na fronteira.<\/p>\n","protected":false},"author":1,"featured_media":4621,"comment_status":"open","ping_status":"open","sticky":false,"template":"","format":"standard","meta":{"footnotes":""},"categories":[5],"tags":[],"class_list":["post-4622","post","type-post","status-publish","format-standard","has-post-thumbnail","hentry","category-noticias","has_thumb"],"yoast_head":"<!-- This site is optimized with the Yoast SEO plugin v26.3 - https:\/\/yoast.com\/wordpress\/plugins\/seo\/ -->\n<title>Em reuni\u00e3o bilateral, Lula e Macron discutem seguran\u00e7a e combate ao narcotr\u00e1fico na fronteira do Brasil com Guiana Francesa | Encontra Itajub\u00e1<\/title>\n<meta name=\"robots\" content=\"index, follow, max-snippet:-1, max-image-preview:large, max-video-preview:-1\" \/>\n<link rel=\"canonical\" href=\"https:\/\/www.encontraminasgerais.com.br\/itajuba\/em-reuniao-bilateral-lula-e-macron-discutem-seguranca-e-combate-ao-narcotrafico-na-fronteira-do-brasil-com-guiana-francesa\/\" \/>\n<meta property=\"og:locale\" content=\"pt_BR\" \/>\n<meta property=\"og:type\" content=\"article\" \/>\n<meta property=\"og:title\" content=\"Em reuni\u00e3o bilateral, Lula e Macron discutem seguran\u00e7a e combate ao narcotr\u00e1fico na fronteira do Brasil com Guiana Francesa | Encontra Itajub\u00e1\" \/>\n<meta property=\"og:description\" content=\"Lula e Macron discutem seguran\u00e7a e combate ao narcotr\u00e1fico na fronteira.\" \/>\n<meta property=\"og:url\" content=\"https:\/\/www.encontraminasgerais.com.br\/itajuba\/em-reuniao-bilateral-lula-e-macron-discutem-seguranca-e-combate-ao-narcotrafico-na-fronteira-do-brasil-com-guiana-francesa\/\" \/>\n<meta property=\"og:site_name\" content=\"Encontra Itajub\u00e1\" \/>\n<meta property=\"article:published_time\" content=\"2026-02-20T09:39:43+00:00\" \/>\n<meta property=\"og:image\" content=\"https:\/\/www.encontraminasgerais.com.br\/itajuba\/wp-content\/uploads\/2026\/02\/em-reuniao-bilateral-lula-e-macron-discutem-seguranca-e-combate-ao-narcotrafico-na-fronteira-do-bras.webp\" \/>\n<meta name=\"author\" content=\"Encontra Itajub\u00e1\" \/>\n<meta name=\"twitter:card\" content=\"summary_large_image\" \/>\n<meta name=\"twitter:label1\" content=\"Escrito por\" \/>\n\t<meta name=\"twitter:data1\" content=\"Encontra Itajub\u00e1\" \/>\n\t<meta name=\"twitter:label2\" content=\"Est. tempo de leitura\" \/>\n\t<meta name=\"twitter:data2\" content=\"4 minutos\" \/>\n<script type=\"application\/ld+json\" class=\"yoast-schema-graph\">{\"@context\":\"https:\/\/schema.org\",\"@graph\":[{\"@type\":\"WebPage\",\"@id\":\"https:\/\/www.encontraminasgerais.com.br\/itajuba\/em-reuniao-bilateral-lula-e-macron-discutem-seguranca-e-combate-ao-narcotrafico-na-fronteira-do-brasil-com-guiana-francesa\/\",\"url\":\"https:\/\/www.encontraminasgerais.com.br\/itajuba\/em-reuniao-bilateral-lula-e-macron-discutem-seguranca-e-combate-ao-narcotrafico-na-fronteira-do-brasil-com-guiana-francesa\/\",\"name\":\"Em reuni\u00e3o bilateral, Lula e Macron discutem seguran\u00e7a e combate ao narcotr\u00e1fico na fronteira do Brasil com Guiana Francesa | Encontra Itajub\u00e1\",\"isPartOf\":{\"@id\":\"https:\/\/www.encontraminasgerais.com.br\/itajuba\/#website\"},\"primaryImageOfPage\":{\"@id\":\"https:\/\/www.encontraminasgerais.com.br\/itajuba\/em-reuniao-bilateral-lula-e-macron-discutem-seguranca-e-combate-ao-narcotrafico-na-fronteira-do-brasil-com-guiana-francesa\/#primaryimage\"},\"image\":{\"@id\":\"https:\/\/www.encontraminasgerais.com.br\/itajuba\/em-reuniao-bilateral-lula-e-macron-discutem-seguranca-e-combate-ao-narcotrafico-na-fronteira-do-brasil-com-guiana-francesa\/#primaryimage\"},\"thumbnailUrl\":\"https:\/\/www.encontraminasgerais.com.br\/itajuba\/wp-content\/uploads\/2026\/02\/em-reuniao-bilateral-lula-e-macron-discutem-seguranca-e-combate-ao-narcotrafico-na-fronteira-do-bras.webp\",\"datePublished\":\"2026-02-20T09:39:43+00:00\",\"author\":{\"@id\":\"https:\/\/www.encontraminasgerais.com.br\/itajuba\/#\/schema\/person\/d26674c083ec86b440752843a690de33\"},\"inLanguage\":\"pt-BR\",\"potentialAction\":[{\"@type\":\"ReadAction\",\"target\":[\"https:\/\/www.encontraminasgerais.com.br\/itajuba\/em-reuniao-bilateral-lula-e-macron-discutem-seguranca-e-combate-ao-narcotrafico-na-fronteira-do-brasil-com-guiana-francesa\/\"]}]},{\"@type\":\"ImageObject\",\"inLanguage\":\"pt-BR\",\"@id\":\"https:\/\/www.encontraminasgerais.com.br\/itajuba\/em-reuniao-bilateral-lula-e-macron-discutem-seguranca-e-combate-ao-narcotrafico-na-fronteira-do-brasil-com-guiana-francesa\/#primaryimage\",\"url\":\"https:\/\/www.encontraminasgerais.com.br\/itajuba\/wp-content\/uploads\/2026\/02\/em-reuniao-bilateral-lula-e-macron-discutem-seguranca-e-combate-ao-narcotrafico-na-fronteira-do-bras.webp\",\"contentUrl\":\"https:\/\/www.encontraminasgerais.com.br\/itajuba\/wp-content\/uploads\/2026\/02\/em-reuniao-bilateral-lula-e-macron-discutem-seguranca-e-combate-ao-narcotrafico-na-fronteira-do-bras.webp\",\"width\":280,\"height\":280,\"caption\":\"narcotr\u00e1fico\"},{\"@type\":\"WebSite\",\"@id\":\"https:\/\/www.encontraminasgerais.com.br\/itajuba\/#website\",\"url\":\"https:\/\/www.encontraminasgerais.com.br\/itajuba\/\",\"name\":\"Encontra Itajub\u00e1\",\"description\":\"ENCONTRA ITAJUB\u00c1 - O guia comercial de neg\u00f3cios e empresas, cultura e divers\u00e3o na cidade de Itajub\u00e1. Feito 100% para voc\u00ea morador!\",\"potentialAction\":[{\"@type\":\"SearchAction\",\"target\":{\"@type\":\"EntryPoint\",\"urlTemplate\":\"https:\/\/www.encontraminasgerais.com.br\/itajuba\/?s={search_term_string}\"},\"query-input\":{\"@type\":\"PropertyValueSpecification\",\"valueRequired\":true,\"valueName\":\"search_term_string\"}}],\"inLanguage\":\"pt-BR\"},{\"@type\":\"Person\",\"@id\":\"https:\/\/www.encontraminasgerais.com.br\/itajuba\/#\/schema\/person\/d26674c083ec86b440752843a690de33\",\"name\":\"Encontra Itajub\u00e1\",\"image\":{\"@type\":\"ImageObject\",\"inLanguage\":\"pt-BR\",\"@id\":\"https:\/\/www.encontraminasgerais.com.br\/itajuba\/#\/schema\/person\/image\/\",\"url\":\"https:\/\/secure.gravatar.com\/avatar\/c50c17820bcf322f0a8fd6b110b8c0918141409dc69076470f6fca5fee70a5d4?s=96&d=mm&r=g\",\"contentUrl\":\"https:\/\/secure.gravatar.com\/avatar\/c50c17820bcf322f0a8fd6b110b8c0918141409dc69076470f6fca5fee70a5d4?s=96&d=mm&r=g\",\"caption\":\"Encontra Itajub\u00e1\"},\"url\":\"https:\/\/www.encontraminasgerais.com.br\/itajuba\/author\/eitajuba\/\"}]}<\/script>\n<!-- \/ Yoast SEO plugin. -->","yoast_head_json":{"title":"Em reuni\u00e3o bilateral, Lula e Macron discutem seguran\u00e7a e combate ao narcotr\u00e1fico na fronteira do Brasil com Guiana Francesa | Encontra Itajub\u00e1","robots":{"index":"index","follow":"follow","max-snippet":"max-snippet:-1","max-image-preview":"max-image-preview:large","max-video-preview":"max-video-preview:-1"},"canonical":"https:\/\/www.encontraminasgerais.com.br\/itajuba\/em-reuniao-bilateral-lula-e-macron-discutem-seguranca-e-combate-ao-narcotrafico-na-fronteira-do-brasil-com-guiana-francesa\/","og_locale":"pt_BR","og_type":"article","og_title":"Em reuni\u00e3o bilateral, Lula e Macron discutem seguran\u00e7a e combate ao narcotr\u00e1fico na fronteira do Brasil com Guiana Francesa | Encontra Itajub\u00e1","og_description":"Lula e Macron discutem seguran\u00e7a e combate ao narcotr\u00e1fico na fronteira.","og_url":"https:\/\/www.encontraminasgerais.com.br\/itajuba\/em-reuniao-bilateral-lula-e-macron-discutem-seguranca-e-combate-ao-narcotrafico-na-fronteira-do-brasil-com-guiana-francesa\/","og_site_name":"Encontra Itajub\u00e1","article_published_time":"2026-02-20T09:39:43+00:00","og_image":[{"url":"https:\/\/www.encontraminasgerais.com.br\/itajuba\/wp-content\/uploads\/2026\/02\/em-reuniao-bilateral-lula-e-macron-discutem-seguranca-e-combate-ao-narcotrafico-na-fronteira-do-bras.webp","type":"","width":"","height":""}],"author":"Encontra Itajub\u00e1","twitter_card":"summary_large_image","twitter_misc":{"Escrito por":"Encontra Itajub\u00e1","Est. tempo de leitura":"4 minutos"},"schema":{"@context":"https:\/\/schema.org","@graph":[{"@type":"WebPage","@id":"https:\/\/www.encontraminasgerais.com.br\/itajuba\/em-reuniao-bilateral-lula-e-macron-discutem-seguranca-e-combate-ao-narcotrafico-na-fronteira-do-brasil-com-guiana-francesa\/","url":"https:\/\/www.encontraminasgerais.com.br\/itajuba\/em-reuniao-bilateral-lula-e-macron-discutem-seguranca-e-combate-ao-narcotrafico-na-fronteira-do-brasil-com-guiana-francesa\/","name":"Em reuni\u00e3o bilateral, Lula e Macron discutem seguran\u00e7a e combate ao narcotr\u00e1fico na fronteira do Brasil com Guiana Francesa | Encontra Itajub\u00e1","isPartOf":{"@id":"https:\/\/www.encontraminasgerais.com.br\/itajuba\/#website"},"primaryImageOfPage":{"@id":"https:\/\/www.encontraminasgerais.com.br\/itajuba\/em-reuniao-bilateral-lula-e-macron-discutem-seguranca-e-combate-ao-narcotrafico-na-fronteira-do-brasil-com-guiana-francesa\/#primaryimage"},"image":{"@id":"https:\/\/www.encontraminasgerais.com.br\/itajuba\/em-reuniao-bilateral-lula-e-macron-discutem-seguranca-e-combate-ao-narcotrafico-na-fronteira-do-brasil-com-guiana-francesa\/#primaryimage"},"thumbnailUrl":"https:\/\/www.encontraminasgerais.com.br\/itajuba\/wp-content\/uploads\/2026\/02\/em-reuniao-bilateral-lula-e-macron-discutem-seguranca-e-combate-ao-narcotrafico-na-fronteira-do-bras.webp","datePublished":"2026-02-20T09:39:43+00:00","author":{"@id":"https:\/\/www.encontraminasgerais.com.br\/itajuba\/#\/schema\/person\/d26674c083ec86b440752843a690de33"},"inLanguage":"pt-BR","potentialAction":[{"@type":"ReadAction","target":["https:\/\/www.encontraminasgerais.com.br\/itajuba\/em-reuniao-bilateral-lula-e-macron-discutem-seguranca-e-combate-ao-narcotrafico-na-fronteira-do-brasil-com-guiana-francesa\/"]}]},{"@type":"ImageObject","inLanguage":"pt-BR","@id":"https:\/\/www.encontraminasgerais.com.br\/itajuba\/em-reuniao-bilateral-lula-e-macron-discutem-seguranca-e-combate-ao-narcotrafico-na-fronteira-do-brasil-com-guiana-francesa\/#primaryimage","url":"https:\/\/www.encontraminasgerais.com.br\/itajuba\/wp-content\/uploads\/2026\/02\/em-reuniao-bilateral-lula-e-macron-discutem-seguranca-e-combate-ao-narcotrafico-na-fronteira-do-bras.webp","contentUrl":"https:\/\/www.encontraminasgerais.com.br\/itajuba\/wp-content\/uploads\/2026\/02\/em-reuniao-bilateral-lula-e-macron-discutem-seguranca-e-combate-ao-narcotrafico-na-fronteira-do-bras.webp","width":280,"height":280,"caption":"narcotr\u00e1fico"},{"@type":"WebSite","@id":"https:\/\/www.encontraminasgerais.com.br\/itajuba\/#website","url":"https:\/\/www.encontraminasgerais.com.br\/itajuba\/","name":"Encontra Itajub\u00e1","description":"ENCONTRA ITAJUB\u00c1 - O guia comercial de neg\u00f3cios e empresas, cultura e divers\u00e3o na cidade de Itajub\u00e1. Feito 100% para voc\u00ea morador!","potentialAction":[{"@type":"SearchAction","target":{"@type":"EntryPoint","urlTemplate":"https:\/\/www.encontraminasgerais.com.br\/itajuba\/?s={search_term_string}"},"query-input":{"@type":"PropertyValueSpecification","valueRequired":true,"valueName":"search_term_string"}}],"inLanguage":"pt-BR"},{"@type":"Person","@id":"https:\/\/www.encontraminasgerais.com.br\/itajuba\/#\/schema\/person\/d26674c083ec86b440752843a690de33","name":"Encontra Itajub\u00e1","image":{"@type":"ImageObject","inLanguage":"pt-BR","@id":"https:\/\/www.encontraminasgerais.com.br\/itajuba\/#\/schema\/person\/image\/","url":"https:\/\/secure.gravatar.com\/avatar\/c50c17820bcf322f0a8fd6b110b8c0918141409dc69076470f6fca5fee70a5d4?s=96&d=mm&r=g","contentUrl":"https:\/\/secure.gravatar.com\/avatar\/c50c17820bcf322f0a8fd6b110b8c0918141409dc69076470f6fca5fee70a5d4?s=96&d=mm&r=g","caption":"Encontra Itajub\u00e1"},"url":"https:\/\/www.encontraminasgerais.com.br\/itajuba\/author\/eitajuba\/"}]}},"_links":{"self":[{"href":"https:\/\/www.encontraminasgerais.com.br\/itajuba\/wp-json\/wp\/v2\/posts\/4622","targetHints":{"allow":["GET"]}}],"collection":[{"href":"https:\/\/www.encontraminasgerais.com.br\/itajuba\/wp-json\/wp\/v2\/posts"}],"about":[{"href":"https:\/\/www.encontraminasgerais.com.br\/itajuba\/wp-json\/wp\/v2\/types\/post"}],"author":[{"embeddable":true,"href":"https:\/\/www.encontraminasgerais.com.br\/itajuba\/wp-json\/wp\/v2\/users\/1"}],"replies":[{"embeddable":true,"href":"https:\/\/www.encontraminasgerais.com.br\/itajuba\/wp-json\/wp\/v2\/comments?post=4622"}],"version-history":[{"count":0,"href":"https:\/\/www.encontraminasgerais.com.br\/itajuba\/wp-json\/wp\/v2\/posts\/4622\/revisions"}],"wp:featuredmedia":[{"embeddable":true,"href":"https:\/\/www.encontraminasgerais.com.br\/itajuba\/wp-json\/wp\/v2\/media\/4621"}],"wp:attachment":[{"href":"https:\/\/www.encontraminasgerais.com.br\/itajuba\/wp-json\/wp\/v2\/media?parent=4622"}],"wp:term":[{"taxonomy":"category","embeddable":true,"href":"https:\/\/www.encontraminasgerais.com.br\/itajuba\/wp-json\/wp\/v2\/categories?post=4622"},{"taxonomy":"post_tag","embeddable":true,"href":"https:\/\/www.encontraminasgerais.com.br\/itajuba\/wp-json\/wp\/v2\/tags?post=4622"}],"curies":[{"name":"wp","href":"https:\/\/api.w.org\/{rel}","templated":true}]}}