{"id":4646,"date":"2026-02-25T06:39:40","date_gmt":"2026-02-25T09:39:40","guid":{"rendered":"https:\/\/www.encontraminasgerais.com.br\/itajuba\/defesa-civil-emite-alerta-laranja-para-tempestades-e-chuvas-intensas-no-sul-de-minas\/"},"modified":"2026-02-25T06:39:40","modified_gmt":"2026-02-25T09:39:40","slug":"defesa-civil-emite-alerta-laranja-para-tempestades-e-chuvas-intensas-no-sul-de-minas","status":"publish","type":"post","link":"https:\/\/www.encontraminasgerais.com.br\/itajuba\/defesa-civil-emite-alerta-laranja-para-tempestades-e-chuvas-intensas-no-sul-de-minas\/","title":{"rendered":"Defesa Civil emite alerta laranja para tempestades e chuvas intensas no Sul de Minas"},"content":{"rendered":"<h2>O que caracteriza um alerta laranja?<\/h2>\n<p>No contexto das previs\u00f5es meteorol\u00f3gicas, um alerta laranja indica a possibilidade de fen\u00f4menos clim\u00e1ticos severos que podem afetar a seguran\u00e7a e a vida cotidiana da popula\u00e7\u00e3o. Esse alerta \u00e9 uma notifica\u00e7\u00e3o importante emitida por autoridades meteorol\u00f3gicas, como o Instituto Nacional de Meteorologia (INMET), sinalizando a necessidade de precau\u00e7\u00e3o. Os avisos geralmente abrangem condi\u00e7\u00f5es de chuva intensa, ventos fortes e outros eventos clim\u00e1ticos que podem causar danos significativos.<\/p>\n<h2>Previs\u00f5es das tempestades para os pr\u00f3ximos dias<\/h2>\n<p>As previs\u00f5es indicam que o Sul de Minas Gerais enfrentar\u00e1 per\u00edodos de tempestades severas nos pr\u00f3ximos dias, particularmente at\u00e9 o dia 27 de fevereiro. As estimativas sugerem que pode ocorrer um ac\u00famulo de precipita\u00e7\u00e3o que chega a 100 mil\u00edmetros em algumas \u00e1reas em um \u00fanico dia. Essa quantidade de chuva pode resultar em alagamentos, deslizamentos de terra e outros tipos de mar\u00e7o clim\u00e1tico que impactam a infraestrutura local.<\/p>\n<h2>Impactos nas estradas e seguran\u00e7a dos motoristas<\/h2>\n<p>As chuvas intensas previstas t\u00eam implica\u00e7\u00f5es diretas para a seguran\u00e7a nas estradas da regi\u00e3o. Motoristas devem estar particularmente atentos \u00e0s condi\u00e7\u00f5es das principais vias, como a BR-459 e a MG-290, que s\u00e3o frequentemente utilizadas para transporte e deslocamento. Devido \u00e0s condi\u00e7\u00f5es clim\u00e1ticas, j\u00e1 foram relatados interdi\u00e7\u00f5es parciais em algumas estradas, incluindo a MGC-146, em Jacutinga, onde incidentes de deslizamento de terra podem ter ocorrido. Portanto, a cautela \u00e9 essencial ao viajar nestas rotas durante esse per\u00edodo cr\u00edtico.<\/p>\n<p><img decoding=\"async\" src=\"https:\/\/www.encontraminasgerais.com.br\/itajuba\/wp-content\/uploads\/2026\/02\/defesa-civil-emite-alerta-laranja-para-tempestades-e-chuvas-intensas-no-sul-de-minas.webp\" alt=\"tempestades severas sul de Minas\" loading=\"lazy\" \/><\/p>\n<h2>Cidades em foco: Lavras e regi\u00e3o<\/h2>\n<p>A cidade de Lavras e suas vizinhas, como Nepomuceno e Boa Esperan\u00e7a, est\u00e3o sob monitoramento constante devido \u00e0 expectativa de chuva forte. As autoridades locais est\u00e3o atentas \u00e0s condi\u00e7\u00f5es das estradas, especialmente na BR-265, que passa por um processo cont\u00ednuo de verifica\u00e7\u00e3o e manuten\u00e7\u00e3o de sinaliza\u00e7\u00e3o e pavimenta\u00e7\u00e3o. Isso \u00e9 particularmente importante para garantir a seguran\u00e7a dos motoristas que viajam em dias de forte chuva, que s\u00e3o esperados para o final da tarde e noite.<\/p>\n<h2>Cuidados durante chuvas intensas<\/h2>\n<p>A Defesa Civil recomenda a ado\u00e7\u00e3o de v\u00e1rias medidas de seguran\u00e7a durante as chuvas intensas. Entre as principais orienta\u00e7\u00f5es, destaca-se a import\u00e2ncia de evitar viagens durante os picos de precipita\u00e7\u00e3o, especialmente quando a visibilidade \u00e9 reduzida. Se o motorista se deparar com condi\u00e7\u00f5es de alagamento, \u00e9 crucial que ele procure abrigo em um local seguro, evitando parar no acostamento ou embaixo de \u00e1rvores, que podem cair durante tempestades.<\/p>\n<h2>Atualiza\u00e7\u00f5es em tempo real: como se manter informado<\/h2>\n<p>Para aqueles que desejam estar sempre atualizados em rela\u00e7\u00e3o \u00e0s condi\u00e7\u00f5es clim\u00e1ticas e poss\u00edveis bloqueios nas estradas, as informa\u00e7\u00f5es em tempo real podem ser obtidas atrav\u00e9s do canal Emerg\u00eancia MG ou pelo telefone da Pol\u00edcia Rodovi\u00e1ria Federal, que oferece suporte aos motoristas. Dessa forma, \u00e9 poss\u00edvel estar sempre por dentro das \u00faltimas atualiza\u00e7\u00f5es sobre a situa\u00e7\u00e3o das vias e o estado do clima na regi\u00e3o.<\/p>\n<h2>Interdi\u00e7\u00f5es e obras nas principais vias<\/h2>\n<p>A condi\u00e7\u00e3o das principais vias da regi\u00e3o \u00e9 uma preocupa\u00e7\u00e3o constante em \u00e9pocas de chuvas severas. Atualmente, a concession\u00e1ria EPR Sul de Minas est\u00e1 realizando v\u00e1rias obras e reparos emergenciais em cidades como Pouso Alegre, Po\u00e7os de Caldas e Itajub\u00e1. Essas obras podem provocar lentid\u00e3o no tr\u00e2nsito e opera\u00e7\u00f5es de pare e siga, o que deve ser levado em considera\u00e7\u00e3o por motoristas que precisam trafegar por essas \u00e1reas espec\u00edficas.<\/p>\n<h2>Como a Defesa Civil est\u00e1 se preparando<\/h2>\n<p>A Defesa Civil est\u00e1 adotando diversas estrat\u00e9gias para mitigar os impactos das tempestades previstas. As a\u00e7\u00f5es incluem monitoramento cont\u00ednuo das condi\u00e7\u00f5es clim\u00e1ticas e a realiza\u00e7\u00e3o de campanhas de conscientiza\u00e7\u00e3o para a popula\u00e7\u00e3o sobre os riscos das chuvas intensas. Al\u00e9m disso, a coordena\u00e7\u00e3o com ag\u00eancias municipais e estaduais garante que haja uma resposta r\u00e1pida e eficaz a quaisquer incidentes que possam ocorrer devido ao clima severo.<\/p>\n<h2>Dicas para evitar acidentes durante tempestades<\/h2>\n<p>Durante as chuvas intensas, h\u00e1 v\u00e1rias medidas que os motoristas podem tomar para garantir sua seguran\u00e7a e evitar acidentes:<\/p>\n<ul>\n<li><strong>Reduzir a velocidade:<\/strong> Com a visibilidade reduzida e o pavimento molhado, \u00e9 fundamental diminuir a velocidade do ve\u00edculo.<\/li>\n<li><strong>Manter dist\u00e2ncia segura:<\/strong> Aumentar a dist\u00e2ncia em rela\u00e7\u00e3o ao ve\u00edculo \u00e0 frente pode ajudar a evitar colis\u00f5es.<\/li>\n<li><strong>Evitar manobras bruscas:<\/strong> Mudan\u00e7as repentinas de dire\u00e7\u00e3o podem levar a perda de controle em superf\u00edcies molhadas.<\/li>\n<li><strong>Usar far\u00f3is:<\/strong> Acender os far\u00f3is em dias de chuva melhora a visibilidade e ajuda outros motoristas a v\u00ea-lo.<\/li>\n<\/ul>\n<h2>A import\u00e2ncia da conscientiza\u00e7\u00e3o clim\u00e1tica<\/h2>\n<p>Por fim, a conscientiza\u00e7\u00e3o sobre as condi\u00e7\u00f5es clim\u00e1ticas e seus impactos \u00e9 essencial. A popula\u00e7\u00e3o deve ser informada sobre os riscos associados a fen\u00f4menos naturais e a import\u00e2ncia de se preparar adequadamente. Isso inclui conhecimento sobre os procedimentos a seguir em situa\u00e7\u00f5es de emerg\u00eancia, como deslizamentos de terra e inunda\u00e7\u00f5es, e a necessidade de manter um kit de emerg\u00eancia em casa. Al\u00e9m disso, promover a educa\u00e7\u00e3o sobre mudan\u00e7as clim\u00e1ticas pode ajudar as comunidades a se adaptarem a essas condi\u00e7\u00f5es cada vez mais frequentes e severas.<\/p>\n","protected":false},"excerpt":{"rendered":"<p>Alerta laranja para tempestades severas no Sul de Minas come\u00e7a a causar preocupa\u00e7\u00e3o.<\/p>\n","protected":false},"author":1,"featured_media":4645,"comment_status":"open","ping_status":"open","sticky":false,"template":"","format":"standard","meta":{"footnotes":""},"categories":[5],"tags":[],"class_list":["post-4646","post","type-post","status-publish","format-standard","has-post-thumbnail","hentry","category-noticias","has_thumb"],"yoast_head":"<!-- This site is optimized with the Yoast SEO plugin v26.3 - https:\/\/yoast.com\/wordpress\/plugins\/seo\/ -->\n<title>Defesa Civil emite alerta laranja para tempestades e chuvas intensas no Sul de Minas | Encontra Itajub\u00e1<\/title>\n<meta name=\"robots\" content=\"index, follow, max-snippet:-1, max-image-preview:large, max-video-preview:-1\" \/>\n<link rel=\"canonical\" href=\"https:\/\/www.encontraminasgerais.com.br\/itajuba\/defesa-civil-emite-alerta-laranja-para-tempestades-e-chuvas-intensas-no-sul-de-minas\/\" \/>\n<meta property=\"og:locale\" content=\"pt_BR\" \/>\n<meta property=\"og:type\" content=\"article\" \/>\n<meta property=\"og:title\" content=\"Defesa Civil emite alerta laranja para tempestades e chuvas intensas no Sul de Minas | Encontra Itajub\u00e1\" \/>\n<meta property=\"og:description\" content=\"Alerta laranja para tempestades severas no Sul de Minas come\u00e7a a causar preocupa\u00e7\u00e3o.\" \/>\n<meta property=\"og:url\" content=\"https:\/\/www.encontraminasgerais.com.br\/itajuba\/defesa-civil-emite-alerta-laranja-para-tempestades-e-chuvas-intensas-no-sul-de-minas\/\" \/>\n<meta property=\"og:site_name\" content=\"Encontra Itajub\u00e1\" \/>\n<meta property=\"article:published_time\" content=\"2026-02-25T09:39:40+00:00\" \/>\n<meta property=\"og:image\" content=\"https:\/\/www.encontraminasgerais.com.br\/itajuba\/wp-content\/uploads\/2026\/02\/defesa-civil-emite-alerta-laranja-para-tempestades-e-chuvas-intensas-no-sul-de-minas.webp\" \/>\n<meta name=\"author\" content=\"Encontra Itajub\u00e1\" \/>\n<meta name=\"twitter:card\" content=\"summary_large_image\" \/>\n<meta name=\"twitter:label1\" content=\"Escrito por\" \/>\n\t<meta name=\"twitter:data1\" content=\"Encontra Itajub\u00e1\" \/>\n\t<meta name=\"twitter:label2\" content=\"Est. tempo de leitura\" \/>\n\t<meta name=\"twitter:data2\" content=\"4 minutos\" \/>\n<script type=\"application\/ld+json\" class=\"yoast-schema-graph\">{\"@context\":\"https:\/\/schema.org\",\"@graph\":[{\"@type\":\"WebPage\",\"@id\":\"https:\/\/www.encontraminasgerais.com.br\/itajuba\/defesa-civil-emite-alerta-laranja-para-tempestades-e-chuvas-intensas-no-sul-de-minas\/\",\"url\":\"https:\/\/www.encontraminasgerais.com.br\/itajuba\/defesa-civil-emite-alerta-laranja-para-tempestades-e-chuvas-intensas-no-sul-de-minas\/\",\"name\":\"Defesa Civil emite alerta laranja para tempestades e chuvas intensas no Sul de Minas | Encontra Itajub\u00e1\",\"isPartOf\":{\"@id\":\"https:\/\/www.encontraminasgerais.com.br\/itajuba\/#website\"},\"primaryImageOfPage\":{\"@id\":\"https:\/\/www.encontraminasgerais.com.br\/itajuba\/defesa-civil-emite-alerta-laranja-para-tempestades-e-chuvas-intensas-no-sul-de-minas\/#primaryimage\"},\"image\":{\"@id\":\"https:\/\/www.encontraminasgerais.com.br\/itajuba\/defesa-civil-emite-alerta-laranja-para-tempestades-e-chuvas-intensas-no-sul-de-minas\/#primaryimage\"},\"thumbnailUrl\":\"https:\/\/www.encontraminasgerais.com.br\/itajuba\/wp-content\/uploads\/2026\/02\/defesa-civil-emite-alerta-laranja-para-tempestades-e-chuvas-intensas-no-sul-de-minas.webp\",\"datePublished\":\"2026-02-25T09:39:40+00:00\",\"author\":{\"@id\":\"https:\/\/www.encontraminasgerais.com.br\/itajuba\/#\/schema\/person\/d26674c083ec86b440752843a690de33\"},\"inLanguage\":\"pt-BR\",\"potentialAction\":[{\"@type\":\"ReadAction\",\"target\":[\"https:\/\/www.encontraminasgerais.com.br\/itajuba\/defesa-civil-emite-alerta-laranja-para-tempestades-e-chuvas-intensas-no-sul-de-minas\/\"]}]},{\"@type\":\"ImageObject\",\"inLanguage\":\"pt-BR\",\"@id\":\"https:\/\/www.encontraminasgerais.com.br\/itajuba\/defesa-civil-emite-alerta-laranja-para-tempestades-e-chuvas-intensas-no-sul-de-minas\/#primaryimage\",\"url\":\"https:\/\/www.encontraminasgerais.com.br\/itajuba\/wp-content\/uploads\/2026\/02\/defesa-civil-emite-alerta-laranja-para-tempestades-e-chuvas-intensas-no-sul-de-minas.webp\",\"contentUrl\":\"https:\/\/www.encontraminasgerais.com.br\/itajuba\/wp-content\/uploads\/2026\/02\/defesa-civil-emite-alerta-laranja-para-tempestades-e-chuvas-intensas-no-sul-de-minas.webp\",\"width\":280,\"height\":280,\"caption\":\"tempestades severas sul de Minas\"},{\"@type\":\"WebSite\",\"@id\":\"https:\/\/www.encontraminasgerais.com.br\/itajuba\/#website\",\"url\":\"https:\/\/www.encontraminasgerais.com.br\/itajuba\/\",\"name\":\"Encontra Itajub\u00e1\",\"description\":\"ENCONTRA ITAJUB\u00c1 - O guia comercial de neg\u00f3cios e empresas, cultura e divers\u00e3o na cidade de Itajub\u00e1. Feito 100% para voc\u00ea morador!\",\"potentialAction\":[{\"@type\":\"SearchAction\",\"target\":{\"@type\":\"EntryPoint\",\"urlTemplate\":\"https:\/\/www.encontraminasgerais.com.br\/itajuba\/?s={search_term_string}\"},\"query-input\":{\"@type\":\"PropertyValueSpecification\",\"valueRequired\":true,\"valueName\":\"search_term_string\"}}],\"inLanguage\":\"pt-BR\"},{\"@type\":\"Person\",\"@id\":\"https:\/\/www.encontraminasgerais.com.br\/itajuba\/#\/schema\/person\/d26674c083ec86b440752843a690de33\",\"name\":\"Encontra Itajub\u00e1\",\"image\":{\"@type\":\"ImageObject\",\"inLanguage\":\"pt-BR\",\"@id\":\"https:\/\/www.encontraminasgerais.com.br\/itajuba\/#\/schema\/person\/image\/\",\"url\":\"https:\/\/secure.gravatar.com\/avatar\/c50c17820bcf322f0a8fd6b110b8c0918141409dc69076470f6fca5fee70a5d4?s=96&d=mm&r=g\",\"contentUrl\":\"https:\/\/secure.gravatar.com\/avatar\/c50c17820bcf322f0a8fd6b110b8c0918141409dc69076470f6fca5fee70a5d4?s=96&d=mm&r=g\",\"caption\":\"Encontra Itajub\u00e1\"},\"url\":\"https:\/\/www.encontraminasgerais.com.br\/itajuba\/author\/eitajuba\/\"}]}<\/script>\n<!-- \/ Yoast SEO plugin. -->","yoast_head_json":{"title":"Defesa Civil emite alerta laranja para tempestades e chuvas intensas no Sul de Minas | Encontra Itajub\u00e1","robots":{"index":"index","follow":"follow","max-snippet":"max-snippet:-1","max-image-preview":"max-image-preview:large","max-video-preview":"max-video-preview:-1"},"canonical":"https:\/\/www.encontraminasgerais.com.br\/itajuba\/defesa-civil-emite-alerta-laranja-para-tempestades-e-chuvas-intensas-no-sul-de-minas\/","og_locale":"pt_BR","og_type":"article","og_title":"Defesa Civil emite alerta laranja para tempestades e chuvas intensas no Sul de Minas | Encontra Itajub\u00e1","og_description":"Alerta laranja para tempestades severas no Sul de Minas come\u00e7a a causar preocupa\u00e7\u00e3o.","og_url":"https:\/\/www.encontraminasgerais.com.br\/itajuba\/defesa-civil-emite-alerta-laranja-para-tempestades-e-chuvas-intensas-no-sul-de-minas\/","og_site_name":"Encontra Itajub\u00e1","article_published_time":"2026-02-25T09:39:40+00:00","og_image":[{"url":"https:\/\/www.encontraminasgerais.com.br\/itajuba\/wp-content\/uploads\/2026\/02\/defesa-civil-emite-alerta-laranja-para-tempestades-e-chuvas-intensas-no-sul-de-minas.webp","type":"","width":"","height":""}],"author":"Encontra Itajub\u00e1","twitter_card":"summary_large_image","twitter_misc":{"Escrito por":"Encontra Itajub\u00e1","Est. tempo de leitura":"4 minutos"},"schema":{"@context":"https:\/\/schema.org","@graph":[{"@type":"WebPage","@id":"https:\/\/www.encontraminasgerais.com.br\/itajuba\/defesa-civil-emite-alerta-laranja-para-tempestades-e-chuvas-intensas-no-sul-de-minas\/","url":"https:\/\/www.encontraminasgerais.com.br\/itajuba\/defesa-civil-emite-alerta-laranja-para-tempestades-e-chuvas-intensas-no-sul-de-minas\/","name":"Defesa Civil emite alerta laranja para tempestades e chuvas intensas no Sul de Minas | Encontra Itajub\u00e1","isPartOf":{"@id":"https:\/\/www.encontraminasgerais.com.br\/itajuba\/#website"},"primaryImageOfPage":{"@id":"https:\/\/www.encontraminasgerais.com.br\/itajuba\/defesa-civil-emite-alerta-laranja-para-tempestades-e-chuvas-intensas-no-sul-de-minas\/#primaryimage"},"image":{"@id":"https:\/\/www.encontraminasgerais.com.br\/itajuba\/defesa-civil-emite-alerta-laranja-para-tempestades-e-chuvas-intensas-no-sul-de-minas\/#primaryimage"},"thumbnailUrl":"https:\/\/www.encontraminasgerais.com.br\/itajuba\/wp-content\/uploads\/2026\/02\/defesa-civil-emite-alerta-laranja-para-tempestades-e-chuvas-intensas-no-sul-de-minas.webp","datePublished":"2026-02-25T09:39:40+00:00","author":{"@id":"https:\/\/www.encontraminasgerais.com.br\/itajuba\/#\/schema\/person\/d26674c083ec86b440752843a690de33"},"inLanguage":"pt-BR","potentialAction":[{"@type":"ReadAction","target":["https:\/\/www.encontraminasgerais.com.br\/itajuba\/defesa-civil-emite-alerta-laranja-para-tempestades-e-chuvas-intensas-no-sul-de-minas\/"]}]},{"@type":"ImageObject","inLanguage":"pt-BR","@id":"https:\/\/www.encontraminasgerais.com.br\/itajuba\/defesa-civil-emite-alerta-laranja-para-tempestades-e-chuvas-intensas-no-sul-de-minas\/#primaryimage","url":"https:\/\/www.encontraminasgerais.com.br\/itajuba\/wp-content\/uploads\/2026\/02\/defesa-civil-emite-alerta-laranja-para-tempestades-e-chuvas-intensas-no-sul-de-minas.webp","contentUrl":"https:\/\/www.encontraminasgerais.com.br\/itajuba\/wp-content\/uploads\/2026\/02\/defesa-civil-emite-alerta-laranja-para-tempestades-e-chuvas-intensas-no-sul-de-minas.webp","width":280,"height":280,"caption":"tempestades severas sul de Minas"},{"@type":"WebSite","@id":"https:\/\/www.encontraminasgerais.com.br\/itajuba\/#website","url":"https:\/\/www.encontraminasgerais.com.br\/itajuba\/","name":"Encontra Itajub\u00e1","description":"ENCONTRA ITAJUB\u00c1 - O guia comercial de neg\u00f3cios e empresas, cultura e divers\u00e3o na cidade de Itajub\u00e1. Feito 100% para voc\u00ea morador!","potentialAction":[{"@type":"SearchAction","target":{"@type":"EntryPoint","urlTemplate":"https:\/\/www.encontraminasgerais.com.br\/itajuba\/?s={search_term_string}"},"query-input":{"@type":"PropertyValueSpecification","valueRequired":true,"valueName":"search_term_string"}}],"inLanguage":"pt-BR"},{"@type":"Person","@id":"https:\/\/www.encontraminasgerais.com.br\/itajuba\/#\/schema\/person\/d26674c083ec86b440752843a690de33","name":"Encontra Itajub\u00e1","image":{"@type":"ImageObject","inLanguage":"pt-BR","@id":"https:\/\/www.encontraminasgerais.com.br\/itajuba\/#\/schema\/person\/image\/","url":"https:\/\/secure.gravatar.com\/avatar\/c50c17820bcf322f0a8fd6b110b8c0918141409dc69076470f6fca5fee70a5d4?s=96&d=mm&r=g","contentUrl":"https:\/\/secure.gravatar.com\/avatar\/c50c17820bcf322f0a8fd6b110b8c0918141409dc69076470f6fca5fee70a5d4?s=96&d=mm&r=g","caption":"Encontra Itajub\u00e1"},"url":"https:\/\/www.encontraminasgerais.com.br\/itajuba\/author\/eitajuba\/"}]}},"_links":{"self":[{"href":"https:\/\/www.encontraminasgerais.com.br\/itajuba\/wp-json\/wp\/v2\/posts\/4646","targetHints":{"allow":["GET"]}}],"collection":[{"href":"https:\/\/www.encontraminasgerais.com.br\/itajuba\/wp-json\/wp\/v2\/posts"}],"about":[{"href":"https:\/\/www.encontraminasgerais.com.br\/itajuba\/wp-json\/wp\/v2\/types\/post"}],"author":[{"embeddable":true,"href":"https:\/\/www.encontraminasgerais.com.br\/itajuba\/wp-json\/wp\/v2\/users\/1"}],"replies":[{"embeddable":true,"href":"https:\/\/www.encontraminasgerais.com.br\/itajuba\/wp-json\/wp\/v2\/comments?post=4646"}],"version-history":[{"count":0,"href":"https:\/\/www.encontraminasgerais.com.br\/itajuba\/wp-json\/wp\/v2\/posts\/4646\/revisions"}],"wp:featuredmedia":[{"embeddable":true,"href":"https:\/\/www.encontraminasgerais.com.br\/itajuba\/wp-json\/wp\/v2\/media\/4645"}],"wp:attachment":[{"href":"https:\/\/www.encontraminasgerais.com.br\/itajuba\/wp-json\/wp\/v2\/media?parent=4646"}],"wp:term":[{"taxonomy":"category","embeddable":true,"href":"https:\/\/www.encontraminasgerais.com.br\/itajuba\/wp-json\/wp\/v2\/categories?post=4646"},{"taxonomy":"post_tag","embeddable":true,"href":"https:\/\/www.encontraminasgerais.com.br\/itajuba\/wp-json\/wp\/v2\/tags?post=4646"}],"curies":[{"name":"wp","href":"https:\/\/api.w.org\/{rel}","templated":true}]}}