{"id":4676,"date":"2026-03-02T06:35:31","date_gmt":"2026-03-02T09:35:31","guid":{"rendered":"https:\/\/www.encontraminasgerais.com.br\/itajuba\/itajuba-no-sul-de-minas-e-atingida-por-temporal\/"},"modified":"2026-03-02T06:35:31","modified_gmt":"2026-03-02T09:35:31","slug":"itajuba-no-sul-de-minas-e-atingida-por-temporal","status":"publish","type":"post","link":"https:\/\/www.encontraminasgerais.com.br\/itajuba\/itajuba-no-sul-de-minas-e-atingida-por-temporal\/","title":{"rendered":"Itajub\u00e1, no Sul de Minas, \u00e9 atingida por temporal"},"content":{"rendered":"<h2>Impactos do Temporal em Itajub\u00e1<\/h2>\n<p>Recentemente, a cidade de Itajub\u00e1, localizada no sul de Minas Gerais, enfrentou um forte temporal que causou estragos em diversas \u00e1reas. As chuvas intensas resultaram em alagamentos, quedas de \u00e1rvores e danos a propriedades e ve\u00edculos. V\u00e1rios bairros da cidade foram severamente afetados, levando a uma mobiliza\u00e7\u00e3o r\u00e1pida por parte das autoridades locais e servi\u00e7os de emerg\u00eancia para controlar a situa\u00e7\u00e3o e prestar assist\u00eancia aos moradores.<\/p>\n<h2>Medidas de Emerg\u00eancia em Resposta ao Desastre<\/h2>\n<p>Ap\u00f3s a ocorr\u00eancia do temporal, a Defesa Civil e a Prefeitura de Itajub\u00e1 iniciaram opera\u00e7\u00f5es de emerg\u00eancia. As equipes de resgate foram acionadas para avaliar os danos e ajudar as v\u00edtimas. Abrigos tempor\u00e1rios foram estabelecidos para fornecer abrigo para aqueles que perderam suas casas ou que ficaram temporariamente desalojados devido \u00e0 situa\u00e7\u00e3o. A prioridade imediata foi garantir a seguran\u00e7a dos cidad\u00e3os e restaurar a normalidade na cidade o mais r\u00e1pido poss\u00edvel.<\/p>\n<h2>Relatos de Moradores Atingidos<\/h2>\n<p>Os relatos dos moradores que sofreram com os efeitos do temporal s\u00e3o, em sua maioria, de desespero e preocupa\u00e7\u00e3o. Muitos descreveram a sensa\u00e7\u00e3o de impot\u00eancia ao ver suas casas invadidas pela \u00e1gua. &#8220;Foi horr\u00edvel, nunca vi algo assim antes&#8221;, disse uma residente que teve sua casa inundada. Outros moradores relataram a necessidade urgente de ajuda, destacando a falta de alimentos e produtos b\u00e1sicos nas \u00e1reas mais afetadas. Esses testemunhos revelam como eventos clim\u00e1ticos extremos podem impactar vidas e comunidades inteiras.<\/p>\n<p><img decoding=\"async\" src=\"https:\/\/www.encontraminasgerais.com.br\/itajuba\/wp-content\/uploads\/2026\/03\/itajuba-no-sul-de-minas-e-atingida-por-temporal.webp\" alt=\"Itajub\u00e1, no Sul de Minas, \u00e9 atingida por temporal\" loading=\"lazy\" \/><\/p>\n<h2>A Import\u00e2ncia da Prepara\u00e7\u00e3o para Temporais<\/h2>\n<p>A situa\u00e7\u00e3o em Itajub\u00e1 refor\u00e7a a necessidade de prepara\u00e7\u00e3o para eventos clim\u00e1ticos adversos. Investir em infraestrutura resiliente, como sistemas de drenagem eficazes e planos de evacua\u00e7\u00e3o, pode ajudar a minimizar danos em futuras ocorr\u00eancias. A conscientiza\u00e7\u00e3o sobre as mudan\u00e7as clim\u00e1ticas e os riscos associados a desastres naturais \u00e9 fundamental para que as comunidades se mobilizem em tempo h\u00e1bil, garantindo a seguran\u00e7a de todos os cidad\u00e3os. A forma\u00e7\u00e3o de grupos comunit\u00e1rios para a prepara\u00e7\u00e3o e resposta a emerg\u00eancias tamb\u00e9m \u00e9 uma pr\u00e1tica que pode fortalecer a resili\u00eancia local.<\/p>\n<h2>Estat\u00edsticas de Precipita\u00e7\u00e3o em Itajub\u00e1<\/h2>\n<p>De acordo com dados meteorol\u00f3gicos, Itajub\u00e1 registrou uma das maiores precipita\u00e7\u00f5es dos \u00faltimos anos durante este temporal. As medi\u00e7\u00f5es indicam que a cidade recebeu cerca de 100 mm de chuva em um per\u00edodo de 24 horas, superando a m\u00e9dia mensal de precipita\u00e7\u00e3o. Esse aumento repentino das chuvas, combinado com o solo saturado de \u00e1gua devido a chuvas anteriores, foi um fator que contribuiu para os severos alagamentos observados.<\/p>\n<h2>Como Proteger Sua Casa Durante Tempestades<\/h2>\n<p>Proteger sua casa contra tempestades \u00e9 uma pr\u00e1tica essencial, especialmente em regi\u00f5es propensas a eventos clim\u00e1ticos severos. Algumas dicas incluem:<\/p>\n<ul>\n<li><strong>Verifique a Drenagem:<\/strong> Mantenha ralos e dutos de esgoto limpos para facilitar o escoamento da \u00e1gua.<\/li>\n<li><strong>Repare Vazamentos:<\/strong> Corrija vazamentos em telhados e paredes para evitar infiltra\u00e7\u00f5es.<\/li>\n<li><strong>Desobstrua Calhas:<\/strong> Limpe as calhas regularmente para evitar o transbordamento.<\/li>\n<li><strong>Crie um Kit de Emerg\u00eancia:<\/strong> Inclua alimentos n\u00e3o perec\u00edveis, \u00e1gua, lanternas e itens de primeiros socorros.<\/li>\n<\/ul>\n<h2>Os Servi\u00e7os de Emerg\u00eancia e Suporte<\/h2>\n<p>Os servi\u00e7os de emerg\u00eancia de Itajub\u00e1 t\u00eam trabalhado incansavelmente ap\u00f3s o temporal. Os bombeiros, junto com equipes da Defesa Civil, est\u00e3o envolvidos em a\u00e7\u00f5es de resgate e recupera\u00e7\u00e3o. A prefeitura tamb\u00e9m est\u00e1 oferecendo apoio psicol\u00f3gico para os moradores afetados, a fim de ajud\u00e1-los a lidar com a situa\u00e7\u00e3o p\u00f3s-temporal. A colabora\u00e7\u00e3o entre diferentes setores \u00e9 fundamental para uma resposta eficaz a desastres naturais.<\/p>\n<h2>A Avalia\u00e7\u00e3o dos Danos na Infraestrutura<\/h2>\n<p>A avalia\u00e7\u00e3o dos danos causados pela tempestade est\u00e1 em andamento. As autoridades est\u00e3o inspecionando estradas, pontes e pr\u00e9dios p\u00fablicos para determinar a extens\u00e3o dos problemas. A previs\u00e3o \u00e9 que o processo de recupera\u00e7\u00e3o leve tempo e exija recursos financeiros significativos, portanto, a elabora\u00e7\u00e3o de um plano de reabilita\u00e7\u00e3o \u00e9 imprescind\u00edvel para o futuro sustent\u00e1vel da cidade.<\/p>\n<h2>Planos de Reabilita\u00e7\u00e3o da Cidade<\/h2>\n<p>Em resposta \u00e0 calamidade, a Prefeitura de Itajub\u00e1 est\u00e1 elaborando um plano de reabilita\u00e7\u00e3o que inclui a recupera\u00e7\u00e3o da infraestrutura e o apoio \u00e0s fam\u00edlias afetadas. As iniciativas visam n\u00e3o apenas restaurar os danos imediatos, mas tamb\u00e9m implementar melhorias em longo prazo, como a constru\u00e7\u00e3o de barragens e melhorias nos sistemas de drenagem. Esse planejamento estrat\u00e9gico \u00e9 crucial para reduzir riscos futuros em eventos clim\u00e1ticos semelhantes.<\/p>\n<h2>Testemunhos de Esperan\u00e7a e Supera\u00e7\u00e3o<\/h2>\n<p>Diante dos desafios, muitos moradores de Itajub\u00e1 est\u00e3o determinadas a se reerguer. Pessoas de v\u00e1rios bairros t\u00eam se unido para ajudar uns aos outros, compartilhando recursos e oferecendo apoio emocional. &#8220;Vamos superar isso juntos&#8221;, afirmou um l\u00edder comunit\u00e1rio, destacando a import\u00e2ncia da solidariedade e do apoio m\u00fatuo em tempos dif\u00edceis. Esses testemunhos de esperan\u00e7a s\u00e3o um lembrete do poder da comunidade frente \u00e0 adversidade.<\/p>\n","protected":false},"excerpt":{"rendered":"<p>Itajub\u00e1 sofre com forte temporal que causou destrui\u00e7\u00e3o significativa na cidade.<\/p>\n","protected":false},"author":1,"featured_media":4675,"comment_status":"open","ping_status":"open","sticky":false,"template":"","format":"standard","meta":{"footnotes":""},"categories":[5],"tags":[],"class_list":["post-4676","post","type-post","status-publish","format-standard","has-post-thumbnail","hentry","category-noticias","has_thumb"],"yoast_head":"<!-- This site is optimized with the Yoast SEO plugin v26.3 - https:\/\/yoast.com\/wordpress\/plugins\/seo\/ -->\n<title>Itajub\u00e1, no Sul de Minas, \u00e9 atingida por temporal | Encontra Itajub\u00e1<\/title>\n<meta name=\"robots\" content=\"index, follow, max-snippet:-1, max-image-preview:large, max-video-preview:-1\" \/>\n<link rel=\"canonical\" href=\"https:\/\/www.encontraminasgerais.com.br\/itajuba\/itajuba-no-sul-de-minas-e-atingida-por-temporal\/\" \/>\n<meta property=\"og:locale\" content=\"pt_BR\" \/>\n<meta property=\"og:type\" content=\"article\" \/>\n<meta property=\"og:title\" content=\"Itajub\u00e1, no Sul de Minas, \u00e9 atingida por temporal | Encontra Itajub\u00e1\" \/>\n<meta property=\"og:description\" content=\"Itajub\u00e1 sofre com forte temporal que causou destrui\u00e7\u00e3o significativa na cidade.\" \/>\n<meta property=\"og:url\" content=\"https:\/\/www.encontraminasgerais.com.br\/itajuba\/itajuba-no-sul-de-minas-e-atingida-por-temporal\/\" \/>\n<meta property=\"og:site_name\" content=\"Encontra Itajub\u00e1\" \/>\n<meta property=\"article:published_time\" content=\"2026-03-02T09:35:31+00:00\" \/>\n<meta property=\"og:image\" content=\"https:\/\/www.encontraminasgerais.com.br\/itajuba\/wp-content\/uploads\/2026\/03\/itajuba-no-sul-de-minas-e-atingida-por-temporal.webp\" \/>\n<meta name=\"author\" content=\"Encontra Itajub\u00e1\" \/>\n<meta name=\"twitter:card\" content=\"summary_large_image\" \/>\n<meta name=\"twitter:label1\" content=\"Escrito por\" \/>\n\t<meta name=\"twitter:data1\" content=\"Encontra Itajub\u00e1\" \/>\n\t<meta name=\"twitter:label2\" content=\"Est. tempo de leitura\" \/>\n\t<meta name=\"twitter:data2\" content=\"4 minutos\" \/>\n<script type=\"application\/ld+json\" class=\"yoast-schema-graph\">{\"@context\":\"https:\/\/schema.org\",\"@graph\":[{\"@type\":\"WebPage\",\"@id\":\"https:\/\/www.encontraminasgerais.com.br\/itajuba\/itajuba-no-sul-de-minas-e-atingida-por-temporal\/\",\"url\":\"https:\/\/www.encontraminasgerais.com.br\/itajuba\/itajuba-no-sul-de-minas-e-atingida-por-temporal\/\",\"name\":\"Itajub\u00e1, no Sul de Minas, \u00e9 atingida por temporal | Encontra Itajub\u00e1\",\"isPartOf\":{\"@id\":\"https:\/\/www.encontraminasgerais.com.br\/itajuba\/#website\"},\"primaryImageOfPage\":{\"@id\":\"https:\/\/www.encontraminasgerais.com.br\/itajuba\/itajuba-no-sul-de-minas-e-atingida-por-temporal\/#primaryimage\"},\"image\":{\"@id\":\"https:\/\/www.encontraminasgerais.com.br\/itajuba\/itajuba-no-sul-de-minas-e-atingida-por-temporal\/#primaryimage\"},\"thumbnailUrl\":\"https:\/\/www.encontraminasgerais.com.br\/itajuba\/wp-content\/uploads\/2026\/03\/itajuba-no-sul-de-minas-e-atingida-por-temporal.webp\",\"datePublished\":\"2026-03-02T09:35:31+00:00\",\"author\":{\"@id\":\"https:\/\/www.encontraminasgerais.com.br\/itajuba\/#\/schema\/person\/d26674c083ec86b440752843a690de33\"},\"inLanguage\":\"pt-BR\",\"potentialAction\":[{\"@type\":\"ReadAction\",\"target\":[\"https:\/\/www.encontraminasgerais.com.br\/itajuba\/itajuba-no-sul-de-minas-e-atingida-por-temporal\/\"]}]},{\"@type\":\"ImageObject\",\"inLanguage\":\"pt-BR\",\"@id\":\"https:\/\/www.encontraminasgerais.com.br\/itajuba\/itajuba-no-sul-de-minas-e-atingida-por-temporal\/#primaryimage\",\"url\":\"https:\/\/www.encontraminasgerais.com.br\/itajuba\/wp-content\/uploads\/2026\/03\/itajuba-no-sul-de-minas-e-atingida-por-temporal.webp\",\"contentUrl\":\"https:\/\/www.encontraminasgerais.com.br\/itajuba\/wp-content\/uploads\/2026\/03\/itajuba-no-sul-de-minas-e-atingida-por-temporal.webp\",\"width\":280,\"height\":280,\"caption\":\"Itajub\u00e1, no Sul de Minas, \u00e9 atingida por temporal\"},{\"@type\":\"WebSite\",\"@id\":\"https:\/\/www.encontraminasgerais.com.br\/itajuba\/#website\",\"url\":\"https:\/\/www.encontraminasgerais.com.br\/itajuba\/\",\"name\":\"Encontra Itajub\u00e1\",\"description\":\"ENCONTRA ITAJUB\u00c1 - O guia comercial de neg\u00f3cios e empresas, cultura e divers\u00e3o na cidade de Itajub\u00e1. Feito 100% para voc\u00ea morador!\",\"potentialAction\":[{\"@type\":\"SearchAction\",\"target\":{\"@type\":\"EntryPoint\",\"urlTemplate\":\"https:\/\/www.encontraminasgerais.com.br\/itajuba\/?s={search_term_string}\"},\"query-input\":{\"@type\":\"PropertyValueSpecification\",\"valueRequired\":true,\"valueName\":\"search_term_string\"}}],\"inLanguage\":\"pt-BR\"},{\"@type\":\"Person\",\"@id\":\"https:\/\/www.encontraminasgerais.com.br\/itajuba\/#\/schema\/person\/d26674c083ec86b440752843a690de33\",\"name\":\"Encontra Itajub\u00e1\",\"image\":{\"@type\":\"ImageObject\",\"inLanguage\":\"pt-BR\",\"@id\":\"https:\/\/www.encontraminasgerais.com.br\/itajuba\/#\/schema\/person\/image\/\",\"url\":\"https:\/\/secure.gravatar.com\/avatar\/c50c17820bcf322f0a8fd6b110b8c0918141409dc69076470f6fca5fee70a5d4?s=96&d=mm&r=g\",\"contentUrl\":\"https:\/\/secure.gravatar.com\/avatar\/c50c17820bcf322f0a8fd6b110b8c0918141409dc69076470f6fca5fee70a5d4?s=96&d=mm&r=g\",\"caption\":\"Encontra Itajub\u00e1\"},\"url\":\"https:\/\/www.encontraminasgerais.com.br\/itajuba\/author\/eitajuba\/\"}]}<\/script>\n<!-- \/ Yoast SEO plugin. -->","yoast_head_json":{"title":"Itajub\u00e1, no Sul de Minas, \u00e9 atingida por temporal | Encontra Itajub\u00e1","robots":{"index":"index","follow":"follow","max-snippet":"max-snippet:-1","max-image-preview":"max-image-preview:large","max-video-preview":"max-video-preview:-1"},"canonical":"https:\/\/www.encontraminasgerais.com.br\/itajuba\/itajuba-no-sul-de-minas-e-atingida-por-temporal\/","og_locale":"pt_BR","og_type":"article","og_title":"Itajub\u00e1, no Sul de Minas, \u00e9 atingida por temporal | Encontra Itajub\u00e1","og_description":"Itajub\u00e1 sofre com forte temporal que causou destrui\u00e7\u00e3o significativa na cidade.","og_url":"https:\/\/www.encontraminasgerais.com.br\/itajuba\/itajuba-no-sul-de-minas-e-atingida-por-temporal\/","og_site_name":"Encontra Itajub\u00e1","article_published_time":"2026-03-02T09:35:31+00:00","og_image":[{"url":"https:\/\/www.encontraminasgerais.com.br\/itajuba\/wp-content\/uploads\/2026\/03\/itajuba-no-sul-de-minas-e-atingida-por-temporal.webp","type":"","width":"","height":""}],"author":"Encontra Itajub\u00e1","twitter_card":"summary_large_image","twitter_misc":{"Escrito por":"Encontra Itajub\u00e1","Est. tempo de leitura":"4 minutos"},"schema":{"@context":"https:\/\/schema.org","@graph":[{"@type":"WebPage","@id":"https:\/\/www.encontraminasgerais.com.br\/itajuba\/itajuba-no-sul-de-minas-e-atingida-por-temporal\/","url":"https:\/\/www.encontraminasgerais.com.br\/itajuba\/itajuba-no-sul-de-minas-e-atingida-por-temporal\/","name":"Itajub\u00e1, no Sul de Minas, \u00e9 atingida por temporal | Encontra Itajub\u00e1","isPartOf":{"@id":"https:\/\/www.encontraminasgerais.com.br\/itajuba\/#website"},"primaryImageOfPage":{"@id":"https:\/\/www.encontraminasgerais.com.br\/itajuba\/itajuba-no-sul-de-minas-e-atingida-por-temporal\/#primaryimage"},"image":{"@id":"https:\/\/www.encontraminasgerais.com.br\/itajuba\/itajuba-no-sul-de-minas-e-atingida-por-temporal\/#primaryimage"},"thumbnailUrl":"https:\/\/www.encontraminasgerais.com.br\/itajuba\/wp-content\/uploads\/2026\/03\/itajuba-no-sul-de-minas-e-atingida-por-temporal.webp","datePublished":"2026-03-02T09:35:31+00:00","author":{"@id":"https:\/\/www.encontraminasgerais.com.br\/itajuba\/#\/schema\/person\/d26674c083ec86b440752843a690de33"},"inLanguage":"pt-BR","potentialAction":[{"@type":"ReadAction","target":["https:\/\/www.encontraminasgerais.com.br\/itajuba\/itajuba-no-sul-de-minas-e-atingida-por-temporal\/"]}]},{"@type":"ImageObject","inLanguage":"pt-BR","@id":"https:\/\/www.encontraminasgerais.com.br\/itajuba\/itajuba-no-sul-de-minas-e-atingida-por-temporal\/#primaryimage","url":"https:\/\/www.encontraminasgerais.com.br\/itajuba\/wp-content\/uploads\/2026\/03\/itajuba-no-sul-de-minas-e-atingida-por-temporal.webp","contentUrl":"https:\/\/www.encontraminasgerais.com.br\/itajuba\/wp-content\/uploads\/2026\/03\/itajuba-no-sul-de-minas-e-atingida-por-temporal.webp","width":280,"height":280,"caption":"Itajub\u00e1, no Sul de Minas, \u00e9 atingida por temporal"},{"@type":"WebSite","@id":"https:\/\/www.encontraminasgerais.com.br\/itajuba\/#website","url":"https:\/\/www.encontraminasgerais.com.br\/itajuba\/","name":"Encontra Itajub\u00e1","description":"ENCONTRA ITAJUB\u00c1 - O guia comercial de neg\u00f3cios e empresas, cultura e divers\u00e3o na cidade de Itajub\u00e1. Feito 100% para voc\u00ea morador!","potentialAction":[{"@type":"SearchAction","target":{"@type":"EntryPoint","urlTemplate":"https:\/\/www.encontraminasgerais.com.br\/itajuba\/?s={search_term_string}"},"query-input":{"@type":"PropertyValueSpecification","valueRequired":true,"valueName":"search_term_string"}}],"inLanguage":"pt-BR"},{"@type":"Person","@id":"https:\/\/www.encontraminasgerais.com.br\/itajuba\/#\/schema\/person\/d26674c083ec86b440752843a690de33","name":"Encontra Itajub\u00e1","image":{"@type":"ImageObject","inLanguage":"pt-BR","@id":"https:\/\/www.encontraminasgerais.com.br\/itajuba\/#\/schema\/person\/image\/","url":"https:\/\/secure.gravatar.com\/avatar\/c50c17820bcf322f0a8fd6b110b8c0918141409dc69076470f6fca5fee70a5d4?s=96&d=mm&r=g","contentUrl":"https:\/\/secure.gravatar.com\/avatar\/c50c17820bcf322f0a8fd6b110b8c0918141409dc69076470f6fca5fee70a5d4?s=96&d=mm&r=g","caption":"Encontra Itajub\u00e1"},"url":"https:\/\/www.encontraminasgerais.com.br\/itajuba\/author\/eitajuba\/"}]}},"_links":{"self":[{"href":"https:\/\/www.encontraminasgerais.com.br\/itajuba\/wp-json\/wp\/v2\/posts\/4676","targetHints":{"allow":["GET"]}}],"collection":[{"href":"https:\/\/www.encontraminasgerais.com.br\/itajuba\/wp-json\/wp\/v2\/posts"}],"about":[{"href":"https:\/\/www.encontraminasgerais.com.br\/itajuba\/wp-json\/wp\/v2\/types\/post"}],"author":[{"embeddable":true,"href":"https:\/\/www.encontraminasgerais.com.br\/itajuba\/wp-json\/wp\/v2\/users\/1"}],"replies":[{"embeddable":true,"href":"https:\/\/www.encontraminasgerais.com.br\/itajuba\/wp-json\/wp\/v2\/comments?post=4676"}],"version-history":[{"count":0,"href":"https:\/\/www.encontraminasgerais.com.br\/itajuba\/wp-json\/wp\/v2\/posts\/4676\/revisions"}],"wp:featuredmedia":[{"embeddable":true,"href":"https:\/\/www.encontraminasgerais.com.br\/itajuba\/wp-json\/wp\/v2\/media\/4675"}],"wp:attachment":[{"href":"https:\/\/www.encontraminasgerais.com.br\/itajuba\/wp-json\/wp\/v2\/media?parent=4676"}],"wp:term":[{"taxonomy":"category","embeddable":true,"href":"https:\/\/www.encontraminasgerais.com.br\/itajuba\/wp-json\/wp\/v2\/categories?post=4676"},{"taxonomy":"post_tag","embeddable":true,"href":"https:\/\/www.encontraminasgerais.com.br\/itajuba\/wp-json\/wp\/v2\/tags?post=4676"}],"curies":[{"name":"wp","href":"https:\/\/api.w.org\/{rel}","templated":true}]}}