{"id":4682,"date":"2026-03-03T06:37:57","date_gmt":"2026-03-03T09:37:57","guid":{"rendered":"https:\/\/www.encontraminasgerais.com.br\/itajuba\/temporal-em-itajuba-causou-alagamentos-e-a-queda-de-um-muro\/"},"modified":"2026-03-03T06:37:57","modified_gmt":"2026-03-03T09:37:57","slug":"temporal-em-itajuba-causou-alagamentos-e-a-queda-de-um-muro","status":"publish","type":"post","link":"https:\/\/www.encontraminasgerais.com.br\/itajuba\/temporal-em-itajuba-causou-alagamentos-e-a-queda-de-um-muro\/","title":{"rendered":"Temporal em Itajub\u00e1 causou alagamentos e a queda de um muro"},"content":{"rendered":"<h2>Causas do Temporal em Itajub\u00e1<\/h2>\n<p>Nos \u00faltimos dias, a cidade de Itajub\u00e1 enfrentou um forte temporal que resultou em alagamentos significativos e na destrui\u00e7\u00e3o de infraestruturas. Diversos fatores contribu\u00edram para a intensidade deste evento clim\u00e1tico.<\/p>\n<ul>\n<li><strong>Mudan\u00e7as Clim\u00e1ticas:<\/strong> A altera\u00e7\u00e3o nos padr\u00f5es clim\u00e1ticos devido ao aquecimento global tem causado eventos extremos com mais frequ\u00eancia.<\/li>\n<li><strong>Condi\u00e7\u00f5es Meteorol\u00f3gicas:<\/strong> A combina\u00e7\u00e3o de umidade elevada e ventos fortes pode resultar em tempestades severas.<\/li>\n<li><strong>Urbaniza\u00e7\u00e3o:<\/strong> O crescimento urbano desordenado pode aumentar o escoamento da \u00e1gua da chuva, contribuindo para inunda\u00e7\u00f5es.<\/li>\n<li><strong>Desmatamento:<\/strong> A perda de \u00e1reas verdes que antes absorviam as chuvas reduz a capacidade de infiltra\u00e7\u00e3o do solo.<\/li>\n<\/ul>\n<h2>Efeitos dos Alagamentos na Popula\u00e7\u00e3o<\/h2>\n<p>Os impactos do temporal foram profundos, afetando a vida di\u00e1ria dos cidad\u00e3os e a estrutura da cidade. V\u00e1rias \u00e1reas foram severamente atingidas, com consequ\u00eancias diretas para os moradores.<\/p>\n<ul>\n<li><strong>Deslocamento de Fam\u00edlias:<\/strong> Muitas fam\u00edlias foram for\u00e7adas a deixar suas casas devido \u00e0 \u00e1gua acumulada.<\/li>\n<li><strong>Dificuldades de Acesso:<\/strong> Vias e ruas inundadas dificultaram o deslocamento e o acesso a servi\u00e7os essenciais, como sa\u00fade e educa\u00e7\u00e3o.<\/li>\n<li><strong>Perdas Materiais:<\/strong> M\u00f3veis, eletrodom\u00e9sticos e outros bens foram danificados ou perdidos.<\/li>\n<li><strong>Impacto na Sa\u00fade:<\/strong> O alagamento pode aumentar o risco de doen\u00e7as transmitidas pela \u00e1gua e afetar a qualidade do ar.<\/li>\n<\/ul>\n<h2>Hist\u00f3rico de Eventos Clim\u00e1ticos em Itajub\u00e1<\/h2>\n<p>Itajub\u00e1 n\u00e3o \u00e9 estranha a fortes chuvas e suas consequ\u00eancias. Historicamente, a regi\u00e3o tem enfrentado temporais, especialmente na \u00e9poca das chuvas.<\/p>\n<p><img decoding=\"async\" src=\"https:\/\/www.encontraminasgerais.com.br\/itajuba\/wp-content\/uploads\/2026\/03\/temporal-em-itajuba-causou-alagamentos-e-a-queda-de-um-muro.webp\" alt=\"temporal em Itajub\u00e1\" loading=\"lazy\" \/><\/p>\n<ul>\n<li><strong>Eventos Passados:<\/strong> Nos \u00faltimos anos, a cidade j\u00e1 registrou ocorr\u00eancias de chuvas intensas, levando \u00e0 preocupa\u00e7\u00e3o com a infraestrutura e o planejamento urbano.<\/li>\n<li><strong>Relatos de Moradores:<\/strong> Muitos cidad\u00e3os compartilham mem\u00f3rias de inunda\u00e7\u00f5es passadas, que agora reverberam na lembran\u00e7a de eventos recentes.<\/li>\n<\/ul>\n<h2>A Resposta das Autoridades Locais<\/h2>\n<p>Diante da gravidade do temporal, as autoridades locais implementaram uma s\u00e9rie de medidas de emerg\u00eancia para ati\u00e7ar a resposta r\u00e1pida.<\/p>\n<ul>\n<li><strong>Mobiliza\u00e7\u00e3o de Equipes:<\/strong> A Defesa Civil e outros \u00f3rg\u00e3os da administra\u00e7\u00e3o p\u00fablica foram mobilizados para ajudar as fam\u00edlias afetadas.<\/li>\n<li><strong>Centros de Acolhimento:<\/strong> Locais tempor\u00e1rios foram criados para receber aqueles deslocados por causa das inunda\u00e7\u00f5es.<\/li>\n<li><strong>Vistorias e Limpeza:<\/strong> Equipes foram designadas para realizar vistorias e limpeza nas \u00e1reas impactadas.<\/li>\n<\/ul>\n<h2>Manejo de Riscos em Situa\u00e7\u00f5es de Crise<\/h2>\n<p>A gest\u00e3o de riscos \u00e9 uma parte integral de qualquer resposta a desastres naturais. Em Itajub\u00e1, o aprendizado de crises anteriores ajudou na elabora\u00e7\u00e3o de uma estrat\u00e9gia mais eficaz.<\/p>\n<ul>\n<li><strong>Planos de Emerg\u00eancia:<\/strong> A exist\u00eancia de planos de conting\u00eancia pode otimizar os esfor\u00e7os de resposta e recupera\u00e7\u00e3o.<\/li>\n<li><strong>Treinamento de Equipes:<\/strong> As equipes devem ser treinadas para responder prontamente e com efici\u00eancia em situa\u00e7\u00f5es de crise.<\/li>\n<\/ul>\n<h2>Impacto na Infraestrutura da Cidade<\/h2>\n<p>A infraestrutura de Itajub\u00e1 sofreu danos severos devido ao temporal. As inunda\u00e7\u00f5es n\u00e3o apenas atingiram resid\u00eancias, mas tamb\u00e9m espa\u00e7os p\u00fablicos e comerciais.<\/p>\n<ul>\n<li><strong>Danifica\u00e7\u00f5es em Estradas:<\/strong> Vias principais ficaram intransit\u00e1veis, prejudicando o tr\u00e1fego e o transporte de emerg\u00eancia.<\/li>\n<li><strong>Servi\u00e7os P\u00fablicos:<\/strong> A interrup\u00e7\u00e3o de fornecimentos de \u00e1gua e energia demonstrou a fragilidade da infraestrutura existente.<\/li>\n<li><strong>Destrui\u00e7\u00e3o de Patrim\u00f4nio:<\/strong> Equipamentos e edifica\u00e7\u00f5es foram danificados, resultando em um alto custo para reparos.<\/li>\n<\/ul>\n<h2>Conscientiza\u00e7\u00e3o e Preven\u00e7\u00e3o<\/h2>\n<p>Como resposta ao intemp\u00e9rie, a conscientiza\u00e7\u00e3o da popula\u00e7\u00e3o sobre os riscos clim\u00e1ticos e a preven\u00e7\u00e3o de desastres se tornaram essenciais.<\/p>\n<ul>\n<li><strong>Campanhas Educativas:<\/strong> Iniciativas de conscientiza\u00e7\u00e3o podem preparar os cidad\u00e3os para a a\u00e7\u00e3o em situa\u00e7\u00f5es de emerg\u00eancia.<\/li>\n<li><strong>Monitoramento Clim\u00e1tico:<\/strong> Programas de monitoramento s\u00e3o cruciais para prever eventos clim\u00e1ticos extremos.<\/li>\n<\/ul>\n<h2>Relatos dos Moradores Afetados<\/h2>\n<p>Os relatos das v\u00edtimas oferecem uma vis\u00e3o direta sobre as necessidades e desafios ap\u00f3s o temporal.<\/p>\n<ul>\n<li><strong>Experi\u00eancias de Perda:<\/strong> Muitos moradores compartilham hist\u00f3rias de perdas materiais e emocionais, ressaltando a necessidade de apoio.<\/li>\n<li><strong>Solidariedade Comunit\u00e1ria:<\/strong> A ajuda m\u00fatua entre os cidad\u00e3os demonstrou a for\u00e7a da comunidade em tempos dif\u00edceis.<\/li>\n<\/ul>\n<h2>Medidas de Recupera\u00e7\u00e3o P\u00f3s-Desastre<\/h2>\n<p>A recupera\u00e7\u00e3o ap\u00f3s um desastre \u00e9 um processo que pode levar tempo e requer um planejamento adequado.<\/p>\n<ul>\n<li><strong>Reabilita\u00e7\u00e3o de \u00c1reas Atingidas:<\/strong> Investimentos em reabilita\u00e7\u00e3o das \u00e1reas afetadas s\u00e3o essenciais para restaurar a normalidade.<\/li>\n<li><strong>Suporte Governamental:<\/strong> A assist\u00eancia financeira e de servi\u00e7os \u00e9 crucial para a recupera\u00e7\u00e3o das fam\u00edlias atingidas.<\/li>\n<\/ul>\n<h2>A Import\u00e2ncia do Planejamento Urbano em Tempos de Crise<\/h2>\n<p>A situa\u00e7\u00e3o em Itajub\u00e1 demonstra a urg\u00eancia de um planejamento urbano eficiente que considere quest\u00f5es clim\u00e1ticas.<\/p>\n<ul>\n<li><strong>Desenvolvimento Sustent\u00e1vel:<\/strong> Projetos sustent\u00e1veis podem ajudar a mitigar o impacto de eventos clim\u00e1ticos futuros.<\/li>\n<li><strong>Infraestrutura Resiliente:<\/strong> Investimentos em infraestrutura que suportem condi\u00e7\u00f5es clim\u00e1ticas extremas s\u00e3o cr\u00edticos para a seguran\u00e7a da popula\u00e7\u00e3o.<\/li>\n<\/ul>\n","protected":false},"excerpt":{"rendered":"<p>Temporal em Itajub\u00e1 resulta em alagamentos e queda de muro.<\/p>\n","protected":false},"author":1,"featured_media":4681,"comment_status":"open","ping_status":"open","sticky":false,"template":"","format":"standard","meta":{"footnotes":""},"categories":[5],"tags":[],"class_list":["post-4682","post","type-post","status-publish","format-standard","has-post-thumbnail","hentry","category-noticias","has_thumb"],"yoast_head":"<!-- This site is optimized with the Yoast SEO plugin v26.3 - https:\/\/yoast.com\/wordpress\/plugins\/seo\/ -->\n<title>Temporal em Itajub\u00e1 causou alagamentos e a queda de um muro | Encontra Itajub\u00e1<\/title>\n<meta name=\"robots\" content=\"index, follow, max-snippet:-1, max-image-preview:large, max-video-preview:-1\" \/>\n<link rel=\"canonical\" href=\"https:\/\/www.encontraminasgerais.com.br\/itajuba\/temporal-em-itajuba-causou-alagamentos-e-a-queda-de-um-muro\/\" \/>\n<meta property=\"og:locale\" content=\"pt_BR\" \/>\n<meta property=\"og:type\" content=\"article\" \/>\n<meta property=\"og:title\" content=\"Temporal em Itajub\u00e1 causou alagamentos e a queda de um muro | Encontra Itajub\u00e1\" \/>\n<meta property=\"og:description\" content=\"Temporal em Itajub\u00e1 resulta em alagamentos e queda de muro.\" \/>\n<meta property=\"og:url\" content=\"https:\/\/www.encontraminasgerais.com.br\/itajuba\/temporal-em-itajuba-causou-alagamentos-e-a-queda-de-um-muro\/\" \/>\n<meta property=\"og:site_name\" content=\"Encontra Itajub\u00e1\" \/>\n<meta property=\"article:published_time\" content=\"2026-03-03T09:37:57+00:00\" \/>\n<meta property=\"og:image\" content=\"https:\/\/www.encontraminasgerais.com.br\/itajuba\/wp-content\/uploads\/2026\/03\/temporal-em-itajuba-causou-alagamentos-e-a-queda-de-um-muro.webp\" \/>\n<meta name=\"author\" content=\"Encontra Itajub\u00e1\" \/>\n<meta name=\"twitter:card\" content=\"summary_large_image\" \/>\n<meta name=\"twitter:label1\" content=\"Escrito por\" \/>\n\t<meta name=\"twitter:data1\" content=\"Encontra Itajub\u00e1\" \/>\n\t<meta name=\"twitter:label2\" content=\"Est. tempo de leitura\" \/>\n\t<meta name=\"twitter:data2\" content=\"4 minutos\" \/>\n<script type=\"application\/ld+json\" class=\"yoast-schema-graph\">{\"@context\":\"https:\/\/schema.org\",\"@graph\":[{\"@type\":\"WebPage\",\"@id\":\"https:\/\/www.encontraminasgerais.com.br\/itajuba\/temporal-em-itajuba-causou-alagamentos-e-a-queda-de-um-muro\/\",\"url\":\"https:\/\/www.encontraminasgerais.com.br\/itajuba\/temporal-em-itajuba-causou-alagamentos-e-a-queda-de-um-muro\/\",\"name\":\"Temporal em Itajub\u00e1 causou alagamentos e a queda de um muro | Encontra Itajub\u00e1\",\"isPartOf\":{\"@id\":\"https:\/\/www.encontraminasgerais.com.br\/itajuba\/#website\"},\"primaryImageOfPage\":{\"@id\":\"https:\/\/www.encontraminasgerais.com.br\/itajuba\/temporal-em-itajuba-causou-alagamentos-e-a-queda-de-um-muro\/#primaryimage\"},\"image\":{\"@id\":\"https:\/\/www.encontraminasgerais.com.br\/itajuba\/temporal-em-itajuba-causou-alagamentos-e-a-queda-de-um-muro\/#primaryimage\"},\"thumbnailUrl\":\"https:\/\/www.encontraminasgerais.com.br\/itajuba\/wp-content\/uploads\/2026\/03\/temporal-em-itajuba-causou-alagamentos-e-a-queda-de-um-muro.webp\",\"datePublished\":\"2026-03-03T09:37:57+00:00\",\"author\":{\"@id\":\"https:\/\/www.encontraminasgerais.com.br\/itajuba\/#\/schema\/person\/d26674c083ec86b440752843a690de33\"},\"inLanguage\":\"pt-BR\",\"potentialAction\":[{\"@type\":\"ReadAction\",\"target\":[\"https:\/\/www.encontraminasgerais.com.br\/itajuba\/temporal-em-itajuba-causou-alagamentos-e-a-queda-de-um-muro\/\"]}]},{\"@type\":\"ImageObject\",\"inLanguage\":\"pt-BR\",\"@id\":\"https:\/\/www.encontraminasgerais.com.br\/itajuba\/temporal-em-itajuba-causou-alagamentos-e-a-queda-de-um-muro\/#primaryimage\",\"url\":\"https:\/\/www.encontraminasgerais.com.br\/itajuba\/wp-content\/uploads\/2026\/03\/temporal-em-itajuba-causou-alagamentos-e-a-queda-de-um-muro.webp\",\"contentUrl\":\"https:\/\/www.encontraminasgerais.com.br\/itajuba\/wp-content\/uploads\/2026\/03\/temporal-em-itajuba-causou-alagamentos-e-a-queda-de-um-muro.webp\",\"width\":280,\"height\":280,\"caption\":\"temporal em Itajub\u00e1\"},{\"@type\":\"WebSite\",\"@id\":\"https:\/\/www.encontraminasgerais.com.br\/itajuba\/#website\",\"url\":\"https:\/\/www.encontraminasgerais.com.br\/itajuba\/\",\"name\":\"Encontra Itajub\u00e1\",\"description\":\"ENCONTRA ITAJUB\u00c1 - O guia comercial de neg\u00f3cios e empresas, cultura e divers\u00e3o na cidade de Itajub\u00e1. Feito 100% para voc\u00ea morador!\",\"potentialAction\":[{\"@type\":\"SearchAction\",\"target\":{\"@type\":\"EntryPoint\",\"urlTemplate\":\"https:\/\/www.encontraminasgerais.com.br\/itajuba\/?s={search_term_string}\"},\"query-input\":{\"@type\":\"PropertyValueSpecification\",\"valueRequired\":true,\"valueName\":\"search_term_string\"}}],\"inLanguage\":\"pt-BR\"},{\"@type\":\"Person\",\"@id\":\"https:\/\/www.encontraminasgerais.com.br\/itajuba\/#\/schema\/person\/d26674c083ec86b440752843a690de33\",\"name\":\"Encontra Itajub\u00e1\",\"image\":{\"@type\":\"ImageObject\",\"inLanguage\":\"pt-BR\",\"@id\":\"https:\/\/www.encontraminasgerais.com.br\/itajuba\/#\/schema\/person\/image\/\",\"url\":\"https:\/\/secure.gravatar.com\/avatar\/c50c17820bcf322f0a8fd6b110b8c0918141409dc69076470f6fca5fee70a5d4?s=96&d=mm&r=g\",\"contentUrl\":\"https:\/\/secure.gravatar.com\/avatar\/c50c17820bcf322f0a8fd6b110b8c0918141409dc69076470f6fca5fee70a5d4?s=96&d=mm&r=g\",\"caption\":\"Encontra Itajub\u00e1\"},\"url\":\"https:\/\/www.encontraminasgerais.com.br\/itajuba\/author\/eitajuba\/\"}]}<\/script>\n<!-- \/ Yoast SEO plugin. -->","yoast_head_json":{"title":"Temporal em Itajub\u00e1 causou alagamentos e a queda de um muro | Encontra Itajub\u00e1","robots":{"index":"index","follow":"follow","max-snippet":"max-snippet:-1","max-image-preview":"max-image-preview:large","max-video-preview":"max-video-preview:-1"},"canonical":"https:\/\/www.encontraminasgerais.com.br\/itajuba\/temporal-em-itajuba-causou-alagamentos-e-a-queda-de-um-muro\/","og_locale":"pt_BR","og_type":"article","og_title":"Temporal em Itajub\u00e1 causou alagamentos e a queda de um muro | Encontra Itajub\u00e1","og_description":"Temporal em Itajub\u00e1 resulta em alagamentos e queda de muro.","og_url":"https:\/\/www.encontraminasgerais.com.br\/itajuba\/temporal-em-itajuba-causou-alagamentos-e-a-queda-de-um-muro\/","og_site_name":"Encontra Itajub\u00e1","article_published_time":"2026-03-03T09:37:57+00:00","og_image":[{"url":"https:\/\/www.encontraminasgerais.com.br\/itajuba\/wp-content\/uploads\/2026\/03\/temporal-em-itajuba-causou-alagamentos-e-a-queda-de-um-muro.webp","type":"","width":"","height":""}],"author":"Encontra Itajub\u00e1","twitter_card":"summary_large_image","twitter_misc":{"Escrito por":"Encontra Itajub\u00e1","Est. tempo de leitura":"4 minutos"},"schema":{"@context":"https:\/\/schema.org","@graph":[{"@type":"WebPage","@id":"https:\/\/www.encontraminasgerais.com.br\/itajuba\/temporal-em-itajuba-causou-alagamentos-e-a-queda-de-um-muro\/","url":"https:\/\/www.encontraminasgerais.com.br\/itajuba\/temporal-em-itajuba-causou-alagamentos-e-a-queda-de-um-muro\/","name":"Temporal em Itajub\u00e1 causou alagamentos e a queda de um muro | Encontra Itajub\u00e1","isPartOf":{"@id":"https:\/\/www.encontraminasgerais.com.br\/itajuba\/#website"},"primaryImageOfPage":{"@id":"https:\/\/www.encontraminasgerais.com.br\/itajuba\/temporal-em-itajuba-causou-alagamentos-e-a-queda-de-um-muro\/#primaryimage"},"image":{"@id":"https:\/\/www.encontraminasgerais.com.br\/itajuba\/temporal-em-itajuba-causou-alagamentos-e-a-queda-de-um-muro\/#primaryimage"},"thumbnailUrl":"https:\/\/www.encontraminasgerais.com.br\/itajuba\/wp-content\/uploads\/2026\/03\/temporal-em-itajuba-causou-alagamentos-e-a-queda-de-um-muro.webp","datePublished":"2026-03-03T09:37:57+00:00","author":{"@id":"https:\/\/www.encontraminasgerais.com.br\/itajuba\/#\/schema\/person\/d26674c083ec86b440752843a690de33"},"inLanguage":"pt-BR","potentialAction":[{"@type":"ReadAction","target":["https:\/\/www.encontraminasgerais.com.br\/itajuba\/temporal-em-itajuba-causou-alagamentos-e-a-queda-de-um-muro\/"]}]},{"@type":"ImageObject","inLanguage":"pt-BR","@id":"https:\/\/www.encontraminasgerais.com.br\/itajuba\/temporal-em-itajuba-causou-alagamentos-e-a-queda-de-um-muro\/#primaryimage","url":"https:\/\/www.encontraminasgerais.com.br\/itajuba\/wp-content\/uploads\/2026\/03\/temporal-em-itajuba-causou-alagamentos-e-a-queda-de-um-muro.webp","contentUrl":"https:\/\/www.encontraminasgerais.com.br\/itajuba\/wp-content\/uploads\/2026\/03\/temporal-em-itajuba-causou-alagamentos-e-a-queda-de-um-muro.webp","width":280,"height":280,"caption":"temporal em Itajub\u00e1"},{"@type":"WebSite","@id":"https:\/\/www.encontraminasgerais.com.br\/itajuba\/#website","url":"https:\/\/www.encontraminasgerais.com.br\/itajuba\/","name":"Encontra Itajub\u00e1","description":"ENCONTRA ITAJUB\u00c1 - O guia comercial de neg\u00f3cios e empresas, cultura e divers\u00e3o na cidade de Itajub\u00e1. Feito 100% para voc\u00ea morador!","potentialAction":[{"@type":"SearchAction","target":{"@type":"EntryPoint","urlTemplate":"https:\/\/www.encontraminasgerais.com.br\/itajuba\/?s={search_term_string}"},"query-input":{"@type":"PropertyValueSpecification","valueRequired":true,"valueName":"search_term_string"}}],"inLanguage":"pt-BR"},{"@type":"Person","@id":"https:\/\/www.encontraminasgerais.com.br\/itajuba\/#\/schema\/person\/d26674c083ec86b440752843a690de33","name":"Encontra Itajub\u00e1","image":{"@type":"ImageObject","inLanguage":"pt-BR","@id":"https:\/\/www.encontraminasgerais.com.br\/itajuba\/#\/schema\/person\/image\/","url":"https:\/\/secure.gravatar.com\/avatar\/c50c17820bcf322f0a8fd6b110b8c0918141409dc69076470f6fca5fee70a5d4?s=96&d=mm&r=g","contentUrl":"https:\/\/secure.gravatar.com\/avatar\/c50c17820bcf322f0a8fd6b110b8c0918141409dc69076470f6fca5fee70a5d4?s=96&d=mm&r=g","caption":"Encontra Itajub\u00e1"},"url":"https:\/\/www.encontraminasgerais.com.br\/itajuba\/author\/eitajuba\/"}]}},"_links":{"self":[{"href":"https:\/\/www.encontraminasgerais.com.br\/itajuba\/wp-json\/wp\/v2\/posts\/4682","targetHints":{"allow":["GET"]}}],"collection":[{"href":"https:\/\/www.encontraminasgerais.com.br\/itajuba\/wp-json\/wp\/v2\/posts"}],"about":[{"href":"https:\/\/www.encontraminasgerais.com.br\/itajuba\/wp-json\/wp\/v2\/types\/post"}],"author":[{"embeddable":true,"href":"https:\/\/www.encontraminasgerais.com.br\/itajuba\/wp-json\/wp\/v2\/users\/1"}],"replies":[{"embeddable":true,"href":"https:\/\/www.encontraminasgerais.com.br\/itajuba\/wp-json\/wp\/v2\/comments?post=4682"}],"version-history":[{"count":0,"href":"https:\/\/www.encontraminasgerais.com.br\/itajuba\/wp-json\/wp\/v2\/posts\/4682\/revisions"}],"wp:featuredmedia":[{"embeddable":true,"href":"https:\/\/www.encontraminasgerais.com.br\/itajuba\/wp-json\/wp\/v2\/media\/4681"}],"wp:attachment":[{"href":"https:\/\/www.encontraminasgerais.com.br\/itajuba\/wp-json\/wp\/v2\/media?parent=4682"}],"wp:term":[{"taxonomy":"category","embeddable":true,"href":"https:\/\/www.encontraminasgerais.com.br\/itajuba\/wp-json\/wp\/v2\/categories?post=4682"},{"taxonomy":"post_tag","embeddable":true,"href":"https:\/\/www.encontraminasgerais.com.br\/itajuba\/wp-json\/wp\/v2\/tags?post=4682"}],"curies":[{"name":"wp","href":"https:\/\/api.w.org\/{rel}","templated":true}]}}