{"id":4704,"date":"2026-03-07T06:41:05","date_gmt":"2026-03-07T09:41:05","guid":{"rendered":"https:\/\/www.encontraminasgerais.com.br\/itajuba\/ype-anuncia-abertura-de-80-vagas-para-expansao-de-complexos-fabris-do-interior-paulista\/"},"modified":"2026-03-07T06:41:05","modified_gmt":"2026-03-07T09:41:05","slug":"ype-anuncia-abertura-de-80-vagas-para-expansao-de-complexos-fabris-do-interior-paulista","status":"publish","type":"post","link":"https:\/\/www.encontraminasgerais.com.br\/itajuba\/ype-anuncia-abertura-de-80-vagas-para-expansao-de-complexos-fabris-do-interior-paulista\/","title":{"rendered":"Yp\u00ea anuncia abertura de 80 vagas para expans\u00e3o de complexos fabris do interior paulista \u2039"},"content":{"rendered":"<h2>Oportunidades de Emprego na Yp\u00ea<\/h2>\n<p>A Yp\u00ea, uma das principais ind\u00fastrias brasileiras no setor de higiene e limpeza, comunicou a abertura de 80 novas vagas em suas unidades fabris localizadas em Amparo e Salto, interior de S\u00e3o Paulo. Essa expans\u00e3o visa aumentar a capacidade de produ\u00e7\u00e3o da empresa em resposta ao crescimento da demanda por seus produtos.<\/p>\n<h2>Detalhes sobre as Vagas Abertas<\/h2>\n<p>As vagas s\u00e3o destinadas principalmente \u00e0s \u00e1reas de Opera\u00e7\u00f5es, Manuten\u00e7\u00e3o e Qualidade, que s\u00e3o vitais para a efici\u00eancia produtiva da empresa. Essas posi\u00e7\u00f5es s\u00e3o cruciais para garantir a continuidade dos processos industriais e manter altos padr\u00f5es de qualidade. A Yp\u00ea busca, portanto, profissionais que possuam habilidades t\u00e9cnicas e estejam prontos para contribuir de forma significativa para a opera\u00e7\u00e3o.<\/p>\n<h2>Perfil dos Profissionais Procurados<\/h2>\n<p>Para se candidatar \u00e0s oportunidades, a Yp\u00ea est\u00e1 em busca de indiv\u00edduos de todos os g\u00eaneros e tamb\u00e9m de pessoas com defici\u00eancia (PcD). A empresa acredita na import\u00e2ncia da diversidade e inclus\u00e3o, destacando que o ambiente de trabalho deve refletir a pluralidade da sociedade. Os candidatos ideais devem ter forma\u00e7\u00e3o t\u00e9cnica nas \u00e1reas relacionadas e estar dispostos a se engajar em um ambiente din\u00e2mico e desafiador.<\/p>\n<p><img decoding=\"async\" src=\"https:\/\/www.encontraminasgerais.com.br\/itajuba\/wp-content\/uploads\/2026\/03\/ype-anuncia-abertura-de-80-vagas-para-expansao-de-complexos-fabris-do-interior-paulista.webp\" alt=\"abertura de vagas\" loading=\"lazy\" \/><\/p>\n<h2>Import\u00e2ncia da Expans\u00e3o Empresarial<\/h2>\n<p>A amplia\u00e7\u00e3o do quadro de funcion\u00e1rios n\u00e3o \u00e9 apenas uma medida para atender a uma demanda crescente, mas tamb\u00e9m um passo estrat\u00e9gico para fortalecer a presen\u00e7a da Yp\u00ea no interior paulista. Com a concentra\u00e7\u00e3o de ind\u00fastrias na regi\u00e3o, as cidades de Amparo e Salto se tornam pontos-chave para a companhia, que precisa de uma for\u00e7a de trabalho capacitada para acompanhar as inova\u00e7\u00f5es e tecnologias em suas opera\u00e7\u00f5es.<\/p>\n<h2>Compromisso com a Diversidade e Inclus\u00e3o<\/h2>\n<p>A diretora de Gente, Cultura, Diversidade e Inclus\u00e3o da Yp\u00ea, Cristiane Lacerda, enfatiza a import\u00e2ncia desse crescimento. Segundo ela, a abertura das novas vagas representa um compromisso da empresa com o desenvolvimento regional e a cria\u00e7\u00e3o de oportunidades para todos. A Yp\u00ea tem se esfor\u00e7ado para valorizar talentos locais e investir no potencial humano da regi\u00e3o, oferecendo um ambiente acess\u00edvel e acolhedor.<\/p>\n<h2>Benef\u00edcios Oferecidos aos Colaboradores<\/h2>\n<p>Os colaboradores da Yp\u00ea n\u00e3o apenas se beneficiam de um ambiente de trabalho inclusivo, mas tamb\u00e9m contam com um pacote de benef\u00edcios atrativo. Isso inclui assist\u00eancia m\u00e9dica e odontol\u00f3gica, vale-refei\u00e7\u00e3o, vale-transporte e seguro de vida. Al\u00e9m disso, a empresa introduziu a plataforma UNICO Skill, que proporciona acesso a uma vasta gama de cursos de aprimoramento profissional, abrangendo t\u00f3picos como gradua\u00e7\u00f5es, idiomas e desenvolvimento pessoal para colaboradores e seus dependentes, o que refor\u00e7a a dedica\u00e7\u00e3o da Yp\u00ea \u00e0 capacita\u00e7\u00e3o e crescimento de sua equipe.<\/p>\n<h2>Como se Candidatar \u00e0s Vagas<\/h2>\n<p>Os interessados em se candidatar \u00e0s vagas dispon\u00edveis podem visitar a p\u00e1gina oficial de carreiras da Yp\u00ea em <a href=\"https:\/\/carreirasype.gupy.io\/\" target=\"_blank\">https:\/\/carreirasype.gupy.io\/<\/a>. Nela, \u00e9 poss\u00edvel encontrar todas as informa\u00e7\u00f5es necess\u00e1rias sobre as posi\u00e7\u00f5es abertas, requisitos e o processo de inscri\u00e7\u00e3o. A mobiliza\u00e7\u00e3o para a contrata\u00e7\u00e3o de novos colaboradores est\u00e1 em sintonia com a vis\u00e3o da empresa de expans\u00e3o e progresso cont\u00ednuos.<\/p>\n<h2>Hist\u00f3ria e Tradi\u00e7\u00e3o da Yp\u00ea<\/h2>\n<p>Desde sua funda\u00e7\u00e3o em 1950, a Yp\u00ea tem se destacado no mercado de higiene e limpeza, com um portf\u00f3lio extenso de mais de 450 produtos. Operando com responsabilidade e compromisso, a empresa se estabeleceu como uma das lideres do setor, sendo reconhecida entre as melhores empresas para trabalhar no interior paulista pelo GPTW 2025. Com mais de 7.300 colaboradores, a Yp\u00ea entrega qualidade e seguran\u00e7a a milh\u00f5es de lares brasileiros.<\/p>\n<h2>Crescimento da Ind\u00fastria no Interior Paulista<\/h2>\n<p>O interior de S\u00e3o Paulo tem se mostrado um celeiro para o crescimento industrial, atraindo in\u00fameras empresas em busca de expans\u00e3o e inova\u00e7\u00e3o. A presen\u00e7a de clusters industriais na regi\u00e3o Campinas-Jundia\u00ed, por exemplo, propicia um ambiente prop\u00edcio para a troca de experi\u00eancias e desenvolvimento de talentos. A Yp\u00ea, ao aumentar sua equipe nessas localidades, n\u00e3o s\u00f3 se beneficia do ecossistema colaborativo, mas tamb\u00e9m contribui de forma significativa para o desenvolvimento econ\u00f4mico local.<\/p>\n<h2>O Papel da Yp\u00ea na Comunidade<\/h2>\n<p>Al\u00e9m de ser um grande empregador na regi\u00e3o, a Yp\u00ea se compromete com o desenvolvimento social e ambiental. Atrav\u00e9s de suas iniciativas e a\u00e7\u00f5es, a empresa busca impactar positivamente a comunidade onde est\u00e1 inserida. O engajamento com a responsabilidade corporativa \u00e9 uma prioridade, fazendo da Yp\u00ea uma refer\u00eancia n\u00e3o apenas em termos de produtos, mas tamb\u00e9m de cidadania e responsabilidade social.<\/p>\n","protected":false},"excerpt":{"rendered":"<p>Yp\u00ea anuncia 80 novas vagas para ampliar suas opera\u00e7\u00f5es no interior paulista.<\/p>\n","protected":false},"author":1,"featured_media":4703,"comment_status":"open","ping_status":"open","sticky":false,"template":"","format":"standard","meta":{"footnotes":""},"categories":[5],"tags":[],"class_list":["post-4704","post","type-post","status-publish","format-standard","has-post-thumbnail","hentry","category-noticias","has_thumb"],"yoast_head":"<!-- This site is optimized with the Yoast SEO plugin v26.3 - https:\/\/yoast.com\/wordpress\/plugins\/seo\/ -->\n<title>Yp\u00ea anuncia abertura de 80 vagas para expans\u00e3o de complexos fabris do interior paulista \u2039 | Encontra Itajub\u00e1<\/title>\n<meta name=\"robots\" content=\"index, follow, max-snippet:-1, max-image-preview:large, max-video-preview:-1\" \/>\n<link rel=\"canonical\" href=\"https:\/\/www.encontraminasgerais.com.br\/itajuba\/ype-anuncia-abertura-de-80-vagas-para-expansao-de-complexos-fabris-do-interior-paulista\/\" \/>\n<meta property=\"og:locale\" content=\"pt_BR\" \/>\n<meta property=\"og:type\" content=\"article\" \/>\n<meta property=\"og:title\" content=\"Yp\u00ea anuncia abertura de 80 vagas para expans\u00e3o de complexos fabris do interior paulista \u2039 | Encontra Itajub\u00e1\" \/>\n<meta property=\"og:description\" content=\"Yp\u00ea anuncia 80 novas vagas para ampliar suas opera\u00e7\u00f5es no interior paulista.\" \/>\n<meta property=\"og:url\" content=\"https:\/\/www.encontraminasgerais.com.br\/itajuba\/ype-anuncia-abertura-de-80-vagas-para-expansao-de-complexos-fabris-do-interior-paulista\/\" \/>\n<meta property=\"og:site_name\" content=\"Encontra Itajub\u00e1\" \/>\n<meta property=\"article:published_time\" content=\"2026-03-07T09:41:05+00:00\" \/>\n<meta property=\"og:image\" content=\"https:\/\/www.encontraminasgerais.com.br\/itajuba\/wp-content\/uploads\/2026\/03\/ype-anuncia-abertura-de-80-vagas-para-expansao-de-complexos-fabris-do-interior-paulista.webp\" \/>\n<meta name=\"author\" content=\"Encontra Itajub\u00e1\" \/>\n<meta name=\"twitter:card\" content=\"summary_large_image\" \/>\n<meta name=\"twitter:label1\" content=\"Escrito por\" \/>\n\t<meta name=\"twitter:data1\" content=\"Encontra Itajub\u00e1\" \/>\n\t<meta name=\"twitter:label2\" content=\"Est. tempo de leitura\" \/>\n\t<meta name=\"twitter:data2\" content=\"4 minutos\" \/>\n<script type=\"application\/ld+json\" class=\"yoast-schema-graph\">{\"@context\":\"https:\/\/schema.org\",\"@graph\":[{\"@type\":\"WebPage\",\"@id\":\"https:\/\/www.encontraminasgerais.com.br\/itajuba\/ype-anuncia-abertura-de-80-vagas-para-expansao-de-complexos-fabris-do-interior-paulista\/\",\"url\":\"https:\/\/www.encontraminasgerais.com.br\/itajuba\/ype-anuncia-abertura-de-80-vagas-para-expansao-de-complexos-fabris-do-interior-paulista\/\",\"name\":\"Yp\u00ea anuncia abertura de 80 vagas para expans\u00e3o de complexos fabris do interior paulista \u2039 | Encontra Itajub\u00e1\",\"isPartOf\":{\"@id\":\"https:\/\/www.encontraminasgerais.com.br\/itajuba\/#website\"},\"primaryImageOfPage\":{\"@id\":\"https:\/\/www.encontraminasgerais.com.br\/itajuba\/ype-anuncia-abertura-de-80-vagas-para-expansao-de-complexos-fabris-do-interior-paulista\/#primaryimage\"},\"image\":{\"@id\":\"https:\/\/www.encontraminasgerais.com.br\/itajuba\/ype-anuncia-abertura-de-80-vagas-para-expansao-de-complexos-fabris-do-interior-paulista\/#primaryimage\"},\"thumbnailUrl\":\"https:\/\/www.encontraminasgerais.com.br\/itajuba\/wp-content\/uploads\/2026\/03\/ype-anuncia-abertura-de-80-vagas-para-expansao-de-complexos-fabris-do-interior-paulista.webp\",\"datePublished\":\"2026-03-07T09:41:05+00:00\",\"author\":{\"@id\":\"https:\/\/www.encontraminasgerais.com.br\/itajuba\/#\/schema\/person\/d26674c083ec86b440752843a690de33\"},\"inLanguage\":\"pt-BR\",\"potentialAction\":[{\"@type\":\"ReadAction\",\"target\":[\"https:\/\/www.encontraminasgerais.com.br\/itajuba\/ype-anuncia-abertura-de-80-vagas-para-expansao-de-complexos-fabris-do-interior-paulista\/\"]}]},{\"@type\":\"ImageObject\",\"inLanguage\":\"pt-BR\",\"@id\":\"https:\/\/www.encontraminasgerais.com.br\/itajuba\/ype-anuncia-abertura-de-80-vagas-para-expansao-de-complexos-fabris-do-interior-paulista\/#primaryimage\",\"url\":\"https:\/\/www.encontraminasgerais.com.br\/itajuba\/wp-content\/uploads\/2026\/03\/ype-anuncia-abertura-de-80-vagas-para-expansao-de-complexos-fabris-do-interior-paulista.webp\",\"contentUrl\":\"https:\/\/www.encontraminasgerais.com.br\/itajuba\/wp-content\/uploads\/2026\/03\/ype-anuncia-abertura-de-80-vagas-para-expansao-de-complexos-fabris-do-interior-paulista.webp\",\"width\":280,\"height\":280,\"caption\":\"abertura de vagas\"},{\"@type\":\"WebSite\",\"@id\":\"https:\/\/www.encontraminasgerais.com.br\/itajuba\/#website\",\"url\":\"https:\/\/www.encontraminasgerais.com.br\/itajuba\/\",\"name\":\"Encontra Itajub\u00e1\",\"description\":\"ENCONTRA ITAJUB\u00c1 - O guia comercial de neg\u00f3cios e empresas, cultura e divers\u00e3o na cidade de Itajub\u00e1. Feito 100% para voc\u00ea morador!\",\"potentialAction\":[{\"@type\":\"SearchAction\",\"target\":{\"@type\":\"EntryPoint\",\"urlTemplate\":\"https:\/\/www.encontraminasgerais.com.br\/itajuba\/?s={search_term_string}\"},\"query-input\":{\"@type\":\"PropertyValueSpecification\",\"valueRequired\":true,\"valueName\":\"search_term_string\"}}],\"inLanguage\":\"pt-BR\"},{\"@type\":\"Person\",\"@id\":\"https:\/\/www.encontraminasgerais.com.br\/itajuba\/#\/schema\/person\/d26674c083ec86b440752843a690de33\",\"name\":\"Encontra Itajub\u00e1\",\"image\":{\"@type\":\"ImageObject\",\"inLanguage\":\"pt-BR\",\"@id\":\"https:\/\/www.encontraminasgerais.com.br\/itajuba\/#\/schema\/person\/image\/\",\"url\":\"https:\/\/secure.gravatar.com\/avatar\/c50c17820bcf322f0a8fd6b110b8c0918141409dc69076470f6fca5fee70a5d4?s=96&d=mm&r=g\",\"contentUrl\":\"https:\/\/secure.gravatar.com\/avatar\/c50c17820bcf322f0a8fd6b110b8c0918141409dc69076470f6fca5fee70a5d4?s=96&d=mm&r=g\",\"caption\":\"Encontra Itajub\u00e1\"},\"url\":\"https:\/\/www.encontraminasgerais.com.br\/itajuba\/author\/eitajuba\/\"}]}<\/script>\n<!-- \/ Yoast SEO plugin. -->","yoast_head_json":{"title":"Yp\u00ea anuncia abertura de 80 vagas para expans\u00e3o de complexos fabris do interior paulista \u2039 | Encontra Itajub\u00e1","robots":{"index":"index","follow":"follow","max-snippet":"max-snippet:-1","max-image-preview":"max-image-preview:large","max-video-preview":"max-video-preview:-1"},"canonical":"https:\/\/www.encontraminasgerais.com.br\/itajuba\/ype-anuncia-abertura-de-80-vagas-para-expansao-de-complexos-fabris-do-interior-paulista\/","og_locale":"pt_BR","og_type":"article","og_title":"Yp\u00ea anuncia abertura de 80 vagas para expans\u00e3o de complexos fabris do interior paulista \u2039 | Encontra Itajub\u00e1","og_description":"Yp\u00ea anuncia 80 novas vagas para ampliar suas opera\u00e7\u00f5es no interior paulista.","og_url":"https:\/\/www.encontraminasgerais.com.br\/itajuba\/ype-anuncia-abertura-de-80-vagas-para-expansao-de-complexos-fabris-do-interior-paulista\/","og_site_name":"Encontra Itajub\u00e1","article_published_time":"2026-03-07T09:41:05+00:00","og_image":[{"url":"https:\/\/www.encontraminasgerais.com.br\/itajuba\/wp-content\/uploads\/2026\/03\/ype-anuncia-abertura-de-80-vagas-para-expansao-de-complexos-fabris-do-interior-paulista.webp","type":"","width":"","height":""}],"author":"Encontra Itajub\u00e1","twitter_card":"summary_large_image","twitter_misc":{"Escrito por":"Encontra Itajub\u00e1","Est. tempo de leitura":"4 minutos"},"schema":{"@context":"https:\/\/schema.org","@graph":[{"@type":"WebPage","@id":"https:\/\/www.encontraminasgerais.com.br\/itajuba\/ype-anuncia-abertura-de-80-vagas-para-expansao-de-complexos-fabris-do-interior-paulista\/","url":"https:\/\/www.encontraminasgerais.com.br\/itajuba\/ype-anuncia-abertura-de-80-vagas-para-expansao-de-complexos-fabris-do-interior-paulista\/","name":"Yp\u00ea anuncia abertura de 80 vagas para expans\u00e3o de complexos fabris do interior paulista \u2039 | Encontra Itajub\u00e1","isPartOf":{"@id":"https:\/\/www.encontraminasgerais.com.br\/itajuba\/#website"},"primaryImageOfPage":{"@id":"https:\/\/www.encontraminasgerais.com.br\/itajuba\/ype-anuncia-abertura-de-80-vagas-para-expansao-de-complexos-fabris-do-interior-paulista\/#primaryimage"},"image":{"@id":"https:\/\/www.encontraminasgerais.com.br\/itajuba\/ype-anuncia-abertura-de-80-vagas-para-expansao-de-complexos-fabris-do-interior-paulista\/#primaryimage"},"thumbnailUrl":"https:\/\/www.encontraminasgerais.com.br\/itajuba\/wp-content\/uploads\/2026\/03\/ype-anuncia-abertura-de-80-vagas-para-expansao-de-complexos-fabris-do-interior-paulista.webp","datePublished":"2026-03-07T09:41:05+00:00","author":{"@id":"https:\/\/www.encontraminasgerais.com.br\/itajuba\/#\/schema\/person\/d26674c083ec86b440752843a690de33"},"inLanguage":"pt-BR","potentialAction":[{"@type":"ReadAction","target":["https:\/\/www.encontraminasgerais.com.br\/itajuba\/ype-anuncia-abertura-de-80-vagas-para-expansao-de-complexos-fabris-do-interior-paulista\/"]}]},{"@type":"ImageObject","inLanguage":"pt-BR","@id":"https:\/\/www.encontraminasgerais.com.br\/itajuba\/ype-anuncia-abertura-de-80-vagas-para-expansao-de-complexos-fabris-do-interior-paulista\/#primaryimage","url":"https:\/\/www.encontraminasgerais.com.br\/itajuba\/wp-content\/uploads\/2026\/03\/ype-anuncia-abertura-de-80-vagas-para-expansao-de-complexos-fabris-do-interior-paulista.webp","contentUrl":"https:\/\/www.encontraminasgerais.com.br\/itajuba\/wp-content\/uploads\/2026\/03\/ype-anuncia-abertura-de-80-vagas-para-expansao-de-complexos-fabris-do-interior-paulista.webp","width":280,"height":280,"caption":"abertura de vagas"},{"@type":"WebSite","@id":"https:\/\/www.encontraminasgerais.com.br\/itajuba\/#website","url":"https:\/\/www.encontraminasgerais.com.br\/itajuba\/","name":"Encontra Itajub\u00e1","description":"ENCONTRA ITAJUB\u00c1 - O guia comercial de neg\u00f3cios e empresas, cultura e divers\u00e3o na cidade de Itajub\u00e1. Feito 100% para voc\u00ea morador!","potentialAction":[{"@type":"SearchAction","target":{"@type":"EntryPoint","urlTemplate":"https:\/\/www.encontraminasgerais.com.br\/itajuba\/?s={search_term_string}"},"query-input":{"@type":"PropertyValueSpecification","valueRequired":true,"valueName":"search_term_string"}}],"inLanguage":"pt-BR"},{"@type":"Person","@id":"https:\/\/www.encontraminasgerais.com.br\/itajuba\/#\/schema\/person\/d26674c083ec86b440752843a690de33","name":"Encontra Itajub\u00e1","image":{"@type":"ImageObject","inLanguage":"pt-BR","@id":"https:\/\/www.encontraminasgerais.com.br\/itajuba\/#\/schema\/person\/image\/","url":"https:\/\/secure.gravatar.com\/avatar\/c50c17820bcf322f0a8fd6b110b8c0918141409dc69076470f6fca5fee70a5d4?s=96&d=mm&r=g","contentUrl":"https:\/\/secure.gravatar.com\/avatar\/c50c17820bcf322f0a8fd6b110b8c0918141409dc69076470f6fca5fee70a5d4?s=96&d=mm&r=g","caption":"Encontra Itajub\u00e1"},"url":"https:\/\/www.encontraminasgerais.com.br\/itajuba\/author\/eitajuba\/"}]}},"_links":{"self":[{"href":"https:\/\/www.encontraminasgerais.com.br\/itajuba\/wp-json\/wp\/v2\/posts\/4704","targetHints":{"allow":["GET"]}}],"collection":[{"href":"https:\/\/www.encontraminasgerais.com.br\/itajuba\/wp-json\/wp\/v2\/posts"}],"about":[{"href":"https:\/\/www.encontraminasgerais.com.br\/itajuba\/wp-json\/wp\/v2\/types\/post"}],"author":[{"embeddable":true,"href":"https:\/\/www.encontraminasgerais.com.br\/itajuba\/wp-json\/wp\/v2\/users\/1"}],"replies":[{"embeddable":true,"href":"https:\/\/www.encontraminasgerais.com.br\/itajuba\/wp-json\/wp\/v2\/comments?post=4704"}],"version-history":[{"count":0,"href":"https:\/\/www.encontraminasgerais.com.br\/itajuba\/wp-json\/wp\/v2\/posts\/4704\/revisions"}],"wp:featuredmedia":[{"embeddable":true,"href":"https:\/\/www.encontraminasgerais.com.br\/itajuba\/wp-json\/wp\/v2\/media\/4703"}],"wp:attachment":[{"href":"https:\/\/www.encontraminasgerais.com.br\/itajuba\/wp-json\/wp\/v2\/media?parent=4704"}],"wp:term":[{"taxonomy":"category","embeddable":true,"href":"https:\/\/www.encontraminasgerais.com.br\/itajuba\/wp-json\/wp\/v2\/categories?post=4704"},{"taxonomy":"post_tag","embeddable":true,"href":"https:\/\/www.encontraminasgerais.com.br\/itajuba\/wp-json\/wp\/v2\/tags?post=4704"}],"curies":[{"name":"wp","href":"https:\/\/api.w.org\/{rel}","templated":true}]}}